{"id":203556,"date":"2023-03-03T15:52:00","date_gmt":"2023-03-03T15:52:00","guid":{"rendered":"https:\/\/www.webdo.tn\/fr\/blog\/la-tunisie-presente-sa-strategie-energetique-2035\/203556\/"},"modified":"2025-05-20T22:45:12","modified_gmt":"2025-05-20T22:45:12","slug":"la-tunisie-presente-sa-strategie-energetique-2035","status":"publish","type":"post","link":"https:\/\/www.webdo.tn\/fr\/actualite\/national\/la-tunisie-presente-sa-strategie-energetique-2035\/203556\/","title":{"rendered":"La Tunisie pr\u00e9sente sa strat\u00e9gie \u00e9nerg\u00e9tique 2035"},"content":{"rendered":"<p>La nouvelle strat\u00e9gie \u00e9nerg\u00e9tique \u00e0 l&rsquo;horizon 2035 a pour principal objectif de garantir \u00e0 la Tunisie un approvisionnement \u00e9nerg\u00e9tique sure, accessible et abordable, a affirm\u00e9 la ministre de l&rsquo;industrie, des mines et de l&rsquo;\u00e9nergie, Neila Gongi.<\/p>\n<p>\t\t\t\t\t\t\t\t\tIntervenant lors de la conf\u00e9rence nationale sur la strat\u00e9gie \u00e9nerg\u00e9tique de la Tunisie \u00e0 l&rsquo;horizon 2035, organis\u00e9e, vendredi \u00e0 Tunis, la ministre pr\u00e9cis\u00e9 que cette strat\u00e9gie, une version actualis\u00e9e de celle \u00e9labor\u00e9e en 2016, s&rsquo;inscrit dans une vision qui consiste \u00e0 appr\u00e9hender la probl\u00e9matique de s\u00e9curit\u00e9 \u00e9nerg\u00e9tique du court terme dans une optique de long terme tourn\u00e9e vers un mod\u00e8le \u00e9nerg\u00e9tique durable.<\/p>\n<p>La Tunisie s&rsquo;est fix\u00e9e un objectif de neutralit\u00e9 carbone en 2050 conform\u00e9ment \u00e0 son engagement dans le cadre de l&rsquo;accord de Paris, rappelle encore la ministre, ajoutant que la strat\u00e9gie \u00e9nerg\u00e9tique nationale, \u00e9labor\u00e9e avec l&rsquo;appui du programme des Nations Unies pour le d\u00e9veloppement(PNUD), est la feuille de route de la Tunisie qui repose sur une vision \u00e0 la fois \u00e9nerg\u00e9tique, climatique, \u00e9conomique et sociale.<\/p>\n<p>Elle vise \u00e0 atteindre 4 objectifs; \u00e0 savoir la s\u00e9curit\u00e9 d&rsquo;approvisionnement \u00e9nerg\u00e9tique, la d\u00e9carbonation de l&rsquo;\u00e9conomie, le d\u00e9veloppement \u00e9conomique et la garantie d&rsquo;une transition socialement juste, inclusive, cr\u00e9atrice d&#8217;emplois et de richesses et garantissant l&rsquo;\u00e9galit\u00e9 des genres.<\/p>\n<p>Pour Gongi, la r\u00e9ussite de la mise en \u0153uvre de cette strat\u00e9gie reste tributaire de l&rsquo;implication de l&rsquo;ensemble des acteurs; \u00e0 savoir le secteur public, le secteur priv\u00e9 et les institutions financi\u00e8res.<\/p>\n","protected":false},"excerpt":{"rendered":"<p>La nouvelle strat\u00e9gie \u00e9nerg\u00e9tique \u00e0 l&rsquo;horizon 2035 a pour principal objectif de garantir \u00e0 la Tunisie un approvisionnement \u00e9nerg\u00e9tique sure, accessible et abord&#8230;<\/p>\n","protected":false},"author":3175,"featured_media":251842,"comment_status":"open","ping_status":"closed","sticky":false,"template":"","format":"standard","meta":{"footnotes":""},"categories":[44],"tags":[3763,2608],"class_list":["post-203556","post","type-post","status-publish","format-standard","has-post-thumbnail","hentry","category-national","tag-energie","tag-tunisie"],"yoast_head":"<!-- This site is optimized with the Yoast SEO Premium plugin v27.4 (Yoast SEO v27.5) - https:\/\/yoast.com\/product\/yoast-seo-premium-wordpress\/ -->\n<title>La Tunisie pr\u00e9sente sa strat\u00e9gie \u00e9nerg\u00e9tique 2035<\/title>\n<meta name=\"description\" content=\"La nouvelle strat\u00e9gie \u00e9nerg\u00e9tique \u00e0 l&#039;horizon 2035 a pour principal objectif de garantir \u00e0 la Tunisie un approvisionnement \u00e9nerg\u00e9tique sure, accessible et abord...\" \/>\n<link rel=\"canonical\" href=\"https:\/\/www.webdo.tn\/fr\/actualite\/national\/la-tunisie-presente-sa-strategie-energetique-2035\/203556\/\" \/>\n<meta property=\"og:locale\" content=\"fr_FR\" \/>\n<meta property=\"og:type\" content=\"article\" \/>\n<meta property=\"og:title\" content=\"La Tunisie pr\u00e9sente sa strat\u00e9gie \u00e9nerg\u00e9tique 2035\" \/>\n<meta property=\"og:description\" content=\"La nouvelle strat\u00e9gie \u00e9nerg\u00e9tique \u00e0 l&#039;horizon 2035 a pour principal objectif de garantir \u00e0 la Tunisie un approvisionnement \u00e9nerg\u00e9tique sure, accessible et abord...\" \/>\n<meta property=\"og:url\" content=\"https:\/\/www.webdo.tn\/fr\/actualite\/national\/la-tunisie-presente-sa-strategie-energetique-2035\/203556\/\" \/>\n<meta property=\"og:site_name\" content=\"webdo\" \/>\n<meta property=\"article:publisher\" content=\"https:\/\/www.facebook.com\/webdotn\" \/>\n<meta property=\"article:published_time\" content=\"2023-03-03T15:52:00+00:00\" \/>\n<meta property=\"article:modified_time\" content=\"2025-05-20T22:45:12+00:00\" \/>\n<meta property=\"og:image\" content=\"https:\/\/www.webdo.tn\/fr\/wp-content\/uploads\/2023\/03\/997669c5f051329dd94d5be52408df3b.jpg\" \/>\n\t<meta property=\"og:image:width\" content=\"750\" \/>\n\t<meta property=\"og:image:height\" content=\"400\" \/>\n\t<meta property=\"og:image:type\" content=\"image\/jpeg\" \/>\n<meta name=\"author\" content=\"CL\" \/>\n<meta name=\"twitter:card\" content=\"summary_large_image\" \/>\n<meta name=\"twitter:creator\" content=\"@webdo_tn\" \/>\n<meta name=\"twitter:site\" content=\"@webdo_tn\" \/>\n<meta name=\"twitter:label1\" content=\"\u00c9crit par\" \/>\n\t<meta name=\"twitter:data1\" content=\"CL\" \/>\n\t<meta name=\"twitter:label2\" content=\"Dur\u00e9e de lecture estim\u00e9e\" \/>\n\t<meta name=\"twitter:data2\" content=\"1 minute\" \/>\n<script type=\"application\/ld+json\" class=\"yoast-schema-graph\">{\"@context\":\"https:\\\/\\\/schema.org\",\"@graph\":[{\"@type\":\"NewsArticle\",\"@id\":\"https:\\\/\\\/www.webdo.tn\\\/fr\\\/actualite\\\/national\\\/la-tunisie-presente-sa-strategie-energetique-2035\\\/203556\\\/#article\",\"isPartOf\":{\"@id\":\"https:\\\/\\\/www.webdo.tn\\\/fr\\\/actualite\\\/national\\\/la-tunisie-presente-sa-strategie-energetique-2035\\\/203556\\\/\"},\"author\":{\"name\":\"CL\",\"@id\":\"https:\\\/\\\/www.webdo.tn\\\/fr\\\/#\\\/schema\\\/person\\\/f35b42a42c5e2511bbd282959d6385cc\"},\"headline\":\"La Tunisie pr\u00e9sente sa strat\u00e9gie \u00e9nerg\u00e9tique 2035\",\"datePublished\":\"2023-03-03T15:52:00+00:00\",\"dateModified\":\"2025-05-20T22:45:12+00:00\",\"mainEntityOfPage\":{\"@id\":\"https:\\\/\\\/www.webdo.tn\\\/fr\\\/actualite\\\/national\\\/la-tunisie-presente-sa-strategie-energetique-2035\\\/203556\\\/\"},\"wordCount\":274,\"commentCount\":0,\"publisher\":{\"@id\":\"https:\\\/\\\/www.webdo.tn\\\/fr\\\/#organization\"},\"image\":{\"@id\":\"https:\\\/\\\/www.webdo.tn\\\/fr\\\/actualite\\\/national\\\/la-tunisie-presente-sa-strategie-energetique-2035\\\/203556\\\/#primaryimage\"},\"thumbnailUrl\":\"https:\\\/\\\/www.webdo.tn\\\/fr\\\/wp-content\\\/uploads\\\/2023\\\/03\\\/997669c5f051329dd94d5be52408df3b.jpg\",\"keywords\":[\"\u00e9nergie\",\"Tunisie\"],\"articleSection\":[\"National\"],\"inLanguage\":\"fr-FR\"},{\"@type\":\"WebPage\",\"@id\":\"https:\\\/\\\/www.webdo.tn\\\/fr\\\/actualite\\\/national\\\/la-tunisie-presente-sa-strategie-energetique-2035\\\/203556\\\/\",\"url\":\"https:\\\/\\\/www.webdo.tn\\\/fr\\\/actualite\\\/national\\\/la-tunisie-presente-sa-strategie-energetique-2035\\\/203556\\\/\",\"name\":\"La Tunisie pr\u00e9sente sa strat\u00e9gie \u00e9nerg\u00e9tique 2035\",\"isPartOf\":{\"@id\":\"https:\\\/\\\/www.webdo.tn\\\/fr\\\/#website\"},\"primaryImageOfPage\":{\"@id\":\"https:\\\/\\\/www.webdo.tn\\\/fr\\\/actualite\\\/national\\\/la-tunisie-presente-sa-strategie-energetique-2035\\\/203556\\\/#primaryimage\"},\"image\":{\"@id\":\"https:\\\/\\\/www.webdo.tn\\\/fr\\\/actualite\\\/national\\\/la-tunisie-presente-sa-strategie-energetique-2035\\\/203556\\\/#primaryimage\"},\"thumbnailUrl\":\"https:\\\/\\\/www.webdo.tn\\\/fr\\\/wp-content\\\/uploads\\\/2023\\\/03\\\/997669c5f051329dd94d5be52408df3b.jpg\",\"datePublished\":\"2023-03-03T15:52:00+00:00\",\"dateModified\":\"2025-05-20T22:45:12+00:00\",\"description\":\"La nouvelle strat\u00e9gie \u00e9nerg\u00e9tique \u00e0 l'horizon 2035 a pour principal objectif de garantir \u00e0 la Tunisie un approvisionnement \u00e9nerg\u00e9tique sure, accessible et abord...\",\"breadcrumb\":{\"@id\":\"https:\\\/\\\/www.webdo.tn\\\/fr\\\/actualite\\\/national\\\/la-tunisie-presente-sa-strategie-energetique-2035\\\/203556\\\/#breadcrumb\"},\"inLanguage\":\"fr-FR\",\"potentialAction\":[{\"@type\":\"ReadAction\",\"target\":[\"https:\\\/\\\/www.webdo.tn\\\/fr\\\/actualite\\\/national\\\/la-tunisie-presente-sa-strategie-energetique-2035\\\/203556\\\/\"]}]},{\"@type\":\"ImageObject\",\"inLanguage\":\"fr-FR\",\"@id\":\"https:\\\/\\\/www.webdo.tn\\\/fr\\\/actualite\\\/national\\\/la-tunisie-presente-sa-strategie-energetique-2035\\\/203556\\\/#primaryimage\",\"url\":\"https:\\\/\\\/www.webdo.tn\\\/fr\\\/wp-content\\\/uploads\\\/2023\\\/03\\\/997669c5f051329dd94d5be52408df3b.jpg\",\"contentUrl\":\"https:\\\/\\\/www.webdo.tn\\\/fr\\\/wp-content\\\/uploads\\\/2023\\\/03\\\/997669c5f051329dd94d5be52408df3b.jpg\",\"width\":750,\"height\":400,\"caption\":\"Energie\"},{\"@type\":\"BreadcrumbList\",\"@id\":\"https:\\\/\\\/www.webdo.tn\\\/fr\\\/actualite\\\/national\\\/la-tunisie-presente-sa-strategie-energetique-2035\\\/203556\\\/#breadcrumb\",\"itemListElement\":[{\"@type\":\"ListItem\",\"position\":1,\"name\":\"Accueil\",\"item\":\"https:\\\/\\\/www.webdo.tn\\\/fr\\\/\"},{\"@type\":\"ListItem\",\"position\":2,\"name\":\"La Tunisie pr\u00e9sente sa strat\u00e9gie \u00e9nerg\u00e9tique 2035\"}]},{\"@type\":\"WebSite\",\"@id\":\"https:\\\/\\\/www.webdo.tn\\\/fr\\\/#website\",\"url\":\"https:\\\/\\\/www.webdo.tn\\\/fr\\\/\",\"name\":\"webdo\",\"description\":\"Tunisie - News en Tunisie et \u00e0 l&#039;international sur Webdo.tn\",\"publisher\":{\"@id\":\"https:\\\/\\\/www.webdo.tn\\\/fr\\\/#organization\"},\"potentialAction\":[{\"@type\":\"SearchAction\",\"target\":{\"@type\":\"EntryPoint\",\"urlTemplate\":\"https:\\\/\\\/www.webdo.tn\\\/fr\\\/?s={search_term_string}\"},\"query-input\":{\"@type\":\"PropertyValueSpecification\",\"valueRequired\":true,\"valueName\":\"search_term_string\"}}],\"inLanguage\":\"fr-FR\"},{\"@type\":\"Organization\",\"@id\":\"https:\\\/\\\/www.webdo.tn\\\/fr\\\/#organization\",\"name\":\"Webdo\",\"alternateName\":\"Webdo.tn\",\"url\":\"https:\\\/\\\/www.webdo.tn\\\/fr\\\/\",\"logo\":{\"@type\":\"ImageObject\",\"inLanguage\":\"fr-FR\",\"@id\":\"https:\\\/\\\/www.webdo.tn\\\/fr\\\/#\\\/schema\\\/logo\\\/image\\\/\",\"url\":\"https:\\\/\\\/www.webdo.tn\\\/fr\\\/wp-content\\\/uploads\\\/2025\\\/06\\\/Webdo-Tunisie_168377.jpg\",\"contentUrl\":\"https:\\\/\\\/www.webdo.tn\\\/fr\\\/wp-content\\\/uploads\\\/2025\\\/06\\\/Webdo-Tunisie_168377.jpg\",\"width\":301,\"height\":301,\"caption\":\"Webdo\"},\"image\":{\"@id\":\"https:\\\/\\\/www.webdo.tn\\\/fr\\\/#\\\/schema\\\/logo\\\/image\\\/\"},\"sameAs\":[\"https:\\\/\\\/www.facebook.com\\\/webdotn\",\"https:\\\/\\\/x.com\\\/webdo_tn\"],\"description\":\"Webdo est un m\u00e9dia num\u00e9rique tunisien fond\u00e9 en 2010, sp\u00e9cialis\u00e9 dans l\u2019actualit\u00e9 nationale et internationale, l\u2019\u00e9conomie, la soci\u00e9t\u00e9 et les analyses politiques. Le site s\u2019adresse \u00e0 un large public francophone et couvre l\u2019information tunisienne en temps r\u00e9el.\",\"email\":\"redac@webdo.tn\",\"legalName\":\"YNJ SARL\",\"foundingDate\":\"2010-09-06\",\"numberOfEmployees\":{\"@type\":\"QuantitativeValue\",\"minValue\":\"11\",\"maxValue\":\"50\"}},{\"@type\":\"Person\",\"@id\":\"https:\\\/\\\/www.webdo.tn\\\/fr\\\/#\\\/schema\\\/person\\\/f35b42a42c5e2511bbd282959d6385cc\",\"name\":\"CL\",\"image\":{\"@type\":\"ImageObject\",\"inLanguage\":\"fr-FR\",\"@id\":\"https:\\\/\\\/secure.gravatar.com\\\/avatar\\\/1447a49909b67aa657c488aec6512e1dd6143a480c1ecfee9b5b5cd74eb3b59e?s=96&d=mm&r=g\",\"url\":\"https:\\\/\\\/secure.gravatar.com\\\/avatar\\\/1447a49909b67aa657c488aec6512e1dd6143a480c1ecfee9b5b5cd74eb3b59e?s=96&d=mm&r=g\",\"contentUrl\":\"https:\\\/\\\/secure.gravatar.com\\\/avatar\\\/1447a49909b67aa657c488aec6512e1dd6143a480c1ecfee9b5b5cd74eb3b59e?s=96&d=mm&r=g\",\"caption\":\"CL\"},\"url\":\"https:\\\/\\\/www.webdo.tn\\\/fr\\\/actualite\\\/author\\\/cl\\\/\"}]}<\/script>\n<!-- \/ Yoast SEO Premium plugin. -->","yoast_head_json":{"title":"La Tunisie pr\u00e9sente sa strat\u00e9gie \u00e9nerg\u00e9tique 2035","description":"La nouvelle strat\u00e9gie \u00e9nerg\u00e9tique \u00e0 l'horizon 2035 a pour principal objectif de garantir \u00e0 la Tunisie un approvisionnement \u00e9nerg\u00e9tique sure, accessible et abord...","canonical":"https:\/\/www.webdo.tn\/fr\/actualite\/national\/la-tunisie-presente-sa-strategie-energetique-2035\/203556\/","og_locale":"fr_FR","og_type":"article","og_title":"La Tunisie pr\u00e9sente sa strat\u00e9gie \u00e9nerg\u00e9tique 2035","og_description":"La nouvelle strat\u00e9gie \u00e9nerg\u00e9tique \u00e0 l'horizon 2035 a pour principal objectif de garantir \u00e0 la Tunisie un approvisionnement \u00e9nerg\u00e9tique sure, accessible et abord...","og_url":"https:\/\/www.webdo.tn\/fr\/actualite\/national\/la-tunisie-presente-sa-strategie-energetique-2035\/203556\/","og_site_name":"webdo","article_publisher":"https:\/\/www.facebook.com\/webdotn","article_published_time":"2023-03-03T15:52:00+00:00","article_modified_time":"2025-05-20T22:45:12+00:00","og_image":[{"width":750,"height":400,"url":"https:\/\/www.webdo.tn\/fr\/wp-content\/uploads\/2023\/03\/997669c5f051329dd94d5be52408df3b.jpg","type":"image\/jpeg"}],"author":"CL","twitter_card":"summary_large_image","twitter_creator":"@webdo_tn","twitter_site":"@webdo_tn","twitter_misc":{"\u00c9crit par":"CL","Dur\u00e9e de lecture estim\u00e9e":"1 minute"},"schema":{"@context":"https:\/\/schema.org","@graph":[{"@type":"NewsArticle","@id":"https:\/\/www.webdo.tn\/fr\/actualite\/national\/la-tunisie-presente-sa-strategie-energetique-2035\/203556\/#article","isPartOf":{"@id":"https:\/\/www.webdo.tn\/fr\/actualite\/national\/la-tunisie-presente-sa-strategie-energetique-2035\/203556\/"},"author":{"name":"CL","@id":"https:\/\/www.webdo.tn\/fr\/#\/schema\/person\/f35b42a42c5e2511bbd282959d6385cc"},"headline":"La Tunisie pr\u00e9sente sa strat\u00e9gie \u00e9nerg\u00e9tique 2035","datePublished":"2023-03-03T15:52:00+00:00","dateModified":"2025-05-20T22:45:12+00:00","mainEntityOfPage":{"@id":"https:\/\/www.webdo.tn\/fr\/actualite\/national\/la-tunisie-presente-sa-strategie-energetique-2035\/203556\/"},"wordCount":274,"commentCount":0,"publisher":{"@id":"https:\/\/www.webdo.tn\/fr\/#organization"},"image":{"@id":"https:\/\/www.webdo.tn\/fr\/actualite\/national\/la-tunisie-presente-sa-strategie-energetique-2035\/203556\/#primaryimage"},"thumbnailUrl":"https:\/\/www.webdo.tn\/fr\/wp-content\/uploads\/2023\/03\/997669c5f051329dd94d5be52408df3b.jpg","keywords":["\u00e9nergie","Tunisie"],"articleSection":["National"],"inLanguage":"fr-FR"},{"@type":"WebPage","@id":"https:\/\/www.webdo.tn\/fr\/actualite\/national\/la-tunisie-presente-sa-strategie-energetique-2035\/203556\/","url":"https:\/\/www.webdo.tn\/fr\/actualite\/national\/la-tunisie-presente-sa-strategie-energetique-2035\/203556\/","name":"La Tunisie pr\u00e9sente sa strat\u00e9gie \u00e9nerg\u00e9tique 2035","isPartOf":{"@id":"https:\/\/www.webdo.tn\/fr\/#website"},"primaryImageOfPage":{"@id":"https:\/\/www.webdo.tn\/fr\/actualite\/national\/la-tunisie-presente-sa-strategie-energetique-2035\/203556\/#primaryimage"},"image":{"@id":"https:\/\/www.webdo.tn\/fr\/actualite\/national\/la-tunisie-presente-sa-strategie-energetique-2035\/203556\/#primaryimage"},"thumbnailUrl":"https:\/\/www.webdo.tn\/fr\/wp-content\/uploads\/2023\/03\/997669c5f051329dd94d5be52408df3b.jpg","datePublished":"2023-03-03T15:52:00+00:00","dateModified":"2025-05-20T22:45:12+00:00","description":"La nouvelle strat\u00e9gie \u00e9nerg\u00e9tique \u00e0 l'horizon 2035 a pour principal objectif de garantir \u00e0 la Tunisie un approvisionnement \u00e9nerg\u00e9tique sure, accessible et abord...","breadcrumb":{"@id":"https:\/\/www.webdo.tn\/fr\/actualite\/national\/la-tunisie-presente-sa-strategie-energetique-2035\/203556\/#breadcrumb"},"inLanguage":"fr-FR","potentialAction":[{"@type":"ReadAction","target":["https:\/\/www.webdo.tn\/fr\/actualite\/national\/la-tunisie-presente-sa-strategie-energetique-2035\/203556\/"]}]},{"@type":"ImageObject","inLanguage":"fr-FR","@id":"https:\/\/www.webdo.tn\/fr\/actualite\/national\/la-tunisie-presente-sa-strategie-energetique-2035\/203556\/#primaryimage","url":"https:\/\/www.webdo.tn\/fr\/wp-content\/uploads\/2023\/03\/997669c5f051329dd94d5be52408df3b.jpg","contentUrl":"https:\/\/www.webdo.tn\/fr\/wp-content\/uploads\/2023\/03\/997669c5f051329dd94d5be52408df3b.jpg","width":750,"height":400,"caption":"Energie"},{"@type":"BreadcrumbList","@id":"https:\/\/www.webdo.tn\/fr\/actualite\/national\/la-tunisie-presente-sa-strategie-energetique-2035\/203556\/#breadcrumb","itemListElement":[{"@type":"ListItem","position":1,"name":"Accueil","item":"https:\/\/www.webdo.tn\/fr\/"},{"@type":"ListItem","position":2,"name":"La Tunisie pr\u00e9sente sa strat\u00e9gie \u00e9nerg\u00e9tique 2035"}]},{"@type":"WebSite","@id":"https:\/\/www.webdo.tn\/fr\/#website","url":"https:\/\/www.webdo.tn\/fr\/","name":"webdo","description":"Tunisie - News en Tunisie et \u00e0 l&#039;international sur Webdo.tn","publisher":{"@id":"https:\/\/www.webdo.tn\/fr\/#organization"},"potentialAction":[{"@type":"SearchAction","target":{"@type":"EntryPoint","urlTemplate":"https:\/\/www.webdo.tn\/fr\/?s={search_term_string}"},"query-input":{"@type":"PropertyValueSpecification","valueRequired":true,"valueName":"search_term_string"}}],"inLanguage":"fr-FR"},{"@type":"Organization","@id":"https:\/\/www.webdo.tn\/fr\/#organization","name":"Webdo","alternateName":"Webdo.tn","url":"https:\/\/www.webdo.tn\/fr\/","logo":{"@type":"ImageObject","inLanguage":"fr-FR","@id":"https:\/\/www.webdo.tn\/fr\/#\/schema\/logo\/image\/","url":"https:\/\/www.webdo.tn\/fr\/wp-content\/uploads\/2025\/06\/Webdo-Tunisie_168377.jpg","contentUrl":"https:\/\/www.webdo.tn\/fr\/wp-content\/uploads\/2025\/06\/Webdo-Tunisie_168377.jpg","width":301,"height":301,"caption":"Webdo"},"image":{"@id":"https:\/\/www.webdo.tn\/fr\/#\/schema\/logo\/image\/"},"sameAs":["https:\/\/www.facebook.com\/webdotn","https:\/\/x.com\/webdo_tn"],"description":"Webdo est un m\u00e9dia num\u00e9rique tunisien fond\u00e9 en 2010, sp\u00e9cialis\u00e9 dans l\u2019actualit\u00e9 nationale et internationale, l\u2019\u00e9conomie, la soci\u00e9t\u00e9 et les analyses politiques. Le site s\u2019adresse \u00e0 un large public francophone et couvre l\u2019information tunisienne en temps r\u00e9el.","email":"redac@webdo.tn","legalName":"YNJ SARL","foundingDate":"2010-09-06","numberOfEmployees":{"@type":"QuantitativeValue","minValue":"11","maxValue":"50"}},{"@type":"Person","@id":"https:\/\/www.webdo.tn\/fr\/#\/schema\/person\/f35b42a42c5e2511bbd282959d6385cc","name":"CL","image":{"@type":"ImageObject","inLanguage":"fr-FR","@id":"https:\/\/secure.gravatar.com\/avatar\/1447a49909b67aa657c488aec6512e1dd6143a480c1ecfee9b5b5cd74eb3b59e?s=96&d=mm&r=g","url":"https:\/\/secure.gravatar.com\/avatar\/1447a49909b67aa657c488aec6512e1dd6143a480c1ecfee9b5b5cd74eb3b59e?s=96&d=mm&r=g","contentUrl":"https:\/\/secure.gravatar.com\/avatar\/1447a49909b67aa657c488aec6512e1dd6143a480c1ecfee9b5b5cd74eb3b59e?s=96&d=mm&r=g","caption":"CL"},"url":"https:\/\/www.webdo.tn\/fr\/actualite\/author\/cl\/"}]}},"_links":{"self":[{"href":"https:\/\/www.webdo.tn\/fr\/wp-json\/wp\/v2\/posts\/203556","targetHints":{"allow":["GET"]}}],"collection":[{"href":"https:\/\/www.webdo.tn\/fr\/wp-json\/wp\/v2\/posts"}],"about":[{"href":"https:\/\/www.webdo.tn\/fr\/wp-json\/wp\/v2\/types\/post"}],"author":[{"embeddable":true,"href":"https:\/\/www.webdo.tn\/fr\/wp-json\/wp\/v2\/users\/3175"}],"replies":[{"embeddable":true,"href":"https:\/\/www.webdo.tn\/fr\/wp-json\/wp\/v2\/comments?post=203556"}],"version-history":[{"count":0,"href":"https:\/\/www.webdo.tn\/fr\/wp-json\/wp\/v2\/posts\/203556\/revisions"}],"wp:featuredmedia":[{"embeddable":true,"href":"https:\/\/www.webdo.tn\/fr\/wp-json\/wp\/v2\/media\/251842"}],"wp:attachment":[{"href":"https:\/\/www.webdo.tn\/fr\/wp-json\/wp\/v2\/media?parent=203556"}],"wp:term":[{"taxonomy":"category","embeddable":true,"href":"https:\/\/www.webdo.tn\/fr\/wp-json\/wp\/v2\/categories?post=203556"},{"taxonomy":"post_tag","embeddable":true,"href":"https:\/\/www.webdo.tn\/fr\/wp-json\/wp\/v2\/tags?post=203556"}],"curies":[{"name":"wp","href":"https:\/\/api.w.org\/{rel}","templated":true}]}}