{"id":203551,"date":"2023-03-03T14:03:00","date_gmt":"2023-03-03T14:03:00","guid":{"rendered":"https:\/\/www.webdo.tn\/fr\/blog\/nous-avons-depasse-les-chiffres-de-2019-affirme-le-ministre-du-tourisme\/203551\/"},"modified":"2025-05-20T22:45:10","modified_gmt":"2025-05-20T22:45:10","slug":"nous-avons-depasse-les-chiffres-de-2019-affirme-le-ministre-du-tourisme","status":"publish","type":"post","link":"https:\/\/www.webdo.tn\/fr\/actualite\/national\/nous-avons-depasse-les-chiffres-de-2019-affirme-le-ministre-du-tourisme\/203551\/","title":{"rendered":"\u00ab Nous avons d\u00e9pass\u00e9 les chiffres de 2019 \u00bb, affirme le ministre du Tourisme"},"content":{"rendered":"<p>En d\u00e9placement ce vendredi 3 mars 2023 \u00e0 Beja, le ministre du Tourisme Moez Belhassine est revenue sur la situation touristique dans le pays.<\/p>\n<p>\t\t\t\t\t\t\t\t\tS\u2019exprimant dans des d\u00e9clarations m\u00e9diatiques il a affirm\u00e9 que la Tunisie a d\u00e9pass\u00e9 le chiffre de 2019, une ann\u00e9e r\u00e9f\u00e9rence, s\u2019agissant des entr\u00e9es touristiques en janvier et f\u00e9vrier courant.\u00a0<\/p>\n<p>Il a \u00e9galement affirm\u00e9 que le tourisme tunisien a r\u00e9cup\u00e9r\u00e9 environ 70% des acquis enregistr\u00e9s avant la pand\u00e9mie.\u00a0<\/p>\n<p>Rappelons que les recettes touristiques ont enregistr\u00e9 une hausse de 110,4 % durant les dix premiers jours de 2023, par rapport \u00e0 la m\u00eame p\u00e9riode de 2022 et de 11,6% par rapport \u00e0 la m\u00eame p\u00e9riode de 2019, selon les derniers chiffres publi\u00e9s, ce mardi 17 janvier 2023, par le minist\u00e8re du Tourisme.<\/p>\n","protected":false},"excerpt":{"rendered":"<p>En d\u00e9placement ce vendredi 3 mars 2023 \u00e0 Beja, le ministre du Tourisme Moez Belhassine est revenue sur la situation touristique dans le pays.<\/p>\n","protected":false},"author":3175,"featured_media":251839,"comment_status":"open","ping_status":"closed","sticky":false,"template":"","format":"standard","meta":{"footnotes":""},"categories":[44],"tags":[2798,2608],"class_list":["post-203551","post","type-post","status-publish","format-standard","has-post-thumbnail","hentry","category-national","tag-tourisme","tag-tunisie"],"yoast_head":"<!-- This site is optimized with the Yoast SEO Premium plugin v27.4 (Yoast SEO v27.4) - https:\/\/yoast.com\/product\/yoast-seo-premium-wordpress\/ -->\n<title>\u00ab Nous avons d\u00e9pass\u00e9 les chiffres de 2019 \u00bb, affirme le ministre du Tourisme<\/title>\n<meta name=\"description\" content=\"En d\u00e9placement ce vendredi 3 mars 2023 \u00e0 Beja, le ministre du Tourisme Moez Belhassine est revenue sur la situation touristique dans le pays.\" \/>\n<link rel=\"canonical\" href=\"https:\/\/www.webdo.tn\/fr\/actualite\/national\/nous-avons-depasse-les-chiffres-de-2019-affirme-le-ministre-du-tourisme\/203551\/\" \/>\n<meta property=\"og:locale\" content=\"fr_FR\" \/>\n<meta property=\"og:type\" content=\"article\" \/>\n<meta property=\"og:title\" content=\"\u00ab Nous avons d\u00e9pass\u00e9 les chiffres de 2019 \u00bb, affirme le ministre du Tourisme\" \/>\n<meta property=\"og:description\" content=\"En d\u00e9placement ce vendredi 3 mars 2023 \u00e0 Beja, le ministre du Tourisme Moez Belhassine est revenue sur la situation touristique dans le pays.\" \/>\n<meta property=\"og:url\" content=\"https:\/\/www.webdo.tn\/fr\/actualite\/national\/nous-avons-depasse-les-chiffres-de-2019-affirme-le-ministre-du-tourisme\/203551\/\" \/>\n<meta property=\"og:site_name\" content=\"webdo\" \/>\n<meta property=\"article:publisher\" content=\"https:\/\/www.facebook.com\/webdotn\" \/>\n<meta property=\"article:published_time\" content=\"2023-03-03T14:03:00+00:00\" \/>\n<meta property=\"article:modified_time\" content=\"2025-05-20T22:45:10+00:00\" \/>\n<meta property=\"og:image\" content=\"https:\/\/www.webdo.tn\/fr\/wp-content\/uploads\/2023\/03\/f916cf1ef69a2857ee3cd240473be999.jpg\" \/>\n\t<meta property=\"og:image:width\" content=\"750\" \/>\n\t<meta property=\"og:image:height\" content=\"400\" \/>\n\t<meta property=\"og:image:type\" content=\"image\/jpeg\" \/>\n<meta name=\"author\" content=\"CL\" \/>\n<meta name=\"twitter:card\" content=\"summary_large_image\" \/>\n<meta name=\"twitter:creator\" content=\"@webdo_tn\" \/>\n<meta name=\"twitter:site\" content=\"@webdo_tn\" \/>\n<meta name=\"twitter:label1\" content=\"\u00c9crit par\" \/>\n\t<meta name=\"twitter:data1\" content=\"CL\" \/>\n\t<meta name=\"twitter:label2\" content=\"Dur\u00e9e de lecture estim\u00e9e\" \/>\n\t<meta name=\"twitter:data2\" content=\"1 minute\" \/>\n<script type=\"application\/ld+json\" class=\"yoast-schema-graph\">{\"@context\":\"https:\\\/\\\/schema.org\",\"@graph\":[{\"@type\":\"NewsArticle\",\"@id\":\"https:\\\/\\\/www.webdo.tn\\\/fr\\\/actualite\\\/national\\\/nous-avons-depasse-les-chiffres-de-2019-affirme-le-ministre-du-tourisme\\\/203551\\\/#article\",\"isPartOf\":{\"@id\":\"https:\\\/\\\/www.webdo.tn\\\/fr\\\/actualite\\\/national\\\/nous-avons-depasse-les-chiffres-de-2019-affirme-le-ministre-du-tourisme\\\/203551\\\/\"},\"author\":{\"name\":\"CL\",\"@id\":\"https:\\\/\\\/www.webdo.tn\\\/fr\\\/#\\\/schema\\\/person\\\/f35b42a42c5e2511bbd282959d6385cc\"},\"headline\":\"\u00ab Nous avons d\u00e9pass\u00e9 les chiffres de 2019 \u00bb, affirme le ministre du Tourisme\",\"datePublished\":\"2023-03-03T14:03:00+00:00\",\"dateModified\":\"2025-05-20T22:45:10+00:00\",\"mainEntityOfPage\":{\"@id\":\"https:\\\/\\\/www.webdo.tn\\\/fr\\\/actualite\\\/national\\\/nous-avons-depasse-les-chiffres-de-2019-affirme-le-ministre-du-tourisme\\\/203551\\\/\"},\"wordCount\":142,\"commentCount\":0,\"publisher\":{\"@id\":\"https:\\\/\\\/www.webdo.tn\\\/fr\\\/#organization\"},\"image\":{\"@id\":\"https:\\\/\\\/www.webdo.tn\\\/fr\\\/actualite\\\/national\\\/nous-avons-depasse-les-chiffres-de-2019-affirme-le-ministre-du-tourisme\\\/203551\\\/#primaryimage\"},\"thumbnailUrl\":\"https:\\\/\\\/www.webdo.tn\\\/fr\\\/wp-content\\\/uploads\\\/2023\\\/03\\\/f916cf1ef69a2857ee3cd240473be999.jpg\",\"keywords\":[\"Tourisme\",\"Tunisie\"],\"articleSection\":[\"National\"],\"inLanguage\":\"fr-FR\"},{\"@type\":\"WebPage\",\"@id\":\"https:\\\/\\\/www.webdo.tn\\\/fr\\\/actualite\\\/national\\\/nous-avons-depasse-les-chiffres-de-2019-affirme-le-ministre-du-tourisme\\\/203551\\\/\",\"url\":\"https:\\\/\\\/www.webdo.tn\\\/fr\\\/actualite\\\/national\\\/nous-avons-depasse-les-chiffres-de-2019-affirme-le-ministre-du-tourisme\\\/203551\\\/\",\"name\":\"\u00ab Nous avons d\u00e9pass\u00e9 les chiffres de 2019 \u00bb, affirme le ministre du Tourisme\",\"isPartOf\":{\"@id\":\"https:\\\/\\\/www.webdo.tn\\\/fr\\\/#website\"},\"primaryImageOfPage\":{\"@id\":\"https:\\\/\\\/www.webdo.tn\\\/fr\\\/actualite\\\/national\\\/nous-avons-depasse-les-chiffres-de-2019-affirme-le-ministre-du-tourisme\\\/203551\\\/#primaryimage\"},\"image\":{\"@id\":\"https:\\\/\\\/www.webdo.tn\\\/fr\\\/actualite\\\/national\\\/nous-avons-depasse-les-chiffres-de-2019-affirme-le-ministre-du-tourisme\\\/203551\\\/#primaryimage\"},\"thumbnailUrl\":\"https:\\\/\\\/www.webdo.tn\\\/fr\\\/wp-content\\\/uploads\\\/2023\\\/03\\\/f916cf1ef69a2857ee3cd240473be999.jpg\",\"datePublished\":\"2023-03-03T14:03:00+00:00\",\"dateModified\":\"2025-05-20T22:45:10+00:00\",\"description\":\"En d\u00e9placement ce vendredi 3 mars 2023 \u00e0 Beja, le ministre du Tourisme Moez Belhassine est revenue sur la situation touristique dans le pays.\",\"breadcrumb\":{\"@id\":\"https:\\\/\\\/www.webdo.tn\\\/fr\\\/actualite\\\/national\\\/nous-avons-depasse-les-chiffres-de-2019-affirme-le-ministre-du-tourisme\\\/203551\\\/#breadcrumb\"},\"inLanguage\":\"fr-FR\",\"potentialAction\":[{\"@type\":\"ReadAction\",\"target\":[\"https:\\\/\\\/www.webdo.tn\\\/fr\\\/actualite\\\/national\\\/nous-avons-depasse-les-chiffres-de-2019-affirme-le-ministre-du-tourisme\\\/203551\\\/\"]}]},{\"@type\":\"ImageObject\",\"inLanguage\":\"fr-FR\",\"@id\":\"https:\\\/\\\/www.webdo.tn\\\/fr\\\/actualite\\\/national\\\/nous-avons-depasse-les-chiffres-de-2019-affirme-le-ministre-du-tourisme\\\/203551\\\/#primaryimage\",\"url\":\"https:\\\/\\\/www.webdo.tn\\\/fr\\\/wp-content\\\/uploads\\\/2023\\\/03\\\/f916cf1ef69a2857ee3cd240473be999.jpg\",\"contentUrl\":\"https:\\\/\\\/www.webdo.tn\\\/fr\\\/wp-content\\\/uploads\\\/2023\\\/03\\\/f916cf1ef69a2857ee3cd240473be999.jpg\",\"width\":750,\"height\":400,\"caption\":\"Tourisme\"},{\"@type\":\"BreadcrumbList\",\"@id\":\"https:\\\/\\\/www.webdo.tn\\\/fr\\\/actualite\\\/national\\\/nous-avons-depasse-les-chiffres-de-2019-affirme-le-ministre-du-tourisme\\\/203551\\\/#breadcrumb\",\"itemListElement\":[{\"@type\":\"ListItem\",\"position\":1,\"name\":\"Accueil\",\"item\":\"https:\\\/\\\/www.webdo.tn\\\/fr\\\/\"},{\"@type\":\"ListItem\",\"position\":2,\"name\":\"\u00ab Nous avons d\u00e9pass\u00e9 les chiffres de 2019 \u00bb, affirme le ministre du Tourisme\"}]},{\"@type\":\"WebSite\",\"@id\":\"https:\\\/\\\/www.webdo.tn\\\/fr\\\/#website\",\"url\":\"https:\\\/\\\/www.webdo.tn\\\/fr\\\/\",\"name\":\"webdo\",\"description\":\"Tunisie - News en Tunisie et \u00e0 l&#039;international sur Webdo.tn\",\"publisher\":{\"@id\":\"https:\\\/\\\/www.webdo.tn\\\/fr\\\/#organization\"},\"potentialAction\":[{\"@type\":\"SearchAction\",\"target\":{\"@type\":\"EntryPoint\",\"urlTemplate\":\"https:\\\/\\\/www.webdo.tn\\\/fr\\\/?s={search_term_string}\"},\"query-input\":{\"@type\":\"PropertyValueSpecification\",\"valueRequired\":true,\"valueName\":\"search_term_string\"}}],\"inLanguage\":\"fr-FR\"},{\"@type\":\"Organization\",\"@id\":\"https:\\\/\\\/www.webdo.tn\\\/fr\\\/#organization\",\"name\":\"Webdo\",\"alternateName\":\"Webdo.tn\",\"url\":\"https:\\\/\\\/www.webdo.tn\\\/fr\\\/\",\"logo\":{\"@type\":\"ImageObject\",\"inLanguage\":\"fr-FR\",\"@id\":\"https:\\\/\\\/www.webdo.tn\\\/fr\\\/#\\\/schema\\\/logo\\\/image\\\/\",\"url\":\"https:\\\/\\\/www.webdo.tn\\\/fr\\\/wp-content\\\/uploads\\\/2025\\\/06\\\/Webdo-Tunisie_168377.jpg\",\"contentUrl\":\"https:\\\/\\\/www.webdo.tn\\\/fr\\\/wp-content\\\/uploads\\\/2025\\\/06\\\/Webdo-Tunisie_168377.jpg\",\"width\":301,\"height\":301,\"caption\":\"Webdo\"},\"image\":{\"@id\":\"https:\\\/\\\/www.webdo.tn\\\/fr\\\/#\\\/schema\\\/logo\\\/image\\\/\"},\"sameAs\":[\"https:\\\/\\\/www.facebook.com\\\/webdotn\",\"https:\\\/\\\/x.com\\\/webdo_tn\"],\"description\":\"Webdo est un m\u00e9dia num\u00e9rique tunisien fond\u00e9 en 2010, sp\u00e9cialis\u00e9 dans l\u2019actualit\u00e9 nationale et internationale, l\u2019\u00e9conomie, la soci\u00e9t\u00e9 et les analyses politiques. Le site s\u2019adresse \u00e0 un large public francophone et couvre l\u2019information tunisienne en temps r\u00e9el.\",\"email\":\"redac@webdo.tn\",\"legalName\":\"YNJ SARL\",\"foundingDate\":\"2010-09-06\",\"numberOfEmployees\":{\"@type\":\"QuantitativeValue\",\"minValue\":\"11\",\"maxValue\":\"50\"}},{\"@type\":\"Person\",\"@id\":\"https:\\\/\\\/www.webdo.tn\\\/fr\\\/#\\\/schema\\\/person\\\/f35b42a42c5e2511bbd282959d6385cc\",\"name\":\"CL\",\"image\":{\"@type\":\"ImageObject\",\"inLanguage\":\"fr-FR\",\"@id\":\"https:\\\/\\\/secure.gravatar.com\\\/avatar\\\/1447a49909b67aa657c488aec6512e1dd6143a480c1ecfee9b5b5cd74eb3b59e?s=96&d=mm&r=g\",\"url\":\"https:\\\/\\\/secure.gravatar.com\\\/avatar\\\/1447a49909b67aa657c488aec6512e1dd6143a480c1ecfee9b5b5cd74eb3b59e?s=96&d=mm&r=g\",\"contentUrl\":\"https:\\\/\\\/secure.gravatar.com\\\/avatar\\\/1447a49909b67aa657c488aec6512e1dd6143a480c1ecfee9b5b5cd74eb3b59e?s=96&d=mm&r=g\",\"caption\":\"CL\"},\"url\":\"https:\\\/\\\/www.webdo.tn\\\/fr\\\/actualite\\\/author\\\/cl\\\/\"}]}<\/script>\n<!-- \/ Yoast SEO Premium plugin. -->","yoast_head_json":{"title":"\u00ab Nous avons d\u00e9pass\u00e9 les chiffres de 2019 \u00bb, affirme le ministre du Tourisme","description":"En d\u00e9placement ce vendredi 3 mars 2023 \u00e0 Beja, le ministre du Tourisme Moez Belhassine est revenue sur la situation touristique dans le pays.","canonical":"https:\/\/www.webdo.tn\/fr\/actualite\/national\/nous-avons-depasse-les-chiffres-de-2019-affirme-le-ministre-du-tourisme\/203551\/","og_locale":"fr_FR","og_type":"article","og_title":"\u00ab Nous avons d\u00e9pass\u00e9 les chiffres de 2019 \u00bb, affirme le ministre du Tourisme","og_description":"En d\u00e9placement ce vendredi 3 mars 2023 \u00e0 Beja, le ministre du Tourisme Moez Belhassine est revenue sur la situation touristique dans le pays.","og_url":"https:\/\/www.webdo.tn\/fr\/actualite\/national\/nous-avons-depasse-les-chiffres-de-2019-affirme-le-ministre-du-tourisme\/203551\/","og_site_name":"webdo","article_publisher":"https:\/\/www.facebook.com\/webdotn","article_published_time":"2023-03-03T14:03:00+00:00","article_modified_time":"2025-05-20T22:45:10+00:00","og_image":[{"width":750,"height":400,"url":"https:\/\/www.webdo.tn\/fr\/wp-content\/uploads\/2023\/03\/f916cf1ef69a2857ee3cd240473be999.jpg","type":"image\/jpeg"}],"author":"CL","twitter_card":"summary_large_image","twitter_creator":"@webdo_tn","twitter_site":"@webdo_tn","twitter_misc":{"\u00c9crit par":"CL","Dur\u00e9e de lecture estim\u00e9e":"1 minute"},"schema":{"@context":"https:\/\/schema.org","@graph":[{"@type":"NewsArticle","@id":"https:\/\/www.webdo.tn\/fr\/actualite\/national\/nous-avons-depasse-les-chiffres-de-2019-affirme-le-ministre-du-tourisme\/203551\/#article","isPartOf":{"@id":"https:\/\/www.webdo.tn\/fr\/actualite\/national\/nous-avons-depasse-les-chiffres-de-2019-affirme-le-ministre-du-tourisme\/203551\/"},"author":{"name":"CL","@id":"https:\/\/www.webdo.tn\/fr\/#\/schema\/person\/f35b42a42c5e2511bbd282959d6385cc"},"headline":"\u00ab Nous avons d\u00e9pass\u00e9 les chiffres de 2019 \u00bb, affirme le ministre du Tourisme","datePublished":"2023-03-03T14:03:00+00:00","dateModified":"2025-05-20T22:45:10+00:00","mainEntityOfPage":{"@id":"https:\/\/www.webdo.tn\/fr\/actualite\/national\/nous-avons-depasse-les-chiffres-de-2019-affirme-le-ministre-du-tourisme\/203551\/"},"wordCount":142,"commentCount":0,"publisher":{"@id":"https:\/\/www.webdo.tn\/fr\/#organization"},"image":{"@id":"https:\/\/www.webdo.tn\/fr\/actualite\/national\/nous-avons-depasse-les-chiffres-de-2019-affirme-le-ministre-du-tourisme\/203551\/#primaryimage"},"thumbnailUrl":"https:\/\/www.webdo.tn\/fr\/wp-content\/uploads\/2023\/03\/f916cf1ef69a2857ee3cd240473be999.jpg","keywords":["Tourisme","Tunisie"],"articleSection":["National"],"inLanguage":"fr-FR"},{"@type":"WebPage","@id":"https:\/\/www.webdo.tn\/fr\/actualite\/national\/nous-avons-depasse-les-chiffres-de-2019-affirme-le-ministre-du-tourisme\/203551\/","url":"https:\/\/www.webdo.tn\/fr\/actualite\/national\/nous-avons-depasse-les-chiffres-de-2019-affirme-le-ministre-du-tourisme\/203551\/","name":"\u00ab Nous avons d\u00e9pass\u00e9 les chiffres de 2019 \u00bb, affirme le ministre du Tourisme","isPartOf":{"@id":"https:\/\/www.webdo.tn\/fr\/#website"},"primaryImageOfPage":{"@id":"https:\/\/www.webdo.tn\/fr\/actualite\/national\/nous-avons-depasse-les-chiffres-de-2019-affirme-le-ministre-du-tourisme\/203551\/#primaryimage"},"image":{"@id":"https:\/\/www.webdo.tn\/fr\/actualite\/national\/nous-avons-depasse-les-chiffres-de-2019-affirme-le-ministre-du-tourisme\/203551\/#primaryimage"},"thumbnailUrl":"https:\/\/www.webdo.tn\/fr\/wp-content\/uploads\/2023\/03\/f916cf1ef69a2857ee3cd240473be999.jpg","datePublished":"2023-03-03T14:03:00+00:00","dateModified":"2025-05-20T22:45:10+00:00","description":"En d\u00e9placement ce vendredi 3 mars 2023 \u00e0 Beja, le ministre du Tourisme Moez Belhassine est revenue sur la situation touristique dans le pays.","breadcrumb":{"@id":"https:\/\/www.webdo.tn\/fr\/actualite\/national\/nous-avons-depasse-les-chiffres-de-2019-affirme-le-ministre-du-tourisme\/203551\/#breadcrumb"},"inLanguage":"fr-FR","potentialAction":[{"@type":"ReadAction","target":["https:\/\/www.webdo.tn\/fr\/actualite\/national\/nous-avons-depasse-les-chiffres-de-2019-affirme-le-ministre-du-tourisme\/203551\/"]}]},{"@type":"ImageObject","inLanguage":"fr-FR","@id":"https:\/\/www.webdo.tn\/fr\/actualite\/national\/nous-avons-depasse-les-chiffres-de-2019-affirme-le-ministre-du-tourisme\/203551\/#primaryimage","url":"https:\/\/www.webdo.tn\/fr\/wp-content\/uploads\/2023\/03\/f916cf1ef69a2857ee3cd240473be999.jpg","contentUrl":"https:\/\/www.webdo.tn\/fr\/wp-content\/uploads\/2023\/03\/f916cf1ef69a2857ee3cd240473be999.jpg","width":750,"height":400,"caption":"Tourisme"},{"@type":"BreadcrumbList","@id":"https:\/\/www.webdo.tn\/fr\/actualite\/national\/nous-avons-depasse-les-chiffres-de-2019-affirme-le-ministre-du-tourisme\/203551\/#breadcrumb","itemListElement":[{"@type":"ListItem","position":1,"name":"Accueil","item":"https:\/\/www.webdo.tn\/fr\/"},{"@type":"ListItem","position":2,"name":"\u00ab Nous avons d\u00e9pass\u00e9 les chiffres de 2019 \u00bb, affirme le ministre du Tourisme"}]},{"@type":"WebSite","@id":"https:\/\/www.webdo.tn\/fr\/#website","url":"https:\/\/www.webdo.tn\/fr\/","name":"webdo","description":"Tunisie - News en Tunisie et \u00e0 l&#039;international sur Webdo.tn","publisher":{"@id":"https:\/\/www.webdo.tn\/fr\/#organization"},"potentialAction":[{"@type":"SearchAction","target":{"@type":"EntryPoint","urlTemplate":"https:\/\/www.webdo.tn\/fr\/?s={search_term_string}"},"query-input":{"@type":"PropertyValueSpecification","valueRequired":true,"valueName":"search_term_string"}}],"inLanguage":"fr-FR"},{"@type":"Organization","@id":"https:\/\/www.webdo.tn\/fr\/#organization","name":"Webdo","alternateName":"Webdo.tn","url":"https:\/\/www.webdo.tn\/fr\/","logo":{"@type":"ImageObject","inLanguage":"fr-FR","@id":"https:\/\/www.webdo.tn\/fr\/#\/schema\/logo\/image\/","url":"https:\/\/www.webdo.tn\/fr\/wp-content\/uploads\/2025\/06\/Webdo-Tunisie_168377.jpg","contentUrl":"https:\/\/www.webdo.tn\/fr\/wp-content\/uploads\/2025\/06\/Webdo-Tunisie_168377.jpg","width":301,"height":301,"caption":"Webdo"},"image":{"@id":"https:\/\/www.webdo.tn\/fr\/#\/schema\/logo\/image\/"},"sameAs":["https:\/\/www.facebook.com\/webdotn","https:\/\/x.com\/webdo_tn"],"description":"Webdo est un m\u00e9dia num\u00e9rique tunisien fond\u00e9 en 2010, sp\u00e9cialis\u00e9 dans l\u2019actualit\u00e9 nationale et internationale, l\u2019\u00e9conomie, la soci\u00e9t\u00e9 et les analyses politiques. Le site s\u2019adresse \u00e0 un large public francophone et couvre l\u2019information tunisienne en temps r\u00e9el.","email":"redac@webdo.tn","legalName":"YNJ SARL","foundingDate":"2010-09-06","numberOfEmployees":{"@type":"QuantitativeValue","minValue":"11","maxValue":"50"}},{"@type":"Person","@id":"https:\/\/www.webdo.tn\/fr\/#\/schema\/person\/f35b42a42c5e2511bbd282959d6385cc","name":"CL","image":{"@type":"ImageObject","inLanguage":"fr-FR","@id":"https:\/\/secure.gravatar.com\/avatar\/1447a49909b67aa657c488aec6512e1dd6143a480c1ecfee9b5b5cd74eb3b59e?s=96&d=mm&r=g","url":"https:\/\/secure.gravatar.com\/avatar\/1447a49909b67aa657c488aec6512e1dd6143a480c1ecfee9b5b5cd74eb3b59e?s=96&d=mm&r=g","contentUrl":"https:\/\/secure.gravatar.com\/avatar\/1447a49909b67aa657c488aec6512e1dd6143a480c1ecfee9b5b5cd74eb3b59e?s=96&d=mm&r=g","caption":"CL"},"url":"https:\/\/www.webdo.tn\/fr\/actualite\/author\/cl\/"}]}},"_links":{"self":[{"href":"https:\/\/www.webdo.tn\/fr\/wp-json\/wp\/v2\/posts\/203551","targetHints":{"allow":["GET"]}}],"collection":[{"href":"https:\/\/www.webdo.tn\/fr\/wp-json\/wp\/v2\/posts"}],"about":[{"href":"https:\/\/www.webdo.tn\/fr\/wp-json\/wp\/v2\/types\/post"}],"author":[{"embeddable":true,"href":"https:\/\/www.webdo.tn\/fr\/wp-json\/wp\/v2\/users\/3175"}],"replies":[{"embeddable":true,"href":"https:\/\/www.webdo.tn\/fr\/wp-json\/wp\/v2\/comments?post=203551"}],"version-history":[{"count":0,"href":"https:\/\/www.webdo.tn\/fr\/wp-json\/wp\/v2\/posts\/203551\/revisions"}],"wp:featuredmedia":[{"embeddable":true,"href":"https:\/\/www.webdo.tn\/fr\/wp-json\/wp\/v2\/media\/251839"}],"wp:attachment":[{"href":"https:\/\/www.webdo.tn\/fr\/wp-json\/wp\/v2\/media?parent=203551"}],"wp:term":[{"taxonomy":"category","embeddable":true,"href":"https:\/\/www.webdo.tn\/fr\/wp-json\/wp\/v2\/categories?post=203551"},{"taxonomy":"post_tag","embeddable":true,"href":"https:\/\/www.webdo.tn\/fr\/wp-json\/wp\/v2\/tags?post=203551"}],"curies":[{"name":"wp","href":"https:\/\/api.w.org\/{rel}","templated":true}]}}