{"id":203537,"date":"2023-03-03T10:42:00","date_gmt":"2023-03-03T10:42:00","guid":{"rendered":"https:\/\/www.webdo.tn\/fr\/blog\/ayoub-hafnaoui-s-illustre-de-nouveau-au-protyr-de-fort-lauderdale\/203537\/"},"modified":"2025-05-20T22:01:57","modified_gmt":"2025-05-20T22:01:57","slug":"ayoub-hafnaoui-s-illustre-de-nouveau-au-protyr-de-fort-lauderdale","status":"publish","type":"post","link":"https:\/\/www.webdo.tn\/fr\/actualite\/sport\/ayoub-hafnaoui-s-illustre-de-nouveau-au-protyr-de-fort-lauderdale\/203537\/","title":{"rendered":"Ayoub Hafnaoui s\u2019illustre de nouveau au ProTyr de Fort Lauderdale"},"content":{"rendered":"<p>Le champion olympique Ayoub Hafnaoui s\u2019est de nouveau illustr\u00e9 lors du meeting ProTyr de Fort Lauderdale, aux Etats-Unis en remportant le 400 m\u00e8tre NL.<\/p>\n<p>\t\t\t\t\t\t\t\t\tAyoub Hafnaoui s\u2019est impos\u00e9 avec un temps de 3&rsquo;46&Prime;02 apr\u00e8s une course passionnante et enthousiaste jusqu&rsquo;aux derniers m\u00e8tres, devan\u00e7ant le champion du monde am\u00e9ricain Smith, arriv\u00e9 troisi\u00e8me en 3&rsquo;48&Prime;02 et le champion \u00e9gyptien Marwan Al Kamash, qui a termin\u00e9 deuxi\u00e8me en 3&rsquo;47&Prime;34, a annonc\u00e9 le Comit\u00e9 National Olympique Tunisien.<\/p>\n<p>Hier, Ayoub Hafnaoui a r\u00e9alis\u00e9 un exploit en battant son record personnel sur le 1500 NL bassin 50 de plus de 7 secondes lors de ce meeting. Hafnaoui a r\u00e9alis\u00e9 un temps de 15&rsquo;00&Prime;24, dominant l&rsquo;\u00e9preuve, et arrivant premier devant l&rsquo;Egyptien Marwan Al Kamash, deuxi\u00e8me le champion olympique de la distance, l\u2019Am\u00e9ricain Bobby Fink, arriv\u00e9 troisi\u00e8me.<\/p>\n<p>Le nageur tunisien poursuit ainsi sur sa lanc\u00e9e apr\u00e8s avoir remport\u00e9 trois m\u00e9dailles lors du Meeting Pro Tyr de Knoxville aux Etats-Unis, en janvier dernier. Le champion olympique avait d\u00e9croch\u00e9 deux m\u00e9dailles d\u2019or dans les cat\u00e9gories 400 m\u00e8tres et 800 m\u00e8tres nage libre et une m\u00e9daille d\u2019argent au 1500 m\u00e8tres nage libre<\/p>\n","protected":false},"excerpt":{"rendered":"<p>Le champion olympique Ayoub Hafnaoui s\u2019est de nouveau illustr\u00e9 lors du meeting ProTyr de Fort Lauderdale, aux Etats-Unis en remportant le 400 m\u00e8tre NL.<\/p>\n","protected":false},"author":3162,"featured_media":251831,"comment_status":"open","ping_status":"closed","sticky":false,"template":"","format":"standard","meta":{"footnotes":""},"categories":[2593],"tags":[7350,8734],"class_list":["post-203537","post","type-post","status-publish","format-standard","has-post-thumbnail","hentry","category-sport","tag-ayoub-hafnaoui","tag-protyr-de-fort-lauderdale"],"yoast_head":"<!-- This site is optimized with the Yoast SEO Premium plugin v27.5 (Yoast SEO v27.5) - https:\/\/yoast.com\/product\/yoast-seo-premium-wordpress\/ -->\n<title>Ayoub Hafnaoui s\u2019illustre de nouveau au ProTyr de Fort Lauderdale<\/title>\n<meta name=\"description\" content=\"Le champion olympique Ayoub Hafnaoui s\u2019est de nouveau illustr\u00e9 lors du meeting ProTyr de Fort Lauderdale, aux Etats-Unis en remportant le 400 m\u00e8tre NL.\" \/>\n<link rel=\"canonical\" href=\"https:\/\/www.webdo.tn\/fr\/actualite\/sport\/ayoub-hafnaoui-s-illustre-de-nouveau-au-protyr-de-fort-lauderdale\/203537\/\" \/>\n<meta property=\"og:locale\" content=\"fr_FR\" \/>\n<meta property=\"og:type\" content=\"article\" \/>\n<meta property=\"og:title\" content=\"Ayoub Hafnaoui s\u2019illustre de nouveau au ProTyr de Fort Lauderdale\" \/>\n<meta property=\"og:description\" content=\"Le champion olympique Ayoub Hafnaoui s\u2019est de nouveau illustr\u00e9 lors du meeting ProTyr de Fort Lauderdale, aux Etats-Unis en remportant le 400 m\u00e8tre NL.\" \/>\n<meta property=\"og:url\" content=\"https:\/\/www.webdo.tn\/fr\/actualite\/sport\/ayoub-hafnaoui-s-illustre-de-nouveau-au-protyr-de-fort-lauderdale\/203537\/\" \/>\n<meta property=\"og:site_name\" content=\"webdo\" \/>\n<meta property=\"article:publisher\" content=\"https:\/\/www.facebook.com\/webdotn\" \/>\n<meta property=\"article:published_time\" content=\"2023-03-03T10:42:00+00:00\" \/>\n<meta property=\"article:modified_time\" content=\"2025-05-20T22:01:57+00:00\" \/>\n<meta property=\"og:image\" content=\"https:\/\/www.webdo.tn\/fr\/wp-content\/uploads\/2023\/03\/5d00d69fcbadbe66793d3e3bf677d7a5.jpg\" \/>\n\t<meta property=\"og:image:width\" content=\"680\" \/>\n\t<meta property=\"og:image:height\" content=\"363\" \/>\n\t<meta property=\"og:image:type\" content=\"image\/jpeg\" \/>\n<meta name=\"author\" content=\"MC\" \/>\n<meta name=\"twitter:card\" content=\"summary_large_image\" \/>\n<meta name=\"twitter:creator\" content=\"@webdo_tn\" \/>\n<meta name=\"twitter:site\" content=\"@webdo_tn\" \/>\n<meta name=\"twitter:label1\" content=\"\u00c9crit par\" \/>\n\t<meta name=\"twitter:data1\" content=\"MC\" \/>\n\t<meta name=\"twitter:label2\" content=\"Dur\u00e9e de lecture estim\u00e9e\" \/>\n\t<meta name=\"twitter:data2\" content=\"1 minute\" \/>\n<script type=\"application\/ld+json\" class=\"yoast-schema-graph\">{\"@context\":\"https:\\\/\\\/schema.org\",\"@graph\":[{\"@type\":\"NewsArticle\",\"@id\":\"https:\\\/\\\/www.webdo.tn\\\/fr\\\/actualite\\\/sport\\\/ayoub-hafnaoui-s-illustre-de-nouveau-au-protyr-de-fort-lauderdale\\\/203537\\\/#article\",\"isPartOf\":{\"@id\":\"https:\\\/\\\/www.webdo.tn\\\/fr\\\/actualite\\\/sport\\\/ayoub-hafnaoui-s-illustre-de-nouveau-au-protyr-de-fort-lauderdale\\\/203537\\\/\"},\"author\":{\"name\":\"MC\",\"@id\":\"https:\\\/\\\/www.webdo.tn\\\/fr\\\/#\\\/schema\\\/person\\\/2c4929cbf5a809e3bd38617c6ce150f6\"},\"headline\":\"Ayoub Hafnaoui s\u2019illustre de nouveau au ProTyr de Fort Lauderdale\",\"datePublished\":\"2023-03-03T10:42:00+00:00\",\"dateModified\":\"2025-05-20T22:01:57+00:00\",\"mainEntityOfPage\":{\"@id\":\"https:\\\/\\\/www.webdo.tn\\\/fr\\\/actualite\\\/sport\\\/ayoub-hafnaoui-s-illustre-de-nouveau-au-protyr-de-fort-lauderdale\\\/203537\\\/\"},\"wordCount\":211,\"commentCount\":0,\"publisher\":{\"@id\":\"https:\\\/\\\/www.webdo.tn\\\/fr\\\/#organization\"},\"image\":{\"@id\":\"https:\\\/\\\/www.webdo.tn\\\/fr\\\/actualite\\\/sport\\\/ayoub-hafnaoui-s-illustre-de-nouveau-au-protyr-de-fort-lauderdale\\\/203537\\\/#primaryimage\"},\"thumbnailUrl\":\"https:\\\/\\\/www.webdo.tn\\\/fr\\\/wp-content\\\/uploads\\\/2023\\\/03\\\/5d00d69fcbadbe66793d3e3bf677d7a5.jpg\",\"keywords\":[\"ayoub hafnaoui\",\"ProTyr de Fort Lauderdale\"],\"articleSection\":[\"Sport\"],\"inLanguage\":\"fr-FR\"},{\"@type\":\"WebPage\",\"@id\":\"https:\\\/\\\/www.webdo.tn\\\/fr\\\/actualite\\\/sport\\\/ayoub-hafnaoui-s-illustre-de-nouveau-au-protyr-de-fort-lauderdale\\\/203537\\\/\",\"url\":\"https:\\\/\\\/www.webdo.tn\\\/fr\\\/actualite\\\/sport\\\/ayoub-hafnaoui-s-illustre-de-nouveau-au-protyr-de-fort-lauderdale\\\/203537\\\/\",\"name\":\"Ayoub Hafnaoui s\u2019illustre de nouveau au ProTyr de Fort Lauderdale\",\"isPartOf\":{\"@id\":\"https:\\\/\\\/www.webdo.tn\\\/fr\\\/#website\"},\"primaryImageOfPage\":{\"@id\":\"https:\\\/\\\/www.webdo.tn\\\/fr\\\/actualite\\\/sport\\\/ayoub-hafnaoui-s-illustre-de-nouveau-au-protyr-de-fort-lauderdale\\\/203537\\\/#primaryimage\"},\"image\":{\"@id\":\"https:\\\/\\\/www.webdo.tn\\\/fr\\\/actualite\\\/sport\\\/ayoub-hafnaoui-s-illustre-de-nouveau-au-protyr-de-fort-lauderdale\\\/203537\\\/#primaryimage\"},\"thumbnailUrl\":\"https:\\\/\\\/www.webdo.tn\\\/fr\\\/wp-content\\\/uploads\\\/2023\\\/03\\\/5d00d69fcbadbe66793d3e3bf677d7a5.jpg\",\"datePublished\":\"2023-03-03T10:42:00+00:00\",\"dateModified\":\"2025-05-20T22:01:57+00:00\",\"description\":\"Le champion olympique Ayoub Hafnaoui s\u2019est de nouveau illustr\u00e9 lors du meeting ProTyr de Fort Lauderdale, aux Etats-Unis en remportant le 400 m\u00e8tre NL.\",\"breadcrumb\":{\"@id\":\"https:\\\/\\\/www.webdo.tn\\\/fr\\\/actualite\\\/sport\\\/ayoub-hafnaoui-s-illustre-de-nouveau-au-protyr-de-fort-lauderdale\\\/203537\\\/#breadcrumb\"},\"inLanguage\":\"fr-FR\",\"potentialAction\":[{\"@type\":\"ReadAction\",\"target\":[\"https:\\\/\\\/www.webdo.tn\\\/fr\\\/actualite\\\/sport\\\/ayoub-hafnaoui-s-illustre-de-nouveau-au-protyr-de-fort-lauderdale\\\/203537\\\/\"]}]},{\"@type\":\"ImageObject\",\"inLanguage\":\"fr-FR\",\"@id\":\"https:\\\/\\\/www.webdo.tn\\\/fr\\\/actualite\\\/sport\\\/ayoub-hafnaoui-s-illustre-de-nouveau-au-protyr-de-fort-lauderdale\\\/203537\\\/#primaryimage\",\"url\":\"https:\\\/\\\/www.webdo.tn\\\/fr\\\/wp-content\\\/uploads\\\/2023\\\/03\\\/5d00d69fcbadbe66793d3e3bf677d7a5.jpg\",\"contentUrl\":\"https:\\\/\\\/www.webdo.tn\\\/fr\\\/wp-content\\\/uploads\\\/2023\\\/03\\\/5d00d69fcbadbe66793d3e3bf677d7a5.jpg\",\"width\":680,\"height\":363,\"caption\":\"Ayoub Hafnaoui s\u2019illustre de nouveau au ProTyr de Fort Lauderdale\"},{\"@type\":\"BreadcrumbList\",\"@id\":\"https:\\\/\\\/www.webdo.tn\\\/fr\\\/actualite\\\/sport\\\/ayoub-hafnaoui-s-illustre-de-nouveau-au-protyr-de-fort-lauderdale\\\/203537\\\/#breadcrumb\",\"itemListElement\":[{\"@type\":\"ListItem\",\"position\":1,\"name\":\"Accueil\",\"item\":\"https:\\\/\\\/www.webdo.tn\\\/fr\\\/\"},{\"@type\":\"ListItem\",\"position\":2,\"name\":\"Ayoub Hafnaoui s\u2019illustre de nouveau au ProTyr de Fort Lauderdale\"}]},{\"@type\":\"WebSite\",\"@id\":\"https:\\\/\\\/www.webdo.tn\\\/fr\\\/#website\",\"url\":\"https:\\\/\\\/www.webdo.tn\\\/fr\\\/\",\"name\":\"webdo\",\"description\":\"Tunisie - News en Tunisie et \u00e0 l&#039;international sur Webdo.tn\",\"publisher\":{\"@id\":\"https:\\\/\\\/www.webdo.tn\\\/fr\\\/#organization\"},\"potentialAction\":[{\"@type\":\"SearchAction\",\"target\":{\"@type\":\"EntryPoint\",\"urlTemplate\":\"https:\\\/\\\/www.webdo.tn\\\/fr\\\/?s={search_term_string}\"},\"query-input\":{\"@type\":\"PropertyValueSpecification\",\"valueRequired\":true,\"valueName\":\"search_term_string\"}}],\"inLanguage\":\"fr-FR\"},{\"@type\":\"Organization\",\"@id\":\"https:\\\/\\\/www.webdo.tn\\\/fr\\\/#organization\",\"name\":\"Webdo\",\"alternateName\":\"Webdo.tn\",\"url\":\"https:\\\/\\\/www.webdo.tn\\\/fr\\\/\",\"logo\":{\"@type\":\"ImageObject\",\"inLanguage\":\"fr-FR\",\"@id\":\"https:\\\/\\\/www.webdo.tn\\\/fr\\\/#\\\/schema\\\/logo\\\/image\\\/\",\"url\":\"https:\\\/\\\/www.webdo.tn\\\/fr\\\/wp-content\\\/uploads\\\/2025\\\/06\\\/Webdo-Tunisie_168377.jpg\",\"contentUrl\":\"https:\\\/\\\/www.webdo.tn\\\/fr\\\/wp-content\\\/uploads\\\/2025\\\/06\\\/Webdo-Tunisie_168377.jpg\",\"width\":301,\"height\":301,\"caption\":\"Webdo\"},\"image\":{\"@id\":\"https:\\\/\\\/www.webdo.tn\\\/fr\\\/#\\\/schema\\\/logo\\\/image\\\/\"},\"sameAs\":[\"https:\\\/\\\/www.facebook.com\\\/webdotn\",\"https:\\\/\\\/x.com\\\/webdo_tn\"],\"description\":\"Webdo est un m\u00e9dia num\u00e9rique tunisien fond\u00e9 en 2010, sp\u00e9cialis\u00e9 dans l\u2019actualit\u00e9 nationale et internationale, l\u2019\u00e9conomie, la soci\u00e9t\u00e9 et les analyses politiques. Le site s\u2019adresse \u00e0 un large public francophone et couvre l\u2019information tunisienne en temps r\u00e9el.\",\"email\":\"redac@webdo.tn\",\"legalName\":\"YNJ SARL\",\"foundingDate\":\"2010-09-06\",\"numberOfEmployees\":{\"@type\":\"QuantitativeValue\",\"minValue\":\"11\",\"maxValue\":\"50\"}},{\"@type\":\"Person\",\"@id\":\"https:\\\/\\\/www.webdo.tn\\\/fr\\\/#\\\/schema\\\/person\\\/2c4929cbf5a809e3bd38617c6ce150f6\",\"name\":\"MC\",\"image\":{\"@type\":\"ImageObject\",\"inLanguage\":\"fr-FR\",\"@id\":\"https:\\\/\\\/secure.gravatar.com\\\/avatar\\\/a545bbb6f84efdd5553dbbc2895e3ca8f1d12c5215e00a041c9670b54aa9b18a?s=96&d=mm&r=g\",\"url\":\"https:\\\/\\\/secure.gravatar.com\\\/avatar\\\/a545bbb6f84efdd5553dbbc2895e3ca8f1d12c5215e00a041c9670b54aa9b18a?s=96&d=mm&r=g\",\"contentUrl\":\"https:\\\/\\\/secure.gravatar.com\\\/avatar\\\/a545bbb6f84efdd5553dbbc2895e3ca8f1d12c5215e00a041c9670b54aa9b18a?s=96&d=mm&r=g\",\"caption\":\"MC\"},\"url\":\"https:\\\/\\\/www.webdo.tn\\\/fr\\\/actualite\\\/author\\\/mc\\\/\"}]}<\/script>\n<!-- \/ Yoast SEO Premium plugin. -->","yoast_head_json":{"title":"Ayoub Hafnaoui s\u2019illustre de nouveau au ProTyr de Fort Lauderdale","description":"Le champion olympique Ayoub Hafnaoui s\u2019est de nouveau illustr\u00e9 lors du meeting ProTyr de Fort Lauderdale, aux Etats-Unis en remportant le 400 m\u00e8tre NL.","canonical":"https:\/\/www.webdo.tn\/fr\/actualite\/sport\/ayoub-hafnaoui-s-illustre-de-nouveau-au-protyr-de-fort-lauderdale\/203537\/","og_locale":"fr_FR","og_type":"article","og_title":"Ayoub Hafnaoui s\u2019illustre de nouveau au ProTyr de Fort Lauderdale","og_description":"Le champion olympique Ayoub Hafnaoui s\u2019est de nouveau illustr\u00e9 lors du meeting ProTyr de Fort Lauderdale, aux Etats-Unis en remportant le 400 m\u00e8tre NL.","og_url":"https:\/\/www.webdo.tn\/fr\/actualite\/sport\/ayoub-hafnaoui-s-illustre-de-nouveau-au-protyr-de-fort-lauderdale\/203537\/","og_site_name":"webdo","article_publisher":"https:\/\/www.facebook.com\/webdotn","article_published_time":"2023-03-03T10:42:00+00:00","article_modified_time":"2025-05-20T22:01:57+00:00","og_image":[{"width":680,"height":363,"url":"https:\/\/www.webdo.tn\/fr\/wp-content\/uploads\/2023\/03\/5d00d69fcbadbe66793d3e3bf677d7a5.jpg","type":"image\/jpeg"}],"author":"MC","twitter_card":"summary_large_image","twitter_creator":"@webdo_tn","twitter_site":"@webdo_tn","twitter_misc":{"\u00c9crit par":"MC","Dur\u00e9e de lecture estim\u00e9e":"1 minute"},"schema":{"@context":"https:\/\/schema.org","@graph":[{"@type":"NewsArticle","@id":"https:\/\/www.webdo.tn\/fr\/actualite\/sport\/ayoub-hafnaoui-s-illustre-de-nouveau-au-protyr-de-fort-lauderdale\/203537\/#article","isPartOf":{"@id":"https:\/\/www.webdo.tn\/fr\/actualite\/sport\/ayoub-hafnaoui-s-illustre-de-nouveau-au-protyr-de-fort-lauderdale\/203537\/"},"author":{"name":"MC","@id":"https:\/\/www.webdo.tn\/fr\/#\/schema\/person\/2c4929cbf5a809e3bd38617c6ce150f6"},"headline":"Ayoub Hafnaoui s\u2019illustre de nouveau au ProTyr de Fort Lauderdale","datePublished":"2023-03-03T10:42:00+00:00","dateModified":"2025-05-20T22:01:57+00:00","mainEntityOfPage":{"@id":"https:\/\/www.webdo.tn\/fr\/actualite\/sport\/ayoub-hafnaoui-s-illustre-de-nouveau-au-protyr-de-fort-lauderdale\/203537\/"},"wordCount":211,"commentCount":0,"publisher":{"@id":"https:\/\/www.webdo.tn\/fr\/#organization"},"image":{"@id":"https:\/\/www.webdo.tn\/fr\/actualite\/sport\/ayoub-hafnaoui-s-illustre-de-nouveau-au-protyr-de-fort-lauderdale\/203537\/#primaryimage"},"thumbnailUrl":"https:\/\/www.webdo.tn\/fr\/wp-content\/uploads\/2023\/03\/5d00d69fcbadbe66793d3e3bf677d7a5.jpg","keywords":["ayoub hafnaoui","ProTyr de Fort Lauderdale"],"articleSection":["Sport"],"inLanguage":"fr-FR"},{"@type":"WebPage","@id":"https:\/\/www.webdo.tn\/fr\/actualite\/sport\/ayoub-hafnaoui-s-illustre-de-nouveau-au-protyr-de-fort-lauderdale\/203537\/","url":"https:\/\/www.webdo.tn\/fr\/actualite\/sport\/ayoub-hafnaoui-s-illustre-de-nouveau-au-protyr-de-fort-lauderdale\/203537\/","name":"Ayoub Hafnaoui s\u2019illustre de nouveau au ProTyr de Fort Lauderdale","isPartOf":{"@id":"https:\/\/www.webdo.tn\/fr\/#website"},"primaryImageOfPage":{"@id":"https:\/\/www.webdo.tn\/fr\/actualite\/sport\/ayoub-hafnaoui-s-illustre-de-nouveau-au-protyr-de-fort-lauderdale\/203537\/#primaryimage"},"image":{"@id":"https:\/\/www.webdo.tn\/fr\/actualite\/sport\/ayoub-hafnaoui-s-illustre-de-nouveau-au-protyr-de-fort-lauderdale\/203537\/#primaryimage"},"thumbnailUrl":"https:\/\/www.webdo.tn\/fr\/wp-content\/uploads\/2023\/03\/5d00d69fcbadbe66793d3e3bf677d7a5.jpg","datePublished":"2023-03-03T10:42:00+00:00","dateModified":"2025-05-20T22:01:57+00:00","description":"Le champion olympique Ayoub Hafnaoui s\u2019est de nouveau illustr\u00e9 lors du meeting ProTyr de Fort Lauderdale, aux Etats-Unis en remportant le 400 m\u00e8tre NL.","breadcrumb":{"@id":"https:\/\/www.webdo.tn\/fr\/actualite\/sport\/ayoub-hafnaoui-s-illustre-de-nouveau-au-protyr-de-fort-lauderdale\/203537\/#breadcrumb"},"inLanguage":"fr-FR","potentialAction":[{"@type":"ReadAction","target":["https:\/\/www.webdo.tn\/fr\/actualite\/sport\/ayoub-hafnaoui-s-illustre-de-nouveau-au-protyr-de-fort-lauderdale\/203537\/"]}]},{"@type":"ImageObject","inLanguage":"fr-FR","@id":"https:\/\/www.webdo.tn\/fr\/actualite\/sport\/ayoub-hafnaoui-s-illustre-de-nouveau-au-protyr-de-fort-lauderdale\/203537\/#primaryimage","url":"https:\/\/www.webdo.tn\/fr\/wp-content\/uploads\/2023\/03\/5d00d69fcbadbe66793d3e3bf677d7a5.jpg","contentUrl":"https:\/\/www.webdo.tn\/fr\/wp-content\/uploads\/2023\/03\/5d00d69fcbadbe66793d3e3bf677d7a5.jpg","width":680,"height":363,"caption":"Ayoub Hafnaoui s\u2019illustre de nouveau au ProTyr de Fort Lauderdale"},{"@type":"BreadcrumbList","@id":"https:\/\/www.webdo.tn\/fr\/actualite\/sport\/ayoub-hafnaoui-s-illustre-de-nouveau-au-protyr-de-fort-lauderdale\/203537\/#breadcrumb","itemListElement":[{"@type":"ListItem","position":1,"name":"Accueil","item":"https:\/\/www.webdo.tn\/fr\/"},{"@type":"ListItem","position":2,"name":"Ayoub Hafnaoui s\u2019illustre de nouveau au ProTyr de Fort Lauderdale"}]},{"@type":"WebSite","@id":"https:\/\/www.webdo.tn\/fr\/#website","url":"https:\/\/www.webdo.tn\/fr\/","name":"webdo","description":"Tunisie - News en Tunisie et \u00e0 l&#039;international sur Webdo.tn","publisher":{"@id":"https:\/\/www.webdo.tn\/fr\/#organization"},"potentialAction":[{"@type":"SearchAction","target":{"@type":"EntryPoint","urlTemplate":"https:\/\/www.webdo.tn\/fr\/?s={search_term_string}"},"query-input":{"@type":"PropertyValueSpecification","valueRequired":true,"valueName":"search_term_string"}}],"inLanguage":"fr-FR"},{"@type":"Organization","@id":"https:\/\/www.webdo.tn\/fr\/#organization","name":"Webdo","alternateName":"Webdo.tn","url":"https:\/\/www.webdo.tn\/fr\/","logo":{"@type":"ImageObject","inLanguage":"fr-FR","@id":"https:\/\/www.webdo.tn\/fr\/#\/schema\/logo\/image\/","url":"https:\/\/www.webdo.tn\/fr\/wp-content\/uploads\/2025\/06\/Webdo-Tunisie_168377.jpg","contentUrl":"https:\/\/www.webdo.tn\/fr\/wp-content\/uploads\/2025\/06\/Webdo-Tunisie_168377.jpg","width":301,"height":301,"caption":"Webdo"},"image":{"@id":"https:\/\/www.webdo.tn\/fr\/#\/schema\/logo\/image\/"},"sameAs":["https:\/\/www.facebook.com\/webdotn","https:\/\/x.com\/webdo_tn"],"description":"Webdo est un m\u00e9dia num\u00e9rique tunisien fond\u00e9 en 2010, sp\u00e9cialis\u00e9 dans l\u2019actualit\u00e9 nationale et internationale, l\u2019\u00e9conomie, la soci\u00e9t\u00e9 et les analyses politiques. Le site s\u2019adresse \u00e0 un large public francophone et couvre l\u2019information tunisienne en temps r\u00e9el.","email":"redac@webdo.tn","legalName":"YNJ SARL","foundingDate":"2010-09-06","numberOfEmployees":{"@type":"QuantitativeValue","minValue":"11","maxValue":"50"}},{"@type":"Person","@id":"https:\/\/www.webdo.tn\/fr\/#\/schema\/person\/2c4929cbf5a809e3bd38617c6ce150f6","name":"MC","image":{"@type":"ImageObject","inLanguage":"fr-FR","@id":"https:\/\/secure.gravatar.com\/avatar\/a545bbb6f84efdd5553dbbc2895e3ca8f1d12c5215e00a041c9670b54aa9b18a?s=96&d=mm&r=g","url":"https:\/\/secure.gravatar.com\/avatar\/a545bbb6f84efdd5553dbbc2895e3ca8f1d12c5215e00a041c9670b54aa9b18a?s=96&d=mm&r=g","contentUrl":"https:\/\/secure.gravatar.com\/avatar\/a545bbb6f84efdd5553dbbc2895e3ca8f1d12c5215e00a041c9670b54aa9b18a?s=96&d=mm&r=g","caption":"MC"},"url":"https:\/\/www.webdo.tn\/fr\/actualite\/author\/mc\/"}]}},"_links":{"self":[{"href":"https:\/\/www.webdo.tn\/fr\/wp-json\/wp\/v2\/posts\/203537","targetHints":{"allow":["GET"]}}],"collection":[{"href":"https:\/\/www.webdo.tn\/fr\/wp-json\/wp\/v2\/posts"}],"about":[{"href":"https:\/\/www.webdo.tn\/fr\/wp-json\/wp\/v2\/types\/post"}],"author":[{"embeddable":true,"href":"https:\/\/www.webdo.tn\/fr\/wp-json\/wp\/v2\/users\/3162"}],"replies":[{"embeddable":true,"href":"https:\/\/www.webdo.tn\/fr\/wp-json\/wp\/v2\/comments?post=203537"}],"version-history":[{"count":0,"href":"https:\/\/www.webdo.tn\/fr\/wp-json\/wp\/v2\/posts\/203537\/revisions"}],"wp:featuredmedia":[{"embeddable":true,"href":"https:\/\/www.webdo.tn\/fr\/wp-json\/wp\/v2\/media\/251831"}],"wp:attachment":[{"href":"https:\/\/www.webdo.tn\/fr\/wp-json\/wp\/v2\/media?parent=203537"}],"wp:term":[{"taxonomy":"category","embeddable":true,"href":"https:\/\/www.webdo.tn\/fr\/wp-json\/wp\/v2\/categories?post=203537"},{"taxonomy":"post_tag","embeddable":true,"href":"https:\/\/www.webdo.tn\/fr\/wp-json\/wp\/v2\/tags?post=203537"}],"curies":[{"name":"wp","href":"https:\/\/api.w.org\/{rel}","templated":true}]}}