{"id":203533,"date":"2023-03-03T09:26:00","date_gmt":"2023-03-03T09:26:00","guid":{"rendered":"https:\/\/www.webdo.tn\/fr\/blog\/l-ugtt-va-tenir-une-commission-administrative-en-urgence\/203533\/"},"modified":"2025-05-20T22:01:57","modified_gmt":"2025-05-20T22:01:57","slug":"l-ugtt-va-tenir-une-commission-administrative-en-urgence","status":"publish","type":"post","link":"https:\/\/www.webdo.tn\/fr\/actualite\/national\/l-ugtt-va-tenir-une-commission-administrative-en-urgence\/203533\/","title":{"rendered":"L&rsquo;UGTT va tenir une commission administrative en urgence"},"content":{"rendered":"<p>L&rsquo;Union g\u00e9n\u00e9rale tunisienne du travail (UGTT) a d\u00e9cid\u00e9, ce jeudi 2 mars 2023, de tenir dans les prochaines heures une commission administrative en urgence.<\/p>\n<p>\t\t\t\t\t\t\t\t\tUne d\u00e9cision prise apr\u00e8s l&rsquo;interdiction \u00e0 un responsable syndical espagnol d\u2019entrer en Tunisie, indique un communiqu\u00e9 de la Centrale syndicale.<\/p>\n<p>le responsable de la coop\u00e9ration avec l&rsquo;Afrique et l&rsquo;Asie au sein de l&rsquo;Union g\u00e9n\u00e9rale des travailleurs d&rsquo;Espagne (CEC UGT Spain), Marco Perez Molena, a, en effet \u00e9t\u00e9 interdit d&rsquo;acc\u00e9der au territoire tunisien, d\u00e8s son arriv\u00e9e \u00e0 l&rsquo;a\u00e9roport Tunis-Carthage, hier.<\/p>\n<p>Marco Perez Molena devait participer \u00e0 un rassemblement ouvrier, pr\u00e9vu par l\u2019UGTT, ce samedi 4 mars 2023.<\/p>\n<p>Les autorit\u00e9s tunisiennes ont \u00e9galement inform\u00e9 l&rsquo;UGTT qu&rsquo;il a \u00e9t\u00e9 d\u00e9cid\u00e9 d&rsquo;interdire l&rsquo;arriv\u00e9e d&rsquo;une d\u00e9l\u00e9gation de la conf\u00e9d\u00e9ration syndicale internationale. La Centrale syndicale a d\u00e9nonc\u00e9 cette interdiction, estimant qu\u2019elle est injustifi\u00e9e et repr\u00e9sente une attaque visant l\u2019UGTT et l\u2019action syndicale.<\/p>\n","protected":false},"excerpt":{"rendered":"<p>L&rsquo;UGTT a d\u00e9cid\u00e9 de tenir une commission administrative en urgence.<\/p>\n","protected":false},"author":3162,"featured_media":251830,"comment_status":"open","ping_status":"closed","sticky":false,"template":"","format":"standard","meta":{"footnotes":""},"categories":[44],"tags":[4338,2649],"class_list":["post-203533","post","type-post","status-publish","format-standard","has-post-thumbnail","hentry","category-national","tag-interdiction","tag-ugtt"],"yoast_head":"<!-- This site is optimized with the Yoast SEO Premium plugin v27.4 (Yoast SEO v27.5) - https:\/\/yoast.com\/product\/yoast-seo-premium-wordpress\/ -->\n<title>L&#039;UGTT va tenir une commission administrative en urgence<\/title>\n<meta name=\"description\" content=\"L&#039;UGTT a d\u00e9cid\u00e9 de tenir une commission administrative en urgence.\" \/>\n<link rel=\"canonical\" href=\"https:\/\/www.webdo.tn\/fr\/actualite\/national\/l-ugtt-va-tenir-une-commission-administrative-en-urgence\/203533\/\" \/>\n<meta property=\"og:locale\" content=\"fr_FR\" \/>\n<meta property=\"og:type\" content=\"article\" \/>\n<meta property=\"og:title\" content=\"L&#039;UGTT va tenir une commission administrative en urgence\" \/>\n<meta property=\"og:description\" content=\"L&#039;UGTT a d\u00e9cid\u00e9 de tenir une commission administrative en urgence.\" \/>\n<meta property=\"og:url\" content=\"https:\/\/www.webdo.tn\/fr\/actualite\/national\/l-ugtt-va-tenir-une-commission-administrative-en-urgence\/203533\/\" \/>\n<meta property=\"og:site_name\" content=\"webdo\" \/>\n<meta property=\"article:publisher\" content=\"https:\/\/www.facebook.com\/webdotn\" \/>\n<meta property=\"article:published_time\" content=\"2023-03-03T09:26:00+00:00\" \/>\n<meta property=\"article:modified_time\" content=\"2025-05-20T22:01:57+00:00\" \/>\n<meta property=\"og:image\" content=\"https:\/\/www.webdo.tn\/fr\/wp-content\/uploads\/2023\/03\/f28667ca79b73a60dd737f8f4ce63e5d.jpg\" \/>\n\t<meta property=\"og:image:width\" content=\"750\" \/>\n\t<meta property=\"og:image:height\" content=\"400\" \/>\n\t<meta property=\"og:image:type\" content=\"image\/jpeg\" \/>\n<meta name=\"author\" content=\"MC\" \/>\n<meta name=\"twitter:card\" content=\"summary_large_image\" \/>\n<meta name=\"twitter:creator\" content=\"@webdo_tn\" \/>\n<meta name=\"twitter:site\" content=\"@webdo_tn\" \/>\n<meta name=\"twitter:label1\" content=\"\u00c9crit par\" \/>\n\t<meta name=\"twitter:data1\" content=\"MC\" \/>\n\t<meta name=\"twitter:label2\" content=\"Dur\u00e9e de lecture estim\u00e9e\" \/>\n\t<meta name=\"twitter:data2\" content=\"1 minute\" \/>\n<script type=\"application\/ld+json\" class=\"yoast-schema-graph\">{\"@context\":\"https:\\\/\\\/schema.org\",\"@graph\":[{\"@type\":\"NewsArticle\",\"@id\":\"https:\\\/\\\/www.webdo.tn\\\/fr\\\/actualite\\\/national\\\/l-ugtt-va-tenir-une-commission-administrative-en-urgence\\\/203533\\\/#article\",\"isPartOf\":{\"@id\":\"https:\\\/\\\/www.webdo.tn\\\/fr\\\/actualite\\\/national\\\/l-ugtt-va-tenir-une-commission-administrative-en-urgence\\\/203533\\\/\"},\"author\":{\"name\":\"MC\",\"@id\":\"https:\\\/\\\/www.webdo.tn\\\/fr\\\/#\\\/schema\\\/person\\\/2c4929cbf5a809e3bd38617c6ce150f6\"},\"headline\":\"L&rsquo;UGTT va tenir une commission administrative en urgence\",\"datePublished\":\"2023-03-03T09:26:00+00:00\",\"dateModified\":\"2025-05-20T22:01:57+00:00\",\"mainEntityOfPage\":{\"@id\":\"https:\\\/\\\/www.webdo.tn\\\/fr\\\/actualite\\\/national\\\/l-ugtt-va-tenir-une-commission-administrative-en-urgence\\\/203533\\\/\"},\"wordCount\":183,\"commentCount\":0,\"publisher\":{\"@id\":\"https:\\\/\\\/www.webdo.tn\\\/fr\\\/#organization\"},\"image\":{\"@id\":\"https:\\\/\\\/www.webdo.tn\\\/fr\\\/actualite\\\/national\\\/l-ugtt-va-tenir-une-commission-administrative-en-urgence\\\/203533\\\/#primaryimage\"},\"thumbnailUrl\":\"https:\\\/\\\/www.webdo.tn\\\/fr\\\/wp-content\\\/uploads\\\/2023\\\/03\\\/f28667ca79b73a60dd737f8f4ce63e5d.jpg\",\"keywords\":[\"interdiction\",\"UGTT\"],\"articleSection\":[\"National\"],\"inLanguage\":\"fr-FR\"},{\"@type\":\"WebPage\",\"@id\":\"https:\\\/\\\/www.webdo.tn\\\/fr\\\/actualite\\\/national\\\/l-ugtt-va-tenir-une-commission-administrative-en-urgence\\\/203533\\\/\",\"url\":\"https:\\\/\\\/www.webdo.tn\\\/fr\\\/actualite\\\/national\\\/l-ugtt-va-tenir-une-commission-administrative-en-urgence\\\/203533\\\/\",\"name\":\"L'UGTT va tenir une commission administrative en urgence\",\"isPartOf\":{\"@id\":\"https:\\\/\\\/www.webdo.tn\\\/fr\\\/#website\"},\"primaryImageOfPage\":{\"@id\":\"https:\\\/\\\/www.webdo.tn\\\/fr\\\/actualite\\\/national\\\/l-ugtt-va-tenir-une-commission-administrative-en-urgence\\\/203533\\\/#primaryimage\"},\"image\":{\"@id\":\"https:\\\/\\\/www.webdo.tn\\\/fr\\\/actualite\\\/national\\\/l-ugtt-va-tenir-une-commission-administrative-en-urgence\\\/203533\\\/#primaryimage\"},\"thumbnailUrl\":\"https:\\\/\\\/www.webdo.tn\\\/fr\\\/wp-content\\\/uploads\\\/2023\\\/03\\\/f28667ca79b73a60dd737f8f4ce63e5d.jpg\",\"datePublished\":\"2023-03-03T09:26:00+00:00\",\"dateModified\":\"2025-05-20T22:01:57+00:00\",\"description\":\"L'UGTT a d\u00e9cid\u00e9 de tenir une commission administrative en urgence.\",\"breadcrumb\":{\"@id\":\"https:\\\/\\\/www.webdo.tn\\\/fr\\\/actualite\\\/national\\\/l-ugtt-va-tenir-une-commission-administrative-en-urgence\\\/203533\\\/#breadcrumb\"},\"inLanguage\":\"fr-FR\",\"potentialAction\":[{\"@type\":\"ReadAction\",\"target\":[\"https:\\\/\\\/www.webdo.tn\\\/fr\\\/actualite\\\/national\\\/l-ugtt-va-tenir-une-commission-administrative-en-urgence\\\/203533\\\/\"]}]},{\"@type\":\"ImageObject\",\"inLanguage\":\"fr-FR\",\"@id\":\"https:\\\/\\\/www.webdo.tn\\\/fr\\\/actualite\\\/national\\\/l-ugtt-va-tenir-une-commission-administrative-en-urgence\\\/203533\\\/#primaryimage\",\"url\":\"https:\\\/\\\/www.webdo.tn\\\/fr\\\/wp-content\\\/uploads\\\/2023\\\/03\\\/f28667ca79b73a60dd737f8f4ce63e5d.jpg\",\"contentUrl\":\"https:\\\/\\\/www.webdo.tn\\\/fr\\\/wp-content\\\/uploads\\\/2023\\\/03\\\/f28667ca79b73a60dd737f8f4ce63e5d.jpg\",\"width\":750,\"height\":400,\"caption\":\"L'UGTT va tenir une commission administrative en urgence\"},{\"@type\":\"BreadcrumbList\",\"@id\":\"https:\\\/\\\/www.webdo.tn\\\/fr\\\/actualite\\\/national\\\/l-ugtt-va-tenir-une-commission-administrative-en-urgence\\\/203533\\\/#breadcrumb\",\"itemListElement\":[{\"@type\":\"ListItem\",\"position\":1,\"name\":\"Accueil\",\"item\":\"https:\\\/\\\/www.webdo.tn\\\/fr\\\/\"},{\"@type\":\"ListItem\",\"position\":2,\"name\":\"L&#8217;UGTT va tenir une commission administrative en urgence\"}]},{\"@type\":\"WebSite\",\"@id\":\"https:\\\/\\\/www.webdo.tn\\\/fr\\\/#website\",\"url\":\"https:\\\/\\\/www.webdo.tn\\\/fr\\\/\",\"name\":\"webdo\",\"description\":\"Tunisie - News en Tunisie et \u00e0 l&#039;international sur Webdo.tn\",\"publisher\":{\"@id\":\"https:\\\/\\\/www.webdo.tn\\\/fr\\\/#organization\"},\"potentialAction\":[{\"@type\":\"SearchAction\",\"target\":{\"@type\":\"EntryPoint\",\"urlTemplate\":\"https:\\\/\\\/www.webdo.tn\\\/fr\\\/?s={search_term_string}\"},\"query-input\":{\"@type\":\"PropertyValueSpecification\",\"valueRequired\":true,\"valueName\":\"search_term_string\"}}],\"inLanguage\":\"fr-FR\"},{\"@type\":\"Organization\",\"@id\":\"https:\\\/\\\/www.webdo.tn\\\/fr\\\/#organization\",\"name\":\"Webdo\",\"alternateName\":\"Webdo.tn\",\"url\":\"https:\\\/\\\/www.webdo.tn\\\/fr\\\/\",\"logo\":{\"@type\":\"ImageObject\",\"inLanguage\":\"fr-FR\",\"@id\":\"https:\\\/\\\/www.webdo.tn\\\/fr\\\/#\\\/schema\\\/logo\\\/image\\\/\",\"url\":\"https:\\\/\\\/www.webdo.tn\\\/fr\\\/wp-content\\\/uploads\\\/2025\\\/06\\\/Webdo-Tunisie_168377.jpg\",\"contentUrl\":\"https:\\\/\\\/www.webdo.tn\\\/fr\\\/wp-content\\\/uploads\\\/2025\\\/06\\\/Webdo-Tunisie_168377.jpg\",\"width\":301,\"height\":301,\"caption\":\"Webdo\"},\"image\":{\"@id\":\"https:\\\/\\\/www.webdo.tn\\\/fr\\\/#\\\/schema\\\/logo\\\/image\\\/\"},\"sameAs\":[\"https:\\\/\\\/www.facebook.com\\\/webdotn\",\"https:\\\/\\\/x.com\\\/webdo_tn\"],\"description\":\"Webdo est un m\u00e9dia num\u00e9rique tunisien fond\u00e9 en 2010, sp\u00e9cialis\u00e9 dans l\u2019actualit\u00e9 nationale et internationale, l\u2019\u00e9conomie, la soci\u00e9t\u00e9 et les analyses politiques. Le site s\u2019adresse \u00e0 un large public francophone et couvre l\u2019information tunisienne en temps r\u00e9el.\",\"email\":\"redac@webdo.tn\",\"legalName\":\"YNJ SARL\",\"foundingDate\":\"2010-09-06\",\"numberOfEmployees\":{\"@type\":\"QuantitativeValue\",\"minValue\":\"11\",\"maxValue\":\"50\"}},{\"@type\":\"Person\",\"@id\":\"https:\\\/\\\/www.webdo.tn\\\/fr\\\/#\\\/schema\\\/person\\\/2c4929cbf5a809e3bd38617c6ce150f6\",\"name\":\"MC\",\"image\":{\"@type\":\"ImageObject\",\"inLanguage\":\"fr-FR\",\"@id\":\"https:\\\/\\\/secure.gravatar.com\\\/avatar\\\/a545bbb6f84efdd5553dbbc2895e3ca8f1d12c5215e00a041c9670b54aa9b18a?s=96&d=mm&r=g\",\"url\":\"https:\\\/\\\/secure.gravatar.com\\\/avatar\\\/a545bbb6f84efdd5553dbbc2895e3ca8f1d12c5215e00a041c9670b54aa9b18a?s=96&d=mm&r=g\",\"contentUrl\":\"https:\\\/\\\/secure.gravatar.com\\\/avatar\\\/a545bbb6f84efdd5553dbbc2895e3ca8f1d12c5215e00a041c9670b54aa9b18a?s=96&d=mm&r=g\",\"caption\":\"MC\"},\"url\":\"https:\\\/\\\/www.webdo.tn\\\/fr\\\/actualite\\\/author\\\/mc\\\/\"}]}<\/script>\n<!-- \/ Yoast SEO Premium plugin. -->","yoast_head_json":{"title":"L'UGTT va tenir une commission administrative en urgence","description":"L'UGTT a d\u00e9cid\u00e9 de tenir une commission administrative en urgence.","canonical":"https:\/\/www.webdo.tn\/fr\/actualite\/national\/l-ugtt-va-tenir-une-commission-administrative-en-urgence\/203533\/","og_locale":"fr_FR","og_type":"article","og_title":"L'UGTT va tenir une commission administrative en urgence","og_description":"L'UGTT a d\u00e9cid\u00e9 de tenir une commission administrative en urgence.","og_url":"https:\/\/www.webdo.tn\/fr\/actualite\/national\/l-ugtt-va-tenir-une-commission-administrative-en-urgence\/203533\/","og_site_name":"webdo","article_publisher":"https:\/\/www.facebook.com\/webdotn","article_published_time":"2023-03-03T09:26:00+00:00","article_modified_time":"2025-05-20T22:01:57+00:00","og_image":[{"width":750,"height":400,"url":"https:\/\/www.webdo.tn\/fr\/wp-content\/uploads\/2023\/03\/f28667ca79b73a60dd737f8f4ce63e5d.jpg","type":"image\/jpeg"}],"author":"MC","twitter_card":"summary_large_image","twitter_creator":"@webdo_tn","twitter_site":"@webdo_tn","twitter_misc":{"\u00c9crit par":"MC","Dur\u00e9e de lecture estim\u00e9e":"1 minute"},"schema":{"@context":"https:\/\/schema.org","@graph":[{"@type":"NewsArticle","@id":"https:\/\/www.webdo.tn\/fr\/actualite\/national\/l-ugtt-va-tenir-une-commission-administrative-en-urgence\/203533\/#article","isPartOf":{"@id":"https:\/\/www.webdo.tn\/fr\/actualite\/national\/l-ugtt-va-tenir-une-commission-administrative-en-urgence\/203533\/"},"author":{"name":"MC","@id":"https:\/\/www.webdo.tn\/fr\/#\/schema\/person\/2c4929cbf5a809e3bd38617c6ce150f6"},"headline":"L&rsquo;UGTT va tenir une commission administrative en urgence","datePublished":"2023-03-03T09:26:00+00:00","dateModified":"2025-05-20T22:01:57+00:00","mainEntityOfPage":{"@id":"https:\/\/www.webdo.tn\/fr\/actualite\/national\/l-ugtt-va-tenir-une-commission-administrative-en-urgence\/203533\/"},"wordCount":183,"commentCount":0,"publisher":{"@id":"https:\/\/www.webdo.tn\/fr\/#organization"},"image":{"@id":"https:\/\/www.webdo.tn\/fr\/actualite\/national\/l-ugtt-va-tenir-une-commission-administrative-en-urgence\/203533\/#primaryimage"},"thumbnailUrl":"https:\/\/www.webdo.tn\/fr\/wp-content\/uploads\/2023\/03\/f28667ca79b73a60dd737f8f4ce63e5d.jpg","keywords":["interdiction","UGTT"],"articleSection":["National"],"inLanguage":"fr-FR"},{"@type":"WebPage","@id":"https:\/\/www.webdo.tn\/fr\/actualite\/national\/l-ugtt-va-tenir-une-commission-administrative-en-urgence\/203533\/","url":"https:\/\/www.webdo.tn\/fr\/actualite\/national\/l-ugtt-va-tenir-une-commission-administrative-en-urgence\/203533\/","name":"L'UGTT va tenir une commission administrative en urgence","isPartOf":{"@id":"https:\/\/www.webdo.tn\/fr\/#website"},"primaryImageOfPage":{"@id":"https:\/\/www.webdo.tn\/fr\/actualite\/national\/l-ugtt-va-tenir-une-commission-administrative-en-urgence\/203533\/#primaryimage"},"image":{"@id":"https:\/\/www.webdo.tn\/fr\/actualite\/national\/l-ugtt-va-tenir-une-commission-administrative-en-urgence\/203533\/#primaryimage"},"thumbnailUrl":"https:\/\/www.webdo.tn\/fr\/wp-content\/uploads\/2023\/03\/f28667ca79b73a60dd737f8f4ce63e5d.jpg","datePublished":"2023-03-03T09:26:00+00:00","dateModified":"2025-05-20T22:01:57+00:00","description":"L'UGTT a d\u00e9cid\u00e9 de tenir une commission administrative en urgence.","breadcrumb":{"@id":"https:\/\/www.webdo.tn\/fr\/actualite\/national\/l-ugtt-va-tenir-une-commission-administrative-en-urgence\/203533\/#breadcrumb"},"inLanguage":"fr-FR","potentialAction":[{"@type":"ReadAction","target":["https:\/\/www.webdo.tn\/fr\/actualite\/national\/l-ugtt-va-tenir-une-commission-administrative-en-urgence\/203533\/"]}]},{"@type":"ImageObject","inLanguage":"fr-FR","@id":"https:\/\/www.webdo.tn\/fr\/actualite\/national\/l-ugtt-va-tenir-une-commission-administrative-en-urgence\/203533\/#primaryimage","url":"https:\/\/www.webdo.tn\/fr\/wp-content\/uploads\/2023\/03\/f28667ca79b73a60dd737f8f4ce63e5d.jpg","contentUrl":"https:\/\/www.webdo.tn\/fr\/wp-content\/uploads\/2023\/03\/f28667ca79b73a60dd737f8f4ce63e5d.jpg","width":750,"height":400,"caption":"L'UGTT va tenir une commission administrative en urgence"},{"@type":"BreadcrumbList","@id":"https:\/\/www.webdo.tn\/fr\/actualite\/national\/l-ugtt-va-tenir-une-commission-administrative-en-urgence\/203533\/#breadcrumb","itemListElement":[{"@type":"ListItem","position":1,"name":"Accueil","item":"https:\/\/www.webdo.tn\/fr\/"},{"@type":"ListItem","position":2,"name":"L&#8217;UGTT va tenir une commission administrative en urgence"}]},{"@type":"WebSite","@id":"https:\/\/www.webdo.tn\/fr\/#website","url":"https:\/\/www.webdo.tn\/fr\/","name":"webdo","description":"Tunisie - News en Tunisie et \u00e0 l&#039;international sur Webdo.tn","publisher":{"@id":"https:\/\/www.webdo.tn\/fr\/#organization"},"potentialAction":[{"@type":"SearchAction","target":{"@type":"EntryPoint","urlTemplate":"https:\/\/www.webdo.tn\/fr\/?s={search_term_string}"},"query-input":{"@type":"PropertyValueSpecification","valueRequired":true,"valueName":"search_term_string"}}],"inLanguage":"fr-FR"},{"@type":"Organization","@id":"https:\/\/www.webdo.tn\/fr\/#organization","name":"Webdo","alternateName":"Webdo.tn","url":"https:\/\/www.webdo.tn\/fr\/","logo":{"@type":"ImageObject","inLanguage":"fr-FR","@id":"https:\/\/www.webdo.tn\/fr\/#\/schema\/logo\/image\/","url":"https:\/\/www.webdo.tn\/fr\/wp-content\/uploads\/2025\/06\/Webdo-Tunisie_168377.jpg","contentUrl":"https:\/\/www.webdo.tn\/fr\/wp-content\/uploads\/2025\/06\/Webdo-Tunisie_168377.jpg","width":301,"height":301,"caption":"Webdo"},"image":{"@id":"https:\/\/www.webdo.tn\/fr\/#\/schema\/logo\/image\/"},"sameAs":["https:\/\/www.facebook.com\/webdotn","https:\/\/x.com\/webdo_tn"],"description":"Webdo est un m\u00e9dia num\u00e9rique tunisien fond\u00e9 en 2010, sp\u00e9cialis\u00e9 dans l\u2019actualit\u00e9 nationale et internationale, l\u2019\u00e9conomie, la soci\u00e9t\u00e9 et les analyses politiques. Le site s\u2019adresse \u00e0 un large public francophone et couvre l\u2019information tunisienne en temps r\u00e9el.","email":"redac@webdo.tn","legalName":"YNJ SARL","foundingDate":"2010-09-06","numberOfEmployees":{"@type":"QuantitativeValue","minValue":"11","maxValue":"50"}},{"@type":"Person","@id":"https:\/\/www.webdo.tn\/fr\/#\/schema\/person\/2c4929cbf5a809e3bd38617c6ce150f6","name":"MC","image":{"@type":"ImageObject","inLanguage":"fr-FR","@id":"https:\/\/secure.gravatar.com\/avatar\/a545bbb6f84efdd5553dbbc2895e3ca8f1d12c5215e00a041c9670b54aa9b18a?s=96&d=mm&r=g","url":"https:\/\/secure.gravatar.com\/avatar\/a545bbb6f84efdd5553dbbc2895e3ca8f1d12c5215e00a041c9670b54aa9b18a?s=96&d=mm&r=g","contentUrl":"https:\/\/secure.gravatar.com\/avatar\/a545bbb6f84efdd5553dbbc2895e3ca8f1d12c5215e00a041c9670b54aa9b18a?s=96&d=mm&r=g","caption":"MC"},"url":"https:\/\/www.webdo.tn\/fr\/actualite\/author\/mc\/"}]}},"_links":{"self":[{"href":"https:\/\/www.webdo.tn\/fr\/wp-json\/wp\/v2\/posts\/203533","targetHints":{"allow":["GET"]}}],"collection":[{"href":"https:\/\/www.webdo.tn\/fr\/wp-json\/wp\/v2\/posts"}],"about":[{"href":"https:\/\/www.webdo.tn\/fr\/wp-json\/wp\/v2\/types\/post"}],"author":[{"embeddable":true,"href":"https:\/\/www.webdo.tn\/fr\/wp-json\/wp\/v2\/users\/3162"}],"replies":[{"embeddable":true,"href":"https:\/\/www.webdo.tn\/fr\/wp-json\/wp\/v2\/comments?post=203533"}],"version-history":[{"count":0,"href":"https:\/\/www.webdo.tn\/fr\/wp-json\/wp\/v2\/posts\/203533\/revisions"}],"wp:featuredmedia":[{"embeddable":true,"href":"https:\/\/www.webdo.tn\/fr\/wp-json\/wp\/v2\/media\/251830"}],"wp:attachment":[{"href":"https:\/\/www.webdo.tn\/fr\/wp-json\/wp\/v2\/media?parent=203533"}],"wp:term":[{"taxonomy":"category","embeddable":true,"href":"https:\/\/www.webdo.tn\/fr\/wp-json\/wp\/v2\/categories?post=203533"},{"taxonomy":"post_tag","embeddable":true,"href":"https:\/\/www.webdo.tn\/fr\/wp-json\/wp\/v2\/tags?post=203533"}],"curies":[{"name":"wp","href":"https:\/\/api.w.org\/{rel}","templated":true}]}}