{"id":203532,"date":"2023-03-03T09:14:00","date_gmt":"2023-03-03T09:14:00","guid":{"rendered":"https:\/\/www.webdo.tn\/fr\/blog\/le-front-de-salut-national-rejette-l-interdiction-de-manifester-decretee-par-le-gouverneur\/203532\/"},"modified":"2025-05-20T22:01:56","modified_gmt":"2025-05-20T22:01:56","slug":"le-front-de-salut-national-rejette-l-interdiction-de-manifester-decretee-par-le-gouverneur","status":"publish","type":"post","link":"https:\/\/www.webdo.tn\/fr\/actualite\/national\/le-front-de-salut-national-rejette-l-interdiction-de-manifester-decretee-par-le-gouverneur\/203532\/","title":{"rendered":"Le Front de Salut national rejette l\u2019interdiction de manifester d\u00e9cr\u00e9t\u00e9e par le gouverneur"},"content":{"rendered":"<p>Le gouverneur de Tunis, Kamel Fekih, ayant refus\u00e9 d\u2019accorder une autorisation au Front de salut national (FSN) pour l&rsquo;organisation d&rsquo;une marche, ce dimanche 5 mars 2023, le Front revendique tout de m\u00eame son droit de manifester.<\/p>\n<p>\t\t\t\t\t\t\t\t\tSelon le gouvernorat de Tunis, \u00ab\u00a0le gouverneur a d\u00e9cid\u00e9 de ne pas accorder une autorisation d&rsquo;organisation pour la marche du Front de salut\u00a0\u00bb pr\u00e9vue le 5 mars 2023.<\/p>\n<p>Une marche programm\u00e9e afin de manifester contre les accusations port\u00e9es \u00e0 l&rsquo;encontre de certains dirigeants du FSN pour complot contre la s\u00e9curit\u00e9 de l\u2019Etat, Chaima Issa, Ridha Belhadj et Jawhar Ben Mbarek ayant \u00e9t\u00e9 arr\u00eat\u00e9s dans le cadre de l\u2019affaire de complot contre la s\u00e9curit\u00e9 de l\u2019Etat.<\/p>\n<p>Le Front avait d\u00e9pos\u00e9, aupr\u00e8s du gouvernorat de Tunis, une demande pour l\u2019organisation d\u2019une marche qui part de la Place de la R\u00e9publique pour arriver \u00e0 l\u2019avenue Habib Bourguiba, en passant par l\u2019Avenue de Paris.<\/p>\n<p>Pour le Front de salut, cette marche est organis\u00e9e en protestation contre \u00ab\u00a0les arrestations politiques et la violation des libert\u00e9s individuelles et collectives\u00a0\u00bb.<\/p>\n<p>Suite au refus du gouverneur de Tunis, le Front a rendu public un communiqu\u00e9, jeudi 2 mars 2023, pour r\u00e9agir \u00e0 cette interdiction de manifester.<\/p>\n<p>Selon le FSN, les rassemblements publics et les manifestations sont libres et peuvent se tenir sans autorisation pr\u00e9alable, soulignant que le gouverneur de Tunis n&rsquo;a pas le pouvoir de d\u00e9cider du sort de la manifestation.<\/p>\n<p>La d\u00e9cision d&rsquo;interdire la manifestation est consid\u00e9r\u00e9e comme une atteinte injustifi\u00e9e \u00e0 la libert\u00e9 de r\u00e9union et d&rsquo;expression pacifique, des droits acquis apr\u00e8s la r\u00e9volution de 2011, a encore estim\u00e9 le FSN.<\/p>\n<p>Le Front de Salut national a exprim\u00e9 son refus de cette mesure qu\u2019il consid\u00e8re injuste et revendique son droit de manifester pacifiquement le 5 mars 2023 \u00e0 10 heures, de la place de la R\u00e9publique \u00e0 l&rsquo;avenue Habib Bourguiba.<\/p>\n","protected":false},"excerpt":{"rendered":"<p>Le gouverneur de Tunis, Kamel Fekih a refus\u00e9 d\u2019accorder une autorisation au Front de salut national pour l&rsquo;organisation d&rsquo;une marche, ce dimanche 5 mars 2023.<\/p>\n","protected":false},"author":3162,"featured_media":251828,"comment_status":"open","ping_status":"closed","sticky":false,"template":"","format":"standard","meta":{"footnotes":""},"categories":[44],"tags":[6531,4338,2817],"class_list":["post-203532","post","type-post","status-publish","format-standard","has-post-thumbnail","hentry","category-national","tag-front-de-salut-national","tag-interdiction","tag-manifestation"],"yoast_head":"<!-- This site is optimized with the Yoast SEO Premium plugin v27.4 (Yoast SEO v27.5) - https:\/\/yoast.com\/product\/yoast-seo-premium-wordpress\/ -->\n<title>Le Front de Salut national rejette l\u2019interdiction de manifester d\u00e9cr\u00e9t\u00e9e par le gouverneur<\/title>\n<meta name=\"description\" content=\"Le gouverneur de Tunis, Kamel Fekih a refus\u00e9 d\u2019accorder une autorisation au Front de salut national pour l&#039;organisation d&#039;une marche, ce dimanche 5 mars 2023.\" \/>\n<link rel=\"canonical\" href=\"https:\/\/www.webdo.tn\/fr\/actualite\/national\/le-front-de-salut-national-rejette-l-interdiction-de-manifester-decretee-par-le-gouverneur\/203532\/\" \/>\n<meta property=\"og:locale\" content=\"fr_FR\" \/>\n<meta property=\"og:type\" content=\"article\" \/>\n<meta property=\"og:title\" content=\"Le Front de Salut national rejette l\u2019interdiction de manifester d\u00e9cr\u00e9t\u00e9e par le gouverneur\" \/>\n<meta property=\"og:description\" content=\"Le gouverneur de Tunis, Kamel Fekih a refus\u00e9 d\u2019accorder une autorisation au Front de salut national pour l&#039;organisation d&#039;une marche, ce dimanche 5 mars 2023.\" \/>\n<meta property=\"og:url\" content=\"https:\/\/www.webdo.tn\/fr\/actualite\/national\/le-front-de-salut-national-rejette-l-interdiction-de-manifester-decretee-par-le-gouverneur\/203532\/\" \/>\n<meta property=\"og:site_name\" content=\"webdo\" \/>\n<meta property=\"article:publisher\" content=\"https:\/\/www.facebook.com\/webdotn\" \/>\n<meta property=\"article:published_time\" content=\"2023-03-03T09:14:00+00:00\" \/>\n<meta property=\"article:modified_time\" content=\"2025-05-20T22:01:56+00:00\" \/>\n<meta property=\"og:image\" content=\"https:\/\/www.webdo.tn\/fr\/wp-content\/uploads\/2023\/03\/7c387f14d07002f88b49c6d62cd9f78a.jpg\" \/>\n\t<meta property=\"og:image:width\" content=\"750\" \/>\n\t<meta property=\"og:image:height\" content=\"400\" \/>\n\t<meta property=\"og:image:type\" content=\"image\/jpeg\" \/>\n<meta name=\"author\" content=\"MC\" \/>\n<meta name=\"twitter:card\" content=\"summary_large_image\" \/>\n<meta name=\"twitter:creator\" content=\"@webdo_tn\" \/>\n<meta name=\"twitter:site\" content=\"@webdo_tn\" \/>\n<meta name=\"twitter:label1\" content=\"\u00c9crit par\" \/>\n\t<meta name=\"twitter:data1\" content=\"MC\" \/>\n\t<meta name=\"twitter:label2\" content=\"Dur\u00e9e de lecture estim\u00e9e\" \/>\n\t<meta name=\"twitter:data2\" content=\"2 minutes\" \/>\n<script type=\"application\/ld+json\" class=\"yoast-schema-graph\">{\"@context\":\"https:\\\/\\\/schema.org\",\"@graph\":[{\"@type\":\"NewsArticle\",\"@id\":\"https:\\\/\\\/www.webdo.tn\\\/fr\\\/actualite\\\/national\\\/le-front-de-salut-national-rejette-l-interdiction-de-manifester-decretee-par-le-gouverneur\\\/203532\\\/#article\",\"isPartOf\":{\"@id\":\"https:\\\/\\\/www.webdo.tn\\\/fr\\\/actualite\\\/national\\\/le-front-de-salut-national-rejette-l-interdiction-de-manifester-decretee-par-le-gouverneur\\\/203532\\\/\"},\"author\":{\"name\":\"MC\",\"@id\":\"https:\\\/\\\/www.webdo.tn\\\/fr\\\/#\\\/schema\\\/person\\\/2c4929cbf5a809e3bd38617c6ce150f6\"},\"headline\":\"Le Front de Salut national rejette l\u2019interdiction de manifester d\u00e9cr\u00e9t\u00e9e par le gouverneur\",\"datePublished\":\"2023-03-03T09:14:00+00:00\",\"dateModified\":\"2025-05-20T22:01:56+00:00\",\"mainEntityOfPage\":{\"@id\":\"https:\\\/\\\/www.webdo.tn\\\/fr\\\/actualite\\\/national\\\/le-front-de-salut-national-rejette-l-interdiction-de-manifester-decretee-par-le-gouverneur\\\/203532\\\/\"},\"wordCount\":344,\"commentCount\":0,\"publisher\":{\"@id\":\"https:\\\/\\\/www.webdo.tn\\\/fr\\\/#organization\"},\"image\":{\"@id\":\"https:\\\/\\\/www.webdo.tn\\\/fr\\\/actualite\\\/national\\\/le-front-de-salut-national-rejette-l-interdiction-de-manifester-decretee-par-le-gouverneur\\\/203532\\\/#primaryimage\"},\"thumbnailUrl\":\"https:\\\/\\\/www.webdo.tn\\\/fr\\\/wp-content\\\/uploads\\\/2023\\\/03\\\/7c387f14d07002f88b49c6d62cd9f78a.jpg\",\"keywords\":[\"Front de Salut national\",\"interdiction\",\"Manifestation\"],\"articleSection\":[\"National\"],\"inLanguage\":\"fr-FR\"},{\"@type\":\"WebPage\",\"@id\":\"https:\\\/\\\/www.webdo.tn\\\/fr\\\/actualite\\\/national\\\/le-front-de-salut-national-rejette-l-interdiction-de-manifester-decretee-par-le-gouverneur\\\/203532\\\/\",\"url\":\"https:\\\/\\\/www.webdo.tn\\\/fr\\\/actualite\\\/national\\\/le-front-de-salut-national-rejette-l-interdiction-de-manifester-decretee-par-le-gouverneur\\\/203532\\\/\",\"name\":\"Le Front de Salut national rejette l\u2019interdiction de manifester d\u00e9cr\u00e9t\u00e9e par le gouverneur\",\"isPartOf\":{\"@id\":\"https:\\\/\\\/www.webdo.tn\\\/fr\\\/#website\"},\"primaryImageOfPage\":{\"@id\":\"https:\\\/\\\/www.webdo.tn\\\/fr\\\/actualite\\\/national\\\/le-front-de-salut-national-rejette-l-interdiction-de-manifester-decretee-par-le-gouverneur\\\/203532\\\/#primaryimage\"},\"image\":{\"@id\":\"https:\\\/\\\/www.webdo.tn\\\/fr\\\/actualite\\\/national\\\/le-front-de-salut-national-rejette-l-interdiction-de-manifester-decretee-par-le-gouverneur\\\/203532\\\/#primaryimage\"},\"thumbnailUrl\":\"https:\\\/\\\/www.webdo.tn\\\/fr\\\/wp-content\\\/uploads\\\/2023\\\/03\\\/7c387f14d07002f88b49c6d62cd9f78a.jpg\",\"datePublished\":\"2023-03-03T09:14:00+00:00\",\"dateModified\":\"2025-05-20T22:01:56+00:00\",\"description\":\"Le gouverneur de Tunis, Kamel Fekih a refus\u00e9 d\u2019accorder une autorisation au Front de salut national pour l'organisation d'une marche, ce dimanche 5 mars 2023.\",\"breadcrumb\":{\"@id\":\"https:\\\/\\\/www.webdo.tn\\\/fr\\\/actualite\\\/national\\\/le-front-de-salut-national-rejette-l-interdiction-de-manifester-decretee-par-le-gouverneur\\\/203532\\\/#breadcrumb\"},\"inLanguage\":\"fr-FR\",\"potentialAction\":[{\"@type\":\"ReadAction\",\"target\":[\"https:\\\/\\\/www.webdo.tn\\\/fr\\\/actualite\\\/national\\\/le-front-de-salut-national-rejette-l-interdiction-de-manifester-decretee-par-le-gouverneur\\\/203532\\\/\"]}]},{\"@type\":\"ImageObject\",\"inLanguage\":\"fr-FR\",\"@id\":\"https:\\\/\\\/www.webdo.tn\\\/fr\\\/actualite\\\/national\\\/le-front-de-salut-national-rejette-l-interdiction-de-manifester-decretee-par-le-gouverneur\\\/203532\\\/#primaryimage\",\"url\":\"https:\\\/\\\/www.webdo.tn\\\/fr\\\/wp-content\\\/uploads\\\/2023\\\/03\\\/7c387f14d07002f88b49c6d62cd9f78a.jpg\",\"contentUrl\":\"https:\\\/\\\/www.webdo.tn\\\/fr\\\/wp-content\\\/uploads\\\/2023\\\/03\\\/7c387f14d07002f88b49c6d62cd9f78a.jpg\",\"width\":750,\"height\":400,\"caption\":\"Le Front de Salut national rejette l\u2019interdiction de manifester d\u00e9cr\u00e9t\u00e9e par le gouverneur\"},{\"@type\":\"BreadcrumbList\",\"@id\":\"https:\\\/\\\/www.webdo.tn\\\/fr\\\/actualite\\\/national\\\/le-front-de-salut-national-rejette-l-interdiction-de-manifester-decretee-par-le-gouverneur\\\/203532\\\/#breadcrumb\",\"itemListElement\":[{\"@type\":\"ListItem\",\"position\":1,\"name\":\"Accueil\",\"item\":\"https:\\\/\\\/www.webdo.tn\\\/fr\\\/\"},{\"@type\":\"ListItem\",\"position\":2,\"name\":\"Le Front de Salut national rejette l\u2019interdiction de manifester d\u00e9cr\u00e9t\u00e9e par le gouverneur\"}]},{\"@type\":\"WebSite\",\"@id\":\"https:\\\/\\\/www.webdo.tn\\\/fr\\\/#website\",\"url\":\"https:\\\/\\\/www.webdo.tn\\\/fr\\\/\",\"name\":\"webdo\",\"description\":\"Tunisie - News en Tunisie et \u00e0 l&#039;international sur Webdo.tn\",\"publisher\":{\"@id\":\"https:\\\/\\\/www.webdo.tn\\\/fr\\\/#organization\"},\"potentialAction\":[{\"@type\":\"SearchAction\",\"target\":{\"@type\":\"EntryPoint\",\"urlTemplate\":\"https:\\\/\\\/www.webdo.tn\\\/fr\\\/?s={search_term_string}\"},\"query-input\":{\"@type\":\"PropertyValueSpecification\",\"valueRequired\":true,\"valueName\":\"search_term_string\"}}],\"inLanguage\":\"fr-FR\"},{\"@type\":\"Organization\",\"@id\":\"https:\\\/\\\/www.webdo.tn\\\/fr\\\/#organization\",\"name\":\"Webdo\",\"alternateName\":\"Webdo.tn\",\"url\":\"https:\\\/\\\/www.webdo.tn\\\/fr\\\/\",\"logo\":{\"@type\":\"ImageObject\",\"inLanguage\":\"fr-FR\",\"@id\":\"https:\\\/\\\/www.webdo.tn\\\/fr\\\/#\\\/schema\\\/logo\\\/image\\\/\",\"url\":\"https:\\\/\\\/www.webdo.tn\\\/fr\\\/wp-content\\\/uploads\\\/2025\\\/06\\\/Webdo-Tunisie_168377.jpg\",\"contentUrl\":\"https:\\\/\\\/www.webdo.tn\\\/fr\\\/wp-content\\\/uploads\\\/2025\\\/06\\\/Webdo-Tunisie_168377.jpg\",\"width\":301,\"height\":301,\"caption\":\"Webdo\"},\"image\":{\"@id\":\"https:\\\/\\\/www.webdo.tn\\\/fr\\\/#\\\/schema\\\/logo\\\/image\\\/\"},\"sameAs\":[\"https:\\\/\\\/www.facebook.com\\\/webdotn\",\"https:\\\/\\\/x.com\\\/webdo_tn\"],\"description\":\"Webdo est un m\u00e9dia num\u00e9rique tunisien fond\u00e9 en 2010, sp\u00e9cialis\u00e9 dans l\u2019actualit\u00e9 nationale et internationale, l\u2019\u00e9conomie, la soci\u00e9t\u00e9 et les analyses politiques. Le site s\u2019adresse \u00e0 un large public francophone et couvre l\u2019information tunisienne en temps r\u00e9el.\",\"email\":\"redac@webdo.tn\",\"legalName\":\"YNJ SARL\",\"foundingDate\":\"2010-09-06\",\"numberOfEmployees\":{\"@type\":\"QuantitativeValue\",\"minValue\":\"11\",\"maxValue\":\"50\"}},{\"@type\":\"Person\",\"@id\":\"https:\\\/\\\/www.webdo.tn\\\/fr\\\/#\\\/schema\\\/person\\\/2c4929cbf5a809e3bd38617c6ce150f6\",\"name\":\"MC\",\"image\":{\"@type\":\"ImageObject\",\"inLanguage\":\"fr-FR\",\"@id\":\"https:\\\/\\\/secure.gravatar.com\\\/avatar\\\/a545bbb6f84efdd5553dbbc2895e3ca8f1d12c5215e00a041c9670b54aa9b18a?s=96&d=mm&r=g\",\"url\":\"https:\\\/\\\/secure.gravatar.com\\\/avatar\\\/a545bbb6f84efdd5553dbbc2895e3ca8f1d12c5215e00a041c9670b54aa9b18a?s=96&d=mm&r=g\",\"contentUrl\":\"https:\\\/\\\/secure.gravatar.com\\\/avatar\\\/a545bbb6f84efdd5553dbbc2895e3ca8f1d12c5215e00a041c9670b54aa9b18a?s=96&d=mm&r=g\",\"caption\":\"MC\"},\"url\":\"https:\\\/\\\/www.webdo.tn\\\/fr\\\/actualite\\\/author\\\/mc\\\/\"}]}<\/script>\n<!-- \/ Yoast SEO Premium plugin. -->","yoast_head_json":{"title":"Le Front de Salut national rejette l\u2019interdiction de manifester d\u00e9cr\u00e9t\u00e9e par le gouverneur","description":"Le gouverneur de Tunis, Kamel Fekih a refus\u00e9 d\u2019accorder une autorisation au Front de salut national pour l'organisation d'une marche, ce dimanche 5 mars 2023.","canonical":"https:\/\/www.webdo.tn\/fr\/actualite\/national\/le-front-de-salut-national-rejette-l-interdiction-de-manifester-decretee-par-le-gouverneur\/203532\/","og_locale":"fr_FR","og_type":"article","og_title":"Le Front de Salut national rejette l\u2019interdiction de manifester d\u00e9cr\u00e9t\u00e9e par le gouverneur","og_description":"Le gouverneur de Tunis, Kamel Fekih a refus\u00e9 d\u2019accorder une autorisation au Front de salut national pour l'organisation d'une marche, ce dimanche 5 mars 2023.","og_url":"https:\/\/www.webdo.tn\/fr\/actualite\/national\/le-front-de-salut-national-rejette-l-interdiction-de-manifester-decretee-par-le-gouverneur\/203532\/","og_site_name":"webdo","article_publisher":"https:\/\/www.facebook.com\/webdotn","article_published_time":"2023-03-03T09:14:00+00:00","article_modified_time":"2025-05-20T22:01:56+00:00","og_image":[{"width":750,"height":400,"url":"https:\/\/www.webdo.tn\/fr\/wp-content\/uploads\/2023\/03\/7c387f14d07002f88b49c6d62cd9f78a.jpg","type":"image\/jpeg"}],"author":"MC","twitter_card":"summary_large_image","twitter_creator":"@webdo_tn","twitter_site":"@webdo_tn","twitter_misc":{"\u00c9crit par":"MC","Dur\u00e9e de lecture estim\u00e9e":"2 minutes"},"schema":{"@context":"https:\/\/schema.org","@graph":[{"@type":"NewsArticle","@id":"https:\/\/www.webdo.tn\/fr\/actualite\/national\/le-front-de-salut-national-rejette-l-interdiction-de-manifester-decretee-par-le-gouverneur\/203532\/#article","isPartOf":{"@id":"https:\/\/www.webdo.tn\/fr\/actualite\/national\/le-front-de-salut-national-rejette-l-interdiction-de-manifester-decretee-par-le-gouverneur\/203532\/"},"author":{"name":"MC","@id":"https:\/\/www.webdo.tn\/fr\/#\/schema\/person\/2c4929cbf5a809e3bd38617c6ce150f6"},"headline":"Le Front de Salut national rejette l\u2019interdiction de manifester d\u00e9cr\u00e9t\u00e9e par le gouverneur","datePublished":"2023-03-03T09:14:00+00:00","dateModified":"2025-05-20T22:01:56+00:00","mainEntityOfPage":{"@id":"https:\/\/www.webdo.tn\/fr\/actualite\/national\/le-front-de-salut-national-rejette-l-interdiction-de-manifester-decretee-par-le-gouverneur\/203532\/"},"wordCount":344,"commentCount":0,"publisher":{"@id":"https:\/\/www.webdo.tn\/fr\/#organization"},"image":{"@id":"https:\/\/www.webdo.tn\/fr\/actualite\/national\/le-front-de-salut-national-rejette-l-interdiction-de-manifester-decretee-par-le-gouverneur\/203532\/#primaryimage"},"thumbnailUrl":"https:\/\/www.webdo.tn\/fr\/wp-content\/uploads\/2023\/03\/7c387f14d07002f88b49c6d62cd9f78a.jpg","keywords":["Front de Salut national","interdiction","Manifestation"],"articleSection":["National"],"inLanguage":"fr-FR"},{"@type":"WebPage","@id":"https:\/\/www.webdo.tn\/fr\/actualite\/national\/le-front-de-salut-national-rejette-l-interdiction-de-manifester-decretee-par-le-gouverneur\/203532\/","url":"https:\/\/www.webdo.tn\/fr\/actualite\/national\/le-front-de-salut-national-rejette-l-interdiction-de-manifester-decretee-par-le-gouverneur\/203532\/","name":"Le Front de Salut national rejette l\u2019interdiction de manifester d\u00e9cr\u00e9t\u00e9e par le gouverneur","isPartOf":{"@id":"https:\/\/www.webdo.tn\/fr\/#website"},"primaryImageOfPage":{"@id":"https:\/\/www.webdo.tn\/fr\/actualite\/national\/le-front-de-salut-national-rejette-l-interdiction-de-manifester-decretee-par-le-gouverneur\/203532\/#primaryimage"},"image":{"@id":"https:\/\/www.webdo.tn\/fr\/actualite\/national\/le-front-de-salut-national-rejette-l-interdiction-de-manifester-decretee-par-le-gouverneur\/203532\/#primaryimage"},"thumbnailUrl":"https:\/\/www.webdo.tn\/fr\/wp-content\/uploads\/2023\/03\/7c387f14d07002f88b49c6d62cd9f78a.jpg","datePublished":"2023-03-03T09:14:00+00:00","dateModified":"2025-05-20T22:01:56+00:00","description":"Le gouverneur de Tunis, Kamel Fekih a refus\u00e9 d\u2019accorder une autorisation au Front de salut national pour l'organisation d'une marche, ce dimanche 5 mars 2023.","breadcrumb":{"@id":"https:\/\/www.webdo.tn\/fr\/actualite\/national\/le-front-de-salut-national-rejette-l-interdiction-de-manifester-decretee-par-le-gouverneur\/203532\/#breadcrumb"},"inLanguage":"fr-FR","potentialAction":[{"@type":"ReadAction","target":["https:\/\/www.webdo.tn\/fr\/actualite\/national\/le-front-de-salut-national-rejette-l-interdiction-de-manifester-decretee-par-le-gouverneur\/203532\/"]}]},{"@type":"ImageObject","inLanguage":"fr-FR","@id":"https:\/\/www.webdo.tn\/fr\/actualite\/national\/le-front-de-salut-national-rejette-l-interdiction-de-manifester-decretee-par-le-gouverneur\/203532\/#primaryimage","url":"https:\/\/www.webdo.tn\/fr\/wp-content\/uploads\/2023\/03\/7c387f14d07002f88b49c6d62cd9f78a.jpg","contentUrl":"https:\/\/www.webdo.tn\/fr\/wp-content\/uploads\/2023\/03\/7c387f14d07002f88b49c6d62cd9f78a.jpg","width":750,"height":400,"caption":"Le Front de Salut national rejette l\u2019interdiction de manifester d\u00e9cr\u00e9t\u00e9e par le gouverneur"},{"@type":"BreadcrumbList","@id":"https:\/\/www.webdo.tn\/fr\/actualite\/national\/le-front-de-salut-national-rejette-l-interdiction-de-manifester-decretee-par-le-gouverneur\/203532\/#breadcrumb","itemListElement":[{"@type":"ListItem","position":1,"name":"Accueil","item":"https:\/\/www.webdo.tn\/fr\/"},{"@type":"ListItem","position":2,"name":"Le Front de Salut national rejette l\u2019interdiction de manifester d\u00e9cr\u00e9t\u00e9e par le gouverneur"}]},{"@type":"WebSite","@id":"https:\/\/www.webdo.tn\/fr\/#website","url":"https:\/\/www.webdo.tn\/fr\/","name":"webdo","description":"Tunisie - News en Tunisie et \u00e0 l&#039;international sur Webdo.tn","publisher":{"@id":"https:\/\/www.webdo.tn\/fr\/#organization"},"potentialAction":[{"@type":"SearchAction","target":{"@type":"EntryPoint","urlTemplate":"https:\/\/www.webdo.tn\/fr\/?s={search_term_string}"},"query-input":{"@type":"PropertyValueSpecification","valueRequired":true,"valueName":"search_term_string"}}],"inLanguage":"fr-FR"},{"@type":"Organization","@id":"https:\/\/www.webdo.tn\/fr\/#organization","name":"Webdo","alternateName":"Webdo.tn","url":"https:\/\/www.webdo.tn\/fr\/","logo":{"@type":"ImageObject","inLanguage":"fr-FR","@id":"https:\/\/www.webdo.tn\/fr\/#\/schema\/logo\/image\/","url":"https:\/\/www.webdo.tn\/fr\/wp-content\/uploads\/2025\/06\/Webdo-Tunisie_168377.jpg","contentUrl":"https:\/\/www.webdo.tn\/fr\/wp-content\/uploads\/2025\/06\/Webdo-Tunisie_168377.jpg","width":301,"height":301,"caption":"Webdo"},"image":{"@id":"https:\/\/www.webdo.tn\/fr\/#\/schema\/logo\/image\/"},"sameAs":["https:\/\/www.facebook.com\/webdotn","https:\/\/x.com\/webdo_tn"],"description":"Webdo est un m\u00e9dia num\u00e9rique tunisien fond\u00e9 en 2010, sp\u00e9cialis\u00e9 dans l\u2019actualit\u00e9 nationale et internationale, l\u2019\u00e9conomie, la soci\u00e9t\u00e9 et les analyses politiques. Le site s\u2019adresse \u00e0 un large public francophone et couvre l\u2019information tunisienne en temps r\u00e9el.","email":"redac@webdo.tn","legalName":"YNJ SARL","foundingDate":"2010-09-06","numberOfEmployees":{"@type":"QuantitativeValue","minValue":"11","maxValue":"50"}},{"@type":"Person","@id":"https:\/\/www.webdo.tn\/fr\/#\/schema\/person\/2c4929cbf5a809e3bd38617c6ce150f6","name":"MC","image":{"@type":"ImageObject","inLanguage":"fr-FR","@id":"https:\/\/secure.gravatar.com\/avatar\/a545bbb6f84efdd5553dbbc2895e3ca8f1d12c5215e00a041c9670b54aa9b18a?s=96&d=mm&r=g","url":"https:\/\/secure.gravatar.com\/avatar\/a545bbb6f84efdd5553dbbc2895e3ca8f1d12c5215e00a041c9670b54aa9b18a?s=96&d=mm&r=g","contentUrl":"https:\/\/secure.gravatar.com\/avatar\/a545bbb6f84efdd5553dbbc2895e3ca8f1d12c5215e00a041c9670b54aa9b18a?s=96&d=mm&r=g","caption":"MC"},"url":"https:\/\/www.webdo.tn\/fr\/actualite\/author\/mc\/"}]}},"_links":{"self":[{"href":"https:\/\/www.webdo.tn\/fr\/wp-json\/wp\/v2\/posts\/203532","targetHints":{"allow":["GET"]}}],"collection":[{"href":"https:\/\/www.webdo.tn\/fr\/wp-json\/wp\/v2\/posts"}],"about":[{"href":"https:\/\/www.webdo.tn\/fr\/wp-json\/wp\/v2\/types\/post"}],"author":[{"embeddable":true,"href":"https:\/\/www.webdo.tn\/fr\/wp-json\/wp\/v2\/users\/3162"}],"replies":[{"embeddable":true,"href":"https:\/\/www.webdo.tn\/fr\/wp-json\/wp\/v2\/comments?post=203532"}],"version-history":[{"count":0,"href":"https:\/\/www.webdo.tn\/fr\/wp-json\/wp\/v2\/posts\/203532\/revisions"}],"wp:featuredmedia":[{"embeddable":true,"href":"https:\/\/www.webdo.tn\/fr\/wp-json\/wp\/v2\/media\/251828"}],"wp:attachment":[{"href":"https:\/\/www.webdo.tn\/fr\/wp-json\/wp\/v2\/media?parent=203532"}],"wp:term":[{"taxonomy":"category","embeddable":true,"href":"https:\/\/www.webdo.tn\/fr\/wp-json\/wp\/v2\/categories?post=203532"},{"taxonomy":"post_tag","embeddable":true,"href":"https:\/\/www.webdo.tn\/fr\/wp-json\/wp\/v2\/tags?post=203532"}],"curies":[{"name":"wp","href":"https:\/\/api.w.org\/{rel}","templated":true}]}}