{"id":203529,"date":"2023-03-03T08:51:00","date_gmt":"2023-03-03T08:51:00","guid":{"rendered":"https:\/\/www.webdo.tn\/fr\/blog\/vague-d-arrestations-en-tunisie-washington-s-inquiete\/203529\/"},"modified":"2025-05-20T22:01:57","modified_gmt":"2025-05-20T22:01:57","slug":"vague-d-arrestations-en-tunisie-washington-s-inquiete","status":"publish","type":"post","link":"https:\/\/www.webdo.tn\/fr\/actualite\/national\/vague-d-arrestations-en-tunisie-washington-s-inquiete\/203529\/","title":{"rendered":"Vague d\u2019arrestations en Tunisie : Washington s\u2019inqui\u00e8te !"},"content":{"rendered":"<p>Le d\u00e9partement d&rsquo;\u00c9tat am\u00e9ricain a d\u00e9nonc\u00e9, jeudi 2 mars 2023, \u00ab\u00a0l&rsquo;escalade\u00a0\u00bb en Tunisie apr\u00e8s la vague d&rsquo;arrestations de personnalit\u00e9s consid\u00e9r\u00e9es comme des opposants, et s\u2019inqui\u00e8te d&rsquo;informations faisant \u00e9tat de poursuites p\u00e9nales engag\u00e9es contre des personnes ayant eu des contacts avec des diplomates de l&rsquo;ambassade am\u00e9ricaine \u00e0 Tunis.<\/p>\n<p>\t\t\t\t\t\t\t\t\t\u00ab\u00a0Nous nous inqui\u00e9tons d&rsquo;informations selon lesquelles des poursuites p\u00e9nales ont \u00e9t\u00e9 engag\u00e9es contre des individus en Tunisie, r\u00e9sultant apparemment de leurs r\u00e9unions ou conversations avec des membres de l&rsquo;ambassade des \u00c9tats-Unis\u00a0\u00bb, a d\u00e9clar\u00e9 jeudi 2 mars le porte-parole du d\u00e9partement d&rsquo;\u00c9tat am\u00e9ricain, Ned Price.<\/p>\n<p>\u00ab\u00a0Cela fait partie comme je l&rsquo;ai d\u00e9j\u00e0 dit d&rsquo;une escalade dans les arrestations de personnes per\u00e7ues comme \u00e9tant critiques du gouvernement\u00a0\u00bb tunisien, a-t-il ajout\u00e9 devant la presse.<\/p>\n<p>Il s&rsquo;est refus\u00e9 \u00e0 identifier les personnes concern\u00e9es ni \u00e0 d\u00e9tailler les circonstances entourant ces contacts, mais les a justifi\u00e9s en soulignant que \u00ab\u00a0toutes nos ambassades, et (tous) nos diplomates \u00e0 travers le monde\u00a0\u00bb vont \u00e0 la rencontre de personnalit\u00e9s diverses dans tous les pays, a rapport\u00e9 l\u2019AFP.<\/p>\n","protected":false},"excerpt":{"rendered":"<p>Le d\u00e9partement d&rsquo;\u00c9tat am\u00e9ricain a d\u00e9nonc\u00e9, jeudi 2 mars 2023,  l&rsquo;escalade  en Tunisie apr\u00e8s la vague d&rsquo;arrestations de personnalit\u00e9s.<\/p>\n","protected":false},"author":3162,"featured_media":251834,"comment_status":"open","ping_status":"closed","sticky":false,"template":"","format":"standard","meta":{"footnotes":""},"categories":[44],"tags":[3673,3035,2608],"class_list":["post-203529","post","type-post","status-publish","format-standard","has-post-thumbnail","hentry","category-national","tag-arrestations","tag-etats-unis","tag-tunisie"],"yoast_head":"<!-- This site is optimized with the Yoast SEO Premium plugin v27.4 (Yoast SEO v27.5) - https:\/\/yoast.com\/product\/yoast-seo-premium-wordpress\/ -->\n<title>Vague d\u2019arrestations en Tunisie : Washington s\u2019inqui\u00e8te !<\/title>\n<meta name=\"description\" content=\"Le d\u00e9partement d&#039;\u00c9tat am\u00e9ricain a d\u00e9nonc\u00e9, jeudi 2 mars 2023, l&#039;escalade en Tunisie apr\u00e8s la vague d&#039;arrestations de personnalit\u00e9s.\" \/>\n<link rel=\"canonical\" href=\"https:\/\/www.webdo.tn\/fr\/actualite\/national\/vague-d-arrestations-en-tunisie-washington-s-inquiete\/203529\/\" \/>\n<meta property=\"og:locale\" content=\"fr_FR\" \/>\n<meta property=\"og:type\" content=\"article\" \/>\n<meta property=\"og:title\" content=\"Vague d\u2019arrestations en Tunisie : Washington s\u2019inqui\u00e8te !\" \/>\n<meta property=\"og:description\" content=\"Le d\u00e9partement d&#039;\u00c9tat am\u00e9ricain a d\u00e9nonc\u00e9, jeudi 2 mars 2023, l&#039;escalade en Tunisie apr\u00e8s la vague d&#039;arrestations de personnalit\u00e9s.\" \/>\n<meta property=\"og:url\" content=\"https:\/\/www.webdo.tn\/fr\/actualite\/national\/vague-d-arrestations-en-tunisie-washington-s-inquiete\/203529\/\" \/>\n<meta property=\"og:site_name\" content=\"webdo\" \/>\n<meta property=\"article:publisher\" content=\"https:\/\/www.facebook.com\/webdotn\" \/>\n<meta property=\"article:published_time\" content=\"2023-03-03T08:51:00+00:00\" \/>\n<meta property=\"article:modified_time\" content=\"2025-05-20T22:01:57+00:00\" \/>\n<meta property=\"og:image\" content=\"https:\/\/www.webdo.tn\/fr\/wp-content\/uploads\/2023\/03\/f63b95a265a4db96a706407ea2c7e6f5.jpg\" \/>\n\t<meta property=\"og:image:width\" content=\"750\" \/>\n\t<meta property=\"og:image:height\" content=\"400\" \/>\n\t<meta property=\"og:image:type\" content=\"image\/jpeg\" \/>\n<meta name=\"author\" content=\"MC\" \/>\n<meta name=\"twitter:card\" content=\"summary_large_image\" \/>\n<meta name=\"twitter:creator\" content=\"@webdo_tn\" \/>\n<meta name=\"twitter:site\" content=\"@webdo_tn\" \/>\n<meta name=\"twitter:label1\" content=\"\u00c9crit par\" \/>\n\t<meta name=\"twitter:data1\" content=\"MC\" \/>\n\t<meta name=\"twitter:label2\" content=\"Dur\u00e9e de lecture estim\u00e9e\" \/>\n\t<meta name=\"twitter:data2\" content=\"1 minute\" \/>\n<script type=\"application\/ld+json\" class=\"yoast-schema-graph\">{\"@context\":\"https:\\\/\\\/schema.org\",\"@graph\":[{\"@type\":\"NewsArticle\",\"@id\":\"https:\\\/\\\/www.webdo.tn\\\/fr\\\/actualite\\\/national\\\/vague-d-arrestations-en-tunisie-washington-s-inquiete\\\/203529\\\/#article\",\"isPartOf\":{\"@id\":\"https:\\\/\\\/www.webdo.tn\\\/fr\\\/actualite\\\/national\\\/vague-d-arrestations-en-tunisie-washington-s-inquiete\\\/203529\\\/\"},\"author\":{\"name\":\"MC\",\"@id\":\"https:\\\/\\\/www.webdo.tn\\\/fr\\\/#\\\/schema\\\/person\\\/2c4929cbf5a809e3bd38617c6ce150f6\"},\"headline\":\"Vague d\u2019arrestations en Tunisie : Washington s\u2019inqui\u00e8te !\",\"datePublished\":\"2023-03-03T08:51:00+00:00\",\"dateModified\":\"2025-05-20T22:01:57+00:00\",\"mainEntityOfPage\":{\"@id\":\"https:\\\/\\\/www.webdo.tn\\\/fr\\\/actualite\\\/national\\\/vague-d-arrestations-en-tunisie-washington-s-inquiete\\\/203529\\\/\"},\"wordCount\":205,\"commentCount\":0,\"publisher\":{\"@id\":\"https:\\\/\\\/www.webdo.tn\\\/fr\\\/#organization\"},\"image\":{\"@id\":\"https:\\\/\\\/www.webdo.tn\\\/fr\\\/actualite\\\/national\\\/vague-d-arrestations-en-tunisie-washington-s-inquiete\\\/203529\\\/#primaryimage\"},\"thumbnailUrl\":\"https:\\\/\\\/www.webdo.tn\\\/fr\\\/wp-content\\\/uploads\\\/2023\\\/03\\\/f63b95a265a4db96a706407ea2c7e6f5.jpg\",\"keywords\":[\"arrestations\",\"Etats-Unis\",\"Tunisie\"],\"articleSection\":[\"National\"],\"inLanguage\":\"fr-FR\"},{\"@type\":\"WebPage\",\"@id\":\"https:\\\/\\\/www.webdo.tn\\\/fr\\\/actualite\\\/national\\\/vague-d-arrestations-en-tunisie-washington-s-inquiete\\\/203529\\\/\",\"url\":\"https:\\\/\\\/www.webdo.tn\\\/fr\\\/actualite\\\/national\\\/vague-d-arrestations-en-tunisie-washington-s-inquiete\\\/203529\\\/\",\"name\":\"Vague d\u2019arrestations en Tunisie : Washington s\u2019inqui\u00e8te !\",\"isPartOf\":{\"@id\":\"https:\\\/\\\/www.webdo.tn\\\/fr\\\/#website\"},\"primaryImageOfPage\":{\"@id\":\"https:\\\/\\\/www.webdo.tn\\\/fr\\\/actualite\\\/national\\\/vague-d-arrestations-en-tunisie-washington-s-inquiete\\\/203529\\\/#primaryimage\"},\"image\":{\"@id\":\"https:\\\/\\\/www.webdo.tn\\\/fr\\\/actualite\\\/national\\\/vague-d-arrestations-en-tunisie-washington-s-inquiete\\\/203529\\\/#primaryimage\"},\"thumbnailUrl\":\"https:\\\/\\\/www.webdo.tn\\\/fr\\\/wp-content\\\/uploads\\\/2023\\\/03\\\/f63b95a265a4db96a706407ea2c7e6f5.jpg\",\"datePublished\":\"2023-03-03T08:51:00+00:00\",\"dateModified\":\"2025-05-20T22:01:57+00:00\",\"description\":\"Le d\u00e9partement d'\u00c9tat am\u00e9ricain a d\u00e9nonc\u00e9, jeudi 2 mars 2023, l'escalade en Tunisie apr\u00e8s la vague d'arrestations de personnalit\u00e9s.\",\"breadcrumb\":{\"@id\":\"https:\\\/\\\/www.webdo.tn\\\/fr\\\/actualite\\\/national\\\/vague-d-arrestations-en-tunisie-washington-s-inquiete\\\/203529\\\/#breadcrumb\"},\"inLanguage\":\"fr-FR\",\"potentialAction\":[{\"@type\":\"ReadAction\",\"target\":[\"https:\\\/\\\/www.webdo.tn\\\/fr\\\/actualite\\\/national\\\/vague-d-arrestations-en-tunisie-washington-s-inquiete\\\/203529\\\/\"]}]},{\"@type\":\"ImageObject\",\"inLanguage\":\"fr-FR\",\"@id\":\"https:\\\/\\\/www.webdo.tn\\\/fr\\\/actualite\\\/national\\\/vague-d-arrestations-en-tunisie-washington-s-inquiete\\\/203529\\\/#primaryimage\",\"url\":\"https:\\\/\\\/www.webdo.tn\\\/fr\\\/wp-content\\\/uploads\\\/2023\\\/03\\\/f63b95a265a4db96a706407ea2c7e6f5.jpg\",\"contentUrl\":\"https:\\\/\\\/www.webdo.tn\\\/fr\\\/wp-content\\\/uploads\\\/2023\\\/03\\\/f63b95a265a4db96a706407ea2c7e6f5.jpg\",\"width\":750,\"height\":400,\"caption\":\"Ned Price\"},{\"@type\":\"BreadcrumbList\",\"@id\":\"https:\\\/\\\/www.webdo.tn\\\/fr\\\/actualite\\\/national\\\/vague-d-arrestations-en-tunisie-washington-s-inquiete\\\/203529\\\/#breadcrumb\",\"itemListElement\":[{\"@type\":\"ListItem\",\"position\":1,\"name\":\"Accueil\",\"item\":\"https:\\\/\\\/www.webdo.tn\\\/fr\\\/\"},{\"@type\":\"ListItem\",\"position\":2,\"name\":\"Vague d\u2019arrestations en Tunisie : Washington s\u2019inqui\u00e8te !\"}]},{\"@type\":\"WebSite\",\"@id\":\"https:\\\/\\\/www.webdo.tn\\\/fr\\\/#website\",\"url\":\"https:\\\/\\\/www.webdo.tn\\\/fr\\\/\",\"name\":\"webdo\",\"description\":\"Tunisie - News en Tunisie et \u00e0 l&#039;international sur Webdo.tn\",\"publisher\":{\"@id\":\"https:\\\/\\\/www.webdo.tn\\\/fr\\\/#organization\"},\"potentialAction\":[{\"@type\":\"SearchAction\",\"target\":{\"@type\":\"EntryPoint\",\"urlTemplate\":\"https:\\\/\\\/www.webdo.tn\\\/fr\\\/?s={search_term_string}\"},\"query-input\":{\"@type\":\"PropertyValueSpecification\",\"valueRequired\":true,\"valueName\":\"search_term_string\"}}],\"inLanguage\":\"fr-FR\"},{\"@type\":\"Organization\",\"@id\":\"https:\\\/\\\/www.webdo.tn\\\/fr\\\/#organization\",\"name\":\"Webdo\",\"alternateName\":\"Webdo.tn\",\"url\":\"https:\\\/\\\/www.webdo.tn\\\/fr\\\/\",\"logo\":{\"@type\":\"ImageObject\",\"inLanguage\":\"fr-FR\",\"@id\":\"https:\\\/\\\/www.webdo.tn\\\/fr\\\/#\\\/schema\\\/logo\\\/image\\\/\",\"url\":\"https:\\\/\\\/www.webdo.tn\\\/fr\\\/wp-content\\\/uploads\\\/2025\\\/06\\\/Webdo-Tunisie_168377.jpg\",\"contentUrl\":\"https:\\\/\\\/www.webdo.tn\\\/fr\\\/wp-content\\\/uploads\\\/2025\\\/06\\\/Webdo-Tunisie_168377.jpg\",\"width\":301,\"height\":301,\"caption\":\"Webdo\"},\"image\":{\"@id\":\"https:\\\/\\\/www.webdo.tn\\\/fr\\\/#\\\/schema\\\/logo\\\/image\\\/\"},\"sameAs\":[\"https:\\\/\\\/www.facebook.com\\\/webdotn\",\"https:\\\/\\\/x.com\\\/webdo_tn\"],\"description\":\"Webdo est un m\u00e9dia num\u00e9rique tunisien fond\u00e9 en 2010, sp\u00e9cialis\u00e9 dans l\u2019actualit\u00e9 nationale et internationale, l\u2019\u00e9conomie, la soci\u00e9t\u00e9 et les analyses politiques. Le site s\u2019adresse \u00e0 un large public francophone et couvre l\u2019information tunisienne en temps r\u00e9el.\",\"email\":\"redac@webdo.tn\",\"legalName\":\"YNJ SARL\",\"foundingDate\":\"2010-09-06\",\"numberOfEmployees\":{\"@type\":\"QuantitativeValue\",\"minValue\":\"11\",\"maxValue\":\"50\"}},{\"@type\":\"Person\",\"@id\":\"https:\\\/\\\/www.webdo.tn\\\/fr\\\/#\\\/schema\\\/person\\\/2c4929cbf5a809e3bd38617c6ce150f6\",\"name\":\"MC\",\"image\":{\"@type\":\"ImageObject\",\"inLanguage\":\"fr-FR\",\"@id\":\"https:\\\/\\\/secure.gravatar.com\\\/avatar\\\/a545bbb6f84efdd5553dbbc2895e3ca8f1d12c5215e00a041c9670b54aa9b18a?s=96&d=mm&r=g\",\"url\":\"https:\\\/\\\/secure.gravatar.com\\\/avatar\\\/a545bbb6f84efdd5553dbbc2895e3ca8f1d12c5215e00a041c9670b54aa9b18a?s=96&d=mm&r=g\",\"contentUrl\":\"https:\\\/\\\/secure.gravatar.com\\\/avatar\\\/a545bbb6f84efdd5553dbbc2895e3ca8f1d12c5215e00a041c9670b54aa9b18a?s=96&d=mm&r=g\",\"caption\":\"MC\"},\"url\":\"https:\\\/\\\/www.webdo.tn\\\/fr\\\/actualite\\\/author\\\/mc\\\/\"}]}<\/script>\n<!-- \/ Yoast SEO Premium plugin. -->","yoast_head_json":{"title":"Vague d\u2019arrestations en Tunisie : Washington s\u2019inqui\u00e8te !","description":"Le d\u00e9partement d'\u00c9tat am\u00e9ricain a d\u00e9nonc\u00e9, jeudi 2 mars 2023, l'escalade en Tunisie apr\u00e8s la vague d'arrestations de personnalit\u00e9s.","canonical":"https:\/\/www.webdo.tn\/fr\/actualite\/national\/vague-d-arrestations-en-tunisie-washington-s-inquiete\/203529\/","og_locale":"fr_FR","og_type":"article","og_title":"Vague d\u2019arrestations en Tunisie : Washington s\u2019inqui\u00e8te !","og_description":"Le d\u00e9partement d'\u00c9tat am\u00e9ricain a d\u00e9nonc\u00e9, jeudi 2 mars 2023, l'escalade en Tunisie apr\u00e8s la vague d'arrestations de personnalit\u00e9s.","og_url":"https:\/\/www.webdo.tn\/fr\/actualite\/national\/vague-d-arrestations-en-tunisie-washington-s-inquiete\/203529\/","og_site_name":"webdo","article_publisher":"https:\/\/www.facebook.com\/webdotn","article_published_time":"2023-03-03T08:51:00+00:00","article_modified_time":"2025-05-20T22:01:57+00:00","og_image":[{"width":750,"height":400,"url":"https:\/\/www.webdo.tn\/fr\/wp-content\/uploads\/2023\/03\/f63b95a265a4db96a706407ea2c7e6f5.jpg","type":"image\/jpeg"}],"author":"MC","twitter_card":"summary_large_image","twitter_creator":"@webdo_tn","twitter_site":"@webdo_tn","twitter_misc":{"\u00c9crit par":"MC","Dur\u00e9e de lecture estim\u00e9e":"1 minute"},"schema":{"@context":"https:\/\/schema.org","@graph":[{"@type":"NewsArticle","@id":"https:\/\/www.webdo.tn\/fr\/actualite\/national\/vague-d-arrestations-en-tunisie-washington-s-inquiete\/203529\/#article","isPartOf":{"@id":"https:\/\/www.webdo.tn\/fr\/actualite\/national\/vague-d-arrestations-en-tunisie-washington-s-inquiete\/203529\/"},"author":{"name":"MC","@id":"https:\/\/www.webdo.tn\/fr\/#\/schema\/person\/2c4929cbf5a809e3bd38617c6ce150f6"},"headline":"Vague d\u2019arrestations en Tunisie : Washington s\u2019inqui\u00e8te !","datePublished":"2023-03-03T08:51:00+00:00","dateModified":"2025-05-20T22:01:57+00:00","mainEntityOfPage":{"@id":"https:\/\/www.webdo.tn\/fr\/actualite\/national\/vague-d-arrestations-en-tunisie-washington-s-inquiete\/203529\/"},"wordCount":205,"commentCount":0,"publisher":{"@id":"https:\/\/www.webdo.tn\/fr\/#organization"},"image":{"@id":"https:\/\/www.webdo.tn\/fr\/actualite\/national\/vague-d-arrestations-en-tunisie-washington-s-inquiete\/203529\/#primaryimage"},"thumbnailUrl":"https:\/\/www.webdo.tn\/fr\/wp-content\/uploads\/2023\/03\/f63b95a265a4db96a706407ea2c7e6f5.jpg","keywords":["arrestations","Etats-Unis","Tunisie"],"articleSection":["National"],"inLanguage":"fr-FR"},{"@type":"WebPage","@id":"https:\/\/www.webdo.tn\/fr\/actualite\/national\/vague-d-arrestations-en-tunisie-washington-s-inquiete\/203529\/","url":"https:\/\/www.webdo.tn\/fr\/actualite\/national\/vague-d-arrestations-en-tunisie-washington-s-inquiete\/203529\/","name":"Vague d\u2019arrestations en Tunisie : Washington s\u2019inqui\u00e8te !","isPartOf":{"@id":"https:\/\/www.webdo.tn\/fr\/#website"},"primaryImageOfPage":{"@id":"https:\/\/www.webdo.tn\/fr\/actualite\/national\/vague-d-arrestations-en-tunisie-washington-s-inquiete\/203529\/#primaryimage"},"image":{"@id":"https:\/\/www.webdo.tn\/fr\/actualite\/national\/vague-d-arrestations-en-tunisie-washington-s-inquiete\/203529\/#primaryimage"},"thumbnailUrl":"https:\/\/www.webdo.tn\/fr\/wp-content\/uploads\/2023\/03\/f63b95a265a4db96a706407ea2c7e6f5.jpg","datePublished":"2023-03-03T08:51:00+00:00","dateModified":"2025-05-20T22:01:57+00:00","description":"Le d\u00e9partement d'\u00c9tat am\u00e9ricain a d\u00e9nonc\u00e9, jeudi 2 mars 2023, l'escalade en Tunisie apr\u00e8s la vague d'arrestations de personnalit\u00e9s.","breadcrumb":{"@id":"https:\/\/www.webdo.tn\/fr\/actualite\/national\/vague-d-arrestations-en-tunisie-washington-s-inquiete\/203529\/#breadcrumb"},"inLanguage":"fr-FR","potentialAction":[{"@type":"ReadAction","target":["https:\/\/www.webdo.tn\/fr\/actualite\/national\/vague-d-arrestations-en-tunisie-washington-s-inquiete\/203529\/"]}]},{"@type":"ImageObject","inLanguage":"fr-FR","@id":"https:\/\/www.webdo.tn\/fr\/actualite\/national\/vague-d-arrestations-en-tunisie-washington-s-inquiete\/203529\/#primaryimage","url":"https:\/\/www.webdo.tn\/fr\/wp-content\/uploads\/2023\/03\/f63b95a265a4db96a706407ea2c7e6f5.jpg","contentUrl":"https:\/\/www.webdo.tn\/fr\/wp-content\/uploads\/2023\/03\/f63b95a265a4db96a706407ea2c7e6f5.jpg","width":750,"height":400,"caption":"Ned Price"},{"@type":"BreadcrumbList","@id":"https:\/\/www.webdo.tn\/fr\/actualite\/national\/vague-d-arrestations-en-tunisie-washington-s-inquiete\/203529\/#breadcrumb","itemListElement":[{"@type":"ListItem","position":1,"name":"Accueil","item":"https:\/\/www.webdo.tn\/fr\/"},{"@type":"ListItem","position":2,"name":"Vague d\u2019arrestations en Tunisie : Washington s\u2019inqui\u00e8te !"}]},{"@type":"WebSite","@id":"https:\/\/www.webdo.tn\/fr\/#website","url":"https:\/\/www.webdo.tn\/fr\/","name":"webdo","description":"Tunisie - News en Tunisie et \u00e0 l&#039;international sur Webdo.tn","publisher":{"@id":"https:\/\/www.webdo.tn\/fr\/#organization"},"potentialAction":[{"@type":"SearchAction","target":{"@type":"EntryPoint","urlTemplate":"https:\/\/www.webdo.tn\/fr\/?s={search_term_string}"},"query-input":{"@type":"PropertyValueSpecification","valueRequired":true,"valueName":"search_term_string"}}],"inLanguage":"fr-FR"},{"@type":"Organization","@id":"https:\/\/www.webdo.tn\/fr\/#organization","name":"Webdo","alternateName":"Webdo.tn","url":"https:\/\/www.webdo.tn\/fr\/","logo":{"@type":"ImageObject","inLanguage":"fr-FR","@id":"https:\/\/www.webdo.tn\/fr\/#\/schema\/logo\/image\/","url":"https:\/\/www.webdo.tn\/fr\/wp-content\/uploads\/2025\/06\/Webdo-Tunisie_168377.jpg","contentUrl":"https:\/\/www.webdo.tn\/fr\/wp-content\/uploads\/2025\/06\/Webdo-Tunisie_168377.jpg","width":301,"height":301,"caption":"Webdo"},"image":{"@id":"https:\/\/www.webdo.tn\/fr\/#\/schema\/logo\/image\/"},"sameAs":["https:\/\/www.facebook.com\/webdotn","https:\/\/x.com\/webdo_tn"],"description":"Webdo est un m\u00e9dia num\u00e9rique tunisien fond\u00e9 en 2010, sp\u00e9cialis\u00e9 dans l\u2019actualit\u00e9 nationale et internationale, l\u2019\u00e9conomie, la soci\u00e9t\u00e9 et les analyses politiques. Le site s\u2019adresse \u00e0 un large public francophone et couvre l\u2019information tunisienne en temps r\u00e9el.","email":"redac@webdo.tn","legalName":"YNJ SARL","foundingDate":"2010-09-06","numberOfEmployees":{"@type":"QuantitativeValue","minValue":"11","maxValue":"50"}},{"@type":"Person","@id":"https:\/\/www.webdo.tn\/fr\/#\/schema\/person\/2c4929cbf5a809e3bd38617c6ce150f6","name":"MC","image":{"@type":"ImageObject","inLanguage":"fr-FR","@id":"https:\/\/secure.gravatar.com\/avatar\/a545bbb6f84efdd5553dbbc2895e3ca8f1d12c5215e00a041c9670b54aa9b18a?s=96&d=mm&r=g","url":"https:\/\/secure.gravatar.com\/avatar\/a545bbb6f84efdd5553dbbc2895e3ca8f1d12c5215e00a041c9670b54aa9b18a?s=96&d=mm&r=g","contentUrl":"https:\/\/secure.gravatar.com\/avatar\/a545bbb6f84efdd5553dbbc2895e3ca8f1d12c5215e00a041c9670b54aa9b18a?s=96&d=mm&r=g","caption":"MC"},"url":"https:\/\/www.webdo.tn\/fr\/actualite\/author\/mc\/"}]}},"_links":{"self":[{"href":"https:\/\/www.webdo.tn\/fr\/wp-json\/wp\/v2\/posts\/203529","targetHints":{"allow":["GET"]}}],"collection":[{"href":"https:\/\/www.webdo.tn\/fr\/wp-json\/wp\/v2\/posts"}],"about":[{"href":"https:\/\/www.webdo.tn\/fr\/wp-json\/wp\/v2\/types\/post"}],"author":[{"embeddable":true,"href":"https:\/\/www.webdo.tn\/fr\/wp-json\/wp\/v2\/users\/3162"}],"replies":[{"embeddable":true,"href":"https:\/\/www.webdo.tn\/fr\/wp-json\/wp\/v2\/comments?post=203529"}],"version-history":[{"count":0,"href":"https:\/\/www.webdo.tn\/fr\/wp-json\/wp\/v2\/posts\/203529\/revisions"}],"wp:featuredmedia":[{"embeddable":true,"href":"https:\/\/www.webdo.tn\/fr\/wp-json\/wp\/v2\/media\/251834"}],"wp:attachment":[{"href":"https:\/\/www.webdo.tn\/fr\/wp-json\/wp\/v2\/media?parent=203529"}],"wp:term":[{"taxonomy":"category","embeddable":true,"href":"https:\/\/www.webdo.tn\/fr\/wp-json\/wp\/v2\/categories?post=203529"},{"taxonomy":"post_tag","embeddable":true,"href":"https:\/\/www.webdo.tn\/fr\/wp-json\/wp\/v2\/tags?post=203529"}],"curies":[{"name":"wp","href":"https:\/\/api.w.org\/{rel}","templated":true}]}}