{"id":203517,"date":"2023-03-02T18:47:00","date_gmt":"2023-03-02T18:47:00","guid":{"rendered":"https:\/\/www.webdo.tn\/fr\/blog\/hausse-de-200-mil-litre-du-prix-du-lait-frais-a-la-production\/203517\/"},"modified":"2025-05-17T21:04:30","modified_gmt":"2025-05-17T21:04:30","slug":"hausse-de-200-mil-litre-du-prix-du-lait-frais-a-la-production","status":"publish","type":"post","link":"https:\/\/www.webdo.tn\/fr\/actualite\/national\/hausse-de-200-mil-litre-du-prix-du-lait-frais-a-la-production\/203517\/","title":{"rendered":"Hausse de 200 mil\/litre du prix du lait frais \u00e0 la production"},"content":{"rendered":"<p>Avec cette hausse de 200 millimes\/litre pour le lait frais \u00e0 la production, le prix minimum garanti passe \u00e0 1340 millimes\/litre, pour l&rsquo;agriculteur,  selon le communiqu\u00e9 publi\u00e9 par le minist\u00e8re de l\u2019Agriculture, des Ressources hydrauliques et de la P\u00eache.\u00a0<\/p>\n<p>\t\t\t\t\t\t\t\t\tCeci intervient conform\u00e9ment \u00e0 la d\u00e9cision gouvernementale prise lors du conseil minist\u00e9riel du 10 f\u00e9vrier 2023. Elle vise \u00e0 pr\u00e9server les \u00e9quilibres et la p\u00e9rennit\u00e9 de la fili\u00e8re laiti\u00e8re, \u00e0 am\u00e9liorer les revenus des agriculteurs et \u00e0 prot\u00e9ger le cheptel, selon ledit communiqu\u00e9.<\/p>\n<p>Le\u00a0minist\u00e8re pr\u00e9cise \u00e9galement que les prix de vente au public du lait st\u00e9rilis\u00e9 demi-\u00e9cr\u00e9m\u00e9 ne seront pas augment\u00e9s et appelle\u00a0les producteurs \u00e0 am\u00e9liorer la qualit\u00e9 du lait en favorisant les bonnes pratiques d\u2019\u00e9levage et le respect des conditions de propret\u00e9 et d\u2019hygi\u00e8ne\u00a0\u00bb.<\/p>\n","protected":false},"excerpt":{"rendered":"<p>Avec cette hausse de 200 millimes\/litre pour le lait frais \u00e0 la production, le prix minimum garanti passe \u00e0 1340 millimes\/litre, pour l&rsquo;agriculteur,  selon le c&#8230;<\/p>\n","protected":false},"author":3169,"featured_media":277866,"comment_status":"open","ping_status":"closed","sticky":false,"template":"","format":"standard","meta":{"footnotes":""},"categories":[44],"tags":[3271,5618,2608],"class_list":["post-203517","post","type-post","status-publish","format-standard","has-post-thumbnail","hentry","category-national","tag-agriculture","tag-lait","tag-tunisie"],"yoast_head":"<!-- This site is optimized with the Yoast SEO Premium plugin v27.5 (Yoast SEO v27.5) - https:\/\/yoast.com\/product\/yoast-seo-premium-wordpress\/ -->\n<title>Hausse de 200 mil\/litre du prix du lait frais \u00e0 la production<\/title>\n<meta name=\"description\" content=\"Avec cette hausse de 200 millimes\/litre pour le lait frais \u00e0 la production, le prix minimum garanti passe \u00e0 1340 millimes\/litre, pour l&#039;agriculteur, selon le c...\" \/>\n<link rel=\"canonical\" href=\"https:\/\/www.webdo.tn\/fr\/actualite\/national\/hausse-de-200-mil-litre-du-prix-du-lait-frais-a-la-production\/203517\/\" \/>\n<meta property=\"og:locale\" content=\"fr_FR\" \/>\n<meta property=\"og:type\" content=\"article\" \/>\n<meta property=\"og:title\" content=\"Hausse de 200 mil\/litre du prix du lait frais \u00e0 la production\" \/>\n<meta property=\"og:description\" content=\"Avec cette hausse de 200 millimes\/litre pour le lait frais \u00e0 la production, le prix minimum garanti passe \u00e0 1340 millimes\/litre, pour l&#039;agriculteur, selon le c...\" \/>\n<meta property=\"og:url\" content=\"https:\/\/www.webdo.tn\/fr\/actualite\/national\/hausse-de-200-mil-litre-du-prix-du-lait-frais-a-la-production\/203517\/\" \/>\n<meta property=\"og:site_name\" content=\"webdo\" \/>\n<meta property=\"article:publisher\" content=\"https:\/\/www.facebook.com\/webdotn\" \/>\n<meta property=\"article:published_time\" content=\"2023-03-02T18:47:00+00:00\" \/>\n<meta property=\"article:modified_time\" content=\"2025-05-17T21:04:30+00:00\" \/>\n<meta property=\"og:image\" content=\"https:\/\/www.webdo.tn\/fr\/wp-content\/uploads\/2023\/03\/f43bdcf17b1d2b8e06968458530c59ce.jpg\" \/>\n\t<meta property=\"og:image:width\" content=\"700\" \/>\n\t<meta property=\"og:image:height\" content=\"373\" \/>\n\t<meta property=\"og:image:type\" content=\"image\/jpeg\" \/>\n<meta name=\"author\" content=\"Webdo\" \/>\n<meta name=\"twitter:card\" content=\"summary_large_image\" \/>\n<meta name=\"twitter:creator\" content=\"@webdo_tn\" \/>\n<meta name=\"twitter:site\" content=\"@webdo_tn\" \/>\n<meta name=\"twitter:label1\" content=\"\u00c9crit par\" \/>\n\t<meta name=\"twitter:data1\" content=\"Webdo\" \/>\n\t<meta name=\"twitter:label2\" content=\"Dur\u00e9e de lecture estim\u00e9e\" \/>\n\t<meta name=\"twitter:data2\" content=\"1 minute\" \/>\n<script type=\"application\/ld+json\" class=\"yoast-schema-graph\">{\"@context\":\"https:\\\/\\\/schema.org\",\"@graph\":[{\"@type\":\"NewsArticle\",\"@id\":\"https:\\\/\\\/www.webdo.tn\\\/fr\\\/actualite\\\/national\\\/hausse-de-200-mil-litre-du-prix-du-lait-frais-a-la-production\\\/203517\\\/#article\",\"isPartOf\":{\"@id\":\"https:\\\/\\\/www.webdo.tn\\\/fr\\\/actualite\\\/national\\\/hausse-de-200-mil-litre-du-prix-du-lait-frais-a-la-production\\\/203517\\\/\"},\"author\":{\"name\":\"Webdo\",\"@id\":\"https:\\\/\\\/www.webdo.tn\\\/fr\\\/#\\\/schema\\\/person\\\/1f4e491e0907b413d61089e8eb573acc\"},\"headline\":\"Hausse de 200 mil\\\/litre du prix du lait frais \u00e0 la production\",\"datePublished\":\"2023-03-02T18:47:00+00:00\",\"dateModified\":\"2025-05-17T21:04:30+00:00\",\"mainEntityOfPage\":{\"@id\":\"https:\\\/\\\/www.webdo.tn\\\/fr\\\/actualite\\\/national\\\/hausse-de-200-mil-litre-du-prix-du-lait-frais-a-la-production\\\/203517\\\/\"},\"wordCount\":152,\"commentCount\":0,\"publisher\":{\"@id\":\"https:\\\/\\\/www.webdo.tn\\\/fr\\\/#organization\"},\"image\":{\"@id\":\"https:\\\/\\\/www.webdo.tn\\\/fr\\\/actualite\\\/national\\\/hausse-de-200-mil-litre-du-prix-du-lait-frais-a-la-production\\\/203517\\\/#primaryimage\"},\"thumbnailUrl\":\"https:\\\/\\\/www.webdo.tn\\\/fr\\\/wp-content\\\/uploads\\\/2023\\\/03\\\/f43bdcf17b1d2b8e06968458530c59ce.jpg\",\"keywords\":[\"agriculture\",\"Lait\",\"Tunisie\"],\"articleSection\":[\"National\"],\"inLanguage\":\"fr-FR\"},{\"@type\":\"WebPage\",\"@id\":\"https:\\\/\\\/www.webdo.tn\\\/fr\\\/actualite\\\/national\\\/hausse-de-200-mil-litre-du-prix-du-lait-frais-a-la-production\\\/203517\\\/\",\"url\":\"https:\\\/\\\/www.webdo.tn\\\/fr\\\/actualite\\\/national\\\/hausse-de-200-mil-litre-du-prix-du-lait-frais-a-la-production\\\/203517\\\/\",\"name\":\"Hausse de 200 mil\\\/litre du prix du lait frais \u00e0 la production\",\"isPartOf\":{\"@id\":\"https:\\\/\\\/www.webdo.tn\\\/fr\\\/#website\"},\"primaryImageOfPage\":{\"@id\":\"https:\\\/\\\/www.webdo.tn\\\/fr\\\/actualite\\\/national\\\/hausse-de-200-mil-litre-du-prix-du-lait-frais-a-la-production\\\/203517\\\/#primaryimage\"},\"image\":{\"@id\":\"https:\\\/\\\/www.webdo.tn\\\/fr\\\/actualite\\\/national\\\/hausse-de-200-mil-litre-du-prix-du-lait-frais-a-la-production\\\/203517\\\/#primaryimage\"},\"thumbnailUrl\":\"https:\\\/\\\/www.webdo.tn\\\/fr\\\/wp-content\\\/uploads\\\/2023\\\/03\\\/f43bdcf17b1d2b8e06968458530c59ce.jpg\",\"datePublished\":\"2023-03-02T18:47:00+00:00\",\"dateModified\":\"2025-05-17T21:04:30+00:00\",\"description\":\"Avec cette hausse de 200 millimes\\\/litre pour le lait frais \u00e0 la production, le prix minimum garanti passe \u00e0 1340 millimes\\\/litre, pour l'agriculteur, selon le c...\",\"breadcrumb\":{\"@id\":\"https:\\\/\\\/www.webdo.tn\\\/fr\\\/actualite\\\/national\\\/hausse-de-200-mil-litre-du-prix-du-lait-frais-a-la-production\\\/203517\\\/#breadcrumb\"},\"inLanguage\":\"fr-FR\",\"potentialAction\":[{\"@type\":\"ReadAction\",\"target\":[\"https:\\\/\\\/www.webdo.tn\\\/fr\\\/actualite\\\/national\\\/hausse-de-200-mil-litre-du-prix-du-lait-frais-a-la-production\\\/203517\\\/\"]}]},{\"@type\":\"ImageObject\",\"inLanguage\":\"fr-FR\",\"@id\":\"https:\\\/\\\/www.webdo.tn\\\/fr\\\/actualite\\\/national\\\/hausse-de-200-mil-litre-du-prix-du-lait-frais-a-la-production\\\/203517\\\/#primaryimage\",\"url\":\"https:\\\/\\\/www.webdo.tn\\\/fr\\\/wp-content\\\/uploads\\\/2023\\\/03\\\/f43bdcf17b1d2b8e06968458530c59ce.jpg\",\"contentUrl\":\"https:\\\/\\\/www.webdo.tn\\\/fr\\\/wp-content\\\/uploads\\\/2023\\\/03\\\/f43bdcf17b1d2b8e06968458530c59ce.jpg\",\"width\":700,\"height\":373,\"caption\":\"Hausse de 200 mil\\\/litre du prix du lait frais \u00e0 la production\"},{\"@type\":\"BreadcrumbList\",\"@id\":\"https:\\\/\\\/www.webdo.tn\\\/fr\\\/actualite\\\/national\\\/hausse-de-200-mil-litre-du-prix-du-lait-frais-a-la-production\\\/203517\\\/#breadcrumb\",\"itemListElement\":[{\"@type\":\"ListItem\",\"position\":1,\"name\":\"Accueil\",\"item\":\"https:\\\/\\\/www.webdo.tn\\\/fr\\\/\"},{\"@type\":\"ListItem\",\"position\":2,\"name\":\"Hausse de 200 mil\\\/litre du prix du lait frais \u00e0 la production\"}]},{\"@type\":\"WebSite\",\"@id\":\"https:\\\/\\\/www.webdo.tn\\\/fr\\\/#website\",\"url\":\"https:\\\/\\\/www.webdo.tn\\\/fr\\\/\",\"name\":\"webdo\",\"description\":\"Tunisie - News en Tunisie et \u00e0 l&#039;international sur Webdo.tn\",\"publisher\":{\"@id\":\"https:\\\/\\\/www.webdo.tn\\\/fr\\\/#organization\"},\"potentialAction\":[{\"@type\":\"SearchAction\",\"target\":{\"@type\":\"EntryPoint\",\"urlTemplate\":\"https:\\\/\\\/www.webdo.tn\\\/fr\\\/?s={search_term_string}\"},\"query-input\":{\"@type\":\"PropertyValueSpecification\",\"valueRequired\":true,\"valueName\":\"search_term_string\"}}],\"inLanguage\":\"fr-FR\"},{\"@type\":\"Organization\",\"@id\":\"https:\\\/\\\/www.webdo.tn\\\/fr\\\/#organization\",\"name\":\"Webdo\",\"alternateName\":\"Webdo.tn\",\"url\":\"https:\\\/\\\/www.webdo.tn\\\/fr\\\/\",\"logo\":{\"@type\":\"ImageObject\",\"inLanguage\":\"fr-FR\",\"@id\":\"https:\\\/\\\/www.webdo.tn\\\/fr\\\/#\\\/schema\\\/logo\\\/image\\\/\",\"url\":\"https:\\\/\\\/www.webdo.tn\\\/fr\\\/wp-content\\\/uploads\\\/2025\\\/06\\\/Webdo-Tunisie_168377.jpg\",\"contentUrl\":\"https:\\\/\\\/www.webdo.tn\\\/fr\\\/wp-content\\\/uploads\\\/2025\\\/06\\\/Webdo-Tunisie_168377.jpg\",\"width\":301,\"height\":301,\"caption\":\"Webdo\"},\"image\":{\"@id\":\"https:\\\/\\\/www.webdo.tn\\\/fr\\\/#\\\/schema\\\/logo\\\/image\\\/\"},\"sameAs\":[\"https:\\\/\\\/www.facebook.com\\\/webdotn\",\"https:\\\/\\\/x.com\\\/webdo_tn\"],\"description\":\"Webdo est un m\u00e9dia num\u00e9rique tunisien fond\u00e9 en 2010, sp\u00e9cialis\u00e9 dans l\u2019actualit\u00e9 nationale et internationale, l\u2019\u00e9conomie, la soci\u00e9t\u00e9 et les analyses politiques. Le site s\u2019adresse \u00e0 un large public francophone et couvre l\u2019information tunisienne en temps r\u00e9el.\",\"email\":\"redac@webdo.tn\",\"legalName\":\"YNJ SARL\",\"foundingDate\":\"2010-09-06\",\"numberOfEmployees\":{\"@type\":\"QuantitativeValue\",\"minValue\":\"11\",\"maxValue\":\"50\"}},{\"@type\":\"Person\",\"@id\":\"https:\\\/\\\/www.webdo.tn\\\/fr\\\/#\\\/schema\\\/person\\\/1f4e491e0907b413d61089e8eb573acc\",\"name\":\"Webdo\",\"image\":{\"@type\":\"ImageObject\",\"inLanguage\":\"fr-FR\",\"@id\":\"https:\\\/\\\/secure.gravatar.com\\\/avatar\\\/de97aeec1bb80978a9dbb127e47dfc88aaacb2f3c29aac907d8d3222e3495d49?s=96&d=mm&r=g\",\"url\":\"https:\\\/\\\/secure.gravatar.com\\\/avatar\\\/de97aeec1bb80978a9dbb127e47dfc88aaacb2f3c29aac907d8d3222e3495d49?s=96&d=mm&r=g\",\"contentUrl\":\"https:\\\/\\\/secure.gravatar.com\\\/avatar\\\/de97aeec1bb80978a9dbb127e47dfc88aaacb2f3c29aac907d8d3222e3495d49?s=96&d=mm&r=g\",\"caption\":\"Webdo\"},\"url\":\"https:\\\/\\\/www.webdo.tn\\\/fr\\\/actualite\\\/author\\\/webdo\\\/\"}]}<\/script>\n<!-- \/ Yoast SEO Premium plugin. -->","yoast_head_json":{"title":"Hausse de 200 mil\/litre du prix du lait frais \u00e0 la production","description":"Avec cette hausse de 200 millimes\/litre pour le lait frais \u00e0 la production, le prix minimum garanti passe \u00e0 1340 millimes\/litre, pour l'agriculteur, selon le c...","canonical":"https:\/\/www.webdo.tn\/fr\/actualite\/national\/hausse-de-200-mil-litre-du-prix-du-lait-frais-a-la-production\/203517\/","og_locale":"fr_FR","og_type":"article","og_title":"Hausse de 200 mil\/litre du prix du lait frais \u00e0 la production","og_description":"Avec cette hausse de 200 millimes\/litre pour le lait frais \u00e0 la production, le prix minimum garanti passe \u00e0 1340 millimes\/litre, pour l'agriculteur, selon le c...","og_url":"https:\/\/www.webdo.tn\/fr\/actualite\/national\/hausse-de-200-mil-litre-du-prix-du-lait-frais-a-la-production\/203517\/","og_site_name":"webdo","article_publisher":"https:\/\/www.facebook.com\/webdotn","article_published_time":"2023-03-02T18:47:00+00:00","article_modified_time":"2025-05-17T21:04:30+00:00","og_image":[{"width":700,"height":373,"url":"https:\/\/www.webdo.tn\/fr\/wp-content\/uploads\/2023\/03\/f43bdcf17b1d2b8e06968458530c59ce.jpg","type":"image\/jpeg"}],"author":"Webdo","twitter_card":"summary_large_image","twitter_creator":"@webdo_tn","twitter_site":"@webdo_tn","twitter_misc":{"\u00c9crit par":"Webdo","Dur\u00e9e de lecture estim\u00e9e":"1 minute"},"schema":{"@context":"https:\/\/schema.org","@graph":[{"@type":"NewsArticle","@id":"https:\/\/www.webdo.tn\/fr\/actualite\/national\/hausse-de-200-mil-litre-du-prix-du-lait-frais-a-la-production\/203517\/#article","isPartOf":{"@id":"https:\/\/www.webdo.tn\/fr\/actualite\/national\/hausse-de-200-mil-litre-du-prix-du-lait-frais-a-la-production\/203517\/"},"author":{"name":"Webdo","@id":"https:\/\/www.webdo.tn\/fr\/#\/schema\/person\/1f4e491e0907b413d61089e8eb573acc"},"headline":"Hausse de 200 mil\/litre du prix du lait frais \u00e0 la production","datePublished":"2023-03-02T18:47:00+00:00","dateModified":"2025-05-17T21:04:30+00:00","mainEntityOfPage":{"@id":"https:\/\/www.webdo.tn\/fr\/actualite\/national\/hausse-de-200-mil-litre-du-prix-du-lait-frais-a-la-production\/203517\/"},"wordCount":152,"commentCount":0,"publisher":{"@id":"https:\/\/www.webdo.tn\/fr\/#organization"},"image":{"@id":"https:\/\/www.webdo.tn\/fr\/actualite\/national\/hausse-de-200-mil-litre-du-prix-du-lait-frais-a-la-production\/203517\/#primaryimage"},"thumbnailUrl":"https:\/\/www.webdo.tn\/fr\/wp-content\/uploads\/2023\/03\/f43bdcf17b1d2b8e06968458530c59ce.jpg","keywords":["agriculture","Lait","Tunisie"],"articleSection":["National"],"inLanguage":"fr-FR"},{"@type":"WebPage","@id":"https:\/\/www.webdo.tn\/fr\/actualite\/national\/hausse-de-200-mil-litre-du-prix-du-lait-frais-a-la-production\/203517\/","url":"https:\/\/www.webdo.tn\/fr\/actualite\/national\/hausse-de-200-mil-litre-du-prix-du-lait-frais-a-la-production\/203517\/","name":"Hausse de 200 mil\/litre du prix du lait frais \u00e0 la production","isPartOf":{"@id":"https:\/\/www.webdo.tn\/fr\/#website"},"primaryImageOfPage":{"@id":"https:\/\/www.webdo.tn\/fr\/actualite\/national\/hausse-de-200-mil-litre-du-prix-du-lait-frais-a-la-production\/203517\/#primaryimage"},"image":{"@id":"https:\/\/www.webdo.tn\/fr\/actualite\/national\/hausse-de-200-mil-litre-du-prix-du-lait-frais-a-la-production\/203517\/#primaryimage"},"thumbnailUrl":"https:\/\/www.webdo.tn\/fr\/wp-content\/uploads\/2023\/03\/f43bdcf17b1d2b8e06968458530c59ce.jpg","datePublished":"2023-03-02T18:47:00+00:00","dateModified":"2025-05-17T21:04:30+00:00","description":"Avec cette hausse de 200 millimes\/litre pour le lait frais \u00e0 la production, le prix minimum garanti passe \u00e0 1340 millimes\/litre, pour l'agriculteur, selon le c...","breadcrumb":{"@id":"https:\/\/www.webdo.tn\/fr\/actualite\/national\/hausse-de-200-mil-litre-du-prix-du-lait-frais-a-la-production\/203517\/#breadcrumb"},"inLanguage":"fr-FR","potentialAction":[{"@type":"ReadAction","target":["https:\/\/www.webdo.tn\/fr\/actualite\/national\/hausse-de-200-mil-litre-du-prix-du-lait-frais-a-la-production\/203517\/"]}]},{"@type":"ImageObject","inLanguage":"fr-FR","@id":"https:\/\/www.webdo.tn\/fr\/actualite\/national\/hausse-de-200-mil-litre-du-prix-du-lait-frais-a-la-production\/203517\/#primaryimage","url":"https:\/\/www.webdo.tn\/fr\/wp-content\/uploads\/2023\/03\/f43bdcf17b1d2b8e06968458530c59ce.jpg","contentUrl":"https:\/\/www.webdo.tn\/fr\/wp-content\/uploads\/2023\/03\/f43bdcf17b1d2b8e06968458530c59ce.jpg","width":700,"height":373,"caption":"Hausse de 200 mil\/litre du prix du lait frais \u00e0 la production"},{"@type":"BreadcrumbList","@id":"https:\/\/www.webdo.tn\/fr\/actualite\/national\/hausse-de-200-mil-litre-du-prix-du-lait-frais-a-la-production\/203517\/#breadcrumb","itemListElement":[{"@type":"ListItem","position":1,"name":"Accueil","item":"https:\/\/www.webdo.tn\/fr\/"},{"@type":"ListItem","position":2,"name":"Hausse de 200 mil\/litre du prix du lait frais \u00e0 la production"}]},{"@type":"WebSite","@id":"https:\/\/www.webdo.tn\/fr\/#website","url":"https:\/\/www.webdo.tn\/fr\/","name":"webdo","description":"Tunisie - News en Tunisie et \u00e0 l&#039;international sur Webdo.tn","publisher":{"@id":"https:\/\/www.webdo.tn\/fr\/#organization"},"potentialAction":[{"@type":"SearchAction","target":{"@type":"EntryPoint","urlTemplate":"https:\/\/www.webdo.tn\/fr\/?s={search_term_string}"},"query-input":{"@type":"PropertyValueSpecification","valueRequired":true,"valueName":"search_term_string"}}],"inLanguage":"fr-FR"},{"@type":"Organization","@id":"https:\/\/www.webdo.tn\/fr\/#organization","name":"Webdo","alternateName":"Webdo.tn","url":"https:\/\/www.webdo.tn\/fr\/","logo":{"@type":"ImageObject","inLanguage":"fr-FR","@id":"https:\/\/www.webdo.tn\/fr\/#\/schema\/logo\/image\/","url":"https:\/\/www.webdo.tn\/fr\/wp-content\/uploads\/2025\/06\/Webdo-Tunisie_168377.jpg","contentUrl":"https:\/\/www.webdo.tn\/fr\/wp-content\/uploads\/2025\/06\/Webdo-Tunisie_168377.jpg","width":301,"height":301,"caption":"Webdo"},"image":{"@id":"https:\/\/www.webdo.tn\/fr\/#\/schema\/logo\/image\/"},"sameAs":["https:\/\/www.facebook.com\/webdotn","https:\/\/x.com\/webdo_tn"],"description":"Webdo est un m\u00e9dia num\u00e9rique tunisien fond\u00e9 en 2010, sp\u00e9cialis\u00e9 dans l\u2019actualit\u00e9 nationale et internationale, l\u2019\u00e9conomie, la soci\u00e9t\u00e9 et les analyses politiques. Le site s\u2019adresse \u00e0 un large public francophone et couvre l\u2019information tunisienne en temps r\u00e9el.","email":"redac@webdo.tn","legalName":"YNJ SARL","foundingDate":"2010-09-06","numberOfEmployees":{"@type":"QuantitativeValue","minValue":"11","maxValue":"50"}},{"@type":"Person","@id":"https:\/\/www.webdo.tn\/fr\/#\/schema\/person\/1f4e491e0907b413d61089e8eb573acc","name":"Webdo","image":{"@type":"ImageObject","inLanguage":"fr-FR","@id":"https:\/\/secure.gravatar.com\/avatar\/de97aeec1bb80978a9dbb127e47dfc88aaacb2f3c29aac907d8d3222e3495d49?s=96&d=mm&r=g","url":"https:\/\/secure.gravatar.com\/avatar\/de97aeec1bb80978a9dbb127e47dfc88aaacb2f3c29aac907d8d3222e3495d49?s=96&d=mm&r=g","contentUrl":"https:\/\/secure.gravatar.com\/avatar\/de97aeec1bb80978a9dbb127e47dfc88aaacb2f3c29aac907d8d3222e3495d49?s=96&d=mm&r=g","caption":"Webdo"},"url":"https:\/\/www.webdo.tn\/fr\/actualite\/author\/webdo\/"}]}},"_links":{"self":[{"href":"https:\/\/www.webdo.tn\/fr\/wp-json\/wp\/v2\/posts\/203517","targetHints":{"allow":["GET"]}}],"collection":[{"href":"https:\/\/www.webdo.tn\/fr\/wp-json\/wp\/v2\/posts"}],"about":[{"href":"https:\/\/www.webdo.tn\/fr\/wp-json\/wp\/v2\/types\/post"}],"author":[{"embeddable":true,"href":"https:\/\/www.webdo.tn\/fr\/wp-json\/wp\/v2\/users\/3169"}],"replies":[{"embeddable":true,"href":"https:\/\/www.webdo.tn\/fr\/wp-json\/wp\/v2\/comments?post=203517"}],"version-history":[{"count":0,"href":"https:\/\/www.webdo.tn\/fr\/wp-json\/wp\/v2\/posts\/203517\/revisions"}],"wp:featuredmedia":[{"embeddable":true,"href":"https:\/\/www.webdo.tn\/fr\/wp-json\/wp\/v2\/media\/277866"}],"wp:attachment":[{"href":"https:\/\/www.webdo.tn\/fr\/wp-json\/wp\/v2\/media?parent=203517"}],"wp:term":[{"taxonomy":"category","embeddable":true,"href":"https:\/\/www.webdo.tn\/fr\/wp-json\/wp\/v2\/categories?post=203517"},{"taxonomy":"post_tag","embeddable":true,"href":"https:\/\/www.webdo.tn\/fr\/wp-json\/wp\/v2\/tags?post=203517"}],"curies":[{"name":"wp","href":"https:\/\/api.w.org\/{rel}","templated":true}]}}