{"id":203514,"date":"2023-03-02T16:28:00","date_gmt":"2023-03-02T16:28:00","guid":{"rendered":"https:\/\/www.webdo.tn\/fr\/blog\/ligue-1-1ere-j-play-off-l-est-et-l-usmo-coleaders\/203514\/"},"modified":"2025-05-20T22:07:48","modified_gmt":"2025-05-20T22:07:48","slug":"ligue-1-1ere-j-play-off-l-est-et-l-usmo-coleaders","status":"publish","type":"post","link":"https:\/\/www.webdo.tn\/fr\/actualite\/sport\/ligue-1-1ere-j-play-off-l-est-et-l-usmo-coleaders\/203514\/","title":{"rendered":"Ligue 1 &#8211; 1\u00e8re J. Play-off : L&rsquo;EST et l&rsquo;USMo coleaders"},"content":{"rendered":"<p>Suite et fin de la 1\u00e8re journ\u00e9e du play-off. L\u2019EST se d\u00e9pla\u00e7it \u00e0 Ben Guerdane o\u00f9 elle s&rsquo;est impos\u00e9e alors que l\u2019USMo a battu l\u2019UST.<\/p>\n<p>\t\t\t\t\t\t\t\t\tA Ben Guerdane, l\u2019Union locale accueillait le Champion en titre dans un un match serr\u00e9 qui a vu l&rsquo;USBG ouvrir le score par Ayoub Chaabane \u00e0 la 30&prime; avant que l&rsquo;Esp\u00e9rance n&rsquo;\u00e9galise \u00e0 la 43&prime; suite \u00e0 un but d&rsquo;Anice Badri. le m\u00eame Badri va doubler le score \u00e0 la 48&prime;.<\/p>\n<p>A Monastir, les Us\u00e9mistes ont logiquement battu l\u2019US Tataouine gr\u00e2ce \u00e0 un but de \u00a0Zied Aloui inscrit \u00e0 la 33&prime;.<\/p>\n<p>RESULTATS<\/p>\n<p>\tUS Monastirienne &#8211; US Tataouine 1-0<br \/>\n\tUS Ben Guerdane &#8211; Esp\u00e9rance ST 1-2<br \/>\n\tClub Africain &#8211; O. B\u00e9ja 1-0<br \/>\n\tEtoile du Sahel &#8211; CS Sfaxien 1-0<\/p>\n<p>CLASSEMENT<\/p>\n<p>\t1- EST 7 points<br \/>\n\t&#8212; USMo 7 points<br \/>\n\t3- ESS 6 points<br \/>\n\t4- CA 4 points<br \/>\n\t5- USBG 3 points<br \/>\n\t6- UST 2 points<br \/>\n\t&#8212; OB 2 points<br \/>\n\t8- CSS 1 point<\/p>\n","protected":false},"excerpt":{"rendered":"<p>Suite et fin de la 1\u00e8re journ\u00e9e du play-off. L\u2019EST se d\u00e9pla\u00e7it \u00e0 Ben Guerdane o\u00f9 elle s&rsquo;est impos\u00e9e alors que l\u2019USMo a battu l\u2019UST.<\/p>\n","protected":false},"author":3162,"featured_media":277862,"comment_status":"open","ping_status":"closed","sticky":false,"template":"","format":"standard","meta":{"footnotes":""},"categories":[2593],"tags":[2777],"class_list":["post-203514","post","type-post","status-publish","format-standard","has-post-thumbnail","hentry","category-sport","tag-ligue-1"],"yoast_head":"<!-- This site is optimized with the Yoast SEO Premium plugin v27.5 (Yoast SEO v27.5) - https:\/\/yoast.com\/product\/yoast-seo-premium-wordpress\/ -->\n<title>Ligue 1 - 1\u00e8re J. Play-off : L&#039;EST et l&#039;USMo coleaders<\/title>\n<meta name=\"description\" content=\"Suite et fin de la 1\u00e8re journ\u00e9e du play-off. L\u2019EST se d\u00e9pla\u00e7it \u00e0 Ben Guerdane o\u00f9 elle s&#039;est impos\u00e9e alors que l\u2019USMo a battu l\u2019UST.\" \/>\n<link rel=\"canonical\" href=\"https:\/\/www.webdo.tn\/fr\/actualite\/sport\/ligue-1-1ere-j-play-off-l-est-et-l-usmo-coleaders\/203514\/\" \/>\n<meta property=\"og:locale\" content=\"fr_FR\" \/>\n<meta property=\"og:type\" content=\"article\" \/>\n<meta property=\"og:title\" content=\"Ligue 1 - 1\u00e8re J. Play-off : L&#039;EST et l&#039;USMo coleaders\" \/>\n<meta property=\"og:description\" content=\"Suite et fin de la 1\u00e8re journ\u00e9e du play-off. L\u2019EST se d\u00e9pla\u00e7it \u00e0 Ben Guerdane o\u00f9 elle s&#039;est impos\u00e9e alors que l\u2019USMo a battu l\u2019UST.\" \/>\n<meta property=\"og:url\" content=\"https:\/\/www.webdo.tn\/fr\/actualite\/sport\/ligue-1-1ere-j-play-off-l-est-et-l-usmo-coleaders\/203514\/\" \/>\n<meta property=\"og:site_name\" content=\"webdo\" \/>\n<meta property=\"article:publisher\" content=\"https:\/\/www.facebook.com\/webdotn\" \/>\n<meta property=\"article:published_time\" content=\"2023-03-02T16:28:00+00:00\" \/>\n<meta property=\"article:modified_time\" content=\"2025-05-20T22:07:48+00:00\" \/>\n<meta property=\"og:image\" content=\"https:\/\/www.webdo.tn\/fr\/wp-content\/uploads\/2023\/03\/3f37176ea795f521d13bc0e77d5a9921.jpg\" \/>\n\t<meta property=\"og:image:width\" content=\"750\" \/>\n\t<meta property=\"og:image:height\" content=\"400\" \/>\n\t<meta property=\"og:image:type\" content=\"image\/jpeg\" \/>\n<meta name=\"author\" content=\"MC\" \/>\n<meta name=\"twitter:card\" content=\"summary_large_image\" \/>\n<meta name=\"twitter:creator\" content=\"@webdo_tn\" \/>\n<meta name=\"twitter:site\" content=\"@webdo_tn\" \/>\n<meta name=\"twitter:label1\" content=\"\u00c9crit par\" \/>\n\t<meta name=\"twitter:data1\" content=\"MC\" \/>\n\t<meta name=\"twitter:label2\" content=\"Dur\u00e9e de lecture estim\u00e9e\" \/>\n\t<meta name=\"twitter:data2\" content=\"1 minute\" \/>\n<script type=\"application\/ld+json\" class=\"yoast-schema-graph\">{\"@context\":\"https:\\\/\\\/schema.org\",\"@graph\":[{\"@type\":\"NewsArticle\",\"@id\":\"https:\\\/\\\/www.webdo.tn\\\/fr\\\/actualite\\\/sport\\\/ligue-1-1ere-j-play-off-l-est-et-l-usmo-coleaders\\\/203514\\\/#article\",\"isPartOf\":{\"@id\":\"https:\\\/\\\/www.webdo.tn\\\/fr\\\/actualite\\\/sport\\\/ligue-1-1ere-j-play-off-l-est-et-l-usmo-coleaders\\\/203514\\\/\"},\"author\":{\"name\":\"MC\",\"@id\":\"https:\\\/\\\/www.webdo.tn\\\/fr\\\/#\\\/schema\\\/person\\\/2c4929cbf5a809e3bd38617c6ce150f6\"},\"headline\":\"Ligue 1 &#8211; 1\u00e8re J. Play-off : L&rsquo;EST et l&rsquo;USMo coleaders\",\"datePublished\":\"2023-03-02T16:28:00+00:00\",\"dateModified\":\"2025-05-20T22:07:48+00:00\",\"mainEntityOfPage\":{\"@id\":\"https:\\\/\\\/www.webdo.tn\\\/fr\\\/actualite\\\/sport\\\/ligue-1-1ere-j-play-off-l-est-et-l-usmo-coleaders\\\/203514\\\/\"},\"wordCount\":168,\"commentCount\":0,\"publisher\":{\"@id\":\"https:\\\/\\\/www.webdo.tn\\\/fr\\\/#organization\"},\"image\":{\"@id\":\"https:\\\/\\\/www.webdo.tn\\\/fr\\\/actualite\\\/sport\\\/ligue-1-1ere-j-play-off-l-est-et-l-usmo-coleaders\\\/203514\\\/#primaryimage\"},\"thumbnailUrl\":\"https:\\\/\\\/www.webdo.tn\\\/fr\\\/wp-content\\\/uploads\\\/2023\\\/03\\\/3f37176ea795f521d13bc0e77d5a9921.jpg\",\"keywords\":[\"Ligue 1\"],\"articleSection\":[\"Sport\"],\"inLanguage\":\"fr-FR\"},{\"@type\":\"WebPage\",\"@id\":\"https:\\\/\\\/www.webdo.tn\\\/fr\\\/actualite\\\/sport\\\/ligue-1-1ere-j-play-off-l-est-et-l-usmo-coleaders\\\/203514\\\/\",\"url\":\"https:\\\/\\\/www.webdo.tn\\\/fr\\\/actualite\\\/sport\\\/ligue-1-1ere-j-play-off-l-est-et-l-usmo-coleaders\\\/203514\\\/\",\"name\":\"Ligue 1 - 1\u00e8re J. Play-off : L'EST et l'USMo coleaders\",\"isPartOf\":{\"@id\":\"https:\\\/\\\/www.webdo.tn\\\/fr\\\/#website\"},\"primaryImageOfPage\":{\"@id\":\"https:\\\/\\\/www.webdo.tn\\\/fr\\\/actualite\\\/sport\\\/ligue-1-1ere-j-play-off-l-est-et-l-usmo-coleaders\\\/203514\\\/#primaryimage\"},\"image\":{\"@id\":\"https:\\\/\\\/www.webdo.tn\\\/fr\\\/actualite\\\/sport\\\/ligue-1-1ere-j-play-off-l-est-et-l-usmo-coleaders\\\/203514\\\/#primaryimage\"},\"thumbnailUrl\":\"https:\\\/\\\/www.webdo.tn\\\/fr\\\/wp-content\\\/uploads\\\/2023\\\/03\\\/3f37176ea795f521d13bc0e77d5a9921.jpg\",\"datePublished\":\"2023-03-02T16:28:00+00:00\",\"dateModified\":\"2025-05-20T22:07:48+00:00\",\"description\":\"Suite et fin de la 1\u00e8re journ\u00e9e du play-off. L\u2019EST se d\u00e9pla\u00e7it \u00e0 Ben Guerdane o\u00f9 elle s'est impos\u00e9e alors que l\u2019USMo a battu l\u2019UST.\",\"breadcrumb\":{\"@id\":\"https:\\\/\\\/www.webdo.tn\\\/fr\\\/actualite\\\/sport\\\/ligue-1-1ere-j-play-off-l-est-et-l-usmo-coleaders\\\/203514\\\/#breadcrumb\"},\"inLanguage\":\"fr-FR\",\"potentialAction\":[{\"@type\":\"ReadAction\",\"target\":[\"https:\\\/\\\/www.webdo.tn\\\/fr\\\/actualite\\\/sport\\\/ligue-1-1ere-j-play-off-l-est-et-l-usmo-coleaders\\\/203514\\\/\"]}]},{\"@type\":\"ImageObject\",\"inLanguage\":\"fr-FR\",\"@id\":\"https:\\\/\\\/www.webdo.tn\\\/fr\\\/actualite\\\/sport\\\/ligue-1-1ere-j-play-off-l-est-et-l-usmo-coleaders\\\/203514\\\/#primaryimage\",\"url\":\"https:\\\/\\\/www.webdo.tn\\\/fr\\\/wp-content\\\/uploads\\\/2023\\\/03\\\/3f37176ea795f521d13bc0e77d5a9921.jpg\",\"contentUrl\":\"https:\\\/\\\/www.webdo.tn\\\/fr\\\/wp-content\\\/uploads\\\/2023\\\/03\\\/3f37176ea795f521d13bc0e77d5a9921.jpg\",\"width\":750,\"height\":400,\"caption\":\"Ligue 1 - 1\u00e8re J. Play-off : L'EST et l'USMo coleaders\"},{\"@type\":\"BreadcrumbList\",\"@id\":\"https:\\\/\\\/www.webdo.tn\\\/fr\\\/actualite\\\/sport\\\/ligue-1-1ere-j-play-off-l-est-et-l-usmo-coleaders\\\/203514\\\/#breadcrumb\",\"itemListElement\":[{\"@type\":\"ListItem\",\"position\":1,\"name\":\"Accueil\",\"item\":\"https:\\\/\\\/www.webdo.tn\\\/fr\\\/\"},{\"@type\":\"ListItem\",\"position\":2,\"name\":\"Ligue 1 &#8211; 1\u00e8re J. Play-off : L&rsquo;EST et l&rsquo;USMo coleaders\"}]},{\"@type\":\"WebSite\",\"@id\":\"https:\\\/\\\/www.webdo.tn\\\/fr\\\/#website\",\"url\":\"https:\\\/\\\/www.webdo.tn\\\/fr\\\/\",\"name\":\"webdo\",\"description\":\"Tunisie - News en Tunisie et \u00e0 l&#039;international sur Webdo.tn\",\"publisher\":{\"@id\":\"https:\\\/\\\/www.webdo.tn\\\/fr\\\/#organization\"},\"potentialAction\":[{\"@type\":\"SearchAction\",\"target\":{\"@type\":\"EntryPoint\",\"urlTemplate\":\"https:\\\/\\\/www.webdo.tn\\\/fr\\\/?s={search_term_string}\"},\"query-input\":{\"@type\":\"PropertyValueSpecification\",\"valueRequired\":true,\"valueName\":\"search_term_string\"}}],\"inLanguage\":\"fr-FR\"},{\"@type\":\"Organization\",\"@id\":\"https:\\\/\\\/www.webdo.tn\\\/fr\\\/#organization\",\"name\":\"Webdo\",\"alternateName\":\"Webdo.tn\",\"url\":\"https:\\\/\\\/www.webdo.tn\\\/fr\\\/\",\"logo\":{\"@type\":\"ImageObject\",\"inLanguage\":\"fr-FR\",\"@id\":\"https:\\\/\\\/www.webdo.tn\\\/fr\\\/#\\\/schema\\\/logo\\\/image\\\/\",\"url\":\"https:\\\/\\\/www.webdo.tn\\\/fr\\\/wp-content\\\/uploads\\\/2025\\\/06\\\/Webdo-Tunisie_168377.jpg\",\"contentUrl\":\"https:\\\/\\\/www.webdo.tn\\\/fr\\\/wp-content\\\/uploads\\\/2025\\\/06\\\/Webdo-Tunisie_168377.jpg\",\"width\":301,\"height\":301,\"caption\":\"Webdo\"},\"image\":{\"@id\":\"https:\\\/\\\/www.webdo.tn\\\/fr\\\/#\\\/schema\\\/logo\\\/image\\\/\"},\"sameAs\":[\"https:\\\/\\\/www.facebook.com\\\/webdotn\",\"https:\\\/\\\/x.com\\\/webdo_tn\"],\"description\":\"Webdo est un m\u00e9dia num\u00e9rique tunisien fond\u00e9 en 2010, sp\u00e9cialis\u00e9 dans l\u2019actualit\u00e9 nationale et internationale, l\u2019\u00e9conomie, la soci\u00e9t\u00e9 et les analyses politiques. Le site s\u2019adresse \u00e0 un large public francophone et couvre l\u2019information tunisienne en temps r\u00e9el.\",\"email\":\"redac@webdo.tn\",\"legalName\":\"YNJ SARL\",\"foundingDate\":\"2010-09-06\",\"numberOfEmployees\":{\"@type\":\"QuantitativeValue\",\"minValue\":\"11\",\"maxValue\":\"50\"}},{\"@type\":\"Person\",\"@id\":\"https:\\\/\\\/www.webdo.tn\\\/fr\\\/#\\\/schema\\\/person\\\/2c4929cbf5a809e3bd38617c6ce150f6\",\"name\":\"MC\",\"image\":{\"@type\":\"ImageObject\",\"inLanguage\":\"fr-FR\",\"@id\":\"https:\\\/\\\/secure.gravatar.com\\\/avatar\\\/a545bbb6f84efdd5553dbbc2895e3ca8f1d12c5215e00a041c9670b54aa9b18a?s=96&d=mm&r=g\",\"url\":\"https:\\\/\\\/secure.gravatar.com\\\/avatar\\\/a545bbb6f84efdd5553dbbc2895e3ca8f1d12c5215e00a041c9670b54aa9b18a?s=96&d=mm&r=g\",\"contentUrl\":\"https:\\\/\\\/secure.gravatar.com\\\/avatar\\\/a545bbb6f84efdd5553dbbc2895e3ca8f1d12c5215e00a041c9670b54aa9b18a?s=96&d=mm&r=g\",\"caption\":\"MC\"},\"url\":\"https:\\\/\\\/www.webdo.tn\\\/fr\\\/actualite\\\/author\\\/mc\\\/\"}]}<\/script>\n<!-- \/ Yoast SEO Premium plugin. -->","yoast_head_json":{"title":"Ligue 1 - 1\u00e8re J. Play-off : L'EST et l'USMo coleaders","description":"Suite et fin de la 1\u00e8re journ\u00e9e du play-off. L\u2019EST se d\u00e9pla\u00e7it \u00e0 Ben Guerdane o\u00f9 elle s'est impos\u00e9e alors que l\u2019USMo a battu l\u2019UST.","canonical":"https:\/\/www.webdo.tn\/fr\/actualite\/sport\/ligue-1-1ere-j-play-off-l-est-et-l-usmo-coleaders\/203514\/","og_locale":"fr_FR","og_type":"article","og_title":"Ligue 1 - 1\u00e8re J. Play-off : L'EST et l'USMo coleaders","og_description":"Suite et fin de la 1\u00e8re journ\u00e9e du play-off. L\u2019EST se d\u00e9pla\u00e7it \u00e0 Ben Guerdane o\u00f9 elle s'est impos\u00e9e alors que l\u2019USMo a battu l\u2019UST.","og_url":"https:\/\/www.webdo.tn\/fr\/actualite\/sport\/ligue-1-1ere-j-play-off-l-est-et-l-usmo-coleaders\/203514\/","og_site_name":"webdo","article_publisher":"https:\/\/www.facebook.com\/webdotn","article_published_time":"2023-03-02T16:28:00+00:00","article_modified_time":"2025-05-20T22:07:48+00:00","og_image":[{"width":750,"height":400,"url":"https:\/\/www.webdo.tn\/fr\/wp-content\/uploads\/2023\/03\/3f37176ea795f521d13bc0e77d5a9921.jpg","type":"image\/jpeg"}],"author":"MC","twitter_card":"summary_large_image","twitter_creator":"@webdo_tn","twitter_site":"@webdo_tn","twitter_misc":{"\u00c9crit par":"MC","Dur\u00e9e de lecture estim\u00e9e":"1 minute"},"schema":{"@context":"https:\/\/schema.org","@graph":[{"@type":"NewsArticle","@id":"https:\/\/www.webdo.tn\/fr\/actualite\/sport\/ligue-1-1ere-j-play-off-l-est-et-l-usmo-coleaders\/203514\/#article","isPartOf":{"@id":"https:\/\/www.webdo.tn\/fr\/actualite\/sport\/ligue-1-1ere-j-play-off-l-est-et-l-usmo-coleaders\/203514\/"},"author":{"name":"MC","@id":"https:\/\/www.webdo.tn\/fr\/#\/schema\/person\/2c4929cbf5a809e3bd38617c6ce150f6"},"headline":"Ligue 1 &#8211; 1\u00e8re J. Play-off : L&rsquo;EST et l&rsquo;USMo coleaders","datePublished":"2023-03-02T16:28:00+00:00","dateModified":"2025-05-20T22:07:48+00:00","mainEntityOfPage":{"@id":"https:\/\/www.webdo.tn\/fr\/actualite\/sport\/ligue-1-1ere-j-play-off-l-est-et-l-usmo-coleaders\/203514\/"},"wordCount":168,"commentCount":0,"publisher":{"@id":"https:\/\/www.webdo.tn\/fr\/#organization"},"image":{"@id":"https:\/\/www.webdo.tn\/fr\/actualite\/sport\/ligue-1-1ere-j-play-off-l-est-et-l-usmo-coleaders\/203514\/#primaryimage"},"thumbnailUrl":"https:\/\/www.webdo.tn\/fr\/wp-content\/uploads\/2023\/03\/3f37176ea795f521d13bc0e77d5a9921.jpg","keywords":["Ligue 1"],"articleSection":["Sport"],"inLanguage":"fr-FR"},{"@type":"WebPage","@id":"https:\/\/www.webdo.tn\/fr\/actualite\/sport\/ligue-1-1ere-j-play-off-l-est-et-l-usmo-coleaders\/203514\/","url":"https:\/\/www.webdo.tn\/fr\/actualite\/sport\/ligue-1-1ere-j-play-off-l-est-et-l-usmo-coleaders\/203514\/","name":"Ligue 1 - 1\u00e8re J. Play-off : L'EST et l'USMo coleaders","isPartOf":{"@id":"https:\/\/www.webdo.tn\/fr\/#website"},"primaryImageOfPage":{"@id":"https:\/\/www.webdo.tn\/fr\/actualite\/sport\/ligue-1-1ere-j-play-off-l-est-et-l-usmo-coleaders\/203514\/#primaryimage"},"image":{"@id":"https:\/\/www.webdo.tn\/fr\/actualite\/sport\/ligue-1-1ere-j-play-off-l-est-et-l-usmo-coleaders\/203514\/#primaryimage"},"thumbnailUrl":"https:\/\/www.webdo.tn\/fr\/wp-content\/uploads\/2023\/03\/3f37176ea795f521d13bc0e77d5a9921.jpg","datePublished":"2023-03-02T16:28:00+00:00","dateModified":"2025-05-20T22:07:48+00:00","description":"Suite et fin de la 1\u00e8re journ\u00e9e du play-off. L\u2019EST se d\u00e9pla\u00e7it \u00e0 Ben Guerdane o\u00f9 elle s'est impos\u00e9e alors que l\u2019USMo a battu l\u2019UST.","breadcrumb":{"@id":"https:\/\/www.webdo.tn\/fr\/actualite\/sport\/ligue-1-1ere-j-play-off-l-est-et-l-usmo-coleaders\/203514\/#breadcrumb"},"inLanguage":"fr-FR","potentialAction":[{"@type":"ReadAction","target":["https:\/\/www.webdo.tn\/fr\/actualite\/sport\/ligue-1-1ere-j-play-off-l-est-et-l-usmo-coleaders\/203514\/"]}]},{"@type":"ImageObject","inLanguage":"fr-FR","@id":"https:\/\/www.webdo.tn\/fr\/actualite\/sport\/ligue-1-1ere-j-play-off-l-est-et-l-usmo-coleaders\/203514\/#primaryimage","url":"https:\/\/www.webdo.tn\/fr\/wp-content\/uploads\/2023\/03\/3f37176ea795f521d13bc0e77d5a9921.jpg","contentUrl":"https:\/\/www.webdo.tn\/fr\/wp-content\/uploads\/2023\/03\/3f37176ea795f521d13bc0e77d5a9921.jpg","width":750,"height":400,"caption":"Ligue 1 - 1\u00e8re J. Play-off : L'EST et l'USMo coleaders"},{"@type":"BreadcrumbList","@id":"https:\/\/www.webdo.tn\/fr\/actualite\/sport\/ligue-1-1ere-j-play-off-l-est-et-l-usmo-coleaders\/203514\/#breadcrumb","itemListElement":[{"@type":"ListItem","position":1,"name":"Accueil","item":"https:\/\/www.webdo.tn\/fr\/"},{"@type":"ListItem","position":2,"name":"Ligue 1 &#8211; 1\u00e8re J. Play-off : L&rsquo;EST et l&rsquo;USMo coleaders"}]},{"@type":"WebSite","@id":"https:\/\/www.webdo.tn\/fr\/#website","url":"https:\/\/www.webdo.tn\/fr\/","name":"webdo","description":"Tunisie - News en Tunisie et \u00e0 l&#039;international sur Webdo.tn","publisher":{"@id":"https:\/\/www.webdo.tn\/fr\/#organization"},"potentialAction":[{"@type":"SearchAction","target":{"@type":"EntryPoint","urlTemplate":"https:\/\/www.webdo.tn\/fr\/?s={search_term_string}"},"query-input":{"@type":"PropertyValueSpecification","valueRequired":true,"valueName":"search_term_string"}}],"inLanguage":"fr-FR"},{"@type":"Organization","@id":"https:\/\/www.webdo.tn\/fr\/#organization","name":"Webdo","alternateName":"Webdo.tn","url":"https:\/\/www.webdo.tn\/fr\/","logo":{"@type":"ImageObject","inLanguage":"fr-FR","@id":"https:\/\/www.webdo.tn\/fr\/#\/schema\/logo\/image\/","url":"https:\/\/www.webdo.tn\/fr\/wp-content\/uploads\/2025\/06\/Webdo-Tunisie_168377.jpg","contentUrl":"https:\/\/www.webdo.tn\/fr\/wp-content\/uploads\/2025\/06\/Webdo-Tunisie_168377.jpg","width":301,"height":301,"caption":"Webdo"},"image":{"@id":"https:\/\/www.webdo.tn\/fr\/#\/schema\/logo\/image\/"},"sameAs":["https:\/\/www.facebook.com\/webdotn","https:\/\/x.com\/webdo_tn"],"description":"Webdo est un m\u00e9dia num\u00e9rique tunisien fond\u00e9 en 2010, sp\u00e9cialis\u00e9 dans l\u2019actualit\u00e9 nationale et internationale, l\u2019\u00e9conomie, la soci\u00e9t\u00e9 et les analyses politiques. Le site s\u2019adresse \u00e0 un large public francophone et couvre l\u2019information tunisienne en temps r\u00e9el.","email":"redac@webdo.tn","legalName":"YNJ SARL","foundingDate":"2010-09-06","numberOfEmployees":{"@type":"QuantitativeValue","minValue":"11","maxValue":"50"}},{"@type":"Person","@id":"https:\/\/www.webdo.tn\/fr\/#\/schema\/person\/2c4929cbf5a809e3bd38617c6ce150f6","name":"MC","image":{"@type":"ImageObject","inLanguage":"fr-FR","@id":"https:\/\/secure.gravatar.com\/avatar\/a545bbb6f84efdd5553dbbc2895e3ca8f1d12c5215e00a041c9670b54aa9b18a?s=96&d=mm&r=g","url":"https:\/\/secure.gravatar.com\/avatar\/a545bbb6f84efdd5553dbbc2895e3ca8f1d12c5215e00a041c9670b54aa9b18a?s=96&d=mm&r=g","contentUrl":"https:\/\/secure.gravatar.com\/avatar\/a545bbb6f84efdd5553dbbc2895e3ca8f1d12c5215e00a041c9670b54aa9b18a?s=96&d=mm&r=g","caption":"MC"},"url":"https:\/\/www.webdo.tn\/fr\/actualite\/author\/mc\/"}]}},"_links":{"self":[{"href":"https:\/\/www.webdo.tn\/fr\/wp-json\/wp\/v2\/posts\/203514","targetHints":{"allow":["GET"]}}],"collection":[{"href":"https:\/\/www.webdo.tn\/fr\/wp-json\/wp\/v2\/posts"}],"about":[{"href":"https:\/\/www.webdo.tn\/fr\/wp-json\/wp\/v2\/types\/post"}],"author":[{"embeddable":true,"href":"https:\/\/www.webdo.tn\/fr\/wp-json\/wp\/v2\/users\/3162"}],"replies":[{"embeddable":true,"href":"https:\/\/www.webdo.tn\/fr\/wp-json\/wp\/v2\/comments?post=203514"}],"version-history":[{"count":0,"href":"https:\/\/www.webdo.tn\/fr\/wp-json\/wp\/v2\/posts\/203514\/revisions"}],"wp:featuredmedia":[{"embeddable":true,"href":"https:\/\/www.webdo.tn\/fr\/wp-json\/wp\/v2\/media\/277862"}],"wp:attachment":[{"href":"https:\/\/www.webdo.tn\/fr\/wp-json\/wp\/v2\/media?parent=203514"}],"wp:term":[{"taxonomy":"category","embeddable":true,"href":"https:\/\/www.webdo.tn\/fr\/wp-json\/wp\/v2\/categories?post=203514"},{"taxonomy":"post_tag","embeddable":true,"href":"https:\/\/www.webdo.tn\/fr\/wp-json\/wp\/v2\/tags?post=203514"}],"curies":[{"name":"wp","href":"https:\/\/api.w.org\/{rel}","templated":true}]}}