{"id":203512,"date":"2023-03-02T15:40:00","date_gmt":"2023-03-02T15:40:00","guid":{"rendered":"https:\/\/www.webdo.tn\/fr\/blog\/la-tunisie-disposee-a-faciliter-le-retour-des-migrants-irreguliers-ivoiriens-vers-leur-pays\/203512\/"},"modified":"2025-05-20T22:07:48","modified_gmt":"2025-05-20T22:07:48","slug":"la-tunisie-disposee-a-faciliter-le-retour-des-migrants-irreguliers-ivoiriens-vers-leur-pays","status":"publish","type":"post","link":"https:\/\/www.webdo.tn\/fr\/actualite\/national\/la-tunisie-disposee-a-faciliter-le-retour-des-migrants-irreguliers-ivoiriens-vers-leur-pays\/203512\/","title":{"rendered":"La Tunisie dispos\u00e9e \u00e0 faciliter le retour des migrants irr\u00e9guliers ivoiriens vers leur pays"},"content":{"rendered":"<p>Le ministre des Affaires \u00e9trang\u00e8res, de la Migration et des Tunisiens \u00e0 l\u2019\u00e9tranger, Nabil Ammar, s\u2019est entretenu, aujourd\u2019hui par t\u00e9l\u00e9phone avec son homologue ivoirienne, Kandia Kamissoko Camara.<\/p>\n<p>\t\t\t\t\t\t\t\t\tLors de cet entretien, il a r\u00e9it\u00e9r\u00e9 le souci de la Tunisie \u00e0 prot\u00e9ger tous les \u00e9trangers qui r\u00e9sident sur son territoire, rassurant son homologue sur les conditions de la communaut\u00e9 ivoirienne en Tunisie.<\/p>\n<p>Il a, par ailleurs exprim\u00e9 la disponibilit\u00e9 de la Tunisie afin de faciliter le retour des migrants ivoiriens en situation irr\u00e9guli\u00e8re vers la C\u00f4te d\u2019Ivoire dans le cadre du respect de la dignit\u00e9, des proc\u00e9dures et de la protection de leurs droits, indique un communiqu\u00e9 du minist\u00e8re des Affaires \u00e9trang\u00e8res.<\/p>\n<p>\u00ab\u00a0Le ministre a souhait\u00e9 la bienvenue aux Ivoiriens r\u00e9sidant en Tunisie et ceux qui viennent dans le cadre d&rsquo;affaires, de tourisme, d&rsquo;\u00e9tudes, de soins m\u00e9dicaux et autres\u00a0\u00bb, lit-on dans ce communiqu\u00e9 publi\u00e9 ce jeudi 2 mars 2023.<\/p>\n","protected":false},"excerpt":{"rendered":"<p>Le ministre des Affaires \u00e9trang\u00e8res, de la Migration et des Tunisiens \u00e0 l\u2019\u00e9tranger, Nabil Ammar, s\u2019est entretenu, aujourd\u2019hui par t\u00e9l\u00e9phone avec son homologue i&#8230;<\/p>\n","protected":false},"author":3162,"featured_media":277864,"comment_status":"open","ping_status":"closed","sticky":false,"template":"","format":"standard","meta":{"footnotes":""},"categories":[44],"tags":[5946,9374,2894,2608],"class_list":["post-203512","post","type-post","status-publish","format-standard","has-post-thumbnail","hentry","category-national","tag-cote-divoire","tag-irreguliers","tag-migrants","tag-tunisie"],"yoast_head":"<!-- This site is optimized with the Yoast SEO Premium plugin v27.5 (Yoast SEO v27.5) - https:\/\/yoast.com\/product\/yoast-seo-premium-wordpress\/ -->\n<title>La Tunisie dispos\u00e9e \u00e0 faciliter le retour des migrants irr\u00e9guliers ivoiriens vers leur pays<\/title>\n<meta name=\"description\" content=\"Le ministre des Affaires \u00e9trang\u00e8res, de la Migration et des Tunisiens \u00e0 l\u2019\u00e9tranger, Nabil Ammar, s\u2019est entretenu, aujourd\u2019hui par t\u00e9l\u00e9phone avec son homologue i...\" \/>\n<link rel=\"canonical\" href=\"https:\/\/www.webdo.tn\/fr\/actualite\/national\/la-tunisie-disposee-a-faciliter-le-retour-des-migrants-irreguliers-ivoiriens-vers-leur-pays\/203512\/\" \/>\n<meta property=\"og:locale\" content=\"fr_FR\" \/>\n<meta property=\"og:type\" content=\"article\" \/>\n<meta property=\"og:title\" content=\"La Tunisie dispos\u00e9e \u00e0 faciliter le retour des migrants irr\u00e9guliers ivoiriens vers leur pays\" \/>\n<meta property=\"og:description\" content=\"Le ministre des Affaires \u00e9trang\u00e8res, de la Migration et des Tunisiens \u00e0 l\u2019\u00e9tranger, Nabil Ammar, s\u2019est entretenu, aujourd\u2019hui par t\u00e9l\u00e9phone avec son homologue i...\" \/>\n<meta property=\"og:url\" content=\"https:\/\/www.webdo.tn\/fr\/actualite\/national\/la-tunisie-disposee-a-faciliter-le-retour-des-migrants-irreguliers-ivoiriens-vers-leur-pays\/203512\/\" \/>\n<meta property=\"og:site_name\" content=\"webdo\" \/>\n<meta property=\"article:publisher\" content=\"https:\/\/www.facebook.com\/webdotn\" \/>\n<meta property=\"article:published_time\" content=\"2023-03-02T15:40:00+00:00\" \/>\n<meta property=\"article:modified_time\" content=\"2025-05-20T22:07:48+00:00\" \/>\n<meta property=\"og:image\" content=\"https:\/\/www.webdo.tn\/fr\/wp-content\/uploads\/2023\/03\/e3453d991dd5c55b248dcf1becdb1368.jpg\" \/>\n\t<meta property=\"og:image:width\" content=\"750\" \/>\n\t<meta property=\"og:image:height\" content=\"400\" \/>\n\t<meta property=\"og:image:type\" content=\"image\/jpeg\" \/>\n<meta name=\"author\" content=\"MC\" \/>\n<meta name=\"twitter:card\" content=\"summary_large_image\" \/>\n<meta name=\"twitter:creator\" content=\"@webdo_tn\" \/>\n<meta name=\"twitter:site\" content=\"@webdo_tn\" \/>\n<meta name=\"twitter:label1\" content=\"\u00c9crit par\" \/>\n\t<meta name=\"twitter:data1\" content=\"MC\" \/>\n\t<meta name=\"twitter:label2\" content=\"Dur\u00e9e de lecture estim\u00e9e\" \/>\n\t<meta name=\"twitter:data2\" content=\"1 minute\" \/>\n<script type=\"application\/ld+json\" class=\"yoast-schema-graph\">{\"@context\":\"https:\\\/\\\/schema.org\",\"@graph\":[{\"@type\":\"NewsArticle\",\"@id\":\"https:\\\/\\\/www.webdo.tn\\\/fr\\\/actualite\\\/national\\\/la-tunisie-disposee-a-faciliter-le-retour-des-migrants-irreguliers-ivoiriens-vers-leur-pays\\\/203512\\\/#article\",\"isPartOf\":{\"@id\":\"https:\\\/\\\/www.webdo.tn\\\/fr\\\/actualite\\\/national\\\/la-tunisie-disposee-a-faciliter-le-retour-des-migrants-irreguliers-ivoiriens-vers-leur-pays\\\/203512\\\/\"},\"author\":{\"name\":\"MC\",\"@id\":\"https:\\\/\\\/www.webdo.tn\\\/fr\\\/#\\\/schema\\\/person\\\/2c4929cbf5a809e3bd38617c6ce150f6\"},\"headline\":\"La Tunisie dispos\u00e9e \u00e0 faciliter le retour des migrants irr\u00e9guliers ivoiriens vers leur pays\",\"datePublished\":\"2023-03-02T15:40:00+00:00\",\"dateModified\":\"2025-05-20T22:07:48+00:00\",\"mainEntityOfPage\":{\"@id\":\"https:\\\/\\\/www.webdo.tn\\\/fr\\\/actualite\\\/national\\\/la-tunisie-disposee-a-faciliter-le-retour-des-migrants-irreguliers-ivoiriens-vers-leur-pays\\\/203512\\\/\"},\"wordCount\":180,\"commentCount\":0,\"publisher\":{\"@id\":\"https:\\\/\\\/www.webdo.tn\\\/fr\\\/#organization\"},\"image\":{\"@id\":\"https:\\\/\\\/www.webdo.tn\\\/fr\\\/actualite\\\/national\\\/la-tunisie-disposee-a-faciliter-le-retour-des-migrants-irreguliers-ivoiriens-vers-leur-pays\\\/203512\\\/#primaryimage\"},\"thumbnailUrl\":\"https:\\\/\\\/www.webdo.tn\\\/fr\\\/wp-content\\\/uploads\\\/2023\\\/03\\\/e3453d991dd5c55b248dcf1becdb1368.jpg\",\"keywords\":[\"C\u00f4te-d'Ivoire\",\"irr\u00e9guliers\",\"migrants\",\"Tunisie\"],\"articleSection\":[\"National\"],\"inLanguage\":\"fr-FR\"},{\"@type\":\"WebPage\",\"@id\":\"https:\\\/\\\/www.webdo.tn\\\/fr\\\/actualite\\\/national\\\/la-tunisie-disposee-a-faciliter-le-retour-des-migrants-irreguliers-ivoiriens-vers-leur-pays\\\/203512\\\/\",\"url\":\"https:\\\/\\\/www.webdo.tn\\\/fr\\\/actualite\\\/national\\\/la-tunisie-disposee-a-faciliter-le-retour-des-migrants-irreguliers-ivoiriens-vers-leur-pays\\\/203512\\\/\",\"name\":\"La Tunisie dispos\u00e9e \u00e0 faciliter le retour des migrants irr\u00e9guliers ivoiriens vers leur pays\",\"isPartOf\":{\"@id\":\"https:\\\/\\\/www.webdo.tn\\\/fr\\\/#website\"},\"primaryImageOfPage\":{\"@id\":\"https:\\\/\\\/www.webdo.tn\\\/fr\\\/actualite\\\/national\\\/la-tunisie-disposee-a-faciliter-le-retour-des-migrants-irreguliers-ivoiriens-vers-leur-pays\\\/203512\\\/#primaryimage\"},\"image\":{\"@id\":\"https:\\\/\\\/www.webdo.tn\\\/fr\\\/actualite\\\/national\\\/la-tunisie-disposee-a-faciliter-le-retour-des-migrants-irreguliers-ivoiriens-vers-leur-pays\\\/203512\\\/#primaryimage\"},\"thumbnailUrl\":\"https:\\\/\\\/www.webdo.tn\\\/fr\\\/wp-content\\\/uploads\\\/2023\\\/03\\\/e3453d991dd5c55b248dcf1becdb1368.jpg\",\"datePublished\":\"2023-03-02T15:40:00+00:00\",\"dateModified\":\"2025-05-20T22:07:48+00:00\",\"description\":\"Le ministre des Affaires \u00e9trang\u00e8res, de la Migration et des Tunisiens \u00e0 l\u2019\u00e9tranger, Nabil Ammar, s\u2019est entretenu, aujourd\u2019hui par t\u00e9l\u00e9phone avec son homologue i...\",\"breadcrumb\":{\"@id\":\"https:\\\/\\\/www.webdo.tn\\\/fr\\\/actualite\\\/national\\\/la-tunisie-disposee-a-faciliter-le-retour-des-migrants-irreguliers-ivoiriens-vers-leur-pays\\\/203512\\\/#breadcrumb\"},\"inLanguage\":\"fr-FR\",\"potentialAction\":[{\"@type\":\"ReadAction\",\"target\":[\"https:\\\/\\\/www.webdo.tn\\\/fr\\\/actualite\\\/national\\\/la-tunisie-disposee-a-faciliter-le-retour-des-migrants-irreguliers-ivoiriens-vers-leur-pays\\\/203512\\\/\"]}]},{\"@type\":\"ImageObject\",\"inLanguage\":\"fr-FR\",\"@id\":\"https:\\\/\\\/www.webdo.tn\\\/fr\\\/actualite\\\/national\\\/la-tunisie-disposee-a-faciliter-le-retour-des-migrants-irreguliers-ivoiriens-vers-leur-pays\\\/203512\\\/#primaryimage\",\"url\":\"https:\\\/\\\/www.webdo.tn\\\/fr\\\/wp-content\\\/uploads\\\/2023\\\/03\\\/e3453d991dd5c55b248dcf1becdb1368.jpg\",\"contentUrl\":\"https:\\\/\\\/www.webdo.tn\\\/fr\\\/wp-content\\\/uploads\\\/2023\\\/03\\\/e3453d991dd5c55b248dcf1becdb1368.jpg\",\"width\":750,\"height\":400,\"caption\":\"La Tunisie dispos\u00e9e \u00e0 faciliter le retour des migrants irr\u00e9guliers ivoiriens vers leur pays\"},{\"@type\":\"BreadcrumbList\",\"@id\":\"https:\\\/\\\/www.webdo.tn\\\/fr\\\/actualite\\\/national\\\/la-tunisie-disposee-a-faciliter-le-retour-des-migrants-irreguliers-ivoiriens-vers-leur-pays\\\/203512\\\/#breadcrumb\",\"itemListElement\":[{\"@type\":\"ListItem\",\"position\":1,\"name\":\"Accueil\",\"item\":\"https:\\\/\\\/www.webdo.tn\\\/fr\\\/\"},{\"@type\":\"ListItem\",\"position\":2,\"name\":\"La Tunisie dispos\u00e9e \u00e0 faciliter le retour des migrants irr\u00e9guliers ivoiriens vers leur pays\"}]},{\"@type\":\"WebSite\",\"@id\":\"https:\\\/\\\/www.webdo.tn\\\/fr\\\/#website\",\"url\":\"https:\\\/\\\/www.webdo.tn\\\/fr\\\/\",\"name\":\"webdo\",\"description\":\"Tunisie - News en Tunisie et \u00e0 l&#039;international sur Webdo.tn\",\"publisher\":{\"@id\":\"https:\\\/\\\/www.webdo.tn\\\/fr\\\/#organization\"},\"potentialAction\":[{\"@type\":\"SearchAction\",\"target\":{\"@type\":\"EntryPoint\",\"urlTemplate\":\"https:\\\/\\\/www.webdo.tn\\\/fr\\\/?s={search_term_string}\"},\"query-input\":{\"@type\":\"PropertyValueSpecification\",\"valueRequired\":true,\"valueName\":\"search_term_string\"}}],\"inLanguage\":\"fr-FR\"},{\"@type\":\"Organization\",\"@id\":\"https:\\\/\\\/www.webdo.tn\\\/fr\\\/#organization\",\"name\":\"Webdo\",\"alternateName\":\"Webdo.tn\",\"url\":\"https:\\\/\\\/www.webdo.tn\\\/fr\\\/\",\"logo\":{\"@type\":\"ImageObject\",\"inLanguage\":\"fr-FR\",\"@id\":\"https:\\\/\\\/www.webdo.tn\\\/fr\\\/#\\\/schema\\\/logo\\\/image\\\/\",\"url\":\"https:\\\/\\\/www.webdo.tn\\\/fr\\\/wp-content\\\/uploads\\\/2025\\\/06\\\/Webdo-Tunisie_168377.jpg\",\"contentUrl\":\"https:\\\/\\\/www.webdo.tn\\\/fr\\\/wp-content\\\/uploads\\\/2025\\\/06\\\/Webdo-Tunisie_168377.jpg\",\"width\":301,\"height\":301,\"caption\":\"Webdo\"},\"image\":{\"@id\":\"https:\\\/\\\/www.webdo.tn\\\/fr\\\/#\\\/schema\\\/logo\\\/image\\\/\"},\"sameAs\":[\"https:\\\/\\\/www.facebook.com\\\/webdotn\",\"https:\\\/\\\/x.com\\\/webdo_tn\"],\"description\":\"Webdo est un m\u00e9dia num\u00e9rique tunisien fond\u00e9 en 2010, sp\u00e9cialis\u00e9 dans l\u2019actualit\u00e9 nationale et internationale, l\u2019\u00e9conomie, la soci\u00e9t\u00e9 et les analyses politiques. Le site s\u2019adresse \u00e0 un large public francophone et couvre l\u2019information tunisienne en temps r\u00e9el.\",\"email\":\"redac@webdo.tn\",\"legalName\":\"YNJ SARL\",\"foundingDate\":\"2010-09-06\",\"numberOfEmployees\":{\"@type\":\"QuantitativeValue\",\"minValue\":\"11\",\"maxValue\":\"50\"}},{\"@type\":\"Person\",\"@id\":\"https:\\\/\\\/www.webdo.tn\\\/fr\\\/#\\\/schema\\\/person\\\/2c4929cbf5a809e3bd38617c6ce150f6\",\"name\":\"MC\",\"image\":{\"@type\":\"ImageObject\",\"inLanguage\":\"fr-FR\",\"@id\":\"https:\\\/\\\/secure.gravatar.com\\\/avatar\\\/a545bbb6f84efdd5553dbbc2895e3ca8f1d12c5215e00a041c9670b54aa9b18a?s=96&d=mm&r=g\",\"url\":\"https:\\\/\\\/secure.gravatar.com\\\/avatar\\\/a545bbb6f84efdd5553dbbc2895e3ca8f1d12c5215e00a041c9670b54aa9b18a?s=96&d=mm&r=g\",\"contentUrl\":\"https:\\\/\\\/secure.gravatar.com\\\/avatar\\\/a545bbb6f84efdd5553dbbc2895e3ca8f1d12c5215e00a041c9670b54aa9b18a?s=96&d=mm&r=g\",\"caption\":\"MC\"},\"url\":\"https:\\\/\\\/www.webdo.tn\\\/fr\\\/actualite\\\/author\\\/mc\\\/\"}]}<\/script>\n<!-- \/ Yoast SEO Premium plugin. -->","yoast_head_json":{"title":"La Tunisie dispos\u00e9e \u00e0 faciliter le retour des migrants irr\u00e9guliers ivoiriens vers leur pays","description":"Le ministre des Affaires \u00e9trang\u00e8res, de la Migration et des Tunisiens \u00e0 l\u2019\u00e9tranger, Nabil Ammar, s\u2019est entretenu, aujourd\u2019hui par t\u00e9l\u00e9phone avec son homologue i...","canonical":"https:\/\/www.webdo.tn\/fr\/actualite\/national\/la-tunisie-disposee-a-faciliter-le-retour-des-migrants-irreguliers-ivoiriens-vers-leur-pays\/203512\/","og_locale":"fr_FR","og_type":"article","og_title":"La Tunisie dispos\u00e9e \u00e0 faciliter le retour des migrants irr\u00e9guliers ivoiriens vers leur pays","og_description":"Le ministre des Affaires \u00e9trang\u00e8res, de la Migration et des Tunisiens \u00e0 l\u2019\u00e9tranger, Nabil Ammar, s\u2019est entretenu, aujourd\u2019hui par t\u00e9l\u00e9phone avec son homologue i...","og_url":"https:\/\/www.webdo.tn\/fr\/actualite\/national\/la-tunisie-disposee-a-faciliter-le-retour-des-migrants-irreguliers-ivoiriens-vers-leur-pays\/203512\/","og_site_name":"webdo","article_publisher":"https:\/\/www.facebook.com\/webdotn","article_published_time":"2023-03-02T15:40:00+00:00","article_modified_time":"2025-05-20T22:07:48+00:00","og_image":[{"width":750,"height":400,"url":"https:\/\/www.webdo.tn\/fr\/wp-content\/uploads\/2023\/03\/e3453d991dd5c55b248dcf1becdb1368.jpg","type":"image\/jpeg"}],"author":"MC","twitter_card":"summary_large_image","twitter_creator":"@webdo_tn","twitter_site":"@webdo_tn","twitter_misc":{"\u00c9crit par":"MC","Dur\u00e9e de lecture estim\u00e9e":"1 minute"},"schema":{"@context":"https:\/\/schema.org","@graph":[{"@type":"NewsArticle","@id":"https:\/\/www.webdo.tn\/fr\/actualite\/national\/la-tunisie-disposee-a-faciliter-le-retour-des-migrants-irreguliers-ivoiriens-vers-leur-pays\/203512\/#article","isPartOf":{"@id":"https:\/\/www.webdo.tn\/fr\/actualite\/national\/la-tunisie-disposee-a-faciliter-le-retour-des-migrants-irreguliers-ivoiriens-vers-leur-pays\/203512\/"},"author":{"name":"MC","@id":"https:\/\/www.webdo.tn\/fr\/#\/schema\/person\/2c4929cbf5a809e3bd38617c6ce150f6"},"headline":"La Tunisie dispos\u00e9e \u00e0 faciliter le retour des migrants irr\u00e9guliers ivoiriens vers leur pays","datePublished":"2023-03-02T15:40:00+00:00","dateModified":"2025-05-20T22:07:48+00:00","mainEntityOfPage":{"@id":"https:\/\/www.webdo.tn\/fr\/actualite\/national\/la-tunisie-disposee-a-faciliter-le-retour-des-migrants-irreguliers-ivoiriens-vers-leur-pays\/203512\/"},"wordCount":180,"commentCount":0,"publisher":{"@id":"https:\/\/www.webdo.tn\/fr\/#organization"},"image":{"@id":"https:\/\/www.webdo.tn\/fr\/actualite\/national\/la-tunisie-disposee-a-faciliter-le-retour-des-migrants-irreguliers-ivoiriens-vers-leur-pays\/203512\/#primaryimage"},"thumbnailUrl":"https:\/\/www.webdo.tn\/fr\/wp-content\/uploads\/2023\/03\/e3453d991dd5c55b248dcf1becdb1368.jpg","keywords":["C\u00f4te-d'Ivoire","irr\u00e9guliers","migrants","Tunisie"],"articleSection":["National"],"inLanguage":"fr-FR"},{"@type":"WebPage","@id":"https:\/\/www.webdo.tn\/fr\/actualite\/national\/la-tunisie-disposee-a-faciliter-le-retour-des-migrants-irreguliers-ivoiriens-vers-leur-pays\/203512\/","url":"https:\/\/www.webdo.tn\/fr\/actualite\/national\/la-tunisie-disposee-a-faciliter-le-retour-des-migrants-irreguliers-ivoiriens-vers-leur-pays\/203512\/","name":"La Tunisie dispos\u00e9e \u00e0 faciliter le retour des migrants irr\u00e9guliers ivoiriens vers leur pays","isPartOf":{"@id":"https:\/\/www.webdo.tn\/fr\/#website"},"primaryImageOfPage":{"@id":"https:\/\/www.webdo.tn\/fr\/actualite\/national\/la-tunisie-disposee-a-faciliter-le-retour-des-migrants-irreguliers-ivoiriens-vers-leur-pays\/203512\/#primaryimage"},"image":{"@id":"https:\/\/www.webdo.tn\/fr\/actualite\/national\/la-tunisie-disposee-a-faciliter-le-retour-des-migrants-irreguliers-ivoiriens-vers-leur-pays\/203512\/#primaryimage"},"thumbnailUrl":"https:\/\/www.webdo.tn\/fr\/wp-content\/uploads\/2023\/03\/e3453d991dd5c55b248dcf1becdb1368.jpg","datePublished":"2023-03-02T15:40:00+00:00","dateModified":"2025-05-20T22:07:48+00:00","description":"Le ministre des Affaires \u00e9trang\u00e8res, de la Migration et des Tunisiens \u00e0 l\u2019\u00e9tranger, Nabil Ammar, s\u2019est entretenu, aujourd\u2019hui par t\u00e9l\u00e9phone avec son homologue i...","breadcrumb":{"@id":"https:\/\/www.webdo.tn\/fr\/actualite\/national\/la-tunisie-disposee-a-faciliter-le-retour-des-migrants-irreguliers-ivoiriens-vers-leur-pays\/203512\/#breadcrumb"},"inLanguage":"fr-FR","potentialAction":[{"@type":"ReadAction","target":["https:\/\/www.webdo.tn\/fr\/actualite\/national\/la-tunisie-disposee-a-faciliter-le-retour-des-migrants-irreguliers-ivoiriens-vers-leur-pays\/203512\/"]}]},{"@type":"ImageObject","inLanguage":"fr-FR","@id":"https:\/\/www.webdo.tn\/fr\/actualite\/national\/la-tunisie-disposee-a-faciliter-le-retour-des-migrants-irreguliers-ivoiriens-vers-leur-pays\/203512\/#primaryimage","url":"https:\/\/www.webdo.tn\/fr\/wp-content\/uploads\/2023\/03\/e3453d991dd5c55b248dcf1becdb1368.jpg","contentUrl":"https:\/\/www.webdo.tn\/fr\/wp-content\/uploads\/2023\/03\/e3453d991dd5c55b248dcf1becdb1368.jpg","width":750,"height":400,"caption":"La Tunisie dispos\u00e9e \u00e0 faciliter le retour des migrants irr\u00e9guliers ivoiriens vers leur pays"},{"@type":"BreadcrumbList","@id":"https:\/\/www.webdo.tn\/fr\/actualite\/national\/la-tunisie-disposee-a-faciliter-le-retour-des-migrants-irreguliers-ivoiriens-vers-leur-pays\/203512\/#breadcrumb","itemListElement":[{"@type":"ListItem","position":1,"name":"Accueil","item":"https:\/\/www.webdo.tn\/fr\/"},{"@type":"ListItem","position":2,"name":"La Tunisie dispos\u00e9e \u00e0 faciliter le retour des migrants irr\u00e9guliers ivoiriens vers leur pays"}]},{"@type":"WebSite","@id":"https:\/\/www.webdo.tn\/fr\/#website","url":"https:\/\/www.webdo.tn\/fr\/","name":"webdo","description":"Tunisie - News en Tunisie et \u00e0 l&#039;international sur Webdo.tn","publisher":{"@id":"https:\/\/www.webdo.tn\/fr\/#organization"},"potentialAction":[{"@type":"SearchAction","target":{"@type":"EntryPoint","urlTemplate":"https:\/\/www.webdo.tn\/fr\/?s={search_term_string}"},"query-input":{"@type":"PropertyValueSpecification","valueRequired":true,"valueName":"search_term_string"}}],"inLanguage":"fr-FR"},{"@type":"Organization","@id":"https:\/\/www.webdo.tn\/fr\/#organization","name":"Webdo","alternateName":"Webdo.tn","url":"https:\/\/www.webdo.tn\/fr\/","logo":{"@type":"ImageObject","inLanguage":"fr-FR","@id":"https:\/\/www.webdo.tn\/fr\/#\/schema\/logo\/image\/","url":"https:\/\/www.webdo.tn\/fr\/wp-content\/uploads\/2025\/06\/Webdo-Tunisie_168377.jpg","contentUrl":"https:\/\/www.webdo.tn\/fr\/wp-content\/uploads\/2025\/06\/Webdo-Tunisie_168377.jpg","width":301,"height":301,"caption":"Webdo"},"image":{"@id":"https:\/\/www.webdo.tn\/fr\/#\/schema\/logo\/image\/"},"sameAs":["https:\/\/www.facebook.com\/webdotn","https:\/\/x.com\/webdo_tn"],"description":"Webdo est un m\u00e9dia num\u00e9rique tunisien fond\u00e9 en 2010, sp\u00e9cialis\u00e9 dans l\u2019actualit\u00e9 nationale et internationale, l\u2019\u00e9conomie, la soci\u00e9t\u00e9 et les analyses politiques. Le site s\u2019adresse \u00e0 un large public francophone et couvre l\u2019information tunisienne en temps r\u00e9el.","email":"redac@webdo.tn","legalName":"YNJ SARL","foundingDate":"2010-09-06","numberOfEmployees":{"@type":"QuantitativeValue","minValue":"11","maxValue":"50"}},{"@type":"Person","@id":"https:\/\/www.webdo.tn\/fr\/#\/schema\/person\/2c4929cbf5a809e3bd38617c6ce150f6","name":"MC","image":{"@type":"ImageObject","inLanguage":"fr-FR","@id":"https:\/\/secure.gravatar.com\/avatar\/a545bbb6f84efdd5553dbbc2895e3ca8f1d12c5215e00a041c9670b54aa9b18a?s=96&d=mm&r=g","url":"https:\/\/secure.gravatar.com\/avatar\/a545bbb6f84efdd5553dbbc2895e3ca8f1d12c5215e00a041c9670b54aa9b18a?s=96&d=mm&r=g","contentUrl":"https:\/\/secure.gravatar.com\/avatar\/a545bbb6f84efdd5553dbbc2895e3ca8f1d12c5215e00a041c9670b54aa9b18a?s=96&d=mm&r=g","caption":"MC"},"url":"https:\/\/www.webdo.tn\/fr\/actualite\/author\/mc\/"}]}},"_links":{"self":[{"href":"https:\/\/www.webdo.tn\/fr\/wp-json\/wp\/v2\/posts\/203512","targetHints":{"allow":["GET"]}}],"collection":[{"href":"https:\/\/www.webdo.tn\/fr\/wp-json\/wp\/v2\/posts"}],"about":[{"href":"https:\/\/www.webdo.tn\/fr\/wp-json\/wp\/v2\/types\/post"}],"author":[{"embeddable":true,"href":"https:\/\/www.webdo.tn\/fr\/wp-json\/wp\/v2\/users\/3162"}],"replies":[{"embeddable":true,"href":"https:\/\/www.webdo.tn\/fr\/wp-json\/wp\/v2\/comments?post=203512"}],"version-history":[{"count":0,"href":"https:\/\/www.webdo.tn\/fr\/wp-json\/wp\/v2\/posts\/203512\/revisions"}],"wp:featuredmedia":[{"embeddable":true,"href":"https:\/\/www.webdo.tn\/fr\/wp-json\/wp\/v2\/media\/277864"}],"wp:attachment":[{"href":"https:\/\/www.webdo.tn\/fr\/wp-json\/wp\/v2\/media?parent=203512"}],"wp:term":[{"taxonomy":"category","embeddable":true,"href":"https:\/\/www.webdo.tn\/fr\/wp-json\/wp\/v2\/categories?post=203512"},{"taxonomy":"post_tag","embeddable":true,"href":"https:\/\/www.webdo.tn\/fr\/wp-json\/wp\/v2\/tags?post=203512"}],"curies":[{"name":"wp","href":"https:\/\/api.w.org\/{rel}","templated":true}]}}