{"id":203488,"date":"2023-03-02T08:54:00","date_gmt":"2023-03-02T08:54:00","guid":{"rendered":"https:\/\/www.webdo.tn\/fr\/blog\/greve-generale-a-la-sncft-paralysie-totale-du-trafic-ferroviaire\/203488\/"},"modified":"2025-05-20T22:07:46","modified_gmt":"2025-05-20T22:07:46","slug":"greve-generale-a-la-sncft-paralysie-totale-du-trafic-ferroviaire","status":"publish","type":"post","link":"https:\/\/www.webdo.tn\/fr\/actualite\/national\/greve-generale-a-la-sncft-paralysie-totale-du-trafic-ferroviaire\/203488\/","title":{"rendered":"Gr\u00e8ve g\u00e9n\u00e9rale \u00e0 la SNCFT : Paralysie totale du trafic ferroviaire"},"content":{"rendered":"<p>Le trafic ferroviaire est \u00e0 l\u2019arr\u00eat ce jeudi 2 mars 2023 suite \u00e0 la gr\u00e8ve g\u00e9n\u00e9rale d\u00e9cr\u00e9t\u00e9e par le syndicat des Chemins de fer relevant de l\u2019UGTT.<\/p>\n<p>\t\t\t\t\t\t\t\t\tLa circulation des trains s\u2019est arr\u00eat\u00e9e sur toutes les lignes dans le cadre d&rsquo;une gr\u00e8ve g\u00e9n\u00e9rale \u00e0 la Soci\u00e9t\u00e9 Nationale des Chemins de Fer (SNCFT), du syndicat affili\u00e9 \u00e0 l\u2019UGTT.<\/p>\n<p>Cette gr\u00e8ve a \u00e9t\u00e9 d\u00e9cr\u00e9t\u00e9e suite \u00e0 l&rsquo;\u00e9chec de la tenue d&rsquo;une s\u00e9ance de conciliation avec la partie administrative, le PDG de la SNCFT et le repr\u00e9sentant du gouvernement s\u2019\u00e9tant absent\u00e9s de cette r\u00e9union.<\/p>\n<p>Les revendications portent principalement sur l&rsquo;acc\u00e9l\u00e9ration de l&rsquo;activation de la Loi fondamentale, le r\u00e8glement du statut des titulaires de dipl\u00f4mes scientifiques, et celui des agents qui ont pass\u00e9 25 ans ou plus dans le m\u00eame cat\u00e9gorie.<\/p>\n<p>La gr\u00e8ve d&rsquo;aujourd&rsquo;hui a provoqu\u00e9 une paralysie compl\u00e8te de toutes les lignes ferroviaires, y compris le trafic des trains de phosphate sur les deux voies ferr\u00e9es n\u00b021 vers Gab\u00e8s et n\u00b013 vers Skhira \u00e0 Sfax.<\/p>\n","protected":false},"excerpt":{"rendered":"<p>Le trafic ferroviaire est \u00e0 l\u2019arr\u00eat ce jeudi 2 mars 2023 suite \u00e0 la gr\u00e8ve g\u00e9n\u00e9rale d\u00e9cr\u00e9t\u00e9e par le syndicat des Chemins de fer relevant de l\u2019UGTT.<\/p>\n","protected":false},"author":3162,"featured_media":277847,"comment_status":"open","ping_status":"closed","sticky":false,"template":"","format":"standard","meta":{"footnotes":""},"categories":[44],"tags":[2782,4184,9362],"class_list":["post-203488","post","type-post","status-publish","format-standard","has-post-thumbnail","hentry","category-national","tag-greve-generale","tag-sncft","tag-trafic-ferroviaire"],"yoast_head":"<!-- This site is optimized with the Yoast SEO Premium plugin v27.4 (Yoast SEO v27.5) - https:\/\/yoast.com\/product\/yoast-seo-premium-wordpress\/ -->\n<title>Gr\u00e8ve g\u00e9n\u00e9rale \u00e0 la SNCFT : Paralysie totale du trafic ferroviaire<\/title>\n<meta name=\"description\" content=\"Le trafic ferroviaire est \u00e0 l\u2019arr\u00eat ce jeudi 2 mars 2023 suite \u00e0 la gr\u00e8ve g\u00e9n\u00e9rale d\u00e9cr\u00e9t\u00e9e par le syndicat des Chemins de fer relevant de l\u2019UGTT.\" \/>\n<link rel=\"canonical\" href=\"https:\/\/www.webdo.tn\/fr\/actualite\/national\/greve-generale-a-la-sncft-paralysie-totale-du-trafic-ferroviaire\/203488\/\" \/>\n<meta property=\"og:locale\" content=\"fr_FR\" \/>\n<meta property=\"og:type\" content=\"article\" \/>\n<meta property=\"og:title\" content=\"Gr\u00e8ve g\u00e9n\u00e9rale \u00e0 la SNCFT : Paralysie totale du trafic ferroviaire\" \/>\n<meta property=\"og:description\" content=\"Le trafic ferroviaire est \u00e0 l\u2019arr\u00eat ce jeudi 2 mars 2023 suite \u00e0 la gr\u00e8ve g\u00e9n\u00e9rale d\u00e9cr\u00e9t\u00e9e par le syndicat des Chemins de fer relevant de l\u2019UGTT.\" \/>\n<meta property=\"og:url\" content=\"https:\/\/www.webdo.tn\/fr\/actualite\/national\/greve-generale-a-la-sncft-paralysie-totale-du-trafic-ferroviaire\/203488\/\" \/>\n<meta property=\"og:site_name\" content=\"webdo\" \/>\n<meta property=\"article:publisher\" content=\"https:\/\/www.facebook.com\/webdotn\" \/>\n<meta property=\"article:published_time\" content=\"2023-03-02T08:54:00+00:00\" \/>\n<meta property=\"article:modified_time\" content=\"2025-05-20T22:07:46+00:00\" \/>\n<meta property=\"og:image\" content=\"https:\/\/www.webdo.tn\/fr\/wp-content\/uploads\/2023\/03\/7bc7313fd0332b449d09679a5e1c9bd5.jpg\" \/>\n\t<meta property=\"og:image:width\" content=\"750\" \/>\n\t<meta property=\"og:image:height\" content=\"400\" \/>\n\t<meta property=\"og:image:type\" content=\"image\/jpeg\" \/>\n<meta name=\"author\" content=\"MC\" \/>\n<meta name=\"twitter:card\" content=\"summary_large_image\" \/>\n<meta name=\"twitter:creator\" content=\"@webdo_tn\" \/>\n<meta name=\"twitter:site\" content=\"@webdo_tn\" \/>\n<meta name=\"twitter:label1\" content=\"\u00c9crit par\" \/>\n\t<meta name=\"twitter:data1\" content=\"MC\" \/>\n\t<meta name=\"twitter:label2\" content=\"Dur\u00e9e de lecture estim\u00e9e\" \/>\n\t<meta name=\"twitter:data2\" content=\"1 minute\" \/>\n<script type=\"application\/ld+json\" class=\"yoast-schema-graph\">{\"@context\":\"https:\\\/\\\/schema.org\",\"@graph\":[{\"@type\":\"NewsArticle\",\"@id\":\"https:\\\/\\\/www.webdo.tn\\\/fr\\\/actualite\\\/national\\\/greve-generale-a-la-sncft-paralysie-totale-du-trafic-ferroviaire\\\/203488\\\/#article\",\"isPartOf\":{\"@id\":\"https:\\\/\\\/www.webdo.tn\\\/fr\\\/actualite\\\/national\\\/greve-generale-a-la-sncft-paralysie-totale-du-trafic-ferroviaire\\\/203488\\\/\"},\"author\":{\"name\":\"MC\",\"@id\":\"https:\\\/\\\/www.webdo.tn\\\/fr\\\/#\\\/schema\\\/person\\\/2c4929cbf5a809e3bd38617c6ce150f6\"},\"headline\":\"Gr\u00e8ve g\u00e9n\u00e9rale \u00e0 la SNCFT : Paralysie totale du trafic ferroviaire\",\"datePublished\":\"2023-03-02T08:54:00+00:00\",\"dateModified\":\"2025-05-20T22:07:46+00:00\",\"mainEntityOfPage\":{\"@id\":\"https:\\\/\\\/www.webdo.tn\\\/fr\\\/actualite\\\/national\\\/greve-generale-a-la-sncft-paralysie-totale-du-trafic-ferroviaire\\\/203488\\\/\"},\"wordCount\":208,\"commentCount\":0,\"publisher\":{\"@id\":\"https:\\\/\\\/www.webdo.tn\\\/fr\\\/#organization\"},\"image\":{\"@id\":\"https:\\\/\\\/www.webdo.tn\\\/fr\\\/actualite\\\/national\\\/greve-generale-a-la-sncft-paralysie-totale-du-trafic-ferroviaire\\\/203488\\\/#primaryimage\"},\"thumbnailUrl\":\"https:\\\/\\\/www.webdo.tn\\\/fr\\\/wp-content\\\/uploads\\\/2023\\\/03\\\/7bc7313fd0332b449d09679a5e1c9bd5.jpg\",\"keywords\":[\"Gr\u00e8ve g\u00e9n\u00e9rale\",\"SNCFT\",\"trafic ferroviaire\"],\"articleSection\":[\"National\"],\"inLanguage\":\"fr-FR\"},{\"@type\":\"WebPage\",\"@id\":\"https:\\\/\\\/www.webdo.tn\\\/fr\\\/actualite\\\/national\\\/greve-generale-a-la-sncft-paralysie-totale-du-trafic-ferroviaire\\\/203488\\\/\",\"url\":\"https:\\\/\\\/www.webdo.tn\\\/fr\\\/actualite\\\/national\\\/greve-generale-a-la-sncft-paralysie-totale-du-trafic-ferroviaire\\\/203488\\\/\",\"name\":\"Gr\u00e8ve g\u00e9n\u00e9rale \u00e0 la SNCFT : Paralysie totale du trafic ferroviaire\",\"isPartOf\":{\"@id\":\"https:\\\/\\\/www.webdo.tn\\\/fr\\\/#website\"},\"primaryImageOfPage\":{\"@id\":\"https:\\\/\\\/www.webdo.tn\\\/fr\\\/actualite\\\/national\\\/greve-generale-a-la-sncft-paralysie-totale-du-trafic-ferroviaire\\\/203488\\\/#primaryimage\"},\"image\":{\"@id\":\"https:\\\/\\\/www.webdo.tn\\\/fr\\\/actualite\\\/national\\\/greve-generale-a-la-sncft-paralysie-totale-du-trafic-ferroviaire\\\/203488\\\/#primaryimage\"},\"thumbnailUrl\":\"https:\\\/\\\/www.webdo.tn\\\/fr\\\/wp-content\\\/uploads\\\/2023\\\/03\\\/7bc7313fd0332b449d09679a5e1c9bd5.jpg\",\"datePublished\":\"2023-03-02T08:54:00+00:00\",\"dateModified\":\"2025-05-20T22:07:46+00:00\",\"description\":\"Le trafic ferroviaire est \u00e0 l\u2019arr\u00eat ce jeudi 2 mars 2023 suite \u00e0 la gr\u00e8ve g\u00e9n\u00e9rale d\u00e9cr\u00e9t\u00e9e par le syndicat des Chemins de fer relevant de l\u2019UGTT.\",\"breadcrumb\":{\"@id\":\"https:\\\/\\\/www.webdo.tn\\\/fr\\\/actualite\\\/national\\\/greve-generale-a-la-sncft-paralysie-totale-du-trafic-ferroviaire\\\/203488\\\/#breadcrumb\"},\"inLanguage\":\"fr-FR\",\"potentialAction\":[{\"@type\":\"ReadAction\",\"target\":[\"https:\\\/\\\/www.webdo.tn\\\/fr\\\/actualite\\\/national\\\/greve-generale-a-la-sncft-paralysie-totale-du-trafic-ferroviaire\\\/203488\\\/\"]}]},{\"@type\":\"ImageObject\",\"inLanguage\":\"fr-FR\",\"@id\":\"https:\\\/\\\/www.webdo.tn\\\/fr\\\/actualite\\\/national\\\/greve-generale-a-la-sncft-paralysie-totale-du-trafic-ferroviaire\\\/203488\\\/#primaryimage\",\"url\":\"https:\\\/\\\/www.webdo.tn\\\/fr\\\/wp-content\\\/uploads\\\/2023\\\/03\\\/7bc7313fd0332b449d09679a5e1c9bd5.jpg\",\"contentUrl\":\"https:\\\/\\\/www.webdo.tn\\\/fr\\\/wp-content\\\/uploads\\\/2023\\\/03\\\/7bc7313fd0332b449d09679a5e1c9bd5.jpg\",\"width\":750,\"height\":400,\"caption\":\"Gr\u00e8ve g\u00e9n\u00e9rale \u00e0 la SNCFT : Paralysie totale du trafic ferroviaire\"},{\"@type\":\"BreadcrumbList\",\"@id\":\"https:\\\/\\\/www.webdo.tn\\\/fr\\\/actualite\\\/national\\\/greve-generale-a-la-sncft-paralysie-totale-du-trafic-ferroviaire\\\/203488\\\/#breadcrumb\",\"itemListElement\":[{\"@type\":\"ListItem\",\"position\":1,\"name\":\"Accueil\",\"item\":\"https:\\\/\\\/www.webdo.tn\\\/fr\\\/\"},{\"@type\":\"ListItem\",\"position\":2,\"name\":\"Gr\u00e8ve g\u00e9n\u00e9rale \u00e0 la SNCFT : Paralysie totale du trafic ferroviaire\"}]},{\"@type\":\"WebSite\",\"@id\":\"https:\\\/\\\/www.webdo.tn\\\/fr\\\/#website\",\"url\":\"https:\\\/\\\/www.webdo.tn\\\/fr\\\/\",\"name\":\"webdo\",\"description\":\"Tunisie - News en Tunisie et \u00e0 l&#039;international sur Webdo.tn\",\"publisher\":{\"@id\":\"https:\\\/\\\/www.webdo.tn\\\/fr\\\/#organization\"},\"potentialAction\":[{\"@type\":\"SearchAction\",\"target\":{\"@type\":\"EntryPoint\",\"urlTemplate\":\"https:\\\/\\\/www.webdo.tn\\\/fr\\\/?s={search_term_string}\"},\"query-input\":{\"@type\":\"PropertyValueSpecification\",\"valueRequired\":true,\"valueName\":\"search_term_string\"}}],\"inLanguage\":\"fr-FR\"},{\"@type\":\"Organization\",\"@id\":\"https:\\\/\\\/www.webdo.tn\\\/fr\\\/#organization\",\"name\":\"Webdo\",\"alternateName\":\"Webdo.tn\",\"url\":\"https:\\\/\\\/www.webdo.tn\\\/fr\\\/\",\"logo\":{\"@type\":\"ImageObject\",\"inLanguage\":\"fr-FR\",\"@id\":\"https:\\\/\\\/www.webdo.tn\\\/fr\\\/#\\\/schema\\\/logo\\\/image\\\/\",\"url\":\"https:\\\/\\\/www.webdo.tn\\\/fr\\\/wp-content\\\/uploads\\\/2025\\\/06\\\/Webdo-Tunisie_168377.jpg\",\"contentUrl\":\"https:\\\/\\\/www.webdo.tn\\\/fr\\\/wp-content\\\/uploads\\\/2025\\\/06\\\/Webdo-Tunisie_168377.jpg\",\"width\":301,\"height\":301,\"caption\":\"Webdo\"},\"image\":{\"@id\":\"https:\\\/\\\/www.webdo.tn\\\/fr\\\/#\\\/schema\\\/logo\\\/image\\\/\"},\"sameAs\":[\"https:\\\/\\\/www.facebook.com\\\/webdotn\",\"https:\\\/\\\/x.com\\\/webdo_tn\"],\"description\":\"Webdo est un m\u00e9dia num\u00e9rique tunisien fond\u00e9 en 2010, sp\u00e9cialis\u00e9 dans l\u2019actualit\u00e9 nationale et internationale, l\u2019\u00e9conomie, la soci\u00e9t\u00e9 et les analyses politiques. Le site s\u2019adresse \u00e0 un large public francophone et couvre l\u2019information tunisienne en temps r\u00e9el.\",\"email\":\"redac@webdo.tn\",\"legalName\":\"YNJ SARL\",\"foundingDate\":\"2010-09-06\",\"numberOfEmployees\":{\"@type\":\"QuantitativeValue\",\"minValue\":\"11\",\"maxValue\":\"50\"}},{\"@type\":\"Person\",\"@id\":\"https:\\\/\\\/www.webdo.tn\\\/fr\\\/#\\\/schema\\\/person\\\/2c4929cbf5a809e3bd38617c6ce150f6\",\"name\":\"MC\",\"image\":{\"@type\":\"ImageObject\",\"inLanguage\":\"fr-FR\",\"@id\":\"https:\\\/\\\/secure.gravatar.com\\\/avatar\\\/a545bbb6f84efdd5553dbbc2895e3ca8f1d12c5215e00a041c9670b54aa9b18a?s=96&d=mm&r=g\",\"url\":\"https:\\\/\\\/secure.gravatar.com\\\/avatar\\\/a545bbb6f84efdd5553dbbc2895e3ca8f1d12c5215e00a041c9670b54aa9b18a?s=96&d=mm&r=g\",\"contentUrl\":\"https:\\\/\\\/secure.gravatar.com\\\/avatar\\\/a545bbb6f84efdd5553dbbc2895e3ca8f1d12c5215e00a041c9670b54aa9b18a?s=96&d=mm&r=g\",\"caption\":\"MC\"},\"url\":\"https:\\\/\\\/www.webdo.tn\\\/fr\\\/actualite\\\/author\\\/mc\\\/\"}]}<\/script>\n<!-- \/ Yoast SEO Premium plugin. -->","yoast_head_json":{"title":"Gr\u00e8ve g\u00e9n\u00e9rale \u00e0 la SNCFT : Paralysie totale du trafic ferroviaire","description":"Le trafic ferroviaire est \u00e0 l\u2019arr\u00eat ce jeudi 2 mars 2023 suite \u00e0 la gr\u00e8ve g\u00e9n\u00e9rale d\u00e9cr\u00e9t\u00e9e par le syndicat des Chemins de fer relevant de l\u2019UGTT.","canonical":"https:\/\/www.webdo.tn\/fr\/actualite\/national\/greve-generale-a-la-sncft-paralysie-totale-du-trafic-ferroviaire\/203488\/","og_locale":"fr_FR","og_type":"article","og_title":"Gr\u00e8ve g\u00e9n\u00e9rale \u00e0 la SNCFT : Paralysie totale du trafic ferroviaire","og_description":"Le trafic ferroviaire est \u00e0 l\u2019arr\u00eat ce jeudi 2 mars 2023 suite \u00e0 la gr\u00e8ve g\u00e9n\u00e9rale d\u00e9cr\u00e9t\u00e9e par le syndicat des Chemins de fer relevant de l\u2019UGTT.","og_url":"https:\/\/www.webdo.tn\/fr\/actualite\/national\/greve-generale-a-la-sncft-paralysie-totale-du-trafic-ferroviaire\/203488\/","og_site_name":"webdo","article_publisher":"https:\/\/www.facebook.com\/webdotn","article_published_time":"2023-03-02T08:54:00+00:00","article_modified_time":"2025-05-20T22:07:46+00:00","og_image":[{"width":750,"height":400,"url":"https:\/\/www.webdo.tn\/fr\/wp-content\/uploads\/2023\/03\/7bc7313fd0332b449d09679a5e1c9bd5.jpg","type":"image\/jpeg"}],"author":"MC","twitter_card":"summary_large_image","twitter_creator":"@webdo_tn","twitter_site":"@webdo_tn","twitter_misc":{"\u00c9crit par":"MC","Dur\u00e9e de lecture estim\u00e9e":"1 minute"},"schema":{"@context":"https:\/\/schema.org","@graph":[{"@type":"NewsArticle","@id":"https:\/\/www.webdo.tn\/fr\/actualite\/national\/greve-generale-a-la-sncft-paralysie-totale-du-trafic-ferroviaire\/203488\/#article","isPartOf":{"@id":"https:\/\/www.webdo.tn\/fr\/actualite\/national\/greve-generale-a-la-sncft-paralysie-totale-du-trafic-ferroviaire\/203488\/"},"author":{"name":"MC","@id":"https:\/\/www.webdo.tn\/fr\/#\/schema\/person\/2c4929cbf5a809e3bd38617c6ce150f6"},"headline":"Gr\u00e8ve g\u00e9n\u00e9rale \u00e0 la SNCFT : Paralysie totale du trafic ferroviaire","datePublished":"2023-03-02T08:54:00+00:00","dateModified":"2025-05-20T22:07:46+00:00","mainEntityOfPage":{"@id":"https:\/\/www.webdo.tn\/fr\/actualite\/national\/greve-generale-a-la-sncft-paralysie-totale-du-trafic-ferroviaire\/203488\/"},"wordCount":208,"commentCount":0,"publisher":{"@id":"https:\/\/www.webdo.tn\/fr\/#organization"},"image":{"@id":"https:\/\/www.webdo.tn\/fr\/actualite\/national\/greve-generale-a-la-sncft-paralysie-totale-du-trafic-ferroviaire\/203488\/#primaryimage"},"thumbnailUrl":"https:\/\/www.webdo.tn\/fr\/wp-content\/uploads\/2023\/03\/7bc7313fd0332b449d09679a5e1c9bd5.jpg","keywords":["Gr\u00e8ve g\u00e9n\u00e9rale","SNCFT","trafic ferroviaire"],"articleSection":["National"],"inLanguage":"fr-FR"},{"@type":"WebPage","@id":"https:\/\/www.webdo.tn\/fr\/actualite\/national\/greve-generale-a-la-sncft-paralysie-totale-du-trafic-ferroviaire\/203488\/","url":"https:\/\/www.webdo.tn\/fr\/actualite\/national\/greve-generale-a-la-sncft-paralysie-totale-du-trafic-ferroviaire\/203488\/","name":"Gr\u00e8ve g\u00e9n\u00e9rale \u00e0 la SNCFT : Paralysie totale du trafic ferroviaire","isPartOf":{"@id":"https:\/\/www.webdo.tn\/fr\/#website"},"primaryImageOfPage":{"@id":"https:\/\/www.webdo.tn\/fr\/actualite\/national\/greve-generale-a-la-sncft-paralysie-totale-du-trafic-ferroviaire\/203488\/#primaryimage"},"image":{"@id":"https:\/\/www.webdo.tn\/fr\/actualite\/national\/greve-generale-a-la-sncft-paralysie-totale-du-trafic-ferroviaire\/203488\/#primaryimage"},"thumbnailUrl":"https:\/\/www.webdo.tn\/fr\/wp-content\/uploads\/2023\/03\/7bc7313fd0332b449d09679a5e1c9bd5.jpg","datePublished":"2023-03-02T08:54:00+00:00","dateModified":"2025-05-20T22:07:46+00:00","description":"Le trafic ferroviaire est \u00e0 l\u2019arr\u00eat ce jeudi 2 mars 2023 suite \u00e0 la gr\u00e8ve g\u00e9n\u00e9rale d\u00e9cr\u00e9t\u00e9e par le syndicat des Chemins de fer relevant de l\u2019UGTT.","breadcrumb":{"@id":"https:\/\/www.webdo.tn\/fr\/actualite\/national\/greve-generale-a-la-sncft-paralysie-totale-du-trafic-ferroviaire\/203488\/#breadcrumb"},"inLanguage":"fr-FR","potentialAction":[{"@type":"ReadAction","target":["https:\/\/www.webdo.tn\/fr\/actualite\/national\/greve-generale-a-la-sncft-paralysie-totale-du-trafic-ferroviaire\/203488\/"]}]},{"@type":"ImageObject","inLanguage":"fr-FR","@id":"https:\/\/www.webdo.tn\/fr\/actualite\/national\/greve-generale-a-la-sncft-paralysie-totale-du-trafic-ferroviaire\/203488\/#primaryimage","url":"https:\/\/www.webdo.tn\/fr\/wp-content\/uploads\/2023\/03\/7bc7313fd0332b449d09679a5e1c9bd5.jpg","contentUrl":"https:\/\/www.webdo.tn\/fr\/wp-content\/uploads\/2023\/03\/7bc7313fd0332b449d09679a5e1c9bd5.jpg","width":750,"height":400,"caption":"Gr\u00e8ve g\u00e9n\u00e9rale \u00e0 la SNCFT : Paralysie totale du trafic ferroviaire"},{"@type":"BreadcrumbList","@id":"https:\/\/www.webdo.tn\/fr\/actualite\/national\/greve-generale-a-la-sncft-paralysie-totale-du-trafic-ferroviaire\/203488\/#breadcrumb","itemListElement":[{"@type":"ListItem","position":1,"name":"Accueil","item":"https:\/\/www.webdo.tn\/fr\/"},{"@type":"ListItem","position":2,"name":"Gr\u00e8ve g\u00e9n\u00e9rale \u00e0 la SNCFT : Paralysie totale du trafic ferroviaire"}]},{"@type":"WebSite","@id":"https:\/\/www.webdo.tn\/fr\/#website","url":"https:\/\/www.webdo.tn\/fr\/","name":"webdo","description":"Tunisie - News en Tunisie et \u00e0 l&#039;international sur Webdo.tn","publisher":{"@id":"https:\/\/www.webdo.tn\/fr\/#organization"},"potentialAction":[{"@type":"SearchAction","target":{"@type":"EntryPoint","urlTemplate":"https:\/\/www.webdo.tn\/fr\/?s={search_term_string}"},"query-input":{"@type":"PropertyValueSpecification","valueRequired":true,"valueName":"search_term_string"}}],"inLanguage":"fr-FR"},{"@type":"Organization","@id":"https:\/\/www.webdo.tn\/fr\/#organization","name":"Webdo","alternateName":"Webdo.tn","url":"https:\/\/www.webdo.tn\/fr\/","logo":{"@type":"ImageObject","inLanguage":"fr-FR","@id":"https:\/\/www.webdo.tn\/fr\/#\/schema\/logo\/image\/","url":"https:\/\/www.webdo.tn\/fr\/wp-content\/uploads\/2025\/06\/Webdo-Tunisie_168377.jpg","contentUrl":"https:\/\/www.webdo.tn\/fr\/wp-content\/uploads\/2025\/06\/Webdo-Tunisie_168377.jpg","width":301,"height":301,"caption":"Webdo"},"image":{"@id":"https:\/\/www.webdo.tn\/fr\/#\/schema\/logo\/image\/"},"sameAs":["https:\/\/www.facebook.com\/webdotn","https:\/\/x.com\/webdo_tn"],"description":"Webdo est un m\u00e9dia num\u00e9rique tunisien fond\u00e9 en 2010, sp\u00e9cialis\u00e9 dans l\u2019actualit\u00e9 nationale et internationale, l\u2019\u00e9conomie, la soci\u00e9t\u00e9 et les analyses politiques. Le site s\u2019adresse \u00e0 un large public francophone et couvre l\u2019information tunisienne en temps r\u00e9el.","email":"redac@webdo.tn","legalName":"YNJ SARL","foundingDate":"2010-09-06","numberOfEmployees":{"@type":"QuantitativeValue","minValue":"11","maxValue":"50"}},{"@type":"Person","@id":"https:\/\/www.webdo.tn\/fr\/#\/schema\/person\/2c4929cbf5a809e3bd38617c6ce150f6","name":"MC","image":{"@type":"ImageObject","inLanguage":"fr-FR","@id":"https:\/\/secure.gravatar.com\/avatar\/a545bbb6f84efdd5553dbbc2895e3ca8f1d12c5215e00a041c9670b54aa9b18a?s=96&d=mm&r=g","url":"https:\/\/secure.gravatar.com\/avatar\/a545bbb6f84efdd5553dbbc2895e3ca8f1d12c5215e00a041c9670b54aa9b18a?s=96&d=mm&r=g","contentUrl":"https:\/\/secure.gravatar.com\/avatar\/a545bbb6f84efdd5553dbbc2895e3ca8f1d12c5215e00a041c9670b54aa9b18a?s=96&d=mm&r=g","caption":"MC"},"url":"https:\/\/www.webdo.tn\/fr\/actualite\/author\/mc\/"}]}},"_links":{"self":[{"href":"https:\/\/www.webdo.tn\/fr\/wp-json\/wp\/v2\/posts\/203488","targetHints":{"allow":["GET"]}}],"collection":[{"href":"https:\/\/www.webdo.tn\/fr\/wp-json\/wp\/v2\/posts"}],"about":[{"href":"https:\/\/www.webdo.tn\/fr\/wp-json\/wp\/v2\/types\/post"}],"author":[{"embeddable":true,"href":"https:\/\/www.webdo.tn\/fr\/wp-json\/wp\/v2\/users\/3162"}],"replies":[{"embeddable":true,"href":"https:\/\/www.webdo.tn\/fr\/wp-json\/wp\/v2\/comments?post=203488"}],"version-history":[{"count":0,"href":"https:\/\/www.webdo.tn\/fr\/wp-json\/wp\/v2\/posts\/203488\/revisions"}],"wp:featuredmedia":[{"embeddable":true,"href":"https:\/\/www.webdo.tn\/fr\/wp-json\/wp\/v2\/media\/277847"}],"wp:attachment":[{"href":"https:\/\/www.webdo.tn\/fr\/wp-json\/wp\/v2\/media?parent=203488"}],"wp:term":[{"taxonomy":"category","embeddable":true,"href":"https:\/\/www.webdo.tn\/fr\/wp-json\/wp\/v2\/categories?post=203488"},{"taxonomy":"post_tag","embeddable":true,"href":"https:\/\/www.webdo.tn\/fr\/wp-json\/wp\/v2\/tags?post=203488"}],"curies":[{"name":"wp","href":"https:\/\/api.w.org\/{rel}","templated":true}]}}