{"id":203477,"date":"2023-03-01T18:31:00","date_gmt":"2023-03-01T18:31:00","guid":{"rendered":"https:\/\/www.webdo.tn\/fr\/blog\/les-investissements-declares-dans-l-industrie-en-hausse-de-6-3\/203477\/"},"modified":"2025-05-20T22:32:54","modified_gmt":"2025-05-20T22:32:54","slug":"les-investissements-declares-dans-l-industrie-en-hausse-de-6-3","status":"publish","type":"post","link":"https:\/\/www.webdo.tn\/fr\/actualite\/national\/les-investissements-declares-dans-l-industrie-en-hausse-de-6-3\/203477\/","title":{"rendered":"Les investissements d\u00e9clar\u00e9s dans l&rsquo;industrie en hausse de 6,3%"},"content":{"rendered":"<p>Au cours du le mois de janvier 2023, l\u2019investissement d\u00e9clar\u00e9 dans le secteur industriel a augment\u00e9 de 6,3%, par rapport au m\u00eame mois de l&rsquo;ann\u00e9e pr\u00e9c\u00e9dente, selon les chiffres pr\u00e9sent\u00e9s par le \u00ab\u00a0Tableau de bord de l&rsquo;industrie tunisienne\u00a0\u00bb, publi\u00e9, mercredi, par l\u2019Agence de Promotion de l&rsquo;Industrie et de l&rsquo;Innovation (APII).\u00a0<\/p>\n<p>\t\t\t\t\t\t\t\t\tL\u2019investissement d\u00e9clar\u00e9 dans le secteur industriel s&rsquo;est donc \u00e9tabli \u00e0 131,1 MD, selon l&rsquo;APII qui a pr\u00e9cis\u00e9 que\u00a0315 projets ont \u00e9t\u00e9 d\u00e9clar\u00e9s en janvier 2023 contre 254 projets durant le m\u00eame mois de l\u2019ann\u00e9e pr\u00e9c\u00e9dente. Ces projets permettront la cr\u00e9ation de 3548 postes d\u2019emplois.<\/p>\n<p>Les secteurs ayant connu des augmentations des investissements d\u00e9clar\u00e9s sont ceux des industries agroalimentaires (+229,1%), des industries des mat\u00e9riaux de construction, de la c\u00e9ramique et du verre (+177,8%), des industries chimiques (+200%), des industries du textile et de l\u2019habillement (+11,5%).\u00a0<\/p>\n<p>Dans le m\u00eame temps,\u00a0des baisses ont \u00e9t\u00e9 enregistr\u00e9es dans\u00a0les investissements d\u00e9clar\u00e9s dans le secteur des industries m\u00e9caniques et \u00e9lectroniques (-50,4%), le secteur des industries du cuir et de la chaussure (-94,7%) et celui des industries diverses (-70,6%).<\/p>\n","protected":false},"excerpt":{"rendered":"<p>Au cours du le mois de janvier 2023, l\u2019investissement d\u00e9clar\u00e9 dans le secteur industriel a augment\u00e9 de 6,3%, par rapport au m\u00eame mois de l&rsquo;ann\u00e9e pr\u00e9c\u00e9dente, sel&#8230;<\/p>\n","protected":false},"author":3169,"featured_media":251850,"comment_status":"open","ping_status":"closed","sticky":false,"template":"","format":"standard","meta":{"footnotes":""},"categories":[44],"tags":[8741,3012,3186,2608],"class_list":["post-203477","post","type-post","status-publish","format-standard","has-post-thumbnail","hentry","category-national","tag-api","tag-industrie","tag-investissement","tag-tunisie"],"yoast_head":"<!-- This site is optimized with the Yoast SEO Premium plugin v27.5 (Yoast SEO v27.5) - https:\/\/yoast.com\/product\/yoast-seo-premium-wordpress\/ -->\n<title>Les investissements d\u00e9clar\u00e9s dans l&#039;industrie en hausse de 6,3%<\/title>\n<meta name=\"description\" content=\"Au cours du le mois de janvier 2023, l\u2019investissement d\u00e9clar\u00e9 dans le secteur industriel a augment\u00e9 de 6,3%, par rapport au m\u00eame mois de l&#039;ann\u00e9e pr\u00e9c\u00e9dente, sel...\" \/>\n<link rel=\"canonical\" href=\"https:\/\/www.webdo.tn\/fr\/actualite\/national\/les-investissements-declares-dans-l-industrie-en-hausse-de-6-3\/203477\/\" \/>\n<meta property=\"og:locale\" content=\"fr_FR\" \/>\n<meta property=\"og:type\" content=\"article\" \/>\n<meta property=\"og:title\" content=\"Les investissements d\u00e9clar\u00e9s dans l&#039;industrie en hausse de 6,3%\" \/>\n<meta property=\"og:description\" content=\"Au cours du le mois de janvier 2023, l\u2019investissement d\u00e9clar\u00e9 dans le secteur industriel a augment\u00e9 de 6,3%, par rapport au m\u00eame mois de l&#039;ann\u00e9e pr\u00e9c\u00e9dente, sel...\" \/>\n<meta property=\"og:url\" content=\"https:\/\/www.webdo.tn\/fr\/actualite\/national\/les-investissements-declares-dans-l-industrie-en-hausse-de-6-3\/203477\/\" \/>\n<meta property=\"og:site_name\" content=\"webdo\" \/>\n<meta property=\"article:publisher\" content=\"https:\/\/www.facebook.com\/webdotn\" \/>\n<meta property=\"article:published_time\" content=\"2023-03-01T18:31:00+00:00\" \/>\n<meta property=\"article:modified_time\" content=\"2025-05-20T22:32:54+00:00\" \/>\n<meta property=\"og:image\" content=\"https:\/\/www.webdo.tn\/fr\/wp-content\/uploads\/2023\/03\/adc16bed62bbd217cf18410b29a159ff.jpg\" \/>\n\t<meta property=\"og:image:width\" content=\"750\" \/>\n\t<meta property=\"og:image:height\" content=\"400\" \/>\n\t<meta property=\"og:image:type\" content=\"image\/jpeg\" \/>\n<meta name=\"author\" content=\"Webdo\" \/>\n<meta name=\"twitter:card\" content=\"summary_large_image\" \/>\n<meta name=\"twitter:creator\" content=\"@webdo_tn\" \/>\n<meta name=\"twitter:site\" content=\"@webdo_tn\" \/>\n<meta name=\"twitter:label1\" content=\"\u00c9crit par\" \/>\n\t<meta name=\"twitter:data1\" content=\"Webdo\" \/>\n\t<meta name=\"twitter:label2\" content=\"Dur\u00e9e de lecture estim\u00e9e\" \/>\n\t<meta name=\"twitter:data2\" content=\"1 minute\" \/>\n<script type=\"application\/ld+json\" class=\"yoast-schema-graph\">{\"@context\":\"https:\\\/\\\/schema.org\",\"@graph\":[{\"@type\":\"NewsArticle\",\"@id\":\"https:\\\/\\\/www.webdo.tn\\\/fr\\\/actualite\\\/national\\\/les-investissements-declares-dans-l-industrie-en-hausse-de-6-3\\\/203477\\\/#article\",\"isPartOf\":{\"@id\":\"https:\\\/\\\/www.webdo.tn\\\/fr\\\/actualite\\\/national\\\/les-investissements-declares-dans-l-industrie-en-hausse-de-6-3\\\/203477\\\/\"},\"author\":{\"name\":\"Webdo\",\"@id\":\"https:\\\/\\\/www.webdo.tn\\\/fr\\\/#\\\/schema\\\/person\\\/1f4e491e0907b413d61089e8eb573acc\"},\"headline\":\"Les investissements d\u00e9clar\u00e9s dans l&rsquo;industrie en hausse de 6,3%\",\"datePublished\":\"2023-03-01T18:31:00+00:00\",\"dateModified\":\"2025-05-20T22:32:54+00:00\",\"mainEntityOfPage\":{\"@id\":\"https:\\\/\\\/www.webdo.tn\\\/fr\\\/actualite\\\/national\\\/les-investissements-declares-dans-l-industrie-en-hausse-de-6-3\\\/203477\\\/\"},\"wordCount\":210,\"commentCount\":0,\"publisher\":{\"@id\":\"https:\\\/\\\/www.webdo.tn\\\/fr\\\/#organization\"},\"image\":{\"@id\":\"https:\\\/\\\/www.webdo.tn\\\/fr\\\/actualite\\\/national\\\/les-investissements-declares-dans-l-industrie-en-hausse-de-6-3\\\/203477\\\/#primaryimage\"},\"thumbnailUrl\":\"https:\\\/\\\/www.webdo.tn\\\/fr\\\/wp-content\\\/uploads\\\/2023\\\/03\\\/adc16bed62bbd217cf18410b29a159ff.jpg\",\"keywords\":[\"API\",\"industrie\",\"investissement\",\"Tunisie\"],\"articleSection\":[\"National\"],\"inLanguage\":\"fr-FR\"},{\"@type\":\"WebPage\",\"@id\":\"https:\\\/\\\/www.webdo.tn\\\/fr\\\/actualite\\\/national\\\/les-investissements-declares-dans-l-industrie-en-hausse-de-6-3\\\/203477\\\/\",\"url\":\"https:\\\/\\\/www.webdo.tn\\\/fr\\\/actualite\\\/national\\\/les-investissements-declares-dans-l-industrie-en-hausse-de-6-3\\\/203477\\\/\",\"name\":\"Les investissements d\u00e9clar\u00e9s dans l'industrie en hausse de 6,3%\",\"isPartOf\":{\"@id\":\"https:\\\/\\\/www.webdo.tn\\\/fr\\\/#website\"},\"primaryImageOfPage\":{\"@id\":\"https:\\\/\\\/www.webdo.tn\\\/fr\\\/actualite\\\/national\\\/les-investissements-declares-dans-l-industrie-en-hausse-de-6-3\\\/203477\\\/#primaryimage\"},\"image\":{\"@id\":\"https:\\\/\\\/www.webdo.tn\\\/fr\\\/actualite\\\/national\\\/les-investissements-declares-dans-l-industrie-en-hausse-de-6-3\\\/203477\\\/#primaryimage\"},\"thumbnailUrl\":\"https:\\\/\\\/www.webdo.tn\\\/fr\\\/wp-content\\\/uploads\\\/2023\\\/03\\\/adc16bed62bbd217cf18410b29a159ff.jpg\",\"datePublished\":\"2023-03-01T18:31:00+00:00\",\"dateModified\":\"2025-05-20T22:32:54+00:00\",\"description\":\"Au cours du le mois de janvier 2023, l\u2019investissement d\u00e9clar\u00e9 dans le secteur industriel a augment\u00e9 de 6,3%, par rapport au m\u00eame mois de l'ann\u00e9e pr\u00e9c\u00e9dente, sel...\",\"breadcrumb\":{\"@id\":\"https:\\\/\\\/www.webdo.tn\\\/fr\\\/actualite\\\/national\\\/les-investissements-declares-dans-l-industrie-en-hausse-de-6-3\\\/203477\\\/#breadcrumb\"},\"inLanguage\":\"fr-FR\",\"potentialAction\":[{\"@type\":\"ReadAction\",\"target\":[\"https:\\\/\\\/www.webdo.tn\\\/fr\\\/actualite\\\/national\\\/les-investissements-declares-dans-l-industrie-en-hausse-de-6-3\\\/203477\\\/\"]}]},{\"@type\":\"ImageObject\",\"inLanguage\":\"fr-FR\",\"@id\":\"https:\\\/\\\/www.webdo.tn\\\/fr\\\/actualite\\\/national\\\/les-investissements-declares-dans-l-industrie-en-hausse-de-6-3\\\/203477\\\/#primaryimage\",\"url\":\"https:\\\/\\\/www.webdo.tn\\\/fr\\\/wp-content\\\/uploads\\\/2023\\\/03\\\/adc16bed62bbd217cf18410b29a159ff.jpg\",\"contentUrl\":\"https:\\\/\\\/www.webdo.tn\\\/fr\\\/wp-content\\\/uploads\\\/2023\\\/03\\\/adc16bed62bbd217cf18410b29a159ff.jpg\",\"width\":750,\"height\":400,\"caption\":\"Les investissements d\u00e9clar\u00e9s dans l'industrie en hausse de 6,3%\"},{\"@type\":\"BreadcrumbList\",\"@id\":\"https:\\\/\\\/www.webdo.tn\\\/fr\\\/actualite\\\/national\\\/les-investissements-declares-dans-l-industrie-en-hausse-de-6-3\\\/203477\\\/#breadcrumb\",\"itemListElement\":[{\"@type\":\"ListItem\",\"position\":1,\"name\":\"Accueil\",\"item\":\"https:\\\/\\\/www.webdo.tn\\\/fr\\\/\"},{\"@type\":\"ListItem\",\"position\":2,\"name\":\"Les investissements d\u00e9clar\u00e9s dans l&#8217;industrie en hausse de 6,3%\"}]},{\"@type\":\"WebSite\",\"@id\":\"https:\\\/\\\/www.webdo.tn\\\/fr\\\/#website\",\"url\":\"https:\\\/\\\/www.webdo.tn\\\/fr\\\/\",\"name\":\"webdo\",\"description\":\"Tunisie - News en Tunisie et \u00e0 l&#039;international sur Webdo.tn\",\"publisher\":{\"@id\":\"https:\\\/\\\/www.webdo.tn\\\/fr\\\/#organization\"},\"potentialAction\":[{\"@type\":\"SearchAction\",\"target\":{\"@type\":\"EntryPoint\",\"urlTemplate\":\"https:\\\/\\\/www.webdo.tn\\\/fr\\\/?s={search_term_string}\"},\"query-input\":{\"@type\":\"PropertyValueSpecification\",\"valueRequired\":true,\"valueName\":\"search_term_string\"}}],\"inLanguage\":\"fr-FR\"},{\"@type\":\"Organization\",\"@id\":\"https:\\\/\\\/www.webdo.tn\\\/fr\\\/#organization\",\"name\":\"Webdo\",\"alternateName\":\"Webdo.tn\",\"url\":\"https:\\\/\\\/www.webdo.tn\\\/fr\\\/\",\"logo\":{\"@type\":\"ImageObject\",\"inLanguage\":\"fr-FR\",\"@id\":\"https:\\\/\\\/www.webdo.tn\\\/fr\\\/#\\\/schema\\\/logo\\\/image\\\/\",\"url\":\"https:\\\/\\\/www.webdo.tn\\\/fr\\\/wp-content\\\/uploads\\\/2025\\\/06\\\/Webdo-Tunisie_168377.jpg\",\"contentUrl\":\"https:\\\/\\\/www.webdo.tn\\\/fr\\\/wp-content\\\/uploads\\\/2025\\\/06\\\/Webdo-Tunisie_168377.jpg\",\"width\":301,\"height\":301,\"caption\":\"Webdo\"},\"image\":{\"@id\":\"https:\\\/\\\/www.webdo.tn\\\/fr\\\/#\\\/schema\\\/logo\\\/image\\\/\"},\"sameAs\":[\"https:\\\/\\\/www.facebook.com\\\/webdotn\",\"https:\\\/\\\/x.com\\\/webdo_tn\"],\"description\":\"Webdo est un m\u00e9dia num\u00e9rique tunisien fond\u00e9 en 2010, sp\u00e9cialis\u00e9 dans l\u2019actualit\u00e9 nationale et internationale, l\u2019\u00e9conomie, la soci\u00e9t\u00e9 et les analyses politiques. Le site s\u2019adresse \u00e0 un large public francophone et couvre l\u2019information tunisienne en temps r\u00e9el.\",\"email\":\"redac@webdo.tn\",\"legalName\":\"YNJ SARL\",\"foundingDate\":\"2010-09-06\",\"numberOfEmployees\":{\"@type\":\"QuantitativeValue\",\"minValue\":\"11\",\"maxValue\":\"50\"}},{\"@type\":\"Person\",\"@id\":\"https:\\\/\\\/www.webdo.tn\\\/fr\\\/#\\\/schema\\\/person\\\/1f4e491e0907b413d61089e8eb573acc\",\"name\":\"Webdo\",\"image\":{\"@type\":\"ImageObject\",\"inLanguage\":\"fr-FR\",\"@id\":\"https:\\\/\\\/secure.gravatar.com\\\/avatar\\\/de97aeec1bb80978a9dbb127e47dfc88aaacb2f3c29aac907d8d3222e3495d49?s=96&d=mm&r=g\",\"url\":\"https:\\\/\\\/secure.gravatar.com\\\/avatar\\\/de97aeec1bb80978a9dbb127e47dfc88aaacb2f3c29aac907d8d3222e3495d49?s=96&d=mm&r=g\",\"contentUrl\":\"https:\\\/\\\/secure.gravatar.com\\\/avatar\\\/de97aeec1bb80978a9dbb127e47dfc88aaacb2f3c29aac907d8d3222e3495d49?s=96&d=mm&r=g\",\"caption\":\"Webdo\"},\"url\":\"https:\\\/\\\/www.webdo.tn\\\/fr\\\/actualite\\\/author\\\/webdo\\\/\"}]}<\/script>\n<!-- \/ Yoast SEO Premium plugin. -->","yoast_head_json":{"title":"Les investissements d\u00e9clar\u00e9s dans l'industrie en hausse de 6,3%","description":"Au cours du le mois de janvier 2023, l\u2019investissement d\u00e9clar\u00e9 dans le secteur industriel a augment\u00e9 de 6,3%, par rapport au m\u00eame mois de l'ann\u00e9e pr\u00e9c\u00e9dente, sel...","canonical":"https:\/\/www.webdo.tn\/fr\/actualite\/national\/les-investissements-declares-dans-l-industrie-en-hausse-de-6-3\/203477\/","og_locale":"fr_FR","og_type":"article","og_title":"Les investissements d\u00e9clar\u00e9s dans l'industrie en hausse de 6,3%","og_description":"Au cours du le mois de janvier 2023, l\u2019investissement d\u00e9clar\u00e9 dans le secteur industriel a augment\u00e9 de 6,3%, par rapport au m\u00eame mois de l'ann\u00e9e pr\u00e9c\u00e9dente, sel...","og_url":"https:\/\/www.webdo.tn\/fr\/actualite\/national\/les-investissements-declares-dans-l-industrie-en-hausse-de-6-3\/203477\/","og_site_name":"webdo","article_publisher":"https:\/\/www.facebook.com\/webdotn","article_published_time":"2023-03-01T18:31:00+00:00","article_modified_time":"2025-05-20T22:32:54+00:00","og_image":[{"width":750,"height":400,"url":"https:\/\/www.webdo.tn\/fr\/wp-content\/uploads\/2023\/03\/adc16bed62bbd217cf18410b29a159ff.jpg","type":"image\/jpeg"}],"author":"Webdo","twitter_card":"summary_large_image","twitter_creator":"@webdo_tn","twitter_site":"@webdo_tn","twitter_misc":{"\u00c9crit par":"Webdo","Dur\u00e9e de lecture estim\u00e9e":"1 minute"},"schema":{"@context":"https:\/\/schema.org","@graph":[{"@type":"NewsArticle","@id":"https:\/\/www.webdo.tn\/fr\/actualite\/national\/les-investissements-declares-dans-l-industrie-en-hausse-de-6-3\/203477\/#article","isPartOf":{"@id":"https:\/\/www.webdo.tn\/fr\/actualite\/national\/les-investissements-declares-dans-l-industrie-en-hausse-de-6-3\/203477\/"},"author":{"name":"Webdo","@id":"https:\/\/www.webdo.tn\/fr\/#\/schema\/person\/1f4e491e0907b413d61089e8eb573acc"},"headline":"Les investissements d\u00e9clar\u00e9s dans l&rsquo;industrie en hausse de 6,3%","datePublished":"2023-03-01T18:31:00+00:00","dateModified":"2025-05-20T22:32:54+00:00","mainEntityOfPage":{"@id":"https:\/\/www.webdo.tn\/fr\/actualite\/national\/les-investissements-declares-dans-l-industrie-en-hausse-de-6-3\/203477\/"},"wordCount":210,"commentCount":0,"publisher":{"@id":"https:\/\/www.webdo.tn\/fr\/#organization"},"image":{"@id":"https:\/\/www.webdo.tn\/fr\/actualite\/national\/les-investissements-declares-dans-l-industrie-en-hausse-de-6-3\/203477\/#primaryimage"},"thumbnailUrl":"https:\/\/www.webdo.tn\/fr\/wp-content\/uploads\/2023\/03\/adc16bed62bbd217cf18410b29a159ff.jpg","keywords":["API","industrie","investissement","Tunisie"],"articleSection":["National"],"inLanguage":"fr-FR"},{"@type":"WebPage","@id":"https:\/\/www.webdo.tn\/fr\/actualite\/national\/les-investissements-declares-dans-l-industrie-en-hausse-de-6-3\/203477\/","url":"https:\/\/www.webdo.tn\/fr\/actualite\/national\/les-investissements-declares-dans-l-industrie-en-hausse-de-6-3\/203477\/","name":"Les investissements d\u00e9clar\u00e9s dans l'industrie en hausse de 6,3%","isPartOf":{"@id":"https:\/\/www.webdo.tn\/fr\/#website"},"primaryImageOfPage":{"@id":"https:\/\/www.webdo.tn\/fr\/actualite\/national\/les-investissements-declares-dans-l-industrie-en-hausse-de-6-3\/203477\/#primaryimage"},"image":{"@id":"https:\/\/www.webdo.tn\/fr\/actualite\/national\/les-investissements-declares-dans-l-industrie-en-hausse-de-6-3\/203477\/#primaryimage"},"thumbnailUrl":"https:\/\/www.webdo.tn\/fr\/wp-content\/uploads\/2023\/03\/adc16bed62bbd217cf18410b29a159ff.jpg","datePublished":"2023-03-01T18:31:00+00:00","dateModified":"2025-05-20T22:32:54+00:00","description":"Au cours du le mois de janvier 2023, l\u2019investissement d\u00e9clar\u00e9 dans le secteur industriel a augment\u00e9 de 6,3%, par rapport au m\u00eame mois de l'ann\u00e9e pr\u00e9c\u00e9dente, sel...","breadcrumb":{"@id":"https:\/\/www.webdo.tn\/fr\/actualite\/national\/les-investissements-declares-dans-l-industrie-en-hausse-de-6-3\/203477\/#breadcrumb"},"inLanguage":"fr-FR","potentialAction":[{"@type":"ReadAction","target":["https:\/\/www.webdo.tn\/fr\/actualite\/national\/les-investissements-declares-dans-l-industrie-en-hausse-de-6-3\/203477\/"]}]},{"@type":"ImageObject","inLanguage":"fr-FR","@id":"https:\/\/www.webdo.tn\/fr\/actualite\/national\/les-investissements-declares-dans-l-industrie-en-hausse-de-6-3\/203477\/#primaryimage","url":"https:\/\/www.webdo.tn\/fr\/wp-content\/uploads\/2023\/03\/adc16bed62bbd217cf18410b29a159ff.jpg","contentUrl":"https:\/\/www.webdo.tn\/fr\/wp-content\/uploads\/2023\/03\/adc16bed62bbd217cf18410b29a159ff.jpg","width":750,"height":400,"caption":"Les investissements d\u00e9clar\u00e9s dans l'industrie en hausse de 6,3%"},{"@type":"BreadcrumbList","@id":"https:\/\/www.webdo.tn\/fr\/actualite\/national\/les-investissements-declares-dans-l-industrie-en-hausse-de-6-3\/203477\/#breadcrumb","itemListElement":[{"@type":"ListItem","position":1,"name":"Accueil","item":"https:\/\/www.webdo.tn\/fr\/"},{"@type":"ListItem","position":2,"name":"Les investissements d\u00e9clar\u00e9s dans l&#8217;industrie en hausse de 6,3%"}]},{"@type":"WebSite","@id":"https:\/\/www.webdo.tn\/fr\/#website","url":"https:\/\/www.webdo.tn\/fr\/","name":"webdo","description":"Tunisie - News en Tunisie et \u00e0 l&#039;international sur Webdo.tn","publisher":{"@id":"https:\/\/www.webdo.tn\/fr\/#organization"},"potentialAction":[{"@type":"SearchAction","target":{"@type":"EntryPoint","urlTemplate":"https:\/\/www.webdo.tn\/fr\/?s={search_term_string}"},"query-input":{"@type":"PropertyValueSpecification","valueRequired":true,"valueName":"search_term_string"}}],"inLanguage":"fr-FR"},{"@type":"Organization","@id":"https:\/\/www.webdo.tn\/fr\/#organization","name":"Webdo","alternateName":"Webdo.tn","url":"https:\/\/www.webdo.tn\/fr\/","logo":{"@type":"ImageObject","inLanguage":"fr-FR","@id":"https:\/\/www.webdo.tn\/fr\/#\/schema\/logo\/image\/","url":"https:\/\/www.webdo.tn\/fr\/wp-content\/uploads\/2025\/06\/Webdo-Tunisie_168377.jpg","contentUrl":"https:\/\/www.webdo.tn\/fr\/wp-content\/uploads\/2025\/06\/Webdo-Tunisie_168377.jpg","width":301,"height":301,"caption":"Webdo"},"image":{"@id":"https:\/\/www.webdo.tn\/fr\/#\/schema\/logo\/image\/"},"sameAs":["https:\/\/www.facebook.com\/webdotn","https:\/\/x.com\/webdo_tn"],"description":"Webdo est un m\u00e9dia num\u00e9rique tunisien fond\u00e9 en 2010, sp\u00e9cialis\u00e9 dans l\u2019actualit\u00e9 nationale et internationale, l\u2019\u00e9conomie, la soci\u00e9t\u00e9 et les analyses politiques. Le site s\u2019adresse \u00e0 un large public francophone et couvre l\u2019information tunisienne en temps r\u00e9el.","email":"redac@webdo.tn","legalName":"YNJ SARL","foundingDate":"2010-09-06","numberOfEmployees":{"@type":"QuantitativeValue","minValue":"11","maxValue":"50"}},{"@type":"Person","@id":"https:\/\/www.webdo.tn\/fr\/#\/schema\/person\/1f4e491e0907b413d61089e8eb573acc","name":"Webdo","image":{"@type":"ImageObject","inLanguage":"fr-FR","@id":"https:\/\/secure.gravatar.com\/avatar\/de97aeec1bb80978a9dbb127e47dfc88aaacb2f3c29aac907d8d3222e3495d49?s=96&d=mm&r=g","url":"https:\/\/secure.gravatar.com\/avatar\/de97aeec1bb80978a9dbb127e47dfc88aaacb2f3c29aac907d8d3222e3495d49?s=96&d=mm&r=g","contentUrl":"https:\/\/secure.gravatar.com\/avatar\/de97aeec1bb80978a9dbb127e47dfc88aaacb2f3c29aac907d8d3222e3495d49?s=96&d=mm&r=g","caption":"Webdo"},"url":"https:\/\/www.webdo.tn\/fr\/actualite\/author\/webdo\/"}]}},"_links":{"self":[{"href":"https:\/\/www.webdo.tn\/fr\/wp-json\/wp\/v2\/posts\/203477","targetHints":{"allow":["GET"]}}],"collection":[{"href":"https:\/\/www.webdo.tn\/fr\/wp-json\/wp\/v2\/posts"}],"about":[{"href":"https:\/\/www.webdo.tn\/fr\/wp-json\/wp\/v2\/types\/post"}],"author":[{"embeddable":true,"href":"https:\/\/www.webdo.tn\/fr\/wp-json\/wp\/v2\/users\/3169"}],"replies":[{"embeddable":true,"href":"https:\/\/www.webdo.tn\/fr\/wp-json\/wp\/v2\/comments?post=203477"}],"version-history":[{"count":0,"href":"https:\/\/www.webdo.tn\/fr\/wp-json\/wp\/v2\/posts\/203477\/revisions"}],"wp:featuredmedia":[{"embeddable":true,"href":"https:\/\/www.webdo.tn\/fr\/wp-json\/wp\/v2\/media\/251850"}],"wp:attachment":[{"href":"https:\/\/www.webdo.tn\/fr\/wp-json\/wp\/v2\/media?parent=203477"}],"wp:term":[{"taxonomy":"category","embeddable":true,"href":"https:\/\/www.webdo.tn\/fr\/wp-json\/wp\/v2\/categories?post=203477"},{"taxonomy":"post_tag","embeddable":true,"href":"https:\/\/www.webdo.tn\/fr\/wp-json\/wp\/v2\/tags?post=203477"}],"curies":[{"name":"wp","href":"https:\/\/api.w.org\/{rel}","templated":true}]}}