{"id":203463,"date":"2023-03-01T12:58:00","date_gmt":"2023-03-01T12:58:00","guid":{"rendered":"https:\/\/www.webdo.tn\/fr\/blog\/steg-le-montant-des-factures-non-recouvrees-s-eleve-a-2937-millions-de-dinars\/203463\/"},"modified":"2025-05-20T22:58:42","modified_gmt":"2025-05-20T22:58:42","slug":"steg-le-montant-des-factures-non-recouvrees-s-eleve-a-2937-millions-de-dinars","status":"publish","type":"post","link":"https:\/\/www.webdo.tn\/fr\/actualite\/national\/steg-le-montant-des-factures-non-recouvrees-s-eleve-a-2937-millions-de-dinars\/203463\/","title":{"rendered":"STEG : le montant des factures non recouvr\u00e9es s\u2019\u00e9l\u00e8ve \u00e0 2937 millions de dinars !"},"content":{"rendered":"<p>Le directeur charg\u00e9 des relations avec les citoyens aupr\u00e8s de la Soci\u00e9t\u00e9 tunisienne de l\u2019\u00e9lectricit\u00e9 et du gaz (STEG), Mounir Gharbi, a soulign\u00e9, dans une d\u00e9claration, ce matin \u00e0 Mosa\u00efque FM, que les dettes des clients envers la soci\u00e9t\u00e9 s\u2019\u00e9l\u00e8vent, \u00e0 fin 2022, \u00e0 2937 millions de dinars.<\/p>\n<p>\t\t\t\t\t\t\t\t\tLe responsable a ajout\u00e9 que malgr\u00e9 les efforts de la soci\u00e9t\u00e9 dans le but de permettre \u00e0 ses abonn\u00e9s de s\u2019acquitter de leurs dus, le montant des impay\u00e9s a augment\u00e9 de 566 millions de dinars en 2022, en comparaison avec 2021 o\u00f9 le montant total des impay\u00e9s s\u2019\u00e9tait \u00e9tabli \u00e0 2377 millions de dinars.<\/p>\n<p>Mounir Gharbi a indiqu\u00e9 que 1657 millions de dinars sont des dettes aupr\u00e8s du priv\u00e9 (m\u00e9nages et entreprises priv\u00e9es), soit 56% du total des impay\u00e9s, alors que 1281 millions concernent des dettes aupr\u00e8s d\u2019institutions et \u00e9tablissements publics, soit 44% du total des impay\u00e9s.<\/p>\n<p>Le responsable de la soci\u00e9t\u00e9 a ajout\u00e9 que tous les minist\u00e8res ont des dettes envers la STEG soulignant la n\u00e9cessit\u00e9 qu\u2019ils s\u2019acquittent de leurs dus pour la bonne marche et la p\u00e9rennit\u00e9 de la soci\u00e9t\u00e9.<\/p>\n<p>Mounir Gharbi a insist\u00e9 lors de son intervention sur la volont\u00e9 de la STEG \u00e0 permettre \u00e0 ses clients de payer par tranche, les invitant, par la m\u00eame occasion, \u00e0 s\u2019adresser aux districts auxquels ils sont rattach\u00e9s.<\/p>\n<p>Nous avons donn\u00e9, a-t-il dit, des instructions aux diff\u00e9rents chefs de district pour qu\u2019ils facilitent aux clients l\u2019op\u00e9ration de paiement et ils sont en train de faire des efforts dans ce sens.<\/p>\n","protected":false},"excerpt":{"rendered":"<p>Les dettes des clients envers la STEG s&rsquo;\u00e9l\u00e8vent \u00e0 2937 millions de dinars \u00e0 fin 2022.<\/p>\n","protected":false},"author":3188,"featured_media":251845,"comment_status":"open","ping_status":"closed","sticky":false,"template":"","format":"standard","meta":{"footnotes":""},"categories":[44],"tags":[3940,2742],"class_list":["post-203463","post","type-post","status-publish","format-standard","has-post-thumbnail","hentry","category-national","tag-dettes","tag-steg"],"yoast_head":"<!-- This site is optimized with the Yoast SEO Premium plugin v27.4 (Yoast SEO v27.5) - https:\/\/yoast.com\/product\/yoast-seo-premium-wordpress\/ -->\n<title>STEG : le montant des factures non recouvr\u00e9es s\u2019\u00e9l\u00e8ve \u00e0 2937 millions de dinars !<\/title>\n<meta name=\"description\" content=\"Les dettes des clients envers la STEG s&#039;\u00e9l\u00e8vent \u00e0 2937 millions de dinars \u00e0 fin 2022.\" \/>\n<link rel=\"canonical\" href=\"https:\/\/www.webdo.tn\/fr\/actualite\/national\/steg-le-montant-des-factures-non-recouvrees-s-eleve-a-2937-millions-de-dinars\/203463\/\" \/>\n<meta property=\"og:locale\" content=\"fr_FR\" \/>\n<meta property=\"og:type\" content=\"article\" \/>\n<meta property=\"og:title\" content=\"STEG : le montant des factures non recouvr\u00e9es s\u2019\u00e9l\u00e8ve \u00e0 2937 millions de dinars !\" \/>\n<meta property=\"og:description\" content=\"Les dettes des clients envers la STEG s&#039;\u00e9l\u00e8vent \u00e0 2937 millions de dinars \u00e0 fin 2022.\" \/>\n<meta property=\"og:url\" content=\"https:\/\/www.webdo.tn\/fr\/actualite\/national\/steg-le-montant-des-factures-non-recouvrees-s-eleve-a-2937-millions-de-dinars\/203463\/\" \/>\n<meta property=\"og:site_name\" content=\"webdo\" \/>\n<meta property=\"article:publisher\" content=\"https:\/\/www.facebook.com\/webdotn\" \/>\n<meta property=\"article:published_time\" content=\"2023-03-01T12:58:00+00:00\" \/>\n<meta property=\"article:modified_time\" content=\"2025-05-20T22:58:42+00:00\" \/>\n<meta property=\"og:image\" content=\"https:\/\/www.webdo.tn\/fr\/wp-content\/uploads\/2023\/03\/c6ecbbdf45073005dcc96bfd4fc4d025.jpg\" \/>\n\t<meta property=\"og:image:width\" content=\"600\" \/>\n\t<meta property=\"og:image:height\" content=\"320\" \/>\n\t<meta property=\"og:image:type\" content=\"image\/jpeg\" \/>\n<meta name=\"author\" content=\"Ramzi\" \/>\n<meta name=\"twitter:card\" content=\"summary_large_image\" \/>\n<meta name=\"twitter:creator\" content=\"@webdo_tn\" \/>\n<meta name=\"twitter:site\" content=\"@webdo_tn\" \/>\n<meta name=\"twitter:label1\" content=\"\u00c9crit par\" \/>\n\t<meta name=\"twitter:data1\" content=\"Ramzi\" \/>\n\t<meta name=\"twitter:label2\" content=\"Dur\u00e9e de lecture estim\u00e9e\" \/>\n\t<meta name=\"twitter:data2\" content=\"1 minute\" \/>\n<script type=\"application\/ld+json\" class=\"yoast-schema-graph\">{\"@context\":\"https:\\\/\\\/schema.org\",\"@graph\":[{\"@type\":\"NewsArticle\",\"@id\":\"https:\\\/\\\/www.webdo.tn\\\/fr\\\/actualite\\\/national\\\/steg-le-montant-des-factures-non-recouvrees-s-eleve-a-2937-millions-de-dinars\\\/203463\\\/#article\",\"isPartOf\":{\"@id\":\"https:\\\/\\\/www.webdo.tn\\\/fr\\\/actualite\\\/national\\\/steg-le-montant-des-factures-non-recouvrees-s-eleve-a-2937-millions-de-dinars\\\/203463\\\/\"},\"author\":{\"name\":\"Ramzi\",\"@id\":\"https:\\\/\\\/www.webdo.tn\\\/fr\\\/#\\\/schema\\\/person\\\/590cb5f81adcfde6385530fdbdf468e2\"},\"headline\":\"STEG : le montant des factures non recouvr\u00e9es s\u2019\u00e9l\u00e8ve \u00e0 2937 millions de dinars !\",\"datePublished\":\"2023-03-01T12:58:00+00:00\",\"dateModified\":\"2025-05-20T22:58:42+00:00\",\"mainEntityOfPage\":{\"@id\":\"https:\\\/\\\/www.webdo.tn\\\/fr\\\/actualite\\\/national\\\/steg-le-montant-des-factures-non-recouvrees-s-eleve-a-2937-millions-de-dinars\\\/203463\\\/\"},\"wordCount\":280,\"commentCount\":0,\"publisher\":{\"@id\":\"https:\\\/\\\/www.webdo.tn\\\/fr\\\/#organization\"},\"image\":{\"@id\":\"https:\\\/\\\/www.webdo.tn\\\/fr\\\/actualite\\\/national\\\/steg-le-montant-des-factures-non-recouvrees-s-eleve-a-2937-millions-de-dinars\\\/203463\\\/#primaryimage\"},\"thumbnailUrl\":\"https:\\\/\\\/www.webdo.tn\\\/fr\\\/wp-content\\\/uploads\\\/2023\\\/03\\\/c6ecbbdf45073005dcc96bfd4fc4d025.jpg\",\"keywords\":[\"Dettes\",\"steg\"],\"articleSection\":[\"National\"],\"inLanguage\":\"fr-FR\"},{\"@type\":\"WebPage\",\"@id\":\"https:\\\/\\\/www.webdo.tn\\\/fr\\\/actualite\\\/national\\\/steg-le-montant-des-factures-non-recouvrees-s-eleve-a-2937-millions-de-dinars\\\/203463\\\/\",\"url\":\"https:\\\/\\\/www.webdo.tn\\\/fr\\\/actualite\\\/national\\\/steg-le-montant-des-factures-non-recouvrees-s-eleve-a-2937-millions-de-dinars\\\/203463\\\/\",\"name\":\"STEG : le montant des factures non recouvr\u00e9es s\u2019\u00e9l\u00e8ve \u00e0 2937 millions de dinars !\",\"isPartOf\":{\"@id\":\"https:\\\/\\\/www.webdo.tn\\\/fr\\\/#website\"},\"primaryImageOfPage\":{\"@id\":\"https:\\\/\\\/www.webdo.tn\\\/fr\\\/actualite\\\/national\\\/steg-le-montant-des-factures-non-recouvrees-s-eleve-a-2937-millions-de-dinars\\\/203463\\\/#primaryimage\"},\"image\":{\"@id\":\"https:\\\/\\\/www.webdo.tn\\\/fr\\\/actualite\\\/national\\\/steg-le-montant-des-factures-non-recouvrees-s-eleve-a-2937-millions-de-dinars\\\/203463\\\/#primaryimage\"},\"thumbnailUrl\":\"https:\\\/\\\/www.webdo.tn\\\/fr\\\/wp-content\\\/uploads\\\/2023\\\/03\\\/c6ecbbdf45073005dcc96bfd4fc4d025.jpg\",\"datePublished\":\"2023-03-01T12:58:00+00:00\",\"dateModified\":\"2025-05-20T22:58:42+00:00\",\"description\":\"Les dettes des clients envers la STEG s'\u00e9l\u00e8vent \u00e0 2937 millions de dinars \u00e0 fin 2022.\",\"breadcrumb\":{\"@id\":\"https:\\\/\\\/www.webdo.tn\\\/fr\\\/actualite\\\/national\\\/steg-le-montant-des-factures-non-recouvrees-s-eleve-a-2937-millions-de-dinars\\\/203463\\\/#breadcrumb\"},\"inLanguage\":\"fr-FR\",\"potentialAction\":[{\"@type\":\"ReadAction\",\"target\":[\"https:\\\/\\\/www.webdo.tn\\\/fr\\\/actualite\\\/national\\\/steg-le-montant-des-factures-non-recouvrees-s-eleve-a-2937-millions-de-dinars\\\/203463\\\/\"]}]},{\"@type\":\"ImageObject\",\"inLanguage\":\"fr-FR\",\"@id\":\"https:\\\/\\\/www.webdo.tn\\\/fr\\\/actualite\\\/national\\\/steg-le-montant-des-factures-non-recouvrees-s-eleve-a-2937-millions-de-dinars\\\/203463\\\/#primaryimage\",\"url\":\"https:\\\/\\\/www.webdo.tn\\\/fr\\\/wp-content\\\/uploads\\\/2023\\\/03\\\/c6ecbbdf45073005dcc96bfd4fc4d025.jpg\",\"contentUrl\":\"https:\\\/\\\/www.webdo.tn\\\/fr\\\/wp-content\\\/uploads\\\/2023\\\/03\\\/c6ecbbdf45073005dcc96bfd4fc4d025.jpg\",\"width\":600,\"height\":320,\"caption\":\"STEG : le montant des factures non recouvr\u00e9es s\u2019\u00e9l\u00e8ve \u00e0 2937 millions de dinars !\"},{\"@type\":\"BreadcrumbList\",\"@id\":\"https:\\\/\\\/www.webdo.tn\\\/fr\\\/actualite\\\/national\\\/steg-le-montant-des-factures-non-recouvrees-s-eleve-a-2937-millions-de-dinars\\\/203463\\\/#breadcrumb\",\"itemListElement\":[{\"@type\":\"ListItem\",\"position\":1,\"name\":\"Accueil\",\"item\":\"https:\\\/\\\/www.webdo.tn\\\/fr\\\/\"},{\"@type\":\"ListItem\",\"position\":2,\"name\":\"STEG : le montant des factures non recouvr\u00e9es s\u2019\u00e9l\u00e8ve \u00e0 2937 millions de dinars !\"}]},{\"@type\":\"WebSite\",\"@id\":\"https:\\\/\\\/www.webdo.tn\\\/fr\\\/#website\",\"url\":\"https:\\\/\\\/www.webdo.tn\\\/fr\\\/\",\"name\":\"webdo\",\"description\":\"Tunisie - News en Tunisie et \u00e0 l&#039;international sur Webdo.tn\",\"publisher\":{\"@id\":\"https:\\\/\\\/www.webdo.tn\\\/fr\\\/#organization\"},\"potentialAction\":[{\"@type\":\"SearchAction\",\"target\":{\"@type\":\"EntryPoint\",\"urlTemplate\":\"https:\\\/\\\/www.webdo.tn\\\/fr\\\/?s={search_term_string}\"},\"query-input\":{\"@type\":\"PropertyValueSpecification\",\"valueRequired\":true,\"valueName\":\"search_term_string\"}}],\"inLanguage\":\"fr-FR\"},{\"@type\":\"Organization\",\"@id\":\"https:\\\/\\\/www.webdo.tn\\\/fr\\\/#organization\",\"name\":\"Webdo\",\"alternateName\":\"Webdo.tn\",\"url\":\"https:\\\/\\\/www.webdo.tn\\\/fr\\\/\",\"logo\":{\"@type\":\"ImageObject\",\"inLanguage\":\"fr-FR\",\"@id\":\"https:\\\/\\\/www.webdo.tn\\\/fr\\\/#\\\/schema\\\/logo\\\/image\\\/\",\"url\":\"https:\\\/\\\/www.webdo.tn\\\/fr\\\/wp-content\\\/uploads\\\/2025\\\/06\\\/Webdo-Tunisie_168377.jpg\",\"contentUrl\":\"https:\\\/\\\/www.webdo.tn\\\/fr\\\/wp-content\\\/uploads\\\/2025\\\/06\\\/Webdo-Tunisie_168377.jpg\",\"width\":301,\"height\":301,\"caption\":\"Webdo\"},\"image\":{\"@id\":\"https:\\\/\\\/www.webdo.tn\\\/fr\\\/#\\\/schema\\\/logo\\\/image\\\/\"},\"sameAs\":[\"https:\\\/\\\/www.facebook.com\\\/webdotn\",\"https:\\\/\\\/x.com\\\/webdo_tn\"],\"description\":\"Webdo est un m\u00e9dia num\u00e9rique tunisien fond\u00e9 en 2010, sp\u00e9cialis\u00e9 dans l\u2019actualit\u00e9 nationale et internationale, l\u2019\u00e9conomie, la soci\u00e9t\u00e9 et les analyses politiques. Le site s\u2019adresse \u00e0 un large public francophone et couvre l\u2019information tunisienne en temps r\u00e9el.\",\"email\":\"redac@webdo.tn\",\"legalName\":\"YNJ SARL\",\"foundingDate\":\"2010-09-06\",\"numberOfEmployees\":{\"@type\":\"QuantitativeValue\",\"minValue\":\"11\",\"maxValue\":\"50\"}},{\"@type\":\"Person\",\"@id\":\"https:\\\/\\\/www.webdo.tn\\\/fr\\\/#\\\/schema\\\/person\\\/590cb5f81adcfde6385530fdbdf468e2\",\"name\":\"Ramzi\",\"image\":{\"@type\":\"ImageObject\",\"inLanguage\":\"fr-FR\",\"@id\":\"https:\\\/\\\/secure.gravatar.com\\\/avatar\\\/48df7d18915e10cf866ba8e27604c81ff9243fd52704a1d210c3e387e1cb8d87?s=96&d=mm&r=g\",\"url\":\"https:\\\/\\\/secure.gravatar.com\\\/avatar\\\/48df7d18915e10cf866ba8e27604c81ff9243fd52704a1d210c3e387e1cb8d87?s=96&d=mm&r=g\",\"contentUrl\":\"https:\\\/\\\/secure.gravatar.com\\\/avatar\\\/48df7d18915e10cf866ba8e27604c81ff9243fd52704a1d210c3e387e1cb8d87?s=96&d=mm&r=g\",\"caption\":\"Ramzi\"},\"url\":\"https:\\\/\\\/www.webdo.tn\\\/fr\\\/actualite\\\/author\\\/ramzi\\\/\"}]}<\/script>\n<!-- \/ Yoast SEO Premium plugin. -->","yoast_head_json":{"title":"STEG : le montant des factures non recouvr\u00e9es s\u2019\u00e9l\u00e8ve \u00e0 2937 millions de dinars !","description":"Les dettes des clients envers la STEG s'\u00e9l\u00e8vent \u00e0 2937 millions de dinars \u00e0 fin 2022.","canonical":"https:\/\/www.webdo.tn\/fr\/actualite\/national\/steg-le-montant-des-factures-non-recouvrees-s-eleve-a-2937-millions-de-dinars\/203463\/","og_locale":"fr_FR","og_type":"article","og_title":"STEG : le montant des factures non recouvr\u00e9es s\u2019\u00e9l\u00e8ve \u00e0 2937 millions de dinars !","og_description":"Les dettes des clients envers la STEG s'\u00e9l\u00e8vent \u00e0 2937 millions de dinars \u00e0 fin 2022.","og_url":"https:\/\/www.webdo.tn\/fr\/actualite\/national\/steg-le-montant-des-factures-non-recouvrees-s-eleve-a-2937-millions-de-dinars\/203463\/","og_site_name":"webdo","article_publisher":"https:\/\/www.facebook.com\/webdotn","article_published_time":"2023-03-01T12:58:00+00:00","article_modified_time":"2025-05-20T22:58:42+00:00","og_image":[{"width":600,"height":320,"url":"https:\/\/www.webdo.tn\/fr\/wp-content\/uploads\/2023\/03\/c6ecbbdf45073005dcc96bfd4fc4d025.jpg","type":"image\/jpeg"}],"author":"Ramzi","twitter_card":"summary_large_image","twitter_creator":"@webdo_tn","twitter_site":"@webdo_tn","twitter_misc":{"\u00c9crit par":"Ramzi","Dur\u00e9e de lecture estim\u00e9e":"1 minute"},"schema":{"@context":"https:\/\/schema.org","@graph":[{"@type":"NewsArticle","@id":"https:\/\/www.webdo.tn\/fr\/actualite\/national\/steg-le-montant-des-factures-non-recouvrees-s-eleve-a-2937-millions-de-dinars\/203463\/#article","isPartOf":{"@id":"https:\/\/www.webdo.tn\/fr\/actualite\/national\/steg-le-montant-des-factures-non-recouvrees-s-eleve-a-2937-millions-de-dinars\/203463\/"},"author":{"name":"Ramzi","@id":"https:\/\/www.webdo.tn\/fr\/#\/schema\/person\/590cb5f81adcfde6385530fdbdf468e2"},"headline":"STEG : le montant des factures non recouvr\u00e9es s\u2019\u00e9l\u00e8ve \u00e0 2937 millions de dinars !","datePublished":"2023-03-01T12:58:00+00:00","dateModified":"2025-05-20T22:58:42+00:00","mainEntityOfPage":{"@id":"https:\/\/www.webdo.tn\/fr\/actualite\/national\/steg-le-montant-des-factures-non-recouvrees-s-eleve-a-2937-millions-de-dinars\/203463\/"},"wordCount":280,"commentCount":0,"publisher":{"@id":"https:\/\/www.webdo.tn\/fr\/#organization"},"image":{"@id":"https:\/\/www.webdo.tn\/fr\/actualite\/national\/steg-le-montant-des-factures-non-recouvrees-s-eleve-a-2937-millions-de-dinars\/203463\/#primaryimage"},"thumbnailUrl":"https:\/\/www.webdo.tn\/fr\/wp-content\/uploads\/2023\/03\/c6ecbbdf45073005dcc96bfd4fc4d025.jpg","keywords":["Dettes","steg"],"articleSection":["National"],"inLanguage":"fr-FR"},{"@type":"WebPage","@id":"https:\/\/www.webdo.tn\/fr\/actualite\/national\/steg-le-montant-des-factures-non-recouvrees-s-eleve-a-2937-millions-de-dinars\/203463\/","url":"https:\/\/www.webdo.tn\/fr\/actualite\/national\/steg-le-montant-des-factures-non-recouvrees-s-eleve-a-2937-millions-de-dinars\/203463\/","name":"STEG : le montant des factures non recouvr\u00e9es s\u2019\u00e9l\u00e8ve \u00e0 2937 millions de dinars !","isPartOf":{"@id":"https:\/\/www.webdo.tn\/fr\/#website"},"primaryImageOfPage":{"@id":"https:\/\/www.webdo.tn\/fr\/actualite\/national\/steg-le-montant-des-factures-non-recouvrees-s-eleve-a-2937-millions-de-dinars\/203463\/#primaryimage"},"image":{"@id":"https:\/\/www.webdo.tn\/fr\/actualite\/national\/steg-le-montant-des-factures-non-recouvrees-s-eleve-a-2937-millions-de-dinars\/203463\/#primaryimage"},"thumbnailUrl":"https:\/\/www.webdo.tn\/fr\/wp-content\/uploads\/2023\/03\/c6ecbbdf45073005dcc96bfd4fc4d025.jpg","datePublished":"2023-03-01T12:58:00+00:00","dateModified":"2025-05-20T22:58:42+00:00","description":"Les dettes des clients envers la STEG s'\u00e9l\u00e8vent \u00e0 2937 millions de dinars \u00e0 fin 2022.","breadcrumb":{"@id":"https:\/\/www.webdo.tn\/fr\/actualite\/national\/steg-le-montant-des-factures-non-recouvrees-s-eleve-a-2937-millions-de-dinars\/203463\/#breadcrumb"},"inLanguage":"fr-FR","potentialAction":[{"@type":"ReadAction","target":["https:\/\/www.webdo.tn\/fr\/actualite\/national\/steg-le-montant-des-factures-non-recouvrees-s-eleve-a-2937-millions-de-dinars\/203463\/"]}]},{"@type":"ImageObject","inLanguage":"fr-FR","@id":"https:\/\/www.webdo.tn\/fr\/actualite\/national\/steg-le-montant-des-factures-non-recouvrees-s-eleve-a-2937-millions-de-dinars\/203463\/#primaryimage","url":"https:\/\/www.webdo.tn\/fr\/wp-content\/uploads\/2023\/03\/c6ecbbdf45073005dcc96bfd4fc4d025.jpg","contentUrl":"https:\/\/www.webdo.tn\/fr\/wp-content\/uploads\/2023\/03\/c6ecbbdf45073005dcc96bfd4fc4d025.jpg","width":600,"height":320,"caption":"STEG : le montant des factures non recouvr\u00e9es s\u2019\u00e9l\u00e8ve \u00e0 2937 millions de dinars !"},{"@type":"BreadcrumbList","@id":"https:\/\/www.webdo.tn\/fr\/actualite\/national\/steg-le-montant-des-factures-non-recouvrees-s-eleve-a-2937-millions-de-dinars\/203463\/#breadcrumb","itemListElement":[{"@type":"ListItem","position":1,"name":"Accueil","item":"https:\/\/www.webdo.tn\/fr\/"},{"@type":"ListItem","position":2,"name":"STEG : le montant des factures non recouvr\u00e9es s\u2019\u00e9l\u00e8ve \u00e0 2937 millions de dinars !"}]},{"@type":"WebSite","@id":"https:\/\/www.webdo.tn\/fr\/#website","url":"https:\/\/www.webdo.tn\/fr\/","name":"webdo","description":"Tunisie - News en Tunisie et \u00e0 l&#039;international sur Webdo.tn","publisher":{"@id":"https:\/\/www.webdo.tn\/fr\/#organization"},"potentialAction":[{"@type":"SearchAction","target":{"@type":"EntryPoint","urlTemplate":"https:\/\/www.webdo.tn\/fr\/?s={search_term_string}"},"query-input":{"@type":"PropertyValueSpecification","valueRequired":true,"valueName":"search_term_string"}}],"inLanguage":"fr-FR"},{"@type":"Organization","@id":"https:\/\/www.webdo.tn\/fr\/#organization","name":"Webdo","alternateName":"Webdo.tn","url":"https:\/\/www.webdo.tn\/fr\/","logo":{"@type":"ImageObject","inLanguage":"fr-FR","@id":"https:\/\/www.webdo.tn\/fr\/#\/schema\/logo\/image\/","url":"https:\/\/www.webdo.tn\/fr\/wp-content\/uploads\/2025\/06\/Webdo-Tunisie_168377.jpg","contentUrl":"https:\/\/www.webdo.tn\/fr\/wp-content\/uploads\/2025\/06\/Webdo-Tunisie_168377.jpg","width":301,"height":301,"caption":"Webdo"},"image":{"@id":"https:\/\/www.webdo.tn\/fr\/#\/schema\/logo\/image\/"},"sameAs":["https:\/\/www.facebook.com\/webdotn","https:\/\/x.com\/webdo_tn"],"description":"Webdo est un m\u00e9dia num\u00e9rique tunisien fond\u00e9 en 2010, sp\u00e9cialis\u00e9 dans l\u2019actualit\u00e9 nationale et internationale, l\u2019\u00e9conomie, la soci\u00e9t\u00e9 et les analyses politiques. Le site s\u2019adresse \u00e0 un large public francophone et couvre l\u2019information tunisienne en temps r\u00e9el.","email":"redac@webdo.tn","legalName":"YNJ SARL","foundingDate":"2010-09-06","numberOfEmployees":{"@type":"QuantitativeValue","minValue":"11","maxValue":"50"}},{"@type":"Person","@id":"https:\/\/www.webdo.tn\/fr\/#\/schema\/person\/590cb5f81adcfde6385530fdbdf468e2","name":"Ramzi","image":{"@type":"ImageObject","inLanguage":"fr-FR","@id":"https:\/\/secure.gravatar.com\/avatar\/48df7d18915e10cf866ba8e27604c81ff9243fd52704a1d210c3e387e1cb8d87?s=96&d=mm&r=g","url":"https:\/\/secure.gravatar.com\/avatar\/48df7d18915e10cf866ba8e27604c81ff9243fd52704a1d210c3e387e1cb8d87?s=96&d=mm&r=g","contentUrl":"https:\/\/secure.gravatar.com\/avatar\/48df7d18915e10cf866ba8e27604c81ff9243fd52704a1d210c3e387e1cb8d87?s=96&d=mm&r=g","caption":"Ramzi"},"url":"https:\/\/www.webdo.tn\/fr\/actualite\/author\/ramzi\/"}]}},"_links":{"self":[{"href":"https:\/\/www.webdo.tn\/fr\/wp-json\/wp\/v2\/posts\/203463","targetHints":{"allow":["GET"]}}],"collection":[{"href":"https:\/\/www.webdo.tn\/fr\/wp-json\/wp\/v2\/posts"}],"about":[{"href":"https:\/\/www.webdo.tn\/fr\/wp-json\/wp\/v2\/types\/post"}],"author":[{"embeddable":true,"href":"https:\/\/www.webdo.tn\/fr\/wp-json\/wp\/v2\/users\/3188"}],"replies":[{"embeddable":true,"href":"https:\/\/www.webdo.tn\/fr\/wp-json\/wp\/v2\/comments?post=203463"}],"version-history":[{"count":0,"href":"https:\/\/www.webdo.tn\/fr\/wp-json\/wp\/v2\/posts\/203463\/revisions"}],"wp:featuredmedia":[{"embeddable":true,"href":"https:\/\/www.webdo.tn\/fr\/wp-json\/wp\/v2\/media\/251845"}],"wp:attachment":[{"href":"https:\/\/www.webdo.tn\/fr\/wp-json\/wp\/v2\/media?parent=203463"}],"wp:term":[{"taxonomy":"category","embeddable":true,"href":"https:\/\/www.webdo.tn\/fr\/wp-json\/wp\/v2\/categories?post=203463"},{"taxonomy":"post_tag","embeddable":true,"href":"https:\/\/www.webdo.tn\/fr\/wp-json\/wp\/v2\/tags?post=203463"}],"curies":[{"name":"wp","href":"https:\/\/api.w.org\/{rel}","templated":true}]}}