{"id":203453,"date":"2023-03-01T10:22:00","date_gmt":"2023-03-01T10:22:00","guid":{"rendered":"https:\/\/www.webdo.tn\/fr\/blog\/dalila-msaddek-maya-ksouri-a-temoigne-contre-khayem-turki-pour-se-disculper\/203453\/"},"modified":"2025-05-20T22:07:45","modified_gmt":"2025-05-20T22:07:45","slug":"dalila-msaddek-maya-ksouri-a-temoigne-contre-khayem-turki-pour-se-disculper","status":"publish","type":"post","link":"https:\/\/www.webdo.tn\/fr\/actualite\/national\/dalila-msaddek-maya-ksouri-a-temoigne-contre-khayem-turki-pour-se-disculper\/203453\/","title":{"rendered":"Dalila Msaddek : \u00ab\u00a0Maya Ksouri a t\u00e9moign\u00e9 contre Khayem Turki pour se disculper\u00a0\u00bb"},"content":{"rendered":"<p>L\u2019avocate Dalila Msaddek, membre du comit\u00e9 de d\u00e9fense des accus\u00e9s dans l&rsquo;affaire du complot contre la s\u00fbret\u00e9 de l&rsquo;\u00c9tat, a de nouveau accus\u00e9, aujourd&rsquo;hui, la chroniqueuse Maya Ksouri de d\u00e9lation.<\/p>\n<p>\t\t\t\t\t\t\t\t\tSelon elle, Maya Ksouri a accus\u00e9 Khayem Turki de complot contre la s\u00fbret\u00e9 de l&rsquo;\u00c9tat pour se disculper. Dalila Msaddek a ajout\u00e9, sur les ondes de IFM \u00ab\u00a0qu&rsquo;il y a des compromis dans les coulisses \u00e0 l\u2019origine des t\u00e9moignages dans l&rsquo;affaire de complot contre la s\u00fbret\u00e9 de l&rsquo;\u00c9tat, et que le but du t\u00e9moignage de Maya Ksouri \u00e9tait de prouver la relation de Khayem Turki avec l&rsquo;ancien ambassadeur de France Olivier Poivre d\u2019Arvor\u00a0 qui l\u2019avait propos\u00e9 comme Chef de gouvernement\u00a0\u00bb.<\/p>\n<p>L\u2019avocate a indiqu\u00e9 que Maya Ksouri figure parmi les \u00ab\u00a0t\u00e9moins\u00a0\u00bb mais est aussi concern\u00e9e par des accusations de complot contre l\u2019\u00c9tat et interdite de voyage. La chroniqueuse a t\u00e9moign\u00e9 \u00e0 propos d\u2019une vid\u00e9o qui a fuit\u00e9 sur les r\u00e9seaux sociaux.<\/p>\n<p>Dans cette vid\u00e9o, elle \u00e9voque sa relation avec l\u2019ancien ambassadeur fran\u00e7ais qui aurait \u0153uvr\u00e9\u00a0 pour installer Khayem Turki au poste de chef du gouvernement consid\u00e9rant cela comme une atteinte \u00e0 la souverainet\u00e9 du pays.<\/p>\n<p>Maya Ksouri, a d\u2019ailleurs d\u00e9menti, hier sur Shems fm, les accusations de l\u2019avocate Dalila Msaddek selon lesquelles elle aurait t\u00e9moign\u00e9 contre les personnalit\u00e9s politiques r\u00e9cemment arr\u00eat\u00e9es, rappelant qu\u2019elle a \u00e9t\u00e9 convoqu\u00e9e \u00e0 Bouchoucha dix jours apr\u00e8s l\u2019arrestation de Khayem Turki, le 11 f\u00e9vrier dernier.<\/p>\n<p>Maya Ksouri a ajout\u00e9 qu\u2019en ce qui concerne le dossier Kamel Letaief, les investigations ont d\u00e9but\u00e9 sur la base de trois t\u00e9moignages dont celui de Chafik Jarraya.<\/p>\n","protected":false},"excerpt":{"rendered":"<p>L\u2019avocate Dalila Msaddek, membre du comit\u00e9 de d\u00e9fense des accus\u00e9s dans l&rsquo;affaire du complot contre la s\u00fbret\u00e9 de l&rsquo;\u00c9tat, accuse Maya Ksouri de d\u00e9lation.<\/p>\n","protected":false},"author":3162,"featured_media":277837,"comment_status":"open","ping_status":"closed","sticky":false,"template":"","format":"standard","meta":{"footnotes":""},"categories":[44],"tags":[3784,7469,9359,5346],"class_list":["post-203453","post","type-post","status-publish","format-standard","has-post-thumbnail","hentry","category-national","tag-complot","tag-dalila-msaddek","tag-maya-ksouri","tag-surete-de-letat"],"yoast_head":"<!-- This site is optimized with the Yoast SEO Premium plugin v27.4 (Yoast SEO v27.5) - https:\/\/yoast.com\/product\/yoast-seo-premium-wordpress\/ -->\n<title>Dalila Msaddek : Maya Ksouri a t\u00e9moign\u00e9 contre Khayem Turki pour se disculper<\/title>\n<meta name=\"description\" content=\"L\u2019avocate Dalila Msaddek, membre du comit\u00e9 de d\u00e9fense des accus\u00e9s dans l&#039;affaire du complot contre la s\u00fbret\u00e9 de l&#039;\u00c9tat, accuse Maya Ksouri de d\u00e9lation.\" \/>\n<link rel=\"canonical\" href=\"https:\/\/www.webdo.tn\/fr\/actualite\/national\/dalila-msaddek-maya-ksouri-a-temoigne-contre-khayem-turki-pour-se-disculper\/203453\/\" \/>\n<meta property=\"og:locale\" content=\"fr_FR\" \/>\n<meta property=\"og:type\" content=\"article\" \/>\n<meta property=\"og:title\" content=\"Dalila Msaddek : &quot;Maya Ksouri a t\u00e9moign\u00e9 contre Khayem Turki pour se disculper&quot;\" \/>\n<meta property=\"og:description\" content=\"L\u2019avocate Dalila Msaddek, membre du comit\u00e9 de d\u00e9fense des accus\u00e9s dans l&#039;affaire du complot contre la s\u00fbret\u00e9 de l&#039;\u00c9tat, accuse Maya Ksouri de d\u00e9lation.\" \/>\n<meta property=\"og:url\" content=\"https:\/\/www.webdo.tn\/fr\/actualite\/national\/dalila-msaddek-maya-ksouri-a-temoigne-contre-khayem-turki-pour-se-disculper\/203453\/\" \/>\n<meta property=\"og:site_name\" content=\"webdo\" \/>\n<meta property=\"article:publisher\" content=\"https:\/\/www.facebook.com\/webdotn\" \/>\n<meta property=\"article:published_time\" content=\"2023-03-01T10:22:00+00:00\" \/>\n<meta property=\"article:modified_time\" content=\"2025-05-20T22:07:45+00:00\" \/>\n<meta property=\"og:image\" content=\"https:\/\/www.webdo.tn\/fr\/wp-content\/uploads\/2023\/03\/01c699505ca753b4d34b98e295286a61.jpg\" \/>\n\t<meta property=\"og:image:width\" content=\"750\" \/>\n\t<meta property=\"og:image:height\" content=\"400\" \/>\n\t<meta property=\"og:image:type\" content=\"image\/jpeg\" \/>\n<meta name=\"author\" content=\"MC\" \/>\n<meta name=\"twitter:card\" content=\"summary_large_image\" \/>\n<meta name=\"twitter:creator\" content=\"@webdo_tn\" \/>\n<meta name=\"twitter:site\" content=\"@webdo_tn\" \/>\n<meta name=\"twitter:label1\" content=\"\u00c9crit par\" \/>\n\t<meta name=\"twitter:data1\" content=\"MC\" \/>\n\t<meta name=\"twitter:label2\" content=\"Dur\u00e9e de lecture estim\u00e9e\" \/>\n\t<meta name=\"twitter:data2\" content=\"1 minute\" \/>\n<script type=\"application\/ld+json\" class=\"yoast-schema-graph\">{\"@context\":\"https:\\\/\\\/schema.org\",\"@graph\":[{\"@type\":\"NewsArticle\",\"@id\":\"https:\\\/\\\/www.webdo.tn\\\/fr\\\/actualite\\\/national\\\/dalila-msaddek-maya-ksouri-a-temoigne-contre-khayem-turki-pour-se-disculper\\\/203453\\\/#article\",\"isPartOf\":{\"@id\":\"https:\\\/\\\/www.webdo.tn\\\/fr\\\/actualite\\\/national\\\/dalila-msaddek-maya-ksouri-a-temoigne-contre-khayem-turki-pour-se-disculper\\\/203453\\\/\"},\"author\":{\"name\":\"MC\",\"@id\":\"https:\\\/\\\/www.webdo.tn\\\/fr\\\/#\\\/schema\\\/person\\\/2c4929cbf5a809e3bd38617c6ce150f6\"},\"headline\":\"Dalila Msaddek : \u00ab\u00a0Maya Ksouri a t\u00e9moign\u00e9 contre Khayem Turki pour se disculper\u00a0\u00bb\",\"datePublished\":\"2023-03-01T10:22:00+00:00\",\"dateModified\":\"2025-05-20T22:07:45+00:00\",\"mainEntityOfPage\":{\"@id\":\"https:\\\/\\\/www.webdo.tn\\\/fr\\\/actualite\\\/national\\\/dalila-msaddek-maya-ksouri-a-temoigne-contre-khayem-turki-pour-se-disculper\\\/203453\\\/\"},\"wordCount\":311,\"commentCount\":0,\"publisher\":{\"@id\":\"https:\\\/\\\/www.webdo.tn\\\/fr\\\/#organization\"},\"image\":{\"@id\":\"https:\\\/\\\/www.webdo.tn\\\/fr\\\/actualite\\\/national\\\/dalila-msaddek-maya-ksouri-a-temoigne-contre-khayem-turki-pour-se-disculper\\\/203453\\\/#primaryimage\"},\"thumbnailUrl\":\"https:\\\/\\\/www.webdo.tn\\\/fr\\\/wp-content\\\/uploads\\\/2023\\\/03\\\/01c699505ca753b4d34b98e295286a61.jpg\",\"keywords\":[\"complot\",\"dalila msaddek\",\"maya ksouri\",\"s\u00fbret\u00e9 de l'\u00e9tat\"],\"articleSection\":[\"National\"],\"inLanguage\":\"fr-FR\"},{\"@type\":\"WebPage\",\"@id\":\"https:\\\/\\\/www.webdo.tn\\\/fr\\\/actualite\\\/national\\\/dalila-msaddek-maya-ksouri-a-temoigne-contre-khayem-turki-pour-se-disculper\\\/203453\\\/\",\"url\":\"https:\\\/\\\/www.webdo.tn\\\/fr\\\/actualite\\\/national\\\/dalila-msaddek-maya-ksouri-a-temoigne-contre-khayem-turki-pour-se-disculper\\\/203453\\\/\",\"name\":\"Dalila Msaddek : Maya Ksouri a t\u00e9moign\u00e9 contre Khayem Turki pour se disculper\",\"isPartOf\":{\"@id\":\"https:\\\/\\\/www.webdo.tn\\\/fr\\\/#website\"},\"primaryImageOfPage\":{\"@id\":\"https:\\\/\\\/www.webdo.tn\\\/fr\\\/actualite\\\/national\\\/dalila-msaddek-maya-ksouri-a-temoigne-contre-khayem-turki-pour-se-disculper\\\/203453\\\/#primaryimage\"},\"image\":{\"@id\":\"https:\\\/\\\/www.webdo.tn\\\/fr\\\/actualite\\\/national\\\/dalila-msaddek-maya-ksouri-a-temoigne-contre-khayem-turki-pour-se-disculper\\\/203453\\\/#primaryimage\"},\"thumbnailUrl\":\"https:\\\/\\\/www.webdo.tn\\\/fr\\\/wp-content\\\/uploads\\\/2023\\\/03\\\/01c699505ca753b4d34b98e295286a61.jpg\",\"datePublished\":\"2023-03-01T10:22:00+00:00\",\"dateModified\":\"2025-05-20T22:07:45+00:00\",\"description\":\"L\u2019avocate Dalila Msaddek, membre du comit\u00e9 de d\u00e9fense des accus\u00e9s dans l'affaire du complot contre la s\u00fbret\u00e9 de l'\u00c9tat, accuse Maya Ksouri de d\u00e9lation.\",\"breadcrumb\":{\"@id\":\"https:\\\/\\\/www.webdo.tn\\\/fr\\\/actualite\\\/national\\\/dalila-msaddek-maya-ksouri-a-temoigne-contre-khayem-turki-pour-se-disculper\\\/203453\\\/#breadcrumb\"},\"inLanguage\":\"fr-FR\",\"potentialAction\":[{\"@type\":\"ReadAction\",\"target\":[\"https:\\\/\\\/www.webdo.tn\\\/fr\\\/actualite\\\/national\\\/dalila-msaddek-maya-ksouri-a-temoigne-contre-khayem-turki-pour-se-disculper\\\/203453\\\/\"]}]},{\"@type\":\"ImageObject\",\"inLanguage\":\"fr-FR\",\"@id\":\"https:\\\/\\\/www.webdo.tn\\\/fr\\\/actualite\\\/national\\\/dalila-msaddek-maya-ksouri-a-temoigne-contre-khayem-turki-pour-se-disculper\\\/203453\\\/#primaryimage\",\"url\":\"https:\\\/\\\/www.webdo.tn\\\/fr\\\/wp-content\\\/uploads\\\/2023\\\/03\\\/01c699505ca753b4d34b98e295286a61.jpg\",\"contentUrl\":\"https:\\\/\\\/www.webdo.tn\\\/fr\\\/wp-content\\\/uploads\\\/2023\\\/03\\\/01c699505ca753b4d34b98e295286a61.jpg\",\"width\":750,\"height\":400,\"caption\":\"Maya Ksouri et Dalila Msaddek\"},{\"@type\":\"BreadcrumbList\",\"@id\":\"https:\\\/\\\/www.webdo.tn\\\/fr\\\/actualite\\\/national\\\/dalila-msaddek-maya-ksouri-a-temoigne-contre-khayem-turki-pour-se-disculper\\\/203453\\\/#breadcrumb\",\"itemListElement\":[{\"@type\":\"ListItem\",\"position\":1,\"name\":\"Accueil\",\"item\":\"https:\\\/\\\/www.webdo.tn\\\/fr\\\/\"},{\"@type\":\"ListItem\",\"position\":2,\"name\":\"Dalila Msaddek : \u00ab\u00a0Maya Ksouri a t\u00e9moign\u00e9 contre Khayem Turki pour se disculper\u00a0\u00bb\"}]},{\"@type\":\"WebSite\",\"@id\":\"https:\\\/\\\/www.webdo.tn\\\/fr\\\/#website\",\"url\":\"https:\\\/\\\/www.webdo.tn\\\/fr\\\/\",\"name\":\"webdo\",\"description\":\"Tunisie - News en Tunisie et \u00e0 l&#039;international sur Webdo.tn\",\"publisher\":{\"@id\":\"https:\\\/\\\/www.webdo.tn\\\/fr\\\/#organization\"},\"potentialAction\":[{\"@type\":\"SearchAction\",\"target\":{\"@type\":\"EntryPoint\",\"urlTemplate\":\"https:\\\/\\\/www.webdo.tn\\\/fr\\\/?s={search_term_string}\"},\"query-input\":{\"@type\":\"PropertyValueSpecification\",\"valueRequired\":true,\"valueName\":\"search_term_string\"}}],\"inLanguage\":\"fr-FR\"},{\"@type\":\"Organization\",\"@id\":\"https:\\\/\\\/www.webdo.tn\\\/fr\\\/#organization\",\"name\":\"Webdo\",\"alternateName\":\"Webdo.tn\",\"url\":\"https:\\\/\\\/www.webdo.tn\\\/fr\\\/\",\"logo\":{\"@type\":\"ImageObject\",\"inLanguage\":\"fr-FR\",\"@id\":\"https:\\\/\\\/www.webdo.tn\\\/fr\\\/#\\\/schema\\\/logo\\\/image\\\/\",\"url\":\"https:\\\/\\\/www.webdo.tn\\\/fr\\\/wp-content\\\/uploads\\\/2025\\\/06\\\/Webdo-Tunisie_168377.jpg\",\"contentUrl\":\"https:\\\/\\\/www.webdo.tn\\\/fr\\\/wp-content\\\/uploads\\\/2025\\\/06\\\/Webdo-Tunisie_168377.jpg\",\"width\":301,\"height\":301,\"caption\":\"Webdo\"},\"image\":{\"@id\":\"https:\\\/\\\/www.webdo.tn\\\/fr\\\/#\\\/schema\\\/logo\\\/image\\\/\"},\"sameAs\":[\"https:\\\/\\\/www.facebook.com\\\/webdotn\",\"https:\\\/\\\/x.com\\\/webdo_tn\"],\"description\":\"Webdo est un m\u00e9dia num\u00e9rique tunisien fond\u00e9 en 2010, sp\u00e9cialis\u00e9 dans l\u2019actualit\u00e9 nationale et internationale, l\u2019\u00e9conomie, la soci\u00e9t\u00e9 et les analyses politiques. Le site s\u2019adresse \u00e0 un large public francophone et couvre l\u2019information tunisienne en temps r\u00e9el.\",\"email\":\"redac@webdo.tn\",\"legalName\":\"YNJ SARL\",\"foundingDate\":\"2010-09-06\",\"numberOfEmployees\":{\"@type\":\"QuantitativeValue\",\"minValue\":\"11\",\"maxValue\":\"50\"}},{\"@type\":\"Person\",\"@id\":\"https:\\\/\\\/www.webdo.tn\\\/fr\\\/#\\\/schema\\\/person\\\/2c4929cbf5a809e3bd38617c6ce150f6\",\"name\":\"MC\",\"image\":{\"@type\":\"ImageObject\",\"inLanguage\":\"fr-FR\",\"@id\":\"https:\\\/\\\/secure.gravatar.com\\\/avatar\\\/a545bbb6f84efdd5553dbbc2895e3ca8f1d12c5215e00a041c9670b54aa9b18a?s=96&d=mm&r=g\",\"url\":\"https:\\\/\\\/secure.gravatar.com\\\/avatar\\\/a545bbb6f84efdd5553dbbc2895e3ca8f1d12c5215e00a041c9670b54aa9b18a?s=96&d=mm&r=g\",\"contentUrl\":\"https:\\\/\\\/secure.gravatar.com\\\/avatar\\\/a545bbb6f84efdd5553dbbc2895e3ca8f1d12c5215e00a041c9670b54aa9b18a?s=96&d=mm&r=g\",\"caption\":\"MC\"},\"url\":\"https:\\\/\\\/www.webdo.tn\\\/fr\\\/actualite\\\/author\\\/mc\\\/\"}]}<\/script>\n<!-- \/ Yoast SEO Premium plugin. -->","yoast_head_json":{"title":"Dalila Msaddek : Maya Ksouri a t\u00e9moign\u00e9 contre Khayem Turki pour se disculper","description":"L\u2019avocate Dalila Msaddek, membre du comit\u00e9 de d\u00e9fense des accus\u00e9s dans l'affaire du complot contre la s\u00fbret\u00e9 de l'\u00c9tat, accuse Maya Ksouri de d\u00e9lation.","canonical":"https:\/\/www.webdo.tn\/fr\/actualite\/national\/dalila-msaddek-maya-ksouri-a-temoigne-contre-khayem-turki-pour-se-disculper\/203453\/","og_locale":"fr_FR","og_type":"article","og_title":"Dalila Msaddek : \"Maya Ksouri a t\u00e9moign\u00e9 contre Khayem Turki pour se disculper\"","og_description":"L\u2019avocate Dalila Msaddek, membre du comit\u00e9 de d\u00e9fense des accus\u00e9s dans l'affaire du complot contre la s\u00fbret\u00e9 de l'\u00c9tat, accuse Maya Ksouri de d\u00e9lation.","og_url":"https:\/\/www.webdo.tn\/fr\/actualite\/national\/dalila-msaddek-maya-ksouri-a-temoigne-contre-khayem-turki-pour-se-disculper\/203453\/","og_site_name":"webdo","article_publisher":"https:\/\/www.facebook.com\/webdotn","article_published_time":"2023-03-01T10:22:00+00:00","article_modified_time":"2025-05-20T22:07:45+00:00","og_image":[{"width":750,"height":400,"url":"https:\/\/www.webdo.tn\/fr\/wp-content\/uploads\/2023\/03\/01c699505ca753b4d34b98e295286a61.jpg","type":"image\/jpeg"}],"author":"MC","twitter_card":"summary_large_image","twitter_creator":"@webdo_tn","twitter_site":"@webdo_tn","twitter_misc":{"\u00c9crit par":"MC","Dur\u00e9e de lecture estim\u00e9e":"1 minute"},"schema":{"@context":"https:\/\/schema.org","@graph":[{"@type":"NewsArticle","@id":"https:\/\/www.webdo.tn\/fr\/actualite\/national\/dalila-msaddek-maya-ksouri-a-temoigne-contre-khayem-turki-pour-se-disculper\/203453\/#article","isPartOf":{"@id":"https:\/\/www.webdo.tn\/fr\/actualite\/national\/dalila-msaddek-maya-ksouri-a-temoigne-contre-khayem-turki-pour-se-disculper\/203453\/"},"author":{"name":"MC","@id":"https:\/\/www.webdo.tn\/fr\/#\/schema\/person\/2c4929cbf5a809e3bd38617c6ce150f6"},"headline":"Dalila Msaddek : \u00ab\u00a0Maya Ksouri a t\u00e9moign\u00e9 contre Khayem Turki pour se disculper\u00a0\u00bb","datePublished":"2023-03-01T10:22:00+00:00","dateModified":"2025-05-20T22:07:45+00:00","mainEntityOfPage":{"@id":"https:\/\/www.webdo.tn\/fr\/actualite\/national\/dalila-msaddek-maya-ksouri-a-temoigne-contre-khayem-turki-pour-se-disculper\/203453\/"},"wordCount":311,"commentCount":0,"publisher":{"@id":"https:\/\/www.webdo.tn\/fr\/#organization"},"image":{"@id":"https:\/\/www.webdo.tn\/fr\/actualite\/national\/dalila-msaddek-maya-ksouri-a-temoigne-contre-khayem-turki-pour-se-disculper\/203453\/#primaryimage"},"thumbnailUrl":"https:\/\/www.webdo.tn\/fr\/wp-content\/uploads\/2023\/03\/01c699505ca753b4d34b98e295286a61.jpg","keywords":["complot","dalila msaddek","maya ksouri","s\u00fbret\u00e9 de l'\u00e9tat"],"articleSection":["National"],"inLanguage":"fr-FR"},{"@type":"WebPage","@id":"https:\/\/www.webdo.tn\/fr\/actualite\/national\/dalila-msaddek-maya-ksouri-a-temoigne-contre-khayem-turki-pour-se-disculper\/203453\/","url":"https:\/\/www.webdo.tn\/fr\/actualite\/national\/dalila-msaddek-maya-ksouri-a-temoigne-contre-khayem-turki-pour-se-disculper\/203453\/","name":"Dalila Msaddek : Maya Ksouri a t\u00e9moign\u00e9 contre Khayem Turki pour se disculper","isPartOf":{"@id":"https:\/\/www.webdo.tn\/fr\/#website"},"primaryImageOfPage":{"@id":"https:\/\/www.webdo.tn\/fr\/actualite\/national\/dalila-msaddek-maya-ksouri-a-temoigne-contre-khayem-turki-pour-se-disculper\/203453\/#primaryimage"},"image":{"@id":"https:\/\/www.webdo.tn\/fr\/actualite\/national\/dalila-msaddek-maya-ksouri-a-temoigne-contre-khayem-turki-pour-se-disculper\/203453\/#primaryimage"},"thumbnailUrl":"https:\/\/www.webdo.tn\/fr\/wp-content\/uploads\/2023\/03\/01c699505ca753b4d34b98e295286a61.jpg","datePublished":"2023-03-01T10:22:00+00:00","dateModified":"2025-05-20T22:07:45+00:00","description":"L\u2019avocate Dalila Msaddek, membre du comit\u00e9 de d\u00e9fense des accus\u00e9s dans l'affaire du complot contre la s\u00fbret\u00e9 de l'\u00c9tat, accuse Maya Ksouri de d\u00e9lation.","breadcrumb":{"@id":"https:\/\/www.webdo.tn\/fr\/actualite\/national\/dalila-msaddek-maya-ksouri-a-temoigne-contre-khayem-turki-pour-se-disculper\/203453\/#breadcrumb"},"inLanguage":"fr-FR","potentialAction":[{"@type":"ReadAction","target":["https:\/\/www.webdo.tn\/fr\/actualite\/national\/dalila-msaddek-maya-ksouri-a-temoigne-contre-khayem-turki-pour-se-disculper\/203453\/"]}]},{"@type":"ImageObject","inLanguage":"fr-FR","@id":"https:\/\/www.webdo.tn\/fr\/actualite\/national\/dalila-msaddek-maya-ksouri-a-temoigne-contre-khayem-turki-pour-se-disculper\/203453\/#primaryimage","url":"https:\/\/www.webdo.tn\/fr\/wp-content\/uploads\/2023\/03\/01c699505ca753b4d34b98e295286a61.jpg","contentUrl":"https:\/\/www.webdo.tn\/fr\/wp-content\/uploads\/2023\/03\/01c699505ca753b4d34b98e295286a61.jpg","width":750,"height":400,"caption":"Maya Ksouri et Dalila Msaddek"},{"@type":"BreadcrumbList","@id":"https:\/\/www.webdo.tn\/fr\/actualite\/national\/dalila-msaddek-maya-ksouri-a-temoigne-contre-khayem-turki-pour-se-disculper\/203453\/#breadcrumb","itemListElement":[{"@type":"ListItem","position":1,"name":"Accueil","item":"https:\/\/www.webdo.tn\/fr\/"},{"@type":"ListItem","position":2,"name":"Dalila Msaddek : \u00ab\u00a0Maya Ksouri a t\u00e9moign\u00e9 contre Khayem Turki pour se disculper\u00a0\u00bb"}]},{"@type":"WebSite","@id":"https:\/\/www.webdo.tn\/fr\/#website","url":"https:\/\/www.webdo.tn\/fr\/","name":"webdo","description":"Tunisie - News en Tunisie et \u00e0 l&#039;international sur Webdo.tn","publisher":{"@id":"https:\/\/www.webdo.tn\/fr\/#organization"},"potentialAction":[{"@type":"SearchAction","target":{"@type":"EntryPoint","urlTemplate":"https:\/\/www.webdo.tn\/fr\/?s={search_term_string}"},"query-input":{"@type":"PropertyValueSpecification","valueRequired":true,"valueName":"search_term_string"}}],"inLanguage":"fr-FR"},{"@type":"Organization","@id":"https:\/\/www.webdo.tn\/fr\/#organization","name":"Webdo","alternateName":"Webdo.tn","url":"https:\/\/www.webdo.tn\/fr\/","logo":{"@type":"ImageObject","inLanguage":"fr-FR","@id":"https:\/\/www.webdo.tn\/fr\/#\/schema\/logo\/image\/","url":"https:\/\/www.webdo.tn\/fr\/wp-content\/uploads\/2025\/06\/Webdo-Tunisie_168377.jpg","contentUrl":"https:\/\/www.webdo.tn\/fr\/wp-content\/uploads\/2025\/06\/Webdo-Tunisie_168377.jpg","width":301,"height":301,"caption":"Webdo"},"image":{"@id":"https:\/\/www.webdo.tn\/fr\/#\/schema\/logo\/image\/"},"sameAs":["https:\/\/www.facebook.com\/webdotn","https:\/\/x.com\/webdo_tn"],"description":"Webdo est un m\u00e9dia num\u00e9rique tunisien fond\u00e9 en 2010, sp\u00e9cialis\u00e9 dans l\u2019actualit\u00e9 nationale et internationale, l\u2019\u00e9conomie, la soci\u00e9t\u00e9 et les analyses politiques. Le site s\u2019adresse \u00e0 un large public francophone et couvre l\u2019information tunisienne en temps r\u00e9el.","email":"redac@webdo.tn","legalName":"YNJ SARL","foundingDate":"2010-09-06","numberOfEmployees":{"@type":"QuantitativeValue","minValue":"11","maxValue":"50"}},{"@type":"Person","@id":"https:\/\/www.webdo.tn\/fr\/#\/schema\/person\/2c4929cbf5a809e3bd38617c6ce150f6","name":"MC","image":{"@type":"ImageObject","inLanguage":"fr-FR","@id":"https:\/\/secure.gravatar.com\/avatar\/a545bbb6f84efdd5553dbbc2895e3ca8f1d12c5215e00a041c9670b54aa9b18a?s=96&d=mm&r=g","url":"https:\/\/secure.gravatar.com\/avatar\/a545bbb6f84efdd5553dbbc2895e3ca8f1d12c5215e00a041c9670b54aa9b18a?s=96&d=mm&r=g","contentUrl":"https:\/\/secure.gravatar.com\/avatar\/a545bbb6f84efdd5553dbbc2895e3ca8f1d12c5215e00a041c9670b54aa9b18a?s=96&d=mm&r=g","caption":"MC"},"url":"https:\/\/www.webdo.tn\/fr\/actualite\/author\/mc\/"}]}},"_links":{"self":[{"href":"https:\/\/www.webdo.tn\/fr\/wp-json\/wp\/v2\/posts\/203453","targetHints":{"allow":["GET"]}}],"collection":[{"href":"https:\/\/www.webdo.tn\/fr\/wp-json\/wp\/v2\/posts"}],"about":[{"href":"https:\/\/www.webdo.tn\/fr\/wp-json\/wp\/v2\/types\/post"}],"author":[{"embeddable":true,"href":"https:\/\/www.webdo.tn\/fr\/wp-json\/wp\/v2\/users\/3162"}],"replies":[{"embeddable":true,"href":"https:\/\/www.webdo.tn\/fr\/wp-json\/wp\/v2\/comments?post=203453"}],"version-history":[{"count":0,"href":"https:\/\/www.webdo.tn\/fr\/wp-json\/wp\/v2\/posts\/203453\/revisions"}],"wp:featuredmedia":[{"embeddable":true,"href":"https:\/\/www.webdo.tn\/fr\/wp-json\/wp\/v2\/media\/277837"}],"wp:attachment":[{"href":"https:\/\/www.webdo.tn\/fr\/wp-json\/wp\/v2\/media?parent=203453"}],"wp:term":[{"taxonomy":"category","embeddable":true,"href":"https:\/\/www.webdo.tn\/fr\/wp-json\/wp\/v2\/categories?post=203453"},{"taxonomy":"post_tag","embeddable":true,"href":"https:\/\/www.webdo.tn\/fr\/wp-json\/wp\/v2\/tags?post=203453"}],"curies":[{"name":"wp","href":"https:\/\/api.w.org\/{rel}","templated":true}]}}