{"id":203445,"date":"2023-02-28T22:56:00","date_gmt":"2023-02-28T22:56:00","guid":{"rendered":"https:\/\/www.webdo.tn\/fr\/blog\/faouzi-benzarti-nouvel-entraineur-de-l-etoile\/203445\/"},"modified":"2025-05-20T22:02:01","modified_gmt":"2025-05-20T22:02:01","slug":"faouzi-benzarti-nouvel-entraineur-de-l-etoile","status":"publish","type":"post","link":"https:\/\/www.webdo.tn\/fr\/actualite\/sport\/faouzi-benzarti-nouvel-entraineur-de-l-etoile\/203445\/","title":{"rendered":"Faouzi Benzarti, nouvel entra\u00eeneur de l&rsquo;Etoile"},"content":{"rendered":"<p>L&rsquo;Etoile a trouv\u00e9 un rempla\u00e7ant \u00e0 Mohamed Mkacher en la personne de Faouzi Benzarti.<\/p>\n<p>\t\t\t\t\t\t\t\t\tLe comit\u00e9 directeur de l&rsquo;Etoile Sportive du Sahel a annonc\u00e9, mardi soir via sa page Facebook, \u00eatre parvenu \u00e0 un accord avec l&rsquo;entra\u00eeneur Faouzi Benzarti pour tenir les r\u00eanes de l&rsquo;\u00e9quipe premi\u00e8re de football jusqu&rsquo;\u00e0 la fin de la saison en cours.<\/p>\n<p>Faouzi Benzarti remplace ainsi Mohamed Mkacher, qui a d\u00e9cid\u00e9 de jeter l&rsquo;\u00e9ponge. C&rsquo;est la septi\u00e8me fois que Faouzi Benzarti prend en mains l&rsquo;\u00e9quipe premi\u00e8re avec laquelle il a \u00e9t\u00e9 sacr\u00e9 champion trois fois par le pass\u00e9.<\/p>\n<p>L\u2019Etoile du Sahel avait annonc\u00e9, il y a une semaine avoir mis fin au contrat qui le liait \u00e0 Mohamed Mkacher, par un commun accord en marge de l&rsquo;\u00e9limination des Etoil\u00e9s des huiti\u00e8mes de finale de la coupe de Tunisie, le 19 f\u00e9vrier dernier.<\/p>\n<p>Demain, l&rsquo;ES Sahel affronte \u00e0 Sousse le CS Sfaxien dans le cadre de la 1\u00e8re journ\u00e9e du play-off.<\/p>\n","protected":false},"excerpt":{"rendered":"<p>L&rsquo;Etoile a trouv\u00e9 un rempla\u00e7ant \u00e0 Mohamed Mkacher en la personne de Faouzi Benzarti.<\/p>\n","protected":false},"author":3162,"featured_media":251863,"comment_status":"open","ping_status":"closed","sticky":false,"template":"","format":"standard","meta":{"footnotes":""},"categories":[2593],"tags":[6914,5330],"class_list":["post-203445","post","type-post","status-publish","format-standard","has-post-thumbnail","hentry","category-sport","tag-etoile-du-sahel","tag-faouzi-benzarti"],"yoast_head":"<!-- This site is optimized with the Yoast SEO Premium plugin v27.4 (Yoast SEO v27.5) - https:\/\/yoast.com\/product\/yoast-seo-premium-wordpress\/ -->\n<title>Faouzi Benzarti, nouvel entra\u00eeneur de l&#039;Etoile<\/title>\n<meta name=\"description\" content=\"L&#039;Etoile a trouv\u00e9 un rempla\u00e7ant \u00e0 Mohamed Mkacher en la personne de Faouzi Benzarti.\" \/>\n<link rel=\"canonical\" href=\"https:\/\/www.webdo.tn\/fr\/actualite\/sport\/faouzi-benzarti-nouvel-entraineur-de-l-etoile\/203445\/\" \/>\n<meta property=\"og:locale\" content=\"fr_FR\" \/>\n<meta property=\"og:type\" content=\"article\" \/>\n<meta property=\"og:title\" content=\"Faouzi Benzarti, nouvel entra\u00eeneur de l&#039;Etoile\" \/>\n<meta property=\"og:description\" content=\"L&#039;Etoile a trouv\u00e9 un rempla\u00e7ant \u00e0 Mohamed Mkacher en la personne de Faouzi Benzarti.\" \/>\n<meta property=\"og:url\" content=\"https:\/\/www.webdo.tn\/fr\/actualite\/sport\/faouzi-benzarti-nouvel-entraineur-de-l-etoile\/203445\/\" \/>\n<meta property=\"og:site_name\" content=\"webdo\" \/>\n<meta property=\"article:publisher\" content=\"https:\/\/www.facebook.com\/webdotn\" \/>\n<meta property=\"article:published_time\" content=\"2023-02-28T22:56:00+00:00\" \/>\n<meta property=\"article:modified_time\" content=\"2025-05-20T22:02:01+00:00\" \/>\n<meta property=\"og:image\" content=\"https:\/\/www.webdo.tn\/fr\/wp-content\/uploads\/2023\/02\/1101f9e01ddd9f1cb38360678795d2dc.jpg\" \/>\n\t<meta property=\"og:image:width\" content=\"750\" \/>\n\t<meta property=\"og:image:height\" content=\"400\" \/>\n\t<meta property=\"og:image:type\" content=\"image\/jpeg\" \/>\n<meta name=\"author\" content=\"MC\" \/>\n<meta name=\"twitter:card\" content=\"summary_large_image\" \/>\n<meta name=\"twitter:creator\" content=\"@webdo_tn\" \/>\n<meta name=\"twitter:site\" content=\"@webdo_tn\" \/>\n<meta name=\"twitter:label1\" content=\"\u00c9crit par\" \/>\n\t<meta name=\"twitter:data1\" content=\"MC\" \/>\n\t<meta name=\"twitter:label2\" content=\"Dur\u00e9e de lecture estim\u00e9e\" \/>\n\t<meta name=\"twitter:data2\" content=\"1 minute\" \/>\n<script type=\"application\/ld+json\" class=\"yoast-schema-graph\">{\"@context\":\"https:\\\/\\\/schema.org\",\"@graph\":[{\"@type\":\"NewsArticle\",\"@id\":\"https:\\\/\\\/www.webdo.tn\\\/fr\\\/actualite\\\/sport\\\/faouzi-benzarti-nouvel-entraineur-de-l-etoile\\\/203445\\\/#article\",\"isPartOf\":{\"@id\":\"https:\\\/\\\/www.webdo.tn\\\/fr\\\/actualite\\\/sport\\\/faouzi-benzarti-nouvel-entraineur-de-l-etoile\\\/203445\\\/\"},\"author\":{\"name\":\"MC\",\"@id\":\"https:\\\/\\\/www.webdo.tn\\\/fr\\\/#\\\/schema\\\/person\\\/2c4929cbf5a809e3bd38617c6ce150f6\"},\"headline\":\"Faouzi Benzarti, nouvel entra\u00eeneur de l&rsquo;Etoile\",\"datePublished\":\"2023-02-28T22:56:00+00:00\",\"dateModified\":\"2025-05-20T22:02:01+00:00\",\"mainEntityOfPage\":{\"@id\":\"https:\\\/\\\/www.webdo.tn\\\/fr\\\/actualite\\\/sport\\\/faouzi-benzarti-nouvel-entraineur-de-l-etoile\\\/203445\\\/\"},\"wordCount\":178,\"commentCount\":0,\"publisher\":{\"@id\":\"https:\\\/\\\/www.webdo.tn\\\/fr\\\/#organization\"},\"image\":{\"@id\":\"https:\\\/\\\/www.webdo.tn\\\/fr\\\/actualite\\\/sport\\\/faouzi-benzarti-nouvel-entraineur-de-l-etoile\\\/203445\\\/#primaryimage\"},\"thumbnailUrl\":\"https:\\\/\\\/www.webdo.tn\\\/fr\\\/wp-content\\\/uploads\\\/2023\\\/02\\\/1101f9e01ddd9f1cb38360678795d2dc.jpg\",\"keywords\":[\"\u00e9toile du sahel\",\"faouzi benzarti\"],\"articleSection\":[\"Sport\"],\"inLanguage\":\"fr-FR\"},{\"@type\":\"WebPage\",\"@id\":\"https:\\\/\\\/www.webdo.tn\\\/fr\\\/actualite\\\/sport\\\/faouzi-benzarti-nouvel-entraineur-de-l-etoile\\\/203445\\\/\",\"url\":\"https:\\\/\\\/www.webdo.tn\\\/fr\\\/actualite\\\/sport\\\/faouzi-benzarti-nouvel-entraineur-de-l-etoile\\\/203445\\\/\",\"name\":\"Faouzi Benzarti, nouvel entra\u00eeneur de l'Etoile\",\"isPartOf\":{\"@id\":\"https:\\\/\\\/www.webdo.tn\\\/fr\\\/#website\"},\"primaryImageOfPage\":{\"@id\":\"https:\\\/\\\/www.webdo.tn\\\/fr\\\/actualite\\\/sport\\\/faouzi-benzarti-nouvel-entraineur-de-l-etoile\\\/203445\\\/#primaryimage\"},\"image\":{\"@id\":\"https:\\\/\\\/www.webdo.tn\\\/fr\\\/actualite\\\/sport\\\/faouzi-benzarti-nouvel-entraineur-de-l-etoile\\\/203445\\\/#primaryimage\"},\"thumbnailUrl\":\"https:\\\/\\\/www.webdo.tn\\\/fr\\\/wp-content\\\/uploads\\\/2023\\\/02\\\/1101f9e01ddd9f1cb38360678795d2dc.jpg\",\"datePublished\":\"2023-02-28T22:56:00+00:00\",\"dateModified\":\"2025-05-20T22:02:01+00:00\",\"description\":\"L'Etoile a trouv\u00e9 un rempla\u00e7ant \u00e0 Mohamed Mkacher en la personne de Faouzi Benzarti.\",\"breadcrumb\":{\"@id\":\"https:\\\/\\\/www.webdo.tn\\\/fr\\\/actualite\\\/sport\\\/faouzi-benzarti-nouvel-entraineur-de-l-etoile\\\/203445\\\/#breadcrumb\"},\"inLanguage\":\"fr-FR\",\"potentialAction\":[{\"@type\":\"ReadAction\",\"target\":[\"https:\\\/\\\/www.webdo.tn\\\/fr\\\/actualite\\\/sport\\\/faouzi-benzarti-nouvel-entraineur-de-l-etoile\\\/203445\\\/\"]}]},{\"@type\":\"ImageObject\",\"inLanguage\":\"fr-FR\",\"@id\":\"https:\\\/\\\/www.webdo.tn\\\/fr\\\/actualite\\\/sport\\\/faouzi-benzarti-nouvel-entraineur-de-l-etoile\\\/203445\\\/#primaryimage\",\"url\":\"https:\\\/\\\/www.webdo.tn\\\/fr\\\/wp-content\\\/uploads\\\/2023\\\/02\\\/1101f9e01ddd9f1cb38360678795d2dc.jpg\",\"contentUrl\":\"https:\\\/\\\/www.webdo.tn\\\/fr\\\/wp-content\\\/uploads\\\/2023\\\/02\\\/1101f9e01ddd9f1cb38360678795d2dc.jpg\",\"width\":750,\"height\":400,\"caption\":\"Faouzi Benzarti, nouvel entra\u00eeneur de l'Etoile\"},{\"@type\":\"BreadcrumbList\",\"@id\":\"https:\\\/\\\/www.webdo.tn\\\/fr\\\/actualite\\\/sport\\\/faouzi-benzarti-nouvel-entraineur-de-l-etoile\\\/203445\\\/#breadcrumb\",\"itemListElement\":[{\"@type\":\"ListItem\",\"position\":1,\"name\":\"Accueil\",\"item\":\"https:\\\/\\\/www.webdo.tn\\\/fr\\\/\"},{\"@type\":\"ListItem\",\"position\":2,\"name\":\"Faouzi Benzarti, nouvel entra\u00eeneur de l&rsquo;Etoile\"}]},{\"@type\":\"WebSite\",\"@id\":\"https:\\\/\\\/www.webdo.tn\\\/fr\\\/#website\",\"url\":\"https:\\\/\\\/www.webdo.tn\\\/fr\\\/\",\"name\":\"webdo\",\"description\":\"Tunisie - News en Tunisie et \u00e0 l&#039;international sur Webdo.tn\",\"publisher\":{\"@id\":\"https:\\\/\\\/www.webdo.tn\\\/fr\\\/#organization\"},\"potentialAction\":[{\"@type\":\"SearchAction\",\"target\":{\"@type\":\"EntryPoint\",\"urlTemplate\":\"https:\\\/\\\/www.webdo.tn\\\/fr\\\/?s={search_term_string}\"},\"query-input\":{\"@type\":\"PropertyValueSpecification\",\"valueRequired\":true,\"valueName\":\"search_term_string\"}}],\"inLanguage\":\"fr-FR\"},{\"@type\":\"Organization\",\"@id\":\"https:\\\/\\\/www.webdo.tn\\\/fr\\\/#organization\",\"name\":\"Webdo\",\"alternateName\":\"Webdo.tn\",\"url\":\"https:\\\/\\\/www.webdo.tn\\\/fr\\\/\",\"logo\":{\"@type\":\"ImageObject\",\"inLanguage\":\"fr-FR\",\"@id\":\"https:\\\/\\\/www.webdo.tn\\\/fr\\\/#\\\/schema\\\/logo\\\/image\\\/\",\"url\":\"https:\\\/\\\/www.webdo.tn\\\/fr\\\/wp-content\\\/uploads\\\/2025\\\/06\\\/Webdo-Tunisie_168377.jpg\",\"contentUrl\":\"https:\\\/\\\/www.webdo.tn\\\/fr\\\/wp-content\\\/uploads\\\/2025\\\/06\\\/Webdo-Tunisie_168377.jpg\",\"width\":301,\"height\":301,\"caption\":\"Webdo\"},\"image\":{\"@id\":\"https:\\\/\\\/www.webdo.tn\\\/fr\\\/#\\\/schema\\\/logo\\\/image\\\/\"},\"sameAs\":[\"https:\\\/\\\/www.facebook.com\\\/webdotn\",\"https:\\\/\\\/x.com\\\/webdo_tn\"],\"description\":\"Webdo est un m\u00e9dia num\u00e9rique tunisien fond\u00e9 en 2010, sp\u00e9cialis\u00e9 dans l\u2019actualit\u00e9 nationale et internationale, l\u2019\u00e9conomie, la soci\u00e9t\u00e9 et les analyses politiques. Le site s\u2019adresse \u00e0 un large public francophone et couvre l\u2019information tunisienne en temps r\u00e9el.\",\"email\":\"redac@webdo.tn\",\"legalName\":\"YNJ SARL\",\"foundingDate\":\"2010-09-06\",\"numberOfEmployees\":{\"@type\":\"QuantitativeValue\",\"minValue\":\"11\",\"maxValue\":\"50\"}},{\"@type\":\"Person\",\"@id\":\"https:\\\/\\\/www.webdo.tn\\\/fr\\\/#\\\/schema\\\/person\\\/2c4929cbf5a809e3bd38617c6ce150f6\",\"name\":\"MC\",\"image\":{\"@type\":\"ImageObject\",\"inLanguage\":\"fr-FR\",\"@id\":\"https:\\\/\\\/secure.gravatar.com\\\/avatar\\\/a545bbb6f84efdd5553dbbc2895e3ca8f1d12c5215e00a041c9670b54aa9b18a?s=96&d=mm&r=g\",\"url\":\"https:\\\/\\\/secure.gravatar.com\\\/avatar\\\/a545bbb6f84efdd5553dbbc2895e3ca8f1d12c5215e00a041c9670b54aa9b18a?s=96&d=mm&r=g\",\"contentUrl\":\"https:\\\/\\\/secure.gravatar.com\\\/avatar\\\/a545bbb6f84efdd5553dbbc2895e3ca8f1d12c5215e00a041c9670b54aa9b18a?s=96&d=mm&r=g\",\"caption\":\"MC\"},\"url\":\"https:\\\/\\\/www.webdo.tn\\\/fr\\\/actualite\\\/author\\\/mc\\\/\"}]}<\/script>\n<!-- \/ Yoast SEO Premium plugin. -->","yoast_head_json":{"title":"Faouzi Benzarti, nouvel entra\u00eeneur de l'Etoile","description":"L'Etoile a trouv\u00e9 un rempla\u00e7ant \u00e0 Mohamed Mkacher en la personne de Faouzi Benzarti.","canonical":"https:\/\/www.webdo.tn\/fr\/actualite\/sport\/faouzi-benzarti-nouvel-entraineur-de-l-etoile\/203445\/","og_locale":"fr_FR","og_type":"article","og_title":"Faouzi Benzarti, nouvel entra\u00eeneur de l'Etoile","og_description":"L'Etoile a trouv\u00e9 un rempla\u00e7ant \u00e0 Mohamed Mkacher en la personne de Faouzi Benzarti.","og_url":"https:\/\/www.webdo.tn\/fr\/actualite\/sport\/faouzi-benzarti-nouvel-entraineur-de-l-etoile\/203445\/","og_site_name":"webdo","article_publisher":"https:\/\/www.facebook.com\/webdotn","article_published_time":"2023-02-28T22:56:00+00:00","article_modified_time":"2025-05-20T22:02:01+00:00","og_image":[{"width":750,"height":400,"url":"https:\/\/www.webdo.tn\/fr\/wp-content\/uploads\/2023\/02\/1101f9e01ddd9f1cb38360678795d2dc.jpg","type":"image\/jpeg"}],"author":"MC","twitter_card":"summary_large_image","twitter_creator":"@webdo_tn","twitter_site":"@webdo_tn","twitter_misc":{"\u00c9crit par":"MC","Dur\u00e9e de lecture estim\u00e9e":"1 minute"},"schema":{"@context":"https:\/\/schema.org","@graph":[{"@type":"NewsArticle","@id":"https:\/\/www.webdo.tn\/fr\/actualite\/sport\/faouzi-benzarti-nouvel-entraineur-de-l-etoile\/203445\/#article","isPartOf":{"@id":"https:\/\/www.webdo.tn\/fr\/actualite\/sport\/faouzi-benzarti-nouvel-entraineur-de-l-etoile\/203445\/"},"author":{"name":"MC","@id":"https:\/\/www.webdo.tn\/fr\/#\/schema\/person\/2c4929cbf5a809e3bd38617c6ce150f6"},"headline":"Faouzi Benzarti, nouvel entra\u00eeneur de l&rsquo;Etoile","datePublished":"2023-02-28T22:56:00+00:00","dateModified":"2025-05-20T22:02:01+00:00","mainEntityOfPage":{"@id":"https:\/\/www.webdo.tn\/fr\/actualite\/sport\/faouzi-benzarti-nouvel-entraineur-de-l-etoile\/203445\/"},"wordCount":178,"commentCount":0,"publisher":{"@id":"https:\/\/www.webdo.tn\/fr\/#organization"},"image":{"@id":"https:\/\/www.webdo.tn\/fr\/actualite\/sport\/faouzi-benzarti-nouvel-entraineur-de-l-etoile\/203445\/#primaryimage"},"thumbnailUrl":"https:\/\/www.webdo.tn\/fr\/wp-content\/uploads\/2023\/02\/1101f9e01ddd9f1cb38360678795d2dc.jpg","keywords":["\u00e9toile du sahel","faouzi benzarti"],"articleSection":["Sport"],"inLanguage":"fr-FR"},{"@type":"WebPage","@id":"https:\/\/www.webdo.tn\/fr\/actualite\/sport\/faouzi-benzarti-nouvel-entraineur-de-l-etoile\/203445\/","url":"https:\/\/www.webdo.tn\/fr\/actualite\/sport\/faouzi-benzarti-nouvel-entraineur-de-l-etoile\/203445\/","name":"Faouzi Benzarti, nouvel entra\u00eeneur de l'Etoile","isPartOf":{"@id":"https:\/\/www.webdo.tn\/fr\/#website"},"primaryImageOfPage":{"@id":"https:\/\/www.webdo.tn\/fr\/actualite\/sport\/faouzi-benzarti-nouvel-entraineur-de-l-etoile\/203445\/#primaryimage"},"image":{"@id":"https:\/\/www.webdo.tn\/fr\/actualite\/sport\/faouzi-benzarti-nouvel-entraineur-de-l-etoile\/203445\/#primaryimage"},"thumbnailUrl":"https:\/\/www.webdo.tn\/fr\/wp-content\/uploads\/2023\/02\/1101f9e01ddd9f1cb38360678795d2dc.jpg","datePublished":"2023-02-28T22:56:00+00:00","dateModified":"2025-05-20T22:02:01+00:00","description":"L'Etoile a trouv\u00e9 un rempla\u00e7ant \u00e0 Mohamed Mkacher en la personne de Faouzi Benzarti.","breadcrumb":{"@id":"https:\/\/www.webdo.tn\/fr\/actualite\/sport\/faouzi-benzarti-nouvel-entraineur-de-l-etoile\/203445\/#breadcrumb"},"inLanguage":"fr-FR","potentialAction":[{"@type":"ReadAction","target":["https:\/\/www.webdo.tn\/fr\/actualite\/sport\/faouzi-benzarti-nouvel-entraineur-de-l-etoile\/203445\/"]}]},{"@type":"ImageObject","inLanguage":"fr-FR","@id":"https:\/\/www.webdo.tn\/fr\/actualite\/sport\/faouzi-benzarti-nouvel-entraineur-de-l-etoile\/203445\/#primaryimage","url":"https:\/\/www.webdo.tn\/fr\/wp-content\/uploads\/2023\/02\/1101f9e01ddd9f1cb38360678795d2dc.jpg","contentUrl":"https:\/\/www.webdo.tn\/fr\/wp-content\/uploads\/2023\/02\/1101f9e01ddd9f1cb38360678795d2dc.jpg","width":750,"height":400,"caption":"Faouzi Benzarti, nouvel entra\u00eeneur de l'Etoile"},{"@type":"BreadcrumbList","@id":"https:\/\/www.webdo.tn\/fr\/actualite\/sport\/faouzi-benzarti-nouvel-entraineur-de-l-etoile\/203445\/#breadcrumb","itemListElement":[{"@type":"ListItem","position":1,"name":"Accueil","item":"https:\/\/www.webdo.tn\/fr\/"},{"@type":"ListItem","position":2,"name":"Faouzi Benzarti, nouvel entra\u00eeneur de l&rsquo;Etoile"}]},{"@type":"WebSite","@id":"https:\/\/www.webdo.tn\/fr\/#website","url":"https:\/\/www.webdo.tn\/fr\/","name":"webdo","description":"Tunisie - News en Tunisie et \u00e0 l&#039;international sur Webdo.tn","publisher":{"@id":"https:\/\/www.webdo.tn\/fr\/#organization"},"potentialAction":[{"@type":"SearchAction","target":{"@type":"EntryPoint","urlTemplate":"https:\/\/www.webdo.tn\/fr\/?s={search_term_string}"},"query-input":{"@type":"PropertyValueSpecification","valueRequired":true,"valueName":"search_term_string"}}],"inLanguage":"fr-FR"},{"@type":"Organization","@id":"https:\/\/www.webdo.tn\/fr\/#organization","name":"Webdo","alternateName":"Webdo.tn","url":"https:\/\/www.webdo.tn\/fr\/","logo":{"@type":"ImageObject","inLanguage":"fr-FR","@id":"https:\/\/www.webdo.tn\/fr\/#\/schema\/logo\/image\/","url":"https:\/\/www.webdo.tn\/fr\/wp-content\/uploads\/2025\/06\/Webdo-Tunisie_168377.jpg","contentUrl":"https:\/\/www.webdo.tn\/fr\/wp-content\/uploads\/2025\/06\/Webdo-Tunisie_168377.jpg","width":301,"height":301,"caption":"Webdo"},"image":{"@id":"https:\/\/www.webdo.tn\/fr\/#\/schema\/logo\/image\/"},"sameAs":["https:\/\/www.facebook.com\/webdotn","https:\/\/x.com\/webdo_tn"],"description":"Webdo est un m\u00e9dia num\u00e9rique tunisien fond\u00e9 en 2010, sp\u00e9cialis\u00e9 dans l\u2019actualit\u00e9 nationale et internationale, l\u2019\u00e9conomie, la soci\u00e9t\u00e9 et les analyses politiques. Le site s\u2019adresse \u00e0 un large public francophone et couvre l\u2019information tunisienne en temps r\u00e9el.","email":"redac@webdo.tn","legalName":"YNJ SARL","foundingDate":"2010-09-06","numberOfEmployees":{"@type":"QuantitativeValue","minValue":"11","maxValue":"50"}},{"@type":"Person","@id":"https:\/\/www.webdo.tn\/fr\/#\/schema\/person\/2c4929cbf5a809e3bd38617c6ce150f6","name":"MC","image":{"@type":"ImageObject","inLanguage":"fr-FR","@id":"https:\/\/secure.gravatar.com\/avatar\/a545bbb6f84efdd5553dbbc2895e3ca8f1d12c5215e00a041c9670b54aa9b18a?s=96&d=mm&r=g","url":"https:\/\/secure.gravatar.com\/avatar\/a545bbb6f84efdd5553dbbc2895e3ca8f1d12c5215e00a041c9670b54aa9b18a?s=96&d=mm&r=g","contentUrl":"https:\/\/secure.gravatar.com\/avatar\/a545bbb6f84efdd5553dbbc2895e3ca8f1d12c5215e00a041c9670b54aa9b18a?s=96&d=mm&r=g","caption":"MC"},"url":"https:\/\/www.webdo.tn\/fr\/actualite\/author\/mc\/"}]}},"_links":{"self":[{"href":"https:\/\/www.webdo.tn\/fr\/wp-json\/wp\/v2\/posts\/203445","targetHints":{"allow":["GET"]}}],"collection":[{"href":"https:\/\/www.webdo.tn\/fr\/wp-json\/wp\/v2\/posts"}],"about":[{"href":"https:\/\/www.webdo.tn\/fr\/wp-json\/wp\/v2\/types\/post"}],"author":[{"embeddable":true,"href":"https:\/\/www.webdo.tn\/fr\/wp-json\/wp\/v2\/users\/3162"}],"replies":[{"embeddable":true,"href":"https:\/\/www.webdo.tn\/fr\/wp-json\/wp\/v2\/comments?post=203445"}],"version-history":[{"count":0,"href":"https:\/\/www.webdo.tn\/fr\/wp-json\/wp\/v2\/posts\/203445\/revisions"}],"wp:featuredmedia":[{"embeddable":true,"href":"https:\/\/www.webdo.tn\/fr\/wp-json\/wp\/v2\/media\/251863"}],"wp:attachment":[{"href":"https:\/\/www.webdo.tn\/fr\/wp-json\/wp\/v2\/media?parent=203445"}],"wp:term":[{"taxonomy":"category","embeddable":true,"href":"https:\/\/www.webdo.tn\/fr\/wp-json\/wp\/v2\/categories?post=203445"},{"taxonomy":"post_tag","embeddable":true,"href":"https:\/\/www.webdo.tn\/fr\/wp-json\/wp\/v2\/tags?post=203445"}],"curies":[{"name":"wp","href":"https:\/\/api.w.org\/{rel}","templated":true}]}}