{"id":203426,"date":"2023-02-28T14:09:00","date_gmt":"2023-02-28T14:09:00","guid":{"rendered":"https:\/\/www.webdo.tn\/fr\/blog\/la-cite-des-sciences-va-lancer-deux-cubesat\/203426\/"},"modified":"2025-05-20T22:45:14","modified_gmt":"2025-05-20T22:45:14","slug":"la-cite-des-sciences-va-lancer-deux-cubesat","status":"publish","type":"post","link":"https:\/\/www.webdo.tn\/fr\/actualite\/national\/la-cite-des-sciences-va-lancer-deux-cubesat\/203426\/","title":{"rendered":"La Cit\u00e9 des Sciences va lancer deux CubeSat"},"content":{"rendered":"<p>La Cit\u00e9 des Sciences \u00e0 Tunis (CST) s\u2019appr\u00eate \u00e0 exp\u00e9rimenter le lancement de deux CubeSat , dans les prochains jours, et ce, en coordination avec les autorit\u00e9s comp\u00e9tentes selon le directeur g\u00e9n\u00e9ral de la CST, Fathi Zagrouba.<\/p>\n<p>\t\t\t\t\t\t\t\t\tDans une d\u00e9claration \u00e0 l\u2019agence TAP, Zagrouba a signal\u00e9 qu\u2019il s&rsquo;agit de la premi\u00e8re exp\u00e9rience du genre en Tunisie dans le domaine des sciences et technologies avanc\u00e9es appliqu\u00e9es relatives au domaine de l&rsquo;astronomie et de l&rsquo;espace.<\/p>\n<p>D\u2019apr\u00e8s la m\u00eame source, dans le cadre de sa volont\u00e9 de diversifier ses programmes et de s&rsquo;adapter aux \u00e9volutions scientifiques et technologiques, la Cit\u00e9 des Sciences \u00e0 Tunis a entam\u00e9 depuis d\u00e9cembre 2022 le montage d&rsquo;un satellite CubeSat et la pr\u00e9paration de son test de lancement, dont les composants et \u00e9quipements ont \u00e9t\u00e9 re\u00e7us sous forme d&rsquo;un don chinois via le minist\u00e8re de l&rsquo;Enseignement Sup\u00e9rieur et de la Recherche Scientifique.<\/p>\n<p>\u00a0\u00bb Il s&rsquo;agit d&rsquo;une exp\u00e9rience pratique et innovante peu co\u00fbteuse et qui vise \u00e0 sensibiliser le public \u00e0 l&rsquo;importance des technologies spatiales et leurs applications et usages dans divers domaines de d\u00e9veloppement socio-\u00e9conomiques \u00ab\u00a0, a-t-il ajout\u00e9.<\/p>\n<p>Dans un premier temps, un satellite cubique sera lanc\u00e9 via un ballon sonde d&rsquo;une capacit\u00e9 de 60 litres d&rsquo;h\u00e9lium, pour s&rsquo;\u00e9lever de 40 km et atteindre la stratosph\u00e8re, lit-on dans un communiqu\u00e9 publi\u00e9 sur la page officielle de la CST.<\/p>\n","protected":false},"excerpt":{"rendered":"<p>La Cit\u00e9 des Sciences \u00e0 Tunis (CST) s\u2019appr\u00eate \u00e0 exp\u00e9rimenter le lancement de deux CubeSat , dans les prochains jours, et ce, en coordination avec les autorit\u00e9s c&#8230;<\/p>\n","protected":false},"author":3175,"featured_media":251859,"comment_status":"open","ping_status":"closed","sticky":false,"template":"","format":"standard","meta":{"footnotes":""},"categories":[44],"tags":[3621,8745,2608],"class_list":["post-203426","post","type-post","status-publish","format-standard","has-post-thumbnail","hentry","category-national","tag-cite-des-sciences","tag-cubesat","tag-tunisie"],"yoast_head":"<!-- This site is optimized with the Yoast SEO Premium plugin v27.4 (Yoast SEO v27.4) - https:\/\/yoast.com\/product\/yoast-seo-premium-wordpress\/ -->\n<title>La Cit\u00e9 des Sciences va lancer deux CubeSat<\/title>\n<meta name=\"description\" content=\"La Cit\u00e9 des Sciences \u00e0 Tunis (CST) s\u2019appr\u00eate \u00e0 exp\u00e9rimenter le lancement de deux CubeSat , dans les prochains jours, et ce, en coordination avec les autorit\u00e9s c...\" \/>\n<link rel=\"canonical\" href=\"https:\/\/www.webdo.tn\/fr\/actualite\/national\/la-cite-des-sciences-va-lancer-deux-cubesat\/203426\/\" \/>\n<meta property=\"og:locale\" content=\"fr_FR\" \/>\n<meta property=\"og:type\" content=\"article\" \/>\n<meta property=\"og:title\" content=\"La Cit\u00e9 des Sciences va lancer deux CubeSat\" \/>\n<meta property=\"og:description\" content=\"La Cit\u00e9 des Sciences \u00e0 Tunis (CST) s\u2019appr\u00eate \u00e0 exp\u00e9rimenter le lancement de deux CubeSat , dans les prochains jours, et ce, en coordination avec les autorit\u00e9s c...\" \/>\n<meta property=\"og:url\" content=\"https:\/\/www.webdo.tn\/fr\/actualite\/national\/la-cite-des-sciences-va-lancer-deux-cubesat\/203426\/\" \/>\n<meta property=\"og:site_name\" content=\"webdo\" \/>\n<meta property=\"article:publisher\" content=\"https:\/\/www.facebook.com\/webdotn\" \/>\n<meta property=\"article:published_time\" content=\"2023-02-28T14:09:00+00:00\" \/>\n<meta property=\"article:modified_time\" content=\"2025-05-20T22:45:14+00:00\" \/>\n<meta property=\"og:image\" content=\"https:\/\/www.webdo.tn\/fr\/wp-content\/uploads\/2023\/02\/ba7b6b8435f10952a4a9e312abae2c14.png\" \/>\n\t<meta property=\"og:image:width\" content=\"750\" \/>\n\t<meta property=\"og:image:height\" content=\"400\" \/>\n\t<meta property=\"og:image:type\" content=\"image\/png\" \/>\n<meta name=\"author\" content=\"CL\" \/>\n<meta name=\"twitter:card\" content=\"summary_large_image\" \/>\n<meta name=\"twitter:creator\" content=\"@webdo_tn\" \/>\n<meta name=\"twitter:site\" content=\"@webdo_tn\" \/>\n<meta name=\"twitter:label1\" content=\"\u00c9crit par\" \/>\n\t<meta name=\"twitter:data1\" content=\"CL\" \/>\n\t<meta name=\"twitter:label2\" content=\"Dur\u00e9e de lecture estim\u00e9e\" \/>\n\t<meta name=\"twitter:data2\" content=\"1 minute\" \/>\n<script type=\"application\/ld+json\" class=\"yoast-schema-graph\">{\"@context\":\"https:\\\/\\\/schema.org\",\"@graph\":[{\"@type\":\"NewsArticle\",\"@id\":\"https:\\\/\\\/www.webdo.tn\\\/fr\\\/actualite\\\/national\\\/la-cite-des-sciences-va-lancer-deux-cubesat\\\/203426\\\/#article\",\"isPartOf\":{\"@id\":\"https:\\\/\\\/www.webdo.tn\\\/fr\\\/actualite\\\/national\\\/la-cite-des-sciences-va-lancer-deux-cubesat\\\/203426\\\/\"},\"author\":{\"name\":\"CL\",\"@id\":\"https:\\\/\\\/www.webdo.tn\\\/fr\\\/#\\\/schema\\\/person\\\/f35b42a42c5e2511bbd282959d6385cc\"},\"headline\":\"La Cit\u00e9 des Sciences va lancer deux CubeSat\",\"datePublished\":\"2023-02-28T14:09:00+00:00\",\"dateModified\":\"2025-05-20T22:45:14+00:00\",\"mainEntityOfPage\":{\"@id\":\"https:\\\/\\\/www.webdo.tn\\\/fr\\\/actualite\\\/national\\\/la-cite-des-sciences-va-lancer-deux-cubesat\\\/203426\\\/\"},\"wordCount\":256,\"commentCount\":0,\"publisher\":{\"@id\":\"https:\\\/\\\/www.webdo.tn\\\/fr\\\/#organization\"},\"image\":{\"@id\":\"https:\\\/\\\/www.webdo.tn\\\/fr\\\/actualite\\\/national\\\/la-cite-des-sciences-va-lancer-deux-cubesat\\\/203426\\\/#primaryimage\"},\"thumbnailUrl\":\"https:\\\/\\\/www.webdo.tn\\\/fr\\\/wp-content\\\/uploads\\\/2023\\\/02\\\/ba7b6b8435f10952a4a9e312abae2c14.png\",\"keywords\":[\"cit\u00e9 des sciences\",\"CubeSat\",\"Tunisie\"],\"articleSection\":[\"National\"],\"inLanguage\":\"fr-FR\"},{\"@type\":\"WebPage\",\"@id\":\"https:\\\/\\\/www.webdo.tn\\\/fr\\\/actualite\\\/national\\\/la-cite-des-sciences-va-lancer-deux-cubesat\\\/203426\\\/\",\"url\":\"https:\\\/\\\/www.webdo.tn\\\/fr\\\/actualite\\\/national\\\/la-cite-des-sciences-va-lancer-deux-cubesat\\\/203426\\\/\",\"name\":\"La Cit\u00e9 des Sciences va lancer deux CubeSat\",\"isPartOf\":{\"@id\":\"https:\\\/\\\/www.webdo.tn\\\/fr\\\/#website\"},\"primaryImageOfPage\":{\"@id\":\"https:\\\/\\\/www.webdo.tn\\\/fr\\\/actualite\\\/national\\\/la-cite-des-sciences-va-lancer-deux-cubesat\\\/203426\\\/#primaryimage\"},\"image\":{\"@id\":\"https:\\\/\\\/www.webdo.tn\\\/fr\\\/actualite\\\/national\\\/la-cite-des-sciences-va-lancer-deux-cubesat\\\/203426\\\/#primaryimage\"},\"thumbnailUrl\":\"https:\\\/\\\/www.webdo.tn\\\/fr\\\/wp-content\\\/uploads\\\/2023\\\/02\\\/ba7b6b8435f10952a4a9e312abae2c14.png\",\"datePublished\":\"2023-02-28T14:09:00+00:00\",\"dateModified\":\"2025-05-20T22:45:14+00:00\",\"description\":\"La Cit\u00e9 des Sciences \u00e0 Tunis (CST) s\u2019appr\u00eate \u00e0 exp\u00e9rimenter le lancement de deux CubeSat , dans les prochains jours, et ce, en coordination avec les autorit\u00e9s c...\",\"breadcrumb\":{\"@id\":\"https:\\\/\\\/www.webdo.tn\\\/fr\\\/actualite\\\/national\\\/la-cite-des-sciences-va-lancer-deux-cubesat\\\/203426\\\/#breadcrumb\"},\"inLanguage\":\"fr-FR\",\"potentialAction\":[{\"@type\":\"ReadAction\",\"target\":[\"https:\\\/\\\/www.webdo.tn\\\/fr\\\/actualite\\\/national\\\/la-cite-des-sciences-va-lancer-deux-cubesat\\\/203426\\\/\"]}]},{\"@type\":\"ImageObject\",\"inLanguage\":\"fr-FR\",\"@id\":\"https:\\\/\\\/www.webdo.tn\\\/fr\\\/actualite\\\/national\\\/la-cite-des-sciences-va-lancer-deux-cubesat\\\/203426\\\/#primaryimage\",\"url\":\"https:\\\/\\\/www.webdo.tn\\\/fr\\\/wp-content\\\/uploads\\\/2023\\\/02\\\/ba7b6b8435f10952a4a9e312abae2c14.png\",\"contentUrl\":\"https:\\\/\\\/www.webdo.tn\\\/fr\\\/wp-content\\\/uploads\\\/2023\\\/02\\\/ba7b6b8435f10952a4a9e312abae2c14.png\",\"width\":750,\"height\":400,\"caption\":\"Cit\u00e9 des Sciences\"},{\"@type\":\"BreadcrumbList\",\"@id\":\"https:\\\/\\\/www.webdo.tn\\\/fr\\\/actualite\\\/national\\\/la-cite-des-sciences-va-lancer-deux-cubesat\\\/203426\\\/#breadcrumb\",\"itemListElement\":[{\"@type\":\"ListItem\",\"position\":1,\"name\":\"Accueil\",\"item\":\"https:\\\/\\\/www.webdo.tn\\\/fr\\\/\"},{\"@type\":\"ListItem\",\"position\":2,\"name\":\"La Cit\u00e9 des Sciences va lancer deux CubeSat\"}]},{\"@type\":\"WebSite\",\"@id\":\"https:\\\/\\\/www.webdo.tn\\\/fr\\\/#website\",\"url\":\"https:\\\/\\\/www.webdo.tn\\\/fr\\\/\",\"name\":\"webdo\",\"description\":\"Tunisie - News en Tunisie et \u00e0 l&#039;international sur Webdo.tn\",\"publisher\":{\"@id\":\"https:\\\/\\\/www.webdo.tn\\\/fr\\\/#organization\"},\"potentialAction\":[{\"@type\":\"SearchAction\",\"target\":{\"@type\":\"EntryPoint\",\"urlTemplate\":\"https:\\\/\\\/www.webdo.tn\\\/fr\\\/?s={search_term_string}\"},\"query-input\":{\"@type\":\"PropertyValueSpecification\",\"valueRequired\":true,\"valueName\":\"search_term_string\"}}],\"inLanguage\":\"fr-FR\"},{\"@type\":\"Organization\",\"@id\":\"https:\\\/\\\/www.webdo.tn\\\/fr\\\/#organization\",\"name\":\"Webdo\",\"alternateName\":\"Webdo.tn\",\"url\":\"https:\\\/\\\/www.webdo.tn\\\/fr\\\/\",\"logo\":{\"@type\":\"ImageObject\",\"inLanguage\":\"fr-FR\",\"@id\":\"https:\\\/\\\/www.webdo.tn\\\/fr\\\/#\\\/schema\\\/logo\\\/image\\\/\",\"url\":\"https:\\\/\\\/www.webdo.tn\\\/fr\\\/wp-content\\\/uploads\\\/2025\\\/06\\\/Webdo-Tunisie_168377.jpg\",\"contentUrl\":\"https:\\\/\\\/www.webdo.tn\\\/fr\\\/wp-content\\\/uploads\\\/2025\\\/06\\\/Webdo-Tunisie_168377.jpg\",\"width\":301,\"height\":301,\"caption\":\"Webdo\"},\"image\":{\"@id\":\"https:\\\/\\\/www.webdo.tn\\\/fr\\\/#\\\/schema\\\/logo\\\/image\\\/\"},\"sameAs\":[\"https:\\\/\\\/www.facebook.com\\\/webdotn\",\"https:\\\/\\\/x.com\\\/webdo_tn\"],\"description\":\"Webdo est un m\u00e9dia num\u00e9rique tunisien fond\u00e9 en 2010, sp\u00e9cialis\u00e9 dans l\u2019actualit\u00e9 nationale et internationale, l\u2019\u00e9conomie, la soci\u00e9t\u00e9 et les analyses politiques. Le site s\u2019adresse \u00e0 un large public francophone et couvre l\u2019information tunisienne en temps r\u00e9el.\",\"email\":\"redac@webdo.tn\",\"legalName\":\"YNJ SARL\",\"foundingDate\":\"2010-09-06\",\"numberOfEmployees\":{\"@type\":\"QuantitativeValue\",\"minValue\":\"11\",\"maxValue\":\"50\"}},{\"@type\":\"Person\",\"@id\":\"https:\\\/\\\/www.webdo.tn\\\/fr\\\/#\\\/schema\\\/person\\\/f35b42a42c5e2511bbd282959d6385cc\",\"name\":\"CL\",\"image\":{\"@type\":\"ImageObject\",\"inLanguage\":\"fr-FR\",\"@id\":\"https:\\\/\\\/secure.gravatar.com\\\/avatar\\\/1447a49909b67aa657c488aec6512e1dd6143a480c1ecfee9b5b5cd74eb3b59e?s=96&d=mm&r=g\",\"url\":\"https:\\\/\\\/secure.gravatar.com\\\/avatar\\\/1447a49909b67aa657c488aec6512e1dd6143a480c1ecfee9b5b5cd74eb3b59e?s=96&d=mm&r=g\",\"contentUrl\":\"https:\\\/\\\/secure.gravatar.com\\\/avatar\\\/1447a49909b67aa657c488aec6512e1dd6143a480c1ecfee9b5b5cd74eb3b59e?s=96&d=mm&r=g\",\"caption\":\"CL\"},\"url\":\"https:\\\/\\\/www.webdo.tn\\\/fr\\\/actualite\\\/author\\\/cl\\\/\"}]}<\/script>\n<!-- \/ Yoast SEO Premium plugin. -->","yoast_head_json":{"title":"La Cit\u00e9 des Sciences va lancer deux CubeSat","description":"La Cit\u00e9 des Sciences \u00e0 Tunis (CST) s\u2019appr\u00eate \u00e0 exp\u00e9rimenter le lancement de deux CubeSat , dans les prochains jours, et ce, en coordination avec les autorit\u00e9s c...","canonical":"https:\/\/www.webdo.tn\/fr\/actualite\/national\/la-cite-des-sciences-va-lancer-deux-cubesat\/203426\/","og_locale":"fr_FR","og_type":"article","og_title":"La Cit\u00e9 des Sciences va lancer deux CubeSat","og_description":"La Cit\u00e9 des Sciences \u00e0 Tunis (CST) s\u2019appr\u00eate \u00e0 exp\u00e9rimenter le lancement de deux CubeSat , dans les prochains jours, et ce, en coordination avec les autorit\u00e9s c...","og_url":"https:\/\/www.webdo.tn\/fr\/actualite\/national\/la-cite-des-sciences-va-lancer-deux-cubesat\/203426\/","og_site_name":"webdo","article_publisher":"https:\/\/www.facebook.com\/webdotn","article_published_time":"2023-02-28T14:09:00+00:00","article_modified_time":"2025-05-20T22:45:14+00:00","og_image":[{"width":750,"height":400,"url":"https:\/\/www.webdo.tn\/fr\/wp-content\/uploads\/2023\/02\/ba7b6b8435f10952a4a9e312abae2c14.png","type":"image\/png"}],"author":"CL","twitter_card":"summary_large_image","twitter_creator":"@webdo_tn","twitter_site":"@webdo_tn","twitter_misc":{"\u00c9crit par":"CL","Dur\u00e9e de lecture estim\u00e9e":"1 minute"},"schema":{"@context":"https:\/\/schema.org","@graph":[{"@type":"NewsArticle","@id":"https:\/\/www.webdo.tn\/fr\/actualite\/national\/la-cite-des-sciences-va-lancer-deux-cubesat\/203426\/#article","isPartOf":{"@id":"https:\/\/www.webdo.tn\/fr\/actualite\/national\/la-cite-des-sciences-va-lancer-deux-cubesat\/203426\/"},"author":{"name":"CL","@id":"https:\/\/www.webdo.tn\/fr\/#\/schema\/person\/f35b42a42c5e2511bbd282959d6385cc"},"headline":"La Cit\u00e9 des Sciences va lancer deux CubeSat","datePublished":"2023-02-28T14:09:00+00:00","dateModified":"2025-05-20T22:45:14+00:00","mainEntityOfPage":{"@id":"https:\/\/www.webdo.tn\/fr\/actualite\/national\/la-cite-des-sciences-va-lancer-deux-cubesat\/203426\/"},"wordCount":256,"commentCount":0,"publisher":{"@id":"https:\/\/www.webdo.tn\/fr\/#organization"},"image":{"@id":"https:\/\/www.webdo.tn\/fr\/actualite\/national\/la-cite-des-sciences-va-lancer-deux-cubesat\/203426\/#primaryimage"},"thumbnailUrl":"https:\/\/www.webdo.tn\/fr\/wp-content\/uploads\/2023\/02\/ba7b6b8435f10952a4a9e312abae2c14.png","keywords":["cit\u00e9 des sciences","CubeSat","Tunisie"],"articleSection":["National"],"inLanguage":"fr-FR"},{"@type":"WebPage","@id":"https:\/\/www.webdo.tn\/fr\/actualite\/national\/la-cite-des-sciences-va-lancer-deux-cubesat\/203426\/","url":"https:\/\/www.webdo.tn\/fr\/actualite\/national\/la-cite-des-sciences-va-lancer-deux-cubesat\/203426\/","name":"La Cit\u00e9 des Sciences va lancer deux CubeSat","isPartOf":{"@id":"https:\/\/www.webdo.tn\/fr\/#website"},"primaryImageOfPage":{"@id":"https:\/\/www.webdo.tn\/fr\/actualite\/national\/la-cite-des-sciences-va-lancer-deux-cubesat\/203426\/#primaryimage"},"image":{"@id":"https:\/\/www.webdo.tn\/fr\/actualite\/national\/la-cite-des-sciences-va-lancer-deux-cubesat\/203426\/#primaryimage"},"thumbnailUrl":"https:\/\/www.webdo.tn\/fr\/wp-content\/uploads\/2023\/02\/ba7b6b8435f10952a4a9e312abae2c14.png","datePublished":"2023-02-28T14:09:00+00:00","dateModified":"2025-05-20T22:45:14+00:00","description":"La Cit\u00e9 des Sciences \u00e0 Tunis (CST) s\u2019appr\u00eate \u00e0 exp\u00e9rimenter le lancement de deux CubeSat , dans les prochains jours, et ce, en coordination avec les autorit\u00e9s c...","breadcrumb":{"@id":"https:\/\/www.webdo.tn\/fr\/actualite\/national\/la-cite-des-sciences-va-lancer-deux-cubesat\/203426\/#breadcrumb"},"inLanguage":"fr-FR","potentialAction":[{"@type":"ReadAction","target":["https:\/\/www.webdo.tn\/fr\/actualite\/national\/la-cite-des-sciences-va-lancer-deux-cubesat\/203426\/"]}]},{"@type":"ImageObject","inLanguage":"fr-FR","@id":"https:\/\/www.webdo.tn\/fr\/actualite\/national\/la-cite-des-sciences-va-lancer-deux-cubesat\/203426\/#primaryimage","url":"https:\/\/www.webdo.tn\/fr\/wp-content\/uploads\/2023\/02\/ba7b6b8435f10952a4a9e312abae2c14.png","contentUrl":"https:\/\/www.webdo.tn\/fr\/wp-content\/uploads\/2023\/02\/ba7b6b8435f10952a4a9e312abae2c14.png","width":750,"height":400,"caption":"Cit\u00e9 des Sciences"},{"@type":"BreadcrumbList","@id":"https:\/\/www.webdo.tn\/fr\/actualite\/national\/la-cite-des-sciences-va-lancer-deux-cubesat\/203426\/#breadcrumb","itemListElement":[{"@type":"ListItem","position":1,"name":"Accueil","item":"https:\/\/www.webdo.tn\/fr\/"},{"@type":"ListItem","position":2,"name":"La Cit\u00e9 des Sciences va lancer deux CubeSat"}]},{"@type":"WebSite","@id":"https:\/\/www.webdo.tn\/fr\/#website","url":"https:\/\/www.webdo.tn\/fr\/","name":"webdo","description":"Tunisie - News en Tunisie et \u00e0 l&#039;international sur Webdo.tn","publisher":{"@id":"https:\/\/www.webdo.tn\/fr\/#organization"},"potentialAction":[{"@type":"SearchAction","target":{"@type":"EntryPoint","urlTemplate":"https:\/\/www.webdo.tn\/fr\/?s={search_term_string}"},"query-input":{"@type":"PropertyValueSpecification","valueRequired":true,"valueName":"search_term_string"}}],"inLanguage":"fr-FR"},{"@type":"Organization","@id":"https:\/\/www.webdo.tn\/fr\/#organization","name":"Webdo","alternateName":"Webdo.tn","url":"https:\/\/www.webdo.tn\/fr\/","logo":{"@type":"ImageObject","inLanguage":"fr-FR","@id":"https:\/\/www.webdo.tn\/fr\/#\/schema\/logo\/image\/","url":"https:\/\/www.webdo.tn\/fr\/wp-content\/uploads\/2025\/06\/Webdo-Tunisie_168377.jpg","contentUrl":"https:\/\/www.webdo.tn\/fr\/wp-content\/uploads\/2025\/06\/Webdo-Tunisie_168377.jpg","width":301,"height":301,"caption":"Webdo"},"image":{"@id":"https:\/\/www.webdo.tn\/fr\/#\/schema\/logo\/image\/"},"sameAs":["https:\/\/www.facebook.com\/webdotn","https:\/\/x.com\/webdo_tn"],"description":"Webdo est un m\u00e9dia num\u00e9rique tunisien fond\u00e9 en 2010, sp\u00e9cialis\u00e9 dans l\u2019actualit\u00e9 nationale et internationale, l\u2019\u00e9conomie, la soci\u00e9t\u00e9 et les analyses politiques. Le site s\u2019adresse \u00e0 un large public francophone et couvre l\u2019information tunisienne en temps r\u00e9el.","email":"redac@webdo.tn","legalName":"YNJ SARL","foundingDate":"2010-09-06","numberOfEmployees":{"@type":"QuantitativeValue","minValue":"11","maxValue":"50"}},{"@type":"Person","@id":"https:\/\/www.webdo.tn\/fr\/#\/schema\/person\/f35b42a42c5e2511bbd282959d6385cc","name":"CL","image":{"@type":"ImageObject","inLanguage":"fr-FR","@id":"https:\/\/secure.gravatar.com\/avatar\/1447a49909b67aa657c488aec6512e1dd6143a480c1ecfee9b5b5cd74eb3b59e?s=96&d=mm&r=g","url":"https:\/\/secure.gravatar.com\/avatar\/1447a49909b67aa657c488aec6512e1dd6143a480c1ecfee9b5b5cd74eb3b59e?s=96&d=mm&r=g","contentUrl":"https:\/\/secure.gravatar.com\/avatar\/1447a49909b67aa657c488aec6512e1dd6143a480c1ecfee9b5b5cd74eb3b59e?s=96&d=mm&r=g","caption":"CL"},"url":"https:\/\/www.webdo.tn\/fr\/actualite\/author\/cl\/"}]}},"_links":{"self":[{"href":"https:\/\/www.webdo.tn\/fr\/wp-json\/wp\/v2\/posts\/203426","targetHints":{"allow":["GET"]}}],"collection":[{"href":"https:\/\/www.webdo.tn\/fr\/wp-json\/wp\/v2\/posts"}],"about":[{"href":"https:\/\/www.webdo.tn\/fr\/wp-json\/wp\/v2\/types\/post"}],"author":[{"embeddable":true,"href":"https:\/\/www.webdo.tn\/fr\/wp-json\/wp\/v2\/users\/3175"}],"replies":[{"embeddable":true,"href":"https:\/\/www.webdo.tn\/fr\/wp-json\/wp\/v2\/comments?post=203426"}],"version-history":[{"count":0,"href":"https:\/\/www.webdo.tn\/fr\/wp-json\/wp\/v2\/posts\/203426\/revisions"}],"wp:featuredmedia":[{"embeddable":true,"href":"https:\/\/www.webdo.tn\/fr\/wp-json\/wp\/v2\/media\/251859"}],"wp:attachment":[{"href":"https:\/\/www.webdo.tn\/fr\/wp-json\/wp\/v2\/media?parent=203426"}],"wp:term":[{"taxonomy":"category","embeddable":true,"href":"https:\/\/www.webdo.tn\/fr\/wp-json\/wp\/v2\/categories?post=203426"},{"taxonomy":"post_tag","embeddable":true,"href":"https:\/\/www.webdo.tn\/fr\/wp-json\/wp\/v2\/tags?post=203426"}],"curies":[{"name":"wp","href":"https:\/\/api.w.org\/{rel}","templated":true}]}}