{"id":203424,"date":"2023-02-28T13:12:00","date_gmt":"2023-02-28T13:12:00","guid":{"rendered":"https:\/\/www.webdo.tn\/fr\/blog\/subsahariens-la-tunisie-ne-s-excusera-pas\/203424\/"},"modified":"2025-05-20T22:45:13","modified_gmt":"2025-05-20T22:45:13","slug":"subsahariens-la-tunisie-ne-s-excusera-pas","status":"publish","type":"post","link":"https:\/\/www.webdo.tn\/fr\/actualite\/national\/subsahariens-la-tunisie-ne-s-excusera-pas\/203424\/","title":{"rendered":"Subsahariens : La Tunisie ne s\u2019excusera pas"},"content":{"rendered":"<p>Lors d\u2019un entretien accord\u00e9 \u00e0 l\u2019AFP, le ministre des Affaires \u00e9trang\u00e8res Nabil Ammar est revenu sur la pol\u00e9mique autour des Subsahariens en Tunisie.<\/p>\n<p>\t\t\t\t\t\t\t\t\t\u00abCela fait quelques jours que cela s&rsquo;est produit et il faut maintenant garder la t\u00eate froide, il faut apaiser, et les messages d&rsquo;apaisement ont d\u00e9j\u00e0 \u00e9t\u00e9 transmis par les canaux officiels et autres\u00bb, a-t-il d\u00e9clar\u00e9.\u00a0<\/p>\n<p>Le ministre a affirm\u00e9 que la Tunisie ne \u00abs\u2019excusera pas\u00bb. \u00abNon, il n&rsquo;est pas question d&rsquo;excuses du tout, nous n&rsquo;avons port\u00e9 atteinte \u00e0 personne\u00bb, a-t-il dit.<\/p>\n<p>\u00abPour les migrants qui sont l\u00e9gaux, il n&rsquo;y a aucun probl\u00e8me. Au contraire, nous en voulons plus\u00bb, a d\u00e9clar\u00e9 Nabil Ammar. \u00abEt les migrants ill\u00e9gaux sont appel\u00e9s \u00e0 retourner chez eux mais dans le respect de leurs droits et de leur dignit\u00e9\u00bb, a-t-il ajout\u00e9.<\/p>\n","protected":false},"excerpt":{"rendered":"<p>Lors d\u2019un entretien accord\u00e9 \u00e0 l\u2019AFP, le ministre des Affaires \u00e9trang\u00e8res Nabil Ammar est revenu sur la pol\u00e9mique autour des Subsahariens en Tunisie.<\/p>\n","protected":false},"author":3175,"featured_media":251857,"comment_status":"open","ping_status":"closed","sticky":false,"template":"","format":"standard","meta":{"footnotes":""},"categories":[44],"tags":[3377,2608],"class_list":["post-203424","post","type-post","status-publish","format-standard","has-post-thumbnail","hentry","category-national","tag-subsahariens","tag-tunisie"],"yoast_head":"<!-- This site is optimized with the Yoast SEO Premium plugin v27.4 (Yoast SEO v27.4) - https:\/\/yoast.com\/product\/yoast-seo-premium-wordpress\/ -->\n<title>Subsahariens : La Tunisie ne s\u2019excusera pas<\/title>\n<meta name=\"description\" content=\"Lors d\u2019un entretien accord\u00e9 \u00e0 l\u2019AFP, le ministre des Affaires \u00e9trang\u00e8res Nabil Ammar est revenu sur la pol\u00e9mique autour des Subsahariens en Tunisie.\" \/>\n<link rel=\"canonical\" href=\"https:\/\/www.webdo.tn\/fr\/actualite\/national\/subsahariens-la-tunisie-ne-s-excusera-pas\/203424\/\" \/>\n<meta property=\"og:locale\" content=\"fr_FR\" \/>\n<meta property=\"og:type\" content=\"article\" \/>\n<meta property=\"og:title\" content=\"Subsahariens : La Tunisie ne s\u2019excusera pas\" \/>\n<meta property=\"og:description\" content=\"Lors d\u2019un entretien accord\u00e9 \u00e0 l\u2019AFP, le ministre des Affaires \u00e9trang\u00e8res Nabil Ammar est revenu sur la pol\u00e9mique autour des Subsahariens en Tunisie.\" \/>\n<meta property=\"og:url\" content=\"https:\/\/www.webdo.tn\/fr\/actualite\/national\/subsahariens-la-tunisie-ne-s-excusera-pas\/203424\/\" \/>\n<meta property=\"og:site_name\" content=\"webdo\" \/>\n<meta property=\"article:publisher\" content=\"https:\/\/www.facebook.com\/webdotn\" \/>\n<meta property=\"article:published_time\" content=\"2023-02-28T13:12:00+00:00\" \/>\n<meta property=\"article:modified_time\" content=\"2025-05-20T22:45:13+00:00\" \/>\n<meta property=\"og:image\" content=\"https:\/\/www.webdo.tn\/fr\/wp-content\/uploads\/2023\/02\/e8f9aa9400c0a1d76b450a5bd6169bb6.jpg\" \/>\n\t<meta property=\"og:image:width\" content=\"750\" \/>\n\t<meta property=\"og:image:height\" content=\"400\" \/>\n\t<meta property=\"og:image:type\" content=\"image\/jpeg\" \/>\n<meta name=\"author\" content=\"CL\" \/>\n<meta name=\"twitter:card\" content=\"summary_large_image\" \/>\n<meta name=\"twitter:creator\" content=\"@webdo_tn\" \/>\n<meta name=\"twitter:site\" content=\"@webdo_tn\" \/>\n<meta name=\"twitter:label1\" content=\"\u00c9crit par\" \/>\n\t<meta name=\"twitter:data1\" content=\"CL\" \/>\n\t<meta name=\"twitter:label2\" content=\"Dur\u00e9e de lecture estim\u00e9e\" \/>\n\t<meta name=\"twitter:data2\" content=\"1 minute\" \/>\n<script type=\"application\/ld+json\" class=\"yoast-schema-graph\">{\"@context\":\"https:\\\/\\\/schema.org\",\"@graph\":[{\"@type\":\"NewsArticle\",\"@id\":\"https:\\\/\\\/www.webdo.tn\\\/fr\\\/actualite\\\/national\\\/subsahariens-la-tunisie-ne-s-excusera-pas\\\/203424\\\/#article\",\"isPartOf\":{\"@id\":\"https:\\\/\\\/www.webdo.tn\\\/fr\\\/actualite\\\/national\\\/subsahariens-la-tunisie-ne-s-excusera-pas\\\/203424\\\/\"},\"author\":{\"name\":\"CL\",\"@id\":\"https:\\\/\\\/www.webdo.tn\\\/fr\\\/#\\\/schema\\\/person\\\/f35b42a42c5e2511bbd282959d6385cc\"},\"headline\":\"Subsahariens : La Tunisie ne s\u2019excusera pas\",\"datePublished\":\"2023-02-28T13:12:00+00:00\",\"dateModified\":\"2025-05-20T22:45:13+00:00\",\"mainEntityOfPage\":{\"@id\":\"https:\\\/\\\/www.webdo.tn\\\/fr\\\/actualite\\\/national\\\/subsahariens-la-tunisie-ne-s-excusera-pas\\\/203424\\\/\"},\"wordCount\":151,\"commentCount\":0,\"publisher\":{\"@id\":\"https:\\\/\\\/www.webdo.tn\\\/fr\\\/#organization\"},\"image\":{\"@id\":\"https:\\\/\\\/www.webdo.tn\\\/fr\\\/actualite\\\/national\\\/subsahariens-la-tunisie-ne-s-excusera-pas\\\/203424\\\/#primaryimage\"},\"thumbnailUrl\":\"https:\\\/\\\/www.webdo.tn\\\/fr\\\/wp-content\\\/uploads\\\/2023\\\/02\\\/e8f9aa9400c0a1d76b450a5bd6169bb6.jpg\",\"keywords\":[\"Subsahariens\",\"Tunisie\"],\"articleSection\":[\"National\"],\"inLanguage\":\"fr-FR\"},{\"@type\":\"WebPage\",\"@id\":\"https:\\\/\\\/www.webdo.tn\\\/fr\\\/actualite\\\/national\\\/subsahariens-la-tunisie-ne-s-excusera-pas\\\/203424\\\/\",\"url\":\"https:\\\/\\\/www.webdo.tn\\\/fr\\\/actualite\\\/national\\\/subsahariens-la-tunisie-ne-s-excusera-pas\\\/203424\\\/\",\"name\":\"Subsahariens : La Tunisie ne s\u2019excusera pas\",\"isPartOf\":{\"@id\":\"https:\\\/\\\/www.webdo.tn\\\/fr\\\/#website\"},\"primaryImageOfPage\":{\"@id\":\"https:\\\/\\\/www.webdo.tn\\\/fr\\\/actualite\\\/national\\\/subsahariens-la-tunisie-ne-s-excusera-pas\\\/203424\\\/#primaryimage\"},\"image\":{\"@id\":\"https:\\\/\\\/www.webdo.tn\\\/fr\\\/actualite\\\/national\\\/subsahariens-la-tunisie-ne-s-excusera-pas\\\/203424\\\/#primaryimage\"},\"thumbnailUrl\":\"https:\\\/\\\/www.webdo.tn\\\/fr\\\/wp-content\\\/uploads\\\/2023\\\/02\\\/e8f9aa9400c0a1d76b450a5bd6169bb6.jpg\",\"datePublished\":\"2023-02-28T13:12:00+00:00\",\"dateModified\":\"2025-05-20T22:45:13+00:00\",\"description\":\"Lors d\u2019un entretien accord\u00e9 \u00e0 l\u2019AFP, le ministre des Affaires \u00e9trang\u00e8res Nabil Ammar est revenu sur la pol\u00e9mique autour des Subsahariens en Tunisie.\",\"breadcrumb\":{\"@id\":\"https:\\\/\\\/www.webdo.tn\\\/fr\\\/actualite\\\/national\\\/subsahariens-la-tunisie-ne-s-excusera-pas\\\/203424\\\/#breadcrumb\"},\"inLanguage\":\"fr-FR\",\"potentialAction\":[{\"@type\":\"ReadAction\",\"target\":[\"https:\\\/\\\/www.webdo.tn\\\/fr\\\/actualite\\\/national\\\/subsahariens-la-tunisie-ne-s-excusera-pas\\\/203424\\\/\"]}]},{\"@type\":\"ImageObject\",\"inLanguage\":\"fr-FR\",\"@id\":\"https:\\\/\\\/www.webdo.tn\\\/fr\\\/actualite\\\/national\\\/subsahariens-la-tunisie-ne-s-excusera-pas\\\/203424\\\/#primaryimage\",\"url\":\"https:\\\/\\\/www.webdo.tn\\\/fr\\\/wp-content\\\/uploads\\\/2023\\\/02\\\/e8f9aa9400c0a1d76b450a5bd6169bb6.jpg\",\"contentUrl\":\"https:\\\/\\\/www.webdo.tn\\\/fr\\\/wp-content\\\/uploads\\\/2023\\\/02\\\/e8f9aa9400c0a1d76b450a5bd6169bb6.jpg\",\"width\":750,\"height\":400,\"caption\":\"Nabil Ammar\"},{\"@type\":\"BreadcrumbList\",\"@id\":\"https:\\\/\\\/www.webdo.tn\\\/fr\\\/actualite\\\/national\\\/subsahariens-la-tunisie-ne-s-excusera-pas\\\/203424\\\/#breadcrumb\",\"itemListElement\":[{\"@type\":\"ListItem\",\"position\":1,\"name\":\"Accueil\",\"item\":\"https:\\\/\\\/www.webdo.tn\\\/fr\\\/\"},{\"@type\":\"ListItem\",\"position\":2,\"name\":\"Subsahariens : La Tunisie ne s\u2019excusera pas\"}]},{\"@type\":\"WebSite\",\"@id\":\"https:\\\/\\\/www.webdo.tn\\\/fr\\\/#website\",\"url\":\"https:\\\/\\\/www.webdo.tn\\\/fr\\\/\",\"name\":\"webdo\",\"description\":\"Tunisie - News en Tunisie et \u00e0 l&#039;international sur Webdo.tn\",\"publisher\":{\"@id\":\"https:\\\/\\\/www.webdo.tn\\\/fr\\\/#organization\"},\"potentialAction\":[{\"@type\":\"SearchAction\",\"target\":{\"@type\":\"EntryPoint\",\"urlTemplate\":\"https:\\\/\\\/www.webdo.tn\\\/fr\\\/?s={search_term_string}\"},\"query-input\":{\"@type\":\"PropertyValueSpecification\",\"valueRequired\":true,\"valueName\":\"search_term_string\"}}],\"inLanguage\":\"fr-FR\"},{\"@type\":\"Organization\",\"@id\":\"https:\\\/\\\/www.webdo.tn\\\/fr\\\/#organization\",\"name\":\"Webdo\",\"alternateName\":\"Webdo.tn\",\"url\":\"https:\\\/\\\/www.webdo.tn\\\/fr\\\/\",\"logo\":{\"@type\":\"ImageObject\",\"inLanguage\":\"fr-FR\",\"@id\":\"https:\\\/\\\/www.webdo.tn\\\/fr\\\/#\\\/schema\\\/logo\\\/image\\\/\",\"url\":\"https:\\\/\\\/www.webdo.tn\\\/fr\\\/wp-content\\\/uploads\\\/2025\\\/06\\\/Webdo-Tunisie_168377.jpg\",\"contentUrl\":\"https:\\\/\\\/www.webdo.tn\\\/fr\\\/wp-content\\\/uploads\\\/2025\\\/06\\\/Webdo-Tunisie_168377.jpg\",\"width\":301,\"height\":301,\"caption\":\"Webdo\"},\"image\":{\"@id\":\"https:\\\/\\\/www.webdo.tn\\\/fr\\\/#\\\/schema\\\/logo\\\/image\\\/\"},\"sameAs\":[\"https:\\\/\\\/www.facebook.com\\\/webdotn\",\"https:\\\/\\\/x.com\\\/webdo_tn\"],\"description\":\"Webdo est un m\u00e9dia num\u00e9rique tunisien fond\u00e9 en 2010, sp\u00e9cialis\u00e9 dans l\u2019actualit\u00e9 nationale et internationale, l\u2019\u00e9conomie, la soci\u00e9t\u00e9 et les analyses politiques. Le site s\u2019adresse \u00e0 un large public francophone et couvre l\u2019information tunisienne en temps r\u00e9el.\",\"email\":\"redac@webdo.tn\",\"legalName\":\"YNJ SARL\",\"foundingDate\":\"2010-09-06\",\"numberOfEmployees\":{\"@type\":\"QuantitativeValue\",\"minValue\":\"11\",\"maxValue\":\"50\"}},{\"@type\":\"Person\",\"@id\":\"https:\\\/\\\/www.webdo.tn\\\/fr\\\/#\\\/schema\\\/person\\\/f35b42a42c5e2511bbd282959d6385cc\",\"name\":\"CL\",\"image\":{\"@type\":\"ImageObject\",\"inLanguage\":\"fr-FR\",\"@id\":\"https:\\\/\\\/secure.gravatar.com\\\/avatar\\\/1447a49909b67aa657c488aec6512e1dd6143a480c1ecfee9b5b5cd74eb3b59e?s=96&d=mm&r=g\",\"url\":\"https:\\\/\\\/secure.gravatar.com\\\/avatar\\\/1447a49909b67aa657c488aec6512e1dd6143a480c1ecfee9b5b5cd74eb3b59e?s=96&d=mm&r=g\",\"contentUrl\":\"https:\\\/\\\/secure.gravatar.com\\\/avatar\\\/1447a49909b67aa657c488aec6512e1dd6143a480c1ecfee9b5b5cd74eb3b59e?s=96&d=mm&r=g\",\"caption\":\"CL\"},\"url\":\"https:\\\/\\\/www.webdo.tn\\\/fr\\\/actualite\\\/author\\\/cl\\\/\"}]}<\/script>\n<!-- \/ Yoast SEO Premium plugin. -->","yoast_head_json":{"title":"Subsahariens : La Tunisie ne s\u2019excusera pas","description":"Lors d\u2019un entretien accord\u00e9 \u00e0 l\u2019AFP, le ministre des Affaires \u00e9trang\u00e8res Nabil Ammar est revenu sur la pol\u00e9mique autour des Subsahariens en Tunisie.","canonical":"https:\/\/www.webdo.tn\/fr\/actualite\/national\/subsahariens-la-tunisie-ne-s-excusera-pas\/203424\/","og_locale":"fr_FR","og_type":"article","og_title":"Subsahariens : La Tunisie ne s\u2019excusera pas","og_description":"Lors d\u2019un entretien accord\u00e9 \u00e0 l\u2019AFP, le ministre des Affaires \u00e9trang\u00e8res Nabil Ammar est revenu sur la pol\u00e9mique autour des Subsahariens en Tunisie.","og_url":"https:\/\/www.webdo.tn\/fr\/actualite\/national\/subsahariens-la-tunisie-ne-s-excusera-pas\/203424\/","og_site_name":"webdo","article_publisher":"https:\/\/www.facebook.com\/webdotn","article_published_time":"2023-02-28T13:12:00+00:00","article_modified_time":"2025-05-20T22:45:13+00:00","og_image":[{"width":750,"height":400,"url":"https:\/\/www.webdo.tn\/fr\/wp-content\/uploads\/2023\/02\/e8f9aa9400c0a1d76b450a5bd6169bb6.jpg","type":"image\/jpeg"}],"author":"CL","twitter_card":"summary_large_image","twitter_creator":"@webdo_tn","twitter_site":"@webdo_tn","twitter_misc":{"\u00c9crit par":"CL","Dur\u00e9e de lecture estim\u00e9e":"1 minute"},"schema":{"@context":"https:\/\/schema.org","@graph":[{"@type":"NewsArticle","@id":"https:\/\/www.webdo.tn\/fr\/actualite\/national\/subsahariens-la-tunisie-ne-s-excusera-pas\/203424\/#article","isPartOf":{"@id":"https:\/\/www.webdo.tn\/fr\/actualite\/national\/subsahariens-la-tunisie-ne-s-excusera-pas\/203424\/"},"author":{"name":"CL","@id":"https:\/\/www.webdo.tn\/fr\/#\/schema\/person\/f35b42a42c5e2511bbd282959d6385cc"},"headline":"Subsahariens : La Tunisie ne s\u2019excusera pas","datePublished":"2023-02-28T13:12:00+00:00","dateModified":"2025-05-20T22:45:13+00:00","mainEntityOfPage":{"@id":"https:\/\/www.webdo.tn\/fr\/actualite\/national\/subsahariens-la-tunisie-ne-s-excusera-pas\/203424\/"},"wordCount":151,"commentCount":0,"publisher":{"@id":"https:\/\/www.webdo.tn\/fr\/#organization"},"image":{"@id":"https:\/\/www.webdo.tn\/fr\/actualite\/national\/subsahariens-la-tunisie-ne-s-excusera-pas\/203424\/#primaryimage"},"thumbnailUrl":"https:\/\/www.webdo.tn\/fr\/wp-content\/uploads\/2023\/02\/e8f9aa9400c0a1d76b450a5bd6169bb6.jpg","keywords":["Subsahariens","Tunisie"],"articleSection":["National"],"inLanguage":"fr-FR"},{"@type":"WebPage","@id":"https:\/\/www.webdo.tn\/fr\/actualite\/national\/subsahariens-la-tunisie-ne-s-excusera-pas\/203424\/","url":"https:\/\/www.webdo.tn\/fr\/actualite\/national\/subsahariens-la-tunisie-ne-s-excusera-pas\/203424\/","name":"Subsahariens : La Tunisie ne s\u2019excusera pas","isPartOf":{"@id":"https:\/\/www.webdo.tn\/fr\/#website"},"primaryImageOfPage":{"@id":"https:\/\/www.webdo.tn\/fr\/actualite\/national\/subsahariens-la-tunisie-ne-s-excusera-pas\/203424\/#primaryimage"},"image":{"@id":"https:\/\/www.webdo.tn\/fr\/actualite\/national\/subsahariens-la-tunisie-ne-s-excusera-pas\/203424\/#primaryimage"},"thumbnailUrl":"https:\/\/www.webdo.tn\/fr\/wp-content\/uploads\/2023\/02\/e8f9aa9400c0a1d76b450a5bd6169bb6.jpg","datePublished":"2023-02-28T13:12:00+00:00","dateModified":"2025-05-20T22:45:13+00:00","description":"Lors d\u2019un entretien accord\u00e9 \u00e0 l\u2019AFP, le ministre des Affaires \u00e9trang\u00e8res Nabil Ammar est revenu sur la pol\u00e9mique autour des Subsahariens en Tunisie.","breadcrumb":{"@id":"https:\/\/www.webdo.tn\/fr\/actualite\/national\/subsahariens-la-tunisie-ne-s-excusera-pas\/203424\/#breadcrumb"},"inLanguage":"fr-FR","potentialAction":[{"@type":"ReadAction","target":["https:\/\/www.webdo.tn\/fr\/actualite\/national\/subsahariens-la-tunisie-ne-s-excusera-pas\/203424\/"]}]},{"@type":"ImageObject","inLanguage":"fr-FR","@id":"https:\/\/www.webdo.tn\/fr\/actualite\/national\/subsahariens-la-tunisie-ne-s-excusera-pas\/203424\/#primaryimage","url":"https:\/\/www.webdo.tn\/fr\/wp-content\/uploads\/2023\/02\/e8f9aa9400c0a1d76b450a5bd6169bb6.jpg","contentUrl":"https:\/\/www.webdo.tn\/fr\/wp-content\/uploads\/2023\/02\/e8f9aa9400c0a1d76b450a5bd6169bb6.jpg","width":750,"height":400,"caption":"Nabil Ammar"},{"@type":"BreadcrumbList","@id":"https:\/\/www.webdo.tn\/fr\/actualite\/national\/subsahariens-la-tunisie-ne-s-excusera-pas\/203424\/#breadcrumb","itemListElement":[{"@type":"ListItem","position":1,"name":"Accueil","item":"https:\/\/www.webdo.tn\/fr\/"},{"@type":"ListItem","position":2,"name":"Subsahariens : La Tunisie ne s\u2019excusera pas"}]},{"@type":"WebSite","@id":"https:\/\/www.webdo.tn\/fr\/#website","url":"https:\/\/www.webdo.tn\/fr\/","name":"webdo","description":"Tunisie - News en Tunisie et \u00e0 l&#039;international sur Webdo.tn","publisher":{"@id":"https:\/\/www.webdo.tn\/fr\/#organization"},"potentialAction":[{"@type":"SearchAction","target":{"@type":"EntryPoint","urlTemplate":"https:\/\/www.webdo.tn\/fr\/?s={search_term_string}"},"query-input":{"@type":"PropertyValueSpecification","valueRequired":true,"valueName":"search_term_string"}}],"inLanguage":"fr-FR"},{"@type":"Organization","@id":"https:\/\/www.webdo.tn\/fr\/#organization","name":"Webdo","alternateName":"Webdo.tn","url":"https:\/\/www.webdo.tn\/fr\/","logo":{"@type":"ImageObject","inLanguage":"fr-FR","@id":"https:\/\/www.webdo.tn\/fr\/#\/schema\/logo\/image\/","url":"https:\/\/www.webdo.tn\/fr\/wp-content\/uploads\/2025\/06\/Webdo-Tunisie_168377.jpg","contentUrl":"https:\/\/www.webdo.tn\/fr\/wp-content\/uploads\/2025\/06\/Webdo-Tunisie_168377.jpg","width":301,"height":301,"caption":"Webdo"},"image":{"@id":"https:\/\/www.webdo.tn\/fr\/#\/schema\/logo\/image\/"},"sameAs":["https:\/\/www.facebook.com\/webdotn","https:\/\/x.com\/webdo_tn"],"description":"Webdo est un m\u00e9dia num\u00e9rique tunisien fond\u00e9 en 2010, sp\u00e9cialis\u00e9 dans l\u2019actualit\u00e9 nationale et internationale, l\u2019\u00e9conomie, la soci\u00e9t\u00e9 et les analyses politiques. Le site s\u2019adresse \u00e0 un large public francophone et couvre l\u2019information tunisienne en temps r\u00e9el.","email":"redac@webdo.tn","legalName":"YNJ SARL","foundingDate":"2010-09-06","numberOfEmployees":{"@type":"QuantitativeValue","minValue":"11","maxValue":"50"}},{"@type":"Person","@id":"https:\/\/www.webdo.tn\/fr\/#\/schema\/person\/f35b42a42c5e2511bbd282959d6385cc","name":"CL","image":{"@type":"ImageObject","inLanguage":"fr-FR","@id":"https:\/\/secure.gravatar.com\/avatar\/1447a49909b67aa657c488aec6512e1dd6143a480c1ecfee9b5b5cd74eb3b59e?s=96&d=mm&r=g","url":"https:\/\/secure.gravatar.com\/avatar\/1447a49909b67aa657c488aec6512e1dd6143a480c1ecfee9b5b5cd74eb3b59e?s=96&d=mm&r=g","contentUrl":"https:\/\/secure.gravatar.com\/avatar\/1447a49909b67aa657c488aec6512e1dd6143a480c1ecfee9b5b5cd74eb3b59e?s=96&d=mm&r=g","caption":"CL"},"url":"https:\/\/www.webdo.tn\/fr\/actualite\/author\/cl\/"}]}},"_links":{"self":[{"href":"https:\/\/www.webdo.tn\/fr\/wp-json\/wp\/v2\/posts\/203424","targetHints":{"allow":["GET"]}}],"collection":[{"href":"https:\/\/www.webdo.tn\/fr\/wp-json\/wp\/v2\/posts"}],"about":[{"href":"https:\/\/www.webdo.tn\/fr\/wp-json\/wp\/v2\/types\/post"}],"author":[{"embeddable":true,"href":"https:\/\/www.webdo.tn\/fr\/wp-json\/wp\/v2\/users\/3175"}],"replies":[{"embeddable":true,"href":"https:\/\/www.webdo.tn\/fr\/wp-json\/wp\/v2\/comments?post=203424"}],"version-history":[{"count":0,"href":"https:\/\/www.webdo.tn\/fr\/wp-json\/wp\/v2\/posts\/203424\/revisions"}],"wp:featuredmedia":[{"embeddable":true,"href":"https:\/\/www.webdo.tn\/fr\/wp-json\/wp\/v2\/media\/251857"}],"wp:attachment":[{"href":"https:\/\/www.webdo.tn\/fr\/wp-json\/wp\/v2\/media?parent=203424"}],"wp:term":[{"taxonomy":"category","embeddable":true,"href":"https:\/\/www.webdo.tn\/fr\/wp-json\/wp\/v2\/categories?post=203424"},{"taxonomy":"post_tag","embeddable":true,"href":"https:\/\/www.webdo.tn\/fr\/wp-json\/wp\/v2\/tags?post=203424"}],"curies":[{"name":"wp","href":"https:\/\/api.w.org\/{rel}","templated":true}]}}