{"id":203415,"date":"2023-02-28T10:10:00","date_gmt":"2023-02-28T10:10:00","guid":{"rendered":"https:\/\/www.webdo.tn\/fr\/blog\/les-mots-justes-du-coeur-et-de-l-esprit\/203415\/"},"modified":"2023-02-28T10:10:00","modified_gmt":"2023-02-28T10:10:00","slug":"les-mots-justes-du-coeur-et-de-l-esprit","status":"publish","type":"post","link":"https:\/\/www.webdo.tn\/fr\/actualite\/chroniques\/les-mots-justes-du-coeur-et-de-l-esprit\/203415\/","title":{"rendered":"Les mots justes du c\u0153ur et de l&rsquo;esprit"},"content":{"rendered":"<p>R\u00e9sumons. Certains propos, certaines citations nous parlent jusqu&rsquo;aux tr\u00e9fonds de nos \u00e2mes. De simples phrases peuvent nous \u00e9mouvoir et \u00e0 leur lecture, nous avons la sensation qu&rsquo;elles nous expriment, que nous aurions pu les \u00e9crire.<\/p>\n<p>\t\t\t\t\t\t\t\t\tCe nouveau floril\u00e8ge t\u00e9moigne de la puissance des mots, de leur pouvoir r\u00e9troactif. C&rsquo;est aussi l&rsquo;extraordinaire capacit\u00e9 des livres qui est en jeu. Dans ces livres, ce sont des id\u00e9es neuves et des r\u00eaves qui nous invitent \u00e0 aller plus loin. Aujourd&rsquo;hui, avec les pens\u00e9es de Schmitt, Quignard ou Gramsci et Anders, ce sont des visions du monde et de la vie qui nous invitent \u00e0 penser autrement, aller plus loin.<\/p>\n<p>Commen\u00e7ons par ces mots d&rsquo;\u00c9ric-Emmanuel Schmitt. \u00ab\u00a0Les sentiments vont par deux, comme l\u2019ombre et la lumi\u00e8re. Il n\u2019y a pas de sentiments c\u00e9libataires, tous vivent en couple. Notre sottise consiste \u00e0 les s\u00e9parer. Ne garder que l\u2019Espoir. Supprimer la Tristesse. Mettre le Doute au cachot. Mais sans le Doute, la Foi devient intol\u00e9rante, puis violente, puis meurtri\u00e8re.<\/p>\n<p>Mais sans la Tristesse, la Joie se conna\u00eet si peu qu\u2019elle s\u2019ignore ou se d\u00e9lite. Mais sans le D\u00e9sespoir, l\u2019Espoir vire \u00e0 la b\u00eatise. Ne souhaitons pas leur divorce. T\u00e2chons plut\u00f4t de trouver notre place au milieu de ces tensions.\u00a0\u00bb Voil\u00e0 qui est magistralement dit.<\/p>\n<p>**********<\/p>\n<p>Passons maintenant \u00e0 une vision de Gramsci.\u00a0 En quelques mots, il brocarde la notion d&rsquo;indiff\u00e9rence. \u00ab\u00a0Je hais les indiff\u00e9rents. Je crois comme Friedrich Hebbel que \u00ab vivre signifie \u00eatre partisans \u00bb. Il ne peut exister seulement des hommes, des \u00e9trangers \u00e0 la cit\u00e9. Celui qui vit vraiment ne peut qu\u2019\u00eatre citoyen, et prendre parti.<\/p>\n<p>L\u2019indiff\u00e9rence c\u2019est l\u2019aboulie, le parasitisme, la l\u00e2chet\u00e9, ce n\u2019est pas la vie. C\u2019est pourquoi je hais les indiff\u00e9rents.<br \/>\nJe hais les indiff\u00e9rents aussi parce que leurs pleurnicheries d\u2019\u00e9ternels innocents me fatiguent. Je demande \u00e0 chacun d\u2019eux de rendre compte de la fa\u00e7on dont il a rempli le devoir que la vie lui a donn\u00e9 et lui donne chaque jour, de ce qu\u2019il a fait et sp\u00e9cialement de ce qu\u2019il n\u2019a pas fait. Et je sens que je peux \u00eatre inexorable, que je n\u2019ai pas \u00e0 gaspiller ma piti\u00e9, que je n\u2019ai pas \u00e0 partager mes larmes.<\/p>\n<p>Je suis partisan, je vis, je sens dans les consciences viriles de mon bord battre d\u00e9j\u00e0 l\u2019activit\u00e9 de la cit\u00e9 future que mon bord est en train de construire. Et en elle la cha\u00eene sociale ne p\u00e8se pas sur quelques uns, en elle chaque chose qui se produit n\u2019est pas due au hasard, \u00e0 la fatalit\u00e9, mais elle est l\u2019\u0153uvre intelligente des citoyens.<\/p>\n<p>Il n\u2019y a en elle personne pour rester \u00e0 la fen\u00eatre \u00e0 regarder alors que quelques uns se sacrifient, disparaissent dans le sacrifice ; et celui qui reste \u00e0 la fen\u00eatre, \u00e0 guetter, veut profiter du peu de bien que procure l\u2019activit\u00e9 de peu de gens et passe sa d\u00e9ception en s\u2019en prenant \u00e0 celui qui s\u2019est sacrifi\u00e9, \u00e0 celui qui a disparu parce qu\u2019il n\u2019a pas r\u00e9ussi ce qu\u2019il s\u2019\u00e9tait donn\u00e9 pour but.<\/p>\n<p>Je vis, je suis partisan. C\u2019est pourquoi je hais qui ne prend pas parti. Je hais les indiff\u00e9rents.\u00a0\u00bb Dans le m\u00eame registre pr\u00e9monitoire, le philosophe allemand G\u00fcnther Anders a \u00e9crit en 1956 ces r\u00e9flexions toujours si actuelles. Lisons plut\u00f4t. \u00ab\u00a0Pour \u00e9touffer par avance toute r\u00e9volte, il ne faut surtout pas s\u2019y prendre de mani\u00e8re violente. Les m\u00e9thodes archa\u00efques comme celles d\u2019Hitler sont nettement d\u00e9pass\u00e9es. Il suffit de cr\u00e9er un conditionnement collectif en r\u00e9duisant de mani\u00e8re drastique le niveau et la qualit\u00e9 de l\u2019\u00e9ducation, pour la ramener \u00e0 une forme d\u2019insertion professionnelle.<\/p>\n<p>Un individu inculte n\u2019a qu\u2019un horizon de pens\u00e9e limit\u00e9 et plus sa pens\u00e9e est born\u00e9e \u00e0 des pr\u00e9occupations mat\u00e9rielles, m\u00e9diocres, moins il peut se r\u00e9volter. Il faut faire en sorte que l\u2019acc\u00e8s au savoir devienne de plus en plus difficile et \u00e9litiste, que le foss\u00e9 se creuse entre le peuple et la science, que l\u2019information destin\u00e9e au grand public soit anesth\u00e9si\u00e9e de tout contenu \u00e0 caract\u00e8re subversif.<\/p>\n<p>Pascal Quignard<\/p>\n<p>\u00a0<\/p>\n<p>L\u00e0 encore, il faut user de persuasion et non de violence directe : on diffusera massivement, via la t\u00e9l\u00e9vision, des divertissements abrutissants, flattant toujours l\u2019\u00e9motionnel, l\u2019instinctif. On occupera les esprits avec ce qui est futile et ludique. Il est bon avec un bavardage et une musique incessante, d\u2019emp\u00eacher l\u2019esprit de s&rsquo;interroger, penser, r\u00e9fl\u00e9chir.<\/p>\n<p>On mettra la sexualit\u00e9 au premier rang des int\u00e9r\u00eats humains. Comme anesth\u00e9siant social, il n\u2019y a rien de mieux. En g\u00e9n\u00e9ral, on fera en sorte de bannir le s\u00e9rieux de l\u2019existence, de tourner en d\u00e9rision tout ce qui a une valeur \u00e9lev\u00e9e, d\u2019entretenir une constante apologie de la l\u00e9g\u00e8ret\u00e9 ; de sorte que l\u2019euphorie de la publicit\u00e9, de la consommation deviennent le standard du bonheur humain et le mod\u00e8le de la libert\u00e9 \u00bb. Cela sonne si vrai dans ce monde o\u00f9 des images fugaces dominent la pens\u00e9e. Titre pr\u00e9monitoire, le livre de G\u00fcnther Anders s&rsquo;intitule \u00abL&rsquo;obsolescence de l\u2019homme\u00bb.<\/p>\n<p>Terminons avec ces mots de Pascal Quignard qui y fait l&rsquo;\u00e9loge des livres d&rsquo;une mani\u00e8re tr\u00e8s habile. \u00ab\u00a0Ceux qui aiment ardemment les livres constituent sans qu&rsquo;ils le sachent, la seule soci\u00e9t\u00e9 secr\u00e8te exceptionnellement individualis\u00e9e. La curiosit\u00e9 de tout et une dissociation sans \u00e2ge les rassemblent sans qu&rsquo;ils ne se rencontrent jamais.<\/p>\n<p>Leurs choix ne correspondent pas \u00e0 ceux des \u00e9diteurs, c&rsquo;est-\u00e0-dire du march\u00e9. Ni \u00e0 ceux des professeurs c&rsquo;est-\u00e0-dire du code. Ni \u00e0 ceux des historiens c&rsquo;est-\u00e0-dire du pouvoir.<br \/>\nIls forment \u00e0 eux seuls une biblioth\u00e8que de vies br\u00e8ves mais nombreuses. Ils s&rsquo;entre-lisent dans le silence\u00a0\u00bb. Comment ne pas r\u00eaver \u00e0 pareil silence ?<\/p>\n<p>**********<\/p>\n<p>En contrepoint, et pour clore cette chronique,\u00a0 parlons d&rsquo;autre chose d&rsquo;\u00e9ternel, en l&rsquo;occurrence notre couscous. Dans ce domaine, il y a tant de choses \u00e0 apprendre que ce document retrouv\u00e9 par hasard, ne fait qu&rsquo;effleurer. Suivons le grain et remontons le temps : \u00ab\u00a0Quelle est l\u2019origine du couscous ? L\u2019invention du couscous est difficile \u00e0 dater pr\u00e9cis\u00e9ment et divise les historiens.<\/p>\n<p>Ce qui semble le plus commun\u00e9ment admis c\u2019est que ce plat est d\u2019origine berb\u00e8re (couscous = seksu en berb\u00e8re) et existait d\u00e8s l\u2019antiquit\u00e9, bien avant l\u2019arriv\u00e9e des arabo-musulmans en Afrique du Nord. Rappelons que les pays du Maghreb et surtout la Numidie (Alg\u00e9rie actuelle) constituaient le grenier \u00e0 bl\u00e9 de la Rome antique, ce qui fait dire \u00e0 certains que l\u2019origine de la semoule et du couscous daterait de la p\u00e9riode romaine.<\/p>\n<p>L\u2019historienne culinaire Lucie Bolens d\u00e9crit des pots primitifs de couscous trouv\u00e9s dans des tombes qui remontent au r\u00e8gne du roi berb\u00e8re Massinissa, c\u2019est-\u00e0-dire entre 238 et 149 avant J\u00e9sus-Christ. Les berb\u00e8res, premiers habitants de cette r\u00e9gion, seraient donc les inventeurs de la technique de la cuisson \u00e0 la vapeur de la semoule de bl\u00e9 et d\u2019orge, qui donne le plat de couscous. \u00a0<\/p>\n<p>Sorti ensuite de son berceau d\u2019origine, le couscous se r\u00e9pandit dans d\u2019autres r\u00e9gions du monde, de l\u2019Afrique au sud du Sahara jusqu\u2019en Andalousie musulmane, puis en Europe. Rabelais est le plus ancien \u00e9crivain \u00e0 parler du couscous (surnomm\u00e9 \u00ab couscoussou \u00bb) dans son roman Pantagruel de 1532. \u00ab Le couscous est le plat de r\u00e9f\u00e9rence des habitants de l\u2019Afrique du Nord. C\u2019est aussi leur plus grande et plus belle cr\u00e9ation culinaire. Les Amazigh furent les premiers \u00e0 faire cuire \u00e0 la vapeur les semoules de bl\u00e9 et d\u2019orge.<\/p>\n<p>Le couscous dont l\u2019invention remonte vraisemblablement \u00e0 la fin de la p\u00e9riode romaine, n\u2019est mentionn\u00e9 que vers la fin du huiti\u00e8me si\u00e8cle par les auteurs musulmans qui firent l\u2019\u00e9loge de ses qualit\u00e9s nutritives et m\u00e9dicales. Il parvient \u00e0 sortir des fronti\u00e8res et \u00e0 \u00eatre pris\u00e9 selon Rabelais d\u00e8s le seizi\u00e8me si\u00e8cle sous le nom de coscoton \u00e0 la moresque. Ce n\u2019est qu\u2019avec l\u2019arriv\u00e9e des Hafsides que le nom de couscous est \u00e9voqu\u00e9\u00a0\u00bb.<\/p>\n<p>Comme quoi, l&rsquo;histoire de notre couscous reste encore peu connue et \u00e0 \u00e9crire.<\/p>\n","protected":false},"excerpt":{"rendered":"<p> Les sentiments vont par deux, comme l\u2019ombre et la lumi\u00e8re. Il n\u2019y a pas de sentiments c\u00e9libataires, tous vivent en couple. Notre sottise consiste \u00e0 les s\u00e9parer&#8230;<\/p>\n","protected":false},"author":3229,"featured_media":251852,"comment_status":"open","ping_status":"closed","sticky":false,"template":"","format":"standard","meta":{"footnotes":""},"categories":[2596],"tags":[5854],"class_list":["post-203415","post","type-post","status-publish","format-standard","has-post-thumbnail","hentry","category-chroniques","tag-couscous"],"yoast_head":"<!-- This site is optimized with the Yoast SEO Premium plugin v27.5 (Yoast SEO v27.5) - https:\/\/yoast.com\/product\/yoast-seo-premium-wordpress\/ -->\n<title>Les mots justes du c\u0153ur et de l&#039;esprit<\/title>\n<meta name=\"description\" content=\"Les sentiments vont par deux, comme l\u2019ombre et la lumi\u00e8re. Il n\u2019y a pas de sentiments c\u00e9libataires, tous vivent en couple. Notre sottise consiste \u00e0 les s\u00e9parer...\" \/>\n<link rel=\"canonical\" href=\"https:\/\/www.webdo.tn\/fr\/actualite\/chroniques\/les-mots-justes-du-coeur-et-de-l-esprit\/203415\/\" \/>\n<meta property=\"og:locale\" content=\"fr_FR\" \/>\n<meta property=\"og:type\" content=\"article\" \/>\n<meta property=\"og:title\" content=\"Les mots justes du c\u0153ur et de l&#039;esprit\" \/>\n<meta property=\"og:description\" content=\"Les sentiments vont par deux, comme l\u2019ombre et la lumi\u00e8re. Il n\u2019y a pas de sentiments c\u00e9libataires, tous vivent en couple. Notre sottise consiste \u00e0 les s\u00e9parer...\" \/>\n<meta property=\"og:url\" content=\"https:\/\/www.webdo.tn\/fr\/actualite\/chroniques\/les-mots-justes-du-coeur-et-de-l-esprit\/203415\/\" \/>\n<meta property=\"og:site_name\" content=\"webdo\" \/>\n<meta property=\"article:publisher\" content=\"https:\/\/www.facebook.com\/webdotn\" \/>\n<meta property=\"article:author\" content=\"https:\/\/www.facebook.com\/hatem.bourial.2025\" \/>\n<meta property=\"article:published_time\" content=\"2023-02-28T10:10:00+00:00\" \/>\n<meta property=\"og:image\" content=\"https:\/\/www.webdo.tn\/fr\/wp-content\/uploads\/2023\/02\/c775772ebd0d91c7421e3138610744d9.jpg\" \/>\n\t<meta property=\"og:image:width\" content=\"750\" \/>\n\t<meta property=\"og:image:height\" content=\"400\" \/>\n\t<meta property=\"og:image:type\" content=\"image\/jpeg\" \/>\n<meta name=\"author\" content=\"Hatem Bourial\" \/>\n<meta name=\"twitter:card\" content=\"summary_large_image\" \/>\n<meta name=\"twitter:creator\" content=\"@webdo_tn\" \/>\n<meta name=\"twitter:site\" content=\"@webdo_tn\" \/>\n<meta name=\"twitter:label1\" content=\"\u00c9crit par\" \/>\n\t<meta name=\"twitter:data1\" content=\"Hatem Bourial\" \/>\n\t<meta name=\"twitter:label2\" content=\"Dur\u00e9e de lecture estim\u00e9e\" \/>\n\t<meta name=\"twitter:data2\" content=\"7 minutes\" \/>\n<script type=\"application\/ld+json\" class=\"yoast-schema-graph\">{\"@context\":\"https:\\\/\\\/schema.org\",\"@graph\":[{\"@type\":\"NewsArticle\",\"@id\":\"https:\\\/\\\/www.webdo.tn\\\/fr\\\/actualite\\\/chroniques\\\/les-mots-justes-du-coeur-et-de-l-esprit\\\/203415\\\/#article\",\"isPartOf\":{\"@id\":\"https:\\\/\\\/www.webdo.tn\\\/fr\\\/actualite\\\/chroniques\\\/les-mots-justes-du-coeur-et-de-l-esprit\\\/203415\\\/\"},\"author\":{\"name\":\"Hatem Bourial\",\"@id\":\"https:\\\/\\\/www.webdo.tn\\\/fr\\\/#\\\/schema\\\/person\\\/6bc0beba2cd23aec27cb5df85ca2554f\"},\"headline\":\"Les mots justes du c\u0153ur et de l&rsquo;esprit\",\"datePublished\":\"2023-02-28T10:10:00+00:00\",\"mainEntityOfPage\":{\"@id\":\"https:\\\/\\\/www.webdo.tn\\\/fr\\\/actualite\\\/chroniques\\\/les-mots-justes-du-coeur-et-de-l-esprit\\\/203415\\\/\"},\"wordCount\":1451,\"commentCount\":0,\"publisher\":{\"@id\":\"https:\\\/\\\/www.webdo.tn\\\/fr\\\/#organization\"},\"image\":{\"@id\":\"https:\\\/\\\/www.webdo.tn\\\/fr\\\/actualite\\\/chroniques\\\/les-mots-justes-du-coeur-et-de-l-esprit\\\/203415\\\/#primaryimage\"},\"thumbnailUrl\":\"https:\\\/\\\/www.webdo.tn\\\/fr\\\/wp-content\\\/uploads\\\/2023\\\/02\\\/c775772ebd0d91c7421e3138610744d9.jpg\",\"keywords\":[\"Couscous\"],\"articleSection\":[\"Chroniques\"],\"inLanguage\":\"fr-FR\"},{\"@type\":\"WebPage\",\"@id\":\"https:\\\/\\\/www.webdo.tn\\\/fr\\\/actualite\\\/chroniques\\\/les-mots-justes-du-coeur-et-de-l-esprit\\\/203415\\\/\",\"url\":\"https:\\\/\\\/www.webdo.tn\\\/fr\\\/actualite\\\/chroniques\\\/les-mots-justes-du-coeur-et-de-l-esprit\\\/203415\\\/\",\"name\":\"Les mots justes du c\u0153ur et de l'esprit\",\"isPartOf\":{\"@id\":\"https:\\\/\\\/www.webdo.tn\\\/fr\\\/#website\"},\"primaryImageOfPage\":{\"@id\":\"https:\\\/\\\/www.webdo.tn\\\/fr\\\/actualite\\\/chroniques\\\/les-mots-justes-du-coeur-et-de-l-esprit\\\/203415\\\/#primaryimage\"},\"image\":{\"@id\":\"https:\\\/\\\/www.webdo.tn\\\/fr\\\/actualite\\\/chroniques\\\/les-mots-justes-du-coeur-et-de-l-esprit\\\/203415\\\/#primaryimage\"},\"thumbnailUrl\":\"https:\\\/\\\/www.webdo.tn\\\/fr\\\/wp-content\\\/uploads\\\/2023\\\/02\\\/c775772ebd0d91c7421e3138610744d9.jpg\",\"datePublished\":\"2023-02-28T10:10:00+00:00\",\"description\":\"Les sentiments vont par deux, comme l\u2019ombre et la lumi\u00e8re. Il n\u2019y a pas de sentiments c\u00e9libataires, tous vivent en couple. Notre sottise consiste \u00e0 les s\u00e9parer...\",\"breadcrumb\":{\"@id\":\"https:\\\/\\\/www.webdo.tn\\\/fr\\\/actualite\\\/chroniques\\\/les-mots-justes-du-coeur-et-de-l-esprit\\\/203415\\\/#breadcrumb\"},\"inLanguage\":\"fr-FR\",\"potentialAction\":[{\"@type\":\"ReadAction\",\"target\":[\"https:\\\/\\\/www.webdo.tn\\\/fr\\\/actualite\\\/chroniques\\\/les-mots-justes-du-coeur-et-de-l-esprit\\\/203415\\\/\"]}]},{\"@type\":\"ImageObject\",\"inLanguage\":\"fr-FR\",\"@id\":\"https:\\\/\\\/www.webdo.tn\\\/fr\\\/actualite\\\/chroniques\\\/les-mots-justes-du-coeur-et-de-l-esprit\\\/203415\\\/#primaryimage\",\"url\":\"https:\\\/\\\/www.webdo.tn\\\/fr\\\/wp-content\\\/uploads\\\/2023\\\/02\\\/c775772ebd0d91c7421e3138610744d9.jpg\",\"contentUrl\":\"https:\\\/\\\/www.webdo.tn\\\/fr\\\/wp-content\\\/uploads\\\/2023\\\/02\\\/c775772ebd0d91c7421e3138610744d9.jpg\",\"width\":750,\"height\":400,\"caption\":\"Gramsci\"},{\"@type\":\"BreadcrumbList\",\"@id\":\"https:\\\/\\\/www.webdo.tn\\\/fr\\\/actualite\\\/chroniques\\\/les-mots-justes-du-coeur-et-de-l-esprit\\\/203415\\\/#breadcrumb\",\"itemListElement\":[{\"@type\":\"ListItem\",\"position\":1,\"name\":\"Accueil\",\"item\":\"https:\\\/\\\/www.webdo.tn\\\/fr\\\/\"},{\"@type\":\"ListItem\",\"position\":2,\"name\":\"Les mots justes du c\u0153ur et de l&#8217;esprit\"}]},{\"@type\":\"WebSite\",\"@id\":\"https:\\\/\\\/www.webdo.tn\\\/fr\\\/#website\",\"url\":\"https:\\\/\\\/www.webdo.tn\\\/fr\\\/\",\"name\":\"webdo\",\"description\":\"Tunisie - News en Tunisie et \u00e0 l&#039;international sur Webdo.tn\",\"publisher\":{\"@id\":\"https:\\\/\\\/www.webdo.tn\\\/fr\\\/#organization\"},\"potentialAction\":[{\"@type\":\"SearchAction\",\"target\":{\"@type\":\"EntryPoint\",\"urlTemplate\":\"https:\\\/\\\/www.webdo.tn\\\/fr\\\/?s={search_term_string}\"},\"query-input\":{\"@type\":\"PropertyValueSpecification\",\"valueRequired\":true,\"valueName\":\"search_term_string\"}}],\"inLanguage\":\"fr-FR\"},{\"@type\":\"Organization\",\"@id\":\"https:\\\/\\\/www.webdo.tn\\\/fr\\\/#organization\",\"name\":\"Webdo\",\"alternateName\":\"Webdo.tn\",\"url\":\"https:\\\/\\\/www.webdo.tn\\\/fr\\\/\",\"logo\":{\"@type\":\"ImageObject\",\"inLanguage\":\"fr-FR\",\"@id\":\"https:\\\/\\\/www.webdo.tn\\\/fr\\\/#\\\/schema\\\/logo\\\/image\\\/\",\"url\":\"https:\\\/\\\/www.webdo.tn\\\/fr\\\/wp-content\\\/uploads\\\/2025\\\/06\\\/Webdo-Tunisie_168377.jpg\",\"contentUrl\":\"https:\\\/\\\/www.webdo.tn\\\/fr\\\/wp-content\\\/uploads\\\/2025\\\/06\\\/Webdo-Tunisie_168377.jpg\",\"width\":301,\"height\":301,\"caption\":\"Webdo\"},\"image\":{\"@id\":\"https:\\\/\\\/www.webdo.tn\\\/fr\\\/#\\\/schema\\\/logo\\\/image\\\/\"},\"sameAs\":[\"https:\\\/\\\/www.facebook.com\\\/webdotn\",\"https:\\\/\\\/x.com\\\/webdo_tn\"],\"description\":\"Webdo est un m\u00e9dia num\u00e9rique tunisien fond\u00e9 en 2010, sp\u00e9cialis\u00e9 dans l\u2019actualit\u00e9 nationale et internationale, l\u2019\u00e9conomie, la soci\u00e9t\u00e9 et les analyses politiques. Le site s\u2019adresse \u00e0 un large public francophone et couvre l\u2019information tunisienne en temps r\u00e9el.\",\"email\":\"redac@webdo.tn\",\"legalName\":\"YNJ SARL\",\"foundingDate\":\"2010-09-06\",\"numberOfEmployees\":{\"@type\":\"QuantitativeValue\",\"minValue\":\"11\",\"maxValue\":\"50\"}},{\"@type\":\"Person\",\"@id\":\"https:\\\/\\\/www.webdo.tn\\\/fr\\\/#\\\/schema\\\/person\\\/6bc0beba2cd23aec27cb5df85ca2554f\",\"name\":\"Hatem Bourial\",\"image\":{\"@type\":\"ImageObject\",\"inLanguage\":\"fr-FR\",\"@id\":\"https:\\\/\\\/www.webdo.tn\\\/fr\\\/wp-content\\\/uploads\\\/2026\\\/04\\\/hatem-bourial_avatar-96x96.jpg\",\"url\":\"https:\\\/\\\/www.webdo.tn\\\/fr\\\/wp-content\\\/uploads\\\/2026\\\/04\\\/hatem-bourial_avatar-96x96.jpg\",\"contentUrl\":\"https:\\\/\\\/www.webdo.tn\\\/fr\\\/wp-content\\\/uploads\\\/2026\\\/04\\\/hatem-bourial_avatar-96x96.jpg\",\"caption\":\"Hatem Bourial\"},\"description\":\"Hatem Bourial est journaliste, \u00e9crivain et chroniqueur tunisien. Actif depuis plusieurs d\u00e9cennies, il s\u2019est impos\u00e9 comme un observateur attentif de la soci\u00e9t\u00e9 tunisienne, m\u00ealant dans ses \u00e9crits m\u00e9moire, culture et analyse du quotidien. Auteur de nombreux ouvrages, il d\u00e9veloppe une \u0153uvre \u00e0 la crois\u00e9e du r\u00e9cit, de la po\u00e9sie et de l\u2019observation sociologique. Parall\u00e8lement \u00e0 ses contributions dans la presse, il intervient r\u00e9guli\u00e8rement \u00e0 la radio et dans des espaces culturels, o\u00f9 il explore les enjeux li\u00e9s au patrimoine, \u00e0 l\u2019identit\u00e9 et aux transformations du monde contemporain. \u00c0 travers ses chroniques, Hatem Bourial propose une lecture sensible et approfondie de l\u2019actualit\u00e9, nourrie par une exp\u00e9rience journalistique et litt\u00e9raire reconnue. \ud83d\udd17 Facebook : https:\\\/\\\/www.facebook.com\\\/hatem.bourial.2025\",\"sameAs\":[\"https:\\\/\\\/www.facebook.com\\\/hatem.bourial.2025\",\"https:\\\/\\\/fr.wikipedia.org\\\/wiki\\\/Fichier:Hatem_Bourial.jpg\"],\"knowsAbout\":[\"Culture & patrimoine tunisien\",\"Chronique soci\u00e9tale\",\"Litt\u00e9rature & m\u00e9moire\",\"Cin\u00e9ma & critique culturelle\",\"Identit\u00e9 & mutations sociales\"],\"knowsLanguage\":[\"Arabe\",\"Fran\u00e7ais\",\"Anglais\",\"Italien\",\"Polonais\"],\"jobTitle\":\"Journaliste, \u00e9crivain et chroniqueur culturel\",\"worksFor\":\"Webdo\",\"url\":\"https:\\\/\\\/www.webdo.tn\\\/fr\\\/actualite\\\/author\\\/hatem-bourial-2\\\/\"}]}<\/script>\n<!-- \/ Yoast SEO Premium plugin. -->","yoast_head_json":{"title":"Les mots justes du c\u0153ur et de l'esprit","description":"Les sentiments vont par deux, comme l\u2019ombre et la lumi\u00e8re. Il n\u2019y a pas de sentiments c\u00e9libataires, tous vivent en couple. Notre sottise consiste \u00e0 les s\u00e9parer...","canonical":"https:\/\/www.webdo.tn\/fr\/actualite\/chroniques\/les-mots-justes-du-coeur-et-de-l-esprit\/203415\/","og_locale":"fr_FR","og_type":"article","og_title":"Les mots justes du c\u0153ur et de l'esprit","og_description":"Les sentiments vont par deux, comme l\u2019ombre et la lumi\u00e8re. Il n\u2019y a pas de sentiments c\u00e9libataires, tous vivent en couple. Notre sottise consiste \u00e0 les s\u00e9parer...","og_url":"https:\/\/www.webdo.tn\/fr\/actualite\/chroniques\/les-mots-justes-du-coeur-et-de-l-esprit\/203415\/","og_site_name":"webdo","article_publisher":"https:\/\/www.facebook.com\/webdotn","article_author":"https:\/\/www.facebook.com\/hatem.bourial.2025","article_published_time":"2023-02-28T10:10:00+00:00","og_image":[{"width":750,"height":400,"url":"https:\/\/www.webdo.tn\/fr\/wp-content\/uploads\/2023\/02\/c775772ebd0d91c7421e3138610744d9.jpg","type":"image\/jpeg"}],"author":"Hatem Bourial","twitter_card":"summary_large_image","twitter_creator":"@webdo_tn","twitter_site":"@webdo_tn","twitter_misc":{"\u00c9crit par":"Hatem Bourial","Dur\u00e9e de lecture estim\u00e9e":"7 minutes"},"schema":{"@context":"https:\/\/schema.org","@graph":[{"@type":"NewsArticle","@id":"https:\/\/www.webdo.tn\/fr\/actualite\/chroniques\/les-mots-justes-du-coeur-et-de-l-esprit\/203415\/#article","isPartOf":{"@id":"https:\/\/www.webdo.tn\/fr\/actualite\/chroniques\/les-mots-justes-du-coeur-et-de-l-esprit\/203415\/"},"author":{"name":"Hatem Bourial","@id":"https:\/\/www.webdo.tn\/fr\/#\/schema\/person\/6bc0beba2cd23aec27cb5df85ca2554f"},"headline":"Les mots justes du c\u0153ur et de l&rsquo;esprit","datePublished":"2023-02-28T10:10:00+00:00","mainEntityOfPage":{"@id":"https:\/\/www.webdo.tn\/fr\/actualite\/chroniques\/les-mots-justes-du-coeur-et-de-l-esprit\/203415\/"},"wordCount":1451,"commentCount":0,"publisher":{"@id":"https:\/\/www.webdo.tn\/fr\/#organization"},"image":{"@id":"https:\/\/www.webdo.tn\/fr\/actualite\/chroniques\/les-mots-justes-du-coeur-et-de-l-esprit\/203415\/#primaryimage"},"thumbnailUrl":"https:\/\/www.webdo.tn\/fr\/wp-content\/uploads\/2023\/02\/c775772ebd0d91c7421e3138610744d9.jpg","keywords":["Couscous"],"articleSection":["Chroniques"],"inLanguage":"fr-FR"},{"@type":"WebPage","@id":"https:\/\/www.webdo.tn\/fr\/actualite\/chroniques\/les-mots-justes-du-coeur-et-de-l-esprit\/203415\/","url":"https:\/\/www.webdo.tn\/fr\/actualite\/chroniques\/les-mots-justes-du-coeur-et-de-l-esprit\/203415\/","name":"Les mots justes du c\u0153ur et de l'esprit","isPartOf":{"@id":"https:\/\/www.webdo.tn\/fr\/#website"},"primaryImageOfPage":{"@id":"https:\/\/www.webdo.tn\/fr\/actualite\/chroniques\/les-mots-justes-du-coeur-et-de-l-esprit\/203415\/#primaryimage"},"image":{"@id":"https:\/\/www.webdo.tn\/fr\/actualite\/chroniques\/les-mots-justes-du-coeur-et-de-l-esprit\/203415\/#primaryimage"},"thumbnailUrl":"https:\/\/www.webdo.tn\/fr\/wp-content\/uploads\/2023\/02\/c775772ebd0d91c7421e3138610744d9.jpg","datePublished":"2023-02-28T10:10:00+00:00","description":"Les sentiments vont par deux, comme l\u2019ombre et la lumi\u00e8re. Il n\u2019y a pas de sentiments c\u00e9libataires, tous vivent en couple. Notre sottise consiste \u00e0 les s\u00e9parer...","breadcrumb":{"@id":"https:\/\/www.webdo.tn\/fr\/actualite\/chroniques\/les-mots-justes-du-coeur-et-de-l-esprit\/203415\/#breadcrumb"},"inLanguage":"fr-FR","potentialAction":[{"@type":"ReadAction","target":["https:\/\/www.webdo.tn\/fr\/actualite\/chroniques\/les-mots-justes-du-coeur-et-de-l-esprit\/203415\/"]}]},{"@type":"ImageObject","inLanguage":"fr-FR","@id":"https:\/\/www.webdo.tn\/fr\/actualite\/chroniques\/les-mots-justes-du-coeur-et-de-l-esprit\/203415\/#primaryimage","url":"https:\/\/www.webdo.tn\/fr\/wp-content\/uploads\/2023\/02\/c775772ebd0d91c7421e3138610744d9.jpg","contentUrl":"https:\/\/www.webdo.tn\/fr\/wp-content\/uploads\/2023\/02\/c775772ebd0d91c7421e3138610744d9.jpg","width":750,"height":400,"caption":"Gramsci"},{"@type":"BreadcrumbList","@id":"https:\/\/www.webdo.tn\/fr\/actualite\/chroniques\/les-mots-justes-du-coeur-et-de-l-esprit\/203415\/#breadcrumb","itemListElement":[{"@type":"ListItem","position":1,"name":"Accueil","item":"https:\/\/www.webdo.tn\/fr\/"},{"@type":"ListItem","position":2,"name":"Les mots justes du c\u0153ur et de l&#8217;esprit"}]},{"@type":"WebSite","@id":"https:\/\/www.webdo.tn\/fr\/#website","url":"https:\/\/www.webdo.tn\/fr\/","name":"webdo","description":"Tunisie - News en Tunisie et \u00e0 l&#039;international sur Webdo.tn","publisher":{"@id":"https:\/\/www.webdo.tn\/fr\/#organization"},"potentialAction":[{"@type":"SearchAction","target":{"@type":"EntryPoint","urlTemplate":"https:\/\/www.webdo.tn\/fr\/?s={search_term_string}"},"query-input":{"@type":"PropertyValueSpecification","valueRequired":true,"valueName":"search_term_string"}}],"inLanguage":"fr-FR"},{"@type":"Organization","@id":"https:\/\/www.webdo.tn\/fr\/#organization","name":"Webdo","alternateName":"Webdo.tn","url":"https:\/\/www.webdo.tn\/fr\/","logo":{"@type":"ImageObject","inLanguage":"fr-FR","@id":"https:\/\/www.webdo.tn\/fr\/#\/schema\/logo\/image\/","url":"https:\/\/www.webdo.tn\/fr\/wp-content\/uploads\/2025\/06\/Webdo-Tunisie_168377.jpg","contentUrl":"https:\/\/www.webdo.tn\/fr\/wp-content\/uploads\/2025\/06\/Webdo-Tunisie_168377.jpg","width":301,"height":301,"caption":"Webdo"},"image":{"@id":"https:\/\/www.webdo.tn\/fr\/#\/schema\/logo\/image\/"},"sameAs":["https:\/\/www.facebook.com\/webdotn","https:\/\/x.com\/webdo_tn"],"description":"Webdo est un m\u00e9dia num\u00e9rique tunisien fond\u00e9 en 2010, sp\u00e9cialis\u00e9 dans l\u2019actualit\u00e9 nationale et internationale, l\u2019\u00e9conomie, la soci\u00e9t\u00e9 et les analyses politiques. Le site s\u2019adresse \u00e0 un large public francophone et couvre l\u2019information tunisienne en temps r\u00e9el.","email":"redac@webdo.tn","legalName":"YNJ SARL","foundingDate":"2010-09-06","numberOfEmployees":{"@type":"QuantitativeValue","minValue":"11","maxValue":"50"}},{"@type":"Person","@id":"https:\/\/www.webdo.tn\/fr\/#\/schema\/person\/6bc0beba2cd23aec27cb5df85ca2554f","name":"Hatem Bourial","image":{"@type":"ImageObject","inLanguage":"fr-FR","@id":"https:\/\/www.webdo.tn\/fr\/wp-content\/uploads\/2026\/04\/hatem-bourial_avatar-96x96.jpg","url":"https:\/\/www.webdo.tn\/fr\/wp-content\/uploads\/2026\/04\/hatem-bourial_avatar-96x96.jpg","contentUrl":"https:\/\/www.webdo.tn\/fr\/wp-content\/uploads\/2026\/04\/hatem-bourial_avatar-96x96.jpg","caption":"Hatem Bourial"},"description":"Hatem Bourial est journaliste, \u00e9crivain et chroniqueur tunisien. Actif depuis plusieurs d\u00e9cennies, il s\u2019est impos\u00e9 comme un observateur attentif de la soci\u00e9t\u00e9 tunisienne, m\u00ealant dans ses \u00e9crits m\u00e9moire, culture et analyse du quotidien. Auteur de nombreux ouvrages, il d\u00e9veloppe une \u0153uvre \u00e0 la crois\u00e9e du r\u00e9cit, de la po\u00e9sie et de l\u2019observation sociologique. Parall\u00e8lement \u00e0 ses contributions dans la presse, il intervient r\u00e9guli\u00e8rement \u00e0 la radio et dans des espaces culturels, o\u00f9 il explore les enjeux li\u00e9s au patrimoine, \u00e0 l\u2019identit\u00e9 et aux transformations du monde contemporain. \u00c0 travers ses chroniques, Hatem Bourial propose une lecture sensible et approfondie de l\u2019actualit\u00e9, nourrie par une exp\u00e9rience journalistique et litt\u00e9raire reconnue. \ud83d\udd17 Facebook : https:\/\/www.facebook.com\/hatem.bourial.2025","sameAs":["https:\/\/www.facebook.com\/hatem.bourial.2025","https:\/\/fr.wikipedia.org\/wiki\/Fichier:Hatem_Bourial.jpg"],"knowsAbout":["Culture & patrimoine tunisien","Chronique soci\u00e9tale","Litt\u00e9rature & m\u00e9moire","Cin\u00e9ma & critique culturelle","Identit\u00e9 & mutations sociales"],"knowsLanguage":["Arabe","Fran\u00e7ais","Anglais","Italien","Polonais"],"jobTitle":"Journaliste, \u00e9crivain et chroniqueur culturel","worksFor":"Webdo","url":"https:\/\/www.webdo.tn\/fr\/actualite\/author\/hatem-bourial-2\/"}]}},"_links":{"self":[{"href":"https:\/\/www.webdo.tn\/fr\/wp-json\/wp\/v2\/posts\/203415","targetHints":{"allow":["GET"]}}],"collection":[{"href":"https:\/\/www.webdo.tn\/fr\/wp-json\/wp\/v2\/posts"}],"about":[{"href":"https:\/\/www.webdo.tn\/fr\/wp-json\/wp\/v2\/types\/post"}],"author":[{"embeddable":true,"href":"https:\/\/www.webdo.tn\/fr\/wp-json\/wp\/v2\/users\/3229"}],"replies":[{"embeddable":true,"href":"https:\/\/www.webdo.tn\/fr\/wp-json\/wp\/v2\/comments?post=203415"}],"version-history":[{"count":0,"href":"https:\/\/www.webdo.tn\/fr\/wp-json\/wp\/v2\/posts\/203415\/revisions"}],"wp:featuredmedia":[{"embeddable":true,"href":"https:\/\/www.webdo.tn\/fr\/wp-json\/wp\/v2\/media\/251852"}],"wp:attachment":[{"href":"https:\/\/www.webdo.tn\/fr\/wp-json\/wp\/v2\/media?parent=203415"}],"wp:term":[{"taxonomy":"category","embeddable":true,"href":"https:\/\/www.webdo.tn\/fr\/wp-json\/wp\/v2\/categories?post=203415"},{"taxonomy":"post_tag","embeddable":true,"href":"https:\/\/www.webdo.tn\/fr\/wp-json\/wp\/v2\/tags?post=203415"}],"curies":[{"name":"wp","href":"https:\/\/api.w.org\/{rel}","templated":true}]}}