{"id":203411,"date":"2023-02-28T09:36:00","date_gmt":"2023-02-28T09:36:00","guid":{"rendered":"https:\/\/www.webdo.tn\/fr\/blog\/abou-kais-saied-a-commis-des-crimes\/203411\/"},"modified":"2025-05-20T22:49:23","modified_gmt":"2025-05-20T22:49:23","slug":"abou-kais-saied-a-commis-des-crimes","status":"publish","type":"post","link":"https:\/\/www.webdo.tn\/fr\/actualite\/national\/abou-kais-saied-a-commis-des-crimes\/203411\/","title":{"rendered":"Mohamed Abbou : \u00ab Kais Saied a commis des crimes \u00bb"},"content":{"rendered":"<p>L\u2019ancien chef du Courant D\u00e9mocratique, Mohamed Abbou a encore une fois bris\u00e9 le silence pour s\u2019attaquer au pr\u00e9sident de la R\u00e9publique.<\/p>\n<p>\t\t\t\t\t\t\t\t\tS\u2019exprimant ce mardi 28 f\u00e9vrier 2023 sur les ondes de Shems FM, Mohamed Abbou a estim\u00e9 que le pr\u00e9sident de la R\u00e9publique n\u2019organisera pas des \u00e9lections pr\u00e9sidentielles en 2024 \u00ab\u00a0puisqu\u2019il est impliqu\u00e9 dans des crimes\u00a0\u00bb.\u00a0<\/p>\n<p>Il a mis en garde contre un sc\u00e9nario noir en Tunisie, \u00ab\u00a0au vu des agissements du pr\u00e9sident de la R\u00e9publique\u00a0\u00bb.\u00a0<\/p>\n<p>L\u2019activiste politique a jug\u00e9 n\u00e9cessaire d\u2019organiser des \u00e9lections pr\u00e9sidentielles anticip\u00e9es, d\u2019autant plus que la situation en Tunisie est devenue dangereuse selon ses dires.\u00a0<\/p>\n<p>Rappelons qu&rsquo;en d\u00e9cembre dernier il avait appel\u00e9 le chef de l\u2019Etat \u00e0 quitter volontairement le pouvoir et \u00e0 annuler le d\u00e9cret 55, relatif \u00e0 l\u2019organisation des \u00e9lections, ainsi que le d\u00e9cret 117, publi\u00e9s apr\u00e8s le r\u00e9f\u00e9rendum.<\/p>\n<p>Il avait estim\u00e9 que la situation actuelle \u00ab conduira in\u00e9vitablement \u00e0 la d\u00e9mission ou l\u2019\u00e9viction de Kais Saied \u00bb, affirmant que \u00ab sa p\u00e9riode a pris fin \u00bb.<\/p>\n<p>L\u2019ancien secr\u00e9taire g\u00e9n\u00e9ral du Courant d\u00e9mocrate avait propos\u00e9, comme solution, le retour \u00e0 la Constitution de 2014, la r\u00e9instauration de l\u2019ISIE \u00ab l\u00e9gitime \u00bb et l\u2019organisation de nouvelles \u00e9lections l\u00e9gislatives et pr\u00e9sidentielle conform\u00e9ment \u00e0 l\u2019ancienne loi \u00e9lectorale \u00bb.<\/p>\n","protected":false},"excerpt":{"rendered":"<p>Mohamed Abbou brise le silence pour s\u2019attaquer au pr\u00e9sident de la R\u00e9publique.<\/p>\n","protected":false},"author":3175,"featured_media":277832,"comment_status":"open","ping_status":"closed","sticky":false,"template":"","format":"standard","meta":{"footnotes":""},"categories":[44],"tags":[9355,2614,2608],"class_list":["post-203411","post","type-post","status-publish","format-standard","has-post-thumbnail","hentry","category-national","tag-abou","tag-kais-saied","tag-tunisie"],"yoast_head":"<!-- This site is optimized with the Yoast SEO Premium plugin v27.4 (Yoast SEO v27.4) - https:\/\/yoast.com\/product\/yoast-seo-premium-wordpress\/ -->\n<title>Mohamed Abbou : \u00ab Kais Saied a commis des crimes \u00bb<\/title>\n<meta name=\"description\" content=\"Mohamed Abbou brise le silence pour s\u2019attaquer au pr\u00e9sident de la R\u00e9publique.\" \/>\n<link rel=\"canonical\" href=\"https:\/\/www.webdo.tn\/fr\/actualite\/national\/abou-kais-saied-a-commis-des-crimes\/203411\/\" \/>\n<meta property=\"og:locale\" content=\"fr_FR\" \/>\n<meta property=\"og:type\" content=\"article\" \/>\n<meta property=\"og:title\" content=\"Mohamed Abbou : \u00ab Kais Saied a commis des crimes \u00bb\" \/>\n<meta property=\"og:description\" content=\"Mohamed Abbou brise le silence pour s\u2019attaquer au pr\u00e9sident de la R\u00e9publique.\" \/>\n<meta property=\"og:url\" content=\"https:\/\/www.webdo.tn\/fr\/actualite\/national\/abou-kais-saied-a-commis-des-crimes\/203411\/\" \/>\n<meta property=\"og:site_name\" content=\"webdo\" \/>\n<meta property=\"article:publisher\" content=\"https:\/\/www.facebook.com\/webdotn\" \/>\n<meta property=\"article:published_time\" content=\"2023-02-28T09:36:00+00:00\" \/>\n<meta property=\"article:modified_time\" content=\"2025-05-20T22:49:23+00:00\" \/>\n<meta property=\"og:image\" content=\"https:\/\/www.webdo.tn\/fr\/wp-content\/uploads\/2023\/02\/f2a41cf15ef7c296b5248209472aaff2.jpg\" \/>\n\t<meta property=\"og:image:width\" content=\"750\" \/>\n\t<meta property=\"og:image:height\" content=\"400\" \/>\n\t<meta property=\"og:image:type\" content=\"image\/jpeg\" \/>\n<meta name=\"author\" content=\"CL\" \/>\n<meta name=\"twitter:card\" content=\"summary_large_image\" \/>\n<meta name=\"twitter:creator\" content=\"@webdo_tn\" \/>\n<meta name=\"twitter:site\" content=\"@webdo_tn\" \/>\n<meta name=\"twitter:label1\" content=\"\u00c9crit par\" \/>\n\t<meta name=\"twitter:data1\" content=\"CL\" \/>\n\t<meta name=\"twitter:label2\" content=\"Dur\u00e9e de lecture estim\u00e9e\" \/>\n\t<meta name=\"twitter:data2\" content=\"1 minute\" \/>\n<script type=\"application\/ld+json\" class=\"yoast-schema-graph\">{\"@context\":\"https:\\\/\\\/schema.org\",\"@graph\":[{\"@type\":\"NewsArticle\",\"@id\":\"https:\\\/\\\/www.webdo.tn\\\/fr\\\/actualite\\\/national\\\/abou-kais-saied-a-commis-des-crimes\\\/203411\\\/#article\",\"isPartOf\":{\"@id\":\"https:\\\/\\\/www.webdo.tn\\\/fr\\\/actualite\\\/national\\\/abou-kais-saied-a-commis-des-crimes\\\/203411\\\/\"},\"author\":{\"name\":\"CL\",\"@id\":\"https:\\\/\\\/www.webdo.tn\\\/fr\\\/#\\\/schema\\\/person\\\/f35b42a42c5e2511bbd282959d6385cc\"},\"headline\":\"Mohamed Abbou : \u00ab Kais Saied a commis des crimes \u00bb\",\"datePublished\":\"2023-02-28T09:36:00+00:00\",\"dateModified\":\"2025-05-20T22:49:23+00:00\",\"mainEntityOfPage\":{\"@id\":\"https:\\\/\\\/www.webdo.tn\\\/fr\\\/actualite\\\/national\\\/abou-kais-saied-a-commis-des-crimes\\\/203411\\\/\"},\"wordCount\":238,\"commentCount\":0,\"publisher\":{\"@id\":\"https:\\\/\\\/www.webdo.tn\\\/fr\\\/#organization\"},\"image\":{\"@id\":\"https:\\\/\\\/www.webdo.tn\\\/fr\\\/actualite\\\/national\\\/abou-kais-saied-a-commis-des-crimes\\\/203411\\\/#primaryimage\"},\"thumbnailUrl\":\"https:\\\/\\\/www.webdo.tn\\\/fr\\\/wp-content\\\/uploads\\\/2023\\\/02\\\/f2a41cf15ef7c296b5248209472aaff2.jpg\",\"keywords\":[\"Abou\",\"Kais Saied\",\"Tunisie\"],\"articleSection\":[\"National\"],\"inLanguage\":\"fr-FR\"},{\"@type\":\"WebPage\",\"@id\":\"https:\\\/\\\/www.webdo.tn\\\/fr\\\/actualite\\\/national\\\/abou-kais-saied-a-commis-des-crimes\\\/203411\\\/\",\"url\":\"https:\\\/\\\/www.webdo.tn\\\/fr\\\/actualite\\\/national\\\/abou-kais-saied-a-commis-des-crimes\\\/203411\\\/\",\"name\":\"Mohamed Abbou : \u00ab Kais Saied a commis des crimes \u00bb\",\"isPartOf\":{\"@id\":\"https:\\\/\\\/www.webdo.tn\\\/fr\\\/#website\"},\"primaryImageOfPage\":{\"@id\":\"https:\\\/\\\/www.webdo.tn\\\/fr\\\/actualite\\\/national\\\/abou-kais-saied-a-commis-des-crimes\\\/203411\\\/#primaryimage\"},\"image\":{\"@id\":\"https:\\\/\\\/www.webdo.tn\\\/fr\\\/actualite\\\/national\\\/abou-kais-saied-a-commis-des-crimes\\\/203411\\\/#primaryimage\"},\"thumbnailUrl\":\"https:\\\/\\\/www.webdo.tn\\\/fr\\\/wp-content\\\/uploads\\\/2023\\\/02\\\/f2a41cf15ef7c296b5248209472aaff2.jpg\",\"datePublished\":\"2023-02-28T09:36:00+00:00\",\"dateModified\":\"2025-05-20T22:49:23+00:00\",\"description\":\"Mohamed Abbou brise le silence pour s\u2019attaquer au pr\u00e9sident de la R\u00e9publique.\",\"breadcrumb\":{\"@id\":\"https:\\\/\\\/www.webdo.tn\\\/fr\\\/actualite\\\/national\\\/abou-kais-saied-a-commis-des-crimes\\\/203411\\\/#breadcrumb\"},\"inLanguage\":\"fr-FR\",\"potentialAction\":[{\"@type\":\"ReadAction\",\"target\":[\"https:\\\/\\\/www.webdo.tn\\\/fr\\\/actualite\\\/national\\\/abou-kais-saied-a-commis-des-crimes\\\/203411\\\/\"]}]},{\"@type\":\"ImageObject\",\"inLanguage\":\"fr-FR\",\"@id\":\"https:\\\/\\\/www.webdo.tn\\\/fr\\\/actualite\\\/national\\\/abou-kais-saied-a-commis-des-crimes\\\/203411\\\/#primaryimage\",\"url\":\"https:\\\/\\\/www.webdo.tn\\\/fr\\\/wp-content\\\/uploads\\\/2023\\\/02\\\/f2a41cf15ef7c296b5248209472aaff2.jpg\",\"contentUrl\":\"https:\\\/\\\/www.webdo.tn\\\/fr\\\/wp-content\\\/uploads\\\/2023\\\/02\\\/f2a41cf15ef7c296b5248209472aaff2.jpg\",\"width\":750,\"height\":400,\"caption\":\"Mohamed Abou\"},{\"@type\":\"BreadcrumbList\",\"@id\":\"https:\\\/\\\/www.webdo.tn\\\/fr\\\/actualite\\\/national\\\/abou-kais-saied-a-commis-des-crimes\\\/203411\\\/#breadcrumb\",\"itemListElement\":[{\"@type\":\"ListItem\",\"position\":1,\"name\":\"Accueil\",\"item\":\"https:\\\/\\\/www.webdo.tn\\\/fr\\\/\"},{\"@type\":\"ListItem\",\"position\":2,\"name\":\"Mohamed Abbou : \u00ab Kais Saied a commis des crimes \u00bb\"}]},{\"@type\":\"WebSite\",\"@id\":\"https:\\\/\\\/www.webdo.tn\\\/fr\\\/#website\",\"url\":\"https:\\\/\\\/www.webdo.tn\\\/fr\\\/\",\"name\":\"webdo\",\"description\":\"Tunisie - News en Tunisie et \u00e0 l&#039;international sur Webdo.tn\",\"publisher\":{\"@id\":\"https:\\\/\\\/www.webdo.tn\\\/fr\\\/#organization\"},\"potentialAction\":[{\"@type\":\"SearchAction\",\"target\":{\"@type\":\"EntryPoint\",\"urlTemplate\":\"https:\\\/\\\/www.webdo.tn\\\/fr\\\/?s={search_term_string}\"},\"query-input\":{\"@type\":\"PropertyValueSpecification\",\"valueRequired\":true,\"valueName\":\"search_term_string\"}}],\"inLanguage\":\"fr-FR\"},{\"@type\":\"Organization\",\"@id\":\"https:\\\/\\\/www.webdo.tn\\\/fr\\\/#organization\",\"name\":\"Webdo\",\"alternateName\":\"Webdo.tn\",\"url\":\"https:\\\/\\\/www.webdo.tn\\\/fr\\\/\",\"logo\":{\"@type\":\"ImageObject\",\"inLanguage\":\"fr-FR\",\"@id\":\"https:\\\/\\\/www.webdo.tn\\\/fr\\\/#\\\/schema\\\/logo\\\/image\\\/\",\"url\":\"https:\\\/\\\/www.webdo.tn\\\/fr\\\/wp-content\\\/uploads\\\/2025\\\/06\\\/Webdo-Tunisie_168377.jpg\",\"contentUrl\":\"https:\\\/\\\/www.webdo.tn\\\/fr\\\/wp-content\\\/uploads\\\/2025\\\/06\\\/Webdo-Tunisie_168377.jpg\",\"width\":301,\"height\":301,\"caption\":\"Webdo\"},\"image\":{\"@id\":\"https:\\\/\\\/www.webdo.tn\\\/fr\\\/#\\\/schema\\\/logo\\\/image\\\/\"},\"sameAs\":[\"https:\\\/\\\/www.facebook.com\\\/webdotn\",\"https:\\\/\\\/x.com\\\/webdo_tn\"],\"description\":\"Webdo est un m\u00e9dia num\u00e9rique tunisien fond\u00e9 en 2010, sp\u00e9cialis\u00e9 dans l\u2019actualit\u00e9 nationale et internationale, l\u2019\u00e9conomie, la soci\u00e9t\u00e9 et les analyses politiques. Le site s\u2019adresse \u00e0 un large public francophone et couvre l\u2019information tunisienne en temps r\u00e9el.\",\"email\":\"redac@webdo.tn\",\"legalName\":\"YNJ SARL\",\"foundingDate\":\"2010-09-06\",\"numberOfEmployees\":{\"@type\":\"QuantitativeValue\",\"minValue\":\"11\",\"maxValue\":\"50\"}},{\"@type\":\"Person\",\"@id\":\"https:\\\/\\\/www.webdo.tn\\\/fr\\\/#\\\/schema\\\/person\\\/f35b42a42c5e2511bbd282959d6385cc\",\"name\":\"CL\",\"image\":{\"@type\":\"ImageObject\",\"inLanguage\":\"fr-FR\",\"@id\":\"https:\\\/\\\/secure.gravatar.com\\\/avatar\\\/1447a49909b67aa657c488aec6512e1dd6143a480c1ecfee9b5b5cd74eb3b59e?s=96&d=mm&r=g\",\"url\":\"https:\\\/\\\/secure.gravatar.com\\\/avatar\\\/1447a49909b67aa657c488aec6512e1dd6143a480c1ecfee9b5b5cd74eb3b59e?s=96&d=mm&r=g\",\"contentUrl\":\"https:\\\/\\\/secure.gravatar.com\\\/avatar\\\/1447a49909b67aa657c488aec6512e1dd6143a480c1ecfee9b5b5cd74eb3b59e?s=96&d=mm&r=g\",\"caption\":\"CL\"},\"url\":\"https:\\\/\\\/www.webdo.tn\\\/fr\\\/actualite\\\/author\\\/cl\\\/\"}]}<\/script>\n<!-- \/ Yoast SEO Premium plugin. -->","yoast_head_json":{"title":"Mohamed Abbou : \u00ab Kais Saied a commis des crimes \u00bb","description":"Mohamed Abbou brise le silence pour s\u2019attaquer au pr\u00e9sident de la R\u00e9publique.","canonical":"https:\/\/www.webdo.tn\/fr\/actualite\/national\/abou-kais-saied-a-commis-des-crimes\/203411\/","og_locale":"fr_FR","og_type":"article","og_title":"Mohamed Abbou : \u00ab Kais Saied a commis des crimes \u00bb","og_description":"Mohamed Abbou brise le silence pour s\u2019attaquer au pr\u00e9sident de la R\u00e9publique.","og_url":"https:\/\/www.webdo.tn\/fr\/actualite\/national\/abou-kais-saied-a-commis-des-crimes\/203411\/","og_site_name":"webdo","article_publisher":"https:\/\/www.facebook.com\/webdotn","article_published_time":"2023-02-28T09:36:00+00:00","article_modified_time":"2025-05-20T22:49:23+00:00","og_image":[{"width":750,"height":400,"url":"https:\/\/www.webdo.tn\/fr\/wp-content\/uploads\/2023\/02\/f2a41cf15ef7c296b5248209472aaff2.jpg","type":"image\/jpeg"}],"author":"CL","twitter_card":"summary_large_image","twitter_creator":"@webdo_tn","twitter_site":"@webdo_tn","twitter_misc":{"\u00c9crit par":"CL","Dur\u00e9e de lecture estim\u00e9e":"1 minute"},"schema":{"@context":"https:\/\/schema.org","@graph":[{"@type":"NewsArticle","@id":"https:\/\/www.webdo.tn\/fr\/actualite\/national\/abou-kais-saied-a-commis-des-crimes\/203411\/#article","isPartOf":{"@id":"https:\/\/www.webdo.tn\/fr\/actualite\/national\/abou-kais-saied-a-commis-des-crimes\/203411\/"},"author":{"name":"CL","@id":"https:\/\/www.webdo.tn\/fr\/#\/schema\/person\/f35b42a42c5e2511bbd282959d6385cc"},"headline":"Mohamed Abbou : \u00ab Kais Saied a commis des crimes \u00bb","datePublished":"2023-02-28T09:36:00+00:00","dateModified":"2025-05-20T22:49:23+00:00","mainEntityOfPage":{"@id":"https:\/\/www.webdo.tn\/fr\/actualite\/national\/abou-kais-saied-a-commis-des-crimes\/203411\/"},"wordCount":238,"commentCount":0,"publisher":{"@id":"https:\/\/www.webdo.tn\/fr\/#organization"},"image":{"@id":"https:\/\/www.webdo.tn\/fr\/actualite\/national\/abou-kais-saied-a-commis-des-crimes\/203411\/#primaryimage"},"thumbnailUrl":"https:\/\/www.webdo.tn\/fr\/wp-content\/uploads\/2023\/02\/f2a41cf15ef7c296b5248209472aaff2.jpg","keywords":["Abou","Kais Saied","Tunisie"],"articleSection":["National"],"inLanguage":"fr-FR"},{"@type":"WebPage","@id":"https:\/\/www.webdo.tn\/fr\/actualite\/national\/abou-kais-saied-a-commis-des-crimes\/203411\/","url":"https:\/\/www.webdo.tn\/fr\/actualite\/national\/abou-kais-saied-a-commis-des-crimes\/203411\/","name":"Mohamed Abbou : \u00ab Kais Saied a commis des crimes \u00bb","isPartOf":{"@id":"https:\/\/www.webdo.tn\/fr\/#website"},"primaryImageOfPage":{"@id":"https:\/\/www.webdo.tn\/fr\/actualite\/national\/abou-kais-saied-a-commis-des-crimes\/203411\/#primaryimage"},"image":{"@id":"https:\/\/www.webdo.tn\/fr\/actualite\/national\/abou-kais-saied-a-commis-des-crimes\/203411\/#primaryimage"},"thumbnailUrl":"https:\/\/www.webdo.tn\/fr\/wp-content\/uploads\/2023\/02\/f2a41cf15ef7c296b5248209472aaff2.jpg","datePublished":"2023-02-28T09:36:00+00:00","dateModified":"2025-05-20T22:49:23+00:00","description":"Mohamed Abbou brise le silence pour s\u2019attaquer au pr\u00e9sident de la R\u00e9publique.","breadcrumb":{"@id":"https:\/\/www.webdo.tn\/fr\/actualite\/national\/abou-kais-saied-a-commis-des-crimes\/203411\/#breadcrumb"},"inLanguage":"fr-FR","potentialAction":[{"@type":"ReadAction","target":["https:\/\/www.webdo.tn\/fr\/actualite\/national\/abou-kais-saied-a-commis-des-crimes\/203411\/"]}]},{"@type":"ImageObject","inLanguage":"fr-FR","@id":"https:\/\/www.webdo.tn\/fr\/actualite\/national\/abou-kais-saied-a-commis-des-crimes\/203411\/#primaryimage","url":"https:\/\/www.webdo.tn\/fr\/wp-content\/uploads\/2023\/02\/f2a41cf15ef7c296b5248209472aaff2.jpg","contentUrl":"https:\/\/www.webdo.tn\/fr\/wp-content\/uploads\/2023\/02\/f2a41cf15ef7c296b5248209472aaff2.jpg","width":750,"height":400,"caption":"Mohamed Abou"},{"@type":"BreadcrumbList","@id":"https:\/\/www.webdo.tn\/fr\/actualite\/national\/abou-kais-saied-a-commis-des-crimes\/203411\/#breadcrumb","itemListElement":[{"@type":"ListItem","position":1,"name":"Accueil","item":"https:\/\/www.webdo.tn\/fr\/"},{"@type":"ListItem","position":2,"name":"Mohamed Abbou : \u00ab Kais Saied a commis des crimes \u00bb"}]},{"@type":"WebSite","@id":"https:\/\/www.webdo.tn\/fr\/#website","url":"https:\/\/www.webdo.tn\/fr\/","name":"webdo","description":"Tunisie - News en Tunisie et \u00e0 l&#039;international sur Webdo.tn","publisher":{"@id":"https:\/\/www.webdo.tn\/fr\/#organization"},"potentialAction":[{"@type":"SearchAction","target":{"@type":"EntryPoint","urlTemplate":"https:\/\/www.webdo.tn\/fr\/?s={search_term_string}"},"query-input":{"@type":"PropertyValueSpecification","valueRequired":true,"valueName":"search_term_string"}}],"inLanguage":"fr-FR"},{"@type":"Organization","@id":"https:\/\/www.webdo.tn\/fr\/#organization","name":"Webdo","alternateName":"Webdo.tn","url":"https:\/\/www.webdo.tn\/fr\/","logo":{"@type":"ImageObject","inLanguage":"fr-FR","@id":"https:\/\/www.webdo.tn\/fr\/#\/schema\/logo\/image\/","url":"https:\/\/www.webdo.tn\/fr\/wp-content\/uploads\/2025\/06\/Webdo-Tunisie_168377.jpg","contentUrl":"https:\/\/www.webdo.tn\/fr\/wp-content\/uploads\/2025\/06\/Webdo-Tunisie_168377.jpg","width":301,"height":301,"caption":"Webdo"},"image":{"@id":"https:\/\/www.webdo.tn\/fr\/#\/schema\/logo\/image\/"},"sameAs":["https:\/\/www.facebook.com\/webdotn","https:\/\/x.com\/webdo_tn"],"description":"Webdo est un m\u00e9dia num\u00e9rique tunisien fond\u00e9 en 2010, sp\u00e9cialis\u00e9 dans l\u2019actualit\u00e9 nationale et internationale, l\u2019\u00e9conomie, la soci\u00e9t\u00e9 et les analyses politiques. Le site s\u2019adresse \u00e0 un large public francophone et couvre l\u2019information tunisienne en temps r\u00e9el.","email":"redac@webdo.tn","legalName":"YNJ SARL","foundingDate":"2010-09-06","numberOfEmployees":{"@type":"QuantitativeValue","minValue":"11","maxValue":"50"}},{"@type":"Person","@id":"https:\/\/www.webdo.tn\/fr\/#\/schema\/person\/f35b42a42c5e2511bbd282959d6385cc","name":"CL","image":{"@type":"ImageObject","inLanguage":"fr-FR","@id":"https:\/\/secure.gravatar.com\/avatar\/1447a49909b67aa657c488aec6512e1dd6143a480c1ecfee9b5b5cd74eb3b59e?s=96&d=mm&r=g","url":"https:\/\/secure.gravatar.com\/avatar\/1447a49909b67aa657c488aec6512e1dd6143a480c1ecfee9b5b5cd74eb3b59e?s=96&d=mm&r=g","contentUrl":"https:\/\/secure.gravatar.com\/avatar\/1447a49909b67aa657c488aec6512e1dd6143a480c1ecfee9b5b5cd74eb3b59e?s=96&d=mm&r=g","caption":"CL"},"url":"https:\/\/www.webdo.tn\/fr\/actualite\/author\/cl\/"}]}},"_links":{"self":[{"href":"https:\/\/www.webdo.tn\/fr\/wp-json\/wp\/v2\/posts\/203411","targetHints":{"allow":["GET"]}}],"collection":[{"href":"https:\/\/www.webdo.tn\/fr\/wp-json\/wp\/v2\/posts"}],"about":[{"href":"https:\/\/www.webdo.tn\/fr\/wp-json\/wp\/v2\/types\/post"}],"author":[{"embeddable":true,"href":"https:\/\/www.webdo.tn\/fr\/wp-json\/wp\/v2\/users\/3175"}],"replies":[{"embeddable":true,"href":"https:\/\/www.webdo.tn\/fr\/wp-json\/wp\/v2\/comments?post=203411"}],"version-history":[{"count":0,"href":"https:\/\/www.webdo.tn\/fr\/wp-json\/wp\/v2\/posts\/203411\/revisions"}],"wp:featuredmedia":[{"embeddable":true,"href":"https:\/\/www.webdo.tn\/fr\/wp-json\/wp\/v2\/media\/277832"}],"wp:attachment":[{"href":"https:\/\/www.webdo.tn\/fr\/wp-json\/wp\/v2\/media?parent=203411"}],"wp:term":[{"taxonomy":"category","embeddable":true,"href":"https:\/\/www.webdo.tn\/fr\/wp-json\/wp\/v2\/categories?post=203411"},{"taxonomy":"post_tag","embeddable":true,"href":"https:\/\/www.webdo.tn\/fr\/wp-json\/wp\/v2\/tags?post=203411"}],"curies":[{"name":"wp","href":"https:\/\/api.w.org\/{rel}","templated":true}]}}