{"id":203374,"date":"2023-02-27T10:39:00","date_gmt":"2023-02-27T10:39:00","guid":{"rendered":"https:\/\/www.webdo.tn\/fr\/blog\/seisme-en-turquie-et-en-syrie-concert-caritatif-de-lotfi-bouchnak-au-profit-des-victimes\/203374\/"},"modified":"2025-05-20T22:02:03","modified_gmt":"2025-05-20T22:02:03","slug":"seisme-en-turquie-et-en-syrie-concert-caritatif-de-lotfi-bouchnak-au-profit-des-victimes","status":"publish","type":"post","link":"https:\/\/www.webdo.tn\/fr\/actualite\/culture\/seisme-en-turquie-et-en-syrie-concert-caritatif-de-lotfi-bouchnak-au-profit-des-victimes\/203374\/","title":{"rendered":"S\u00e9isme en Turquie et en Syrie : Concert caritatif de Lotfi Bouchnak au profit des victimes"},"content":{"rendered":"<p>En solidarit\u00e9 avec les victimes des r\u00e9cents s\u00e9ismes en Syrie et en Turquie, le minist\u00e8re des Affaires Culturelles a annonc\u00e9 la tenue d&rsquo;un concert caritatif qui aura lieu, demain, mardi 28 f\u00e9vrier 2023, \u00e0 19h30, au Th\u00e9\u00e2tre de l&rsquo;Op\u00e9ra de Tunis.<\/p>\n<p>\t\t\t\t\t\t\t\t\tCe concert dont les b\u00e9n\u00e9fices iront au profit des victimes dans les deux pays, sera interpr\u00e9t\u00e9 par l&rsquo;artiste Lotfi Bouchnak.<\/p>\n<p>Les billets sont en vente aux guichets de la Cit\u00e9 de la culture et en ligne sur EazyTick. Le prix du ticket est de 40 dinars (Balcon) et 25 dinars (Orchestre).<\/p>\n<p>Le Th\u00e9\u00e2tre de l&rsquo;Op\u00e9ra de Tunis a organis\u00e9, le 12 f\u00e9vrier dernier, un premier concert caritatif dont les recettes \u00e9taient destin\u00e9es aux victimes du s\u00e9isme dans les deux pays.<\/p>\n<p>Rappelons qu\u2019un s\u00e9isme de magnitude 7,8 sur l&rsquo;\u00e9chelle de Richter a frapp\u00e9, le 6 f\u00e9vrier dernier, le Sud de la Turquie et le Nord-Ouest de la Syrie.<\/p>\n<p>Le bilan total des victimes ne cesse de grimper et le nombre des morts dans les deux pays d\u00e9passe actuellement les 47 mille d\u00e9c\u00e8s.<\/p>\n","protected":false},"excerpt":{"rendered":"<p>Lotfi Bouchnak donne un concert au profit des victimes des s\u00e9ismes en Syrie et en Turquie<\/p>\n","protected":false},"author":3162,"featured_media":251870,"comment_status":"open","ping_status":"closed","sticky":false,"template":"","format":"standard","meta":{"footnotes":""},"categories":[2594],"tags":[4595,8752,7271],"class_list":["post-203374","post","type-post","status-publish","format-standard","has-post-thumbnail","hentry","category-culture","tag-concert","tag-lotfi-bouchnak","tag-seisme"],"yoast_head":"<!-- This site is optimized with the Yoast SEO Premium plugin v27.4 (Yoast SEO v27.5) - https:\/\/yoast.com\/product\/yoast-seo-premium-wordpress\/ -->\n<title>S\u00e9isme en Turquie et en Syrie : Concert caritatif de Lotfi Bouchnak au profit des victimes<\/title>\n<meta name=\"description\" content=\"Lotfi Bouchnak donne un concert au profit des victimes des s\u00e9ismes en Syrie et en Turquie\" \/>\n<link rel=\"canonical\" href=\"https:\/\/www.webdo.tn\/fr\/actualite\/culture\/seisme-en-turquie-et-en-syrie-concert-caritatif-de-lotfi-bouchnak-au-profit-des-victimes\/203374\/\" \/>\n<meta property=\"og:locale\" content=\"fr_FR\" \/>\n<meta property=\"og:type\" content=\"article\" \/>\n<meta property=\"og:title\" content=\"S\u00e9isme en Turquie et en Syrie : Concert caritatif de Lotfi Bouchnak au profit des victimes\" \/>\n<meta property=\"og:description\" content=\"Lotfi Bouchnak donne un concert au profit des victimes des s\u00e9ismes en Syrie et en Turquie\" \/>\n<meta property=\"og:url\" content=\"https:\/\/www.webdo.tn\/fr\/actualite\/culture\/seisme-en-turquie-et-en-syrie-concert-caritatif-de-lotfi-bouchnak-au-profit-des-victimes\/203374\/\" \/>\n<meta property=\"og:site_name\" content=\"webdo\" \/>\n<meta property=\"article:publisher\" content=\"https:\/\/www.facebook.com\/webdotn\" \/>\n<meta property=\"article:published_time\" content=\"2023-02-27T10:39:00+00:00\" \/>\n<meta property=\"article:modified_time\" content=\"2025-05-20T22:02:03+00:00\" \/>\n<meta property=\"og:image\" content=\"https:\/\/www.webdo.tn\/fr\/wp-content\/uploads\/2023\/02\/e4daa15d58334c0b9b13b1b888073eee.jpg\" \/>\n\t<meta property=\"og:image:width\" content=\"650\" \/>\n\t<meta property=\"og:image:height\" content=\"347\" \/>\n\t<meta property=\"og:image:type\" content=\"image\/jpeg\" \/>\n<meta name=\"author\" content=\"MC\" \/>\n<meta name=\"twitter:card\" content=\"summary_large_image\" \/>\n<meta name=\"twitter:creator\" content=\"@webdo_tn\" \/>\n<meta name=\"twitter:site\" content=\"@webdo_tn\" \/>\n<meta name=\"twitter:label1\" content=\"\u00c9crit par\" \/>\n\t<meta name=\"twitter:data1\" content=\"MC\" \/>\n\t<meta name=\"twitter:label2\" content=\"Dur\u00e9e de lecture estim\u00e9e\" \/>\n\t<meta name=\"twitter:data2\" content=\"1 minute\" \/>\n<script type=\"application\/ld+json\" class=\"yoast-schema-graph\">{\"@context\":\"https:\\\/\\\/schema.org\",\"@graph\":[{\"@type\":\"NewsArticle\",\"@id\":\"https:\\\/\\\/www.webdo.tn\\\/fr\\\/actualite\\\/culture\\\/seisme-en-turquie-et-en-syrie-concert-caritatif-de-lotfi-bouchnak-au-profit-des-victimes\\\/203374\\\/#article\",\"isPartOf\":{\"@id\":\"https:\\\/\\\/www.webdo.tn\\\/fr\\\/actualite\\\/culture\\\/seisme-en-turquie-et-en-syrie-concert-caritatif-de-lotfi-bouchnak-au-profit-des-victimes\\\/203374\\\/\"},\"author\":{\"name\":\"MC\",\"@id\":\"https:\\\/\\\/www.webdo.tn\\\/fr\\\/#\\\/schema\\\/person\\\/2c4929cbf5a809e3bd38617c6ce150f6\"},\"headline\":\"S\u00e9isme en Turquie et en Syrie : Concert caritatif de Lotfi Bouchnak au profit des victimes\",\"datePublished\":\"2023-02-27T10:39:00+00:00\",\"dateModified\":\"2025-05-20T22:02:03+00:00\",\"mainEntityOfPage\":{\"@id\":\"https:\\\/\\\/www.webdo.tn\\\/fr\\\/actualite\\\/culture\\\/seisme-en-turquie-et-en-syrie-concert-caritatif-de-lotfi-bouchnak-au-profit-des-victimes\\\/203374\\\/\"},\"wordCount\":204,\"commentCount\":0,\"publisher\":{\"@id\":\"https:\\\/\\\/www.webdo.tn\\\/fr\\\/#organization\"},\"image\":{\"@id\":\"https:\\\/\\\/www.webdo.tn\\\/fr\\\/actualite\\\/culture\\\/seisme-en-turquie-et-en-syrie-concert-caritatif-de-lotfi-bouchnak-au-profit-des-victimes\\\/203374\\\/#primaryimage\"},\"thumbnailUrl\":\"https:\\\/\\\/www.webdo.tn\\\/fr\\\/wp-content\\\/uploads\\\/2023\\\/02\\\/e4daa15d58334c0b9b13b1b888073eee.jpg\",\"keywords\":[\"concert\",\"lotfi bouchnak\",\"s\u00e9isme\"],\"articleSection\":[\"Culture\"],\"inLanguage\":\"fr-FR\"},{\"@type\":\"WebPage\",\"@id\":\"https:\\\/\\\/www.webdo.tn\\\/fr\\\/actualite\\\/culture\\\/seisme-en-turquie-et-en-syrie-concert-caritatif-de-lotfi-bouchnak-au-profit-des-victimes\\\/203374\\\/\",\"url\":\"https:\\\/\\\/www.webdo.tn\\\/fr\\\/actualite\\\/culture\\\/seisme-en-turquie-et-en-syrie-concert-caritatif-de-lotfi-bouchnak-au-profit-des-victimes\\\/203374\\\/\",\"name\":\"S\u00e9isme en Turquie et en Syrie : Concert caritatif de Lotfi Bouchnak au profit des victimes\",\"isPartOf\":{\"@id\":\"https:\\\/\\\/www.webdo.tn\\\/fr\\\/#website\"},\"primaryImageOfPage\":{\"@id\":\"https:\\\/\\\/www.webdo.tn\\\/fr\\\/actualite\\\/culture\\\/seisme-en-turquie-et-en-syrie-concert-caritatif-de-lotfi-bouchnak-au-profit-des-victimes\\\/203374\\\/#primaryimage\"},\"image\":{\"@id\":\"https:\\\/\\\/www.webdo.tn\\\/fr\\\/actualite\\\/culture\\\/seisme-en-turquie-et-en-syrie-concert-caritatif-de-lotfi-bouchnak-au-profit-des-victimes\\\/203374\\\/#primaryimage\"},\"thumbnailUrl\":\"https:\\\/\\\/www.webdo.tn\\\/fr\\\/wp-content\\\/uploads\\\/2023\\\/02\\\/e4daa15d58334c0b9b13b1b888073eee.jpg\",\"datePublished\":\"2023-02-27T10:39:00+00:00\",\"dateModified\":\"2025-05-20T22:02:03+00:00\",\"description\":\"Lotfi Bouchnak donne un concert au profit des victimes des s\u00e9ismes en Syrie et en Turquie\",\"breadcrumb\":{\"@id\":\"https:\\\/\\\/www.webdo.tn\\\/fr\\\/actualite\\\/culture\\\/seisme-en-turquie-et-en-syrie-concert-caritatif-de-lotfi-bouchnak-au-profit-des-victimes\\\/203374\\\/#breadcrumb\"},\"inLanguage\":\"fr-FR\",\"potentialAction\":[{\"@type\":\"ReadAction\",\"target\":[\"https:\\\/\\\/www.webdo.tn\\\/fr\\\/actualite\\\/culture\\\/seisme-en-turquie-et-en-syrie-concert-caritatif-de-lotfi-bouchnak-au-profit-des-victimes\\\/203374\\\/\"]}]},{\"@type\":\"ImageObject\",\"inLanguage\":\"fr-FR\",\"@id\":\"https:\\\/\\\/www.webdo.tn\\\/fr\\\/actualite\\\/culture\\\/seisme-en-turquie-et-en-syrie-concert-caritatif-de-lotfi-bouchnak-au-profit-des-victimes\\\/203374\\\/#primaryimage\",\"url\":\"https:\\\/\\\/www.webdo.tn\\\/fr\\\/wp-content\\\/uploads\\\/2023\\\/02\\\/e4daa15d58334c0b9b13b1b888073eee.jpg\",\"contentUrl\":\"https:\\\/\\\/www.webdo.tn\\\/fr\\\/wp-content\\\/uploads\\\/2023\\\/02\\\/e4daa15d58334c0b9b13b1b888073eee.jpg\",\"width\":650,\"height\":347,\"caption\":\"S\u00e9isme en Turquie et en Syrie : Concert caritatif de Lotfi Bouchnak au profit des victimes\"},{\"@type\":\"BreadcrumbList\",\"@id\":\"https:\\\/\\\/www.webdo.tn\\\/fr\\\/actualite\\\/culture\\\/seisme-en-turquie-et-en-syrie-concert-caritatif-de-lotfi-bouchnak-au-profit-des-victimes\\\/203374\\\/#breadcrumb\",\"itemListElement\":[{\"@type\":\"ListItem\",\"position\":1,\"name\":\"Accueil\",\"item\":\"https:\\\/\\\/www.webdo.tn\\\/fr\\\/\"},{\"@type\":\"ListItem\",\"position\":2,\"name\":\"S\u00e9isme en Turquie et en Syrie : Concert caritatif de Lotfi Bouchnak au profit des victimes\"}]},{\"@type\":\"WebSite\",\"@id\":\"https:\\\/\\\/www.webdo.tn\\\/fr\\\/#website\",\"url\":\"https:\\\/\\\/www.webdo.tn\\\/fr\\\/\",\"name\":\"webdo\",\"description\":\"Tunisie - News en Tunisie et \u00e0 l&#039;international sur Webdo.tn\",\"publisher\":{\"@id\":\"https:\\\/\\\/www.webdo.tn\\\/fr\\\/#organization\"},\"potentialAction\":[{\"@type\":\"SearchAction\",\"target\":{\"@type\":\"EntryPoint\",\"urlTemplate\":\"https:\\\/\\\/www.webdo.tn\\\/fr\\\/?s={search_term_string}\"},\"query-input\":{\"@type\":\"PropertyValueSpecification\",\"valueRequired\":true,\"valueName\":\"search_term_string\"}}],\"inLanguage\":\"fr-FR\"},{\"@type\":\"Organization\",\"@id\":\"https:\\\/\\\/www.webdo.tn\\\/fr\\\/#organization\",\"name\":\"Webdo\",\"alternateName\":\"Webdo.tn\",\"url\":\"https:\\\/\\\/www.webdo.tn\\\/fr\\\/\",\"logo\":{\"@type\":\"ImageObject\",\"inLanguage\":\"fr-FR\",\"@id\":\"https:\\\/\\\/www.webdo.tn\\\/fr\\\/#\\\/schema\\\/logo\\\/image\\\/\",\"url\":\"https:\\\/\\\/www.webdo.tn\\\/fr\\\/wp-content\\\/uploads\\\/2025\\\/06\\\/Webdo-Tunisie_168377.jpg\",\"contentUrl\":\"https:\\\/\\\/www.webdo.tn\\\/fr\\\/wp-content\\\/uploads\\\/2025\\\/06\\\/Webdo-Tunisie_168377.jpg\",\"width\":301,\"height\":301,\"caption\":\"Webdo\"},\"image\":{\"@id\":\"https:\\\/\\\/www.webdo.tn\\\/fr\\\/#\\\/schema\\\/logo\\\/image\\\/\"},\"sameAs\":[\"https:\\\/\\\/www.facebook.com\\\/webdotn\",\"https:\\\/\\\/x.com\\\/webdo_tn\"],\"description\":\"Webdo est un m\u00e9dia num\u00e9rique tunisien fond\u00e9 en 2010, sp\u00e9cialis\u00e9 dans l\u2019actualit\u00e9 nationale et internationale, l\u2019\u00e9conomie, la soci\u00e9t\u00e9 et les analyses politiques. Le site s\u2019adresse \u00e0 un large public francophone et couvre l\u2019information tunisienne en temps r\u00e9el.\",\"email\":\"redac@webdo.tn\",\"legalName\":\"YNJ SARL\",\"foundingDate\":\"2010-09-06\",\"numberOfEmployees\":{\"@type\":\"QuantitativeValue\",\"minValue\":\"11\",\"maxValue\":\"50\"}},{\"@type\":\"Person\",\"@id\":\"https:\\\/\\\/www.webdo.tn\\\/fr\\\/#\\\/schema\\\/person\\\/2c4929cbf5a809e3bd38617c6ce150f6\",\"name\":\"MC\",\"image\":{\"@type\":\"ImageObject\",\"inLanguage\":\"fr-FR\",\"@id\":\"https:\\\/\\\/secure.gravatar.com\\\/avatar\\\/a545bbb6f84efdd5553dbbc2895e3ca8f1d12c5215e00a041c9670b54aa9b18a?s=96&d=mm&r=g\",\"url\":\"https:\\\/\\\/secure.gravatar.com\\\/avatar\\\/a545bbb6f84efdd5553dbbc2895e3ca8f1d12c5215e00a041c9670b54aa9b18a?s=96&d=mm&r=g\",\"contentUrl\":\"https:\\\/\\\/secure.gravatar.com\\\/avatar\\\/a545bbb6f84efdd5553dbbc2895e3ca8f1d12c5215e00a041c9670b54aa9b18a?s=96&d=mm&r=g\",\"caption\":\"MC\"},\"url\":\"https:\\\/\\\/www.webdo.tn\\\/fr\\\/actualite\\\/author\\\/mc\\\/\"}]}<\/script>\n<!-- \/ Yoast SEO Premium plugin. -->","yoast_head_json":{"title":"S\u00e9isme en Turquie et en Syrie : Concert caritatif de Lotfi Bouchnak au profit des victimes","description":"Lotfi Bouchnak donne un concert au profit des victimes des s\u00e9ismes en Syrie et en Turquie","canonical":"https:\/\/www.webdo.tn\/fr\/actualite\/culture\/seisme-en-turquie-et-en-syrie-concert-caritatif-de-lotfi-bouchnak-au-profit-des-victimes\/203374\/","og_locale":"fr_FR","og_type":"article","og_title":"S\u00e9isme en Turquie et en Syrie : Concert caritatif de Lotfi Bouchnak au profit des victimes","og_description":"Lotfi Bouchnak donne un concert au profit des victimes des s\u00e9ismes en Syrie et en Turquie","og_url":"https:\/\/www.webdo.tn\/fr\/actualite\/culture\/seisme-en-turquie-et-en-syrie-concert-caritatif-de-lotfi-bouchnak-au-profit-des-victimes\/203374\/","og_site_name":"webdo","article_publisher":"https:\/\/www.facebook.com\/webdotn","article_published_time":"2023-02-27T10:39:00+00:00","article_modified_time":"2025-05-20T22:02:03+00:00","og_image":[{"width":650,"height":347,"url":"https:\/\/www.webdo.tn\/fr\/wp-content\/uploads\/2023\/02\/e4daa15d58334c0b9b13b1b888073eee.jpg","type":"image\/jpeg"}],"author":"MC","twitter_card":"summary_large_image","twitter_creator":"@webdo_tn","twitter_site":"@webdo_tn","twitter_misc":{"\u00c9crit par":"MC","Dur\u00e9e de lecture estim\u00e9e":"1 minute"},"schema":{"@context":"https:\/\/schema.org","@graph":[{"@type":"NewsArticle","@id":"https:\/\/www.webdo.tn\/fr\/actualite\/culture\/seisme-en-turquie-et-en-syrie-concert-caritatif-de-lotfi-bouchnak-au-profit-des-victimes\/203374\/#article","isPartOf":{"@id":"https:\/\/www.webdo.tn\/fr\/actualite\/culture\/seisme-en-turquie-et-en-syrie-concert-caritatif-de-lotfi-bouchnak-au-profit-des-victimes\/203374\/"},"author":{"name":"MC","@id":"https:\/\/www.webdo.tn\/fr\/#\/schema\/person\/2c4929cbf5a809e3bd38617c6ce150f6"},"headline":"S\u00e9isme en Turquie et en Syrie : Concert caritatif de Lotfi Bouchnak au profit des victimes","datePublished":"2023-02-27T10:39:00+00:00","dateModified":"2025-05-20T22:02:03+00:00","mainEntityOfPage":{"@id":"https:\/\/www.webdo.tn\/fr\/actualite\/culture\/seisme-en-turquie-et-en-syrie-concert-caritatif-de-lotfi-bouchnak-au-profit-des-victimes\/203374\/"},"wordCount":204,"commentCount":0,"publisher":{"@id":"https:\/\/www.webdo.tn\/fr\/#organization"},"image":{"@id":"https:\/\/www.webdo.tn\/fr\/actualite\/culture\/seisme-en-turquie-et-en-syrie-concert-caritatif-de-lotfi-bouchnak-au-profit-des-victimes\/203374\/#primaryimage"},"thumbnailUrl":"https:\/\/www.webdo.tn\/fr\/wp-content\/uploads\/2023\/02\/e4daa15d58334c0b9b13b1b888073eee.jpg","keywords":["concert","lotfi bouchnak","s\u00e9isme"],"articleSection":["Culture"],"inLanguage":"fr-FR"},{"@type":"WebPage","@id":"https:\/\/www.webdo.tn\/fr\/actualite\/culture\/seisme-en-turquie-et-en-syrie-concert-caritatif-de-lotfi-bouchnak-au-profit-des-victimes\/203374\/","url":"https:\/\/www.webdo.tn\/fr\/actualite\/culture\/seisme-en-turquie-et-en-syrie-concert-caritatif-de-lotfi-bouchnak-au-profit-des-victimes\/203374\/","name":"S\u00e9isme en Turquie et en Syrie : Concert caritatif de Lotfi Bouchnak au profit des victimes","isPartOf":{"@id":"https:\/\/www.webdo.tn\/fr\/#website"},"primaryImageOfPage":{"@id":"https:\/\/www.webdo.tn\/fr\/actualite\/culture\/seisme-en-turquie-et-en-syrie-concert-caritatif-de-lotfi-bouchnak-au-profit-des-victimes\/203374\/#primaryimage"},"image":{"@id":"https:\/\/www.webdo.tn\/fr\/actualite\/culture\/seisme-en-turquie-et-en-syrie-concert-caritatif-de-lotfi-bouchnak-au-profit-des-victimes\/203374\/#primaryimage"},"thumbnailUrl":"https:\/\/www.webdo.tn\/fr\/wp-content\/uploads\/2023\/02\/e4daa15d58334c0b9b13b1b888073eee.jpg","datePublished":"2023-02-27T10:39:00+00:00","dateModified":"2025-05-20T22:02:03+00:00","description":"Lotfi Bouchnak donne un concert au profit des victimes des s\u00e9ismes en Syrie et en Turquie","breadcrumb":{"@id":"https:\/\/www.webdo.tn\/fr\/actualite\/culture\/seisme-en-turquie-et-en-syrie-concert-caritatif-de-lotfi-bouchnak-au-profit-des-victimes\/203374\/#breadcrumb"},"inLanguage":"fr-FR","potentialAction":[{"@type":"ReadAction","target":["https:\/\/www.webdo.tn\/fr\/actualite\/culture\/seisme-en-turquie-et-en-syrie-concert-caritatif-de-lotfi-bouchnak-au-profit-des-victimes\/203374\/"]}]},{"@type":"ImageObject","inLanguage":"fr-FR","@id":"https:\/\/www.webdo.tn\/fr\/actualite\/culture\/seisme-en-turquie-et-en-syrie-concert-caritatif-de-lotfi-bouchnak-au-profit-des-victimes\/203374\/#primaryimage","url":"https:\/\/www.webdo.tn\/fr\/wp-content\/uploads\/2023\/02\/e4daa15d58334c0b9b13b1b888073eee.jpg","contentUrl":"https:\/\/www.webdo.tn\/fr\/wp-content\/uploads\/2023\/02\/e4daa15d58334c0b9b13b1b888073eee.jpg","width":650,"height":347,"caption":"S\u00e9isme en Turquie et en Syrie : Concert caritatif de Lotfi Bouchnak au profit des victimes"},{"@type":"BreadcrumbList","@id":"https:\/\/www.webdo.tn\/fr\/actualite\/culture\/seisme-en-turquie-et-en-syrie-concert-caritatif-de-lotfi-bouchnak-au-profit-des-victimes\/203374\/#breadcrumb","itemListElement":[{"@type":"ListItem","position":1,"name":"Accueil","item":"https:\/\/www.webdo.tn\/fr\/"},{"@type":"ListItem","position":2,"name":"S\u00e9isme en Turquie et en Syrie : Concert caritatif de Lotfi Bouchnak au profit des victimes"}]},{"@type":"WebSite","@id":"https:\/\/www.webdo.tn\/fr\/#website","url":"https:\/\/www.webdo.tn\/fr\/","name":"webdo","description":"Tunisie - News en Tunisie et \u00e0 l&#039;international sur Webdo.tn","publisher":{"@id":"https:\/\/www.webdo.tn\/fr\/#organization"},"potentialAction":[{"@type":"SearchAction","target":{"@type":"EntryPoint","urlTemplate":"https:\/\/www.webdo.tn\/fr\/?s={search_term_string}"},"query-input":{"@type":"PropertyValueSpecification","valueRequired":true,"valueName":"search_term_string"}}],"inLanguage":"fr-FR"},{"@type":"Organization","@id":"https:\/\/www.webdo.tn\/fr\/#organization","name":"Webdo","alternateName":"Webdo.tn","url":"https:\/\/www.webdo.tn\/fr\/","logo":{"@type":"ImageObject","inLanguage":"fr-FR","@id":"https:\/\/www.webdo.tn\/fr\/#\/schema\/logo\/image\/","url":"https:\/\/www.webdo.tn\/fr\/wp-content\/uploads\/2025\/06\/Webdo-Tunisie_168377.jpg","contentUrl":"https:\/\/www.webdo.tn\/fr\/wp-content\/uploads\/2025\/06\/Webdo-Tunisie_168377.jpg","width":301,"height":301,"caption":"Webdo"},"image":{"@id":"https:\/\/www.webdo.tn\/fr\/#\/schema\/logo\/image\/"},"sameAs":["https:\/\/www.facebook.com\/webdotn","https:\/\/x.com\/webdo_tn"],"description":"Webdo est un m\u00e9dia num\u00e9rique tunisien fond\u00e9 en 2010, sp\u00e9cialis\u00e9 dans l\u2019actualit\u00e9 nationale et internationale, l\u2019\u00e9conomie, la soci\u00e9t\u00e9 et les analyses politiques. Le site s\u2019adresse \u00e0 un large public francophone et couvre l\u2019information tunisienne en temps r\u00e9el.","email":"redac@webdo.tn","legalName":"YNJ SARL","foundingDate":"2010-09-06","numberOfEmployees":{"@type":"QuantitativeValue","minValue":"11","maxValue":"50"}},{"@type":"Person","@id":"https:\/\/www.webdo.tn\/fr\/#\/schema\/person\/2c4929cbf5a809e3bd38617c6ce150f6","name":"MC","image":{"@type":"ImageObject","inLanguage":"fr-FR","@id":"https:\/\/secure.gravatar.com\/avatar\/a545bbb6f84efdd5553dbbc2895e3ca8f1d12c5215e00a041c9670b54aa9b18a?s=96&d=mm&r=g","url":"https:\/\/secure.gravatar.com\/avatar\/a545bbb6f84efdd5553dbbc2895e3ca8f1d12c5215e00a041c9670b54aa9b18a?s=96&d=mm&r=g","contentUrl":"https:\/\/secure.gravatar.com\/avatar\/a545bbb6f84efdd5553dbbc2895e3ca8f1d12c5215e00a041c9670b54aa9b18a?s=96&d=mm&r=g","caption":"MC"},"url":"https:\/\/www.webdo.tn\/fr\/actualite\/author\/mc\/"}]}},"_links":{"self":[{"href":"https:\/\/www.webdo.tn\/fr\/wp-json\/wp\/v2\/posts\/203374","targetHints":{"allow":["GET"]}}],"collection":[{"href":"https:\/\/www.webdo.tn\/fr\/wp-json\/wp\/v2\/posts"}],"about":[{"href":"https:\/\/www.webdo.tn\/fr\/wp-json\/wp\/v2\/types\/post"}],"author":[{"embeddable":true,"href":"https:\/\/www.webdo.tn\/fr\/wp-json\/wp\/v2\/users\/3162"}],"replies":[{"embeddable":true,"href":"https:\/\/www.webdo.tn\/fr\/wp-json\/wp\/v2\/comments?post=203374"}],"version-history":[{"count":0,"href":"https:\/\/www.webdo.tn\/fr\/wp-json\/wp\/v2\/posts\/203374\/revisions"}],"wp:featuredmedia":[{"embeddable":true,"href":"https:\/\/www.webdo.tn\/fr\/wp-json\/wp\/v2\/media\/251870"}],"wp:attachment":[{"href":"https:\/\/www.webdo.tn\/fr\/wp-json\/wp\/v2\/media?parent=203374"}],"wp:term":[{"taxonomy":"category","embeddable":true,"href":"https:\/\/www.webdo.tn\/fr\/wp-json\/wp\/v2\/categories?post=203374"},{"taxonomy":"post_tag","embeddable":true,"href":"https:\/\/www.webdo.tn\/fr\/wp-json\/wp\/v2\/tags?post=203374"}],"curies":[{"name":"wp","href":"https:\/\/api.w.org\/{rel}","templated":true}]}}