{"id":203370,"date":"2023-02-27T10:29:00","date_gmt":"2023-02-27T10:29:00","guid":{"rendered":"https:\/\/www.webdo.tn\/fr\/blog\/le-festival-international-du-film-de-femmes-d-assouan-rend-hommage-a-la-realisatrice-tunisienne-salma-baccar\/203370\/"},"modified":"2023-02-27T10:29:00","modified_gmt":"2023-02-27T10:29:00","slug":"le-festival-international-du-film-de-femmes-d-assouan-rend-hommage-a-la-realisatrice-tunisienne-salma-baccar","status":"publish","type":"post","link":"https:\/\/www.webdo.tn\/fr\/actualite\/culture\/le-festival-international-du-film-de-femmes-d-assouan-rend-hommage-a-la-realisatrice-tunisienne-salma-baccar\/203370\/","title":{"rendered":"Le Festival international du film de femmes d&rsquo;Assouan rend hommage \u00e0 la r\u00e9alisatrice Salma Baccar"},"content":{"rendered":"<div class=\"single-body entry-content typography-copy\" itemprop=\"articleBody\">\n<p style=\"font-weight: bold; text-align: justify\">\n\t\t\t\t\t\t\t\t\tLa direction du Festival international du film de femmes d&rsquo;Assouan a d\u00e9cid\u00e9 d&rsquo;honorer la grande r\u00e9alisatrice et productrice tunisienne Salma Baccar, lors de la c\u00e9r\u00e9monie d&rsquo;ouverture de sa septi\u00e8me \u00e9dition, qui se tiendra du 5 au 10 mars prochain, en reconnaissance de son parcours remarquable. Salma Baccar est consid\u00e9r\u00e9e comme l&rsquo;une des pionni\u00e8res du cin\u00e9ma arabe et la premi\u00e8re r\u00e9alisatrice tunisienne \u00e0 produire ses propres \u0153uvres.\n\t\t\t\t\t\t\t\t<\/p>\n<div class=\"coprs\" style=\"text-align: center\"><\/div>\n<div class=\"coprs\" style=\"text-align: justify\">\n<p><span><span>Salma Baccar est n\u00e9e le 15 d\u00e9cembre 1945. Apr\u00e8s des \u00e9tudes de cin\u00e9ma au sein de l&rsquo;Institut national des arts et techniques du cin\u00e9ma de Paris, elle a commenc\u00e9 sa carri\u00e8re en r\u00e9alisant deux courts m\u00e9trages dans le cadre de la F\u00e9d\u00e9ration Tunisienne des Cin\u00e9astes Amateurs (FTCA). Elle a\u00a0 ensuite travaill\u00e9 pour la t\u00e9l\u00e9vision tunisienne (ERTT) et a \u00e9galement \u00e9t\u00e9 assistante r\u00e9alisatrice sur le tournage de plusieurs films avant de r\u00e9aliser son premier long m\u00e9trage de fiction, <strong><em>Fatma 75<\/em><\/strong>, en 1975 qui aborde la condition des femmes dans la Tunisie postcoloniale. Elle encha\u00eene ensuite avec d&rsquo;autres films engag\u00e9s, comme <strong><em>La danse du feu<\/em><\/strong> (1994) qui retrace la vie de la chanteuse et danseuse Habiba Msika, ou encore <em><strong>Khochkhach<\/strong><\/em> (2006), qui met en lumi\u00e8re la condition des femmes travailleuses en Tunisie.<\/span><\/span><\/p>\n<p><span><span>Son dernier film <em><strong>Al Jaida<\/strong><\/em>\u00a0(2017) raconte l&rsquo;histoire de femmes d\u2019\u00e2ge, de temp\u00e9rament et de milieu social diff\u00e9rents, mais qui se retrouvent emprisonn\u00e9es toutes ensemble dans Dar Joued, juste avant l&rsquo;ind\u00e9pendance de la Tunisie. Salma Baccar a expliqu\u00e9 qu&rsquo;elle avait \u00e9crit son film <em>Al Jaida<\/em> en 2007, mais qu&rsquo;elle l&rsquo;avait r\u00e9\u00e9crit apr\u00e8s la r\u00e9volution tunisienne de 2011, car elle avait peur que les droits des femmes tunisiennes soient remis en question. En effet, les islamistes au pouvoir avaient parl\u00e9 de r\u00e9tablir la polygamie, de compl\u00e9mentarit\u00e9 des femmes et avaient surtout voulu introduire la charia dans la constitution. <\/span><\/span><\/p>\n<p><a href=\"https:\/\/www.webdo.tn\/fr\/actualite\/culture\/succes-film-tunisien-el-jaida-festival-international-film-caire\/199694#\"><span><span><em>Al Jaida<\/em>\u00a0a \u00e9t\u00e9 projet\u00e9 au Festival International du Film du Caire (CIFF) le 25 novembre 2017, Journ\u00e9e internationale pour l&rsquo;\u00e9limination de la violence \u00e0 l&rsquo;\u00e9gard des femmes, o\u00f9 il avait eu un \u00e9norme succ\u00e8s aupr\u00e8s du public \u00e9gyptien.<\/span><\/span><\/a><\/p>\n<p><span><span>En 1990, Salma Baccar \u00e9tait devenue la premi\u00e8re femme \u00e0 travailler dans la production cin\u00e9matographique en Tunisie, produisant des films pour des r\u00e9alisateurs tels que Mohamed Ali El Oqby, Mahmoud Ben Mahmoud, Najia Ben Mahmoud et Abdellatif Ben Ammar<\/span><\/span><\/p>\n<p><span><span>Apr\u00e8s la r\u00e9volution tunisienne, Salma Baccar a \u00e9t\u00e9 \u00e9lue membre du Conseil national de l&rsquo;Assembl\u00e9e constituante charg\u00e9e de la r\u00e9daction de la Constitution tunisienne. Elle a \u00e9t\u00e9 pr\u00e9sente avec force sur la sc\u00e8ne politique tunisienne en tant que d\u00e9put\u00e9e au Parlement tunisien, d\u00e9fendant les droits et les libert\u00e9s des femmes et des minorit\u00e9s.<\/span><\/span><\/p>\n<p><span><span>Le Dr Azza Kamel, vice-pr\u00e9sidente du conseil d&rsquo;administration du Festival international du film de femmes d&rsquo;Assouan, a d\u00e9clar\u00e9 que Salma Baccar \u00e9tait une grande personnalit\u00e9 non seulement dans le cin\u00e9ma tunisien, mais \u00e9galement dans le cin\u00e9ma arabe. Ses films ont exprim\u00e9 les soucis des femmes tunisiennes \u00e0 diff\u00e9rentes \u00e9poques historiques, en plus de son r\u00f4le historique en tant que premi\u00e8re r\u00e9alisatrice tunisienne d\u2019un long m\u00e9trage de fiction. Elle a soulign\u00e9 que le festival cherchait \u00e0 honorer les femmes cr\u00e9atives qui ont contribu\u00e9 \u00e0 l&rsquo;expression des questions des femmes dans diff\u00e9rentes parties du monde.<\/span><\/span><\/p>\n<p><span><span>Le Dr Azza a soulign\u00e9 que le combat de Salma Baccar pour les questions des femmes ne s&rsquo;est pas limit\u00e9 \u00e0 l&rsquo;\u00e9cran, en tant que r\u00e9alisatrice ou productrice, mais qu&rsquo;elle \u00e9tait \u00e9galement pr\u00e9sente et active sur la sc\u00e8ne politique tunisienne, en tant que membre de l&rsquo;Assembl\u00e9e nationale constituante pour la r\u00e9daction de la Constitution apr\u00e8s la r\u00e9volution du Jasmin et en tant que d\u00e9put\u00e9e au Parlement tunisien d\u00e9fendant les droits et les libert\u00e9s. Elle a confirm\u00e9 que l&rsquo;hommage \u00e0 Salma Baccar constituait aussi un hommage pour le cin\u00e9ma tunisien qui a connu ces derni\u00e8res ann\u00e9es un grand succ\u00e8s au niveau international avec ses films.<\/span><\/span><\/p>\n<p><span><span>Le Festival international du film de la femme d&rsquo;Assouan mettra en lumi\u00e8re la contribution exceptionnelle de Salma Baccar au cin\u00e9ma arabe et aux questions f\u00e9minines. Son parcours cr\u00e9atif remarquable a permis de donner une voix aux femmes tunisiennes et de refl\u00e9ter leurs pr\u00e9occupations dans ses \u0153uvres cin\u00e9matographiques et t\u00e9l\u00e9visuelles. En tant que pionni\u00e8re du cin\u00e9ma arabe, elle a su ouvrir la voie pour les femmes r\u00e9alisatrices et productrices en Tunisie et dans la r\u00e9gion. L&rsquo;hommage qui lui est rendu ne manquera pas de souligner son engagement non seulement en tant qu&rsquo;artiste, mais aussi en tant que militante pour les droits et les libert\u00e9s en Tunisie. Cette reconnaissance est une belle occasion de c\u00e9l\u00e9brer le cin\u00e9ma tunisien et sa contribution \u00e0 la culture et \u00e0 la soci\u00e9t\u00e9.<\/span><\/span><\/p>\n<p><strong><span><span>Ne\u00efla Driss, selon communiqu\u00e9.<\/span><\/span><\/strong><\/p>\n<\/p><\/div>\n<div class=\"coprs\" style=\"text-align: center\"><\/div><\/div>\n","protected":false},"excerpt":{"rendered":"<p>La direction du Festival international du film de femmes d&rsquo;Assouan a d\u00e9cid\u00e9 d&rsquo;honorer la grande r\u00e9alisatrice et productrice tunisienne Salma Baccar, lors de la&#8230;<\/p>\n","protected":false},"author":3164,"featured_media":251868,"comment_status":"open","ping_status":"closed","sticky":false,"template":"","format":"standard","meta":{"footnotes":""},"categories":[2594],"tags":[2626,8751,8750,3106,8260,8687],"class_list":["post-203370","post","type-post","status-publish","format-standard","has-post-thumbnail","hentry","category-culture","tag-cinema","tag-cinema-tunisie","tag-festival-international-du-film-de-femmes-dassouan","tag-hommage","tag-realisatrice","tag-salma-baccar"],"yoast_head":"<!-- This site is optimized with the Yoast SEO Premium plugin v27.5 (Yoast SEO v27.5) - https:\/\/yoast.com\/product\/yoast-seo-premium-wordpress\/ -->\n<title>Le Festival international du film de femmes d&#039;Assouan rend hommage \u00e0 la r\u00e9alisatrice Salma Baccar<\/title>\n<meta name=\"description\" content=\"La direction du Festival international du film de femmes d&#039;Assouan a d\u00e9cid\u00e9 d&#039;honorer la grande r\u00e9alisatrice et productrice tunisienne Salma Baccar, lors de la...\" \/>\n<link rel=\"canonical\" href=\"https:\/\/www.webdo.tn\/fr\/actualite\/culture\/le-festival-international-du-film-de-femmes-d-assouan-rend-hommage-a-la-realisatrice-tunisienne-salma-baccar\/203370\/\" \/>\n<meta property=\"og:locale\" content=\"fr_FR\" \/>\n<meta property=\"og:type\" content=\"article\" \/>\n<meta property=\"og:title\" content=\"Le Festival international du film de femmes d&#039;Assouan rend hommage \u00e0 la r\u00e9alisatrice Salma Baccar\" \/>\n<meta property=\"og:description\" content=\"La direction du Festival international du film de femmes d&#039;Assouan a d\u00e9cid\u00e9 d&#039;honorer la grande r\u00e9alisatrice et productrice tunisienne Salma Baccar, lors de la...\" \/>\n<meta property=\"og:url\" content=\"https:\/\/www.webdo.tn\/fr\/actualite\/culture\/le-festival-international-du-film-de-femmes-d-assouan-rend-hommage-a-la-realisatrice-tunisienne-salma-baccar\/203370\/\" \/>\n<meta property=\"og:site_name\" content=\"webdo\" \/>\n<meta property=\"article:publisher\" content=\"https:\/\/www.facebook.com\/webdotn\" \/>\n<meta property=\"article:author\" content=\"https:\/\/www.facebook.com\/massir.destiniii\/\" \/>\n<meta property=\"article:published_time\" content=\"2023-02-27T10:29:00+00:00\" \/>\n<meta property=\"og:image\" content=\"https:\/\/www.webdo.tn\/fr\/wp-content\/uploads\/2023\/02\/77c8e10fd8527e5e145f7664ac9f1433.jpg\" \/>\n\t<meta property=\"og:image:width\" content=\"750\" \/>\n\t<meta property=\"og:image:height\" content=\"400\" \/>\n\t<meta property=\"og:image:type\" content=\"image\/jpeg\" \/>\n<meta name=\"author\" content=\"Ne\u00efla DRISS\" \/>\n<meta name=\"twitter:card\" content=\"summary_large_image\" \/>\n<meta name=\"twitter:creator\" content=\"@https:\/\/x.com\/MassirDestin\" \/>\n<meta name=\"twitter:site\" content=\"@webdo_tn\" \/>\n<meta name=\"twitter:label1\" content=\"\u00c9crit par\" \/>\n\t<meta name=\"twitter:data1\" content=\"Ne\u00efla DRISS\" \/>\n\t<meta name=\"twitter:label2\" content=\"Dur\u00e9e de lecture estim\u00e9e\" \/>\n\t<meta name=\"twitter:data2\" content=\"4 minutes\" \/>\n<script type=\"application\/ld+json\" class=\"yoast-schema-graph\">{\"@context\":\"https:\\\/\\\/schema.org\",\"@graph\":[{\"@type\":\"NewsArticle\",\"@id\":\"https:\\\/\\\/www.webdo.tn\\\/fr\\\/actualite\\\/culture\\\/le-festival-international-du-film-de-femmes-d-assouan-rend-hommage-a-la-realisatrice-tunisienne-salma-baccar\\\/203370\\\/#article\",\"isPartOf\":{\"@id\":\"https:\\\/\\\/www.webdo.tn\\\/fr\\\/actualite\\\/culture\\\/le-festival-international-du-film-de-femmes-d-assouan-rend-hommage-a-la-realisatrice-tunisienne-salma-baccar\\\/203370\\\/\"},\"author\":{\"name\":\"Ne\u00efla DRISS\",\"@id\":\"https:\\\/\\\/www.webdo.tn\\\/fr\\\/#\\\/schema\\\/person\\\/60d5ba619ed3f58783b0dc82b7dada80\"},\"headline\":\"Le Festival international du film de femmes d&rsquo;Assouan rend hommage \u00e0 la r\u00e9alisatrice Salma Baccar\",\"datePublished\":\"2023-02-27T10:29:00+00:00\",\"mainEntityOfPage\":{\"@id\":\"https:\\\/\\\/www.webdo.tn\\\/fr\\\/actualite\\\/culture\\\/le-festival-international-du-film-de-femmes-d-assouan-rend-hommage-a-la-realisatrice-tunisienne-salma-baccar\\\/203370\\\/\"},\"wordCount\":872,\"commentCount\":0,\"publisher\":{\"@id\":\"https:\\\/\\\/www.webdo.tn\\\/fr\\\/#organization\"},\"image\":{\"@id\":\"https:\\\/\\\/www.webdo.tn\\\/fr\\\/actualite\\\/culture\\\/le-festival-international-du-film-de-femmes-d-assouan-rend-hommage-a-la-realisatrice-tunisienne-salma-baccar\\\/203370\\\/#primaryimage\"},\"thumbnailUrl\":\"https:\\\/\\\/www.webdo.tn\\\/fr\\\/wp-content\\\/uploads\\\/2023\\\/02\\\/77c8e10fd8527e5e145f7664ac9f1433.jpg\",\"keywords\":[\"Cin\u00e9ma\",\"Cin\u00e9ma tunisie\",\"Festival international du film de femmes d'Assouan\",\"Hommage\",\"R\u00e9alisatrice\",\"Salma Baccar\"],\"articleSection\":[\"Culture\"],\"inLanguage\":\"fr-FR\"},{\"@type\":\"WebPage\",\"@id\":\"https:\\\/\\\/www.webdo.tn\\\/fr\\\/actualite\\\/culture\\\/le-festival-international-du-film-de-femmes-d-assouan-rend-hommage-a-la-realisatrice-tunisienne-salma-baccar\\\/203370\\\/\",\"url\":\"https:\\\/\\\/www.webdo.tn\\\/fr\\\/actualite\\\/culture\\\/le-festival-international-du-film-de-femmes-d-assouan-rend-hommage-a-la-realisatrice-tunisienne-salma-baccar\\\/203370\\\/\",\"name\":\"Le Festival international du film de femmes d'Assouan rend hommage \u00e0 la r\u00e9alisatrice Salma Baccar\",\"isPartOf\":{\"@id\":\"https:\\\/\\\/www.webdo.tn\\\/fr\\\/#website\"},\"primaryImageOfPage\":{\"@id\":\"https:\\\/\\\/www.webdo.tn\\\/fr\\\/actualite\\\/culture\\\/le-festival-international-du-film-de-femmes-d-assouan-rend-hommage-a-la-realisatrice-tunisienne-salma-baccar\\\/203370\\\/#primaryimage\"},\"image\":{\"@id\":\"https:\\\/\\\/www.webdo.tn\\\/fr\\\/actualite\\\/culture\\\/le-festival-international-du-film-de-femmes-d-assouan-rend-hommage-a-la-realisatrice-tunisienne-salma-baccar\\\/203370\\\/#primaryimage\"},\"thumbnailUrl\":\"https:\\\/\\\/www.webdo.tn\\\/fr\\\/wp-content\\\/uploads\\\/2023\\\/02\\\/77c8e10fd8527e5e145f7664ac9f1433.jpg\",\"datePublished\":\"2023-02-27T10:29:00+00:00\",\"description\":\"La direction du Festival international du film de femmes d'Assouan a d\u00e9cid\u00e9 d'honorer la grande r\u00e9alisatrice et productrice tunisienne Salma Baccar, lors de la...\",\"breadcrumb\":{\"@id\":\"https:\\\/\\\/www.webdo.tn\\\/fr\\\/actualite\\\/culture\\\/le-festival-international-du-film-de-femmes-d-assouan-rend-hommage-a-la-realisatrice-tunisienne-salma-baccar\\\/203370\\\/#breadcrumb\"},\"inLanguage\":\"fr-FR\",\"potentialAction\":[{\"@type\":\"ReadAction\",\"target\":[\"https:\\\/\\\/www.webdo.tn\\\/fr\\\/actualite\\\/culture\\\/le-festival-international-du-film-de-femmes-d-assouan-rend-hommage-a-la-realisatrice-tunisienne-salma-baccar\\\/203370\\\/\"]}]},{\"@type\":\"ImageObject\",\"inLanguage\":\"fr-FR\",\"@id\":\"https:\\\/\\\/www.webdo.tn\\\/fr\\\/actualite\\\/culture\\\/le-festival-international-du-film-de-femmes-d-assouan-rend-hommage-a-la-realisatrice-tunisienne-salma-baccar\\\/203370\\\/#primaryimage\",\"url\":\"https:\\\/\\\/www.webdo.tn\\\/fr\\\/wp-content\\\/uploads\\\/2023\\\/02\\\/77c8e10fd8527e5e145f7664ac9f1433.jpg\",\"contentUrl\":\"https:\\\/\\\/www.webdo.tn\\\/fr\\\/wp-content\\\/uploads\\\/2023\\\/02\\\/77c8e10fd8527e5e145f7664ac9f1433.jpg\",\"width\":750,\"height\":400,\"caption\":\"Le Festival international du film de femmes d'Assouan rend hommage \u00e0 la r\u00e9alisatrice tunisienne Salma Baccar\"},{\"@type\":\"BreadcrumbList\",\"@id\":\"https:\\\/\\\/www.webdo.tn\\\/fr\\\/actualite\\\/culture\\\/le-festival-international-du-film-de-femmes-d-assouan-rend-hommage-a-la-realisatrice-tunisienne-salma-baccar\\\/203370\\\/#breadcrumb\",\"itemListElement\":[{\"@type\":\"ListItem\",\"position\":1,\"name\":\"Accueil\",\"item\":\"https:\\\/\\\/www.webdo.tn\\\/fr\\\/\"},{\"@type\":\"ListItem\",\"position\":2,\"name\":\"Le Festival international du film de femmes d&rsquo;Assouan rend hommage \u00e0 la r\u00e9alisatrice Salma Baccar\"}]},{\"@type\":\"WebSite\",\"@id\":\"https:\\\/\\\/www.webdo.tn\\\/fr\\\/#website\",\"url\":\"https:\\\/\\\/www.webdo.tn\\\/fr\\\/\",\"name\":\"webdo\",\"description\":\"Tunisie - News en Tunisie et \u00e0 l&#039;international sur Webdo.tn\",\"publisher\":{\"@id\":\"https:\\\/\\\/www.webdo.tn\\\/fr\\\/#organization\"},\"potentialAction\":[{\"@type\":\"SearchAction\",\"target\":{\"@type\":\"EntryPoint\",\"urlTemplate\":\"https:\\\/\\\/www.webdo.tn\\\/fr\\\/?s={search_term_string}\"},\"query-input\":{\"@type\":\"PropertyValueSpecification\",\"valueRequired\":true,\"valueName\":\"search_term_string\"}}],\"inLanguage\":\"fr-FR\"},{\"@type\":\"Organization\",\"@id\":\"https:\\\/\\\/www.webdo.tn\\\/fr\\\/#organization\",\"name\":\"Webdo\",\"alternateName\":\"Webdo.tn\",\"url\":\"https:\\\/\\\/www.webdo.tn\\\/fr\\\/\",\"logo\":{\"@type\":\"ImageObject\",\"inLanguage\":\"fr-FR\",\"@id\":\"https:\\\/\\\/www.webdo.tn\\\/fr\\\/#\\\/schema\\\/logo\\\/image\\\/\",\"url\":\"https:\\\/\\\/www.webdo.tn\\\/fr\\\/wp-content\\\/uploads\\\/2025\\\/06\\\/Webdo-Tunisie_168377.jpg\",\"contentUrl\":\"https:\\\/\\\/www.webdo.tn\\\/fr\\\/wp-content\\\/uploads\\\/2025\\\/06\\\/Webdo-Tunisie_168377.jpg\",\"width\":301,\"height\":301,\"caption\":\"Webdo\"},\"image\":{\"@id\":\"https:\\\/\\\/www.webdo.tn\\\/fr\\\/#\\\/schema\\\/logo\\\/image\\\/\"},\"sameAs\":[\"https:\\\/\\\/www.facebook.com\\\/webdotn\",\"https:\\\/\\\/x.com\\\/webdo_tn\"],\"description\":\"Webdo est un m\u00e9dia num\u00e9rique tunisien fond\u00e9 en 2010, sp\u00e9cialis\u00e9 dans l\u2019actualit\u00e9 nationale et internationale, l\u2019\u00e9conomie, la soci\u00e9t\u00e9 et les analyses politiques. Le site s\u2019adresse \u00e0 un large public francophone et couvre l\u2019information tunisienne en temps r\u00e9el.\",\"email\":\"redac@webdo.tn\",\"legalName\":\"YNJ SARL\",\"foundingDate\":\"2010-09-06\",\"numberOfEmployees\":{\"@type\":\"QuantitativeValue\",\"minValue\":\"11\",\"maxValue\":\"50\"}},{\"@type\":\"Person\",\"@id\":\"https:\\\/\\\/www.webdo.tn\\\/fr\\\/#\\\/schema\\\/person\\\/60d5ba619ed3f58783b0dc82b7dada80\",\"name\":\"Ne\u00efla DRISS\",\"image\":{\"@type\":\"ImageObject\",\"inLanguage\":\"fr-FR\",\"@id\":\"https:\\\/\\\/www.webdo.tn\\\/fr\\\/wp-content\\\/uploads\\\/2026\\\/04\\\/neila-driss_avatar-96x96.jpg\",\"url\":\"https:\\\/\\\/www.webdo.tn\\\/fr\\\/wp-content\\\/uploads\\\/2026\\\/04\\\/neila-driss_avatar-96x96.jpg\",\"contentUrl\":\"https:\\\/\\\/www.webdo.tn\\\/fr\\\/wp-content\\\/uploads\\\/2026\\\/04\\\/neila-driss_avatar-96x96.jpg\",\"caption\":\"Ne\u00efla DRISS\"},\"description\":\"Ne\u00efla Driss est juriste, journaliste culturelle et critique de cin\u00e9ma tunisienne. Titulaire d\u2019un DEA en droit priv\u00e9 de l\u2019Universit\u00e9 Paris II et d\u2019un DESS de l\u2019IHEC Carthage, elle d\u00e9bute sa carri\u00e8re comme juriste sp\u00e9cialis\u00e9e en gestion de patrimoine immobilier. Elle s\u2019oriente ensuite vers l\u2019\u00e9criture en ligne, o\u00f9 elle se distingue d\u00e8s 2006 aux Tunisia Blog Awards, avant de se consacrer au journalisme culturel, avec une sp\u00e9cialisation dans la critique cin\u00e9matographique. Elle couvre r\u00e9guli\u00e8rement les grands festivals internationaux, notamment le Festival de Cannes, les Journ\u00e9es Cin\u00e9matographiques de Carthage et le Festival du film du Caire. Membre de l\u2019ATPCC et de la FIPRESCI, elle participe \u00e0 des jurys et initiatives internationales de critique. Depuis 2024, elle est \u00e9lectrice internationale aux Golden Globes. Facebook : https:\\\/\\\/www.facebook.com\\\/massir.destiniii\\\/ X : https:\\\/\\\/x.com\\\/MassirDestin\",\"sameAs\":[\"https:\\\/\\\/www.facebook.com\\\/massir.destiniii\\\/\",\"https:\\\/\\\/www.instagram.com\\\/neila.driss\\\/?hl=fr\",\"https:\\\/\\\/www.linkedin.com\\\/in\\\/neila-driss-22606a80\\\/\",\"https:\\\/\\\/x.com\\\/https:\\\/\\\/x.com\\\/MassirDestin\"],\"knowsAbout\":[\"Cin\u00e9ma international\",\"critique cin\u00e9matographique\",\"festivals de cin\u00e9ma\",\"journalisme culturel\"],\"knowsLanguage\":[\"Fran\u00e7ais\",\"Arabe\",\"Anglais\"],\"jobTitle\":\"Journaliste culturelle et critique de cin\u00e9ma\",\"worksFor\":\"Webdo\",\"url\":\"https:\\\/\\\/www.webdo.tn\\\/fr\\\/actualite\\\/author\\\/neila-driss\\\/\"}]}<\/script>\n<!-- \/ Yoast SEO Premium plugin. -->","yoast_head_json":{"title":"Le Festival international du film de femmes d'Assouan rend hommage \u00e0 la r\u00e9alisatrice Salma Baccar","description":"La direction du Festival international du film de femmes d'Assouan a d\u00e9cid\u00e9 d'honorer la grande r\u00e9alisatrice et productrice tunisienne Salma Baccar, lors de la...","canonical":"https:\/\/www.webdo.tn\/fr\/actualite\/culture\/le-festival-international-du-film-de-femmes-d-assouan-rend-hommage-a-la-realisatrice-tunisienne-salma-baccar\/203370\/","og_locale":"fr_FR","og_type":"article","og_title":"Le Festival international du film de femmes d'Assouan rend hommage \u00e0 la r\u00e9alisatrice Salma Baccar","og_description":"La direction du Festival international du film de femmes d'Assouan a d\u00e9cid\u00e9 d'honorer la grande r\u00e9alisatrice et productrice tunisienne Salma Baccar, lors de la...","og_url":"https:\/\/www.webdo.tn\/fr\/actualite\/culture\/le-festival-international-du-film-de-femmes-d-assouan-rend-hommage-a-la-realisatrice-tunisienne-salma-baccar\/203370\/","og_site_name":"webdo","article_publisher":"https:\/\/www.facebook.com\/webdotn","article_author":"https:\/\/www.facebook.com\/massir.destiniii\/","article_published_time":"2023-02-27T10:29:00+00:00","og_image":[{"width":750,"height":400,"url":"https:\/\/www.webdo.tn\/fr\/wp-content\/uploads\/2023\/02\/77c8e10fd8527e5e145f7664ac9f1433.jpg","type":"image\/jpeg"}],"author":"Ne\u00efla DRISS","twitter_card":"summary_large_image","twitter_creator":"@https:\/\/x.com\/MassirDestin","twitter_site":"@webdo_tn","twitter_misc":{"\u00c9crit par":"Ne\u00efla DRISS","Dur\u00e9e de lecture estim\u00e9e":"4 minutes"},"schema":{"@context":"https:\/\/schema.org","@graph":[{"@type":"NewsArticle","@id":"https:\/\/www.webdo.tn\/fr\/actualite\/culture\/le-festival-international-du-film-de-femmes-d-assouan-rend-hommage-a-la-realisatrice-tunisienne-salma-baccar\/203370\/#article","isPartOf":{"@id":"https:\/\/www.webdo.tn\/fr\/actualite\/culture\/le-festival-international-du-film-de-femmes-d-assouan-rend-hommage-a-la-realisatrice-tunisienne-salma-baccar\/203370\/"},"author":{"name":"Ne\u00efla DRISS","@id":"https:\/\/www.webdo.tn\/fr\/#\/schema\/person\/60d5ba619ed3f58783b0dc82b7dada80"},"headline":"Le Festival international du film de femmes d&rsquo;Assouan rend hommage \u00e0 la r\u00e9alisatrice Salma Baccar","datePublished":"2023-02-27T10:29:00+00:00","mainEntityOfPage":{"@id":"https:\/\/www.webdo.tn\/fr\/actualite\/culture\/le-festival-international-du-film-de-femmes-d-assouan-rend-hommage-a-la-realisatrice-tunisienne-salma-baccar\/203370\/"},"wordCount":872,"commentCount":0,"publisher":{"@id":"https:\/\/www.webdo.tn\/fr\/#organization"},"image":{"@id":"https:\/\/www.webdo.tn\/fr\/actualite\/culture\/le-festival-international-du-film-de-femmes-d-assouan-rend-hommage-a-la-realisatrice-tunisienne-salma-baccar\/203370\/#primaryimage"},"thumbnailUrl":"https:\/\/www.webdo.tn\/fr\/wp-content\/uploads\/2023\/02\/77c8e10fd8527e5e145f7664ac9f1433.jpg","keywords":["Cin\u00e9ma","Cin\u00e9ma tunisie","Festival international du film de femmes d'Assouan","Hommage","R\u00e9alisatrice","Salma Baccar"],"articleSection":["Culture"],"inLanguage":"fr-FR"},{"@type":"WebPage","@id":"https:\/\/www.webdo.tn\/fr\/actualite\/culture\/le-festival-international-du-film-de-femmes-d-assouan-rend-hommage-a-la-realisatrice-tunisienne-salma-baccar\/203370\/","url":"https:\/\/www.webdo.tn\/fr\/actualite\/culture\/le-festival-international-du-film-de-femmes-d-assouan-rend-hommage-a-la-realisatrice-tunisienne-salma-baccar\/203370\/","name":"Le Festival international du film de femmes d'Assouan rend hommage \u00e0 la r\u00e9alisatrice Salma Baccar","isPartOf":{"@id":"https:\/\/www.webdo.tn\/fr\/#website"},"primaryImageOfPage":{"@id":"https:\/\/www.webdo.tn\/fr\/actualite\/culture\/le-festival-international-du-film-de-femmes-d-assouan-rend-hommage-a-la-realisatrice-tunisienne-salma-baccar\/203370\/#primaryimage"},"image":{"@id":"https:\/\/www.webdo.tn\/fr\/actualite\/culture\/le-festival-international-du-film-de-femmes-d-assouan-rend-hommage-a-la-realisatrice-tunisienne-salma-baccar\/203370\/#primaryimage"},"thumbnailUrl":"https:\/\/www.webdo.tn\/fr\/wp-content\/uploads\/2023\/02\/77c8e10fd8527e5e145f7664ac9f1433.jpg","datePublished":"2023-02-27T10:29:00+00:00","description":"La direction du Festival international du film de femmes d'Assouan a d\u00e9cid\u00e9 d'honorer la grande r\u00e9alisatrice et productrice tunisienne Salma Baccar, lors de la...","breadcrumb":{"@id":"https:\/\/www.webdo.tn\/fr\/actualite\/culture\/le-festival-international-du-film-de-femmes-d-assouan-rend-hommage-a-la-realisatrice-tunisienne-salma-baccar\/203370\/#breadcrumb"},"inLanguage":"fr-FR","potentialAction":[{"@type":"ReadAction","target":["https:\/\/www.webdo.tn\/fr\/actualite\/culture\/le-festival-international-du-film-de-femmes-d-assouan-rend-hommage-a-la-realisatrice-tunisienne-salma-baccar\/203370\/"]}]},{"@type":"ImageObject","inLanguage":"fr-FR","@id":"https:\/\/www.webdo.tn\/fr\/actualite\/culture\/le-festival-international-du-film-de-femmes-d-assouan-rend-hommage-a-la-realisatrice-tunisienne-salma-baccar\/203370\/#primaryimage","url":"https:\/\/www.webdo.tn\/fr\/wp-content\/uploads\/2023\/02\/77c8e10fd8527e5e145f7664ac9f1433.jpg","contentUrl":"https:\/\/www.webdo.tn\/fr\/wp-content\/uploads\/2023\/02\/77c8e10fd8527e5e145f7664ac9f1433.jpg","width":750,"height":400,"caption":"Le Festival international du film de femmes d'Assouan rend hommage \u00e0 la r\u00e9alisatrice tunisienne Salma Baccar"},{"@type":"BreadcrumbList","@id":"https:\/\/www.webdo.tn\/fr\/actualite\/culture\/le-festival-international-du-film-de-femmes-d-assouan-rend-hommage-a-la-realisatrice-tunisienne-salma-baccar\/203370\/#breadcrumb","itemListElement":[{"@type":"ListItem","position":1,"name":"Accueil","item":"https:\/\/www.webdo.tn\/fr\/"},{"@type":"ListItem","position":2,"name":"Le Festival international du film de femmes d&rsquo;Assouan rend hommage \u00e0 la r\u00e9alisatrice Salma Baccar"}]},{"@type":"WebSite","@id":"https:\/\/www.webdo.tn\/fr\/#website","url":"https:\/\/www.webdo.tn\/fr\/","name":"webdo","description":"Tunisie - News en Tunisie et \u00e0 l&#039;international sur Webdo.tn","publisher":{"@id":"https:\/\/www.webdo.tn\/fr\/#organization"},"potentialAction":[{"@type":"SearchAction","target":{"@type":"EntryPoint","urlTemplate":"https:\/\/www.webdo.tn\/fr\/?s={search_term_string}"},"query-input":{"@type":"PropertyValueSpecification","valueRequired":true,"valueName":"search_term_string"}}],"inLanguage":"fr-FR"},{"@type":"Organization","@id":"https:\/\/www.webdo.tn\/fr\/#organization","name":"Webdo","alternateName":"Webdo.tn","url":"https:\/\/www.webdo.tn\/fr\/","logo":{"@type":"ImageObject","inLanguage":"fr-FR","@id":"https:\/\/www.webdo.tn\/fr\/#\/schema\/logo\/image\/","url":"https:\/\/www.webdo.tn\/fr\/wp-content\/uploads\/2025\/06\/Webdo-Tunisie_168377.jpg","contentUrl":"https:\/\/www.webdo.tn\/fr\/wp-content\/uploads\/2025\/06\/Webdo-Tunisie_168377.jpg","width":301,"height":301,"caption":"Webdo"},"image":{"@id":"https:\/\/www.webdo.tn\/fr\/#\/schema\/logo\/image\/"},"sameAs":["https:\/\/www.facebook.com\/webdotn","https:\/\/x.com\/webdo_tn"],"description":"Webdo est un m\u00e9dia num\u00e9rique tunisien fond\u00e9 en 2010, sp\u00e9cialis\u00e9 dans l\u2019actualit\u00e9 nationale et internationale, l\u2019\u00e9conomie, la soci\u00e9t\u00e9 et les analyses politiques. Le site s\u2019adresse \u00e0 un large public francophone et couvre l\u2019information tunisienne en temps r\u00e9el.","email":"redac@webdo.tn","legalName":"YNJ SARL","foundingDate":"2010-09-06","numberOfEmployees":{"@type":"QuantitativeValue","minValue":"11","maxValue":"50"}},{"@type":"Person","@id":"https:\/\/www.webdo.tn\/fr\/#\/schema\/person\/60d5ba619ed3f58783b0dc82b7dada80","name":"Ne\u00efla DRISS","image":{"@type":"ImageObject","inLanguage":"fr-FR","@id":"https:\/\/www.webdo.tn\/fr\/wp-content\/uploads\/2026\/04\/neila-driss_avatar-96x96.jpg","url":"https:\/\/www.webdo.tn\/fr\/wp-content\/uploads\/2026\/04\/neila-driss_avatar-96x96.jpg","contentUrl":"https:\/\/www.webdo.tn\/fr\/wp-content\/uploads\/2026\/04\/neila-driss_avatar-96x96.jpg","caption":"Ne\u00efla DRISS"},"description":"Ne\u00efla Driss est juriste, journaliste culturelle et critique de cin\u00e9ma tunisienne. Titulaire d\u2019un DEA en droit priv\u00e9 de l\u2019Universit\u00e9 Paris II et d\u2019un DESS de l\u2019IHEC Carthage, elle d\u00e9bute sa carri\u00e8re comme juriste sp\u00e9cialis\u00e9e en gestion de patrimoine immobilier. Elle s\u2019oriente ensuite vers l\u2019\u00e9criture en ligne, o\u00f9 elle se distingue d\u00e8s 2006 aux Tunisia Blog Awards, avant de se consacrer au journalisme culturel, avec une sp\u00e9cialisation dans la critique cin\u00e9matographique. Elle couvre r\u00e9guli\u00e8rement les grands festivals internationaux, notamment le Festival de Cannes, les Journ\u00e9es Cin\u00e9matographiques de Carthage et le Festival du film du Caire. Membre de l\u2019ATPCC et de la FIPRESCI, elle participe \u00e0 des jurys et initiatives internationales de critique. Depuis 2024, elle est \u00e9lectrice internationale aux Golden Globes. Facebook : https:\/\/www.facebook.com\/massir.destiniii\/ X : https:\/\/x.com\/MassirDestin","sameAs":["https:\/\/www.facebook.com\/massir.destiniii\/","https:\/\/www.instagram.com\/neila.driss\/?hl=fr","https:\/\/www.linkedin.com\/in\/neila-driss-22606a80\/","https:\/\/x.com\/https:\/\/x.com\/MassirDestin"],"knowsAbout":["Cin\u00e9ma international","critique cin\u00e9matographique","festivals de cin\u00e9ma","journalisme culturel"],"knowsLanguage":["Fran\u00e7ais","Arabe","Anglais"],"jobTitle":"Journaliste culturelle et critique de cin\u00e9ma","worksFor":"Webdo","url":"https:\/\/www.webdo.tn\/fr\/actualite\/author\/neila-driss\/"}]}},"_links":{"self":[{"href":"https:\/\/www.webdo.tn\/fr\/wp-json\/wp\/v2\/posts\/203370","targetHints":{"allow":["GET"]}}],"collection":[{"href":"https:\/\/www.webdo.tn\/fr\/wp-json\/wp\/v2\/posts"}],"about":[{"href":"https:\/\/www.webdo.tn\/fr\/wp-json\/wp\/v2\/types\/post"}],"author":[{"embeddable":true,"href":"https:\/\/www.webdo.tn\/fr\/wp-json\/wp\/v2\/users\/3164"}],"replies":[{"embeddable":true,"href":"https:\/\/www.webdo.tn\/fr\/wp-json\/wp\/v2\/comments?post=203370"}],"version-history":[{"count":0,"href":"https:\/\/www.webdo.tn\/fr\/wp-json\/wp\/v2\/posts\/203370\/revisions"}],"wp:featuredmedia":[{"embeddable":true,"href":"https:\/\/www.webdo.tn\/fr\/wp-json\/wp\/v2\/media\/251868"}],"wp:attachment":[{"href":"https:\/\/www.webdo.tn\/fr\/wp-json\/wp\/v2\/media?parent=203370"}],"wp:term":[{"taxonomy":"category","embeddable":true,"href":"https:\/\/www.webdo.tn\/fr\/wp-json\/wp\/v2\/categories?post=203370"},{"taxonomy":"post_tag","embeddable":true,"href":"https:\/\/www.webdo.tn\/fr\/wp-json\/wp\/v2\/tags?post=203370"}],"curies":[{"name":"wp","href":"https:\/\/api.w.org\/{rel}","templated":true}]}}