{"id":203365,"date":"2023-02-26T16:41:00","date_gmt":"2023-02-26T16:41:00","guid":{"rendered":"https:\/\/www.webdo.tn\/fr\/blog\/tunisie-denonce-par-sa-femme-un-homme-d-affaires-arrete\/203365\/"},"modified":"2025-05-20T22:45:15","modified_gmt":"2025-05-20T22:45:15","slug":"tunisie-denonce-par-sa-femme-un-homme-d-affaires-arrete","status":"publish","type":"post","link":"https:\/\/www.webdo.tn\/fr\/actualite\/divers\/tunisie-denonce-par-sa-femme-un-homme-d-affaires-arrete\/203365\/","title":{"rendered":"Tunisie : D\u00e9nonc\u00e9 par sa femme, un homme d\u2019affaires arr\u00eat\u00e9"},"content":{"rendered":"<p>Dans un communiqu\u00e9 rendu public ce dimanche 26 f\u00e9vrier 2023, le minist\u00e8re de l\u2019Int\u00e9rieur annonce avoir arr\u00eat\u00e9 un homme d\u2019affaires, propri\u00e9taire d\u2019une soci\u00e9t\u00e9 de commercialisation de caf\u00e9.<\/p>\n<p>\t\t\t\t\t\t\t\t\tSelon la m\u00eame source, l\u2019homme d\u2019affaires en question a \u00e9t\u00e9 d\u00e9nonc\u00e9 par sa femme pour possession de quantit\u00e9 d\u2019or et de montres de grande valeur.\u00a0<\/p>\n<p>On indique que la personne arr\u00eat\u00e9e a reconnu avoir d\u00e9cid\u00e9 de ne pas approvisionner le march\u00e9 en caf\u00e9, et ce suite \u00e0 un compromis avec une autre soci\u00e9t\u00e9.\u00a0<\/p>\n<p>Le minist\u00e8re de l\u2019Int\u00e9rieur annonce que six montres et des quantit\u00e9s d\u2019or ont \u00e9t\u00e9 saisies dans le domicile de cet homme d\u2019affaires.<\/p>\n","protected":false},"excerpt":{"rendered":"<p>Dans un communiqu\u00e9 rendu public ce dimanche 26 f\u00e9vrier 2023, le minist\u00e8re de l\u2019Int\u00e9rieur annonce avoir arr\u00eat\u00e9 un homme d\u2019affaires, propri\u00e9taire d\u2019une soci\u00e9t\u00e9 de&#8230;<\/p>\n","protected":false},"author":3175,"featured_media":251869,"comment_status":"open","ping_status":"closed","sticky":false,"template":"","format":"standard","meta":{"footnotes":""},"categories":[2839],"tags":[3663,2683,2608],"class_list":["post-203365","post","type-post","status-publish","format-standard","has-post-thumbnail","hentry","category-divers","tag-cafe","tag-homme-daffaires","tag-tunisie"],"yoast_head":"<!-- This site is optimized with the Yoast SEO Premium plugin v27.5 (Yoast SEO v27.5) - https:\/\/yoast.com\/product\/yoast-seo-premium-wordpress\/ -->\n<title>Tunisie : D\u00e9nonc\u00e9 par sa femme, un homme d\u2019affaires arr\u00eat\u00e9<\/title>\n<meta name=\"description\" content=\"Dans un communiqu\u00e9 rendu public ce dimanche 26 f\u00e9vrier 2023, le minist\u00e8re de l\u2019Int\u00e9rieur annonce avoir arr\u00eat\u00e9 un homme d\u2019affaires, propri\u00e9taire d\u2019une soci\u00e9t\u00e9 de...\" \/>\n<link rel=\"canonical\" href=\"https:\/\/www.webdo.tn\/fr\/actualite\/divers\/tunisie-denonce-par-sa-femme-un-homme-d-affaires-arrete\/203365\/\" \/>\n<meta property=\"og:locale\" content=\"fr_FR\" \/>\n<meta property=\"og:type\" content=\"article\" \/>\n<meta property=\"og:title\" content=\"Tunisie : D\u00e9nonc\u00e9 par sa femme, un homme d\u2019affaires arr\u00eat\u00e9\" \/>\n<meta property=\"og:description\" content=\"Dans un communiqu\u00e9 rendu public ce dimanche 26 f\u00e9vrier 2023, le minist\u00e8re de l\u2019Int\u00e9rieur annonce avoir arr\u00eat\u00e9 un homme d\u2019affaires, propri\u00e9taire d\u2019une soci\u00e9t\u00e9 de...\" \/>\n<meta property=\"og:url\" content=\"https:\/\/www.webdo.tn\/fr\/actualite\/divers\/tunisie-denonce-par-sa-femme-un-homme-d-affaires-arrete\/203365\/\" \/>\n<meta property=\"og:site_name\" content=\"webdo\" \/>\n<meta property=\"article:publisher\" content=\"https:\/\/www.facebook.com\/webdotn\" \/>\n<meta property=\"article:published_time\" content=\"2023-02-26T16:41:00+00:00\" \/>\n<meta property=\"article:modified_time\" content=\"2025-05-20T22:45:15+00:00\" \/>\n<meta property=\"og:image\" content=\"https:\/\/www.webdo.tn\/fr\/wp-content\/uploads\/2023\/02\/f73262372e3d9362c96340131edd9152.png\" \/>\n\t<meta property=\"og:image:width\" content=\"750\" \/>\n\t<meta property=\"og:image:height\" content=\"400\" \/>\n\t<meta property=\"og:image:type\" content=\"image\/png\" \/>\n<meta name=\"author\" content=\"CL\" \/>\n<meta name=\"twitter:card\" content=\"summary_large_image\" \/>\n<meta name=\"twitter:creator\" content=\"@webdo_tn\" \/>\n<meta name=\"twitter:site\" content=\"@webdo_tn\" \/>\n<meta name=\"twitter:label1\" content=\"\u00c9crit par\" \/>\n\t<meta name=\"twitter:data1\" content=\"CL\" \/>\n\t<meta name=\"twitter:label2\" content=\"Dur\u00e9e de lecture estim\u00e9e\" \/>\n\t<meta name=\"twitter:data2\" content=\"1 minute\" \/>\n<script type=\"application\/ld+json\" class=\"yoast-schema-graph\">{\"@context\":\"https:\\\/\\\/schema.org\",\"@graph\":[{\"@type\":\"NewsArticle\",\"@id\":\"https:\\\/\\\/www.webdo.tn\\\/fr\\\/actualite\\\/divers\\\/tunisie-denonce-par-sa-femme-un-homme-d-affaires-arrete\\\/203365\\\/#article\",\"isPartOf\":{\"@id\":\"https:\\\/\\\/www.webdo.tn\\\/fr\\\/actualite\\\/divers\\\/tunisie-denonce-par-sa-femme-un-homme-d-affaires-arrete\\\/203365\\\/\"},\"author\":{\"name\":\"CL\",\"@id\":\"https:\\\/\\\/www.webdo.tn\\\/fr\\\/#\\\/schema\\\/person\\\/f35b42a42c5e2511bbd282959d6385cc\"},\"headline\":\"Tunisie : D\u00e9nonc\u00e9 par sa femme, un homme d\u2019affaires arr\u00eat\u00e9\",\"datePublished\":\"2023-02-26T16:41:00+00:00\",\"dateModified\":\"2025-05-20T22:45:15+00:00\",\"mainEntityOfPage\":{\"@id\":\"https:\\\/\\\/www.webdo.tn\\\/fr\\\/actualite\\\/divers\\\/tunisie-denonce-par-sa-femme-un-homme-d-affaires-arrete\\\/203365\\\/\"},\"wordCount\":135,\"commentCount\":0,\"publisher\":{\"@id\":\"https:\\\/\\\/www.webdo.tn\\\/fr\\\/#organization\"},\"image\":{\"@id\":\"https:\\\/\\\/www.webdo.tn\\\/fr\\\/actualite\\\/divers\\\/tunisie-denonce-par-sa-femme-un-homme-d-affaires-arrete\\\/203365\\\/#primaryimage\"},\"thumbnailUrl\":\"https:\\\/\\\/www.webdo.tn\\\/fr\\\/wp-content\\\/uploads\\\/2023\\\/02\\\/f73262372e3d9362c96340131edd9152.png\",\"keywords\":[\"caf\u00e9\",\"Homme d'affaires\",\"Tunisie\"],\"articleSection\":[\"Divers\"],\"inLanguage\":\"fr-FR\"},{\"@type\":\"WebPage\",\"@id\":\"https:\\\/\\\/www.webdo.tn\\\/fr\\\/actualite\\\/divers\\\/tunisie-denonce-par-sa-femme-un-homme-d-affaires-arrete\\\/203365\\\/\",\"url\":\"https:\\\/\\\/www.webdo.tn\\\/fr\\\/actualite\\\/divers\\\/tunisie-denonce-par-sa-femme-un-homme-d-affaires-arrete\\\/203365\\\/\",\"name\":\"Tunisie : D\u00e9nonc\u00e9 par sa femme, un homme d\u2019affaires arr\u00eat\u00e9\",\"isPartOf\":{\"@id\":\"https:\\\/\\\/www.webdo.tn\\\/fr\\\/#website\"},\"primaryImageOfPage\":{\"@id\":\"https:\\\/\\\/www.webdo.tn\\\/fr\\\/actualite\\\/divers\\\/tunisie-denonce-par-sa-femme-un-homme-d-affaires-arrete\\\/203365\\\/#primaryimage\"},\"image\":{\"@id\":\"https:\\\/\\\/www.webdo.tn\\\/fr\\\/actualite\\\/divers\\\/tunisie-denonce-par-sa-femme-un-homme-d-affaires-arrete\\\/203365\\\/#primaryimage\"},\"thumbnailUrl\":\"https:\\\/\\\/www.webdo.tn\\\/fr\\\/wp-content\\\/uploads\\\/2023\\\/02\\\/f73262372e3d9362c96340131edd9152.png\",\"datePublished\":\"2023-02-26T16:41:00+00:00\",\"dateModified\":\"2025-05-20T22:45:15+00:00\",\"description\":\"Dans un communiqu\u00e9 rendu public ce dimanche 26 f\u00e9vrier 2023, le minist\u00e8re de l\u2019Int\u00e9rieur annonce avoir arr\u00eat\u00e9 un homme d\u2019affaires, propri\u00e9taire d\u2019une soci\u00e9t\u00e9 de...\",\"breadcrumb\":{\"@id\":\"https:\\\/\\\/www.webdo.tn\\\/fr\\\/actualite\\\/divers\\\/tunisie-denonce-par-sa-femme-un-homme-d-affaires-arrete\\\/203365\\\/#breadcrumb\"},\"inLanguage\":\"fr-FR\",\"potentialAction\":[{\"@type\":\"ReadAction\",\"target\":[\"https:\\\/\\\/www.webdo.tn\\\/fr\\\/actualite\\\/divers\\\/tunisie-denonce-par-sa-femme-un-homme-d-affaires-arrete\\\/203365\\\/\"]}]},{\"@type\":\"ImageObject\",\"inLanguage\":\"fr-FR\",\"@id\":\"https:\\\/\\\/www.webdo.tn\\\/fr\\\/actualite\\\/divers\\\/tunisie-denonce-par-sa-femme-un-homme-d-affaires-arrete\\\/203365\\\/#primaryimage\",\"url\":\"https:\\\/\\\/www.webdo.tn\\\/fr\\\/wp-content\\\/uploads\\\/2023\\\/02\\\/f73262372e3d9362c96340131edd9152.png\",\"contentUrl\":\"https:\\\/\\\/www.webdo.tn\\\/fr\\\/wp-content\\\/uploads\\\/2023\\\/02\\\/f73262372e3d9362c96340131edd9152.png\",\"width\":750,\"height\":400,\"caption\":\"Tunisie : D\u00e9nonc\u00e9 par sa femme, un homme d\u2019affaires arr\u00eat\u00e9\"},{\"@type\":\"BreadcrumbList\",\"@id\":\"https:\\\/\\\/www.webdo.tn\\\/fr\\\/actualite\\\/divers\\\/tunisie-denonce-par-sa-femme-un-homme-d-affaires-arrete\\\/203365\\\/#breadcrumb\",\"itemListElement\":[{\"@type\":\"ListItem\",\"position\":1,\"name\":\"Accueil\",\"item\":\"https:\\\/\\\/www.webdo.tn\\\/fr\\\/\"},{\"@type\":\"ListItem\",\"position\":2,\"name\":\"Tunisie : D\u00e9nonc\u00e9 par sa femme, un homme d\u2019affaires arr\u00eat\u00e9\"}]},{\"@type\":\"WebSite\",\"@id\":\"https:\\\/\\\/www.webdo.tn\\\/fr\\\/#website\",\"url\":\"https:\\\/\\\/www.webdo.tn\\\/fr\\\/\",\"name\":\"webdo\",\"description\":\"Tunisie - News en Tunisie et \u00e0 l&#039;international sur Webdo.tn\",\"publisher\":{\"@id\":\"https:\\\/\\\/www.webdo.tn\\\/fr\\\/#organization\"},\"potentialAction\":[{\"@type\":\"SearchAction\",\"target\":{\"@type\":\"EntryPoint\",\"urlTemplate\":\"https:\\\/\\\/www.webdo.tn\\\/fr\\\/?s={search_term_string}\"},\"query-input\":{\"@type\":\"PropertyValueSpecification\",\"valueRequired\":true,\"valueName\":\"search_term_string\"}}],\"inLanguage\":\"fr-FR\"},{\"@type\":\"Organization\",\"@id\":\"https:\\\/\\\/www.webdo.tn\\\/fr\\\/#organization\",\"name\":\"Webdo\",\"alternateName\":\"Webdo.tn\",\"url\":\"https:\\\/\\\/www.webdo.tn\\\/fr\\\/\",\"logo\":{\"@type\":\"ImageObject\",\"inLanguage\":\"fr-FR\",\"@id\":\"https:\\\/\\\/www.webdo.tn\\\/fr\\\/#\\\/schema\\\/logo\\\/image\\\/\",\"url\":\"https:\\\/\\\/www.webdo.tn\\\/fr\\\/wp-content\\\/uploads\\\/2025\\\/06\\\/Webdo-Tunisie_168377.jpg\",\"contentUrl\":\"https:\\\/\\\/www.webdo.tn\\\/fr\\\/wp-content\\\/uploads\\\/2025\\\/06\\\/Webdo-Tunisie_168377.jpg\",\"width\":301,\"height\":301,\"caption\":\"Webdo\"},\"image\":{\"@id\":\"https:\\\/\\\/www.webdo.tn\\\/fr\\\/#\\\/schema\\\/logo\\\/image\\\/\"},\"sameAs\":[\"https:\\\/\\\/www.facebook.com\\\/webdotn\",\"https:\\\/\\\/x.com\\\/webdo_tn\"],\"description\":\"Webdo est un m\u00e9dia num\u00e9rique tunisien fond\u00e9 en 2010, sp\u00e9cialis\u00e9 dans l\u2019actualit\u00e9 nationale et internationale, l\u2019\u00e9conomie, la soci\u00e9t\u00e9 et les analyses politiques. Le site s\u2019adresse \u00e0 un large public francophone et couvre l\u2019information tunisienne en temps r\u00e9el.\",\"email\":\"redac@webdo.tn\",\"legalName\":\"YNJ SARL\",\"foundingDate\":\"2010-09-06\",\"numberOfEmployees\":{\"@type\":\"QuantitativeValue\",\"minValue\":\"11\",\"maxValue\":\"50\"}},{\"@type\":\"Person\",\"@id\":\"https:\\\/\\\/www.webdo.tn\\\/fr\\\/#\\\/schema\\\/person\\\/f35b42a42c5e2511bbd282959d6385cc\",\"name\":\"CL\",\"image\":{\"@type\":\"ImageObject\",\"inLanguage\":\"fr-FR\",\"@id\":\"https:\\\/\\\/secure.gravatar.com\\\/avatar\\\/1447a49909b67aa657c488aec6512e1dd6143a480c1ecfee9b5b5cd74eb3b59e?s=96&d=mm&r=g\",\"url\":\"https:\\\/\\\/secure.gravatar.com\\\/avatar\\\/1447a49909b67aa657c488aec6512e1dd6143a480c1ecfee9b5b5cd74eb3b59e?s=96&d=mm&r=g\",\"contentUrl\":\"https:\\\/\\\/secure.gravatar.com\\\/avatar\\\/1447a49909b67aa657c488aec6512e1dd6143a480c1ecfee9b5b5cd74eb3b59e?s=96&d=mm&r=g\",\"caption\":\"CL\"},\"url\":\"https:\\\/\\\/www.webdo.tn\\\/fr\\\/actualite\\\/author\\\/cl\\\/\"}]}<\/script>\n<!-- \/ Yoast SEO Premium plugin. -->","yoast_head_json":{"title":"Tunisie : D\u00e9nonc\u00e9 par sa femme, un homme d\u2019affaires arr\u00eat\u00e9","description":"Dans un communiqu\u00e9 rendu public ce dimanche 26 f\u00e9vrier 2023, le minist\u00e8re de l\u2019Int\u00e9rieur annonce avoir arr\u00eat\u00e9 un homme d\u2019affaires, propri\u00e9taire d\u2019une soci\u00e9t\u00e9 de...","canonical":"https:\/\/www.webdo.tn\/fr\/actualite\/divers\/tunisie-denonce-par-sa-femme-un-homme-d-affaires-arrete\/203365\/","og_locale":"fr_FR","og_type":"article","og_title":"Tunisie : D\u00e9nonc\u00e9 par sa femme, un homme d\u2019affaires arr\u00eat\u00e9","og_description":"Dans un communiqu\u00e9 rendu public ce dimanche 26 f\u00e9vrier 2023, le minist\u00e8re de l\u2019Int\u00e9rieur annonce avoir arr\u00eat\u00e9 un homme d\u2019affaires, propri\u00e9taire d\u2019une soci\u00e9t\u00e9 de...","og_url":"https:\/\/www.webdo.tn\/fr\/actualite\/divers\/tunisie-denonce-par-sa-femme-un-homme-d-affaires-arrete\/203365\/","og_site_name":"webdo","article_publisher":"https:\/\/www.facebook.com\/webdotn","article_published_time":"2023-02-26T16:41:00+00:00","article_modified_time":"2025-05-20T22:45:15+00:00","og_image":[{"width":750,"height":400,"url":"https:\/\/www.webdo.tn\/fr\/wp-content\/uploads\/2023\/02\/f73262372e3d9362c96340131edd9152.png","type":"image\/png"}],"author":"CL","twitter_card":"summary_large_image","twitter_creator":"@webdo_tn","twitter_site":"@webdo_tn","twitter_misc":{"\u00c9crit par":"CL","Dur\u00e9e de lecture estim\u00e9e":"1 minute"},"schema":{"@context":"https:\/\/schema.org","@graph":[{"@type":"NewsArticle","@id":"https:\/\/www.webdo.tn\/fr\/actualite\/divers\/tunisie-denonce-par-sa-femme-un-homme-d-affaires-arrete\/203365\/#article","isPartOf":{"@id":"https:\/\/www.webdo.tn\/fr\/actualite\/divers\/tunisie-denonce-par-sa-femme-un-homme-d-affaires-arrete\/203365\/"},"author":{"name":"CL","@id":"https:\/\/www.webdo.tn\/fr\/#\/schema\/person\/f35b42a42c5e2511bbd282959d6385cc"},"headline":"Tunisie : D\u00e9nonc\u00e9 par sa femme, un homme d\u2019affaires arr\u00eat\u00e9","datePublished":"2023-02-26T16:41:00+00:00","dateModified":"2025-05-20T22:45:15+00:00","mainEntityOfPage":{"@id":"https:\/\/www.webdo.tn\/fr\/actualite\/divers\/tunisie-denonce-par-sa-femme-un-homme-d-affaires-arrete\/203365\/"},"wordCount":135,"commentCount":0,"publisher":{"@id":"https:\/\/www.webdo.tn\/fr\/#organization"},"image":{"@id":"https:\/\/www.webdo.tn\/fr\/actualite\/divers\/tunisie-denonce-par-sa-femme-un-homme-d-affaires-arrete\/203365\/#primaryimage"},"thumbnailUrl":"https:\/\/www.webdo.tn\/fr\/wp-content\/uploads\/2023\/02\/f73262372e3d9362c96340131edd9152.png","keywords":["caf\u00e9","Homme d'affaires","Tunisie"],"articleSection":["Divers"],"inLanguage":"fr-FR"},{"@type":"WebPage","@id":"https:\/\/www.webdo.tn\/fr\/actualite\/divers\/tunisie-denonce-par-sa-femme-un-homme-d-affaires-arrete\/203365\/","url":"https:\/\/www.webdo.tn\/fr\/actualite\/divers\/tunisie-denonce-par-sa-femme-un-homme-d-affaires-arrete\/203365\/","name":"Tunisie : D\u00e9nonc\u00e9 par sa femme, un homme d\u2019affaires arr\u00eat\u00e9","isPartOf":{"@id":"https:\/\/www.webdo.tn\/fr\/#website"},"primaryImageOfPage":{"@id":"https:\/\/www.webdo.tn\/fr\/actualite\/divers\/tunisie-denonce-par-sa-femme-un-homme-d-affaires-arrete\/203365\/#primaryimage"},"image":{"@id":"https:\/\/www.webdo.tn\/fr\/actualite\/divers\/tunisie-denonce-par-sa-femme-un-homme-d-affaires-arrete\/203365\/#primaryimage"},"thumbnailUrl":"https:\/\/www.webdo.tn\/fr\/wp-content\/uploads\/2023\/02\/f73262372e3d9362c96340131edd9152.png","datePublished":"2023-02-26T16:41:00+00:00","dateModified":"2025-05-20T22:45:15+00:00","description":"Dans un communiqu\u00e9 rendu public ce dimanche 26 f\u00e9vrier 2023, le minist\u00e8re de l\u2019Int\u00e9rieur annonce avoir arr\u00eat\u00e9 un homme d\u2019affaires, propri\u00e9taire d\u2019une soci\u00e9t\u00e9 de...","breadcrumb":{"@id":"https:\/\/www.webdo.tn\/fr\/actualite\/divers\/tunisie-denonce-par-sa-femme-un-homme-d-affaires-arrete\/203365\/#breadcrumb"},"inLanguage":"fr-FR","potentialAction":[{"@type":"ReadAction","target":["https:\/\/www.webdo.tn\/fr\/actualite\/divers\/tunisie-denonce-par-sa-femme-un-homme-d-affaires-arrete\/203365\/"]}]},{"@type":"ImageObject","inLanguage":"fr-FR","@id":"https:\/\/www.webdo.tn\/fr\/actualite\/divers\/tunisie-denonce-par-sa-femme-un-homme-d-affaires-arrete\/203365\/#primaryimage","url":"https:\/\/www.webdo.tn\/fr\/wp-content\/uploads\/2023\/02\/f73262372e3d9362c96340131edd9152.png","contentUrl":"https:\/\/www.webdo.tn\/fr\/wp-content\/uploads\/2023\/02\/f73262372e3d9362c96340131edd9152.png","width":750,"height":400,"caption":"Tunisie : D\u00e9nonc\u00e9 par sa femme, un homme d\u2019affaires arr\u00eat\u00e9"},{"@type":"BreadcrumbList","@id":"https:\/\/www.webdo.tn\/fr\/actualite\/divers\/tunisie-denonce-par-sa-femme-un-homme-d-affaires-arrete\/203365\/#breadcrumb","itemListElement":[{"@type":"ListItem","position":1,"name":"Accueil","item":"https:\/\/www.webdo.tn\/fr\/"},{"@type":"ListItem","position":2,"name":"Tunisie : D\u00e9nonc\u00e9 par sa femme, un homme d\u2019affaires arr\u00eat\u00e9"}]},{"@type":"WebSite","@id":"https:\/\/www.webdo.tn\/fr\/#website","url":"https:\/\/www.webdo.tn\/fr\/","name":"webdo","description":"Tunisie - News en Tunisie et \u00e0 l&#039;international sur Webdo.tn","publisher":{"@id":"https:\/\/www.webdo.tn\/fr\/#organization"},"potentialAction":[{"@type":"SearchAction","target":{"@type":"EntryPoint","urlTemplate":"https:\/\/www.webdo.tn\/fr\/?s={search_term_string}"},"query-input":{"@type":"PropertyValueSpecification","valueRequired":true,"valueName":"search_term_string"}}],"inLanguage":"fr-FR"},{"@type":"Organization","@id":"https:\/\/www.webdo.tn\/fr\/#organization","name":"Webdo","alternateName":"Webdo.tn","url":"https:\/\/www.webdo.tn\/fr\/","logo":{"@type":"ImageObject","inLanguage":"fr-FR","@id":"https:\/\/www.webdo.tn\/fr\/#\/schema\/logo\/image\/","url":"https:\/\/www.webdo.tn\/fr\/wp-content\/uploads\/2025\/06\/Webdo-Tunisie_168377.jpg","contentUrl":"https:\/\/www.webdo.tn\/fr\/wp-content\/uploads\/2025\/06\/Webdo-Tunisie_168377.jpg","width":301,"height":301,"caption":"Webdo"},"image":{"@id":"https:\/\/www.webdo.tn\/fr\/#\/schema\/logo\/image\/"},"sameAs":["https:\/\/www.facebook.com\/webdotn","https:\/\/x.com\/webdo_tn"],"description":"Webdo est un m\u00e9dia num\u00e9rique tunisien fond\u00e9 en 2010, sp\u00e9cialis\u00e9 dans l\u2019actualit\u00e9 nationale et internationale, l\u2019\u00e9conomie, la soci\u00e9t\u00e9 et les analyses politiques. Le site s\u2019adresse \u00e0 un large public francophone et couvre l\u2019information tunisienne en temps r\u00e9el.","email":"redac@webdo.tn","legalName":"YNJ SARL","foundingDate":"2010-09-06","numberOfEmployees":{"@type":"QuantitativeValue","minValue":"11","maxValue":"50"}},{"@type":"Person","@id":"https:\/\/www.webdo.tn\/fr\/#\/schema\/person\/f35b42a42c5e2511bbd282959d6385cc","name":"CL","image":{"@type":"ImageObject","inLanguage":"fr-FR","@id":"https:\/\/secure.gravatar.com\/avatar\/1447a49909b67aa657c488aec6512e1dd6143a480c1ecfee9b5b5cd74eb3b59e?s=96&d=mm&r=g","url":"https:\/\/secure.gravatar.com\/avatar\/1447a49909b67aa657c488aec6512e1dd6143a480c1ecfee9b5b5cd74eb3b59e?s=96&d=mm&r=g","contentUrl":"https:\/\/secure.gravatar.com\/avatar\/1447a49909b67aa657c488aec6512e1dd6143a480c1ecfee9b5b5cd74eb3b59e?s=96&d=mm&r=g","caption":"CL"},"url":"https:\/\/www.webdo.tn\/fr\/actualite\/author\/cl\/"}]}},"_links":{"self":[{"href":"https:\/\/www.webdo.tn\/fr\/wp-json\/wp\/v2\/posts\/203365","targetHints":{"allow":["GET"]}}],"collection":[{"href":"https:\/\/www.webdo.tn\/fr\/wp-json\/wp\/v2\/posts"}],"about":[{"href":"https:\/\/www.webdo.tn\/fr\/wp-json\/wp\/v2\/types\/post"}],"author":[{"embeddable":true,"href":"https:\/\/www.webdo.tn\/fr\/wp-json\/wp\/v2\/users\/3175"}],"replies":[{"embeddable":true,"href":"https:\/\/www.webdo.tn\/fr\/wp-json\/wp\/v2\/comments?post=203365"}],"version-history":[{"count":0,"href":"https:\/\/www.webdo.tn\/fr\/wp-json\/wp\/v2\/posts\/203365\/revisions"}],"wp:featuredmedia":[{"embeddable":true,"href":"https:\/\/www.webdo.tn\/fr\/wp-json\/wp\/v2\/media\/251869"}],"wp:attachment":[{"href":"https:\/\/www.webdo.tn\/fr\/wp-json\/wp\/v2\/media?parent=203365"}],"wp:term":[{"taxonomy":"category","embeddable":true,"href":"https:\/\/www.webdo.tn\/fr\/wp-json\/wp\/v2\/categories?post=203365"},{"taxonomy":"post_tag","embeddable":true,"href":"https:\/\/www.webdo.tn\/fr\/wp-json\/wp\/v2\/tags?post=203365"}],"curies":[{"name":"wp","href":"https:\/\/api.w.org\/{rel}","templated":true}]}}