{"id":203353,"date":"2023-02-26T09:11:00","date_gmt":"2023-02-26T09:11:00","guid":{"rendered":"https:\/\/www.webdo.tn\/fr\/blog\/tunisie-composition-de-l-assemblee-des-representants-du-peuple\/203353\/"},"modified":"2025-05-20T22:45:16","modified_gmt":"2025-05-20T22:45:16","slug":"tunisie-composition-de-l-assemblee-des-representants-du-peuple","status":"publish","type":"post","link":"https:\/\/www.webdo.tn\/fr\/actualite\/national\/tunisie-composition-de-l-assemblee-des-representants-du-peuple\/203353\/","title":{"rendered":"Tunisie : Composition de l&rsquo;Assembl\u00e9e des Repr\u00e9sentants du Peuple"},"content":{"rendered":"<p>L&rsquo;Instance sup\u00e9rieure ind\u00e9pendante pour les \u00e9lections a annonc\u00e9 samedi, la composition d\u00e9finitive de l&rsquo;Assembl\u00e9e des repr\u00e9sentants du peuple, issue des \u00e9lections l\u00e9gislatives.<\/p>\n<p>\t\t\t\t\t\t\t\t\tLe Parlement sera compos\u00e9 de 154 si\u00e8ges. Ci-dessous la composition finale telle que annonc\u00e9e par l&rsquo;ISIE :\u00a0<br \/>\n*Instance r\u00e9gionale de l&rsquo;Ariana:<\/p>\n<p>\tCirconscription de l&rsquo;Ariana ville: Najla Lahiani<br \/>\n\tCirconscription d&rsquo;El Mnihla: Maha Ameur<br \/>\n\tCirconscription cit\u00e9 Ettadhamon: Tarak Rebi\u00ee<br \/>\n\tCirconscription Raoued 1: Aymen Boughdiri<br \/>\n\tCirconscription Raoued 2: Abdelhalim Boussamma<br \/>\n\tCirconscription Soukra 1: Ayman Ben Salah<br \/>\n\tCirconscription Soukra 2: Faten Ncibi<br \/>\n\tCirconscription Kal\u00e2at el-Andalous- Sidi Thabet: Fay\u00e7al Sghaier<\/p>\n<p>*Instance r\u00e9gionale de Kasserine :<\/p>\n<p>\tCirconscription Kasserine sud- Hassi El Ferid: Abdelaziz Cha\u00e2bani<br \/>\n\tCirconscription Kasserine nord- Ezzouhour: Hatem Labaoui<br \/>\n\tCirconscription Thala- Hidra- Foussana: Ammar Aidoudi<br \/>\n\tCirconscription Sbiba- Jadeliane- La\u00e2youn: Mohamed Amine M&rsquo;barki<br \/>\n\tCirconscription Sbeitla: Hammadi Ghailani<br \/>\n\tCirconscription Majel Belabbes-Feriana: Mohamed Cha\u00e2bani<\/p>\n<p>Instance r\u00e9gionale du Kef:<\/p>\n<p>\tCirconscription Kal\u00e2a Khsaba- Jerissa- Kssour- Dahmani- Essers: Rim Ma\u00e2chaoui<br \/>\n\tCirconscription Kef Ouest- Kef Est: Yacer Krari<br \/>\n\tCirconscription Nebr- Sakiet Sidi Youssef- Tajerouine- Kal\u00e2at Snen: Imededdine Sdiri<\/p>\n<p>* Monasitr<\/p>\n<p>\tCirconscription r\u00e9gionale de Monastir<br \/>\n\tCirconscription de Sahline- Ouardanine- Bembla: Sami Hadj Amor<br \/>\n\tCirconscription Moknine: Hamdi Ben Abdelali<br \/>\n\tCirconscription Monastir 1: Yosri Baouab<br \/>\n\tCirconscription Monastir 2: Salah Sayadi<br \/>\n\tCirconscription Jemmel: Mohamed Zied El Maher<br \/>\n\tCirconscription Teboulba- Bekalta- Sayada- Lamta- Bouhjar: Riadh Blel<br \/>\n\tCirconscription Ksar Hellal- Ksibet El M\u00e9diouni: Fakhreddine Fadhloun<\/p>\n<p>*Instance r\u00e9gionale de B\u00e9ja :<\/p>\n<p>\tCirconscription B\u00e9ja sud- Tibar- Teboursouk : Aouatef Cheniti<br \/>\n\tCirconscription B\u00e9ja nord: Boutheina Ghanmi<br \/>\n\tCirconscription Amdoun- Nefza: Ridha Della\u00ee<br \/>\n\tCirconscription Medjez el-Bab- Testour: Moez Riahi<\/p>\n<p>*Instance r\u00e9gionale de Ben Arous<\/p>\n<p>\tCirconscription Mohammedia: Fakhri Abdelkhalek<br \/>\n\tCirconscription El Mourouj- Bir El kassa\u00e2 : Maher Boubaker Hadhri<br \/>\n\tCirconscription El Mourouj- Farhat Hached: Wajdi Ghaoui<br \/>\n\tCirconscription Ben Arous- Nouvelle M\u00e9dina : Olfa Marouani<br \/>\n\tCirconscription Boumhel- Ezzahra: Kamel Ferah<br \/>\n\tCirconscription Hammam Lif- Hammem Chott: Dhouha Selmi<br \/>\n\tCirconscription : Rad\u00e8s- Megrine: Ibrahim Bouderbala<br \/>\n\tCirconscription Fouchena : Mourad Khezami<br \/>\n\tCirconscription Mornag: Aziz Ben Lakhdher<\/p>\n<p>*Instance r\u00e9gionale de Bizerte:<\/p>\n<p>\tCirconscription Bizerte sud: Fathi Mechrgui<br \/>\n\tCirconscription Bizerte nord: Sami Essid<br \/>\n\tCirconscription Sejnane- Joumine- Ghezala: Sami Toujani<br \/>\n\tCirconscription Ghar Melah- El Alia &#8211; Ras Jebal- Youssef Tarchoune<br \/>\n\tCirconscription Mateur- Utique: Ahmed Saidani<br \/>\n\tCirconscription Menzel Bourguiba- Tinja: Majed Ouerghi<br \/>\n\tCirconscription Menzel Djemil- Jarzouna: Sirine Bousandel<\/p>\n<p>* Instance r\u00e9gionale de Tataouine:<\/p>\n<p>\tCirconscription Tatouine sud- Ghomrassen: Mustapha Boubakri<br \/>\n\tCirconscription Tataouine nord- Smar: Moncef Ma\u00e2loul<br \/>\n\tCirconscription Dhehiba- Remada: Mokhtar Abdelmoula<\/p>\n<p>* Instance r\u00e9gionale de Tozeur<\/p>\n<p>\tCirconscription Tozeur: Ramzi Chetoui<br \/>\n\tCirconscription Degueche- Tamaghza: Nabih Thabet<br \/>\n\tCirconscription Nafta- Hezoua: Nicaragua Seddik<\/p>\n<p>* Instance r\u00e9gionale Tunis 1:<\/p>\n<p>\tCirconscription Hrairia: Ezzedine Tayeb<br \/>\n\tCirconscription Essijoumi- Ezzouhour: Sirine Mrabet<br \/>\n\tCirconscription El Kabbaria: Salah M&rsquo;barki<br \/>\n\tCirconscription M\u00e9dina- Beb Souika: Amel Meddeb<br \/>\n\tCirconscription El Ouardia- Jebel Jelloud: Mohamed Amine Ouerghi<br \/>\n\tCirconscription: Beb Bhar- Sidi Bechir: Adel Bousselmi<br \/>\n\tCirconscription Sidi Hassine: Adel Dhief<\/p>\n<p>*Instance r\u00e9gionale Tunis 2:<\/p>\n<p>\tCirconscription Ettahrir- Bardo: Dhafer Essghiri<br \/>\n\tCirconscription El Omrane-El Omrane sup\u00e9rieur : Lotfi Hammami<br \/>\n\tCirconscription El Kram: Sonia Ben M&rsquo;barek<br \/>\n\tCirconscription La Goulette: Hichem Hosni<br \/>\n\tCirconscription cit\u00e9 El Khadhra- El Menzah: Thabet Abed<br \/>\n\tCirconscription Carthage- la Marsa: Maher Ketari<\/p>\n<p>* Instance r\u00e9gionale de Jendouba:<\/p>\n<p>\tCirconscription Boussalem: Sleh Ferchichi<br \/>\n\tCirconscription Jendouba: Hatem Haouari<br \/>\n\tCirconscription Jendouba nord- Fernana: Mohsen Hermi<br \/>\n\tCirconscription Tabarka-Ain Draham: Mohamed Yahyaoui<br \/>\n\tCirconscription Ghar Dima- Oued Meliz: Raouf Fekiri<\/p>\n<p>* Instance r\u00e9gionale de Zaghouan:<\/p>\n<p>\tCirconscription Nadhour: Hassan Ben Ali<br \/>\n\tCirconscription Bir Mecherga- El Fahs; Nageur Chennoufi<br \/>\n\tCirconscription Zaghouane- Zriba: Zina Jiballah<\/p>\n<p>Instance r\u00e9gionale de Siliana:<\/p>\n<p>\tCirconscription Boua\u00e2rada- Bourouis: Rochdi Rouissi<br \/>\n\tCirconscription Siliana- Bargou: Besma Hammami<br \/>\n\tCirconscription Makther-Kesra: Mohamed Hedi Allani<\/p>\n<p>* Instance r\u00e9gionale de Sousse:<\/p>\n<p>\tCirconscription Ezzaouia- El Kssiba- Youssef Toumi<br \/>\n\tCirconscription Kal\u00e2a Kobra- Sidi Bouali- Kondar : Moez Ben Youssef<br \/>\n\tCirconscription Ennfidha- Bouficha: Mohamed Ahmed<br \/>\n\tCirconscription Hammam Sousse- Akouda : Sofien Ben Halima<br \/>\n\tCirconscription Erriadh: Hela Jaballah<br \/>\n\tCirconscription Sidi Abdelhamid: Abdelkader Ammar<br \/>\n\tCirconscription Sousse El Jawhara: Hamdi Ben Salah<br \/>\n\tCirconscription Sidi El H\u00e9ni: Mahmoud El Amri<br \/>\n\tCirconscription Msaken: Houssem Mahjoub<\/p>\n<p>* Instance r\u00e9gionale de Sidi Bouzid:<\/p>\n<p>\tCirconscription Regueb- Ouled Haffouz: Khaled Mabrouki<br \/>\n\tCirconscription Sidi Ali Ben Aoun: Jalel Khedmi<br \/>\n\tCirconscription Jelma- Ouled Asker: Salah Selmi<br \/>\n\tCirconscription Sidi Bouzid est- Souk Jedid: Abdessatar Zera\u00ee<br \/>\n\tCirconscription Sidi Bouzid ouest: Chafik Za\u00e2fouri<br \/>\n\tCirconscription Menze Bouzayene- Meknassi : Badreddine Gammoudi<\/p>\n<p>*Instance r\u00e9gionale Sfax 1:<\/p>\n<p>\tCirconscription Hancha: Issam Chouchene<br \/>\n\tCirconscription Bir Ali Ben Khelifa: Manel Bdida<br \/>\n\tCirconscription Jebeniana: Abdelhafedh Ouhichi<br \/>\n\tCirconscription Sakiet Eddaier: Tarak Mehdi<br \/>\n\tCirconscription Kerkennah: Mahmoud Chelghaf<br \/>\n\tCirconscription Menzel Chaker: Hassen Jarbou\u00ee<\/p>\n<p>* Instance r\u00e9gionale Sfax 2:<\/p>\n<p>\tCirconscription Skhira: Ibrahim Houssine<br \/>\n\tCirconscription Sfax ouest: Sabeur Masmoudi<br \/>\n\tCirconscription Sfax sud: Fatma Mseddi<br \/>\n\tCirconscription Sfax ville: Moez Barkallah<br \/>\n\tCirconscription Tina: Aymen Meraoui<br \/>\n\tCirconscription Aguerib: Chokri Ben Bahri<\/p>\n<p>* Instance r\u00e9gionale de Kebili:<\/p>\n<p>\tCirconscription Douz: Boubaker Ben Yahya<br \/>\n\tCirconscription Faouar: Elyes Boukoucha<br \/>\n\tCirconscription Kebili-Souk Lahad: Taher Ben Mansour<\/p>\n<p>* Instance r\u00e9gionale de Medenine<\/p>\n<p>\tCirconscription Ben Guerdane: Ali Zaghdoud<br \/>\n\tCirconscription B\u00e9ni Khedache: Abdessalem Hamrouni<br \/>\n\tCirconscription Djerba- Houmt Essouk: Ghassen Yamoun<br \/>\n\tCirconscription Djerba Midoun- Ajim: Baddis Hadj Ali<br \/>\n\tCirconscription Zarzis: Messaoud Krira<br \/>\n\tCirconscription Medenine nord: Saoussen Mabrouk<br \/>\n\tCirconscription Medenine sud- Sidi Makhlouf: Mohamed Dhaou<\/p>\n<p>* Instance r\u00e9gionale de Mannouba:<\/p>\n<p>\tCirconscription Jedaida- Tebourba: Abderrazek Aouidet<br \/>\n\tCirconscription Mornaguia: Sabeur Jelassi<br \/>\n\tCirconscription Douar Hicher: Ali Bouzouzia<br \/>\n\tCirconscription Mannouba: Oussema Derouiche<br \/>\n\tCirconscription Oued Ellil: Marie-Madeleine Cherif<\/p>\n<p>Instance r\u00e9gionale Nabeul 1:<\/p>\n<p>\tCirconscription Dar Cha\u00e2bane- B\u00e9ni Khiar: Sami Erraies<br \/>\n\tCirconscription Korba: Noura Chabrak<br \/>\n\tCirconscription Kelibia: Fadhel Ben Torkia<br \/>\n\tCirconscription Menzel Temime: Hassen Boussema<br \/>\n\tCirconscription Nabeul: Anouer Marzouki<\/p>\n<p>*Instance r\u00e9gionale Nabeul 2:<\/p>\n<p>\tCirconscription Hammamet: Yassine Mami<br \/>\n\tCirconscription Haouaria- Takelssa: Mohamed Ben Said<br \/>\n\tCirconscription Bouargoub- B\u00e9ni Khalled: Abdejalil El H\u00e9ni<br \/>\n\tCirconscription Soliman: Abdelkader Ben Zeineb<br \/>\n\tCirconscription Grombalia: Mohamed Ali Fenira<\/p>\n<p>* Instance r\u00e9gionale de Kairouan :<\/p>\n<p>\tCirconscription Oueslatia: Nabil Hamdi<br \/>\n\tCirconscription Chbika- Haffouz: Lotfi Saadaoui<br \/>\n\tCirconscription Hajeb La\u00e2youn: Walid Hajji<br \/>\n\tCirconscription Kairouan sud: Ta\u00efeb Talbi<br \/>\n\tCirconscription Kairouan nord: Aymen Nakra<br \/>\n\tCirconscription Bouhajla: Mokhtar Aifaoui<br \/>\n\tCirconscription Nasrallah: Kamel Kora\u00e2ni<\/p>\n<p>* Instance r\u00e9gionale de Gab\u00e8s:<\/p>\n<p>\tCirconscription Hamma: Faouzi Da\u00e2s<br \/>\n\tCirconscription Ghannouch: Nour El Houda Sba\u00efti<br \/>\n\tCirconscription Gab\u00e8s sud: Thameur Mezhoud<br \/>\n\tCirconscription Mareth: Abdesslem Dahmani<\/p>\n<p>*Instance r\u00e9gionale de Mahdia:<\/p>\n<p>\tCirconscription El Jem: Fathi Rejeb<br \/>\n\tCirconscription R\u00e9jiche: Mohamed Ben Hassine<br \/>\n\tCirconscription Chebba- Sidi Alouane: Bill Ben Mechri<br \/>\n\tCirconscription Mahdia: Ahmed Bannour<br \/>\n\tCirconscription Puled Chemakh: Mounir Kammouni<br \/>\n\tCirconscription Boumerdes: Imed Ouled Jebril<\/p>\n<p>* L&rsquo;instance r\u00e9gionale Italie:<\/p>\n<p>\tSami Abdelali<\/p>\n<p>*L&rsquo;instance r\u00e9gionale de France 2:<\/p>\n<p>\tOmar Barhoumi<\/p>\n<p>*L&rsquo;instance r\u00e9gionale France 3:<\/p>\n<p>\tRiadh Ja\u00efdane<\/p>\n","protected":false},"excerpt":{"rendered":"<p>L&rsquo;Instance sup\u00e9rieure ind\u00e9pendante pour les \u00e9lections a annonc\u00e9 samedi, la composition d\u00e9finitive de l&rsquo;Assembl\u00e9e des repr\u00e9sentants du peuple, issue des \u00e9lection&#8230;<\/p>\n","protected":false},"author":3175,"featured_media":251890,"comment_status":"open","ping_status":"closed","sticky":false,"template":"","format":"standard","meta":{"footnotes":""},"categories":[44],"tags":[2813,5244,3210,2608],"class_list":["post-203353","post","type-post","status-publish","format-standard","has-post-thumbnail","hentry","category-national","tag-arp","tag-composition","tag-deputes","tag-tunisie"],"yoast_head":"<!-- This site is optimized with the Yoast SEO Premium plugin v27.5 (Yoast SEO v27.5) - https:\/\/yoast.com\/product\/yoast-seo-premium-wordpress\/ -->\n<title>Tunisie : Composition de l&#039;Assembl\u00e9e des Repr\u00e9sentants du Peuple<\/title>\n<meta name=\"description\" content=\"L&#039;Instance sup\u00e9rieure ind\u00e9pendante pour les \u00e9lections a annonc\u00e9 samedi, la composition d\u00e9finitive de l&#039;Assembl\u00e9e des repr\u00e9sentants du peuple, issue des \u00e9lection...\" \/>\n<link rel=\"canonical\" href=\"https:\/\/www.webdo.tn\/fr\/actualite\/national\/tunisie-composition-de-l-assemblee-des-representants-du-peuple\/203353\/\" \/>\n<meta property=\"og:locale\" content=\"fr_FR\" \/>\n<meta property=\"og:type\" content=\"article\" \/>\n<meta property=\"og:title\" content=\"Tunisie : Composition de l&#039;Assembl\u00e9e des Repr\u00e9sentants du Peuple\" \/>\n<meta property=\"og:description\" content=\"L&#039;Instance sup\u00e9rieure ind\u00e9pendante pour les \u00e9lections a annonc\u00e9 samedi, la composition d\u00e9finitive de l&#039;Assembl\u00e9e des repr\u00e9sentants du peuple, issue des \u00e9lection...\" \/>\n<meta property=\"og:url\" content=\"https:\/\/www.webdo.tn\/fr\/actualite\/national\/tunisie-composition-de-l-assemblee-des-representants-du-peuple\/203353\/\" \/>\n<meta property=\"og:site_name\" content=\"webdo\" \/>\n<meta property=\"article:publisher\" content=\"https:\/\/www.facebook.com\/webdotn\" \/>\n<meta property=\"article:published_time\" content=\"2023-02-26T09:11:00+00:00\" \/>\n<meta property=\"article:modified_time\" content=\"2025-05-20T22:45:16+00:00\" \/>\n<meta property=\"og:image\" content=\"https:\/\/www.webdo.tn\/fr\/wp-content\/uploads\/2023\/02\/bd4563c73d0daa4009548cfb1ffd2339.png\" \/>\n\t<meta property=\"og:image:width\" content=\"750\" \/>\n\t<meta property=\"og:image:height\" content=\"400\" \/>\n\t<meta property=\"og:image:type\" content=\"image\/png\" \/>\n<meta name=\"author\" content=\"CL\" \/>\n<meta name=\"twitter:card\" content=\"summary_large_image\" \/>\n<meta name=\"twitter:creator\" content=\"@webdo_tn\" \/>\n<meta name=\"twitter:site\" content=\"@webdo_tn\" \/>\n<meta name=\"twitter:label1\" content=\"\u00c9crit par\" \/>\n\t<meta name=\"twitter:data1\" content=\"CL\" \/>\n\t<meta name=\"twitter:label2\" content=\"Dur\u00e9e de lecture estim\u00e9e\" \/>\n\t<meta name=\"twitter:data2\" content=\"5 minutes\" \/>\n<script type=\"application\/ld+json\" class=\"yoast-schema-graph\">{\"@context\":\"https:\\\/\\\/schema.org\",\"@graph\":[{\"@type\":\"NewsArticle\",\"@id\":\"https:\\\/\\\/www.webdo.tn\\\/fr\\\/actualite\\\/national\\\/tunisie-composition-de-l-assemblee-des-representants-du-peuple\\\/203353\\\/#article\",\"isPartOf\":{\"@id\":\"https:\\\/\\\/www.webdo.tn\\\/fr\\\/actualite\\\/national\\\/tunisie-composition-de-l-assemblee-des-representants-du-peuple\\\/203353\\\/\"},\"author\":{\"name\":\"CL\",\"@id\":\"https:\\\/\\\/www.webdo.tn\\\/fr\\\/#\\\/schema\\\/person\\\/f35b42a42c5e2511bbd282959d6385cc\"},\"headline\":\"Tunisie : Composition de l&rsquo;Assembl\u00e9e des Repr\u00e9sentants du Peuple\",\"datePublished\":\"2023-02-26T09:11:00+00:00\",\"dateModified\":\"2025-05-20T22:45:16+00:00\",\"mainEntityOfPage\":{\"@id\":\"https:\\\/\\\/www.webdo.tn\\\/fr\\\/actualite\\\/national\\\/tunisie-composition-de-l-assemblee-des-representants-du-peuple\\\/203353\\\/\"},\"wordCount\":1040,\"commentCount\":0,\"publisher\":{\"@id\":\"https:\\\/\\\/www.webdo.tn\\\/fr\\\/#organization\"},\"image\":{\"@id\":\"https:\\\/\\\/www.webdo.tn\\\/fr\\\/actualite\\\/national\\\/tunisie-composition-de-l-assemblee-des-representants-du-peuple\\\/203353\\\/#primaryimage\"},\"thumbnailUrl\":\"https:\\\/\\\/www.webdo.tn\\\/fr\\\/wp-content\\\/uploads\\\/2023\\\/02\\\/bd4563c73d0daa4009548cfb1ffd2339.png\",\"keywords\":[\"ARP\",\"Composition\",\"d\u00e9put\u00e9s\",\"Tunisie\"],\"articleSection\":[\"National\"],\"inLanguage\":\"fr-FR\"},{\"@type\":\"WebPage\",\"@id\":\"https:\\\/\\\/www.webdo.tn\\\/fr\\\/actualite\\\/national\\\/tunisie-composition-de-l-assemblee-des-representants-du-peuple\\\/203353\\\/\",\"url\":\"https:\\\/\\\/www.webdo.tn\\\/fr\\\/actualite\\\/national\\\/tunisie-composition-de-l-assemblee-des-representants-du-peuple\\\/203353\\\/\",\"name\":\"Tunisie : Composition de l'Assembl\u00e9e des Repr\u00e9sentants du Peuple\",\"isPartOf\":{\"@id\":\"https:\\\/\\\/www.webdo.tn\\\/fr\\\/#website\"},\"primaryImageOfPage\":{\"@id\":\"https:\\\/\\\/www.webdo.tn\\\/fr\\\/actualite\\\/national\\\/tunisie-composition-de-l-assemblee-des-representants-du-peuple\\\/203353\\\/#primaryimage\"},\"image\":{\"@id\":\"https:\\\/\\\/www.webdo.tn\\\/fr\\\/actualite\\\/national\\\/tunisie-composition-de-l-assemblee-des-representants-du-peuple\\\/203353\\\/#primaryimage\"},\"thumbnailUrl\":\"https:\\\/\\\/www.webdo.tn\\\/fr\\\/wp-content\\\/uploads\\\/2023\\\/02\\\/bd4563c73d0daa4009548cfb1ffd2339.png\",\"datePublished\":\"2023-02-26T09:11:00+00:00\",\"dateModified\":\"2025-05-20T22:45:16+00:00\",\"description\":\"L'Instance sup\u00e9rieure ind\u00e9pendante pour les \u00e9lections a annonc\u00e9 samedi, la composition d\u00e9finitive de l'Assembl\u00e9e des repr\u00e9sentants du peuple, issue des \u00e9lection...\",\"breadcrumb\":{\"@id\":\"https:\\\/\\\/www.webdo.tn\\\/fr\\\/actualite\\\/national\\\/tunisie-composition-de-l-assemblee-des-representants-du-peuple\\\/203353\\\/#breadcrumb\"},\"inLanguage\":\"fr-FR\",\"potentialAction\":[{\"@type\":\"ReadAction\",\"target\":[\"https:\\\/\\\/www.webdo.tn\\\/fr\\\/actualite\\\/national\\\/tunisie-composition-de-l-assemblee-des-representants-du-peuple\\\/203353\\\/\"]}]},{\"@type\":\"ImageObject\",\"inLanguage\":\"fr-FR\",\"@id\":\"https:\\\/\\\/www.webdo.tn\\\/fr\\\/actualite\\\/national\\\/tunisie-composition-de-l-assemblee-des-representants-du-peuple\\\/203353\\\/#primaryimage\",\"url\":\"https:\\\/\\\/www.webdo.tn\\\/fr\\\/wp-content\\\/uploads\\\/2023\\\/02\\\/bd4563c73d0daa4009548cfb1ffd2339.png\",\"contentUrl\":\"https:\\\/\\\/www.webdo.tn\\\/fr\\\/wp-content\\\/uploads\\\/2023\\\/02\\\/bd4563c73d0daa4009548cfb1ffd2339.png\",\"width\":750,\"height\":400,\"caption\":\"ARP Tunisie\"},{\"@type\":\"BreadcrumbList\",\"@id\":\"https:\\\/\\\/www.webdo.tn\\\/fr\\\/actualite\\\/national\\\/tunisie-composition-de-l-assemblee-des-representants-du-peuple\\\/203353\\\/#breadcrumb\",\"itemListElement\":[{\"@type\":\"ListItem\",\"position\":1,\"name\":\"Accueil\",\"item\":\"https:\\\/\\\/www.webdo.tn\\\/fr\\\/\"},{\"@type\":\"ListItem\",\"position\":2,\"name\":\"Tunisie : Composition de l&#8217;Assembl\u00e9e des Repr\u00e9sentants du Peuple\"}]},{\"@type\":\"WebSite\",\"@id\":\"https:\\\/\\\/www.webdo.tn\\\/fr\\\/#website\",\"url\":\"https:\\\/\\\/www.webdo.tn\\\/fr\\\/\",\"name\":\"webdo\",\"description\":\"Tunisie - News en Tunisie et \u00e0 l&#039;international sur Webdo.tn\",\"publisher\":{\"@id\":\"https:\\\/\\\/www.webdo.tn\\\/fr\\\/#organization\"},\"potentialAction\":[{\"@type\":\"SearchAction\",\"target\":{\"@type\":\"EntryPoint\",\"urlTemplate\":\"https:\\\/\\\/www.webdo.tn\\\/fr\\\/?s={search_term_string}\"},\"query-input\":{\"@type\":\"PropertyValueSpecification\",\"valueRequired\":true,\"valueName\":\"search_term_string\"}}],\"inLanguage\":\"fr-FR\"},{\"@type\":\"Organization\",\"@id\":\"https:\\\/\\\/www.webdo.tn\\\/fr\\\/#organization\",\"name\":\"Webdo\",\"alternateName\":\"Webdo.tn\",\"url\":\"https:\\\/\\\/www.webdo.tn\\\/fr\\\/\",\"logo\":{\"@type\":\"ImageObject\",\"inLanguage\":\"fr-FR\",\"@id\":\"https:\\\/\\\/www.webdo.tn\\\/fr\\\/#\\\/schema\\\/logo\\\/image\\\/\",\"url\":\"https:\\\/\\\/www.webdo.tn\\\/fr\\\/wp-content\\\/uploads\\\/2025\\\/06\\\/Webdo-Tunisie_168377.jpg\",\"contentUrl\":\"https:\\\/\\\/www.webdo.tn\\\/fr\\\/wp-content\\\/uploads\\\/2025\\\/06\\\/Webdo-Tunisie_168377.jpg\",\"width\":301,\"height\":301,\"caption\":\"Webdo\"},\"image\":{\"@id\":\"https:\\\/\\\/www.webdo.tn\\\/fr\\\/#\\\/schema\\\/logo\\\/image\\\/\"},\"sameAs\":[\"https:\\\/\\\/www.facebook.com\\\/webdotn\",\"https:\\\/\\\/x.com\\\/webdo_tn\"],\"description\":\"Webdo est un m\u00e9dia num\u00e9rique tunisien fond\u00e9 en 2010, sp\u00e9cialis\u00e9 dans l\u2019actualit\u00e9 nationale et internationale, l\u2019\u00e9conomie, la soci\u00e9t\u00e9 et les analyses politiques. Le site s\u2019adresse \u00e0 un large public francophone et couvre l\u2019information tunisienne en temps r\u00e9el.\",\"email\":\"redac@webdo.tn\",\"legalName\":\"YNJ SARL\",\"foundingDate\":\"2010-09-06\",\"numberOfEmployees\":{\"@type\":\"QuantitativeValue\",\"minValue\":\"11\",\"maxValue\":\"50\"}},{\"@type\":\"Person\",\"@id\":\"https:\\\/\\\/www.webdo.tn\\\/fr\\\/#\\\/schema\\\/person\\\/f35b42a42c5e2511bbd282959d6385cc\",\"name\":\"CL\",\"image\":{\"@type\":\"ImageObject\",\"inLanguage\":\"fr-FR\",\"@id\":\"https:\\\/\\\/secure.gravatar.com\\\/avatar\\\/1447a49909b67aa657c488aec6512e1dd6143a480c1ecfee9b5b5cd74eb3b59e?s=96&d=mm&r=g\",\"url\":\"https:\\\/\\\/secure.gravatar.com\\\/avatar\\\/1447a49909b67aa657c488aec6512e1dd6143a480c1ecfee9b5b5cd74eb3b59e?s=96&d=mm&r=g\",\"contentUrl\":\"https:\\\/\\\/secure.gravatar.com\\\/avatar\\\/1447a49909b67aa657c488aec6512e1dd6143a480c1ecfee9b5b5cd74eb3b59e?s=96&d=mm&r=g\",\"caption\":\"CL\"},\"url\":\"https:\\\/\\\/www.webdo.tn\\\/fr\\\/actualite\\\/author\\\/cl\\\/\"}]}<\/script>\n<!-- \/ Yoast SEO Premium plugin. -->","yoast_head_json":{"title":"Tunisie : Composition de l'Assembl\u00e9e des Repr\u00e9sentants du Peuple","description":"L'Instance sup\u00e9rieure ind\u00e9pendante pour les \u00e9lections a annonc\u00e9 samedi, la composition d\u00e9finitive de l'Assembl\u00e9e des repr\u00e9sentants du peuple, issue des \u00e9lection...","canonical":"https:\/\/www.webdo.tn\/fr\/actualite\/national\/tunisie-composition-de-l-assemblee-des-representants-du-peuple\/203353\/","og_locale":"fr_FR","og_type":"article","og_title":"Tunisie : Composition de l'Assembl\u00e9e des Repr\u00e9sentants du Peuple","og_description":"L'Instance sup\u00e9rieure ind\u00e9pendante pour les \u00e9lections a annonc\u00e9 samedi, la composition d\u00e9finitive de l'Assembl\u00e9e des repr\u00e9sentants du peuple, issue des \u00e9lection...","og_url":"https:\/\/www.webdo.tn\/fr\/actualite\/national\/tunisie-composition-de-l-assemblee-des-representants-du-peuple\/203353\/","og_site_name":"webdo","article_publisher":"https:\/\/www.facebook.com\/webdotn","article_published_time":"2023-02-26T09:11:00+00:00","article_modified_time":"2025-05-20T22:45:16+00:00","og_image":[{"width":750,"height":400,"url":"https:\/\/www.webdo.tn\/fr\/wp-content\/uploads\/2023\/02\/bd4563c73d0daa4009548cfb1ffd2339.png","type":"image\/png"}],"author":"CL","twitter_card":"summary_large_image","twitter_creator":"@webdo_tn","twitter_site":"@webdo_tn","twitter_misc":{"\u00c9crit par":"CL","Dur\u00e9e de lecture estim\u00e9e":"5 minutes"},"schema":{"@context":"https:\/\/schema.org","@graph":[{"@type":"NewsArticle","@id":"https:\/\/www.webdo.tn\/fr\/actualite\/national\/tunisie-composition-de-l-assemblee-des-representants-du-peuple\/203353\/#article","isPartOf":{"@id":"https:\/\/www.webdo.tn\/fr\/actualite\/national\/tunisie-composition-de-l-assemblee-des-representants-du-peuple\/203353\/"},"author":{"name":"CL","@id":"https:\/\/www.webdo.tn\/fr\/#\/schema\/person\/f35b42a42c5e2511bbd282959d6385cc"},"headline":"Tunisie : Composition de l&rsquo;Assembl\u00e9e des Repr\u00e9sentants du Peuple","datePublished":"2023-02-26T09:11:00+00:00","dateModified":"2025-05-20T22:45:16+00:00","mainEntityOfPage":{"@id":"https:\/\/www.webdo.tn\/fr\/actualite\/national\/tunisie-composition-de-l-assemblee-des-representants-du-peuple\/203353\/"},"wordCount":1040,"commentCount":0,"publisher":{"@id":"https:\/\/www.webdo.tn\/fr\/#organization"},"image":{"@id":"https:\/\/www.webdo.tn\/fr\/actualite\/national\/tunisie-composition-de-l-assemblee-des-representants-du-peuple\/203353\/#primaryimage"},"thumbnailUrl":"https:\/\/www.webdo.tn\/fr\/wp-content\/uploads\/2023\/02\/bd4563c73d0daa4009548cfb1ffd2339.png","keywords":["ARP","Composition","d\u00e9put\u00e9s","Tunisie"],"articleSection":["National"],"inLanguage":"fr-FR"},{"@type":"WebPage","@id":"https:\/\/www.webdo.tn\/fr\/actualite\/national\/tunisie-composition-de-l-assemblee-des-representants-du-peuple\/203353\/","url":"https:\/\/www.webdo.tn\/fr\/actualite\/national\/tunisie-composition-de-l-assemblee-des-representants-du-peuple\/203353\/","name":"Tunisie : Composition de l'Assembl\u00e9e des Repr\u00e9sentants du Peuple","isPartOf":{"@id":"https:\/\/www.webdo.tn\/fr\/#website"},"primaryImageOfPage":{"@id":"https:\/\/www.webdo.tn\/fr\/actualite\/national\/tunisie-composition-de-l-assemblee-des-representants-du-peuple\/203353\/#primaryimage"},"image":{"@id":"https:\/\/www.webdo.tn\/fr\/actualite\/national\/tunisie-composition-de-l-assemblee-des-representants-du-peuple\/203353\/#primaryimage"},"thumbnailUrl":"https:\/\/www.webdo.tn\/fr\/wp-content\/uploads\/2023\/02\/bd4563c73d0daa4009548cfb1ffd2339.png","datePublished":"2023-02-26T09:11:00+00:00","dateModified":"2025-05-20T22:45:16+00:00","description":"L'Instance sup\u00e9rieure ind\u00e9pendante pour les \u00e9lections a annonc\u00e9 samedi, la composition d\u00e9finitive de l'Assembl\u00e9e des repr\u00e9sentants du peuple, issue des \u00e9lection...","breadcrumb":{"@id":"https:\/\/www.webdo.tn\/fr\/actualite\/national\/tunisie-composition-de-l-assemblee-des-representants-du-peuple\/203353\/#breadcrumb"},"inLanguage":"fr-FR","potentialAction":[{"@type":"ReadAction","target":["https:\/\/www.webdo.tn\/fr\/actualite\/national\/tunisie-composition-de-l-assemblee-des-representants-du-peuple\/203353\/"]}]},{"@type":"ImageObject","inLanguage":"fr-FR","@id":"https:\/\/www.webdo.tn\/fr\/actualite\/national\/tunisie-composition-de-l-assemblee-des-representants-du-peuple\/203353\/#primaryimage","url":"https:\/\/www.webdo.tn\/fr\/wp-content\/uploads\/2023\/02\/bd4563c73d0daa4009548cfb1ffd2339.png","contentUrl":"https:\/\/www.webdo.tn\/fr\/wp-content\/uploads\/2023\/02\/bd4563c73d0daa4009548cfb1ffd2339.png","width":750,"height":400,"caption":"ARP Tunisie"},{"@type":"BreadcrumbList","@id":"https:\/\/www.webdo.tn\/fr\/actualite\/national\/tunisie-composition-de-l-assemblee-des-representants-du-peuple\/203353\/#breadcrumb","itemListElement":[{"@type":"ListItem","position":1,"name":"Accueil","item":"https:\/\/www.webdo.tn\/fr\/"},{"@type":"ListItem","position":2,"name":"Tunisie : Composition de l&#8217;Assembl\u00e9e des Repr\u00e9sentants du Peuple"}]},{"@type":"WebSite","@id":"https:\/\/www.webdo.tn\/fr\/#website","url":"https:\/\/www.webdo.tn\/fr\/","name":"webdo","description":"Tunisie - News en Tunisie et \u00e0 l&#039;international sur Webdo.tn","publisher":{"@id":"https:\/\/www.webdo.tn\/fr\/#organization"},"potentialAction":[{"@type":"SearchAction","target":{"@type":"EntryPoint","urlTemplate":"https:\/\/www.webdo.tn\/fr\/?s={search_term_string}"},"query-input":{"@type":"PropertyValueSpecification","valueRequired":true,"valueName":"search_term_string"}}],"inLanguage":"fr-FR"},{"@type":"Organization","@id":"https:\/\/www.webdo.tn\/fr\/#organization","name":"Webdo","alternateName":"Webdo.tn","url":"https:\/\/www.webdo.tn\/fr\/","logo":{"@type":"ImageObject","inLanguage":"fr-FR","@id":"https:\/\/www.webdo.tn\/fr\/#\/schema\/logo\/image\/","url":"https:\/\/www.webdo.tn\/fr\/wp-content\/uploads\/2025\/06\/Webdo-Tunisie_168377.jpg","contentUrl":"https:\/\/www.webdo.tn\/fr\/wp-content\/uploads\/2025\/06\/Webdo-Tunisie_168377.jpg","width":301,"height":301,"caption":"Webdo"},"image":{"@id":"https:\/\/www.webdo.tn\/fr\/#\/schema\/logo\/image\/"},"sameAs":["https:\/\/www.facebook.com\/webdotn","https:\/\/x.com\/webdo_tn"],"description":"Webdo est un m\u00e9dia num\u00e9rique tunisien fond\u00e9 en 2010, sp\u00e9cialis\u00e9 dans l\u2019actualit\u00e9 nationale et internationale, l\u2019\u00e9conomie, la soci\u00e9t\u00e9 et les analyses politiques. Le site s\u2019adresse \u00e0 un large public francophone et couvre l\u2019information tunisienne en temps r\u00e9el.","email":"redac@webdo.tn","legalName":"YNJ SARL","foundingDate":"2010-09-06","numberOfEmployees":{"@type":"QuantitativeValue","minValue":"11","maxValue":"50"}},{"@type":"Person","@id":"https:\/\/www.webdo.tn\/fr\/#\/schema\/person\/f35b42a42c5e2511bbd282959d6385cc","name":"CL","image":{"@type":"ImageObject","inLanguage":"fr-FR","@id":"https:\/\/secure.gravatar.com\/avatar\/1447a49909b67aa657c488aec6512e1dd6143a480c1ecfee9b5b5cd74eb3b59e?s=96&d=mm&r=g","url":"https:\/\/secure.gravatar.com\/avatar\/1447a49909b67aa657c488aec6512e1dd6143a480c1ecfee9b5b5cd74eb3b59e?s=96&d=mm&r=g","contentUrl":"https:\/\/secure.gravatar.com\/avatar\/1447a49909b67aa657c488aec6512e1dd6143a480c1ecfee9b5b5cd74eb3b59e?s=96&d=mm&r=g","caption":"CL"},"url":"https:\/\/www.webdo.tn\/fr\/actualite\/author\/cl\/"}]}},"_links":{"self":[{"href":"https:\/\/www.webdo.tn\/fr\/wp-json\/wp\/v2\/posts\/203353","targetHints":{"allow":["GET"]}}],"collection":[{"href":"https:\/\/www.webdo.tn\/fr\/wp-json\/wp\/v2\/posts"}],"about":[{"href":"https:\/\/www.webdo.tn\/fr\/wp-json\/wp\/v2\/types\/post"}],"author":[{"embeddable":true,"href":"https:\/\/www.webdo.tn\/fr\/wp-json\/wp\/v2\/users\/3175"}],"replies":[{"embeddable":true,"href":"https:\/\/www.webdo.tn\/fr\/wp-json\/wp\/v2\/comments?post=203353"}],"version-history":[{"count":0,"href":"https:\/\/www.webdo.tn\/fr\/wp-json\/wp\/v2\/posts\/203353\/revisions"}],"wp:featuredmedia":[{"embeddable":true,"href":"https:\/\/www.webdo.tn\/fr\/wp-json\/wp\/v2\/media\/251890"}],"wp:attachment":[{"href":"https:\/\/www.webdo.tn\/fr\/wp-json\/wp\/v2\/media?parent=203353"}],"wp:term":[{"taxonomy":"category","embeddable":true,"href":"https:\/\/www.webdo.tn\/fr\/wp-json\/wp\/v2\/categories?post=203353"},{"taxonomy":"post_tag","embeddable":true,"href":"https:\/\/www.webdo.tn\/fr\/wp-json\/wp\/v2\/tags?post=203353"}],"curies":[{"name":"wp","href":"https:\/\/api.w.org\/{rel}","templated":true}]}}