{"id":203344,"date":"2023-02-25T12:37:00","date_gmt":"2023-02-25T12:37:00","guid":{"rendered":"https:\/\/www.webdo.tn\/fr\/blog\/mandat-de-depot-contre-chaima-issa\/203344\/"},"modified":"2025-05-20T22:02:10","modified_gmt":"2025-05-20T22:02:10","slug":"mandat-de-depot-contre-chaima-issa","status":"publish","type":"post","link":"https:\/\/www.webdo.tn\/fr\/actualite\/national\/mandat-de-depot-contre-chaima-issa\/203344\/","title":{"rendered":"Mandat de d\u00e9p\u00f4t contre Chaima Issa"},"content":{"rendered":"<p>Le juge d\u2019instruction aupr\u00e8s du p\u00f4le antiterroriste a \u00e9mis, ce samedi 25 f\u00e9vrier 2023, un mandat de d\u00e9p\u00f4t contre la membre du Front de salut national, Chaima Issa, a annonc\u00e9 l\u2019avocat Samir Dilou sur sa page Facebook.<\/p>\n<p>\t\t\t\t\t\t\t\t\tChaima Issa a \u00e9t\u00e9 arr\u00eat\u00e9e, mercredi 2 f\u00e9vrier, par les agents de l\u2019Unit\u00e9 nationale de recherche dans les crimes terroristes et des crimes touchant \u00e0 l&rsquo;int\u00e9grit\u00e9 du territoire national et ce, en ex\u00e9cution d\u2019un mandat \u00e9mis par le Parquet aupr\u00e8s du P\u00f4le judiciaire antiterroriste.<\/p>\n<p>Selon Samir Dilou, avocat de la d\u00e9fense, des mandats de d\u00e9p\u00f4t contre Ghazi Chaouachi et Ridha Belhaj seront \u00ab\u00a0\u00e9mis dans les prochaines heures\u00a0\u00bb apr\u00e8s ceux \u00e9mis aujourd\u2019hui contre Jawher Ben Mbarek et Chaima Issa.<\/p>\n<p>Des mandats de d\u00e9p\u00f4t ont \u00e9t\u00e9 \u00e9mis, vendredi soir, \u00e0 l&rsquo;encontre de l&rsquo;homme d&rsquo;affaires Kamel Letaief, de l&rsquo;activiste Khayem Turki, de l&rsquo;ancien dirigeant du parti \u00ab\u00a0Ennahdha\u00a0\u00bb Abdelhamid Jelassi et du secr\u00e9taire g\u00e9n\u00e9ral du Parti R\u00e9publicain Issam Chebbi.<\/p>\n","protected":false},"excerpt":{"rendered":"<p>Le juge d\u2019instruction aupr\u00e8s du p\u00f4le antiterroriste a \u00e9mis un mandat de d\u00e9p\u00f4t contre Chaima Issa<\/p>\n","protected":false},"author":3162,"featured_media":251887,"comment_status":"open","ping_status":"closed","sticky":false,"template":"","format":"standard","meta":{"footnotes":""},"categories":[44],"tags":[6357,2886],"class_list":["post-203344","post","type-post","status-publish","format-standard","has-post-thumbnail","hentry","category-national","tag-chaima-issa","tag-mandat-de-depot"],"yoast_head":"<!-- This site is optimized with the Yoast SEO Premium plugin v27.5 (Yoast SEO v27.5) - https:\/\/yoast.com\/product\/yoast-seo-premium-wordpress\/ -->\n<title>Mandat de d\u00e9p\u00f4t contre Chaima Issa<\/title>\n<meta name=\"description\" content=\"Le juge d\u2019instruction aupr\u00e8s du p\u00f4le antiterroriste a \u00e9mis un mandat de d\u00e9p\u00f4t contre Chaima Issa\" \/>\n<link rel=\"canonical\" href=\"https:\/\/www.webdo.tn\/fr\/actualite\/national\/mandat-de-depot-contre-chaima-issa\/203344\/\" \/>\n<meta property=\"og:locale\" content=\"fr_FR\" \/>\n<meta property=\"og:type\" content=\"article\" \/>\n<meta property=\"og:title\" content=\"Mandat de d\u00e9p\u00f4t contre Chaima Issa\" \/>\n<meta property=\"og:description\" content=\"Le juge d\u2019instruction aupr\u00e8s du p\u00f4le antiterroriste a \u00e9mis un mandat de d\u00e9p\u00f4t contre Chaima Issa\" \/>\n<meta property=\"og:url\" content=\"https:\/\/www.webdo.tn\/fr\/actualite\/national\/mandat-de-depot-contre-chaima-issa\/203344\/\" \/>\n<meta property=\"og:site_name\" content=\"webdo\" \/>\n<meta property=\"article:publisher\" content=\"https:\/\/www.facebook.com\/webdotn\" \/>\n<meta property=\"article:published_time\" content=\"2023-02-25T12:37:00+00:00\" \/>\n<meta property=\"article:modified_time\" content=\"2025-05-20T22:02:10+00:00\" \/>\n<meta property=\"og:image\" content=\"https:\/\/www.webdo.tn\/fr\/wp-content\/uploads\/2023\/02\/1c997ec93d18d6c2b918bb5d20b51ff1.jpg\" \/>\n\t<meta property=\"og:image:width\" content=\"726\" \/>\n\t<meta property=\"og:image:height\" content=\"387\" \/>\n\t<meta property=\"og:image:type\" content=\"image\/jpeg\" \/>\n<meta name=\"author\" content=\"MC\" \/>\n<meta name=\"twitter:card\" content=\"summary_large_image\" \/>\n<meta name=\"twitter:creator\" content=\"@webdo_tn\" \/>\n<meta name=\"twitter:site\" content=\"@webdo_tn\" \/>\n<meta name=\"twitter:label1\" content=\"\u00c9crit par\" \/>\n\t<meta name=\"twitter:data1\" content=\"MC\" \/>\n\t<meta name=\"twitter:label2\" content=\"Dur\u00e9e de lecture estim\u00e9e\" \/>\n\t<meta name=\"twitter:data2\" content=\"1 minute\" \/>\n<script type=\"application\/ld+json\" class=\"yoast-schema-graph\">{\"@context\":\"https:\\\/\\\/schema.org\",\"@graph\":[{\"@type\":\"NewsArticle\",\"@id\":\"https:\\\/\\\/www.webdo.tn\\\/fr\\\/actualite\\\/national\\\/mandat-de-depot-contre-chaima-issa\\\/203344\\\/#article\",\"isPartOf\":{\"@id\":\"https:\\\/\\\/www.webdo.tn\\\/fr\\\/actualite\\\/national\\\/mandat-de-depot-contre-chaima-issa\\\/203344\\\/\"},\"author\":{\"name\":\"MC\",\"@id\":\"https:\\\/\\\/www.webdo.tn\\\/fr\\\/#\\\/schema\\\/person\\\/2c4929cbf5a809e3bd38617c6ce150f6\"},\"headline\":\"Mandat de d\u00e9p\u00f4t contre Chaima Issa\",\"datePublished\":\"2023-02-25T12:37:00+00:00\",\"dateModified\":\"2025-05-20T22:02:10+00:00\",\"mainEntityOfPage\":{\"@id\":\"https:\\\/\\\/www.webdo.tn\\\/fr\\\/actualite\\\/national\\\/mandat-de-depot-contre-chaima-issa\\\/203344\\\/\"},\"wordCount\":188,\"commentCount\":0,\"publisher\":{\"@id\":\"https:\\\/\\\/www.webdo.tn\\\/fr\\\/#organization\"},\"image\":{\"@id\":\"https:\\\/\\\/www.webdo.tn\\\/fr\\\/actualite\\\/national\\\/mandat-de-depot-contre-chaima-issa\\\/203344\\\/#primaryimage\"},\"thumbnailUrl\":\"https:\\\/\\\/www.webdo.tn\\\/fr\\\/wp-content\\\/uploads\\\/2023\\\/02\\\/1c997ec93d18d6c2b918bb5d20b51ff1.jpg\",\"keywords\":[\"Chaima Issa\",\"mandat de d\u00e9p\u00f4t\"],\"articleSection\":[\"National\"],\"inLanguage\":\"fr-FR\"},{\"@type\":\"WebPage\",\"@id\":\"https:\\\/\\\/www.webdo.tn\\\/fr\\\/actualite\\\/national\\\/mandat-de-depot-contre-chaima-issa\\\/203344\\\/\",\"url\":\"https:\\\/\\\/www.webdo.tn\\\/fr\\\/actualite\\\/national\\\/mandat-de-depot-contre-chaima-issa\\\/203344\\\/\",\"name\":\"Mandat de d\u00e9p\u00f4t contre Chaima Issa\",\"isPartOf\":{\"@id\":\"https:\\\/\\\/www.webdo.tn\\\/fr\\\/#website\"},\"primaryImageOfPage\":{\"@id\":\"https:\\\/\\\/www.webdo.tn\\\/fr\\\/actualite\\\/national\\\/mandat-de-depot-contre-chaima-issa\\\/203344\\\/#primaryimage\"},\"image\":{\"@id\":\"https:\\\/\\\/www.webdo.tn\\\/fr\\\/actualite\\\/national\\\/mandat-de-depot-contre-chaima-issa\\\/203344\\\/#primaryimage\"},\"thumbnailUrl\":\"https:\\\/\\\/www.webdo.tn\\\/fr\\\/wp-content\\\/uploads\\\/2023\\\/02\\\/1c997ec93d18d6c2b918bb5d20b51ff1.jpg\",\"datePublished\":\"2023-02-25T12:37:00+00:00\",\"dateModified\":\"2025-05-20T22:02:10+00:00\",\"description\":\"Le juge d\u2019instruction aupr\u00e8s du p\u00f4le antiterroriste a \u00e9mis un mandat de d\u00e9p\u00f4t contre Chaima Issa\",\"breadcrumb\":{\"@id\":\"https:\\\/\\\/www.webdo.tn\\\/fr\\\/actualite\\\/national\\\/mandat-de-depot-contre-chaima-issa\\\/203344\\\/#breadcrumb\"},\"inLanguage\":\"fr-FR\",\"potentialAction\":[{\"@type\":\"ReadAction\",\"target\":[\"https:\\\/\\\/www.webdo.tn\\\/fr\\\/actualite\\\/national\\\/mandat-de-depot-contre-chaima-issa\\\/203344\\\/\"]}]},{\"@type\":\"ImageObject\",\"inLanguage\":\"fr-FR\",\"@id\":\"https:\\\/\\\/www.webdo.tn\\\/fr\\\/actualite\\\/national\\\/mandat-de-depot-contre-chaima-issa\\\/203344\\\/#primaryimage\",\"url\":\"https:\\\/\\\/www.webdo.tn\\\/fr\\\/wp-content\\\/uploads\\\/2023\\\/02\\\/1c997ec93d18d6c2b918bb5d20b51ff1.jpg\",\"contentUrl\":\"https:\\\/\\\/www.webdo.tn\\\/fr\\\/wp-content\\\/uploads\\\/2023\\\/02\\\/1c997ec93d18d6c2b918bb5d20b51ff1.jpg\",\"width\":726,\"height\":387,\"caption\":\"Mandat de d\u00e9p\u00f4t contre Chaima Issa\"},{\"@type\":\"BreadcrumbList\",\"@id\":\"https:\\\/\\\/www.webdo.tn\\\/fr\\\/actualite\\\/national\\\/mandat-de-depot-contre-chaima-issa\\\/203344\\\/#breadcrumb\",\"itemListElement\":[{\"@type\":\"ListItem\",\"position\":1,\"name\":\"Accueil\",\"item\":\"https:\\\/\\\/www.webdo.tn\\\/fr\\\/\"},{\"@type\":\"ListItem\",\"position\":2,\"name\":\"Mandat de d\u00e9p\u00f4t contre Chaima Issa\"}]},{\"@type\":\"WebSite\",\"@id\":\"https:\\\/\\\/www.webdo.tn\\\/fr\\\/#website\",\"url\":\"https:\\\/\\\/www.webdo.tn\\\/fr\\\/\",\"name\":\"webdo\",\"description\":\"Tunisie - News en Tunisie et \u00e0 l&#039;international sur Webdo.tn\",\"publisher\":{\"@id\":\"https:\\\/\\\/www.webdo.tn\\\/fr\\\/#organization\"},\"potentialAction\":[{\"@type\":\"SearchAction\",\"target\":{\"@type\":\"EntryPoint\",\"urlTemplate\":\"https:\\\/\\\/www.webdo.tn\\\/fr\\\/?s={search_term_string}\"},\"query-input\":{\"@type\":\"PropertyValueSpecification\",\"valueRequired\":true,\"valueName\":\"search_term_string\"}}],\"inLanguage\":\"fr-FR\"},{\"@type\":\"Organization\",\"@id\":\"https:\\\/\\\/www.webdo.tn\\\/fr\\\/#organization\",\"name\":\"Webdo\",\"alternateName\":\"Webdo.tn\",\"url\":\"https:\\\/\\\/www.webdo.tn\\\/fr\\\/\",\"logo\":{\"@type\":\"ImageObject\",\"inLanguage\":\"fr-FR\",\"@id\":\"https:\\\/\\\/www.webdo.tn\\\/fr\\\/#\\\/schema\\\/logo\\\/image\\\/\",\"url\":\"https:\\\/\\\/www.webdo.tn\\\/fr\\\/wp-content\\\/uploads\\\/2025\\\/06\\\/Webdo-Tunisie_168377.jpg\",\"contentUrl\":\"https:\\\/\\\/www.webdo.tn\\\/fr\\\/wp-content\\\/uploads\\\/2025\\\/06\\\/Webdo-Tunisie_168377.jpg\",\"width\":301,\"height\":301,\"caption\":\"Webdo\"},\"image\":{\"@id\":\"https:\\\/\\\/www.webdo.tn\\\/fr\\\/#\\\/schema\\\/logo\\\/image\\\/\"},\"sameAs\":[\"https:\\\/\\\/www.facebook.com\\\/webdotn\",\"https:\\\/\\\/x.com\\\/webdo_tn\"],\"description\":\"Webdo est un m\u00e9dia num\u00e9rique tunisien fond\u00e9 en 2010, sp\u00e9cialis\u00e9 dans l\u2019actualit\u00e9 nationale et internationale, l\u2019\u00e9conomie, la soci\u00e9t\u00e9 et les analyses politiques. Le site s\u2019adresse \u00e0 un large public francophone et couvre l\u2019information tunisienne en temps r\u00e9el.\",\"email\":\"redac@webdo.tn\",\"legalName\":\"YNJ SARL\",\"foundingDate\":\"2010-09-06\",\"numberOfEmployees\":{\"@type\":\"QuantitativeValue\",\"minValue\":\"11\",\"maxValue\":\"50\"}},{\"@type\":\"Person\",\"@id\":\"https:\\\/\\\/www.webdo.tn\\\/fr\\\/#\\\/schema\\\/person\\\/2c4929cbf5a809e3bd38617c6ce150f6\",\"name\":\"MC\",\"image\":{\"@type\":\"ImageObject\",\"inLanguage\":\"fr-FR\",\"@id\":\"https:\\\/\\\/secure.gravatar.com\\\/avatar\\\/a545bbb6f84efdd5553dbbc2895e3ca8f1d12c5215e00a041c9670b54aa9b18a?s=96&d=mm&r=g\",\"url\":\"https:\\\/\\\/secure.gravatar.com\\\/avatar\\\/a545bbb6f84efdd5553dbbc2895e3ca8f1d12c5215e00a041c9670b54aa9b18a?s=96&d=mm&r=g\",\"contentUrl\":\"https:\\\/\\\/secure.gravatar.com\\\/avatar\\\/a545bbb6f84efdd5553dbbc2895e3ca8f1d12c5215e00a041c9670b54aa9b18a?s=96&d=mm&r=g\",\"caption\":\"MC\"},\"url\":\"https:\\\/\\\/www.webdo.tn\\\/fr\\\/actualite\\\/author\\\/mc\\\/\"}]}<\/script>\n<!-- \/ Yoast SEO Premium plugin. -->","yoast_head_json":{"title":"Mandat de d\u00e9p\u00f4t contre Chaima Issa","description":"Le juge d\u2019instruction aupr\u00e8s du p\u00f4le antiterroriste a \u00e9mis un mandat de d\u00e9p\u00f4t contre Chaima Issa","canonical":"https:\/\/www.webdo.tn\/fr\/actualite\/national\/mandat-de-depot-contre-chaima-issa\/203344\/","og_locale":"fr_FR","og_type":"article","og_title":"Mandat de d\u00e9p\u00f4t contre Chaima Issa","og_description":"Le juge d\u2019instruction aupr\u00e8s du p\u00f4le antiterroriste a \u00e9mis un mandat de d\u00e9p\u00f4t contre Chaima Issa","og_url":"https:\/\/www.webdo.tn\/fr\/actualite\/national\/mandat-de-depot-contre-chaima-issa\/203344\/","og_site_name":"webdo","article_publisher":"https:\/\/www.facebook.com\/webdotn","article_published_time":"2023-02-25T12:37:00+00:00","article_modified_time":"2025-05-20T22:02:10+00:00","og_image":[{"width":726,"height":387,"url":"https:\/\/www.webdo.tn\/fr\/wp-content\/uploads\/2023\/02\/1c997ec93d18d6c2b918bb5d20b51ff1.jpg","type":"image\/jpeg"}],"author":"MC","twitter_card":"summary_large_image","twitter_creator":"@webdo_tn","twitter_site":"@webdo_tn","twitter_misc":{"\u00c9crit par":"MC","Dur\u00e9e de lecture estim\u00e9e":"1 minute"},"schema":{"@context":"https:\/\/schema.org","@graph":[{"@type":"NewsArticle","@id":"https:\/\/www.webdo.tn\/fr\/actualite\/national\/mandat-de-depot-contre-chaima-issa\/203344\/#article","isPartOf":{"@id":"https:\/\/www.webdo.tn\/fr\/actualite\/national\/mandat-de-depot-contre-chaima-issa\/203344\/"},"author":{"name":"MC","@id":"https:\/\/www.webdo.tn\/fr\/#\/schema\/person\/2c4929cbf5a809e3bd38617c6ce150f6"},"headline":"Mandat de d\u00e9p\u00f4t contre Chaima Issa","datePublished":"2023-02-25T12:37:00+00:00","dateModified":"2025-05-20T22:02:10+00:00","mainEntityOfPage":{"@id":"https:\/\/www.webdo.tn\/fr\/actualite\/national\/mandat-de-depot-contre-chaima-issa\/203344\/"},"wordCount":188,"commentCount":0,"publisher":{"@id":"https:\/\/www.webdo.tn\/fr\/#organization"},"image":{"@id":"https:\/\/www.webdo.tn\/fr\/actualite\/national\/mandat-de-depot-contre-chaima-issa\/203344\/#primaryimage"},"thumbnailUrl":"https:\/\/www.webdo.tn\/fr\/wp-content\/uploads\/2023\/02\/1c997ec93d18d6c2b918bb5d20b51ff1.jpg","keywords":["Chaima Issa","mandat de d\u00e9p\u00f4t"],"articleSection":["National"],"inLanguage":"fr-FR"},{"@type":"WebPage","@id":"https:\/\/www.webdo.tn\/fr\/actualite\/national\/mandat-de-depot-contre-chaima-issa\/203344\/","url":"https:\/\/www.webdo.tn\/fr\/actualite\/national\/mandat-de-depot-contre-chaima-issa\/203344\/","name":"Mandat de d\u00e9p\u00f4t contre Chaima Issa","isPartOf":{"@id":"https:\/\/www.webdo.tn\/fr\/#website"},"primaryImageOfPage":{"@id":"https:\/\/www.webdo.tn\/fr\/actualite\/national\/mandat-de-depot-contre-chaima-issa\/203344\/#primaryimage"},"image":{"@id":"https:\/\/www.webdo.tn\/fr\/actualite\/national\/mandat-de-depot-contre-chaima-issa\/203344\/#primaryimage"},"thumbnailUrl":"https:\/\/www.webdo.tn\/fr\/wp-content\/uploads\/2023\/02\/1c997ec93d18d6c2b918bb5d20b51ff1.jpg","datePublished":"2023-02-25T12:37:00+00:00","dateModified":"2025-05-20T22:02:10+00:00","description":"Le juge d\u2019instruction aupr\u00e8s du p\u00f4le antiterroriste a \u00e9mis un mandat de d\u00e9p\u00f4t contre Chaima Issa","breadcrumb":{"@id":"https:\/\/www.webdo.tn\/fr\/actualite\/national\/mandat-de-depot-contre-chaima-issa\/203344\/#breadcrumb"},"inLanguage":"fr-FR","potentialAction":[{"@type":"ReadAction","target":["https:\/\/www.webdo.tn\/fr\/actualite\/national\/mandat-de-depot-contre-chaima-issa\/203344\/"]}]},{"@type":"ImageObject","inLanguage":"fr-FR","@id":"https:\/\/www.webdo.tn\/fr\/actualite\/national\/mandat-de-depot-contre-chaima-issa\/203344\/#primaryimage","url":"https:\/\/www.webdo.tn\/fr\/wp-content\/uploads\/2023\/02\/1c997ec93d18d6c2b918bb5d20b51ff1.jpg","contentUrl":"https:\/\/www.webdo.tn\/fr\/wp-content\/uploads\/2023\/02\/1c997ec93d18d6c2b918bb5d20b51ff1.jpg","width":726,"height":387,"caption":"Mandat de d\u00e9p\u00f4t contre Chaima Issa"},{"@type":"BreadcrumbList","@id":"https:\/\/www.webdo.tn\/fr\/actualite\/national\/mandat-de-depot-contre-chaima-issa\/203344\/#breadcrumb","itemListElement":[{"@type":"ListItem","position":1,"name":"Accueil","item":"https:\/\/www.webdo.tn\/fr\/"},{"@type":"ListItem","position":2,"name":"Mandat de d\u00e9p\u00f4t contre Chaima Issa"}]},{"@type":"WebSite","@id":"https:\/\/www.webdo.tn\/fr\/#website","url":"https:\/\/www.webdo.tn\/fr\/","name":"webdo","description":"Tunisie - News en Tunisie et \u00e0 l&#039;international sur Webdo.tn","publisher":{"@id":"https:\/\/www.webdo.tn\/fr\/#organization"},"potentialAction":[{"@type":"SearchAction","target":{"@type":"EntryPoint","urlTemplate":"https:\/\/www.webdo.tn\/fr\/?s={search_term_string}"},"query-input":{"@type":"PropertyValueSpecification","valueRequired":true,"valueName":"search_term_string"}}],"inLanguage":"fr-FR"},{"@type":"Organization","@id":"https:\/\/www.webdo.tn\/fr\/#organization","name":"Webdo","alternateName":"Webdo.tn","url":"https:\/\/www.webdo.tn\/fr\/","logo":{"@type":"ImageObject","inLanguage":"fr-FR","@id":"https:\/\/www.webdo.tn\/fr\/#\/schema\/logo\/image\/","url":"https:\/\/www.webdo.tn\/fr\/wp-content\/uploads\/2025\/06\/Webdo-Tunisie_168377.jpg","contentUrl":"https:\/\/www.webdo.tn\/fr\/wp-content\/uploads\/2025\/06\/Webdo-Tunisie_168377.jpg","width":301,"height":301,"caption":"Webdo"},"image":{"@id":"https:\/\/www.webdo.tn\/fr\/#\/schema\/logo\/image\/"},"sameAs":["https:\/\/www.facebook.com\/webdotn","https:\/\/x.com\/webdo_tn"],"description":"Webdo est un m\u00e9dia num\u00e9rique tunisien fond\u00e9 en 2010, sp\u00e9cialis\u00e9 dans l\u2019actualit\u00e9 nationale et internationale, l\u2019\u00e9conomie, la soci\u00e9t\u00e9 et les analyses politiques. Le site s\u2019adresse \u00e0 un large public francophone et couvre l\u2019information tunisienne en temps r\u00e9el.","email":"redac@webdo.tn","legalName":"YNJ SARL","foundingDate":"2010-09-06","numberOfEmployees":{"@type":"QuantitativeValue","minValue":"11","maxValue":"50"}},{"@type":"Person","@id":"https:\/\/www.webdo.tn\/fr\/#\/schema\/person\/2c4929cbf5a809e3bd38617c6ce150f6","name":"MC","image":{"@type":"ImageObject","inLanguage":"fr-FR","@id":"https:\/\/secure.gravatar.com\/avatar\/a545bbb6f84efdd5553dbbc2895e3ca8f1d12c5215e00a041c9670b54aa9b18a?s=96&d=mm&r=g","url":"https:\/\/secure.gravatar.com\/avatar\/a545bbb6f84efdd5553dbbc2895e3ca8f1d12c5215e00a041c9670b54aa9b18a?s=96&d=mm&r=g","contentUrl":"https:\/\/secure.gravatar.com\/avatar\/a545bbb6f84efdd5553dbbc2895e3ca8f1d12c5215e00a041c9670b54aa9b18a?s=96&d=mm&r=g","caption":"MC"},"url":"https:\/\/www.webdo.tn\/fr\/actualite\/author\/mc\/"}]}},"_links":{"self":[{"href":"https:\/\/www.webdo.tn\/fr\/wp-json\/wp\/v2\/posts\/203344","targetHints":{"allow":["GET"]}}],"collection":[{"href":"https:\/\/www.webdo.tn\/fr\/wp-json\/wp\/v2\/posts"}],"about":[{"href":"https:\/\/www.webdo.tn\/fr\/wp-json\/wp\/v2\/types\/post"}],"author":[{"embeddable":true,"href":"https:\/\/www.webdo.tn\/fr\/wp-json\/wp\/v2\/users\/3162"}],"replies":[{"embeddable":true,"href":"https:\/\/www.webdo.tn\/fr\/wp-json\/wp\/v2\/comments?post=203344"}],"version-history":[{"count":0,"href":"https:\/\/www.webdo.tn\/fr\/wp-json\/wp\/v2\/posts\/203344\/revisions"}],"wp:featuredmedia":[{"embeddable":true,"href":"https:\/\/www.webdo.tn\/fr\/wp-json\/wp\/v2\/media\/251887"}],"wp:attachment":[{"href":"https:\/\/www.webdo.tn\/fr\/wp-json\/wp\/v2\/media?parent=203344"}],"wp:term":[{"taxonomy":"category","embeddable":true,"href":"https:\/\/www.webdo.tn\/fr\/wp-json\/wp\/v2\/categories?post=203344"},{"taxonomy":"post_tag","embeddable":true,"href":"https:\/\/www.webdo.tn\/fr\/wp-json\/wp\/v2\/tags?post=203344"}],"curies":[{"name":"wp","href":"https:\/\/api.w.org\/{rel}","templated":true}]}}