{"id":203326,"date":"2023-02-25T09:15:00","date_gmt":"2023-02-25T09:15:00","guid":{"rendered":"https:\/\/www.webdo.tn\/fr\/blog\/bechir-akremi-transfere-a-la-caserne-de-bouchoucha\/203326\/"},"modified":"2025-05-20T22:02:09","modified_gmt":"2025-05-20T22:02:09","slug":"bechir-akremi-transfere-a-la-caserne-de-bouchoucha","status":"publish","type":"post","link":"https:\/\/www.webdo.tn\/fr\/actualite\/national\/bechir-akremi-transfere-a-la-caserne-de-bouchoucha\/203326\/","title":{"rendered":"Bechir Akremi transf\u00e9r\u00e9 \u00e0 la caserne de Bouchoucha"},"content":{"rendered":"<p>L\u2019ancien procureur de la R\u00e9publique au Tribunal de premi\u00e8re instance de Tunis, le magistrat r\u00e9voqu\u00e9, B\u00e9chir Akremi, a \u00e9t\u00e9 transf\u00e9r\u00e9, vendredi 24 f\u00e9vrier \u00e0 la caserne de Bouchoucha.<\/p>\n<p>\t\t\t\t\t\t\t\t\tSa sortie de l\u2019h\u00f4pital psychiatrique Errazi avait \u00e9t\u00e9 annonc\u00e9e hier alors qu\u2019il devait \u00eatre maintenu en \u00e9tat de libert\u00e9.<\/p>\n<p>Mais selon Mosaique fm, Bechir Akremi a \u00e9t\u00e9 transport\u00e9 dans un v\u00e9hicule s\u00e9curitaire vers la caserne de s\u00e9curit\u00e9 nationale de Bouchoucha.<\/p>\n","protected":false},"excerpt":{"rendered":"<p>L\u2019ancien procureur de la R\u00e9publique au Tribunal de premi\u00e8re instance de Tunis Bechir Akremi, transf\u00e9r\u00e9 \u00e0 la caserne de Bouchoucha.<\/p>\n","protected":false},"author":3162,"featured_media":251883,"comment_status":"open","ping_status":"closed","sticky":false,"template":"","format":"standard","meta":{"footnotes":""},"categories":[44],"tags":[5457,8758],"class_list":["post-203326","post","type-post","status-publish","format-standard","has-post-thumbnail","hentry","category-national","tag-bechir-akremi","tag-bouchoucha"],"yoast_head":"<!-- This site is optimized with the Yoast SEO Premium plugin v27.4 (Yoast SEO v27.5) - https:\/\/yoast.com\/product\/yoast-seo-premium-wordpress\/ -->\n<title>Bechir Akremi transf\u00e9r\u00e9 \u00e0 la caserne de Bouchoucha<\/title>\n<meta name=\"description\" content=\"L\u2019ancien procureur de la R\u00e9publique au Tribunal de premi\u00e8re instance de Tunis Bechir Akremi, transf\u00e9r\u00e9 \u00e0 la caserne de Bouchoucha.\" \/>\n<link rel=\"canonical\" href=\"https:\/\/www.webdo.tn\/fr\/actualite\/national\/bechir-akremi-transfere-a-la-caserne-de-bouchoucha\/203326\/\" \/>\n<meta property=\"og:locale\" content=\"fr_FR\" \/>\n<meta property=\"og:type\" content=\"article\" \/>\n<meta property=\"og:title\" content=\"Bechir Akremi transf\u00e9r\u00e9 \u00e0 la caserne de Bouchoucha\" \/>\n<meta property=\"og:description\" content=\"L\u2019ancien procureur de la R\u00e9publique au Tribunal de premi\u00e8re instance de Tunis Bechir Akremi, transf\u00e9r\u00e9 \u00e0 la caserne de Bouchoucha.\" \/>\n<meta property=\"og:url\" content=\"https:\/\/www.webdo.tn\/fr\/actualite\/national\/bechir-akremi-transfere-a-la-caserne-de-bouchoucha\/203326\/\" \/>\n<meta property=\"og:site_name\" content=\"webdo\" \/>\n<meta property=\"article:publisher\" content=\"https:\/\/www.facebook.com\/webdotn\" \/>\n<meta property=\"article:published_time\" content=\"2023-02-25T09:15:00+00:00\" \/>\n<meta property=\"article:modified_time\" content=\"2025-05-20T22:02:09+00:00\" \/>\n<meta property=\"og:image\" content=\"https:\/\/www.webdo.tn\/fr\/wp-content\/uploads\/2023\/02\/4b0bae4e14a0bb79252c8bedc9122be7.jpg\" \/>\n\t<meta property=\"og:image:width\" content=\"730\" \/>\n\t<meta property=\"og:image:height\" content=\"389\" \/>\n\t<meta property=\"og:image:type\" content=\"image\/jpeg\" \/>\n<meta name=\"author\" content=\"MC\" \/>\n<meta name=\"twitter:card\" content=\"summary_large_image\" \/>\n<meta name=\"twitter:creator\" content=\"@webdo_tn\" \/>\n<meta name=\"twitter:site\" content=\"@webdo_tn\" \/>\n<meta name=\"twitter:label1\" content=\"\u00c9crit par\" \/>\n\t<meta name=\"twitter:data1\" content=\"MC\" \/>\n<script type=\"application\/ld+json\" class=\"yoast-schema-graph\">{\"@context\":\"https:\\\/\\\/schema.org\",\"@graph\":[{\"@type\":\"NewsArticle\",\"@id\":\"https:\\\/\\\/www.webdo.tn\\\/fr\\\/actualite\\\/national\\\/bechir-akremi-transfere-a-la-caserne-de-bouchoucha\\\/203326\\\/#article\",\"isPartOf\":{\"@id\":\"https:\\\/\\\/www.webdo.tn\\\/fr\\\/actualite\\\/national\\\/bechir-akremi-transfere-a-la-caserne-de-bouchoucha\\\/203326\\\/\"},\"author\":{\"name\":\"MC\",\"@id\":\"https:\\\/\\\/www.webdo.tn\\\/fr\\\/#\\\/schema\\\/person\\\/2c4929cbf5a809e3bd38617c6ce150f6\"},\"headline\":\"Bechir Akremi transf\u00e9r\u00e9 \u00e0 la caserne de Bouchoucha\",\"datePublished\":\"2023-02-25T09:15:00+00:00\",\"dateModified\":\"2025-05-20T22:02:09+00:00\",\"mainEntityOfPage\":{\"@id\":\"https:\\\/\\\/www.webdo.tn\\\/fr\\\/actualite\\\/national\\\/bechir-akremi-transfere-a-la-caserne-de-bouchoucha\\\/203326\\\/\"},\"wordCount\":88,\"commentCount\":0,\"publisher\":{\"@id\":\"https:\\\/\\\/www.webdo.tn\\\/fr\\\/#organization\"},\"image\":{\"@id\":\"https:\\\/\\\/www.webdo.tn\\\/fr\\\/actualite\\\/national\\\/bechir-akremi-transfere-a-la-caserne-de-bouchoucha\\\/203326\\\/#primaryimage\"},\"thumbnailUrl\":\"https:\\\/\\\/www.webdo.tn\\\/fr\\\/wp-content\\\/uploads\\\/2023\\\/02\\\/4b0bae4e14a0bb79252c8bedc9122be7.jpg\",\"keywords\":[\"bechir akremi\",\"bouchoucha\"],\"articleSection\":[\"National\"],\"inLanguage\":\"fr-FR\"},{\"@type\":\"WebPage\",\"@id\":\"https:\\\/\\\/www.webdo.tn\\\/fr\\\/actualite\\\/national\\\/bechir-akremi-transfere-a-la-caserne-de-bouchoucha\\\/203326\\\/\",\"url\":\"https:\\\/\\\/www.webdo.tn\\\/fr\\\/actualite\\\/national\\\/bechir-akremi-transfere-a-la-caserne-de-bouchoucha\\\/203326\\\/\",\"name\":\"Bechir Akremi transf\u00e9r\u00e9 \u00e0 la caserne de Bouchoucha\",\"isPartOf\":{\"@id\":\"https:\\\/\\\/www.webdo.tn\\\/fr\\\/#website\"},\"primaryImageOfPage\":{\"@id\":\"https:\\\/\\\/www.webdo.tn\\\/fr\\\/actualite\\\/national\\\/bechir-akremi-transfere-a-la-caserne-de-bouchoucha\\\/203326\\\/#primaryimage\"},\"image\":{\"@id\":\"https:\\\/\\\/www.webdo.tn\\\/fr\\\/actualite\\\/national\\\/bechir-akremi-transfere-a-la-caserne-de-bouchoucha\\\/203326\\\/#primaryimage\"},\"thumbnailUrl\":\"https:\\\/\\\/www.webdo.tn\\\/fr\\\/wp-content\\\/uploads\\\/2023\\\/02\\\/4b0bae4e14a0bb79252c8bedc9122be7.jpg\",\"datePublished\":\"2023-02-25T09:15:00+00:00\",\"dateModified\":\"2025-05-20T22:02:09+00:00\",\"description\":\"L\u2019ancien procureur de la R\u00e9publique au Tribunal de premi\u00e8re instance de Tunis Bechir Akremi, transf\u00e9r\u00e9 \u00e0 la caserne de Bouchoucha.\",\"breadcrumb\":{\"@id\":\"https:\\\/\\\/www.webdo.tn\\\/fr\\\/actualite\\\/national\\\/bechir-akremi-transfere-a-la-caserne-de-bouchoucha\\\/203326\\\/#breadcrumb\"},\"inLanguage\":\"fr-FR\",\"potentialAction\":[{\"@type\":\"ReadAction\",\"target\":[\"https:\\\/\\\/www.webdo.tn\\\/fr\\\/actualite\\\/national\\\/bechir-akremi-transfere-a-la-caserne-de-bouchoucha\\\/203326\\\/\"]}]},{\"@type\":\"ImageObject\",\"inLanguage\":\"fr-FR\",\"@id\":\"https:\\\/\\\/www.webdo.tn\\\/fr\\\/actualite\\\/national\\\/bechir-akremi-transfere-a-la-caserne-de-bouchoucha\\\/203326\\\/#primaryimage\",\"url\":\"https:\\\/\\\/www.webdo.tn\\\/fr\\\/wp-content\\\/uploads\\\/2023\\\/02\\\/4b0bae4e14a0bb79252c8bedc9122be7.jpg\",\"contentUrl\":\"https:\\\/\\\/www.webdo.tn\\\/fr\\\/wp-content\\\/uploads\\\/2023\\\/02\\\/4b0bae4e14a0bb79252c8bedc9122be7.jpg\",\"width\":730,\"height\":389,\"caption\":\"Bechir Akremi transf\u00e9r\u00e9 \u00e0 la caserne de Bouchoucha\"},{\"@type\":\"BreadcrumbList\",\"@id\":\"https:\\\/\\\/www.webdo.tn\\\/fr\\\/actualite\\\/national\\\/bechir-akremi-transfere-a-la-caserne-de-bouchoucha\\\/203326\\\/#breadcrumb\",\"itemListElement\":[{\"@type\":\"ListItem\",\"position\":1,\"name\":\"Accueil\",\"item\":\"https:\\\/\\\/www.webdo.tn\\\/fr\\\/\"},{\"@type\":\"ListItem\",\"position\":2,\"name\":\"Bechir Akremi transf\u00e9r\u00e9 \u00e0 la caserne de Bouchoucha\"}]},{\"@type\":\"WebSite\",\"@id\":\"https:\\\/\\\/www.webdo.tn\\\/fr\\\/#website\",\"url\":\"https:\\\/\\\/www.webdo.tn\\\/fr\\\/\",\"name\":\"webdo\",\"description\":\"Tunisie - News en Tunisie et \u00e0 l&#039;international sur Webdo.tn\",\"publisher\":{\"@id\":\"https:\\\/\\\/www.webdo.tn\\\/fr\\\/#organization\"},\"potentialAction\":[{\"@type\":\"SearchAction\",\"target\":{\"@type\":\"EntryPoint\",\"urlTemplate\":\"https:\\\/\\\/www.webdo.tn\\\/fr\\\/?s={search_term_string}\"},\"query-input\":{\"@type\":\"PropertyValueSpecification\",\"valueRequired\":true,\"valueName\":\"search_term_string\"}}],\"inLanguage\":\"fr-FR\"},{\"@type\":\"Organization\",\"@id\":\"https:\\\/\\\/www.webdo.tn\\\/fr\\\/#organization\",\"name\":\"Webdo\",\"alternateName\":\"Webdo.tn\",\"url\":\"https:\\\/\\\/www.webdo.tn\\\/fr\\\/\",\"logo\":{\"@type\":\"ImageObject\",\"inLanguage\":\"fr-FR\",\"@id\":\"https:\\\/\\\/www.webdo.tn\\\/fr\\\/#\\\/schema\\\/logo\\\/image\\\/\",\"url\":\"https:\\\/\\\/www.webdo.tn\\\/fr\\\/wp-content\\\/uploads\\\/2025\\\/06\\\/Webdo-Tunisie_168377.jpg\",\"contentUrl\":\"https:\\\/\\\/www.webdo.tn\\\/fr\\\/wp-content\\\/uploads\\\/2025\\\/06\\\/Webdo-Tunisie_168377.jpg\",\"width\":301,\"height\":301,\"caption\":\"Webdo\"},\"image\":{\"@id\":\"https:\\\/\\\/www.webdo.tn\\\/fr\\\/#\\\/schema\\\/logo\\\/image\\\/\"},\"sameAs\":[\"https:\\\/\\\/www.facebook.com\\\/webdotn\",\"https:\\\/\\\/x.com\\\/webdo_tn\"],\"description\":\"Webdo est un m\u00e9dia num\u00e9rique tunisien fond\u00e9 en 2010, sp\u00e9cialis\u00e9 dans l\u2019actualit\u00e9 nationale et internationale, l\u2019\u00e9conomie, la soci\u00e9t\u00e9 et les analyses politiques. Le site s\u2019adresse \u00e0 un large public francophone et couvre l\u2019information tunisienne en temps r\u00e9el.\",\"email\":\"redac@webdo.tn\",\"legalName\":\"YNJ SARL\",\"foundingDate\":\"2010-09-06\",\"numberOfEmployees\":{\"@type\":\"QuantitativeValue\",\"minValue\":\"11\",\"maxValue\":\"50\"}},{\"@type\":\"Person\",\"@id\":\"https:\\\/\\\/www.webdo.tn\\\/fr\\\/#\\\/schema\\\/person\\\/2c4929cbf5a809e3bd38617c6ce150f6\",\"name\":\"MC\",\"image\":{\"@type\":\"ImageObject\",\"inLanguage\":\"fr-FR\",\"@id\":\"https:\\\/\\\/secure.gravatar.com\\\/avatar\\\/a545bbb6f84efdd5553dbbc2895e3ca8f1d12c5215e00a041c9670b54aa9b18a?s=96&d=mm&r=g\",\"url\":\"https:\\\/\\\/secure.gravatar.com\\\/avatar\\\/a545bbb6f84efdd5553dbbc2895e3ca8f1d12c5215e00a041c9670b54aa9b18a?s=96&d=mm&r=g\",\"contentUrl\":\"https:\\\/\\\/secure.gravatar.com\\\/avatar\\\/a545bbb6f84efdd5553dbbc2895e3ca8f1d12c5215e00a041c9670b54aa9b18a?s=96&d=mm&r=g\",\"caption\":\"MC\"},\"url\":\"https:\\\/\\\/www.webdo.tn\\\/fr\\\/actualite\\\/author\\\/mc\\\/\"}]}<\/script>\n<!-- \/ Yoast SEO Premium plugin. -->","yoast_head_json":{"title":"Bechir Akremi transf\u00e9r\u00e9 \u00e0 la caserne de Bouchoucha","description":"L\u2019ancien procureur de la R\u00e9publique au Tribunal de premi\u00e8re instance de Tunis Bechir Akremi, transf\u00e9r\u00e9 \u00e0 la caserne de Bouchoucha.","canonical":"https:\/\/www.webdo.tn\/fr\/actualite\/national\/bechir-akremi-transfere-a-la-caserne-de-bouchoucha\/203326\/","og_locale":"fr_FR","og_type":"article","og_title":"Bechir Akremi transf\u00e9r\u00e9 \u00e0 la caserne de Bouchoucha","og_description":"L\u2019ancien procureur de la R\u00e9publique au Tribunal de premi\u00e8re instance de Tunis Bechir Akremi, transf\u00e9r\u00e9 \u00e0 la caserne de Bouchoucha.","og_url":"https:\/\/www.webdo.tn\/fr\/actualite\/national\/bechir-akremi-transfere-a-la-caserne-de-bouchoucha\/203326\/","og_site_name":"webdo","article_publisher":"https:\/\/www.facebook.com\/webdotn","article_published_time":"2023-02-25T09:15:00+00:00","article_modified_time":"2025-05-20T22:02:09+00:00","og_image":[{"width":730,"height":389,"url":"https:\/\/www.webdo.tn\/fr\/wp-content\/uploads\/2023\/02\/4b0bae4e14a0bb79252c8bedc9122be7.jpg","type":"image\/jpeg"}],"author":"MC","twitter_card":"summary_large_image","twitter_creator":"@webdo_tn","twitter_site":"@webdo_tn","twitter_misc":{"\u00c9crit par":"MC"},"schema":{"@context":"https:\/\/schema.org","@graph":[{"@type":"NewsArticle","@id":"https:\/\/www.webdo.tn\/fr\/actualite\/national\/bechir-akremi-transfere-a-la-caserne-de-bouchoucha\/203326\/#article","isPartOf":{"@id":"https:\/\/www.webdo.tn\/fr\/actualite\/national\/bechir-akremi-transfere-a-la-caserne-de-bouchoucha\/203326\/"},"author":{"name":"MC","@id":"https:\/\/www.webdo.tn\/fr\/#\/schema\/person\/2c4929cbf5a809e3bd38617c6ce150f6"},"headline":"Bechir Akremi transf\u00e9r\u00e9 \u00e0 la caserne de Bouchoucha","datePublished":"2023-02-25T09:15:00+00:00","dateModified":"2025-05-20T22:02:09+00:00","mainEntityOfPage":{"@id":"https:\/\/www.webdo.tn\/fr\/actualite\/national\/bechir-akremi-transfere-a-la-caserne-de-bouchoucha\/203326\/"},"wordCount":88,"commentCount":0,"publisher":{"@id":"https:\/\/www.webdo.tn\/fr\/#organization"},"image":{"@id":"https:\/\/www.webdo.tn\/fr\/actualite\/national\/bechir-akremi-transfere-a-la-caserne-de-bouchoucha\/203326\/#primaryimage"},"thumbnailUrl":"https:\/\/www.webdo.tn\/fr\/wp-content\/uploads\/2023\/02\/4b0bae4e14a0bb79252c8bedc9122be7.jpg","keywords":["bechir akremi","bouchoucha"],"articleSection":["National"],"inLanguage":"fr-FR"},{"@type":"WebPage","@id":"https:\/\/www.webdo.tn\/fr\/actualite\/national\/bechir-akremi-transfere-a-la-caserne-de-bouchoucha\/203326\/","url":"https:\/\/www.webdo.tn\/fr\/actualite\/national\/bechir-akremi-transfere-a-la-caserne-de-bouchoucha\/203326\/","name":"Bechir Akremi transf\u00e9r\u00e9 \u00e0 la caserne de Bouchoucha","isPartOf":{"@id":"https:\/\/www.webdo.tn\/fr\/#website"},"primaryImageOfPage":{"@id":"https:\/\/www.webdo.tn\/fr\/actualite\/national\/bechir-akremi-transfere-a-la-caserne-de-bouchoucha\/203326\/#primaryimage"},"image":{"@id":"https:\/\/www.webdo.tn\/fr\/actualite\/national\/bechir-akremi-transfere-a-la-caserne-de-bouchoucha\/203326\/#primaryimage"},"thumbnailUrl":"https:\/\/www.webdo.tn\/fr\/wp-content\/uploads\/2023\/02\/4b0bae4e14a0bb79252c8bedc9122be7.jpg","datePublished":"2023-02-25T09:15:00+00:00","dateModified":"2025-05-20T22:02:09+00:00","description":"L\u2019ancien procureur de la R\u00e9publique au Tribunal de premi\u00e8re instance de Tunis Bechir Akremi, transf\u00e9r\u00e9 \u00e0 la caserne de Bouchoucha.","breadcrumb":{"@id":"https:\/\/www.webdo.tn\/fr\/actualite\/national\/bechir-akremi-transfere-a-la-caserne-de-bouchoucha\/203326\/#breadcrumb"},"inLanguage":"fr-FR","potentialAction":[{"@type":"ReadAction","target":["https:\/\/www.webdo.tn\/fr\/actualite\/national\/bechir-akremi-transfere-a-la-caserne-de-bouchoucha\/203326\/"]}]},{"@type":"ImageObject","inLanguage":"fr-FR","@id":"https:\/\/www.webdo.tn\/fr\/actualite\/national\/bechir-akremi-transfere-a-la-caserne-de-bouchoucha\/203326\/#primaryimage","url":"https:\/\/www.webdo.tn\/fr\/wp-content\/uploads\/2023\/02\/4b0bae4e14a0bb79252c8bedc9122be7.jpg","contentUrl":"https:\/\/www.webdo.tn\/fr\/wp-content\/uploads\/2023\/02\/4b0bae4e14a0bb79252c8bedc9122be7.jpg","width":730,"height":389,"caption":"Bechir Akremi transf\u00e9r\u00e9 \u00e0 la caserne de Bouchoucha"},{"@type":"BreadcrumbList","@id":"https:\/\/www.webdo.tn\/fr\/actualite\/national\/bechir-akremi-transfere-a-la-caserne-de-bouchoucha\/203326\/#breadcrumb","itemListElement":[{"@type":"ListItem","position":1,"name":"Accueil","item":"https:\/\/www.webdo.tn\/fr\/"},{"@type":"ListItem","position":2,"name":"Bechir Akremi transf\u00e9r\u00e9 \u00e0 la caserne de Bouchoucha"}]},{"@type":"WebSite","@id":"https:\/\/www.webdo.tn\/fr\/#website","url":"https:\/\/www.webdo.tn\/fr\/","name":"webdo","description":"Tunisie - News en Tunisie et \u00e0 l&#039;international sur Webdo.tn","publisher":{"@id":"https:\/\/www.webdo.tn\/fr\/#organization"},"potentialAction":[{"@type":"SearchAction","target":{"@type":"EntryPoint","urlTemplate":"https:\/\/www.webdo.tn\/fr\/?s={search_term_string}"},"query-input":{"@type":"PropertyValueSpecification","valueRequired":true,"valueName":"search_term_string"}}],"inLanguage":"fr-FR"},{"@type":"Organization","@id":"https:\/\/www.webdo.tn\/fr\/#organization","name":"Webdo","alternateName":"Webdo.tn","url":"https:\/\/www.webdo.tn\/fr\/","logo":{"@type":"ImageObject","inLanguage":"fr-FR","@id":"https:\/\/www.webdo.tn\/fr\/#\/schema\/logo\/image\/","url":"https:\/\/www.webdo.tn\/fr\/wp-content\/uploads\/2025\/06\/Webdo-Tunisie_168377.jpg","contentUrl":"https:\/\/www.webdo.tn\/fr\/wp-content\/uploads\/2025\/06\/Webdo-Tunisie_168377.jpg","width":301,"height":301,"caption":"Webdo"},"image":{"@id":"https:\/\/www.webdo.tn\/fr\/#\/schema\/logo\/image\/"},"sameAs":["https:\/\/www.facebook.com\/webdotn","https:\/\/x.com\/webdo_tn"],"description":"Webdo est un m\u00e9dia num\u00e9rique tunisien fond\u00e9 en 2010, sp\u00e9cialis\u00e9 dans l\u2019actualit\u00e9 nationale et internationale, l\u2019\u00e9conomie, la soci\u00e9t\u00e9 et les analyses politiques. Le site s\u2019adresse \u00e0 un large public francophone et couvre l\u2019information tunisienne en temps r\u00e9el.","email":"redac@webdo.tn","legalName":"YNJ SARL","foundingDate":"2010-09-06","numberOfEmployees":{"@type":"QuantitativeValue","minValue":"11","maxValue":"50"}},{"@type":"Person","@id":"https:\/\/www.webdo.tn\/fr\/#\/schema\/person\/2c4929cbf5a809e3bd38617c6ce150f6","name":"MC","image":{"@type":"ImageObject","inLanguage":"fr-FR","@id":"https:\/\/secure.gravatar.com\/avatar\/a545bbb6f84efdd5553dbbc2895e3ca8f1d12c5215e00a041c9670b54aa9b18a?s=96&d=mm&r=g","url":"https:\/\/secure.gravatar.com\/avatar\/a545bbb6f84efdd5553dbbc2895e3ca8f1d12c5215e00a041c9670b54aa9b18a?s=96&d=mm&r=g","contentUrl":"https:\/\/secure.gravatar.com\/avatar\/a545bbb6f84efdd5553dbbc2895e3ca8f1d12c5215e00a041c9670b54aa9b18a?s=96&d=mm&r=g","caption":"MC"},"url":"https:\/\/www.webdo.tn\/fr\/actualite\/author\/mc\/"}]}},"_links":{"self":[{"href":"https:\/\/www.webdo.tn\/fr\/wp-json\/wp\/v2\/posts\/203326","targetHints":{"allow":["GET"]}}],"collection":[{"href":"https:\/\/www.webdo.tn\/fr\/wp-json\/wp\/v2\/posts"}],"about":[{"href":"https:\/\/www.webdo.tn\/fr\/wp-json\/wp\/v2\/types\/post"}],"author":[{"embeddable":true,"href":"https:\/\/www.webdo.tn\/fr\/wp-json\/wp\/v2\/users\/3162"}],"replies":[{"embeddable":true,"href":"https:\/\/www.webdo.tn\/fr\/wp-json\/wp\/v2\/comments?post=203326"}],"version-history":[{"count":0,"href":"https:\/\/www.webdo.tn\/fr\/wp-json\/wp\/v2\/posts\/203326\/revisions"}],"wp:featuredmedia":[{"embeddable":true,"href":"https:\/\/www.webdo.tn\/fr\/wp-json\/wp\/v2\/media\/251883"}],"wp:attachment":[{"href":"https:\/\/www.webdo.tn\/fr\/wp-json\/wp\/v2\/media?parent=203326"}],"wp:term":[{"taxonomy":"category","embeddable":true,"href":"https:\/\/www.webdo.tn\/fr\/wp-json\/wp\/v2\/categories?post=203326"},{"taxonomy":"post_tag","embeddable":true,"href":"https:\/\/www.webdo.tn\/fr\/wp-json\/wp\/v2\/tags?post=203326"}],"curies":[{"name":"wp","href":"https:\/\/api.w.org\/{rel}","templated":true}]}}