{"id":203307,"date":"2023-02-24T18:25:00","date_gmt":"2023-02-24T18:25:00","guid":{"rendered":"https:\/\/www.webdo.tn\/fr\/blog\/ferme-depuis-11-ans-tourbet-el-bey-rouvre-ses-portes\/203307\/"},"modified":"2025-05-20T22:49:17","modified_gmt":"2025-05-20T22:49:17","slug":"ferme-depuis-11-ans-tourbet-el-bey-rouvre-ses-portes","status":"publish","type":"post","link":"https:\/\/www.webdo.tn\/fr\/actualite\/culture\/ferme-depuis-11-ans-tourbet-el-bey-rouvre-ses-portes\/203307\/","title":{"rendered":"Ferm\u00e9 depuis 11 ans, Tourbet-El-Bey rouvre ses portes"},"content":{"rendered":"<p>Apr\u00e8s des travaux de restauration, le monument historique \u00ab\u00a0Tourbet-El-Bey\u00a0\u00bb ferm\u00e9 depuis 11 ans, a \u00e9t\u00e9 officiellement r\u00e9ouvert vendredi 24 f\u00e9vrier 2023 en pr\u00e9sence de la cheffe du gouvernement Najla Bouden Romdhane, accompagn\u00e9e de la ministre des affaires culturelles Hayet Guettat Guermazi, du gouverneur de Tunis Kamel Feki, de la maire de la ville de Tunis Souad Abderrahim ainsi que de plusieurs repr\u00e9sentants de l&rsquo;Agence de mise en valeur du patrimoine et de la promotion culturelle (AMVPPC) et de l&rsquo;Institut national du patrimoine (INP).<\/p>\n<p>\t\t\t\t\t\t\t\t\tLa cheffe du gouvernement a, \u00e0 cette occasion, soulign\u00e9 l&rsquo;importance de mieux l&rsquo;exploiter en l&rsquo;int\u00e9grant dans le circuit touristique et culturel de la m\u00e9dina de Tunis.<\/p>\n<p>La r\u00e9ouverture de ce monument historique, qui constitue le plus vaste monument fun\u00e9raire de Tunis, intervient apr\u00e8s des travaux de restauration, de maintenance, de conservation et d&rsquo;am\u00e9nagement mus\u00e9ographique entrepris par une \u00e9quipe de l&rsquo;INP et de l&rsquo;AMVPPC et moyennant un co\u00fbt global de pr\u00e8s de 120 mille dinars.<\/p>\n<p>Le chantier a \u00e9t\u00e9 effectu\u00e9 en vue de faire de ce monument de s\u00e9pulture embl\u00e9matique de notre histoire, un \u00e9difice accessible au large public.<\/p>\n<p>T\u00e9moin de l&rsquo;histoire de la dynastie husseinite et de toute l&rsquo;\u00e9poque allant de 1705 jusqu&rsquo;\u00e0 la proclamation de la r\u00e9publique tunisienne le 25 juillet 1957, Tourbet-El-Bey, a \u00e9t\u00e9 con\u00e7ue comme une s\u00e9pulture familiale, o\u00f9 on y trouve notamment de nombreuses tombes de princes et princesses husseinites.<\/p>\n<p>Class\u00e9e monument historique, Tourbet-el-Bey a a \u00e9t\u00e9 restaur\u00e9e \u00e0 maintes reprises et transform\u00e9e en mus\u00e9e.<\/p>\n","protected":false},"excerpt":{"rendered":"<p>Apr\u00e8s des travaux de restauration, le monument historique  Tourbet-El-Bey  ferm\u00e9 depuis 11 ans, a \u00e9t\u00e9 officiellement r\u00e9ouvert vendredi 24 f\u00e9vrier 2023 en pr\u00e9sen&#8230;<\/p>\n","protected":false},"author":3175,"featured_media":277800,"comment_status":"open","ping_status":"closed","sticky":false,"template":"","format":"standard","meta":{"footnotes":""},"categories":[2594],"tags":[8613,2640,2608],"class_list":["post-203307","post","type-post","status-publish","format-standard","has-post-thumbnail","hentry","category-culture","tag-tourbet-el-bey","tag-tunis","tag-tunisie"],"yoast_head":"<!-- This site is optimized with the Yoast SEO Premium plugin v27.4 (Yoast SEO v27.4) - https:\/\/yoast.com\/product\/yoast-seo-premium-wordpress\/ -->\n<title>Ferm\u00e9 depuis 11 ans, Tourbet-El-Bey rouvre ses portes<\/title>\n<meta name=\"description\" content=\"Apr\u00e8s des travaux de restauration, le monument historique Tourbet-El-Bey ferm\u00e9 depuis 11 ans, a \u00e9t\u00e9 officiellement r\u00e9ouvert vendredi 24 f\u00e9vrier 2023 en pr\u00e9sen...\" \/>\n<link rel=\"canonical\" href=\"https:\/\/www.webdo.tn\/fr\/actualite\/culture\/ferme-depuis-11-ans-tourbet-el-bey-rouvre-ses-portes\/203307\/\" \/>\n<meta property=\"og:locale\" content=\"fr_FR\" \/>\n<meta property=\"og:type\" content=\"article\" \/>\n<meta property=\"og:title\" content=\"Ferm\u00e9 depuis 11 ans, Tourbet-El-Bey rouvre ses portes\" \/>\n<meta property=\"og:description\" content=\"Apr\u00e8s des travaux de restauration, le monument historique Tourbet-El-Bey ferm\u00e9 depuis 11 ans, a \u00e9t\u00e9 officiellement r\u00e9ouvert vendredi 24 f\u00e9vrier 2023 en pr\u00e9sen...\" \/>\n<meta property=\"og:url\" content=\"https:\/\/www.webdo.tn\/fr\/actualite\/culture\/ferme-depuis-11-ans-tourbet-el-bey-rouvre-ses-portes\/203307\/\" \/>\n<meta property=\"og:site_name\" content=\"webdo\" \/>\n<meta property=\"article:publisher\" content=\"https:\/\/www.facebook.com\/webdotn\" \/>\n<meta property=\"article:published_time\" content=\"2023-02-24T18:25:00+00:00\" \/>\n<meta property=\"article:modified_time\" content=\"2025-05-20T22:49:17+00:00\" \/>\n<meta property=\"og:image\" content=\"https:\/\/www.webdo.tn\/fr\/wp-content\/uploads\/2023\/02\/620528ffe47e1cf4043917af1d9d721d.jpg\" \/>\n\t<meta property=\"og:image:width\" content=\"750\" \/>\n\t<meta property=\"og:image:height\" content=\"400\" \/>\n\t<meta property=\"og:image:type\" content=\"image\/jpeg\" \/>\n<meta name=\"author\" content=\"CL\" \/>\n<meta name=\"twitter:card\" content=\"summary_large_image\" \/>\n<meta name=\"twitter:creator\" content=\"@webdo_tn\" \/>\n<meta name=\"twitter:site\" content=\"@webdo_tn\" \/>\n<meta name=\"twitter:label1\" content=\"\u00c9crit par\" \/>\n\t<meta name=\"twitter:data1\" content=\"CL\" \/>\n\t<meta name=\"twitter:label2\" content=\"Dur\u00e9e de lecture estim\u00e9e\" \/>\n\t<meta name=\"twitter:data2\" content=\"1 minute\" \/>\n<script type=\"application\/ld+json\" class=\"yoast-schema-graph\">{\"@context\":\"https:\\\/\\\/schema.org\",\"@graph\":[{\"@type\":\"NewsArticle\",\"@id\":\"https:\\\/\\\/www.webdo.tn\\\/fr\\\/actualite\\\/culture\\\/ferme-depuis-11-ans-tourbet-el-bey-rouvre-ses-portes\\\/203307\\\/#article\",\"isPartOf\":{\"@id\":\"https:\\\/\\\/www.webdo.tn\\\/fr\\\/actualite\\\/culture\\\/ferme-depuis-11-ans-tourbet-el-bey-rouvre-ses-portes\\\/203307\\\/\"},\"author\":{\"name\":\"CL\",\"@id\":\"https:\\\/\\\/www.webdo.tn\\\/fr\\\/#\\\/schema\\\/person\\\/f35b42a42c5e2511bbd282959d6385cc\"},\"headline\":\"Ferm\u00e9 depuis 11 ans, Tourbet-El-Bey rouvre ses portes\",\"datePublished\":\"2023-02-24T18:25:00+00:00\",\"dateModified\":\"2025-05-20T22:49:17+00:00\",\"mainEntityOfPage\":{\"@id\":\"https:\\\/\\\/www.webdo.tn\\\/fr\\\/actualite\\\/culture\\\/ferme-depuis-11-ans-tourbet-el-bey-rouvre-ses-portes\\\/203307\\\/\"},\"wordCount\":275,\"commentCount\":0,\"publisher\":{\"@id\":\"https:\\\/\\\/www.webdo.tn\\\/fr\\\/#organization\"},\"image\":{\"@id\":\"https:\\\/\\\/www.webdo.tn\\\/fr\\\/actualite\\\/culture\\\/ferme-depuis-11-ans-tourbet-el-bey-rouvre-ses-portes\\\/203307\\\/#primaryimage\"},\"thumbnailUrl\":\"https:\\\/\\\/www.webdo.tn\\\/fr\\\/wp-content\\\/uploads\\\/2023\\\/02\\\/620528ffe47e1cf4043917af1d9d721d.jpg\",\"keywords\":[\"Tourbet El Bey\",\"Tunis\",\"Tunisie\"],\"articleSection\":[\"Culture\"],\"inLanguage\":\"fr-FR\"},{\"@type\":\"WebPage\",\"@id\":\"https:\\\/\\\/www.webdo.tn\\\/fr\\\/actualite\\\/culture\\\/ferme-depuis-11-ans-tourbet-el-bey-rouvre-ses-portes\\\/203307\\\/\",\"url\":\"https:\\\/\\\/www.webdo.tn\\\/fr\\\/actualite\\\/culture\\\/ferme-depuis-11-ans-tourbet-el-bey-rouvre-ses-portes\\\/203307\\\/\",\"name\":\"Ferm\u00e9 depuis 11 ans, Tourbet-El-Bey rouvre ses portes\",\"isPartOf\":{\"@id\":\"https:\\\/\\\/www.webdo.tn\\\/fr\\\/#website\"},\"primaryImageOfPage\":{\"@id\":\"https:\\\/\\\/www.webdo.tn\\\/fr\\\/actualite\\\/culture\\\/ferme-depuis-11-ans-tourbet-el-bey-rouvre-ses-portes\\\/203307\\\/#primaryimage\"},\"image\":{\"@id\":\"https:\\\/\\\/www.webdo.tn\\\/fr\\\/actualite\\\/culture\\\/ferme-depuis-11-ans-tourbet-el-bey-rouvre-ses-portes\\\/203307\\\/#primaryimage\"},\"thumbnailUrl\":\"https:\\\/\\\/www.webdo.tn\\\/fr\\\/wp-content\\\/uploads\\\/2023\\\/02\\\/620528ffe47e1cf4043917af1d9d721d.jpg\",\"datePublished\":\"2023-02-24T18:25:00+00:00\",\"dateModified\":\"2025-05-20T22:49:17+00:00\",\"description\":\"Apr\u00e8s des travaux de restauration, le monument historique Tourbet-El-Bey ferm\u00e9 depuis 11 ans, a \u00e9t\u00e9 officiellement r\u00e9ouvert vendredi 24 f\u00e9vrier 2023 en pr\u00e9sen...\",\"breadcrumb\":{\"@id\":\"https:\\\/\\\/www.webdo.tn\\\/fr\\\/actualite\\\/culture\\\/ferme-depuis-11-ans-tourbet-el-bey-rouvre-ses-portes\\\/203307\\\/#breadcrumb\"},\"inLanguage\":\"fr-FR\",\"potentialAction\":[{\"@type\":\"ReadAction\",\"target\":[\"https:\\\/\\\/www.webdo.tn\\\/fr\\\/actualite\\\/culture\\\/ferme-depuis-11-ans-tourbet-el-bey-rouvre-ses-portes\\\/203307\\\/\"]}]},{\"@type\":\"ImageObject\",\"inLanguage\":\"fr-FR\",\"@id\":\"https:\\\/\\\/www.webdo.tn\\\/fr\\\/actualite\\\/culture\\\/ferme-depuis-11-ans-tourbet-el-bey-rouvre-ses-portes\\\/203307\\\/#primaryimage\",\"url\":\"https:\\\/\\\/www.webdo.tn\\\/fr\\\/wp-content\\\/uploads\\\/2023\\\/02\\\/620528ffe47e1cf4043917af1d9d721d.jpg\",\"contentUrl\":\"https:\\\/\\\/www.webdo.tn\\\/fr\\\/wp-content\\\/uploads\\\/2023\\\/02\\\/620528ffe47e1cf4043917af1d9d721d.jpg\",\"width\":750,\"height\":400,\"caption\":\"Tourbet-El-Bey\"},{\"@type\":\"BreadcrumbList\",\"@id\":\"https:\\\/\\\/www.webdo.tn\\\/fr\\\/actualite\\\/culture\\\/ferme-depuis-11-ans-tourbet-el-bey-rouvre-ses-portes\\\/203307\\\/#breadcrumb\",\"itemListElement\":[{\"@type\":\"ListItem\",\"position\":1,\"name\":\"Accueil\",\"item\":\"https:\\\/\\\/www.webdo.tn\\\/fr\\\/\"},{\"@type\":\"ListItem\",\"position\":2,\"name\":\"Ferm\u00e9 depuis 11 ans, Tourbet-El-Bey rouvre ses portes\"}]},{\"@type\":\"WebSite\",\"@id\":\"https:\\\/\\\/www.webdo.tn\\\/fr\\\/#website\",\"url\":\"https:\\\/\\\/www.webdo.tn\\\/fr\\\/\",\"name\":\"webdo\",\"description\":\"Tunisie - News en Tunisie et \u00e0 l&#039;international sur Webdo.tn\",\"publisher\":{\"@id\":\"https:\\\/\\\/www.webdo.tn\\\/fr\\\/#organization\"},\"potentialAction\":[{\"@type\":\"SearchAction\",\"target\":{\"@type\":\"EntryPoint\",\"urlTemplate\":\"https:\\\/\\\/www.webdo.tn\\\/fr\\\/?s={search_term_string}\"},\"query-input\":{\"@type\":\"PropertyValueSpecification\",\"valueRequired\":true,\"valueName\":\"search_term_string\"}}],\"inLanguage\":\"fr-FR\"},{\"@type\":\"Organization\",\"@id\":\"https:\\\/\\\/www.webdo.tn\\\/fr\\\/#organization\",\"name\":\"Webdo\",\"alternateName\":\"Webdo.tn\",\"url\":\"https:\\\/\\\/www.webdo.tn\\\/fr\\\/\",\"logo\":{\"@type\":\"ImageObject\",\"inLanguage\":\"fr-FR\",\"@id\":\"https:\\\/\\\/www.webdo.tn\\\/fr\\\/#\\\/schema\\\/logo\\\/image\\\/\",\"url\":\"https:\\\/\\\/www.webdo.tn\\\/fr\\\/wp-content\\\/uploads\\\/2025\\\/06\\\/Webdo-Tunisie_168377.jpg\",\"contentUrl\":\"https:\\\/\\\/www.webdo.tn\\\/fr\\\/wp-content\\\/uploads\\\/2025\\\/06\\\/Webdo-Tunisie_168377.jpg\",\"width\":301,\"height\":301,\"caption\":\"Webdo\"},\"image\":{\"@id\":\"https:\\\/\\\/www.webdo.tn\\\/fr\\\/#\\\/schema\\\/logo\\\/image\\\/\"},\"sameAs\":[\"https:\\\/\\\/www.facebook.com\\\/webdotn\",\"https:\\\/\\\/x.com\\\/webdo_tn\"],\"description\":\"Webdo est un m\u00e9dia num\u00e9rique tunisien fond\u00e9 en 2010, sp\u00e9cialis\u00e9 dans l\u2019actualit\u00e9 nationale et internationale, l\u2019\u00e9conomie, la soci\u00e9t\u00e9 et les analyses politiques. Le site s\u2019adresse \u00e0 un large public francophone et couvre l\u2019information tunisienne en temps r\u00e9el.\",\"email\":\"redac@webdo.tn\",\"legalName\":\"YNJ SARL\",\"foundingDate\":\"2010-09-06\",\"numberOfEmployees\":{\"@type\":\"QuantitativeValue\",\"minValue\":\"11\",\"maxValue\":\"50\"}},{\"@type\":\"Person\",\"@id\":\"https:\\\/\\\/www.webdo.tn\\\/fr\\\/#\\\/schema\\\/person\\\/f35b42a42c5e2511bbd282959d6385cc\",\"name\":\"CL\",\"image\":{\"@type\":\"ImageObject\",\"inLanguage\":\"fr-FR\",\"@id\":\"https:\\\/\\\/secure.gravatar.com\\\/avatar\\\/1447a49909b67aa657c488aec6512e1dd6143a480c1ecfee9b5b5cd74eb3b59e?s=96&d=mm&r=g\",\"url\":\"https:\\\/\\\/secure.gravatar.com\\\/avatar\\\/1447a49909b67aa657c488aec6512e1dd6143a480c1ecfee9b5b5cd74eb3b59e?s=96&d=mm&r=g\",\"contentUrl\":\"https:\\\/\\\/secure.gravatar.com\\\/avatar\\\/1447a49909b67aa657c488aec6512e1dd6143a480c1ecfee9b5b5cd74eb3b59e?s=96&d=mm&r=g\",\"caption\":\"CL\"},\"url\":\"https:\\\/\\\/www.webdo.tn\\\/fr\\\/actualite\\\/author\\\/cl\\\/\"}]}<\/script>\n<!-- \/ Yoast SEO Premium plugin. -->","yoast_head_json":{"title":"Ferm\u00e9 depuis 11 ans, Tourbet-El-Bey rouvre ses portes","description":"Apr\u00e8s des travaux de restauration, le monument historique Tourbet-El-Bey ferm\u00e9 depuis 11 ans, a \u00e9t\u00e9 officiellement r\u00e9ouvert vendredi 24 f\u00e9vrier 2023 en pr\u00e9sen...","canonical":"https:\/\/www.webdo.tn\/fr\/actualite\/culture\/ferme-depuis-11-ans-tourbet-el-bey-rouvre-ses-portes\/203307\/","og_locale":"fr_FR","og_type":"article","og_title":"Ferm\u00e9 depuis 11 ans, Tourbet-El-Bey rouvre ses portes","og_description":"Apr\u00e8s des travaux de restauration, le monument historique Tourbet-El-Bey ferm\u00e9 depuis 11 ans, a \u00e9t\u00e9 officiellement r\u00e9ouvert vendredi 24 f\u00e9vrier 2023 en pr\u00e9sen...","og_url":"https:\/\/www.webdo.tn\/fr\/actualite\/culture\/ferme-depuis-11-ans-tourbet-el-bey-rouvre-ses-portes\/203307\/","og_site_name":"webdo","article_publisher":"https:\/\/www.facebook.com\/webdotn","article_published_time":"2023-02-24T18:25:00+00:00","article_modified_time":"2025-05-20T22:49:17+00:00","og_image":[{"width":750,"height":400,"url":"https:\/\/www.webdo.tn\/fr\/wp-content\/uploads\/2023\/02\/620528ffe47e1cf4043917af1d9d721d.jpg","type":"image\/jpeg"}],"author":"CL","twitter_card":"summary_large_image","twitter_creator":"@webdo_tn","twitter_site":"@webdo_tn","twitter_misc":{"\u00c9crit par":"CL","Dur\u00e9e de lecture estim\u00e9e":"1 minute"},"schema":{"@context":"https:\/\/schema.org","@graph":[{"@type":"NewsArticle","@id":"https:\/\/www.webdo.tn\/fr\/actualite\/culture\/ferme-depuis-11-ans-tourbet-el-bey-rouvre-ses-portes\/203307\/#article","isPartOf":{"@id":"https:\/\/www.webdo.tn\/fr\/actualite\/culture\/ferme-depuis-11-ans-tourbet-el-bey-rouvre-ses-portes\/203307\/"},"author":{"name":"CL","@id":"https:\/\/www.webdo.tn\/fr\/#\/schema\/person\/f35b42a42c5e2511bbd282959d6385cc"},"headline":"Ferm\u00e9 depuis 11 ans, Tourbet-El-Bey rouvre ses portes","datePublished":"2023-02-24T18:25:00+00:00","dateModified":"2025-05-20T22:49:17+00:00","mainEntityOfPage":{"@id":"https:\/\/www.webdo.tn\/fr\/actualite\/culture\/ferme-depuis-11-ans-tourbet-el-bey-rouvre-ses-portes\/203307\/"},"wordCount":275,"commentCount":0,"publisher":{"@id":"https:\/\/www.webdo.tn\/fr\/#organization"},"image":{"@id":"https:\/\/www.webdo.tn\/fr\/actualite\/culture\/ferme-depuis-11-ans-tourbet-el-bey-rouvre-ses-portes\/203307\/#primaryimage"},"thumbnailUrl":"https:\/\/www.webdo.tn\/fr\/wp-content\/uploads\/2023\/02\/620528ffe47e1cf4043917af1d9d721d.jpg","keywords":["Tourbet El Bey","Tunis","Tunisie"],"articleSection":["Culture"],"inLanguage":"fr-FR"},{"@type":"WebPage","@id":"https:\/\/www.webdo.tn\/fr\/actualite\/culture\/ferme-depuis-11-ans-tourbet-el-bey-rouvre-ses-portes\/203307\/","url":"https:\/\/www.webdo.tn\/fr\/actualite\/culture\/ferme-depuis-11-ans-tourbet-el-bey-rouvre-ses-portes\/203307\/","name":"Ferm\u00e9 depuis 11 ans, Tourbet-El-Bey rouvre ses portes","isPartOf":{"@id":"https:\/\/www.webdo.tn\/fr\/#website"},"primaryImageOfPage":{"@id":"https:\/\/www.webdo.tn\/fr\/actualite\/culture\/ferme-depuis-11-ans-tourbet-el-bey-rouvre-ses-portes\/203307\/#primaryimage"},"image":{"@id":"https:\/\/www.webdo.tn\/fr\/actualite\/culture\/ferme-depuis-11-ans-tourbet-el-bey-rouvre-ses-portes\/203307\/#primaryimage"},"thumbnailUrl":"https:\/\/www.webdo.tn\/fr\/wp-content\/uploads\/2023\/02\/620528ffe47e1cf4043917af1d9d721d.jpg","datePublished":"2023-02-24T18:25:00+00:00","dateModified":"2025-05-20T22:49:17+00:00","description":"Apr\u00e8s des travaux de restauration, le monument historique Tourbet-El-Bey ferm\u00e9 depuis 11 ans, a \u00e9t\u00e9 officiellement r\u00e9ouvert vendredi 24 f\u00e9vrier 2023 en pr\u00e9sen...","breadcrumb":{"@id":"https:\/\/www.webdo.tn\/fr\/actualite\/culture\/ferme-depuis-11-ans-tourbet-el-bey-rouvre-ses-portes\/203307\/#breadcrumb"},"inLanguage":"fr-FR","potentialAction":[{"@type":"ReadAction","target":["https:\/\/www.webdo.tn\/fr\/actualite\/culture\/ferme-depuis-11-ans-tourbet-el-bey-rouvre-ses-portes\/203307\/"]}]},{"@type":"ImageObject","inLanguage":"fr-FR","@id":"https:\/\/www.webdo.tn\/fr\/actualite\/culture\/ferme-depuis-11-ans-tourbet-el-bey-rouvre-ses-portes\/203307\/#primaryimage","url":"https:\/\/www.webdo.tn\/fr\/wp-content\/uploads\/2023\/02\/620528ffe47e1cf4043917af1d9d721d.jpg","contentUrl":"https:\/\/www.webdo.tn\/fr\/wp-content\/uploads\/2023\/02\/620528ffe47e1cf4043917af1d9d721d.jpg","width":750,"height":400,"caption":"Tourbet-El-Bey"},{"@type":"BreadcrumbList","@id":"https:\/\/www.webdo.tn\/fr\/actualite\/culture\/ferme-depuis-11-ans-tourbet-el-bey-rouvre-ses-portes\/203307\/#breadcrumb","itemListElement":[{"@type":"ListItem","position":1,"name":"Accueil","item":"https:\/\/www.webdo.tn\/fr\/"},{"@type":"ListItem","position":2,"name":"Ferm\u00e9 depuis 11 ans, Tourbet-El-Bey rouvre ses portes"}]},{"@type":"WebSite","@id":"https:\/\/www.webdo.tn\/fr\/#website","url":"https:\/\/www.webdo.tn\/fr\/","name":"webdo","description":"Tunisie - News en Tunisie et \u00e0 l&#039;international sur Webdo.tn","publisher":{"@id":"https:\/\/www.webdo.tn\/fr\/#organization"},"potentialAction":[{"@type":"SearchAction","target":{"@type":"EntryPoint","urlTemplate":"https:\/\/www.webdo.tn\/fr\/?s={search_term_string}"},"query-input":{"@type":"PropertyValueSpecification","valueRequired":true,"valueName":"search_term_string"}}],"inLanguage":"fr-FR"},{"@type":"Organization","@id":"https:\/\/www.webdo.tn\/fr\/#organization","name":"Webdo","alternateName":"Webdo.tn","url":"https:\/\/www.webdo.tn\/fr\/","logo":{"@type":"ImageObject","inLanguage":"fr-FR","@id":"https:\/\/www.webdo.tn\/fr\/#\/schema\/logo\/image\/","url":"https:\/\/www.webdo.tn\/fr\/wp-content\/uploads\/2025\/06\/Webdo-Tunisie_168377.jpg","contentUrl":"https:\/\/www.webdo.tn\/fr\/wp-content\/uploads\/2025\/06\/Webdo-Tunisie_168377.jpg","width":301,"height":301,"caption":"Webdo"},"image":{"@id":"https:\/\/www.webdo.tn\/fr\/#\/schema\/logo\/image\/"},"sameAs":["https:\/\/www.facebook.com\/webdotn","https:\/\/x.com\/webdo_tn"],"description":"Webdo est un m\u00e9dia num\u00e9rique tunisien fond\u00e9 en 2010, sp\u00e9cialis\u00e9 dans l\u2019actualit\u00e9 nationale et internationale, l\u2019\u00e9conomie, la soci\u00e9t\u00e9 et les analyses politiques. Le site s\u2019adresse \u00e0 un large public francophone et couvre l\u2019information tunisienne en temps r\u00e9el.","email":"redac@webdo.tn","legalName":"YNJ SARL","foundingDate":"2010-09-06","numberOfEmployees":{"@type":"QuantitativeValue","minValue":"11","maxValue":"50"}},{"@type":"Person","@id":"https:\/\/www.webdo.tn\/fr\/#\/schema\/person\/f35b42a42c5e2511bbd282959d6385cc","name":"CL","image":{"@type":"ImageObject","inLanguage":"fr-FR","@id":"https:\/\/secure.gravatar.com\/avatar\/1447a49909b67aa657c488aec6512e1dd6143a480c1ecfee9b5b5cd74eb3b59e?s=96&d=mm&r=g","url":"https:\/\/secure.gravatar.com\/avatar\/1447a49909b67aa657c488aec6512e1dd6143a480c1ecfee9b5b5cd74eb3b59e?s=96&d=mm&r=g","contentUrl":"https:\/\/secure.gravatar.com\/avatar\/1447a49909b67aa657c488aec6512e1dd6143a480c1ecfee9b5b5cd74eb3b59e?s=96&d=mm&r=g","caption":"CL"},"url":"https:\/\/www.webdo.tn\/fr\/actualite\/author\/cl\/"}]}},"_links":{"self":[{"href":"https:\/\/www.webdo.tn\/fr\/wp-json\/wp\/v2\/posts\/203307","targetHints":{"allow":["GET"]}}],"collection":[{"href":"https:\/\/www.webdo.tn\/fr\/wp-json\/wp\/v2\/posts"}],"about":[{"href":"https:\/\/www.webdo.tn\/fr\/wp-json\/wp\/v2\/types\/post"}],"author":[{"embeddable":true,"href":"https:\/\/www.webdo.tn\/fr\/wp-json\/wp\/v2\/users\/3175"}],"replies":[{"embeddable":true,"href":"https:\/\/www.webdo.tn\/fr\/wp-json\/wp\/v2\/comments?post=203307"}],"version-history":[{"count":0,"href":"https:\/\/www.webdo.tn\/fr\/wp-json\/wp\/v2\/posts\/203307\/revisions"}],"wp:featuredmedia":[{"embeddable":true,"href":"https:\/\/www.webdo.tn\/fr\/wp-json\/wp\/v2\/media\/277800"}],"wp:attachment":[{"href":"https:\/\/www.webdo.tn\/fr\/wp-json\/wp\/v2\/media?parent=203307"}],"wp:term":[{"taxonomy":"category","embeddable":true,"href":"https:\/\/www.webdo.tn\/fr\/wp-json\/wp\/v2\/categories?post=203307"},{"taxonomy":"post_tag","embeddable":true,"href":"https:\/\/www.webdo.tn\/fr\/wp-json\/wp\/v2\/tags?post=203307"}],"curies":[{"name":"wp","href":"https:\/\/api.w.org\/{rel}","templated":true}]}}