{"id":203302,"date":"2023-02-24T15:37:00","date_gmt":"2023-02-24T15:37:00","guid":{"rendered":"https:\/\/www.webdo.tn\/fr\/blog\/tunisie-avionav-se-lance-dans-le-montage-d-helicopteres\/203302\/"},"modified":"2025-05-20T22:07:43","modified_gmt":"2025-05-20T22:07:43","slug":"tunisie-avionav-se-lance-dans-le-montage-d-helicopteres","status":"publish","type":"post","link":"https:\/\/www.webdo.tn\/fr\/actualite\/divers\/tunisie-avionav-se-lance-dans-le-montage-d-helicopteres\/203302\/","title":{"rendered":"Tunisie : Avionav se lance dans le montage d\u2019h\u00e9licopt\u00e8res"},"content":{"rendered":"<p>C\u2019est \u00e0 Borjine, dans le gouvernorat de Sousse, que la soci\u00e9t\u00e9 Avionav est implant\u00e9e. Sa sp\u00e9cialit\u00e9, comme son nom l\u2019indique, est l\u2019a\u00e9ronautique. Apr\u00e8s les avions l\u00e9gers, elle a d\u00e9cid\u00e9 de se lancer dans le montage d\u2019h\u00e9licopt\u00e8res.<\/p>\n<p>\t\t\t\t\t\t\t\t\tAvionav est en plein essor. Dirig\u00e9e par Foued El Kamel, cette soci\u00e9t\u00e9 a d\u00e9cid\u00e9 d\u2019\u00e9tendre son champ d\u2019action comme l\u2019a confirm\u00e9 son directeur g\u00e9n\u00e9ral. Dans un post publi\u00e9 sur sa page Facebook, mardi 21 f\u00e9vrier 2023, Foued El Kamel, a annonc\u00e9 qu\u2019Avionav se lan\u00e7ait dans le montage d\u2019h\u00e9licopt\u00e8res.<\/p>\n<p>Elle fabriquera d\u00e9sormais deux types d\u2019avions l\u00e9gers et des h\u00e9licopt\u00e8res, et ce, pour faire face \u00e0 une demande de plus en plus croissante \u00e0 travers le monde.<\/p>\n<p>Au cours des quinze derni\u00e8res ann\u00e9es, Avionav a export\u00e9 pr\u00e8s de 40 avions l\u00e9gers vers l\u2019Europe et le Moyen-Orient. Mais, depuis 2020, les capacit\u00e9s de la soci\u00e9t\u00e9 ont \u00e9t\u00e9 amplifi\u00e9es avec l\u2019extension des ateliers de fabrication au sein desquels sont employ\u00e9s 140 ing\u00e9nieurs et techniciens.<\/p>\n<p>A l\u2019horizon 2026, les capacit\u00e9s de production devraient m\u00eame atteindre 80 avions l\u00e9gers mont\u00e9s par an sachant que les composantes de l\u2019avion sont fabriqu\u00e9es dans les ateliers de la soci\u00e9t\u00e9 \u00e0 Borjine, \u00e0 l\u2019exception du moteur.<\/p>\n","protected":false},"excerpt":{"rendered":"<p>Avionav, soci\u00e9t\u00e9 implant\u00e9e dans la r\u00e9gion de Sousse, se lance dans le montage d&rsquo;h\u00e9licopt\u00e8res<\/p>\n","protected":false},"author":3162,"featured_media":277795,"comment_status":"open","ping_status":"closed","sticky":false,"template":"","format":"standard","meta":{"footnotes":""},"categories":[2839],"tags":[9344,9345,7965],"class_list":["post-203302","post","type-post","status-publish","format-standard","has-post-thumbnail","hentry","category-divers","tag-aeronautique","tag-avionav","tag-helicoptere"],"yoast_head":"<!-- This site is optimized with the Yoast SEO Premium plugin v27.4 (Yoast SEO v27.5) - https:\/\/yoast.com\/product\/yoast-seo-premium-wordpress\/ -->\n<title>Tunisie : Avionav se lance dans le montage d\u2019h\u00e9licopt\u00e8res<\/title>\n<meta name=\"description\" content=\"Avionav, soci\u00e9t\u00e9 implant\u00e9e dans la r\u00e9gion de Sousse, se lance dans le montage d&#039;h\u00e9licopt\u00e8res\" \/>\n<link rel=\"canonical\" href=\"https:\/\/www.webdo.tn\/fr\/actualite\/divers\/tunisie-avionav-se-lance-dans-le-montage-d-helicopteres\/203302\/\" \/>\n<meta property=\"og:locale\" content=\"fr_FR\" \/>\n<meta property=\"og:type\" content=\"article\" \/>\n<meta property=\"og:title\" content=\"Tunisie : Avionav se lance dans le montage d\u2019h\u00e9licopt\u00e8res\" \/>\n<meta property=\"og:description\" content=\"Avionav, soci\u00e9t\u00e9 implant\u00e9e dans la r\u00e9gion de Sousse, se lance dans le montage d&#039;h\u00e9licopt\u00e8res\" \/>\n<meta property=\"og:url\" content=\"https:\/\/www.webdo.tn\/fr\/actualite\/divers\/tunisie-avionav-se-lance-dans-le-montage-d-helicopteres\/203302\/\" \/>\n<meta property=\"og:site_name\" content=\"webdo\" \/>\n<meta property=\"article:publisher\" content=\"https:\/\/www.facebook.com\/webdotn\" \/>\n<meta property=\"article:published_time\" content=\"2023-02-24T15:37:00+00:00\" \/>\n<meta property=\"article:modified_time\" content=\"2025-05-20T22:07:43+00:00\" \/>\n<meta property=\"og:image\" content=\"https:\/\/www.webdo.tn\/fr\/wp-content\/uploads\/2023\/02\/923e61d31fcaa02b2092d7dddc3b91c0.jpg\" \/>\n\t<meta property=\"og:image:width\" content=\"750\" \/>\n\t<meta property=\"og:image:height\" content=\"400\" \/>\n\t<meta property=\"og:image:type\" content=\"image\/jpeg\" \/>\n<meta name=\"author\" content=\"MC\" \/>\n<meta name=\"twitter:card\" content=\"summary_large_image\" \/>\n<meta name=\"twitter:creator\" content=\"@webdo_tn\" \/>\n<meta name=\"twitter:site\" content=\"@webdo_tn\" \/>\n<meta name=\"twitter:label1\" content=\"\u00c9crit par\" \/>\n\t<meta name=\"twitter:data1\" content=\"MC\" \/>\n\t<meta name=\"twitter:label2\" content=\"Dur\u00e9e de lecture estim\u00e9e\" \/>\n\t<meta name=\"twitter:data2\" content=\"1 minute\" \/>\n<script type=\"application\/ld+json\" class=\"yoast-schema-graph\">{\"@context\":\"https:\\\/\\\/schema.org\",\"@graph\":[{\"@type\":\"NewsArticle\",\"@id\":\"https:\\\/\\\/www.webdo.tn\\\/fr\\\/actualite\\\/divers\\\/tunisie-avionav-se-lance-dans-le-montage-d-helicopteres\\\/203302\\\/#article\",\"isPartOf\":{\"@id\":\"https:\\\/\\\/www.webdo.tn\\\/fr\\\/actualite\\\/divers\\\/tunisie-avionav-se-lance-dans-le-montage-d-helicopteres\\\/203302\\\/\"},\"author\":{\"name\":\"MC\",\"@id\":\"https:\\\/\\\/www.webdo.tn\\\/fr\\\/#\\\/schema\\\/person\\\/2c4929cbf5a809e3bd38617c6ce150f6\"},\"headline\":\"Tunisie : Avionav se lance dans le montage d\u2019h\u00e9licopt\u00e8res\",\"datePublished\":\"2023-02-24T15:37:00+00:00\",\"dateModified\":\"2025-05-20T22:07:43+00:00\",\"mainEntityOfPage\":{\"@id\":\"https:\\\/\\\/www.webdo.tn\\\/fr\\\/actualite\\\/divers\\\/tunisie-avionav-se-lance-dans-le-montage-d-helicopteres\\\/203302\\\/\"},\"wordCount\":243,\"commentCount\":0,\"publisher\":{\"@id\":\"https:\\\/\\\/www.webdo.tn\\\/fr\\\/#organization\"},\"image\":{\"@id\":\"https:\\\/\\\/www.webdo.tn\\\/fr\\\/actualite\\\/divers\\\/tunisie-avionav-se-lance-dans-le-montage-d-helicopteres\\\/203302\\\/#primaryimage\"},\"thumbnailUrl\":\"https:\\\/\\\/www.webdo.tn\\\/fr\\\/wp-content\\\/uploads\\\/2023\\\/02\\\/923e61d31fcaa02b2092d7dddc3b91c0.jpg\",\"keywords\":[\"a\u00e9ronautique\",\"avionav\",\"h\u00e9licopt\u00e8re\"],\"articleSection\":[\"Divers\"],\"inLanguage\":\"fr-FR\"},{\"@type\":\"WebPage\",\"@id\":\"https:\\\/\\\/www.webdo.tn\\\/fr\\\/actualite\\\/divers\\\/tunisie-avionav-se-lance-dans-le-montage-d-helicopteres\\\/203302\\\/\",\"url\":\"https:\\\/\\\/www.webdo.tn\\\/fr\\\/actualite\\\/divers\\\/tunisie-avionav-se-lance-dans-le-montage-d-helicopteres\\\/203302\\\/\",\"name\":\"Tunisie : Avionav se lance dans le montage d\u2019h\u00e9licopt\u00e8res\",\"isPartOf\":{\"@id\":\"https:\\\/\\\/www.webdo.tn\\\/fr\\\/#website\"},\"primaryImageOfPage\":{\"@id\":\"https:\\\/\\\/www.webdo.tn\\\/fr\\\/actualite\\\/divers\\\/tunisie-avionav-se-lance-dans-le-montage-d-helicopteres\\\/203302\\\/#primaryimage\"},\"image\":{\"@id\":\"https:\\\/\\\/www.webdo.tn\\\/fr\\\/actualite\\\/divers\\\/tunisie-avionav-se-lance-dans-le-montage-d-helicopteres\\\/203302\\\/#primaryimage\"},\"thumbnailUrl\":\"https:\\\/\\\/www.webdo.tn\\\/fr\\\/wp-content\\\/uploads\\\/2023\\\/02\\\/923e61d31fcaa02b2092d7dddc3b91c0.jpg\",\"datePublished\":\"2023-02-24T15:37:00+00:00\",\"dateModified\":\"2025-05-20T22:07:43+00:00\",\"description\":\"Avionav, soci\u00e9t\u00e9 implant\u00e9e dans la r\u00e9gion de Sousse, se lance dans le montage d'h\u00e9licopt\u00e8res\",\"breadcrumb\":{\"@id\":\"https:\\\/\\\/www.webdo.tn\\\/fr\\\/actualite\\\/divers\\\/tunisie-avionav-se-lance-dans-le-montage-d-helicopteres\\\/203302\\\/#breadcrumb\"},\"inLanguage\":\"fr-FR\",\"potentialAction\":[{\"@type\":\"ReadAction\",\"target\":[\"https:\\\/\\\/www.webdo.tn\\\/fr\\\/actualite\\\/divers\\\/tunisie-avionav-se-lance-dans-le-montage-d-helicopteres\\\/203302\\\/\"]}]},{\"@type\":\"ImageObject\",\"inLanguage\":\"fr-FR\",\"@id\":\"https:\\\/\\\/www.webdo.tn\\\/fr\\\/actualite\\\/divers\\\/tunisie-avionav-se-lance-dans-le-montage-d-helicopteres\\\/203302\\\/#primaryimage\",\"url\":\"https:\\\/\\\/www.webdo.tn\\\/fr\\\/wp-content\\\/uploads\\\/2023\\\/02\\\/923e61d31fcaa02b2092d7dddc3b91c0.jpg\",\"contentUrl\":\"https:\\\/\\\/www.webdo.tn\\\/fr\\\/wp-content\\\/uploads\\\/2023\\\/02\\\/923e61d31fcaa02b2092d7dddc3b91c0.jpg\",\"width\":750,\"height\":400,\"caption\":\"Tunisie : Avionav se lance dans le montage d\u2019h\u00e9licopt\u00e8res\"},{\"@type\":\"BreadcrumbList\",\"@id\":\"https:\\\/\\\/www.webdo.tn\\\/fr\\\/actualite\\\/divers\\\/tunisie-avionav-se-lance-dans-le-montage-d-helicopteres\\\/203302\\\/#breadcrumb\",\"itemListElement\":[{\"@type\":\"ListItem\",\"position\":1,\"name\":\"Accueil\",\"item\":\"https:\\\/\\\/www.webdo.tn\\\/fr\\\/\"},{\"@type\":\"ListItem\",\"position\":2,\"name\":\"Tunisie : Avionav se lance dans le montage d\u2019h\u00e9licopt\u00e8res\"}]},{\"@type\":\"WebSite\",\"@id\":\"https:\\\/\\\/www.webdo.tn\\\/fr\\\/#website\",\"url\":\"https:\\\/\\\/www.webdo.tn\\\/fr\\\/\",\"name\":\"webdo\",\"description\":\"Tunisie - News en Tunisie et \u00e0 l&#039;international sur Webdo.tn\",\"publisher\":{\"@id\":\"https:\\\/\\\/www.webdo.tn\\\/fr\\\/#organization\"},\"potentialAction\":[{\"@type\":\"SearchAction\",\"target\":{\"@type\":\"EntryPoint\",\"urlTemplate\":\"https:\\\/\\\/www.webdo.tn\\\/fr\\\/?s={search_term_string}\"},\"query-input\":{\"@type\":\"PropertyValueSpecification\",\"valueRequired\":true,\"valueName\":\"search_term_string\"}}],\"inLanguage\":\"fr-FR\"},{\"@type\":\"Organization\",\"@id\":\"https:\\\/\\\/www.webdo.tn\\\/fr\\\/#organization\",\"name\":\"Webdo\",\"alternateName\":\"Webdo.tn\",\"url\":\"https:\\\/\\\/www.webdo.tn\\\/fr\\\/\",\"logo\":{\"@type\":\"ImageObject\",\"inLanguage\":\"fr-FR\",\"@id\":\"https:\\\/\\\/www.webdo.tn\\\/fr\\\/#\\\/schema\\\/logo\\\/image\\\/\",\"url\":\"https:\\\/\\\/www.webdo.tn\\\/fr\\\/wp-content\\\/uploads\\\/2025\\\/06\\\/Webdo-Tunisie_168377.jpg\",\"contentUrl\":\"https:\\\/\\\/www.webdo.tn\\\/fr\\\/wp-content\\\/uploads\\\/2025\\\/06\\\/Webdo-Tunisie_168377.jpg\",\"width\":301,\"height\":301,\"caption\":\"Webdo\"},\"image\":{\"@id\":\"https:\\\/\\\/www.webdo.tn\\\/fr\\\/#\\\/schema\\\/logo\\\/image\\\/\"},\"sameAs\":[\"https:\\\/\\\/www.facebook.com\\\/webdotn\",\"https:\\\/\\\/x.com\\\/webdo_tn\"],\"description\":\"Webdo est un m\u00e9dia num\u00e9rique tunisien fond\u00e9 en 2010, sp\u00e9cialis\u00e9 dans l\u2019actualit\u00e9 nationale et internationale, l\u2019\u00e9conomie, la soci\u00e9t\u00e9 et les analyses politiques. Le site s\u2019adresse \u00e0 un large public francophone et couvre l\u2019information tunisienne en temps r\u00e9el.\",\"email\":\"redac@webdo.tn\",\"legalName\":\"YNJ SARL\",\"foundingDate\":\"2010-09-06\",\"numberOfEmployees\":{\"@type\":\"QuantitativeValue\",\"minValue\":\"11\",\"maxValue\":\"50\"}},{\"@type\":\"Person\",\"@id\":\"https:\\\/\\\/www.webdo.tn\\\/fr\\\/#\\\/schema\\\/person\\\/2c4929cbf5a809e3bd38617c6ce150f6\",\"name\":\"MC\",\"image\":{\"@type\":\"ImageObject\",\"inLanguage\":\"fr-FR\",\"@id\":\"https:\\\/\\\/secure.gravatar.com\\\/avatar\\\/a545bbb6f84efdd5553dbbc2895e3ca8f1d12c5215e00a041c9670b54aa9b18a?s=96&d=mm&r=g\",\"url\":\"https:\\\/\\\/secure.gravatar.com\\\/avatar\\\/a545bbb6f84efdd5553dbbc2895e3ca8f1d12c5215e00a041c9670b54aa9b18a?s=96&d=mm&r=g\",\"contentUrl\":\"https:\\\/\\\/secure.gravatar.com\\\/avatar\\\/a545bbb6f84efdd5553dbbc2895e3ca8f1d12c5215e00a041c9670b54aa9b18a?s=96&d=mm&r=g\",\"caption\":\"MC\"},\"url\":\"https:\\\/\\\/www.webdo.tn\\\/fr\\\/actualite\\\/author\\\/mc\\\/\"}]}<\/script>\n<!-- \/ Yoast SEO Premium plugin. -->","yoast_head_json":{"title":"Tunisie : Avionav se lance dans le montage d\u2019h\u00e9licopt\u00e8res","description":"Avionav, soci\u00e9t\u00e9 implant\u00e9e dans la r\u00e9gion de Sousse, se lance dans le montage d'h\u00e9licopt\u00e8res","canonical":"https:\/\/www.webdo.tn\/fr\/actualite\/divers\/tunisie-avionav-se-lance-dans-le-montage-d-helicopteres\/203302\/","og_locale":"fr_FR","og_type":"article","og_title":"Tunisie : Avionav se lance dans le montage d\u2019h\u00e9licopt\u00e8res","og_description":"Avionav, soci\u00e9t\u00e9 implant\u00e9e dans la r\u00e9gion de Sousse, se lance dans le montage d'h\u00e9licopt\u00e8res","og_url":"https:\/\/www.webdo.tn\/fr\/actualite\/divers\/tunisie-avionav-se-lance-dans-le-montage-d-helicopteres\/203302\/","og_site_name":"webdo","article_publisher":"https:\/\/www.facebook.com\/webdotn","article_published_time":"2023-02-24T15:37:00+00:00","article_modified_time":"2025-05-20T22:07:43+00:00","og_image":[{"width":750,"height":400,"url":"https:\/\/www.webdo.tn\/fr\/wp-content\/uploads\/2023\/02\/923e61d31fcaa02b2092d7dddc3b91c0.jpg","type":"image\/jpeg"}],"author":"MC","twitter_card":"summary_large_image","twitter_creator":"@webdo_tn","twitter_site":"@webdo_tn","twitter_misc":{"\u00c9crit par":"MC","Dur\u00e9e de lecture estim\u00e9e":"1 minute"},"schema":{"@context":"https:\/\/schema.org","@graph":[{"@type":"NewsArticle","@id":"https:\/\/www.webdo.tn\/fr\/actualite\/divers\/tunisie-avionav-se-lance-dans-le-montage-d-helicopteres\/203302\/#article","isPartOf":{"@id":"https:\/\/www.webdo.tn\/fr\/actualite\/divers\/tunisie-avionav-se-lance-dans-le-montage-d-helicopteres\/203302\/"},"author":{"name":"MC","@id":"https:\/\/www.webdo.tn\/fr\/#\/schema\/person\/2c4929cbf5a809e3bd38617c6ce150f6"},"headline":"Tunisie : Avionav se lance dans le montage d\u2019h\u00e9licopt\u00e8res","datePublished":"2023-02-24T15:37:00+00:00","dateModified":"2025-05-20T22:07:43+00:00","mainEntityOfPage":{"@id":"https:\/\/www.webdo.tn\/fr\/actualite\/divers\/tunisie-avionav-se-lance-dans-le-montage-d-helicopteres\/203302\/"},"wordCount":243,"commentCount":0,"publisher":{"@id":"https:\/\/www.webdo.tn\/fr\/#organization"},"image":{"@id":"https:\/\/www.webdo.tn\/fr\/actualite\/divers\/tunisie-avionav-se-lance-dans-le-montage-d-helicopteres\/203302\/#primaryimage"},"thumbnailUrl":"https:\/\/www.webdo.tn\/fr\/wp-content\/uploads\/2023\/02\/923e61d31fcaa02b2092d7dddc3b91c0.jpg","keywords":["a\u00e9ronautique","avionav","h\u00e9licopt\u00e8re"],"articleSection":["Divers"],"inLanguage":"fr-FR"},{"@type":"WebPage","@id":"https:\/\/www.webdo.tn\/fr\/actualite\/divers\/tunisie-avionav-se-lance-dans-le-montage-d-helicopteres\/203302\/","url":"https:\/\/www.webdo.tn\/fr\/actualite\/divers\/tunisie-avionav-se-lance-dans-le-montage-d-helicopteres\/203302\/","name":"Tunisie : Avionav se lance dans le montage d\u2019h\u00e9licopt\u00e8res","isPartOf":{"@id":"https:\/\/www.webdo.tn\/fr\/#website"},"primaryImageOfPage":{"@id":"https:\/\/www.webdo.tn\/fr\/actualite\/divers\/tunisie-avionav-se-lance-dans-le-montage-d-helicopteres\/203302\/#primaryimage"},"image":{"@id":"https:\/\/www.webdo.tn\/fr\/actualite\/divers\/tunisie-avionav-se-lance-dans-le-montage-d-helicopteres\/203302\/#primaryimage"},"thumbnailUrl":"https:\/\/www.webdo.tn\/fr\/wp-content\/uploads\/2023\/02\/923e61d31fcaa02b2092d7dddc3b91c0.jpg","datePublished":"2023-02-24T15:37:00+00:00","dateModified":"2025-05-20T22:07:43+00:00","description":"Avionav, soci\u00e9t\u00e9 implant\u00e9e dans la r\u00e9gion de Sousse, se lance dans le montage d'h\u00e9licopt\u00e8res","breadcrumb":{"@id":"https:\/\/www.webdo.tn\/fr\/actualite\/divers\/tunisie-avionav-se-lance-dans-le-montage-d-helicopteres\/203302\/#breadcrumb"},"inLanguage":"fr-FR","potentialAction":[{"@type":"ReadAction","target":["https:\/\/www.webdo.tn\/fr\/actualite\/divers\/tunisie-avionav-se-lance-dans-le-montage-d-helicopteres\/203302\/"]}]},{"@type":"ImageObject","inLanguage":"fr-FR","@id":"https:\/\/www.webdo.tn\/fr\/actualite\/divers\/tunisie-avionav-se-lance-dans-le-montage-d-helicopteres\/203302\/#primaryimage","url":"https:\/\/www.webdo.tn\/fr\/wp-content\/uploads\/2023\/02\/923e61d31fcaa02b2092d7dddc3b91c0.jpg","contentUrl":"https:\/\/www.webdo.tn\/fr\/wp-content\/uploads\/2023\/02\/923e61d31fcaa02b2092d7dddc3b91c0.jpg","width":750,"height":400,"caption":"Tunisie : Avionav se lance dans le montage d\u2019h\u00e9licopt\u00e8res"},{"@type":"BreadcrumbList","@id":"https:\/\/www.webdo.tn\/fr\/actualite\/divers\/tunisie-avionav-se-lance-dans-le-montage-d-helicopteres\/203302\/#breadcrumb","itemListElement":[{"@type":"ListItem","position":1,"name":"Accueil","item":"https:\/\/www.webdo.tn\/fr\/"},{"@type":"ListItem","position":2,"name":"Tunisie : Avionav se lance dans le montage d\u2019h\u00e9licopt\u00e8res"}]},{"@type":"WebSite","@id":"https:\/\/www.webdo.tn\/fr\/#website","url":"https:\/\/www.webdo.tn\/fr\/","name":"webdo","description":"Tunisie - News en Tunisie et \u00e0 l&#039;international sur Webdo.tn","publisher":{"@id":"https:\/\/www.webdo.tn\/fr\/#organization"},"potentialAction":[{"@type":"SearchAction","target":{"@type":"EntryPoint","urlTemplate":"https:\/\/www.webdo.tn\/fr\/?s={search_term_string}"},"query-input":{"@type":"PropertyValueSpecification","valueRequired":true,"valueName":"search_term_string"}}],"inLanguage":"fr-FR"},{"@type":"Organization","@id":"https:\/\/www.webdo.tn\/fr\/#organization","name":"Webdo","alternateName":"Webdo.tn","url":"https:\/\/www.webdo.tn\/fr\/","logo":{"@type":"ImageObject","inLanguage":"fr-FR","@id":"https:\/\/www.webdo.tn\/fr\/#\/schema\/logo\/image\/","url":"https:\/\/www.webdo.tn\/fr\/wp-content\/uploads\/2025\/06\/Webdo-Tunisie_168377.jpg","contentUrl":"https:\/\/www.webdo.tn\/fr\/wp-content\/uploads\/2025\/06\/Webdo-Tunisie_168377.jpg","width":301,"height":301,"caption":"Webdo"},"image":{"@id":"https:\/\/www.webdo.tn\/fr\/#\/schema\/logo\/image\/"},"sameAs":["https:\/\/www.facebook.com\/webdotn","https:\/\/x.com\/webdo_tn"],"description":"Webdo est un m\u00e9dia num\u00e9rique tunisien fond\u00e9 en 2010, sp\u00e9cialis\u00e9 dans l\u2019actualit\u00e9 nationale et internationale, l\u2019\u00e9conomie, la soci\u00e9t\u00e9 et les analyses politiques. Le site s\u2019adresse \u00e0 un large public francophone et couvre l\u2019information tunisienne en temps r\u00e9el.","email":"redac@webdo.tn","legalName":"YNJ SARL","foundingDate":"2010-09-06","numberOfEmployees":{"@type":"QuantitativeValue","minValue":"11","maxValue":"50"}},{"@type":"Person","@id":"https:\/\/www.webdo.tn\/fr\/#\/schema\/person\/2c4929cbf5a809e3bd38617c6ce150f6","name":"MC","image":{"@type":"ImageObject","inLanguage":"fr-FR","@id":"https:\/\/secure.gravatar.com\/avatar\/a545bbb6f84efdd5553dbbc2895e3ca8f1d12c5215e00a041c9670b54aa9b18a?s=96&d=mm&r=g","url":"https:\/\/secure.gravatar.com\/avatar\/a545bbb6f84efdd5553dbbc2895e3ca8f1d12c5215e00a041c9670b54aa9b18a?s=96&d=mm&r=g","contentUrl":"https:\/\/secure.gravatar.com\/avatar\/a545bbb6f84efdd5553dbbc2895e3ca8f1d12c5215e00a041c9670b54aa9b18a?s=96&d=mm&r=g","caption":"MC"},"url":"https:\/\/www.webdo.tn\/fr\/actualite\/author\/mc\/"}]}},"_links":{"self":[{"href":"https:\/\/www.webdo.tn\/fr\/wp-json\/wp\/v2\/posts\/203302","targetHints":{"allow":["GET"]}}],"collection":[{"href":"https:\/\/www.webdo.tn\/fr\/wp-json\/wp\/v2\/posts"}],"about":[{"href":"https:\/\/www.webdo.tn\/fr\/wp-json\/wp\/v2\/types\/post"}],"author":[{"embeddable":true,"href":"https:\/\/www.webdo.tn\/fr\/wp-json\/wp\/v2\/users\/3162"}],"replies":[{"embeddable":true,"href":"https:\/\/www.webdo.tn\/fr\/wp-json\/wp\/v2\/comments?post=203302"}],"version-history":[{"count":0,"href":"https:\/\/www.webdo.tn\/fr\/wp-json\/wp\/v2\/posts\/203302\/revisions"}],"wp:featuredmedia":[{"embeddable":true,"href":"https:\/\/www.webdo.tn\/fr\/wp-json\/wp\/v2\/media\/277795"}],"wp:attachment":[{"href":"https:\/\/www.webdo.tn\/fr\/wp-json\/wp\/v2\/media?parent=203302"}],"wp:term":[{"taxonomy":"category","embeddable":true,"href":"https:\/\/www.webdo.tn\/fr\/wp-json\/wp\/v2\/categories?post=203302"},{"taxonomy":"post_tag","embeddable":true,"href":"https:\/\/www.webdo.tn\/fr\/wp-json\/wp\/v2\/tags?post=203302"}],"curies":[{"name":"wp","href":"https:\/\/api.w.org\/{rel}","templated":true}]}}