{"id":203298,"date":"2023-02-24T14:20:00","date_gmt":"2023-02-24T14:20:00","guid":{"rendered":"https:\/\/www.webdo.tn\/fr\/blog\/le-front-de-salut-national-appelle-a-manifester-le-5-mars\/203298\/"},"modified":"2025-05-20T22:07:43","modified_gmt":"2025-05-20T22:07:43","slug":"le-front-de-salut-national-appelle-a-manifester-le-5-mars","status":"publish","type":"post","link":"https:\/\/www.webdo.tn\/fr\/actualite\/national\/le-front-de-salut-national-appelle-a-manifester-le-5-mars\/203298\/","title":{"rendered":"Le Front de salut national appelle \u00e0 manifester le 5 mars"},"content":{"rendered":"<p>Le Front de salut national a appel\u00e9, ce vendredi 24 f\u00e9vrier, les Tunisiens \u00e0 participer massivement \u00e0 un sit-in qui sera organis\u00e9, ce soir \u00e0 17 heures, \u00e0 l\u2019appel du parti Al-Joumhouri devant son si\u00e8ge.<\/p>\n<p>\t\t\t\t\t\t\t\t\tIl appelle \u00e9galement, via un communiqu\u00e9 publi\u00e9 aujourd\u2019hui, \u00e0 participer \u00e0 \u00ab\u00a0une grande manifestation, dimanche 5 mars \u00e0 Tunis pour r\u00e9clamer la remise en libert\u00e9 de l\u2019ensemble des personnes plac\u00e9es en garde \u00e0 vue, toutes appartenances confondues, syndicalistes, journalistes, militants des droits de l\u2019homme et politiques\u00a0\u00bb.<\/p>\n<p>De m\u00eame, le Front de salut national a d\u00e9nonc\u00e9 \u00ab\u00a0les conditions humiliantes\u00a0\u00bb de d\u00e9tention de Chaima Issa, Issam Chebbi, Jawher Ben Mbarek, Khayem Turki et Abdelhamid Jlassi, traduits ce matin au parquet par la brigade d\u2019investigation dans les crimes terroristes.<\/p>\n<p>\u00ab\u00a0Le parquet a d\u00e9cid\u00e9 de les d\u00e9f\u00e9rer devant le bureau d\u2019instruction n\u00b036, pr\u00e8s du p\u00f4le judiciaire de lutte contre le terrorisme\u00a0\u00bb, indique-t-il.<\/p>\n<p>\u00ab\u00a0Ce traitement humiliant n\u2019entamera pas le moral des d\u00e9tenus, ni leurs convictions, mais ne fera qu\u2019en augmenter l\u2019obstination \u00e0 lutter contre le despotisme et \u00e0 d\u00e9fendre les droits et libert\u00e9s\u00a0\u00bb, souligne le Front de salut national.<\/p>\n<p>Il ajoute que \u00ab\u00a0les concertations en vue d\u2019unifier les forces d\u00e9mocratiques ne vont pas s\u2019arr\u00eater, mais vont s\u2019intensifier en vue de donner lieu \u00e0 un large front pour r\u00e9tablir la l\u00e9galit\u00e9 constitutionnelle et la supr\u00e9matie de la loi\u00a0\u00bb.<\/p>\n","protected":false},"excerpt":{"rendered":"<p>Le Front de salut national a d\u00e9nonc\u00e9  les conditions humiliantes  de d\u00e9tention des personnes arr\u00eat\u00e9es<\/p>\n","protected":false},"author":3162,"featured_media":277792,"comment_status":"open","ping_status":"closed","sticky":false,"template":"","format":"standard","meta":{"footnotes":""},"categories":[44],"tags":[3673,3286,6531,2817],"class_list":["post-203298","post","type-post","status-publish","format-standard","has-post-thumbnail","hentry","category-national","tag-arrestations","tag-detention","tag-front-de-salut-national","tag-manifestation"],"yoast_head":"<!-- This site is optimized with the Yoast SEO Premium plugin v27.4 (Yoast SEO v27.5) - https:\/\/yoast.com\/product\/yoast-seo-premium-wordpress\/ -->\n<title>Le Front de salut national appelle \u00e0 manifester le 5 mars<\/title>\n<meta name=\"description\" content=\"Le Front de salut national a d\u00e9nonc\u00e9 les conditions humiliantes de d\u00e9tention des personnes arr\u00eat\u00e9es\" \/>\n<link rel=\"canonical\" href=\"https:\/\/www.webdo.tn\/fr\/actualite\/national\/le-front-de-salut-national-appelle-a-manifester-le-5-mars\/203298\/\" \/>\n<meta property=\"og:locale\" content=\"fr_FR\" \/>\n<meta property=\"og:type\" content=\"article\" \/>\n<meta property=\"og:title\" content=\"Le Front de salut national appelle \u00e0 manifester le 5 mars\" \/>\n<meta property=\"og:description\" content=\"Le Front de salut national a d\u00e9nonc\u00e9 les conditions humiliantes de d\u00e9tention des personnes arr\u00eat\u00e9es\" \/>\n<meta property=\"og:url\" content=\"https:\/\/www.webdo.tn\/fr\/actualite\/national\/le-front-de-salut-national-appelle-a-manifester-le-5-mars\/203298\/\" \/>\n<meta property=\"og:site_name\" content=\"webdo\" \/>\n<meta property=\"article:publisher\" content=\"https:\/\/www.facebook.com\/webdotn\" \/>\n<meta property=\"article:published_time\" content=\"2023-02-24T14:20:00+00:00\" \/>\n<meta property=\"article:modified_time\" content=\"2025-05-20T22:07:43+00:00\" \/>\n<meta property=\"og:image\" content=\"https:\/\/www.webdo.tn\/fr\/wp-content\/uploads\/2023\/02\/654f8105a3cbccd414de0cd40a93d314.jpg\" \/>\n\t<meta property=\"og:image:width\" content=\"675\" \/>\n\t<meta property=\"og:image:height\" content=\"360\" \/>\n\t<meta property=\"og:image:type\" content=\"image\/jpeg\" \/>\n<meta name=\"author\" content=\"MC\" \/>\n<meta name=\"twitter:card\" content=\"summary_large_image\" \/>\n<meta name=\"twitter:creator\" content=\"@webdo_tn\" \/>\n<meta name=\"twitter:site\" content=\"@webdo_tn\" \/>\n<meta name=\"twitter:label1\" content=\"\u00c9crit par\" \/>\n\t<meta name=\"twitter:data1\" content=\"MC\" \/>\n\t<meta name=\"twitter:label2\" content=\"Dur\u00e9e de lecture estim\u00e9e\" \/>\n\t<meta name=\"twitter:data2\" content=\"1 minute\" \/>\n<script type=\"application\/ld+json\" class=\"yoast-schema-graph\">{\"@context\":\"https:\\\/\\\/schema.org\",\"@graph\":[{\"@type\":\"NewsArticle\",\"@id\":\"https:\\\/\\\/www.webdo.tn\\\/fr\\\/actualite\\\/national\\\/le-front-de-salut-national-appelle-a-manifester-le-5-mars\\\/203298\\\/#article\",\"isPartOf\":{\"@id\":\"https:\\\/\\\/www.webdo.tn\\\/fr\\\/actualite\\\/national\\\/le-front-de-salut-national-appelle-a-manifester-le-5-mars\\\/203298\\\/\"},\"author\":{\"name\":\"MC\",\"@id\":\"https:\\\/\\\/www.webdo.tn\\\/fr\\\/#\\\/schema\\\/person\\\/2c4929cbf5a809e3bd38617c6ce150f6\"},\"headline\":\"Le Front de salut national appelle \u00e0 manifester le 5 mars\",\"datePublished\":\"2023-02-24T14:20:00+00:00\",\"dateModified\":\"2025-05-20T22:07:43+00:00\",\"mainEntityOfPage\":{\"@id\":\"https:\\\/\\\/www.webdo.tn\\\/fr\\\/actualite\\\/national\\\/le-front-de-salut-national-appelle-a-manifester-le-5-mars\\\/203298\\\/\"},\"wordCount\":244,\"commentCount\":0,\"publisher\":{\"@id\":\"https:\\\/\\\/www.webdo.tn\\\/fr\\\/#organization\"},\"image\":{\"@id\":\"https:\\\/\\\/www.webdo.tn\\\/fr\\\/actualite\\\/national\\\/le-front-de-salut-national-appelle-a-manifester-le-5-mars\\\/203298\\\/#primaryimage\"},\"thumbnailUrl\":\"https:\\\/\\\/www.webdo.tn\\\/fr\\\/wp-content\\\/uploads\\\/2023\\\/02\\\/654f8105a3cbccd414de0cd40a93d314.jpg\",\"keywords\":[\"arrestations\",\"d\u00e9tention\",\"Front de Salut national\",\"Manifestation\"],\"articleSection\":[\"National\"],\"inLanguage\":\"fr-FR\"},{\"@type\":\"WebPage\",\"@id\":\"https:\\\/\\\/www.webdo.tn\\\/fr\\\/actualite\\\/national\\\/le-front-de-salut-national-appelle-a-manifester-le-5-mars\\\/203298\\\/\",\"url\":\"https:\\\/\\\/www.webdo.tn\\\/fr\\\/actualite\\\/national\\\/le-front-de-salut-national-appelle-a-manifester-le-5-mars\\\/203298\\\/\",\"name\":\"Le Front de salut national appelle \u00e0 manifester le 5 mars\",\"isPartOf\":{\"@id\":\"https:\\\/\\\/www.webdo.tn\\\/fr\\\/#website\"},\"primaryImageOfPage\":{\"@id\":\"https:\\\/\\\/www.webdo.tn\\\/fr\\\/actualite\\\/national\\\/le-front-de-salut-national-appelle-a-manifester-le-5-mars\\\/203298\\\/#primaryimage\"},\"image\":{\"@id\":\"https:\\\/\\\/www.webdo.tn\\\/fr\\\/actualite\\\/national\\\/le-front-de-salut-national-appelle-a-manifester-le-5-mars\\\/203298\\\/#primaryimage\"},\"thumbnailUrl\":\"https:\\\/\\\/www.webdo.tn\\\/fr\\\/wp-content\\\/uploads\\\/2023\\\/02\\\/654f8105a3cbccd414de0cd40a93d314.jpg\",\"datePublished\":\"2023-02-24T14:20:00+00:00\",\"dateModified\":\"2025-05-20T22:07:43+00:00\",\"description\":\"Le Front de salut national a d\u00e9nonc\u00e9 les conditions humiliantes de d\u00e9tention des personnes arr\u00eat\u00e9es\",\"breadcrumb\":{\"@id\":\"https:\\\/\\\/www.webdo.tn\\\/fr\\\/actualite\\\/national\\\/le-front-de-salut-national-appelle-a-manifester-le-5-mars\\\/203298\\\/#breadcrumb\"},\"inLanguage\":\"fr-FR\",\"potentialAction\":[{\"@type\":\"ReadAction\",\"target\":[\"https:\\\/\\\/www.webdo.tn\\\/fr\\\/actualite\\\/national\\\/le-front-de-salut-national-appelle-a-manifester-le-5-mars\\\/203298\\\/\"]}]},{\"@type\":\"ImageObject\",\"inLanguage\":\"fr-FR\",\"@id\":\"https:\\\/\\\/www.webdo.tn\\\/fr\\\/actualite\\\/national\\\/le-front-de-salut-national-appelle-a-manifester-le-5-mars\\\/203298\\\/#primaryimage\",\"url\":\"https:\\\/\\\/www.webdo.tn\\\/fr\\\/wp-content\\\/uploads\\\/2023\\\/02\\\/654f8105a3cbccd414de0cd40a93d314.jpg\",\"contentUrl\":\"https:\\\/\\\/www.webdo.tn\\\/fr\\\/wp-content\\\/uploads\\\/2023\\\/02\\\/654f8105a3cbccd414de0cd40a93d314.jpg\",\"width\":675,\"height\":360,\"caption\":\"Le Front de salut national appelle \u00e0 manifester le 5 mars\"},{\"@type\":\"BreadcrumbList\",\"@id\":\"https:\\\/\\\/www.webdo.tn\\\/fr\\\/actualite\\\/national\\\/le-front-de-salut-national-appelle-a-manifester-le-5-mars\\\/203298\\\/#breadcrumb\",\"itemListElement\":[{\"@type\":\"ListItem\",\"position\":1,\"name\":\"Accueil\",\"item\":\"https:\\\/\\\/www.webdo.tn\\\/fr\\\/\"},{\"@type\":\"ListItem\",\"position\":2,\"name\":\"Le Front de salut national appelle \u00e0 manifester le 5 mars\"}]},{\"@type\":\"WebSite\",\"@id\":\"https:\\\/\\\/www.webdo.tn\\\/fr\\\/#website\",\"url\":\"https:\\\/\\\/www.webdo.tn\\\/fr\\\/\",\"name\":\"webdo\",\"description\":\"Tunisie - News en Tunisie et \u00e0 l&#039;international sur Webdo.tn\",\"publisher\":{\"@id\":\"https:\\\/\\\/www.webdo.tn\\\/fr\\\/#organization\"},\"potentialAction\":[{\"@type\":\"SearchAction\",\"target\":{\"@type\":\"EntryPoint\",\"urlTemplate\":\"https:\\\/\\\/www.webdo.tn\\\/fr\\\/?s={search_term_string}\"},\"query-input\":{\"@type\":\"PropertyValueSpecification\",\"valueRequired\":true,\"valueName\":\"search_term_string\"}}],\"inLanguage\":\"fr-FR\"},{\"@type\":\"Organization\",\"@id\":\"https:\\\/\\\/www.webdo.tn\\\/fr\\\/#organization\",\"name\":\"Webdo\",\"alternateName\":\"Webdo.tn\",\"url\":\"https:\\\/\\\/www.webdo.tn\\\/fr\\\/\",\"logo\":{\"@type\":\"ImageObject\",\"inLanguage\":\"fr-FR\",\"@id\":\"https:\\\/\\\/www.webdo.tn\\\/fr\\\/#\\\/schema\\\/logo\\\/image\\\/\",\"url\":\"https:\\\/\\\/www.webdo.tn\\\/fr\\\/wp-content\\\/uploads\\\/2025\\\/06\\\/Webdo-Tunisie_168377.jpg\",\"contentUrl\":\"https:\\\/\\\/www.webdo.tn\\\/fr\\\/wp-content\\\/uploads\\\/2025\\\/06\\\/Webdo-Tunisie_168377.jpg\",\"width\":301,\"height\":301,\"caption\":\"Webdo\"},\"image\":{\"@id\":\"https:\\\/\\\/www.webdo.tn\\\/fr\\\/#\\\/schema\\\/logo\\\/image\\\/\"},\"sameAs\":[\"https:\\\/\\\/www.facebook.com\\\/webdotn\",\"https:\\\/\\\/x.com\\\/webdo_tn\"],\"description\":\"Webdo est un m\u00e9dia num\u00e9rique tunisien fond\u00e9 en 2010, sp\u00e9cialis\u00e9 dans l\u2019actualit\u00e9 nationale et internationale, l\u2019\u00e9conomie, la soci\u00e9t\u00e9 et les analyses politiques. Le site s\u2019adresse \u00e0 un large public francophone et couvre l\u2019information tunisienne en temps r\u00e9el.\",\"email\":\"redac@webdo.tn\",\"legalName\":\"YNJ SARL\",\"foundingDate\":\"2010-09-06\",\"numberOfEmployees\":{\"@type\":\"QuantitativeValue\",\"minValue\":\"11\",\"maxValue\":\"50\"}},{\"@type\":\"Person\",\"@id\":\"https:\\\/\\\/www.webdo.tn\\\/fr\\\/#\\\/schema\\\/person\\\/2c4929cbf5a809e3bd38617c6ce150f6\",\"name\":\"MC\",\"image\":{\"@type\":\"ImageObject\",\"inLanguage\":\"fr-FR\",\"@id\":\"https:\\\/\\\/secure.gravatar.com\\\/avatar\\\/a545bbb6f84efdd5553dbbc2895e3ca8f1d12c5215e00a041c9670b54aa9b18a?s=96&d=mm&r=g\",\"url\":\"https:\\\/\\\/secure.gravatar.com\\\/avatar\\\/a545bbb6f84efdd5553dbbc2895e3ca8f1d12c5215e00a041c9670b54aa9b18a?s=96&d=mm&r=g\",\"contentUrl\":\"https:\\\/\\\/secure.gravatar.com\\\/avatar\\\/a545bbb6f84efdd5553dbbc2895e3ca8f1d12c5215e00a041c9670b54aa9b18a?s=96&d=mm&r=g\",\"caption\":\"MC\"},\"url\":\"https:\\\/\\\/www.webdo.tn\\\/fr\\\/actualite\\\/author\\\/mc\\\/\"}]}<\/script>\n<!-- \/ Yoast SEO Premium plugin. -->","yoast_head_json":{"title":"Le Front de salut national appelle \u00e0 manifester le 5 mars","description":"Le Front de salut national a d\u00e9nonc\u00e9 les conditions humiliantes de d\u00e9tention des personnes arr\u00eat\u00e9es","canonical":"https:\/\/www.webdo.tn\/fr\/actualite\/national\/le-front-de-salut-national-appelle-a-manifester-le-5-mars\/203298\/","og_locale":"fr_FR","og_type":"article","og_title":"Le Front de salut national appelle \u00e0 manifester le 5 mars","og_description":"Le Front de salut national a d\u00e9nonc\u00e9 les conditions humiliantes de d\u00e9tention des personnes arr\u00eat\u00e9es","og_url":"https:\/\/www.webdo.tn\/fr\/actualite\/national\/le-front-de-salut-national-appelle-a-manifester-le-5-mars\/203298\/","og_site_name":"webdo","article_publisher":"https:\/\/www.facebook.com\/webdotn","article_published_time":"2023-02-24T14:20:00+00:00","article_modified_time":"2025-05-20T22:07:43+00:00","og_image":[{"width":675,"height":360,"url":"https:\/\/www.webdo.tn\/fr\/wp-content\/uploads\/2023\/02\/654f8105a3cbccd414de0cd40a93d314.jpg","type":"image\/jpeg"}],"author":"MC","twitter_card":"summary_large_image","twitter_creator":"@webdo_tn","twitter_site":"@webdo_tn","twitter_misc":{"\u00c9crit par":"MC","Dur\u00e9e de lecture estim\u00e9e":"1 minute"},"schema":{"@context":"https:\/\/schema.org","@graph":[{"@type":"NewsArticle","@id":"https:\/\/www.webdo.tn\/fr\/actualite\/national\/le-front-de-salut-national-appelle-a-manifester-le-5-mars\/203298\/#article","isPartOf":{"@id":"https:\/\/www.webdo.tn\/fr\/actualite\/national\/le-front-de-salut-national-appelle-a-manifester-le-5-mars\/203298\/"},"author":{"name":"MC","@id":"https:\/\/www.webdo.tn\/fr\/#\/schema\/person\/2c4929cbf5a809e3bd38617c6ce150f6"},"headline":"Le Front de salut national appelle \u00e0 manifester le 5 mars","datePublished":"2023-02-24T14:20:00+00:00","dateModified":"2025-05-20T22:07:43+00:00","mainEntityOfPage":{"@id":"https:\/\/www.webdo.tn\/fr\/actualite\/national\/le-front-de-salut-national-appelle-a-manifester-le-5-mars\/203298\/"},"wordCount":244,"commentCount":0,"publisher":{"@id":"https:\/\/www.webdo.tn\/fr\/#organization"},"image":{"@id":"https:\/\/www.webdo.tn\/fr\/actualite\/national\/le-front-de-salut-national-appelle-a-manifester-le-5-mars\/203298\/#primaryimage"},"thumbnailUrl":"https:\/\/www.webdo.tn\/fr\/wp-content\/uploads\/2023\/02\/654f8105a3cbccd414de0cd40a93d314.jpg","keywords":["arrestations","d\u00e9tention","Front de Salut national","Manifestation"],"articleSection":["National"],"inLanguage":"fr-FR"},{"@type":"WebPage","@id":"https:\/\/www.webdo.tn\/fr\/actualite\/national\/le-front-de-salut-national-appelle-a-manifester-le-5-mars\/203298\/","url":"https:\/\/www.webdo.tn\/fr\/actualite\/national\/le-front-de-salut-national-appelle-a-manifester-le-5-mars\/203298\/","name":"Le Front de salut national appelle \u00e0 manifester le 5 mars","isPartOf":{"@id":"https:\/\/www.webdo.tn\/fr\/#website"},"primaryImageOfPage":{"@id":"https:\/\/www.webdo.tn\/fr\/actualite\/national\/le-front-de-salut-national-appelle-a-manifester-le-5-mars\/203298\/#primaryimage"},"image":{"@id":"https:\/\/www.webdo.tn\/fr\/actualite\/national\/le-front-de-salut-national-appelle-a-manifester-le-5-mars\/203298\/#primaryimage"},"thumbnailUrl":"https:\/\/www.webdo.tn\/fr\/wp-content\/uploads\/2023\/02\/654f8105a3cbccd414de0cd40a93d314.jpg","datePublished":"2023-02-24T14:20:00+00:00","dateModified":"2025-05-20T22:07:43+00:00","description":"Le Front de salut national a d\u00e9nonc\u00e9 les conditions humiliantes de d\u00e9tention des personnes arr\u00eat\u00e9es","breadcrumb":{"@id":"https:\/\/www.webdo.tn\/fr\/actualite\/national\/le-front-de-salut-national-appelle-a-manifester-le-5-mars\/203298\/#breadcrumb"},"inLanguage":"fr-FR","potentialAction":[{"@type":"ReadAction","target":["https:\/\/www.webdo.tn\/fr\/actualite\/national\/le-front-de-salut-national-appelle-a-manifester-le-5-mars\/203298\/"]}]},{"@type":"ImageObject","inLanguage":"fr-FR","@id":"https:\/\/www.webdo.tn\/fr\/actualite\/national\/le-front-de-salut-national-appelle-a-manifester-le-5-mars\/203298\/#primaryimage","url":"https:\/\/www.webdo.tn\/fr\/wp-content\/uploads\/2023\/02\/654f8105a3cbccd414de0cd40a93d314.jpg","contentUrl":"https:\/\/www.webdo.tn\/fr\/wp-content\/uploads\/2023\/02\/654f8105a3cbccd414de0cd40a93d314.jpg","width":675,"height":360,"caption":"Le Front de salut national appelle \u00e0 manifester le 5 mars"},{"@type":"BreadcrumbList","@id":"https:\/\/www.webdo.tn\/fr\/actualite\/national\/le-front-de-salut-national-appelle-a-manifester-le-5-mars\/203298\/#breadcrumb","itemListElement":[{"@type":"ListItem","position":1,"name":"Accueil","item":"https:\/\/www.webdo.tn\/fr\/"},{"@type":"ListItem","position":2,"name":"Le Front de salut national appelle \u00e0 manifester le 5 mars"}]},{"@type":"WebSite","@id":"https:\/\/www.webdo.tn\/fr\/#website","url":"https:\/\/www.webdo.tn\/fr\/","name":"webdo","description":"Tunisie - News en Tunisie et \u00e0 l&#039;international sur Webdo.tn","publisher":{"@id":"https:\/\/www.webdo.tn\/fr\/#organization"},"potentialAction":[{"@type":"SearchAction","target":{"@type":"EntryPoint","urlTemplate":"https:\/\/www.webdo.tn\/fr\/?s={search_term_string}"},"query-input":{"@type":"PropertyValueSpecification","valueRequired":true,"valueName":"search_term_string"}}],"inLanguage":"fr-FR"},{"@type":"Organization","@id":"https:\/\/www.webdo.tn\/fr\/#organization","name":"Webdo","alternateName":"Webdo.tn","url":"https:\/\/www.webdo.tn\/fr\/","logo":{"@type":"ImageObject","inLanguage":"fr-FR","@id":"https:\/\/www.webdo.tn\/fr\/#\/schema\/logo\/image\/","url":"https:\/\/www.webdo.tn\/fr\/wp-content\/uploads\/2025\/06\/Webdo-Tunisie_168377.jpg","contentUrl":"https:\/\/www.webdo.tn\/fr\/wp-content\/uploads\/2025\/06\/Webdo-Tunisie_168377.jpg","width":301,"height":301,"caption":"Webdo"},"image":{"@id":"https:\/\/www.webdo.tn\/fr\/#\/schema\/logo\/image\/"},"sameAs":["https:\/\/www.facebook.com\/webdotn","https:\/\/x.com\/webdo_tn"],"description":"Webdo est un m\u00e9dia num\u00e9rique tunisien fond\u00e9 en 2010, sp\u00e9cialis\u00e9 dans l\u2019actualit\u00e9 nationale et internationale, l\u2019\u00e9conomie, la soci\u00e9t\u00e9 et les analyses politiques. Le site s\u2019adresse \u00e0 un large public francophone et couvre l\u2019information tunisienne en temps r\u00e9el.","email":"redac@webdo.tn","legalName":"YNJ SARL","foundingDate":"2010-09-06","numberOfEmployees":{"@type":"QuantitativeValue","minValue":"11","maxValue":"50"}},{"@type":"Person","@id":"https:\/\/www.webdo.tn\/fr\/#\/schema\/person\/2c4929cbf5a809e3bd38617c6ce150f6","name":"MC","image":{"@type":"ImageObject","inLanguage":"fr-FR","@id":"https:\/\/secure.gravatar.com\/avatar\/a545bbb6f84efdd5553dbbc2895e3ca8f1d12c5215e00a041c9670b54aa9b18a?s=96&d=mm&r=g","url":"https:\/\/secure.gravatar.com\/avatar\/a545bbb6f84efdd5553dbbc2895e3ca8f1d12c5215e00a041c9670b54aa9b18a?s=96&d=mm&r=g","contentUrl":"https:\/\/secure.gravatar.com\/avatar\/a545bbb6f84efdd5553dbbc2895e3ca8f1d12c5215e00a041c9670b54aa9b18a?s=96&d=mm&r=g","caption":"MC"},"url":"https:\/\/www.webdo.tn\/fr\/actualite\/author\/mc\/"}]}},"_links":{"self":[{"href":"https:\/\/www.webdo.tn\/fr\/wp-json\/wp\/v2\/posts\/203298","targetHints":{"allow":["GET"]}}],"collection":[{"href":"https:\/\/www.webdo.tn\/fr\/wp-json\/wp\/v2\/posts"}],"about":[{"href":"https:\/\/www.webdo.tn\/fr\/wp-json\/wp\/v2\/types\/post"}],"author":[{"embeddable":true,"href":"https:\/\/www.webdo.tn\/fr\/wp-json\/wp\/v2\/users\/3162"}],"replies":[{"embeddable":true,"href":"https:\/\/www.webdo.tn\/fr\/wp-json\/wp\/v2\/comments?post=203298"}],"version-history":[{"count":0,"href":"https:\/\/www.webdo.tn\/fr\/wp-json\/wp\/v2\/posts\/203298\/revisions"}],"wp:featuredmedia":[{"embeddable":true,"href":"https:\/\/www.webdo.tn\/fr\/wp-json\/wp\/v2\/media\/277792"}],"wp:attachment":[{"href":"https:\/\/www.webdo.tn\/fr\/wp-json\/wp\/v2\/media?parent=203298"}],"wp:term":[{"taxonomy":"category","embeddable":true,"href":"https:\/\/www.webdo.tn\/fr\/wp-json\/wp\/v2\/categories?post=203298"},{"taxonomy":"post_tag","embeddable":true,"href":"https:\/\/www.webdo.tn\/fr\/wp-json\/wp\/v2\/tags?post=203298"}],"curies":[{"name":"wp","href":"https:\/\/api.w.org\/{rel}","templated":true}]}}