{"id":203285,"date":"2023-02-24T08:55:00","date_gmt":"2023-02-24T08:55:00","guid":{"rendered":"https:\/\/www.webdo.tn\/fr\/blog\/lettre-ouverte-a-ceux-qui-se-croient-supsahariens\/203285\/"},"modified":"2023-02-24T08:55:00","modified_gmt":"2023-02-24T08:55:00","slug":"lettre-ouverte-a-ceux-qui-se-croient-supsahariens","status":"publish","type":"post","link":"https:\/\/www.webdo.tn\/fr\/actualite\/chroniques\/lettre-ouverte-a-ceux-qui-se-croient-supsahariens\/203285\/","title":{"rendered":"Lettre ouverte \u00e0 ceux qui se croient supsahariens"},"content":{"rendered":"<p>Comme par l&rsquo;effet d&rsquo;une baguette magique, la campagne haineuse ciblant les Africains de l&rsquo;ouest a cess\u00e9 ses \u00e9ructations racistes.<\/p>\n<p>\t\t\t\t\t\t\t\t\tCe coup d&rsquo;arr\u00eat induit bel et bien qu&rsquo;il s&rsquo;agissait d&rsquo;une op\u00e9ration d\u00fbment orchestr\u00e9e par des marionnettistes clairement identifiables et se revendiquant x\u00e9nophobes.<\/p>\n<p>Ces racistes primaires se d\u00e9finissent comme des nationalistes arabes et poussent les petites gens \u00e0 la haine et au ressentiment. Ces supsahariens se croient sup\u00e9rieurs et surfent sur l&rsquo;ignorance de ceux qu&rsquo;ils manipulent.<\/p>\n<p>Pour eux, je cr\u00e9e ce terme \u00ab\u00a0supsaharien\u00a0\u00bb pour d\u00e9signer leur sup\u00e9riorit\u00e9 fantasm\u00e9e et leur rappeler quelques \u00e9vidences g\u00e9ographiques.<\/p>\n<p>D&rsquo;abord, \u00eatre \u00ab\u00a0sub\u00a0\u00bb ou \u00ab\u00a0sup\u00a0\u00bb ne concerne que certaines fronti\u00e8res naturelles. Le Sahara n&rsquo;est pas le Rio Grande et la Tunisie n&rsquo;est pas le Texas.<\/p>\n<p>Ensuite, le mot \u00ab\u00a0subsaharien\u00a0\u00bb est plut\u00f4t malais\u00e9 car de toute fa\u00e7on, il d\u00e9signe plut\u00f4t des Africains de l&rsquo;ouest. Nous sommes des Africains du nord comme d&rsquo;autres sont de l&rsquo;est, du centre ou du sud.<\/p>\n<p>Enfin, les Tunisiens aimeraient-ils \u00eatre qualifi\u00e9s de subm\u00e9diterran\u00e9ens ? J&rsquo;en doute fort car ce terme que je viens de fabriquer induit une p\u00e9joration. Ici, le pr\u00e9fixe \u00ab\u00a0sub\u00a0\u00bb n&rsquo;est pas que g\u00e9ographique et on le ressent instinctivement.<\/p>\n<p>De l\u00e0 \u00e0 qualifier nos voisins du nord de supm\u00e9diterran\u00e9ens, il n&rsquo;y a qu&rsquo;un pas que certains franchiraient all\u00e8grement.<\/p>\n<p>Ne l&rsquo;oublions jamais : c&rsquo;est le nom antique de la Tunisie qui d\u00e9signe toute l&rsquo;Afrique. Les Romains avaient latinis\u00e9 le toponyme \u00ab\u00a0Frigua\u00a0\u00bb qui d\u00e9signe encore le nord du pays. Cela donna Africa que les Arabes adapteront en Ifriqiya. La suite est connue puisque le terme d\u00e9signera l&rsquo;ensemble du continent.<\/p>\n<p>Que les lointains petits-enfants de Frigua se vautrent dans le racisme est aberrant et immoral. Honte \u00e0 ceux qui manipulent les foules et les individus pour faire le lit de la haine au nom d&rsquo;identit\u00e9s assign\u00e9es \u00e0 chacun.<\/p>\n<p>Il est temps de panser nos blessures et demander pardon \u00e0 la communaut\u00e9 africaine injustement stigmatis\u00e9e par une autre communaut\u00e9 africaine odieusement instrumentalis\u00e9e.<\/p>\n<p>La Tunisie devrait \u00e9crire dans sa Constitution qu&rsquo;elle n&rsquo;est pas un \u00c9tat raciste et ancrer ses valeurs morales dans l&rsquo;humanit\u00e9 enti\u00e8re. La Tunisie devrait lourdement p\u00e9naliser tout discours raciste et faire en sorte que l&rsquo;arsenal juridique en la mati\u00e8re ne reste pas lettre morte.<\/p>\n<p>Enfin, s&rsquo;il existe v\u00e9ritablement, ce parti nationaliste arabe qui exhorte les gens cr\u00e9dules \u00e0 des comportements haineux doit \u00eatre imm\u00e9diatement poursuivi et dissous.<\/p>\n<p>Ce qui s&rsquo;est pass\u00e9 ces derniers jours est d&rsquo;une gravit\u00e9 in\u00e9dite avec des relents de pogroms et de haine de toute alt\u00e9rit\u00e9. Il nous incombe de nous d\u00e9marquer collectivement de ces d\u00e9lires racistes et, je le r\u00e9p\u00e8te, demander pardon aux Africains de l&rsquo;ouest qui ont choisi de vivre en Tunisie.<\/p>\n<p>La question de l&rsquo;immigration ill\u00e9gale est une tout autre affaire que celle du devoir d&rsquo;hospitalit\u00e9. Ne l&rsquo;oublions pas : \u00e0 moins de vivre dans le grand nord, on sera toujours le \u00ab\u00a0sub\u00a0\u00bb de quelqu&rsquo;un d&rsquo;autre.<\/p>\n<p>Alors que les \u00ab\u00a0sup\u00a0\u00bb de l&rsquo;illusion et de la haine se taisent et se souviennent que la Tunisie est un berceau du vivre-ensemble aujourd&rsquo;hui malmen\u00e9 au nom d&rsquo;id\u00e9ologies trompeuses.<\/p>\n","protected":false},"excerpt":{"rendered":"<p>Il est temps de panser nos blessures et demander pardon \u00e0 la communaut\u00e9 africaine injustement stigmatis\u00e9e<\/p>\n","protected":false},"author":3229,"featured_media":251900,"comment_status":"open","ping_status":"closed","sticky":false,"template":"","format":"standard","meta":{"footnotes":""},"categories":[2596],"tags":[3632,8242,3377,2608],"class_list":["post-203285","post","type-post","status-publish","format-standard","has-post-thumbnail","hentry","category-chroniques","tag-immigration","tag-racisme","tag-subsahariens","tag-tunisie"],"yoast_head":"<!-- This site is optimized with the Yoast SEO Premium plugin v27.4 (Yoast SEO v27.4) - https:\/\/yoast.com\/product\/yoast-seo-premium-wordpress\/ -->\n<title>Lettre ouverte \u00e0 ceux qui se croient supsahariens<\/title>\n<meta name=\"description\" content=\"Il est temps de panser nos blessures et demander pardon \u00e0 la communaut\u00e9 africaine injustement stigmatis\u00e9e\" \/>\n<link rel=\"canonical\" href=\"https:\/\/www.webdo.tn\/fr\/actualite\/chroniques\/lettre-ouverte-a-ceux-qui-se-croient-supsahariens\/203285\/\" \/>\n<meta property=\"og:locale\" content=\"fr_FR\" \/>\n<meta property=\"og:type\" content=\"article\" \/>\n<meta property=\"og:title\" content=\"Lettre ouverte \u00e0 ceux qui se croient supsahariens\" \/>\n<meta property=\"og:description\" content=\"Il est temps de panser nos blessures et demander pardon \u00e0 la communaut\u00e9 africaine injustement stigmatis\u00e9e\" \/>\n<meta property=\"og:url\" content=\"https:\/\/www.webdo.tn\/fr\/actualite\/chroniques\/lettre-ouverte-a-ceux-qui-se-croient-supsahariens\/203285\/\" \/>\n<meta property=\"og:site_name\" content=\"webdo\" \/>\n<meta property=\"article:publisher\" content=\"https:\/\/www.facebook.com\/webdotn\" \/>\n<meta property=\"article:author\" content=\"https:\/\/www.facebook.com\/hatem.bourial.2025\" \/>\n<meta property=\"article:published_time\" content=\"2023-02-24T08:55:00+00:00\" \/>\n<meta property=\"og:image\" content=\"https:\/\/www.webdo.tn\/fr\/wp-content\/uploads\/2023\/02\/eb0ac2cdf8c9502926b2b26b80a77daa.jpg\" \/>\n\t<meta property=\"og:image:width\" content=\"750\" \/>\n\t<meta property=\"og:image:height\" content=\"400\" \/>\n\t<meta property=\"og:image:type\" content=\"image\/jpeg\" \/>\n<meta name=\"author\" content=\"Hatem Bourial\" \/>\n<meta name=\"twitter:card\" content=\"summary_large_image\" \/>\n<meta name=\"twitter:creator\" content=\"@webdo_tn\" \/>\n<meta name=\"twitter:site\" content=\"@webdo_tn\" \/>\n<meta name=\"twitter:label1\" content=\"\u00c9crit par\" \/>\n\t<meta name=\"twitter:data1\" content=\"Hatem Bourial\" \/>\n\t<meta name=\"twitter:label2\" content=\"Dur\u00e9e de lecture estim\u00e9e\" \/>\n\t<meta name=\"twitter:data2\" content=\"3 minutes\" \/>\n<script type=\"application\/ld+json\" class=\"yoast-schema-graph\">{\"@context\":\"https:\\\/\\\/schema.org\",\"@graph\":[{\"@type\":\"NewsArticle\",\"@id\":\"https:\\\/\\\/www.webdo.tn\\\/fr\\\/actualite\\\/chroniques\\\/lettre-ouverte-a-ceux-qui-se-croient-supsahariens\\\/203285\\\/#article\",\"isPartOf\":{\"@id\":\"https:\\\/\\\/www.webdo.tn\\\/fr\\\/actualite\\\/chroniques\\\/lettre-ouverte-a-ceux-qui-se-croient-supsahariens\\\/203285\\\/\"},\"author\":{\"name\":\"Hatem Bourial\",\"@id\":\"https:\\\/\\\/www.webdo.tn\\\/fr\\\/#\\\/schema\\\/person\\\/6bc0beba2cd23aec27cb5df85ca2554f\"},\"headline\":\"Lettre ouverte \u00e0 ceux qui se croient supsahariens\",\"datePublished\":\"2023-02-24T08:55:00+00:00\",\"mainEntityOfPage\":{\"@id\":\"https:\\\/\\\/www.webdo.tn\\\/fr\\\/actualite\\\/chroniques\\\/lettre-ouverte-a-ceux-qui-se-croient-supsahariens\\\/203285\\\/\"},\"wordCount\":581,\"commentCount\":0,\"publisher\":{\"@id\":\"https:\\\/\\\/www.webdo.tn\\\/fr\\\/#organization\"},\"image\":{\"@id\":\"https:\\\/\\\/www.webdo.tn\\\/fr\\\/actualite\\\/chroniques\\\/lettre-ouverte-a-ceux-qui-se-croient-supsahariens\\\/203285\\\/#primaryimage\"},\"thumbnailUrl\":\"https:\\\/\\\/www.webdo.tn\\\/fr\\\/wp-content\\\/uploads\\\/2023\\\/02\\\/eb0ac2cdf8c9502926b2b26b80a77daa.jpg\",\"keywords\":[\"immigration\",\"racisme\",\"Subsahariens\",\"Tunisie\"],\"articleSection\":[\"Chroniques\"],\"inLanguage\":\"fr-FR\"},{\"@type\":\"WebPage\",\"@id\":\"https:\\\/\\\/www.webdo.tn\\\/fr\\\/actualite\\\/chroniques\\\/lettre-ouverte-a-ceux-qui-se-croient-supsahariens\\\/203285\\\/\",\"url\":\"https:\\\/\\\/www.webdo.tn\\\/fr\\\/actualite\\\/chroniques\\\/lettre-ouverte-a-ceux-qui-se-croient-supsahariens\\\/203285\\\/\",\"name\":\"Lettre ouverte \u00e0 ceux qui se croient supsahariens\",\"isPartOf\":{\"@id\":\"https:\\\/\\\/www.webdo.tn\\\/fr\\\/#website\"},\"primaryImageOfPage\":{\"@id\":\"https:\\\/\\\/www.webdo.tn\\\/fr\\\/actualite\\\/chroniques\\\/lettre-ouverte-a-ceux-qui-se-croient-supsahariens\\\/203285\\\/#primaryimage\"},\"image\":{\"@id\":\"https:\\\/\\\/www.webdo.tn\\\/fr\\\/actualite\\\/chroniques\\\/lettre-ouverte-a-ceux-qui-se-croient-supsahariens\\\/203285\\\/#primaryimage\"},\"thumbnailUrl\":\"https:\\\/\\\/www.webdo.tn\\\/fr\\\/wp-content\\\/uploads\\\/2023\\\/02\\\/eb0ac2cdf8c9502926b2b26b80a77daa.jpg\",\"datePublished\":\"2023-02-24T08:55:00+00:00\",\"description\":\"Il est temps de panser nos blessures et demander pardon \u00e0 la communaut\u00e9 africaine injustement stigmatis\u00e9e\",\"breadcrumb\":{\"@id\":\"https:\\\/\\\/www.webdo.tn\\\/fr\\\/actualite\\\/chroniques\\\/lettre-ouverte-a-ceux-qui-se-croient-supsahariens\\\/203285\\\/#breadcrumb\"},\"inLanguage\":\"fr-FR\",\"potentialAction\":[{\"@type\":\"ReadAction\",\"target\":[\"https:\\\/\\\/www.webdo.tn\\\/fr\\\/actualite\\\/chroniques\\\/lettre-ouverte-a-ceux-qui-se-croient-supsahariens\\\/203285\\\/\"]}]},{\"@type\":\"ImageObject\",\"inLanguage\":\"fr-FR\",\"@id\":\"https:\\\/\\\/www.webdo.tn\\\/fr\\\/actualite\\\/chroniques\\\/lettre-ouverte-a-ceux-qui-se-croient-supsahariens\\\/203285\\\/#primaryimage\",\"url\":\"https:\\\/\\\/www.webdo.tn\\\/fr\\\/wp-content\\\/uploads\\\/2023\\\/02\\\/eb0ac2cdf8c9502926b2b26b80a77daa.jpg\",\"contentUrl\":\"https:\\\/\\\/www.webdo.tn\\\/fr\\\/wp-content\\\/uploads\\\/2023\\\/02\\\/eb0ac2cdf8c9502926b2b26b80a77daa.jpg\",\"width\":750,\"height\":400,\"caption\":\"Lettre ouverte \u00e0 ceux qui se croient supsahariens\"},{\"@type\":\"BreadcrumbList\",\"@id\":\"https:\\\/\\\/www.webdo.tn\\\/fr\\\/actualite\\\/chroniques\\\/lettre-ouverte-a-ceux-qui-se-croient-supsahariens\\\/203285\\\/#breadcrumb\",\"itemListElement\":[{\"@type\":\"ListItem\",\"position\":1,\"name\":\"Accueil\",\"item\":\"https:\\\/\\\/www.webdo.tn\\\/fr\\\/\"},{\"@type\":\"ListItem\",\"position\":2,\"name\":\"Lettre ouverte \u00e0 ceux qui se croient supsahariens\"}]},{\"@type\":\"WebSite\",\"@id\":\"https:\\\/\\\/www.webdo.tn\\\/fr\\\/#website\",\"url\":\"https:\\\/\\\/www.webdo.tn\\\/fr\\\/\",\"name\":\"webdo\",\"description\":\"Tunisie - News en Tunisie et \u00e0 l&#039;international sur Webdo.tn\",\"publisher\":{\"@id\":\"https:\\\/\\\/www.webdo.tn\\\/fr\\\/#organization\"},\"potentialAction\":[{\"@type\":\"SearchAction\",\"target\":{\"@type\":\"EntryPoint\",\"urlTemplate\":\"https:\\\/\\\/www.webdo.tn\\\/fr\\\/?s={search_term_string}\"},\"query-input\":{\"@type\":\"PropertyValueSpecification\",\"valueRequired\":true,\"valueName\":\"search_term_string\"}}],\"inLanguage\":\"fr-FR\"},{\"@type\":\"Organization\",\"@id\":\"https:\\\/\\\/www.webdo.tn\\\/fr\\\/#organization\",\"name\":\"Webdo\",\"alternateName\":\"Webdo.tn\",\"url\":\"https:\\\/\\\/www.webdo.tn\\\/fr\\\/\",\"logo\":{\"@type\":\"ImageObject\",\"inLanguage\":\"fr-FR\",\"@id\":\"https:\\\/\\\/www.webdo.tn\\\/fr\\\/#\\\/schema\\\/logo\\\/image\\\/\",\"url\":\"https:\\\/\\\/www.webdo.tn\\\/fr\\\/wp-content\\\/uploads\\\/2025\\\/06\\\/Webdo-Tunisie_168377.jpg\",\"contentUrl\":\"https:\\\/\\\/www.webdo.tn\\\/fr\\\/wp-content\\\/uploads\\\/2025\\\/06\\\/Webdo-Tunisie_168377.jpg\",\"width\":301,\"height\":301,\"caption\":\"Webdo\"},\"image\":{\"@id\":\"https:\\\/\\\/www.webdo.tn\\\/fr\\\/#\\\/schema\\\/logo\\\/image\\\/\"},\"sameAs\":[\"https:\\\/\\\/www.facebook.com\\\/webdotn\",\"https:\\\/\\\/x.com\\\/webdo_tn\"],\"description\":\"Webdo est un m\u00e9dia num\u00e9rique tunisien fond\u00e9 en 2010, sp\u00e9cialis\u00e9 dans l\u2019actualit\u00e9 nationale et internationale, l\u2019\u00e9conomie, la soci\u00e9t\u00e9 et les analyses politiques. Le site s\u2019adresse \u00e0 un large public francophone et couvre l\u2019information tunisienne en temps r\u00e9el.\",\"email\":\"redac@webdo.tn\",\"legalName\":\"YNJ SARL\",\"foundingDate\":\"2010-09-06\",\"numberOfEmployees\":{\"@type\":\"QuantitativeValue\",\"minValue\":\"11\",\"maxValue\":\"50\"}},{\"@type\":\"Person\",\"@id\":\"https:\\\/\\\/www.webdo.tn\\\/fr\\\/#\\\/schema\\\/person\\\/6bc0beba2cd23aec27cb5df85ca2554f\",\"name\":\"Hatem Bourial\",\"image\":{\"@type\":\"ImageObject\",\"inLanguage\":\"fr-FR\",\"@id\":\"https:\\\/\\\/www.webdo.tn\\\/fr\\\/wp-content\\\/uploads\\\/2026\\\/04\\\/hatem-bourial_avatar-96x96.jpg\",\"url\":\"https:\\\/\\\/www.webdo.tn\\\/fr\\\/wp-content\\\/uploads\\\/2026\\\/04\\\/hatem-bourial_avatar-96x96.jpg\",\"contentUrl\":\"https:\\\/\\\/www.webdo.tn\\\/fr\\\/wp-content\\\/uploads\\\/2026\\\/04\\\/hatem-bourial_avatar-96x96.jpg\",\"caption\":\"Hatem Bourial\"},\"description\":\"Hatem Bourial est journaliste, \u00e9crivain et chroniqueur tunisien. Actif depuis plusieurs d\u00e9cennies, il s\u2019est impos\u00e9 comme un observateur attentif de la soci\u00e9t\u00e9 tunisienne, m\u00ealant dans ses \u00e9crits m\u00e9moire, culture et analyse du quotidien. Auteur de nombreux ouvrages, il d\u00e9veloppe une \u0153uvre \u00e0 la crois\u00e9e du r\u00e9cit, de la po\u00e9sie et de l\u2019observation sociologique. Parall\u00e8lement \u00e0 ses contributions dans la presse, il intervient r\u00e9guli\u00e8rement \u00e0 la radio et dans des espaces culturels, o\u00f9 il explore les enjeux li\u00e9s au patrimoine, \u00e0 l\u2019identit\u00e9 et aux transformations du monde contemporain. \u00c0 travers ses chroniques, Hatem Bourial propose une lecture sensible et approfondie de l\u2019actualit\u00e9, nourrie par une exp\u00e9rience journalistique et litt\u00e9raire reconnue. \ud83d\udd17 Facebook : https:\\\/\\\/www.facebook.com\\\/hatem.bourial.2025\",\"sameAs\":[\"https:\\\/\\\/www.facebook.com\\\/hatem.bourial.2025\",\"https:\\\/\\\/fr.wikipedia.org\\\/wiki\\\/Fichier:Hatem_Bourial.jpg\"],\"knowsAbout\":[\"Culture & patrimoine tunisien\",\"Chronique soci\u00e9tale\",\"Litt\u00e9rature & m\u00e9moire\",\"Cin\u00e9ma & critique culturelle\",\"Identit\u00e9 & mutations sociales\"],\"knowsLanguage\":[\"Arabe\",\"Fran\u00e7ais\",\"Anglais\",\"Italien\",\"Polonais\"],\"jobTitle\":\"Journaliste, \u00e9crivain et chroniqueur culturel\",\"worksFor\":\"Webdo\",\"url\":\"https:\\\/\\\/www.webdo.tn\\\/fr\\\/actualite\\\/author\\\/hatem-bourial-2\\\/\"}]}<\/script>\n<!-- \/ Yoast SEO Premium plugin. -->","yoast_head_json":{"title":"Lettre ouverte \u00e0 ceux qui se croient supsahariens","description":"Il est temps de panser nos blessures et demander pardon \u00e0 la communaut\u00e9 africaine injustement stigmatis\u00e9e","canonical":"https:\/\/www.webdo.tn\/fr\/actualite\/chroniques\/lettre-ouverte-a-ceux-qui-se-croient-supsahariens\/203285\/","og_locale":"fr_FR","og_type":"article","og_title":"Lettre ouverte \u00e0 ceux qui se croient supsahariens","og_description":"Il est temps de panser nos blessures et demander pardon \u00e0 la communaut\u00e9 africaine injustement stigmatis\u00e9e","og_url":"https:\/\/www.webdo.tn\/fr\/actualite\/chroniques\/lettre-ouverte-a-ceux-qui-se-croient-supsahariens\/203285\/","og_site_name":"webdo","article_publisher":"https:\/\/www.facebook.com\/webdotn","article_author":"https:\/\/www.facebook.com\/hatem.bourial.2025","article_published_time":"2023-02-24T08:55:00+00:00","og_image":[{"width":750,"height":400,"url":"https:\/\/www.webdo.tn\/fr\/wp-content\/uploads\/2023\/02\/eb0ac2cdf8c9502926b2b26b80a77daa.jpg","type":"image\/jpeg"}],"author":"Hatem Bourial","twitter_card":"summary_large_image","twitter_creator":"@webdo_tn","twitter_site":"@webdo_tn","twitter_misc":{"\u00c9crit par":"Hatem Bourial","Dur\u00e9e de lecture estim\u00e9e":"3 minutes"},"schema":{"@context":"https:\/\/schema.org","@graph":[{"@type":"NewsArticle","@id":"https:\/\/www.webdo.tn\/fr\/actualite\/chroniques\/lettre-ouverte-a-ceux-qui-se-croient-supsahariens\/203285\/#article","isPartOf":{"@id":"https:\/\/www.webdo.tn\/fr\/actualite\/chroniques\/lettre-ouverte-a-ceux-qui-se-croient-supsahariens\/203285\/"},"author":{"name":"Hatem Bourial","@id":"https:\/\/www.webdo.tn\/fr\/#\/schema\/person\/6bc0beba2cd23aec27cb5df85ca2554f"},"headline":"Lettre ouverte \u00e0 ceux qui se croient supsahariens","datePublished":"2023-02-24T08:55:00+00:00","mainEntityOfPage":{"@id":"https:\/\/www.webdo.tn\/fr\/actualite\/chroniques\/lettre-ouverte-a-ceux-qui-se-croient-supsahariens\/203285\/"},"wordCount":581,"commentCount":0,"publisher":{"@id":"https:\/\/www.webdo.tn\/fr\/#organization"},"image":{"@id":"https:\/\/www.webdo.tn\/fr\/actualite\/chroniques\/lettre-ouverte-a-ceux-qui-se-croient-supsahariens\/203285\/#primaryimage"},"thumbnailUrl":"https:\/\/www.webdo.tn\/fr\/wp-content\/uploads\/2023\/02\/eb0ac2cdf8c9502926b2b26b80a77daa.jpg","keywords":["immigration","racisme","Subsahariens","Tunisie"],"articleSection":["Chroniques"],"inLanguage":"fr-FR"},{"@type":"WebPage","@id":"https:\/\/www.webdo.tn\/fr\/actualite\/chroniques\/lettre-ouverte-a-ceux-qui-se-croient-supsahariens\/203285\/","url":"https:\/\/www.webdo.tn\/fr\/actualite\/chroniques\/lettre-ouverte-a-ceux-qui-se-croient-supsahariens\/203285\/","name":"Lettre ouverte \u00e0 ceux qui se croient supsahariens","isPartOf":{"@id":"https:\/\/www.webdo.tn\/fr\/#website"},"primaryImageOfPage":{"@id":"https:\/\/www.webdo.tn\/fr\/actualite\/chroniques\/lettre-ouverte-a-ceux-qui-se-croient-supsahariens\/203285\/#primaryimage"},"image":{"@id":"https:\/\/www.webdo.tn\/fr\/actualite\/chroniques\/lettre-ouverte-a-ceux-qui-se-croient-supsahariens\/203285\/#primaryimage"},"thumbnailUrl":"https:\/\/www.webdo.tn\/fr\/wp-content\/uploads\/2023\/02\/eb0ac2cdf8c9502926b2b26b80a77daa.jpg","datePublished":"2023-02-24T08:55:00+00:00","description":"Il est temps de panser nos blessures et demander pardon \u00e0 la communaut\u00e9 africaine injustement stigmatis\u00e9e","breadcrumb":{"@id":"https:\/\/www.webdo.tn\/fr\/actualite\/chroniques\/lettre-ouverte-a-ceux-qui-se-croient-supsahariens\/203285\/#breadcrumb"},"inLanguage":"fr-FR","potentialAction":[{"@type":"ReadAction","target":["https:\/\/www.webdo.tn\/fr\/actualite\/chroniques\/lettre-ouverte-a-ceux-qui-se-croient-supsahariens\/203285\/"]}]},{"@type":"ImageObject","inLanguage":"fr-FR","@id":"https:\/\/www.webdo.tn\/fr\/actualite\/chroniques\/lettre-ouverte-a-ceux-qui-se-croient-supsahariens\/203285\/#primaryimage","url":"https:\/\/www.webdo.tn\/fr\/wp-content\/uploads\/2023\/02\/eb0ac2cdf8c9502926b2b26b80a77daa.jpg","contentUrl":"https:\/\/www.webdo.tn\/fr\/wp-content\/uploads\/2023\/02\/eb0ac2cdf8c9502926b2b26b80a77daa.jpg","width":750,"height":400,"caption":"Lettre ouverte \u00e0 ceux qui se croient supsahariens"},{"@type":"BreadcrumbList","@id":"https:\/\/www.webdo.tn\/fr\/actualite\/chroniques\/lettre-ouverte-a-ceux-qui-se-croient-supsahariens\/203285\/#breadcrumb","itemListElement":[{"@type":"ListItem","position":1,"name":"Accueil","item":"https:\/\/www.webdo.tn\/fr\/"},{"@type":"ListItem","position":2,"name":"Lettre ouverte \u00e0 ceux qui se croient supsahariens"}]},{"@type":"WebSite","@id":"https:\/\/www.webdo.tn\/fr\/#website","url":"https:\/\/www.webdo.tn\/fr\/","name":"webdo","description":"Tunisie - News en Tunisie et \u00e0 l&#039;international sur Webdo.tn","publisher":{"@id":"https:\/\/www.webdo.tn\/fr\/#organization"},"potentialAction":[{"@type":"SearchAction","target":{"@type":"EntryPoint","urlTemplate":"https:\/\/www.webdo.tn\/fr\/?s={search_term_string}"},"query-input":{"@type":"PropertyValueSpecification","valueRequired":true,"valueName":"search_term_string"}}],"inLanguage":"fr-FR"},{"@type":"Organization","@id":"https:\/\/www.webdo.tn\/fr\/#organization","name":"Webdo","alternateName":"Webdo.tn","url":"https:\/\/www.webdo.tn\/fr\/","logo":{"@type":"ImageObject","inLanguage":"fr-FR","@id":"https:\/\/www.webdo.tn\/fr\/#\/schema\/logo\/image\/","url":"https:\/\/www.webdo.tn\/fr\/wp-content\/uploads\/2025\/06\/Webdo-Tunisie_168377.jpg","contentUrl":"https:\/\/www.webdo.tn\/fr\/wp-content\/uploads\/2025\/06\/Webdo-Tunisie_168377.jpg","width":301,"height":301,"caption":"Webdo"},"image":{"@id":"https:\/\/www.webdo.tn\/fr\/#\/schema\/logo\/image\/"},"sameAs":["https:\/\/www.facebook.com\/webdotn","https:\/\/x.com\/webdo_tn"],"description":"Webdo est un m\u00e9dia num\u00e9rique tunisien fond\u00e9 en 2010, sp\u00e9cialis\u00e9 dans l\u2019actualit\u00e9 nationale et internationale, l\u2019\u00e9conomie, la soci\u00e9t\u00e9 et les analyses politiques. Le site s\u2019adresse \u00e0 un large public francophone et couvre l\u2019information tunisienne en temps r\u00e9el.","email":"redac@webdo.tn","legalName":"YNJ SARL","foundingDate":"2010-09-06","numberOfEmployees":{"@type":"QuantitativeValue","minValue":"11","maxValue":"50"}},{"@type":"Person","@id":"https:\/\/www.webdo.tn\/fr\/#\/schema\/person\/6bc0beba2cd23aec27cb5df85ca2554f","name":"Hatem Bourial","image":{"@type":"ImageObject","inLanguage":"fr-FR","@id":"https:\/\/www.webdo.tn\/fr\/wp-content\/uploads\/2026\/04\/hatem-bourial_avatar-96x96.jpg","url":"https:\/\/www.webdo.tn\/fr\/wp-content\/uploads\/2026\/04\/hatem-bourial_avatar-96x96.jpg","contentUrl":"https:\/\/www.webdo.tn\/fr\/wp-content\/uploads\/2026\/04\/hatem-bourial_avatar-96x96.jpg","caption":"Hatem Bourial"},"description":"Hatem Bourial est journaliste, \u00e9crivain et chroniqueur tunisien. Actif depuis plusieurs d\u00e9cennies, il s\u2019est impos\u00e9 comme un observateur attentif de la soci\u00e9t\u00e9 tunisienne, m\u00ealant dans ses \u00e9crits m\u00e9moire, culture et analyse du quotidien. Auteur de nombreux ouvrages, il d\u00e9veloppe une \u0153uvre \u00e0 la crois\u00e9e du r\u00e9cit, de la po\u00e9sie et de l\u2019observation sociologique. Parall\u00e8lement \u00e0 ses contributions dans la presse, il intervient r\u00e9guli\u00e8rement \u00e0 la radio et dans des espaces culturels, o\u00f9 il explore les enjeux li\u00e9s au patrimoine, \u00e0 l\u2019identit\u00e9 et aux transformations du monde contemporain. \u00c0 travers ses chroniques, Hatem Bourial propose une lecture sensible et approfondie de l\u2019actualit\u00e9, nourrie par une exp\u00e9rience journalistique et litt\u00e9raire reconnue. \ud83d\udd17 Facebook : https:\/\/www.facebook.com\/hatem.bourial.2025","sameAs":["https:\/\/www.facebook.com\/hatem.bourial.2025","https:\/\/fr.wikipedia.org\/wiki\/Fichier:Hatem_Bourial.jpg"],"knowsAbout":["Culture & patrimoine tunisien","Chronique soci\u00e9tale","Litt\u00e9rature & m\u00e9moire","Cin\u00e9ma & critique culturelle","Identit\u00e9 & mutations sociales"],"knowsLanguage":["Arabe","Fran\u00e7ais","Anglais","Italien","Polonais"],"jobTitle":"Journaliste, \u00e9crivain et chroniqueur culturel","worksFor":"Webdo","url":"https:\/\/www.webdo.tn\/fr\/actualite\/author\/hatem-bourial-2\/"}]}},"_links":{"self":[{"href":"https:\/\/www.webdo.tn\/fr\/wp-json\/wp\/v2\/posts\/203285","targetHints":{"allow":["GET"]}}],"collection":[{"href":"https:\/\/www.webdo.tn\/fr\/wp-json\/wp\/v2\/posts"}],"about":[{"href":"https:\/\/www.webdo.tn\/fr\/wp-json\/wp\/v2\/types\/post"}],"author":[{"embeddable":true,"href":"https:\/\/www.webdo.tn\/fr\/wp-json\/wp\/v2\/users\/3229"}],"replies":[{"embeddable":true,"href":"https:\/\/www.webdo.tn\/fr\/wp-json\/wp\/v2\/comments?post=203285"}],"version-history":[{"count":0,"href":"https:\/\/www.webdo.tn\/fr\/wp-json\/wp\/v2\/posts\/203285\/revisions"}],"wp:featuredmedia":[{"embeddable":true,"href":"https:\/\/www.webdo.tn\/fr\/wp-json\/wp\/v2\/media\/251900"}],"wp:attachment":[{"href":"https:\/\/www.webdo.tn\/fr\/wp-json\/wp\/v2\/media?parent=203285"}],"wp:term":[{"taxonomy":"category","embeddable":true,"href":"https:\/\/www.webdo.tn\/fr\/wp-json\/wp\/v2\/categories?post=203285"},{"taxonomy":"post_tag","embeddable":true,"href":"https:\/\/www.webdo.tn\/fr\/wp-json\/wp\/v2\/tags?post=203285"}],"curies":[{"name":"wp","href":"https:\/\/api.w.org\/{rel}","templated":true}]}}