{"id":203271,"date":"2023-02-23T19:16:00","date_gmt":"2023-02-23T19:16:00","guid":{"rendered":"https:\/\/www.webdo.tn\/fr\/blog\/kais-saied-met-en-garde-contre-toute-atteinte-aux-subsahariens\/203271\/"},"modified":"2025-05-20T22:45:17","modified_gmt":"2025-05-20T22:45:17","slug":"kais-saied-met-en-garde-contre-toute-atteinte-aux-subsahariens","status":"publish","type":"post","link":"https:\/\/www.webdo.tn\/fr\/actualite\/national\/kais-saied-met-en-garde-contre-toute-atteinte-aux-subsahariens\/203271\/","title":{"rendered":"Kais Saied met en garde contre toute atteinte aux Subsahariens"},"content":{"rendered":"<p>Recevant ce jeudi 23 f\u00e9vrier 2023, le ministre de l\u2019Int\u00e9rieur, le pr\u00e9sident de la R\u00e9publique a \u00e9voqu\u00e9 de nouveau l\u2019affaire des Subsahariens ill\u00e9galement install\u00e9s en Tunisie.<\/p>\n<p>\t\t\t\t\t\t\t\t\tDans un message de rassurance, Kais Saied a estim\u00e9 que la Tunisie est un pays ouvert et que les Subsahariens l\u00e9galement install\u00e9s en Tunisie \u00ab ne doivent craindre rien \u00bb.\u00a0<\/p>\n<p>Kais Saied a accus\u00e9 certaines parties d\u2019avoir instrumentalis\u00e9 ses propos et ses r\u00e9centes positions, affirmant en effet que le plan visant \u00e0 installer ces communaut\u00e9s en Tunisie est bien r\u00e9el.\u00a0<\/p>\n<p>\u00ab Cela n\u2019a aucun lien avec le racisme, c\u2019est simplement une question d\u2019application de la loi \u00bb, a-t-il dit mettant en garde contre toute atteinte aux Subsahariens.<\/p>\n<p>Le pr\u00e9sident de la R\u00e9publique, Kais Sa\u00efed, a pr\u00e9sid\u00e9\u00a0mardi 21 f\u00e9vrier 2023, une r\u00e9union du Conseil sup\u00e9rieur de la s\u00e9curit\u00e9 nationale qui a \u00e9t\u00e9 ax\u00e9 sur l&rsquo;immigration irr\u00e9guli\u00e8re des Subsahariens en Tunisie et les moyens de lutter contre ce ph\u00e9nom\u00e8ne.<\/p>\n<p>Kais Saied a jug\u00e9\u00a0que cette situation n\u2019est pas normale : \u00ab\u00a0il y a un dessein criminel pr\u00e9par\u00e9 depuis le d\u00e9but de ce si\u00e8cle pour changer la composition d\u00e9mographique de la Tunisie\u00a0\u00bb, a-t-il dit.<\/p>\n","protected":false},"excerpt":{"rendered":"<p>Recevant ce jeudi 23 f\u00e9vrier 2023, le ministre de l\u2019Int\u00e9rieur, le pr\u00e9sident de la R\u00e9publique a \u00e9voqu\u00e9 de nouveau l\u2019affaire des Subsahariens ill\u00e9galement install&#8230;<\/p>\n","protected":false},"author":3175,"featured_media":251896,"comment_status":"open","ping_status":"closed","sticky":false,"template":"","format":"standard","meta":{"footnotes":""},"categories":[44],"tags":[2614,3377,2608],"class_list":["post-203271","post","type-post","status-publish","format-standard","has-post-thumbnail","hentry","category-national","tag-kais-saied","tag-subsahariens","tag-tunisie"],"yoast_head":"<!-- This site is optimized with the Yoast SEO Premium plugin v27.4 (Yoast SEO v27.4) - https:\/\/yoast.com\/product\/yoast-seo-premium-wordpress\/ -->\n<title>Kais Saied met en garde contre toute atteinte aux Subsahariens<\/title>\n<meta name=\"description\" content=\"Recevant ce jeudi 23 f\u00e9vrier 2023, le ministre de l\u2019Int\u00e9rieur, le pr\u00e9sident de la R\u00e9publique a \u00e9voqu\u00e9 de nouveau l\u2019affaire des Subsahariens ill\u00e9galement install...\" \/>\n<link rel=\"canonical\" href=\"https:\/\/www.webdo.tn\/fr\/actualite\/national\/kais-saied-met-en-garde-contre-toute-atteinte-aux-subsahariens\/203271\/\" \/>\n<meta property=\"og:locale\" content=\"fr_FR\" \/>\n<meta property=\"og:type\" content=\"article\" \/>\n<meta property=\"og:title\" content=\"Kais Saied met en garde contre toute atteinte aux Subsahariens\" \/>\n<meta property=\"og:description\" content=\"Recevant ce jeudi 23 f\u00e9vrier 2023, le ministre de l\u2019Int\u00e9rieur, le pr\u00e9sident de la R\u00e9publique a \u00e9voqu\u00e9 de nouveau l\u2019affaire des Subsahariens ill\u00e9galement install...\" \/>\n<meta property=\"og:url\" content=\"https:\/\/www.webdo.tn\/fr\/actualite\/national\/kais-saied-met-en-garde-contre-toute-atteinte-aux-subsahariens\/203271\/\" \/>\n<meta property=\"og:site_name\" content=\"webdo\" \/>\n<meta property=\"article:publisher\" content=\"https:\/\/www.facebook.com\/webdotn\" \/>\n<meta property=\"article:published_time\" content=\"2023-02-23T19:16:00+00:00\" \/>\n<meta property=\"article:modified_time\" content=\"2025-05-20T22:45:17+00:00\" \/>\n<meta property=\"og:image\" content=\"https:\/\/www.webdo.tn\/fr\/wp-content\/uploads\/2023\/02\/e03a3eba28068036c20f3b357164e164.jpg\" \/>\n\t<meta property=\"og:image:width\" content=\"750\" \/>\n\t<meta property=\"og:image:height\" content=\"400\" \/>\n\t<meta property=\"og:image:type\" content=\"image\/jpeg\" \/>\n<meta name=\"author\" content=\"CL\" \/>\n<meta name=\"twitter:card\" content=\"summary_large_image\" \/>\n<meta name=\"twitter:creator\" content=\"@webdo_tn\" \/>\n<meta name=\"twitter:site\" content=\"@webdo_tn\" \/>\n<meta name=\"twitter:label1\" content=\"\u00c9crit par\" \/>\n\t<meta name=\"twitter:data1\" content=\"CL\" \/>\n\t<meta name=\"twitter:label2\" content=\"Dur\u00e9e de lecture estim\u00e9e\" \/>\n\t<meta name=\"twitter:data2\" content=\"1 minute\" \/>\n<script type=\"application\/ld+json\" class=\"yoast-schema-graph\">{\"@context\":\"https:\\\/\\\/schema.org\",\"@graph\":[{\"@type\":\"NewsArticle\",\"@id\":\"https:\\\/\\\/www.webdo.tn\\\/fr\\\/actualite\\\/national\\\/kais-saied-met-en-garde-contre-toute-atteinte-aux-subsahariens\\\/203271\\\/#article\",\"isPartOf\":{\"@id\":\"https:\\\/\\\/www.webdo.tn\\\/fr\\\/actualite\\\/national\\\/kais-saied-met-en-garde-contre-toute-atteinte-aux-subsahariens\\\/203271\\\/\"},\"author\":{\"name\":\"CL\",\"@id\":\"https:\\\/\\\/www.webdo.tn\\\/fr\\\/#\\\/schema\\\/person\\\/f35b42a42c5e2511bbd282959d6385cc\"},\"headline\":\"Kais Saied met en garde contre toute atteinte aux Subsahariens\",\"datePublished\":\"2023-02-23T19:16:00+00:00\",\"dateModified\":\"2025-05-20T22:45:17+00:00\",\"mainEntityOfPage\":{\"@id\":\"https:\\\/\\\/www.webdo.tn\\\/fr\\\/actualite\\\/national\\\/kais-saied-met-en-garde-contre-toute-atteinte-aux-subsahariens\\\/203271\\\/\"},\"wordCount\":223,\"commentCount\":0,\"publisher\":{\"@id\":\"https:\\\/\\\/www.webdo.tn\\\/fr\\\/#organization\"},\"image\":{\"@id\":\"https:\\\/\\\/www.webdo.tn\\\/fr\\\/actualite\\\/national\\\/kais-saied-met-en-garde-contre-toute-atteinte-aux-subsahariens\\\/203271\\\/#primaryimage\"},\"thumbnailUrl\":\"https:\\\/\\\/www.webdo.tn\\\/fr\\\/wp-content\\\/uploads\\\/2023\\\/02\\\/e03a3eba28068036c20f3b357164e164.jpg\",\"keywords\":[\"Kais Saied\",\"Subsahariens\",\"Tunisie\"],\"articleSection\":[\"National\"],\"inLanguage\":\"fr-FR\"},{\"@type\":\"WebPage\",\"@id\":\"https:\\\/\\\/www.webdo.tn\\\/fr\\\/actualite\\\/national\\\/kais-saied-met-en-garde-contre-toute-atteinte-aux-subsahariens\\\/203271\\\/\",\"url\":\"https:\\\/\\\/www.webdo.tn\\\/fr\\\/actualite\\\/national\\\/kais-saied-met-en-garde-contre-toute-atteinte-aux-subsahariens\\\/203271\\\/\",\"name\":\"Kais Saied met en garde contre toute atteinte aux Subsahariens\",\"isPartOf\":{\"@id\":\"https:\\\/\\\/www.webdo.tn\\\/fr\\\/#website\"},\"primaryImageOfPage\":{\"@id\":\"https:\\\/\\\/www.webdo.tn\\\/fr\\\/actualite\\\/national\\\/kais-saied-met-en-garde-contre-toute-atteinte-aux-subsahariens\\\/203271\\\/#primaryimage\"},\"image\":{\"@id\":\"https:\\\/\\\/www.webdo.tn\\\/fr\\\/actualite\\\/national\\\/kais-saied-met-en-garde-contre-toute-atteinte-aux-subsahariens\\\/203271\\\/#primaryimage\"},\"thumbnailUrl\":\"https:\\\/\\\/www.webdo.tn\\\/fr\\\/wp-content\\\/uploads\\\/2023\\\/02\\\/e03a3eba28068036c20f3b357164e164.jpg\",\"datePublished\":\"2023-02-23T19:16:00+00:00\",\"dateModified\":\"2025-05-20T22:45:17+00:00\",\"description\":\"Recevant ce jeudi 23 f\u00e9vrier 2023, le ministre de l\u2019Int\u00e9rieur, le pr\u00e9sident de la R\u00e9publique a \u00e9voqu\u00e9 de nouveau l\u2019affaire des Subsahariens ill\u00e9galement install...\",\"breadcrumb\":{\"@id\":\"https:\\\/\\\/www.webdo.tn\\\/fr\\\/actualite\\\/national\\\/kais-saied-met-en-garde-contre-toute-atteinte-aux-subsahariens\\\/203271\\\/#breadcrumb\"},\"inLanguage\":\"fr-FR\",\"potentialAction\":[{\"@type\":\"ReadAction\",\"target\":[\"https:\\\/\\\/www.webdo.tn\\\/fr\\\/actualite\\\/national\\\/kais-saied-met-en-garde-contre-toute-atteinte-aux-subsahariens\\\/203271\\\/\"]}]},{\"@type\":\"ImageObject\",\"inLanguage\":\"fr-FR\",\"@id\":\"https:\\\/\\\/www.webdo.tn\\\/fr\\\/actualite\\\/national\\\/kais-saied-met-en-garde-contre-toute-atteinte-aux-subsahariens\\\/203271\\\/#primaryimage\",\"url\":\"https:\\\/\\\/www.webdo.tn\\\/fr\\\/wp-content\\\/uploads\\\/2023\\\/02\\\/e03a3eba28068036c20f3b357164e164.jpg\",\"contentUrl\":\"https:\\\/\\\/www.webdo.tn\\\/fr\\\/wp-content\\\/uploads\\\/2023\\\/02\\\/e03a3eba28068036c20f3b357164e164.jpg\",\"width\":750,\"height\":400,\"caption\":\"Kais Saied\"},{\"@type\":\"BreadcrumbList\",\"@id\":\"https:\\\/\\\/www.webdo.tn\\\/fr\\\/actualite\\\/national\\\/kais-saied-met-en-garde-contre-toute-atteinte-aux-subsahariens\\\/203271\\\/#breadcrumb\",\"itemListElement\":[{\"@type\":\"ListItem\",\"position\":1,\"name\":\"Accueil\",\"item\":\"https:\\\/\\\/www.webdo.tn\\\/fr\\\/\"},{\"@type\":\"ListItem\",\"position\":2,\"name\":\"Kais Saied met en garde contre toute atteinte aux Subsahariens\"}]},{\"@type\":\"WebSite\",\"@id\":\"https:\\\/\\\/www.webdo.tn\\\/fr\\\/#website\",\"url\":\"https:\\\/\\\/www.webdo.tn\\\/fr\\\/\",\"name\":\"webdo\",\"description\":\"Tunisie - News en Tunisie et \u00e0 l&#039;international sur Webdo.tn\",\"publisher\":{\"@id\":\"https:\\\/\\\/www.webdo.tn\\\/fr\\\/#organization\"},\"potentialAction\":[{\"@type\":\"SearchAction\",\"target\":{\"@type\":\"EntryPoint\",\"urlTemplate\":\"https:\\\/\\\/www.webdo.tn\\\/fr\\\/?s={search_term_string}\"},\"query-input\":{\"@type\":\"PropertyValueSpecification\",\"valueRequired\":true,\"valueName\":\"search_term_string\"}}],\"inLanguage\":\"fr-FR\"},{\"@type\":\"Organization\",\"@id\":\"https:\\\/\\\/www.webdo.tn\\\/fr\\\/#organization\",\"name\":\"Webdo\",\"alternateName\":\"Webdo.tn\",\"url\":\"https:\\\/\\\/www.webdo.tn\\\/fr\\\/\",\"logo\":{\"@type\":\"ImageObject\",\"inLanguage\":\"fr-FR\",\"@id\":\"https:\\\/\\\/www.webdo.tn\\\/fr\\\/#\\\/schema\\\/logo\\\/image\\\/\",\"url\":\"https:\\\/\\\/www.webdo.tn\\\/fr\\\/wp-content\\\/uploads\\\/2025\\\/06\\\/Webdo-Tunisie_168377.jpg\",\"contentUrl\":\"https:\\\/\\\/www.webdo.tn\\\/fr\\\/wp-content\\\/uploads\\\/2025\\\/06\\\/Webdo-Tunisie_168377.jpg\",\"width\":301,\"height\":301,\"caption\":\"Webdo\"},\"image\":{\"@id\":\"https:\\\/\\\/www.webdo.tn\\\/fr\\\/#\\\/schema\\\/logo\\\/image\\\/\"},\"sameAs\":[\"https:\\\/\\\/www.facebook.com\\\/webdotn\",\"https:\\\/\\\/x.com\\\/webdo_tn\"],\"description\":\"Webdo est un m\u00e9dia num\u00e9rique tunisien fond\u00e9 en 2010, sp\u00e9cialis\u00e9 dans l\u2019actualit\u00e9 nationale et internationale, l\u2019\u00e9conomie, la soci\u00e9t\u00e9 et les analyses politiques. Le site s\u2019adresse \u00e0 un large public francophone et couvre l\u2019information tunisienne en temps r\u00e9el.\",\"email\":\"redac@webdo.tn\",\"legalName\":\"YNJ SARL\",\"foundingDate\":\"2010-09-06\",\"numberOfEmployees\":{\"@type\":\"QuantitativeValue\",\"minValue\":\"11\",\"maxValue\":\"50\"}},{\"@type\":\"Person\",\"@id\":\"https:\\\/\\\/www.webdo.tn\\\/fr\\\/#\\\/schema\\\/person\\\/f35b42a42c5e2511bbd282959d6385cc\",\"name\":\"CL\",\"image\":{\"@type\":\"ImageObject\",\"inLanguage\":\"fr-FR\",\"@id\":\"https:\\\/\\\/secure.gravatar.com\\\/avatar\\\/1447a49909b67aa657c488aec6512e1dd6143a480c1ecfee9b5b5cd74eb3b59e?s=96&d=mm&r=g\",\"url\":\"https:\\\/\\\/secure.gravatar.com\\\/avatar\\\/1447a49909b67aa657c488aec6512e1dd6143a480c1ecfee9b5b5cd74eb3b59e?s=96&d=mm&r=g\",\"contentUrl\":\"https:\\\/\\\/secure.gravatar.com\\\/avatar\\\/1447a49909b67aa657c488aec6512e1dd6143a480c1ecfee9b5b5cd74eb3b59e?s=96&d=mm&r=g\",\"caption\":\"CL\"},\"url\":\"https:\\\/\\\/www.webdo.tn\\\/fr\\\/actualite\\\/author\\\/cl\\\/\"}]}<\/script>\n<!-- \/ Yoast SEO Premium plugin. -->","yoast_head_json":{"title":"Kais Saied met en garde contre toute atteinte aux Subsahariens","description":"Recevant ce jeudi 23 f\u00e9vrier 2023, le ministre de l\u2019Int\u00e9rieur, le pr\u00e9sident de la R\u00e9publique a \u00e9voqu\u00e9 de nouveau l\u2019affaire des Subsahariens ill\u00e9galement install...","canonical":"https:\/\/www.webdo.tn\/fr\/actualite\/national\/kais-saied-met-en-garde-contre-toute-atteinte-aux-subsahariens\/203271\/","og_locale":"fr_FR","og_type":"article","og_title":"Kais Saied met en garde contre toute atteinte aux Subsahariens","og_description":"Recevant ce jeudi 23 f\u00e9vrier 2023, le ministre de l\u2019Int\u00e9rieur, le pr\u00e9sident de la R\u00e9publique a \u00e9voqu\u00e9 de nouveau l\u2019affaire des Subsahariens ill\u00e9galement install...","og_url":"https:\/\/www.webdo.tn\/fr\/actualite\/national\/kais-saied-met-en-garde-contre-toute-atteinte-aux-subsahariens\/203271\/","og_site_name":"webdo","article_publisher":"https:\/\/www.facebook.com\/webdotn","article_published_time":"2023-02-23T19:16:00+00:00","article_modified_time":"2025-05-20T22:45:17+00:00","og_image":[{"width":750,"height":400,"url":"https:\/\/www.webdo.tn\/fr\/wp-content\/uploads\/2023\/02\/e03a3eba28068036c20f3b357164e164.jpg","type":"image\/jpeg"}],"author":"CL","twitter_card":"summary_large_image","twitter_creator":"@webdo_tn","twitter_site":"@webdo_tn","twitter_misc":{"\u00c9crit par":"CL","Dur\u00e9e de lecture estim\u00e9e":"1 minute"},"schema":{"@context":"https:\/\/schema.org","@graph":[{"@type":"NewsArticle","@id":"https:\/\/www.webdo.tn\/fr\/actualite\/national\/kais-saied-met-en-garde-contre-toute-atteinte-aux-subsahariens\/203271\/#article","isPartOf":{"@id":"https:\/\/www.webdo.tn\/fr\/actualite\/national\/kais-saied-met-en-garde-contre-toute-atteinte-aux-subsahariens\/203271\/"},"author":{"name":"CL","@id":"https:\/\/www.webdo.tn\/fr\/#\/schema\/person\/f35b42a42c5e2511bbd282959d6385cc"},"headline":"Kais Saied met en garde contre toute atteinte aux Subsahariens","datePublished":"2023-02-23T19:16:00+00:00","dateModified":"2025-05-20T22:45:17+00:00","mainEntityOfPage":{"@id":"https:\/\/www.webdo.tn\/fr\/actualite\/national\/kais-saied-met-en-garde-contre-toute-atteinte-aux-subsahariens\/203271\/"},"wordCount":223,"commentCount":0,"publisher":{"@id":"https:\/\/www.webdo.tn\/fr\/#organization"},"image":{"@id":"https:\/\/www.webdo.tn\/fr\/actualite\/national\/kais-saied-met-en-garde-contre-toute-atteinte-aux-subsahariens\/203271\/#primaryimage"},"thumbnailUrl":"https:\/\/www.webdo.tn\/fr\/wp-content\/uploads\/2023\/02\/e03a3eba28068036c20f3b357164e164.jpg","keywords":["Kais Saied","Subsahariens","Tunisie"],"articleSection":["National"],"inLanguage":"fr-FR"},{"@type":"WebPage","@id":"https:\/\/www.webdo.tn\/fr\/actualite\/national\/kais-saied-met-en-garde-contre-toute-atteinte-aux-subsahariens\/203271\/","url":"https:\/\/www.webdo.tn\/fr\/actualite\/national\/kais-saied-met-en-garde-contre-toute-atteinte-aux-subsahariens\/203271\/","name":"Kais Saied met en garde contre toute atteinte aux Subsahariens","isPartOf":{"@id":"https:\/\/www.webdo.tn\/fr\/#website"},"primaryImageOfPage":{"@id":"https:\/\/www.webdo.tn\/fr\/actualite\/national\/kais-saied-met-en-garde-contre-toute-atteinte-aux-subsahariens\/203271\/#primaryimage"},"image":{"@id":"https:\/\/www.webdo.tn\/fr\/actualite\/national\/kais-saied-met-en-garde-contre-toute-atteinte-aux-subsahariens\/203271\/#primaryimage"},"thumbnailUrl":"https:\/\/www.webdo.tn\/fr\/wp-content\/uploads\/2023\/02\/e03a3eba28068036c20f3b357164e164.jpg","datePublished":"2023-02-23T19:16:00+00:00","dateModified":"2025-05-20T22:45:17+00:00","description":"Recevant ce jeudi 23 f\u00e9vrier 2023, le ministre de l\u2019Int\u00e9rieur, le pr\u00e9sident de la R\u00e9publique a \u00e9voqu\u00e9 de nouveau l\u2019affaire des Subsahariens ill\u00e9galement install...","breadcrumb":{"@id":"https:\/\/www.webdo.tn\/fr\/actualite\/national\/kais-saied-met-en-garde-contre-toute-atteinte-aux-subsahariens\/203271\/#breadcrumb"},"inLanguage":"fr-FR","potentialAction":[{"@type":"ReadAction","target":["https:\/\/www.webdo.tn\/fr\/actualite\/national\/kais-saied-met-en-garde-contre-toute-atteinte-aux-subsahariens\/203271\/"]}]},{"@type":"ImageObject","inLanguage":"fr-FR","@id":"https:\/\/www.webdo.tn\/fr\/actualite\/national\/kais-saied-met-en-garde-contre-toute-atteinte-aux-subsahariens\/203271\/#primaryimage","url":"https:\/\/www.webdo.tn\/fr\/wp-content\/uploads\/2023\/02\/e03a3eba28068036c20f3b357164e164.jpg","contentUrl":"https:\/\/www.webdo.tn\/fr\/wp-content\/uploads\/2023\/02\/e03a3eba28068036c20f3b357164e164.jpg","width":750,"height":400,"caption":"Kais Saied"},{"@type":"BreadcrumbList","@id":"https:\/\/www.webdo.tn\/fr\/actualite\/national\/kais-saied-met-en-garde-contre-toute-atteinte-aux-subsahariens\/203271\/#breadcrumb","itemListElement":[{"@type":"ListItem","position":1,"name":"Accueil","item":"https:\/\/www.webdo.tn\/fr\/"},{"@type":"ListItem","position":2,"name":"Kais Saied met en garde contre toute atteinte aux Subsahariens"}]},{"@type":"WebSite","@id":"https:\/\/www.webdo.tn\/fr\/#website","url":"https:\/\/www.webdo.tn\/fr\/","name":"webdo","description":"Tunisie - News en Tunisie et \u00e0 l&#039;international sur Webdo.tn","publisher":{"@id":"https:\/\/www.webdo.tn\/fr\/#organization"},"potentialAction":[{"@type":"SearchAction","target":{"@type":"EntryPoint","urlTemplate":"https:\/\/www.webdo.tn\/fr\/?s={search_term_string}"},"query-input":{"@type":"PropertyValueSpecification","valueRequired":true,"valueName":"search_term_string"}}],"inLanguage":"fr-FR"},{"@type":"Organization","@id":"https:\/\/www.webdo.tn\/fr\/#organization","name":"Webdo","alternateName":"Webdo.tn","url":"https:\/\/www.webdo.tn\/fr\/","logo":{"@type":"ImageObject","inLanguage":"fr-FR","@id":"https:\/\/www.webdo.tn\/fr\/#\/schema\/logo\/image\/","url":"https:\/\/www.webdo.tn\/fr\/wp-content\/uploads\/2025\/06\/Webdo-Tunisie_168377.jpg","contentUrl":"https:\/\/www.webdo.tn\/fr\/wp-content\/uploads\/2025\/06\/Webdo-Tunisie_168377.jpg","width":301,"height":301,"caption":"Webdo"},"image":{"@id":"https:\/\/www.webdo.tn\/fr\/#\/schema\/logo\/image\/"},"sameAs":["https:\/\/www.facebook.com\/webdotn","https:\/\/x.com\/webdo_tn"],"description":"Webdo est un m\u00e9dia num\u00e9rique tunisien fond\u00e9 en 2010, sp\u00e9cialis\u00e9 dans l\u2019actualit\u00e9 nationale et internationale, l\u2019\u00e9conomie, la soci\u00e9t\u00e9 et les analyses politiques. Le site s\u2019adresse \u00e0 un large public francophone et couvre l\u2019information tunisienne en temps r\u00e9el.","email":"redac@webdo.tn","legalName":"YNJ SARL","foundingDate":"2010-09-06","numberOfEmployees":{"@type":"QuantitativeValue","minValue":"11","maxValue":"50"}},{"@type":"Person","@id":"https:\/\/www.webdo.tn\/fr\/#\/schema\/person\/f35b42a42c5e2511bbd282959d6385cc","name":"CL","image":{"@type":"ImageObject","inLanguage":"fr-FR","@id":"https:\/\/secure.gravatar.com\/avatar\/1447a49909b67aa657c488aec6512e1dd6143a480c1ecfee9b5b5cd74eb3b59e?s=96&d=mm&r=g","url":"https:\/\/secure.gravatar.com\/avatar\/1447a49909b67aa657c488aec6512e1dd6143a480c1ecfee9b5b5cd74eb3b59e?s=96&d=mm&r=g","contentUrl":"https:\/\/secure.gravatar.com\/avatar\/1447a49909b67aa657c488aec6512e1dd6143a480c1ecfee9b5b5cd74eb3b59e?s=96&d=mm&r=g","caption":"CL"},"url":"https:\/\/www.webdo.tn\/fr\/actualite\/author\/cl\/"}]}},"_links":{"self":[{"href":"https:\/\/www.webdo.tn\/fr\/wp-json\/wp\/v2\/posts\/203271","targetHints":{"allow":["GET"]}}],"collection":[{"href":"https:\/\/www.webdo.tn\/fr\/wp-json\/wp\/v2\/posts"}],"about":[{"href":"https:\/\/www.webdo.tn\/fr\/wp-json\/wp\/v2\/types\/post"}],"author":[{"embeddable":true,"href":"https:\/\/www.webdo.tn\/fr\/wp-json\/wp\/v2\/users\/3175"}],"replies":[{"embeddable":true,"href":"https:\/\/www.webdo.tn\/fr\/wp-json\/wp\/v2\/comments?post=203271"}],"version-history":[{"count":0,"href":"https:\/\/www.webdo.tn\/fr\/wp-json\/wp\/v2\/posts\/203271\/revisions"}],"wp:featuredmedia":[{"embeddable":true,"href":"https:\/\/www.webdo.tn\/fr\/wp-json\/wp\/v2\/media\/251896"}],"wp:attachment":[{"href":"https:\/\/www.webdo.tn\/fr\/wp-json\/wp\/v2\/media?parent=203271"}],"wp:term":[{"taxonomy":"category","embeddable":true,"href":"https:\/\/www.webdo.tn\/fr\/wp-json\/wp\/v2\/categories?post=203271"},{"taxonomy":"post_tag","embeddable":true,"href":"https:\/\/www.webdo.tn\/fr\/wp-json\/wp\/v2\/tags?post=203271"}],"curies":[{"name":"wp","href":"https:\/\/api.w.org\/{rel}","templated":true}]}}