{"id":203270,"date":"2023-02-23T18:32:00","date_gmt":"2023-02-23T18:32:00","guid":{"rendered":"https:\/\/www.webdo.tn\/fr\/blog\/ghannouchi-maintenu-en-etat-de-liberte\/203270\/"},"modified":"2025-05-20T22:45:17","modified_gmt":"2025-05-20T22:45:17","slug":"ghannouchi-maintenu-en-etat-de-liberte","status":"publish","type":"post","link":"https:\/\/www.webdo.tn\/fr\/actualite\/national\/ghannouchi-maintenu-en-etat-de-liberte\/203270\/","title":{"rendered":"Ghannouchi maintenu en \u00e9tat de libert\u00e9"},"content":{"rendered":"<p>Le pr\u00e9sident du Mouvement Ennahdha, Rached Ghannouchi a \u00e9t\u00e9 maintenu en \u00e9tat de libert\u00e9 ce jeudi 23 f\u00e9vrier 2023 apr\u00e8s plusieurs heures d\u2019audition.<\/p>\n<p>\t\t\t\t\t\t\t\t\tC\u2019est le minist\u00e8re du P\u00f4le judiciaire de lutte contre le terrorisme qui a autoris\u00e9 les agents de l&rsquo;Unit\u00e9 centrale antiterroriste de la Gade nationale de le maintenir en \u00e9tat de libert\u00e9.\u00a0<\/p>\n<p>Rached Ghannouchi a \u00e9t\u00e9 auditionn\u00e9 concernant une plainte d\u00e9pos\u00e9e par un syndicaliste s\u00e9curitaire, sur l&rsquo;existence d&rsquo;un enregistrement audio d&rsquo;une r\u00e9union entre Rached Ghannouchi et des dirigeants \u00ab\u00a0salafistes et djihadistes\u00a0\u00bb.<\/p>\n<p>Mardi dernier, il a \u00e9t\u00e9 \u00e9galement auditionn\u00e9 au sujet de d\u00e9clarations publiques avant d\u2019\u00eatre maintenu en \u00e9tat de libert\u00e9.<\/p>\n","protected":false},"excerpt":{"rendered":"<p>Le pr\u00e9sident du Mouvement Ennahdha, Rached Ghannouchi a \u00e9t\u00e9 maintenu en \u00e9tat de libert\u00e9 ce jeudi 23 f\u00e9vrier 2023 apr\u00e8s plusieurs heures d\u2019audition.<\/p>\n","protected":false},"author":3175,"featured_media":251895,"comment_status":"open","ping_status":"closed","sticky":false,"template":"","format":"standard","meta":{"footnotes":""},"categories":[44],"tags":[4127,2608],"class_list":["post-203270","post","type-post","status-publish","format-standard","has-post-thumbnail","hentry","category-national","tag-ghannouchi","tag-tunisie"],"yoast_head":"<!-- This site is optimized with the Yoast SEO Premium plugin v27.4 (Yoast SEO v27.5) - https:\/\/yoast.com\/product\/yoast-seo-premium-wordpress\/ -->\n<title>Ghannouchi maintenu en \u00e9tat de libert\u00e9<\/title>\n<meta name=\"description\" content=\"Le pr\u00e9sident du Mouvement Ennahdha, Rached Ghannouchi a \u00e9t\u00e9 maintenu en \u00e9tat de libert\u00e9 ce jeudi 23 f\u00e9vrier 2023 apr\u00e8s plusieurs heures d\u2019audition.\" \/>\n<link rel=\"canonical\" href=\"https:\/\/www.webdo.tn\/fr\/actualite\/national\/ghannouchi-maintenu-en-etat-de-liberte\/203270\/\" \/>\n<meta property=\"og:locale\" content=\"fr_FR\" \/>\n<meta property=\"og:type\" content=\"article\" \/>\n<meta property=\"og:title\" content=\"Ghannouchi maintenu en \u00e9tat de libert\u00e9\" \/>\n<meta property=\"og:description\" content=\"Le pr\u00e9sident du Mouvement Ennahdha, Rached Ghannouchi a \u00e9t\u00e9 maintenu en \u00e9tat de libert\u00e9 ce jeudi 23 f\u00e9vrier 2023 apr\u00e8s plusieurs heures d\u2019audition.\" \/>\n<meta property=\"og:url\" content=\"https:\/\/www.webdo.tn\/fr\/actualite\/national\/ghannouchi-maintenu-en-etat-de-liberte\/203270\/\" \/>\n<meta property=\"og:site_name\" content=\"webdo\" \/>\n<meta property=\"article:publisher\" content=\"https:\/\/www.facebook.com\/webdotn\" \/>\n<meta property=\"article:published_time\" content=\"2023-02-23T18:32:00+00:00\" \/>\n<meta property=\"article:modified_time\" content=\"2025-05-20T22:45:17+00:00\" \/>\n<meta property=\"og:image\" content=\"https:\/\/www.webdo.tn\/fr\/wp-content\/uploads\/2023\/02\/3b98eefaf4249881c6e0eb761e1ec204.jpg\" \/>\n\t<meta property=\"og:image:width\" content=\"750\" \/>\n\t<meta property=\"og:image:height\" content=\"400\" \/>\n\t<meta property=\"og:image:type\" content=\"image\/jpeg\" \/>\n<meta name=\"author\" content=\"CL\" \/>\n<meta name=\"twitter:card\" content=\"summary_large_image\" \/>\n<meta name=\"twitter:creator\" content=\"@webdo_tn\" \/>\n<meta name=\"twitter:site\" content=\"@webdo_tn\" \/>\n<meta name=\"twitter:label1\" content=\"\u00c9crit par\" \/>\n\t<meta name=\"twitter:data1\" content=\"CL\" \/>\n\t<meta name=\"twitter:label2\" content=\"Dur\u00e9e de lecture estim\u00e9e\" \/>\n\t<meta name=\"twitter:data2\" content=\"1 minute\" \/>\n<script type=\"application\/ld+json\" class=\"yoast-schema-graph\">{\"@context\":\"https:\\\/\\\/schema.org\",\"@graph\":[{\"@type\":\"NewsArticle\",\"@id\":\"https:\\\/\\\/www.webdo.tn\\\/fr\\\/actualite\\\/national\\\/ghannouchi-maintenu-en-etat-de-liberte\\\/203270\\\/#article\",\"isPartOf\":{\"@id\":\"https:\\\/\\\/www.webdo.tn\\\/fr\\\/actualite\\\/national\\\/ghannouchi-maintenu-en-etat-de-liberte\\\/203270\\\/\"},\"author\":{\"name\":\"CL\",\"@id\":\"https:\\\/\\\/www.webdo.tn\\\/fr\\\/#\\\/schema\\\/person\\\/f35b42a42c5e2511bbd282959d6385cc\"},\"headline\":\"Ghannouchi maintenu en \u00e9tat de libert\u00e9\",\"datePublished\":\"2023-02-23T18:32:00+00:00\",\"dateModified\":\"2025-05-20T22:45:17+00:00\",\"mainEntityOfPage\":{\"@id\":\"https:\\\/\\\/www.webdo.tn\\\/fr\\\/actualite\\\/national\\\/ghannouchi-maintenu-en-etat-de-liberte\\\/203270\\\/\"},\"wordCount\":123,\"commentCount\":0,\"publisher\":{\"@id\":\"https:\\\/\\\/www.webdo.tn\\\/fr\\\/#organization\"},\"image\":{\"@id\":\"https:\\\/\\\/www.webdo.tn\\\/fr\\\/actualite\\\/national\\\/ghannouchi-maintenu-en-etat-de-liberte\\\/203270\\\/#primaryimage\"},\"thumbnailUrl\":\"https:\\\/\\\/www.webdo.tn\\\/fr\\\/wp-content\\\/uploads\\\/2023\\\/02\\\/3b98eefaf4249881c6e0eb761e1ec204.jpg\",\"keywords\":[\"Ghannouchi\",\"Tunisie\"],\"articleSection\":[\"National\"],\"inLanguage\":\"fr-FR\"},{\"@type\":\"WebPage\",\"@id\":\"https:\\\/\\\/www.webdo.tn\\\/fr\\\/actualite\\\/national\\\/ghannouchi-maintenu-en-etat-de-liberte\\\/203270\\\/\",\"url\":\"https:\\\/\\\/www.webdo.tn\\\/fr\\\/actualite\\\/national\\\/ghannouchi-maintenu-en-etat-de-liberte\\\/203270\\\/\",\"name\":\"Ghannouchi maintenu en \u00e9tat de libert\u00e9\",\"isPartOf\":{\"@id\":\"https:\\\/\\\/www.webdo.tn\\\/fr\\\/#website\"},\"primaryImageOfPage\":{\"@id\":\"https:\\\/\\\/www.webdo.tn\\\/fr\\\/actualite\\\/national\\\/ghannouchi-maintenu-en-etat-de-liberte\\\/203270\\\/#primaryimage\"},\"image\":{\"@id\":\"https:\\\/\\\/www.webdo.tn\\\/fr\\\/actualite\\\/national\\\/ghannouchi-maintenu-en-etat-de-liberte\\\/203270\\\/#primaryimage\"},\"thumbnailUrl\":\"https:\\\/\\\/www.webdo.tn\\\/fr\\\/wp-content\\\/uploads\\\/2023\\\/02\\\/3b98eefaf4249881c6e0eb761e1ec204.jpg\",\"datePublished\":\"2023-02-23T18:32:00+00:00\",\"dateModified\":\"2025-05-20T22:45:17+00:00\",\"description\":\"Le pr\u00e9sident du Mouvement Ennahdha, Rached Ghannouchi a \u00e9t\u00e9 maintenu en \u00e9tat de libert\u00e9 ce jeudi 23 f\u00e9vrier 2023 apr\u00e8s plusieurs heures d\u2019audition.\",\"breadcrumb\":{\"@id\":\"https:\\\/\\\/www.webdo.tn\\\/fr\\\/actualite\\\/national\\\/ghannouchi-maintenu-en-etat-de-liberte\\\/203270\\\/#breadcrumb\"},\"inLanguage\":\"fr-FR\",\"potentialAction\":[{\"@type\":\"ReadAction\",\"target\":[\"https:\\\/\\\/www.webdo.tn\\\/fr\\\/actualite\\\/national\\\/ghannouchi-maintenu-en-etat-de-liberte\\\/203270\\\/\"]}]},{\"@type\":\"ImageObject\",\"inLanguage\":\"fr-FR\",\"@id\":\"https:\\\/\\\/www.webdo.tn\\\/fr\\\/actualite\\\/national\\\/ghannouchi-maintenu-en-etat-de-liberte\\\/203270\\\/#primaryimage\",\"url\":\"https:\\\/\\\/www.webdo.tn\\\/fr\\\/wp-content\\\/uploads\\\/2023\\\/02\\\/3b98eefaf4249881c6e0eb761e1ec204.jpg\",\"contentUrl\":\"https:\\\/\\\/www.webdo.tn\\\/fr\\\/wp-content\\\/uploads\\\/2023\\\/02\\\/3b98eefaf4249881c6e0eb761e1ec204.jpg\",\"width\":750,\"height\":400,\"caption\":\"Rached Ghannouchi\"},{\"@type\":\"BreadcrumbList\",\"@id\":\"https:\\\/\\\/www.webdo.tn\\\/fr\\\/actualite\\\/national\\\/ghannouchi-maintenu-en-etat-de-liberte\\\/203270\\\/#breadcrumb\",\"itemListElement\":[{\"@type\":\"ListItem\",\"position\":1,\"name\":\"Accueil\",\"item\":\"https:\\\/\\\/www.webdo.tn\\\/fr\\\/\"},{\"@type\":\"ListItem\",\"position\":2,\"name\":\"Ghannouchi maintenu en \u00e9tat de libert\u00e9\"}]},{\"@type\":\"WebSite\",\"@id\":\"https:\\\/\\\/www.webdo.tn\\\/fr\\\/#website\",\"url\":\"https:\\\/\\\/www.webdo.tn\\\/fr\\\/\",\"name\":\"webdo\",\"description\":\"Tunisie - News en Tunisie et \u00e0 l&#039;international sur Webdo.tn\",\"publisher\":{\"@id\":\"https:\\\/\\\/www.webdo.tn\\\/fr\\\/#organization\"},\"potentialAction\":[{\"@type\":\"SearchAction\",\"target\":{\"@type\":\"EntryPoint\",\"urlTemplate\":\"https:\\\/\\\/www.webdo.tn\\\/fr\\\/?s={search_term_string}\"},\"query-input\":{\"@type\":\"PropertyValueSpecification\",\"valueRequired\":true,\"valueName\":\"search_term_string\"}}],\"inLanguage\":\"fr-FR\"},{\"@type\":\"Organization\",\"@id\":\"https:\\\/\\\/www.webdo.tn\\\/fr\\\/#organization\",\"name\":\"Webdo\",\"alternateName\":\"Webdo.tn\",\"url\":\"https:\\\/\\\/www.webdo.tn\\\/fr\\\/\",\"logo\":{\"@type\":\"ImageObject\",\"inLanguage\":\"fr-FR\",\"@id\":\"https:\\\/\\\/www.webdo.tn\\\/fr\\\/#\\\/schema\\\/logo\\\/image\\\/\",\"url\":\"https:\\\/\\\/www.webdo.tn\\\/fr\\\/wp-content\\\/uploads\\\/2025\\\/06\\\/Webdo-Tunisie_168377.jpg\",\"contentUrl\":\"https:\\\/\\\/www.webdo.tn\\\/fr\\\/wp-content\\\/uploads\\\/2025\\\/06\\\/Webdo-Tunisie_168377.jpg\",\"width\":301,\"height\":301,\"caption\":\"Webdo\"},\"image\":{\"@id\":\"https:\\\/\\\/www.webdo.tn\\\/fr\\\/#\\\/schema\\\/logo\\\/image\\\/\"},\"sameAs\":[\"https:\\\/\\\/www.facebook.com\\\/webdotn\",\"https:\\\/\\\/x.com\\\/webdo_tn\"],\"description\":\"Webdo est un m\u00e9dia num\u00e9rique tunisien fond\u00e9 en 2010, sp\u00e9cialis\u00e9 dans l\u2019actualit\u00e9 nationale et internationale, l\u2019\u00e9conomie, la soci\u00e9t\u00e9 et les analyses politiques. Le site s\u2019adresse \u00e0 un large public francophone et couvre l\u2019information tunisienne en temps r\u00e9el.\",\"email\":\"redac@webdo.tn\",\"legalName\":\"YNJ SARL\",\"foundingDate\":\"2010-09-06\",\"numberOfEmployees\":{\"@type\":\"QuantitativeValue\",\"minValue\":\"11\",\"maxValue\":\"50\"}},{\"@type\":\"Person\",\"@id\":\"https:\\\/\\\/www.webdo.tn\\\/fr\\\/#\\\/schema\\\/person\\\/f35b42a42c5e2511bbd282959d6385cc\",\"name\":\"CL\",\"image\":{\"@type\":\"ImageObject\",\"inLanguage\":\"fr-FR\",\"@id\":\"https:\\\/\\\/secure.gravatar.com\\\/avatar\\\/1447a49909b67aa657c488aec6512e1dd6143a480c1ecfee9b5b5cd74eb3b59e?s=96&d=mm&r=g\",\"url\":\"https:\\\/\\\/secure.gravatar.com\\\/avatar\\\/1447a49909b67aa657c488aec6512e1dd6143a480c1ecfee9b5b5cd74eb3b59e?s=96&d=mm&r=g\",\"contentUrl\":\"https:\\\/\\\/secure.gravatar.com\\\/avatar\\\/1447a49909b67aa657c488aec6512e1dd6143a480c1ecfee9b5b5cd74eb3b59e?s=96&d=mm&r=g\",\"caption\":\"CL\"},\"url\":\"https:\\\/\\\/www.webdo.tn\\\/fr\\\/actualite\\\/author\\\/cl\\\/\"}]}<\/script>\n<!-- \/ Yoast SEO Premium plugin. -->","yoast_head_json":{"title":"Ghannouchi maintenu en \u00e9tat de libert\u00e9","description":"Le pr\u00e9sident du Mouvement Ennahdha, Rached Ghannouchi a \u00e9t\u00e9 maintenu en \u00e9tat de libert\u00e9 ce jeudi 23 f\u00e9vrier 2023 apr\u00e8s plusieurs heures d\u2019audition.","canonical":"https:\/\/www.webdo.tn\/fr\/actualite\/national\/ghannouchi-maintenu-en-etat-de-liberte\/203270\/","og_locale":"fr_FR","og_type":"article","og_title":"Ghannouchi maintenu en \u00e9tat de libert\u00e9","og_description":"Le pr\u00e9sident du Mouvement Ennahdha, Rached Ghannouchi a \u00e9t\u00e9 maintenu en \u00e9tat de libert\u00e9 ce jeudi 23 f\u00e9vrier 2023 apr\u00e8s plusieurs heures d\u2019audition.","og_url":"https:\/\/www.webdo.tn\/fr\/actualite\/national\/ghannouchi-maintenu-en-etat-de-liberte\/203270\/","og_site_name":"webdo","article_publisher":"https:\/\/www.facebook.com\/webdotn","article_published_time":"2023-02-23T18:32:00+00:00","article_modified_time":"2025-05-20T22:45:17+00:00","og_image":[{"width":750,"height":400,"url":"https:\/\/www.webdo.tn\/fr\/wp-content\/uploads\/2023\/02\/3b98eefaf4249881c6e0eb761e1ec204.jpg","type":"image\/jpeg"}],"author":"CL","twitter_card":"summary_large_image","twitter_creator":"@webdo_tn","twitter_site":"@webdo_tn","twitter_misc":{"\u00c9crit par":"CL","Dur\u00e9e de lecture estim\u00e9e":"1 minute"},"schema":{"@context":"https:\/\/schema.org","@graph":[{"@type":"NewsArticle","@id":"https:\/\/www.webdo.tn\/fr\/actualite\/national\/ghannouchi-maintenu-en-etat-de-liberte\/203270\/#article","isPartOf":{"@id":"https:\/\/www.webdo.tn\/fr\/actualite\/national\/ghannouchi-maintenu-en-etat-de-liberte\/203270\/"},"author":{"name":"CL","@id":"https:\/\/www.webdo.tn\/fr\/#\/schema\/person\/f35b42a42c5e2511bbd282959d6385cc"},"headline":"Ghannouchi maintenu en \u00e9tat de libert\u00e9","datePublished":"2023-02-23T18:32:00+00:00","dateModified":"2025-05-20T22:45:17+00:00","mainEntityOfPage":{"@id":"https:\/\/www.webdo.tn\/fr\/actualite\/national\/ghannouchi-maintenu-en-etat-de-liberte\/203270\/"},"wordCount":123,"commentCount":0,"publisher":{"@id":"https:\/\/www.webdo.tn\/fr\/#organization"},"image":{"@id":"https:\/\/www.webdo.tn\/fr\/actualite\/national\/ghannouchi-maintenu-en-etat-de-liberte\/203270\/#primaryimage"},"thumbnailUrl":"https:\/\/www.webdo.tn\/fr\/wp-content\/uploads\/2023\/02\/3b98eefaf4249881c6e0eb761e1ec204.jpg","keywords":["Ghannouchi","Tunisie"],"articleSection":["National"],"inLanguage":"fr-FR"},{"@type":"WebPage","@id":"https:\/\/www.webdo.tn\/fr\/actualite\/national\/ghannouchi-maintenu-en-etat-de-liberte\/203270\/","url":"https:\/\/www.webdo.tn\/fr\/actualite\/national\/ghannouchi-maintenu-en-etat-de-liberte\/203270\/","name":"Ghannouchi maintenu en \u00e9tat de libert\u00e9","isPartOf":{"@id":"https:\/\/www.webdo.tn\/fr\/#website"},"primaryImageOfPage":{"@id":"https:\/\/www.webdo.tn\/fr\/actualite\/national\/ghannouchi-maintenu-en-etat-de-liberte\/203270\/#primaryimage"},"image":{"@id":"https:\/\/www.webdo.tn\/fr\/actualite\/national\/ghannouchi-maintenu-en-etat-de-liberte\/203270\/#primaryimage"},"thumbnailUrl":"https:\/\/www.webdo.tn\/fr\/wp-content\/uploads\/2023\/02\/3b98eefaf4249881c6e0eb761e1ec204.jpg","datePublished":"2023-02-23T18:32:00+00:00","dateModified":"2025-05-20T22:45:17+00:00","description":"Le pr\u00e9sident du Mouvement Ennahdha, Rached Ghannouchi a \u00e9t\u00e9 maintenu en \u00e9tat de libert\u00e9 ce jeudi 23 f\u00e9vrier 2023 apr\u00e8s plusieurs heures d\u2019audition.","breadcrumb":{"@id":"https:\/\/www.webdo.tn\/fr\/actualite\/national\/ghannouchi-maintenu-en-etat-de-liberte\/203270\/#breadcrumb"},"inLanguage":"fr-FR","potentialAction":[{"@type":"ReadAction","target":["https:\/\/www.webdo.tn\/fr\/actualite\/national\/ghannouchi-maintenu-en-etat-de-liberte\/203270\/"]}]},{"@type":"ImageObject","inLanguage":"fr-FR","@id":"https:\/\/www.webdo.tn\/fr\/actualite\/national\/ghannouchi-maintenu-en-etat-de-liberte\/203270\/#primaryimage","url":"https:\/\/www.webdo.tn\/fr\/wp-content\/uploads\/2023\/02\/3b98eefaf4249881c6e0eb761e1ec204.jpg","contentUrl":"https:\/\/www.webdo.tn\/fr\/wp-content\/uploads\/2023\/02\/3b98eefaf4249881c6e0eb761e1ec204.jpg","width":750,"height":400,"caption":"Rached Ghannouchi"},{"@type":"BreadcrumbList","@id":"https:\/\/www.webdo.tn\/fr\/actualite\/national\/ghannouchi-maintenu-en-etat-de-liberte\/203270\/#breadcrumb","itemListElement":[{"@type":"ListItem","position":1,"name":"Accueil","item":"https:\/\/www.webdo.tn\/fr\/"},{"@type":"ListItem","position":2,"name":"Ghannouchi maintenu en \u00e9tat de libert\u00e9"}]},{"@type":"WebSite","@id":"https:\/\/www.webdo.tn\/fr\/#website","url":"https:\/\/www.webdo.tn\/fr\/","name":"webdo","description":"Tunisie - News en Tunisie et \u00e0 l&#039;international sur Webdo.tn","publisher":{"@id":"https:\/\/www.webdo.tn\/fr\/#organization"},"potentialAction":[{"@type":"SearchAction","target":{"@type":"EntryPoint","urlTemplate":"https:\/\/www.webdo.tn\/fr\/?s={search_term_string}"},"query-input":{"@type":"PropertyValueSpecification","valueRequired":true,"valueName":"search_term_string"}}],"inLanguage":"fr-FR"},{"@type":"Organization","@id":"https:\/\/www.webdo.tn\/fr\/#organization","name":"Webdo","alternateName":"Webdo.tn","url":"https:\/\/www.webdo.tn\/fr\/","logo":{"@type":"ImageObject","inLanguage":"fr-FR","@id":"https:\/\/www.webdo.tn\/fr\/#\/schema\/logo\/image\/","url":"https:\/\/www.webdo.tn\/fr\/wp-content\/uploads\/2025\/06\/Webdo-Tunisie_168377.jpg","contentUrl":"https:\/\/www.webdo.tn\/fr\/wp-content\/uploads\/2025\/06\/Webdo-Tunisie_168377.jpg","width":301,"height":301,"caption":"Webdo"},"image":{"@id":"https:\/\/www.webdo.tn\/fr\/#\/schema\/logo\/image\/"},"sameAs":["https:\/\/www.facebook.com\/webdotn","https:\/\/x.com\/webdo_tn"],"description":"Webdo est un m\u00e9dia num\u00e9rique tunisien fond\u00e9 en 2010, sp\u00e9cialis\u00e9 dans l\u2019actualit\u00e9 nationale et internationale, l\u2019\u00e9conomie, la soci\u00e9t\u00e9 et les analyses politiques. Le site s\u2019adresse \u00e0 un large public francophone et couvre l\u2019information tunisienne en temps r\u00e9el.","email":"redac@webdo.tn","legalName":"YNJ SARL","foundingDate":"2010-09-06","numberOfEmployees":{"@type":"QuantitativeValue","minValue":"11","maxValue":"50"}},{"@type":"Person","@id":"https:\/\/www.webdo.tn\/fr\/#\/schema\/person\/f35b42a42c5e2511bbd282959d6385cc","name":"CL","image":{"@type":"ImageObject","inLanguage":"fr-FR","@id":"https:\/\/secure.gravatar.com\/avatar\/1447a49909b67aa657c488aec6512e1dd6143a480c1ecfee9b5b5cd74eb3b59e?s=96&d=mm&r=g","url":"https:\/\/secure.gravatar.com\/avatar\/1447a49909b67aa657c488aec6512e1dd6143a480c1ecfee9b5b5cd74eb3b59e?s=96&d=mm&r=g","contentUrl":"https:\/\/secure.gravatar.com\/avatar\/1447a49909b67aa657c488aec6512e1dd6143a480c1ecfee9b5b5cd74eb3b59e?s=96&d=mm&r=g","caption":"CL"},"url":"https:\/\/www.webdo.tn\/fr\/actualite\/author\/cl\/"}]}},"_links":{"self":[{"href":"https:\/\/www.webdo.tn\/fr\/wp-json\/wp\/v2\/posts\/203270","targetHints":{"allow":["GET"]}}],"collection":[{"href":"https:\/\/www.webdo.tn\/fr\/wp-json\/wp\/v2\/posts"}],"about":[{"href":"https:\/\/www.webdo.tn\/fr\/wp-json\/wp\/v2\/types\/post"}],"author":[{"embeddable":true,"href":"https:\/\/www.webdo.tn\/fr\/wp-json\/wp\/v2\/users\/3175"}],"replies":[{"embeddable":true,"href":"https:\/\/www.webdo.tn\/fr\/wp-json\/wp\/v2\/comments?post=203270"}],"version-history":[{"count":0,"href":"https:\/\/www.webdo.tn\/fr\/wp-json\/wp\/v2\/posts\/203270\/revisions"}],"wp:featuredmedia":[{"embeddable":true,"href":"https:\/\/www.webdo.tn\/fr\/wp-json\/wp\/v2\/media\/251895"}],"wp:attachment":[{"href":"https:\/\/www.webdo.tn\/fr\/wp-json\/wp\/v2\/media?parent=203270"}],"wp:term":[{"taxonomy":"category","embeddable":true,"href":"https:\/\/www.webdo.tn\/fr\/wp-json\/wp\/v2\/categories?post=203270"},{"taxonomy":"post_tag","embeddable":true,"href":"https:\/\/www.webdo.tn\/fr\/wp-json\/wp\/v2\/tags?post=203270"}],"curies":[{"name":"wp","href":"https:\/\/api.w.org\/{rel}","templated":true}]}}