{"id":203267,"date":"2023-02-23T15:55:00","date_gmt":"2023-02-23T15:55:00","guid":{"rendered":"https:\/\/www.webdo.tn\/fr\/blog\/venise-les-canaux-sont-a-sec\/203267\/"},"modified":"2025-05-20T22:58:44","modified_gmt":"2025-05-20T22:58:44","slug":"venise-les-canaux-sont-a-sec","status":"publish","type":"post","link":"https:\/\/www.webdo.tn\/fr\/actualite\/international\/venise-les-canaux-sont-a-sec\/203267\/","title":{"rendered":"Venise : les canaux sont \u00e0 sec !"},"content":{"rendered":"<p>L\u2019anticyclone qui frappe depuis une vingtaine de jours la r\u00e9gion m\u00e9diterran\u00e9enne n\u2019a pas \u00e9pargn\u00e9 Venise qui se trouve, aujourd\u2019hui, avec des canaux secs.<\/p>\n<p>\t\t\t\t\t\t\t\t\tLe ph\u00e9nom\u00e8ne est impressionnant et d\u00e9passe le cadre d\u2019un seul pays. Il touche pratiquement toute la r\u00e9gion m\u00e9diterran\u00e9enne, du sud comme du nord.<\/p>\n<p>A Venise, en raison de faibles pr\u00e9cipitations et d&rsquo;une mar\u00e9e basse exceptionnellement longue, les canaux sont devenus \u00e0 sec.<\/p>\n<p>Explications de Luigi Cavaleri, chercheur \u00e0 l&rsquo;institut des sciences maritimes de Venise. \u00ab En raison de la haute pression atmosph\u00e9rique, toute la M\u00e9diterran\u00e9e est plus basse d&rsquo;environ 45 cm par rapport au niveau normal\u00a0\u00bb.<\/p>\n<p>Il s\u2019agit, en effet, d\u2019un ph\u00e9nom\u00e8ne inverse \u00e0 \u00ab\u00a0l&rsquo;acqua alta\u00a0\u00bb (hautes eaux) que Venise enregistre plus fr\u00e9quemment durant l\u2019ann\u00e9e.<\/p>\n<p>Dans cette nouvelle image de Venise avec des canaux presqu\u2019\u00e0 secs, des habitants y voient une source d\u2019observation des fondations des b\u00e2timents construits depuis des si\u00e8cles.<\/p>\n<p>T\u00e9moignage de Matteo Secchi, habitant de Venise. \u00ab\u00a0La mar\u00e9e basse est l&rsquo;occasion de faire un &lsquo;check-up&rsquo; des dommages que les immeubles ont subis\u00a0\u00bb.<\/p>\n<p>Venise, capitale de la r\u00e9gion de la V\u00e9n\u00e9tie au nord de l&rsquo;Italie, occupe plus de 100 petites \u00eeles dans un lagon de la mer Adriatique. La ville ne comprend aucune route, uniquement des canaux, dont le Grand Canal, bord\u00e9 de palais gothiques et Renaissance.<\/p>\n","protected":false},"excerpt":{"rendered":"<p>Venise se trouve, aujourd\u2019hui, avec des canaux secs du fait de la s\u00e9cheresse<\/p>\n","protected":false},"author":3188,"featured_media":251892,"comment_status":"open","ping_status":"closed","sticky":false,"template":"","format":"standard","meta":{"footnotes":""},"categories":[2598],"tags":[3634,8760],"class_list":["post-203267","post","type-post","status-publish","format-standard","has-post-thumbnail","hentry","category-international","tag-secheresse","tag-venise"],"yoast_head":"<!-- This site is optimized with the Yoast SEO Premium plugin v27.5 (Yoast SEO v27.5) - https:\/\/yoast.com\/product\/yoast-seo-premium-wordpress\/ -->\n<title>Venise : les canaux sont \u00e0 sec !<\/title>\n<meta name=\"description\" content=\"Venise se trouve, aujourd\u2019hui, avec des canaux secs du fait de la s\u00e9cheresse\" \/>\n<link rel=\"canonical\" href=\"https:\/\/www.webdo.tn\/fr\/actualite\/international\/venise-les-canaux-sont-a-sec\/203267\/\" \/>\n<meta property=\"og:locale\" content=\"fr_FR\" \/>\n<meta property=\"og:type\" content=\"article\" \/>\n<meta property=\"og:title\" content=\"Venise : les canaux sont \u00e0 sec !\" \/>\n<meta property=\"og:description\" content=\"Venise se trouve, aujourd\u2019hui, avec des canaux secs du fait de la s\u00e9cheresse\" \/>\n<meta property=\"og:url\" content=\"https:\/\/www.webdo.tn\/fr\/actualite\/international\/venise-les-canaux-sont-a-sec\/203267\/\" \/>\n<meta property=\"og:site_name\" content=\"webdo\" \/>\n<meta property=\"article:publisher\" content=\"https:\/\/www.facebook.com\/webdotn\" \/>\n<meta property=\"article:published_time\" content=\"2023-02-23T15:55:00+00:00\" \/>\n<meta property=\"article:modified_time\" content=\"2025-05-20T22:58:44+00:00\" \/>\n<meta property=\"og:image\" content=\"https:\/\/www.webdo.tn\/fr\/wp-content\/uploads\/2023\/02\/1e1762a7bd0becd621bdd3edf77bf002.jpg\" \/>\n\t<meta property=\"og:image:width\" content=\"750\" \/>\n\t<meta property=\"og:image:height\" content=\"400\" \/>\n\t<meta property=\"og:image:type\" content=\"image\/jpeg\" \/>\n<meta name=\"author\" content=\"Ramzi\" \/>\n<meta name=\"twitter:card\" content=\"summary_large_image\" \/>\n<meta name=\"twitter:creator\" content=\"@webdo_tn\" \/>\n<meta name=\"twitter:site\" content=\"@webdo_tn\" \/>\n<meta name=\"twitter:label1\" content=\"\u00c9crit par\" \/>\n\t<meta name=\"twitter:data1\" content=\"Ramzi\" \/>\n\t<meta name=\"twitter:label2\" content=\"Dur\u00e9e de lecture estim\u00e9e\" \/>\n\t<meta name=\"twitter:data2\" content=\"1 minute\" \/>\n<script type=\"application\/ld+json\" class=\"yoast-schema-graph\">{\"@context\":\"https:\\\/\\\/schema.org\",\"@graph\":[{\"@type\":\"NewsArticle\",\"@id\":\"https:\\\/\\\/www.webdo.tn\\\/fr\\\/actualite\\\/international\\\/venise-les-canaux-sont-a-sec\\\/203267\\\/#article\",\"isPartOf\":{\"@id\":\"https:\\\/\\\/www.webdo.tn\\\/fr\\\/actualite\\\/international\\\/venise-les-canaux-sont-a-sec\\\/203267\\\/\"},\"author\":{\"name\":\"Ramzi\",\"@id\":\"https:\\\/\\\/www.webdo.tn\\\/fr\\\/#\\\/schema\\\/person\\\/590cb5f81adcfde6385530fdbdf468e2\"},\"headline\":\"Venise : les canaux sont \u00e0 sec !\",\"datePublished\":\"2023-02-23T15:55:00+00:00\",\"dateModified\":\"2025-05-20T22:58:44+00:00\",\"mainEntityOfPage\":{\"@id\":\"https:\\\/\\\/www.webdo.tn\\\/fr\\\/actualite\\\/international\\\/venise-les-canaux-sont-a-sec\\\/203267\\\/\"},\"wordCount\":249,\"commentCount\":0,\"publisher\":{\"@id\":\"https:\\\/\\\/www.webdo.tn\\\/fr\\\/#organization\"},\"image\":{\"@id\":\"https:\\\/\\\/www.webdo.tn\\\/fr\\\/actualite\\\/international\\\/venise-les-canaux-sont-a-sec\\\/203267\\\/#primaryimage\"},\"thumbnailUrl\":\"https:\\\/\\\/www.webdo.tn\\\/fr\\\/wp-content\\\/uploads\\\/2023\\\/02\\\/1e1762a7bd0becd621bdd3edf77bf002.jpg\",\"keywords\":[\"s\u00e9cheresse\",\"venise\"],\"articleSection\":[\"International\"],\"inLanguage\":\"fr-FR\"},{\"@type\":\"WebPage\",\"@id\":\"https:\\\/\\\/www.webdo.tn\\\/fr\\\/actualite\\\/international\\\/venise-les-canaux-sont-a-sec\\\/203267\\\/\",\"url\":\"https:\\\/\\\/www.webdo.tn\\\/fr\\\/actualite\\\/international\\\/venise-les-canaux-sont-a-sec\\\/203267\\\/\",\"name\":\"Venise : les canaux sont \u00e0 sec !\",\"isPartOf\":{\"@id\":\"https:\\\/\\\/www.webdo.tn\\\/fr\\\/#website\"},\"primaryImageOfPage\":{\"@id\":\"https:\\\/\\\/www.webdo.tn\\\/fr\\\/actualite\\\/international\\\/venise-les-canaux-sont-a-sec\\\/203267\\\/#primaryimage\"},\"image\":{\"@id\":\"https:\\\/\\\/www.webdo.tn\\\/fr\\\/actualite\\\/international\\\/venise-les-canaux-sont-a-sec\\\/203267\\\/#primaryimage\"},\"thumbnailUrl\":\"https:\\\/\\\/www.webdo.tn\\\/fr\\\/wp-content\\\/uploads\\\/2023\\\/02\\\/1e1762a7bd0becd621bdd3edf77bf002.jpg\",\"datePublished\":\"2023-02-23T15:55:00+00:00\",\"dateModified\":\"2025-05-20T22:58:44+00:00\",\"description\":\"Venise se trouve, aujourd\u2019hui, avec des canaux secs du fait de la s\u00e9cheresse\",\"breadcrumb\":{\"@id\":\"https:\\\/\\\/www.webdo.tn\\\/fr\\\/actualite\\\/international\\\/venise-les-canaux-sont-a-sec\\\/203267\\\/#breadcrumb\"},\"inLanguage\":\"fr-FR\",\"potentialAction\":[{\"@type\":\"ReadAction\",\"target\":[\"https:\\\/\\\/www.webdo.tn\\\/fr\\\/actualite\\\/international\\\/venise-les-canaux-sont-a-sec\\\/203267\\\/\"]}]},{\"@type\":\"ImageObject\",\"inLanguage\":\"fr-FR\",\"@id\":\"https:\\\/\\\/www.webdo.tn\\\/fr\\\/actualite\\\/international\\\/venise-les-canaux-sont-a-sec\\\/203267\\\/#primaryimage\",\"url\":\"https:\\\/\\\/www.webdo.tn\\\/fr\\\/wp-content\\\/uploads\\\/2023\\\/02\\\/1e1762a7bd0becd621bdd3edf77bf002.jpg\",\"contentUrl\":\"https:\\\/\\\/www.webdo.tn\\\/fr\\\/wp-content\\\/uploads\\\/2023\\\/02\\\/1e1762a7bd0becd621bdd3edf77bf002.jpg\",\"width\":750,\"height\":400,\"caption\":\"Venise : les canaux sont \u00e0 sec !\"},{\"@type\":\"BreadcrumbList\",\"@id\":\"https:\\\/\\\/www.webdo.tn\\\/fr\\\/actualite\\\/international\\\/venise-les-canaux-sont-a-sec\\\/203267\\\/#breadcrumb\",\"itemListElement\":[{\"@type\":\"ListItem\",\"position\":1,\"name\":\"Accueil\",\"item\":\"https:\\\/\\\/www.webdo.tn\\\/fr\\\/\"},{\"@type\":\"ListItem\",\"position\":2,\"name\":\"Venise : les canaux sont \u00e0 sec !\"}]},{\"@type\":\"WebSite\",\"@id\":\"https:\\\/\\\/www.webdo.tn\\\/fr\\\/#website\",\"url\":\"https:\\\/\\\/www.webdo.tn\\\/fr\\\/\",\"name\":\"webdo\",\"description\":\"Tunisie - News en Tunisie et \u00e0 l&#039;international sur Webdo.tn\",\"publisher\":{\"@id\":\"https:\\\/\\\/www.webdo.tn\\\/fr\\\/#organization\"},\"potentialAction\":[{\"@type\":\"SearchAction\",\"target\":{\"@type\":\"EntryPoint\",\"urlTemplate\":\"https:\\\/\\\/www.webdo.tn\\\/fr\\\/?s={search_term_string}\"},\"query-input\":{\"@type\":\"PropertyValueSpecification\",\"valueRequired\":true,\"valueName\":\"search_term_string\"}}],\"inLanguage\":\"fr-FR\"},{\"@type\":\"Organization\",\"@id\":\"https:\\\/\\\/www.webdo.tn\\\/fr\\\/#organization\",\"name\":\"Webdo\",\"alternateName\":\"Webdo.tn\",\"url\":\"https:\\\/\\\/www.webdo.tn\\\/fr\\\/\",\"logo\":{\"@type\":\"ImageObject\",\"inLanguage\":\"fr-FR\",\"@id\":\"https:\\\/\\\/www.webdo.tn\\\/fr\\\/#\\\/schema\\\/logo\\\/image\\\/\",\"url\":\"https:\\\/\\\/www.webdo.tn\\\/fr\\\/wp-content\\\/uploads\\\/2025\\\/06\\\/Webdo-Tunisie_168377.jpg\",\"contentUrl\":\"https:\\\/\\\/www.webdo.tn\\\/fr\\\/wp-content\\\/uploads\\\/2025\\\/06\\\/Webdo-Tunisie_168377.jpg\",\"width\":301,\"height\":301,\"caption\":\"Webdo\"},\"image\":{\"@id\":\"https:\\\/\\\/www.webdo.tn\\\/fr\\\/#\\\/schema\\\/logo\\\/image\\\/\"},\"sameAs\":[\"https:\\\/\\\/www.facebook.com\\\/webdotn\",\"https:\\\/\\\/x.com\\\/webdo_tn\"],\"description\":\"Webdo est un m\u00e9dia num\u00e9rique tunisien fond\u00e9 en 2010, sp\u00e9cialis\u00e9 dans l\u2019actualit\u00e9 nationale et internationale, l\u2019\u00e9conomie, la soci\u00e9t\u00e9 et les analyses politiques. Le site s\u2019adresse \u00e0 un large public francophone et couvre l\u2019information tunisienne en temps r\u00e9el.\",\"email\":\"redac@webdo.tn\",\"legalName\":\"YNJ SARL\",\"foundingDate\":\"2010-09-06\",\"numberOfEmployees\":{\"@type\":\"QuantitativeValue\",\"minValue\":\"11\",\"maxValue\":\"50\"}},{\"@type\":\"Person\",\"@id\":\"https:\\\/\\\/www.webdo.tn\\\/fr\\\/#\\\/schema\\\/person\\\/590cb5f81adcfde6385530fdbdf468e2\",\"name\":\"Ramzi\",\"image\":{\"@type\":\"ImageObject\",\"inLanguage\":\"fr-FR\",\"@id\":\"https:\\\/\\\/secure.gravatar.com\\\/avatar\\\/48df7d18915e10cf866ba8e27604c81ff9243fd52704a1d210c3e387e1cb8d87?s=96&d=mm&r=g\",\"url\":\"https:\\\/\\\/secure.gravatar.com\\\/avatar\\\/48df7d18915e10cf866ba8e27604c81ff9243fd52704a1d210c3e387e1cb8d87?s=96&d=mm&r=g\",\"contentUrl\":\"https:\\\/\\\/secure.gravatar.com\\\/avatar\\\/48df7d18915e10cf866ba8e27604c81ff9243fd52704a1d210c3e387e1cb8d87?s=96&d=mm&r=g\",\"caption\":\"Ramzi\"},\"url\":\"https:\\\/\\\/www.webdo.tn\\\/fr\\\/actualite\\\/author\\\/ramzi\\\/\"}]}<\/script>\n<!-- \/ Yoast SEO Premium plugin. -->","yoast_head_json":{"title":"Venise : les canaux sont \u00e0 sec !","description":"Venise se trouve, aujourd\u2019hui, avec des canaux secs du fait de la s\u00e9cheresse","canonical":"https:\/\/www.webdo.tn\/fr\/actualite\/international\/venise-les-canaux-sont-a-sec\/203267\/","og_locale":"fr_FR","og_type":"article","og_title":"Venise : les canaux sont \u00e0 sec !","og_description":"Venise se trouve, aujourd\u2019hui, avec des canaux secs du fait de la s\u00e9cheresse","og_url":"https:\/\/www.webdo.tn\/fr\/actualite\/international\/venise-les-canaux-sont-a-sec\/203267\/","og_site_name":"webdo","article_publisher":"https:\/\/www.facebook.com\/webdotn","article_published_time":"2023-02-23T15:55:00+00:00","article_modified_time":"2025-05-20T22:58:44+00:00","og_image":[{"width":750,"height":400,"url":"https:\/\/www.webdo.tn\/fr\/wp-content\/uploads\/2023\/02\/1e1762a7bd0becd621bdd3edf77bf002.jpg","type":"image\/jpeg"}],"author":"Ramzi","twitter_card":"summary_large_image","twitter_creator":"@webdo_tn","twitter_site":"@webdo_tn","twitter_misc":{"\u00c9crit par":"Ramzi","Dur\u00e9e de lecture estim\u00e9e":"1 minute"},"schema":{"@context":"https:\/\/schema.org","@graph":[{"@type":"NewsArticle","@id":"https:\/\/www.webdo.tn\/fr\/actualite\/international\/venise-les-canaux-sont-a-sec\/203267\/#article","isPartOf":{"@id":"https:\/\/www.webdo.tn\/fr\/actualite\/international\/venise-les-canaux-sont-a-sec\/203267\/"},"author":{"name":"Ramzi","@id":"https:\/\/www.webdo.tn\/fr\/#\/schema\/person\/590cb5f81adcfde6385530fdbdf468e2"},"headline":"Venise : les canaux sont \u00e0 sec !","datePublished":"2023-02-23T15:55:00+00:00","dateModified":"2025-05-20T22:58:44+00:00","mainEntityOfPage":{"@id":"https:\/\/www.webdo.tn\/fr\/actualite\/international\/venise-les-canaux-sont-a-sec\/203267\/"},"wordCount":249,"commentCount":0,"publisher":{"@id":"https:\/\/www.webdo.tn\/fr\/#organization"},"image":{"@id":"https:\/\/www.webdo.tn\/fr\/actualite\/international\/venise-les-canaux-sont-a-sec\/203267\/#primaryimage"},"thumbnailUrl":"https:\/\/www.webdo.tn\/fr\/wp-content\/uploads\/2023\/02\/1e1762a7bd0becd621bdd3edf77bf002.jpg","keywords":["s\u00e9cheresse","venise"],"articleSection":["International"],"inLanguage":"fr-FR"},{"@type":"WebPage","@id":"https:\/\/www.webdo.tn\/fr\/actualite\/international\/venise-les-canaux-sont-a-sec\/203267\/","url":"https:\/\/www.webdo.tn\/fr\/actualite\/international\/venise-les-canaux-sont-a-sec\/203267\/","name":"Venise : les canaux sont \u00e0 sec !","isPartOf":{"@id":"https:\/\/www.webdo.tn\/fr\/#website"},"primaryImageOfPage":{"@id":"https:\/\/www.webdo.tn\/fr\/actualite\/international\/venise-les-canaux-sont-a-sec\/203267\/#primaryimage"},"image":{"@id":"https:\/\/www.webdo.tn\/fr\/actualite\/international\/venise-les-canaux-sont-a-sec\/203267\/#primaryimage"},"thumbnailUrl":"https:\/\/www.webdo.tn\/fr\/wp-content\/uploads\/2023\/02\/1e1762a7bd0becd621bdd3edf77bf002.jpg","datePublished":"2023-02-23T15:55:00+00:00","dateModified":"2025-05-20T22:58:44+00:00","description":"Venise se trouve, aujourd\u2019hui, avec des canaux secs du fait de la s\u00e9cheresse","breadcrumb":{"@id":"https:\/\/www.webdo.tn\/fr\/actualite\/international\/venise-les-canaux-sont-a-sec\/203267\/#breadcrumb"},"inLanguage":"fr-FR","potentialAction":[{"@type":"ReadAction","target":["https:\/\/www.webdo.tn\/fr\/actualite\/international\/venise-les-canaux-sont-a-sec\/203267\/"]}]},{"@type":"ImageObject","inLanguage":"fr-FR","@id":"https:\/\/www.webdo.tn\/fr\/actualite\/international\/venise-les-canaux-sont-a-sec\/203267\/#primaryimage","url":"https:\/\/www.webdo.tn\/fr\/wp-content\/uploads\/2023\/02\/1e1762a7bd0becd621bdd3edf77bf002.jpg","contentUrl":"https:\/\/www.webdo.tn\/fr\/wp-content\/uploads\/2023\/02\/1e1762a7bd0becd621bdd3edf77bf002.jpg","width":750,"height":400,"caption":"Venise : les canaux sont \u00e0 sec !"},{"@type":"BreadcrumbList","@id":"https:\/\/www.webdo.tn\/fr\/actualite\/international\/venise-les-canaux-sont-a-sec\/203267\/#breadcrumb","itemListElement":[{"@type":"ListItem","position":1,"name":"Accueil","item":"https:\/\/www.webdo.tn\/fr\/"},{"@type":"ListItem","position":2,"name":"Venise : les canaux sont \u00e0 sec !"}]},{"@type":"WebSite","@id":"https:\/\/www.webdo.tn\/fr\/#website","url":"https:\/\/www.webdo.tn\/fr\/","name":"webdo","description":"Tunisie - News en Tunisie et \u00e0 l&#039;international sur Webdo.tn","publisher":{"@id":"https:\/\/www.webdo.tn\/fr\/#organization"},"potentialAction":[{"@type":"SearchAction","target":{"@type":"EntryPoint","urlTemplate":"https:\/\/www.webdo.tn\/fr\/?s={search_term_string}"},"query-input":{"@type":"PropertyValueSpecification","valueRequired":true,"valueName":"search_term_string"}}],"inLanguage":"fr-FR"},{"@type":"Organization","@id":"https:\/\/www.webdo.tn\/fr\/#organization","name":"Webdo","alternateName":"Webdo.tn","url":"https:\/\/www.webdo.tn\/fr\/","logo":{"@type":"ImageObject","inLanguage":"fr-FR","@id":"https:\/\/www.webdo.tn\/fr\/#\/schema\/logo\/image\/","url":"https:\/\/www.webdo.tn\/fr\/wp-content\/uploads\/2025\/06\/Webdo-Tunisie_168377.jpg","contentUrl":"https:\/\/www.webdo.tn\/fr\/wp-content\/uploads\/2025\/06\/Webdo-Tunisie_168377.jpg","width":301,"height":301,"caption":"Webdo"},"image":{"@id":"https:\/\/www.webdo.tn\/fr\/#\/schema\/logo\/image\/"},"sameAs":["https:\/\/www.facebook.com\/webdotn","https:\/\/x.com\/webdo_tn"],"description":"Webdo est un m\u00e9dia num\u00e9rique tunisien fond\u00e9 en 2010, sp\u00e9cialis\u00e9 dans l\u2019actualit\u00e9 nationale et internationale, l\u2019\u00e9conomie, la soci\u00e9t\u00e9 et les analyses politiques. Le site s\u2019adresse \u00e0 un large public francophone et couvre l\u2019information tunisienne en temps r\u00e9el.","email":"redac@webdo.tn","legalName":"YNJ SARL","foundingDate":"2010-09-06","numberOfEmployees":{"@type":"QuantitativeValue","minValue":"11","maxValue":"50"}},{"@type":"Person","@id":"https:\/\/www.webdo.tn\/fr\/#\/schema\/person\/590cb5f81adcfde6385530fdbdf468e2","name":"Ramzi","image":{"@type":"ImageObject","inLanguage":"fr-FR","@id":"https:\/\/secure.gravatar.com\/avatar\/48df7d18915e10cf866ba8e27604c81ff9243fd52704a1d210c3e387e1cb8d87?s=96&d=mm&r=g","url":"https:\/\/secure.gravatar.com\/avatar\/48df7d18915e10cf866ba8e27604c81ff9243fd52704a1d210c3e387e1cb8d87?s=96&d=mm&r=g","contentUrl":"https:\/\/secure.gravatar.com\/avatar\/48df7d18915e10cf866ba8e27604c81ff9243fd52704a1d210c3e387e1cb8d87?s=96&d=mm&r=g","caption":"Ramzi"},"url":"https:\/\/www.webdo.tn\/fr\/actualite\/author\/ramzi\/"}]}},"_links":{"self":[{"href":"https:\/\/www.webdo.tn\/fr\/wp-json\/wp\/v2\/posts\/203267","targetHints":{"allow":["GET"]}}],"collection":[{"href":"https:\/\/www.webdo.tn\/fr\/wp-json\/wp\/v2\/posts"}],"about":[{"href":"https:\/\/www.webdo.tn\/fr\/wp-json\/wp\/v2\/types\/post"}],"author":[{"embeddable":true,"href":"https:\/\/www.webdo.tn\/fr\/wp-json\/wp\/v2\/users\/3188"}],"replies":[{"embeddable":true,"href":"https:\/\/www.webdo.tn\/fr\/wp-json\/wp\/v2\/comments?post=203267"}],"version-history":[{"count":0,"href":"https:\/\/www.webdo.tn\/fr\/wp-json\/wp\/v2\/posts\/203267\/revisions"}],"wp:featuredmedia":[{"embeddable":true,"href":"https:\/\/www.webdo.tn\/fr\/wp-json\/wp\/v2\/media\/251892"}],"wp:attachment":[{"href":"https:\/\/www.webdo.tn\/fr\/wp-json\/wp\/v2\/media?parent=203267"}],"wp:term":[{"taxonomy":"category","embeddable":true,"href":"https:\/\/www.webdo.tn\/fr\/wp-json\/wp\/v2\/categories?post=203267"},{"taxonomy":"post_tag","embeddable":true,"href":"https:\/\/www.webdo.tn\/fr\/wp-json\/wp\/v2\/tags?post=203267"}],"curies":[{"name":"wp","href":"https:\/\/api.w.org\/{rel}","templated":true}]}}