{"id":203262,"date":"2023-02-23T14:57:00","date_gmt":"2023-02-23T14:57:00","guid":{"rendered":"https:\/\/www.webdo.tn\/fr\/blog\/poursuites-contre-le-president-du-snjt-la-fij-etudie-une-action-contre-le-gouvernement-tunisien\/203262\/"},"modified":"2025-05-20T22:07:42","modified_gmt":"2025-05-20T22:07:42","slug":"poursuites-contre-le-president-du-snjt-la-fij-etudie-une-action-contre-le-gouvernement-tunisien","status":"publish","type":"post","link":"https:\/\/www.webdo.tn\/fr\/actualite\/national\/poursuites-contre-le-president-du-snjt-la-fij-etudie-une-action-contre-le-gouvernement-tunisien\/203262\/","title":{"rendered":"SNJT : La FIJ \u00ab\u00a0\u00e9tudie une action contre le gouvernement tunisien\u00a0\u00bb"},"content":{"rendered":"<p>La F\u00e9d\u00e9ration internationale des journalistes aurait d\u00e9cid\u00e9 de r\u00e9agir apr\u00e8s la plainte en justice d\u00e9pos\u00e9e contre Mohamed Yassine Jelassi, pr\u00e9sident du Syndicat national de journalistes tunisiens (SNJT).<\/p>\n<p>\t\t\t\t\t\t\t\t\tCe dernier est vis\u00e9 par une proc\u00e9dure judiciaire suite \u00e0 la couverture d&rsquo;une manifestation le 18 juillet 2022, ce que condamne avec la plus grande fermet\u00e9 la FIJ. Il est notamment poursuivi pour \u00ab\u00a0incitation \u00e0 la d\u00e9sob\u00e9issance et voies de fait sur agent public\u00a0\u00bb.<\/p>\n<p>La FIJ \u00e9tudie \u00ab\u00a0une action contre le gouvernement tunisien devant l&rsquo;Organisation internationale du travail (OIT) \u00e0 Gen\u00e8ve, agence des Nations Unies, pour violation du droit de manifestation, et appelle toutes les organisations internationales de m\u00e9dias et de droits de l&rsquo;Homme \u00e0 condamner cette attaque injustifi\u00e9e contre le SNJT et \u00e0 activer toutes les formes de soutien et de solidarit\u00e9 envers son confr\u00e8re\u00a0\u00bb, indique un communiqu\u00e9 en date d\u2019hier.<\/p>\n<p>La FIJ consid\u00e8re en effet que \u00ab\u00a0ces poursuites judiciaires s&rsquo;inscrivent dans un contexte g\u00e9n\u00e9ral d\u2019atteinte \u00e0 la libert\u00e9 d&rsquo;expression et de la presse en Tunisie et constituent une menace s\u00e9rieuse aux acquis d\u00e9mocratiques de la Tunisie depuis la r\u00e9volution de 2011\u00a0\u00bb.<\/p>\n<p>Elle estime, en outre, \u00ab\u00a0ce ciblage comme une attaque injustifi\u00e9e contre l&rsquo;un de ses syndicats membres et appelle les autorit\u00e9s tunisiennes \u00e0 respecter leurs engagements internationaux et \u00e0 cesser d&rsquo;utiliser des dispositifs judiciaires et s\u00e9curitaires pour r\u00e9soudre des probl\u00e8mes qui ne peuvent \u00eatre r\u00e9solus que par le dialogue et la n\u00e9gociation\u00a0\u00bb.<\/p>\n","protected":false},"excerpt":{"rendered":"<p>La FIJ \u00e9tudie  une action contre le gouvernement tunisien devant l&rsquo;Organisation internationale du travail (OIT) \u00e0 Gen\u00e8ve<\/p>\n","protected":false},"author":3162,"featured_media":277788,"comment_status":"open","ping_status":"closed","sticky":false,"template":"","format":"standard","meta":{"footnotes":""},"categories":[44],"tags":[7260,9340,6152,2759],"class_list":["post-203262","post","type-post","status-publish","format-standard","has-post-thumbnail","hentry","category-national","tag-fij","tag-mohamed-yassine-jelassi","tag-poursuites","tag-snjt"],"yoast_head":"<!-- This site is optimized with the Yoast SEO Premium plugin v27.4 (Yoast SEO v27.4) - https:\/\/yoast.com\/product\/yoast-seo-premium-wordpress\/ -->\n<title>SNJT : La FIJ \u00e9tudie une action contre le gouvernement tunisien<\/title>\n<meta name=\"description\" content=\"La FIJ \u00e9tudie une action contre le gouvernement tunisien devant l&#039;Organisation internationale du travail (OIT) \u00e0 Gen\u00e8ve\" \/>\n<link rel=\"canonical\" href=\"https:\/\/www.webdo.tn\/fr\/actualite\/national\/poursuites-contre-le-president-du-snjt-la-fij-etudie-une-action-contre-le-gouvernement-tunisien\/203262\/\" \/>\n<meta property=\"og:locale\" content=\"fr_FR\" \/>\n<meta property=\"og:type\" content=\"article\" \/>\n<meta property=\"og:title\" content=\"SNJT : La FIJ &quot;\u00e9tudie une action contre le gouvernement tunisien&quot;\" \/>\n<meta property=\"og:description\" content=\"La FIJ \u00e9tudie une action contre le gouvernement tunisien devant l&#039;Organisation internationale du travail (OIT) \u00e0 Gen\u00e8ve\" \/>\n<meta property=\"og:url\" content=\"https:\/\/www.webdo.tn\/fr\/actualite\/national\/poursuites-contre-le-president-du-snjt-la-fij-etudie-une-action-contre-le-gouvernement-tunisien\/203262\/\" \/>\n<meta property=\"og:site_name\" content=\"webdo\" \/>\n<meta property=\"article:publisher\" content=\"https:\/\/www.facebook.com\/webdotn\" \/>\n<meta property=\"article:published_time\" content=\"2023-02-23T14:57:00+00:00\" \/>\n<meta property=\"article:modified_time\" content=\"2025-05-20T22:07:42+00:00\" \/>\n<meta property=\"og:image\" content=\"https:\/\/www.webdo.tn\/fr\/wp-content\/uploads\/2023\/02\/bb42a890589dca30fd51a9f7b419986a.jpg\" \/>\n\t<meta property=\"og:image:width\" content=\"750\" \/>\n\t<meta property=\"og:image:height\" content=\"400\" \/>\n\t<meta property=\"og:image:type\" content=\"image\/jpeg\" \/>\n<meta name=\"author\" content=\"MC\" \/>\n<meta name=\"twitter:card\" content=\"summary_large_image\" \/>\n<meta name=\"twitter:creator\" content=\"@webdo_tn\" \/>\n<meta name=\"twitter:site\" content=\"@webdo_tn\" \/>\n<meta name=\"twitter:label1\" content=\"\u00c9crit par\" \/>\n\t<meta name=\"twitter:data1\" content=\"MC\" \/>\n\t<meta name=\"twitter:label2\" content=\"Dur\u00e9e de lecture estim\u00e9e\" \/>\n\t<meta name=\"twitter:data2\" content=\"1 minute\" \/>\n<script type=\"application\/ld+json\" class=\"yoast-schema-graph\">{\"@context\":\"https:\\\/\\\/schema.org\",\"@graph\":[{\"@type\":\"NewsArticle\",\"@id\":\"https:\\\/\\\/www.webdo.tn\\\/fr\\\/actualite\\\/national\\\/poursuites-contre-le-president-du-snjt-la-fij-etudie-une-action-contre-le-gouvernement-tunisien\\\/203262\\\/#article\",\"isPartOf\":{\"@id\":\"https:\\\/\\\/www.webdo.tn\\\/fr\\\/actualite\\\/national\\\/poursuites-contre-le-president-du-snjt-la-fij-etudie-une-action-contre-le-gouvernement-tunisien\\\/203262\\\/\"},\"author\":{\"name\":\"MC\",\"@id\":\"https:\\\/\\\/www.webdo.tn\\\/fr\\\/#\\\/schema\\\/person\\\/2c4929cbf5a809e3bd38617c6ce150f6\"},\"headline\":\"SNJT : La FIJ \u00ab\u00a0\u00e9tudie une action contre le gouvernement tunisien\u00a0\u00bb\",\"datePublished\":\"2023-02-23T14:57:00+00:00\",\"dateModified\":\"2025-05-20T22:07:42+00:00\",\"mainEntityOfPage\":{\"@id\":\"https:\\\/\\\/www.webdo.tn\\\/fr\\\/actualite\\\/national\\\/poursuites-contre-le-president-du-snjt-la-fij-etudie-une-action-contre-le-gouvernement-tunisien\\\/203262\\\/\"},\"wordCount\":267,\"commentCount\":0,\"publisher\":{\"@id\":\"https:\\\/\\\/www.webdo.tn\\\/fr\\\/#organization\"},\"image\":{\"@id\":\"https:\\\/\\\/www.webdo.tn\\\/fr\\\/actualite\\\/national\\\/poursuites-contre-le-president-du-snjt-la-fij-etudie-une-action-contre-le-gouvernement-tunisien\\\/203262\\\/#primaryimage\"},\"thumbnailUrl\":\"https:\\\/\\\/www.webdo.tn\\\/fr\\\/wp-content\\\/uploads\\\/2023\\\/02\\\/bb42a890589dca30fd51a9f7b419986a.jpg\",\"keywords\":[\"FIJ\",\"mohamed yassine jelassi\",\"poursuites\",\"snjt\"],\"articleSection\":[\"National\"],\"inLanguage\":\"fr-FR\"},{\"@type\":\"WebPage\",\"@id\":\"https:\\\/\\\/www.webdo.tn\\\/fr\\\/actualite\\\/national\\\/poursuites-contre-le-president-du-snjt-la-fij-etudie-une-action-contre-le-gouvernement-tunisien\\\/203262\\\/\",\"url\":\"https:\\\/\\\/www.webdo.tn\\\/fr\\\/actualite\\\/national\\\/poursuites-contre-le-president-du-snjt-la-fij-etudie-une-action-contre-le-gouvernement-tunisien\\\/203262\\\/\",\"name\":\"SNJT : La FIJ \u00e9tudie une action contre le gouvernement tunisien\",\"isPartOf\":{\"@id\":\"https:\\\/\\\/www.webdo.tn\\\/fr\\\/#website\"},\"primaryImageOfPage\":{\"@id\":\"https:\\\/\\\/www.webdo.tn\\\/fr\\\/actualite\\\/national\\\/poursuites-contre-le-president-du-snjt-la-fij-etudie-une-action-contre-le-gouvernement-tunisien\\\/203262\\\/#primaryimage\"},\"image\":{\"@id\":\"https:\\\/\\\/www.webdo.tn\\\/fr\\\/actualite\\\/national\\\/poursuites-contre-le-president-du-snjt-la-fij-etudie-une-action-contre-le-gouvernement-tunisien\\\/203262\\\/#primaryimage\"},\"thumbnailUrl\":\"https:\\\/\\\/www.webdo.tn\\\/fr\\\/wp-content\\\/uploads\\\/2023\\\/02\\\/bb42a890589dca30fd51a9f7b419986a.jpg\",\"datePublished\":\"2023-02-23T14:57:00+00:00\",\"dateModified\":\"2025-05-20T22:07:42+00:00\",\"description\":\"La FIJ \u00e9tudie une action contre le gouvernement tunisien devant l'Organisation internationale du travail (OIT) \u00e0 Gen\u00e8ve\",\"breadcrumb\":{\"@id\":\"https:\\\/\\\/www.webdo.tn\\\/fr\\\/actualite\\\/national\\\/poursuites-contre-le-president-du-snjt-la-fij-etudie-une-action-contre-le-gouvernement-tunisien\\\/203262\\\/#breadcrumb\"},\"inLanguage\":\"fr-FR\",\"potentialAction\":[{\"@type\":\"ReadAction\",\"target\":[\"https:\\\/\\\/www.webdo.tn\\\/fr\\\/actualite\\\/national\\\/poursuites-contre-le-president-du-snjt-la-fij-etudie-une-action-contre-le-gouvernement-tunisien\\\/203262\\\/\"]}]},{\"@type\":\"ImageObject\",\"inLanguage\":\"fr-FR\",\"@id\":\"https:\\\/\\\/www.webdo.tn\\\/fr\\\/actualite\\\/national\\\/poursuites-contre-le-president-du-snjt-la-fij-etudie-une-action-contre-le-gouvernement-tunisien\\\/203262\\\/#primaryimage\",\"url\":\"https:\\\/\\\/www.webdo.tn\\\/fr\\\/wp-content\\\/uploads\\\/2023\\\/02\\\/bb42a890589dca30fd51a9f7b419986a.jpg\",\"contentUrl\":\"https:\\\/\\\/www.webdo.tn\\\/fr\\\/wp-content\\\/uploads\\\/2023\\\/02\\\/bb42a890589dca30fd51a9f7b419986a.jpg\",\"width\":750,\"height\":400,\"caption\":\"SNJT : La FIJ \\\"\u00e9tudie une action contre le gouvernement tunisien\\\"\"},{\"@type\":\"BreadcrumbList\",\"@id\":\"https:\\\/\\\/www.webdo.tn\\\/fr\\\/actualite\\\/national\\\/poursuites-contre-le-president-du-snjt-la-fij-etudie-une-action-contre-le-gouvernement-tunisien\\\/203262\\\/#breadcrumb\",\"itemListElement\":[{\"@type\":\"ListItem\",\"position\":1,\"name\":\"Accueil\",\"item\":\"https:\\\/\\\/www.webdo.tn\\\/fr\\\/\"},{\"@type\":\"ListItem\",\"position\":2,\"name\":\"SNJT : La FIJ \u00ab\u00a0\u00e9tudie une action contre le gouvernement tunisien\u00a0\u00bb\"}]},{\"@type\":\"WebSite\",\"@id\":\"https:\\\/\\\/www.webdo.tn\\\/fr\\\/#website\",\"url\":\"https:\\\/\\\/www.webdo.tn\\\/fr\\\/\",\"name\":\"webdo\",\"description\":\"Tunisie - News en Tunisie et \u00e0 l&#039;international sur Webdo.tn\",\"publisher\":{\"@id\":\"https:\\\/\\\/www.webdo.tn\\\/fr\\\/#organization\"},\"potentialAction\":[{\"@type\":\"SearchAction\",\"target\":{\"@type\":\"EntryPoint\",\"urlTemplate\":\"https:\\\/\\\/www.webdo.tn\\\/fr\\\/?s={search_term_string}\"},\"query-input\":{\"@type\":\"PropertyValueSpecification\",\"valueRequired\":true,\"valueName\":\"search_term_string\"}}],\"inLanguage\":\"fr-FR\"},{\"@type\":\"Organization\",\"@id\":\"https:\\\/\\\/www.webdo.tn\\\/fr\\\/#organization\",\"name\":\"Webdo\",\"alternateName\":\"Webdo.tn\",\"url\":\"https:\\\/\\\/www.webdo.tn\\\/fr\\\/\",\"logo\":{\"@type\":\"ImageObject\",\"inLanguage\":\"fr-FR\",\"@id\":\"https:\\\/\\\/www.webdo.tn\\\/fr\\\/#\\\/schema\\\/logo\\\/image\\\/\",\"url\":\"https:\\\/\\\/www.webdo.tn\\\/fr\\\/wp-content\\\/uploads\\\/2025\\\/06\\\/Webdo-Tunisie_168377.jpg\",\"contentUrl\":\"https:\\\/\\\/www.webdo.tn\\\/fr\\\/wp-content\\\/uploads\\\/2025\\\/06\\\/Webdo-Tunisie_168377.jpg\",\"width\":301,\"height\":301,\"caption\":\"Webdo\"},\"image\":{\"@id\":\"https:\\\/\\\/www.webdo.tn\\\/fr\\\/#\\\/schema\\\/logo\\\/image\\\/\"},\"sameAs\":[\"https:\\\/\\\/www.facebook.com\\\/webdotn\",\"https:\\\/\\\/x.com\\\/webdo_tn\"],\"description\":\"Webdo est un m\u00e9dia num\u00e9rique tunisien fond\u00e9 en 2010, sp\u00e9cialis\u00e9 dans l\u2019actualit\u00e9 nationale et internationale, l\u2019\u00e9conomie, la soci\u00e9t\u00e9 et les analyses politiques. Le site s\u2019adresse \u00e0 un large public francophone et couvre l\u2019information tunisienne en temps r\u00e9el.\",\"email\":\"redac@webdo.tn\",\"legalName\":\"YNJ SARL\",\"foundingDate\":\"2010-09-06\",\"numberOfEmployees\":{\"@type\":\"QuantitativeValue\",\"minValue\":\"11\",\"maxValue\":\"50\"}},{\"@type\":\"Person\",\"@id\":\"https:\\\/\\\/www.webdo.tn\\\/fr\\\/#\\\/schema\\\/person\\\/2c4929cbf5a809e3bd38617c6ce150f6\",\"name\":\"MC\",\"image\":{\"@type\":\"ImageObject\",\"inLanguage\":\"fr-FR\",\"@id\":\"https:\\\/\\\/secure.gravatar.com\\\/avatar\\\/a545bbb6f84efdd5553dbbc2895e3ca8f1d12c5215e00a041c9670b54aa9b18a?s=96&d=mm&r=g\",\"url\":\"https:\\\/\\\/secure.gravatar.com\\\/avatar\\\/a545bbb6f84efdd5553dbbc2895e3ca8f1d12c5215e00a041c9670b54aa9b18a?s=96&d=mm&r=g\",\"contentUrl\":\"https:\\\/\\\/secure.gravatar.com\\\/avatar\\\/a545bbb6f84efdd5553dbbc2895e3ca8f1d12c5215e00a041c9670b54aa9b18a?s=96&d=mm&r=g\",\"caption\":\"MC\"},\"url\":\"https:\\\/\\\/www.webdo.tn\\\/fr\\\/actualite\\\/author\\\/mc\\\/\"}]}<\/script>\n<!-- \/ Yoast SEO Premium plugin. -->","yoast_head_json":{"title":"SNJT : La FIJ \u00e9tudie une action contre le gouvernement tunisien","description":"La FIJ \u00e9tudie une action contre le gouvernement tunisien devant l'Organisation internationale du travail (OIT) \u00e0 Gen\u00e8ve","canonical":"https:\/\/www.webdo.tn\/fr\/actualite\/national\/poursuites-contre-le-president-du-snjt-la-fij-etudie-une-action-contre-le-gouvernement-tunisien\/203262\/","og_locale":"fr_FR","og_type":"article","og_title":"SNJT : La FIJ \"\u00e9tudie une action contre le gouvernement tunisien\"","og_description":"La FIJ \u00e9tudie une action contre le gouvernement tunisien devant l'Organisation internationale du travail (OIT) \u00e0 Gen\u00e8ve","og_url":"https:\/\/www.webdo.tn\/fr\/actualite\/national\/poursuites-contre-le-president-du-snjt-la-fij-etudie-une-action-contre-le-gouvernement-tunisien\/203262\/","og_site_name":"webdo","article_publisher":"https:\/\/www.facebook.com\/webdotn","article_published_time":"2023-02-23T14:57:00+00:00","article_modified_time":"2025-05-20T22:07:42+00:00","og_image":[{"width":750,"height":400,"url":"https:\/\/www.webdo.tn\/fr\/wp-content\/uploads\/2023\/02\/bb42a890589dca30fd51a9f7b419986a.jpg","type":"image\/jpeg"}],"author":"MC","twitter_card":"summary_large_image","twitter_creator":"@webdo_tn","twitter_site":"@webdo_tn","twitter_misc":{"\u00c9crit par":"MC","Dur\u00e9e de lecture estim\u00e9e":"1 minute"},"schema":{"@context":"https:\/\/schema.org","@graph":[{"@type":"NewsArticle","@id":"https:\/\/www.webdo.tn\/fr\/actualite\/national\/poursuites-contre-le-president-du-snjt-la-fij-etudie-une-action-contre-le-gouvernement-tunisien\/203262\/#article","isPartOf":{"@id":"https:\/\/www.webdo.tn\/fr\/actualite\/national\/poursuites-contre-le-president-du-snjt-la-fij-etudie-une-action-contre-le-gouvernement-tunisien\/203262\/"},"author":{"name":"MC","@id":"https:\/\/www.webdo.tn\/fr\/#\/schema\/person\/2c4929cbf5a809e3bd38617c6ce150f6"},"headline":"SNJT : La FIJ \u00ab\u00a0\u00e9tudie une action contre le gouvernement tunisien\u00a0\u00bb","datePublished":"2023-02-23T14:57:00+00:00","dateModified":"2025-05-20T22:07:42+00:00","mainEntityOfPage":{"@id":"https:\/\/www.webdo.tn\/fr\/actualite\/national\/poursuites-contre-le-president-du-snjt-la-fij-etudie-une-action-contre-le-gouvernement-tunisien\/203262\/"},"wordCount":267,"commentCount":0,"publisher":{"@id":"https:\/\/www.webdo.tn\/fr\/#organization"},"image":{"@id":"https:\/\/www.webdo.tn\/fr\/actualite\/national\/poursuites-contre-le-president-du-snjt-la-fij-etudie-une-action-contre-le-gouvernement-tunisien\/203262\/#primaryimage"},"thumbnailUrl":"https:\/\/www.webdo.tn\/fr\/wp-content\/uploads\/2023\/02\/bb42a890589dca30fd51a9f7b419986a.jpg","keywords":["FIJ","mohamed yassine jelassi","poursuites","snjt"],"articleSection":["National"],"inLanguage":"fr-FR"},{"@type":"WebPage","@id":"https:\/\/www.webdo.tn\/fr\/actualite\/national\/poursuites-contre-le-president-du-snjt-la-fij-etudie-une-action-contre-le-gouvernement-tunisien\/203262\/","url":"https:\/\/www.webdo.tn\/fr\/actualite\/national\/poursuites-contre-le-president-du-snjt-la-fij-etudie-une-action-contre-le-gouvernement-tunisien\/203262\/","name":"SNJT : La FIJ \u00e9tudie une action contre le gouvernement tunisien","isPartOf":{"@id":"https:\/\/www.webdo.tn\/fr\/#website"},"primaryImageOfPage":{"@id":"https:\/\/www.webdo.tn\/fr\/actualite\/national\/poursuites-contre-le-president-du-snjt-la-fij-etudie-une-action-contre-le-gouvernement-tunisien\/203262\/#primaryimage"},"image":{"@id":"https:\/\/www.webdo.tn\/fr\/actualite\/national\/poursuites-contre-le-president-du-snjt-la-fij-etudie-une-action-contre-le-gouvernement-tunisien\/203262\/#primaryimage"},"thumbnailUrl":"https:\/\/www.webdo.tn\/fr\/wp-content\/uploads\/2023\/02\/bb42a890589dca30fd51a9f7b419986a.jpg","datePublished":"2023-02-23T14:57:00+00:00","dateModified":"2025-05-20T22:07:42+00:00","description":"La FIJ \u00e9tudie une action contre le gouvernement tunisien devant l'Organisation internationale du travail (OIT) \u00e0 Gen\u00e8ve","breadcrumb":{"@id":"https:\/\/www.webdo.tn\/fr\/actualite\/national\/poursuites-contre-le-president-du-snjt-la-fij-etudie-une-action-contre-le-gouvernement-tunisien\/203262\/#breadcrumb"},"inLanguage":"fr-FR","potentialAction":[{"@type":"ReadAction","target":["https:\/\/www.webdo.tn\/fr\/actualite\/national\/poursuites-contre-le-president-du-snjt-la-fij-etudie-une-action-contre-le-gouvernement-tunisien\/203262\/"]}]},{"@type":"ImageObject","inLanguage":"fr-FR","@id":"https:\/\/www.webdo.tn\/fr\/actualite\/national\/poursuites-contre-le-president-du-snjt-la-fij-etudie-une-action-contre-le-gouvernement-tunisien\/203262\/#primaryimage","url":"https:\/\/www.webdo.tn\/fr\/wp-content\/uploads\/2023\/02\/bb42a890589dca30fd51a9f7b419986a.jpg","contentUrl":"https:\/\/www.webdo.tn\/fr\/wp-content\/uploads\/2023\/02\/bb42a890589dca30fd51a9f7b419986a.jpg","width":750,"height":400,"caption":"SNJT : La FIJ \"\u00e9tudie une action contre le gouvernement tunisien\""},{"@type":"BreadcrumbList","@id":"https:\/\/www.webdo.tn\/fr\/actualite\/national\/poursuites-contre-le-president-du-snjt-la-fij-etudie-une-action-contre-le-gouvernement-tunisien\/203262\/#breadcrumb","itemListElement":[{"@type":"ListItem","position":1,"name":"Accueil","item":"https:\/\/www.webdo.tn\/fr\/"},{"@type":"ListItem","position":2,"name":"SNJT : La FIJ \u00ab\u00a0\u00e9tudie une action contre le gouvernement tunisien\u00a0\u00bb"}]},{"@type":"WebSite","@id":"https:\/\/www.webdo.tn\/fr\/#website","url":"https:\/\/www.webdo.tn\/fr\/","name":"webdo","description":"Tunisie - News en Tunisie et \u00e0 l&#039;international sur Webdo.tn","publisher":{"@id":"https:\/\/www.webdo.tn\/fr\/#organization"},"potentialAction":[{"@type":"SearchAction","target":{"@type":"EntryPoint","urlTemplate":"https:\/\/www.webdo.tn\/fr\/?s={search_term_string}"},"query-input":{"@type":"PropertyValueSpecification","valueRequired":true,"valueName":"search_term_string"}}],"inLanguage":"fr-FR"},{"@type":"Organization","@id":"https:\/\/www.webdo.tn\/fr\/#organization","name":"Webdo","alternateName":"Webdo.tn","url":"https:\/\/www.webdo.tn\/fr\/","logo":{"@type":"ImageObject","inLanguage":"fr-FR","@id":"https:\/\/www.webdo.tn\/fr\/#\/schema\/logo\/image\/","url":"https:\/\/www.webdo.tn\/fr\/wp-content\/uploads\/2025\/06\/Webdo-Tunisie_168377.jpg","contentUrl":"https:\/\/www.webdo.tn\/fr\/wp-content\/uploads\/2025\/06\/Webdo-Tunisie_168377.jpg","width":301,"height":301,"caption":"Webdo"},"image":{"@id":"https:\/\/www.webdo.tn\/fr\/#\/schema\/logo\/image\/"},"sameAs":["https:\/\/www.facebook.com\/webdotn","https:\/\/x.com\/webdo_tn"],"description":"Webdo est un m\u00e9dia num\u00e9rique tunisien fond\u00e9 en 2010, sp\u00e9cialis\u00e9 dans l\u2019actualit\u00e9 nationale et internationale, l\u2019\u00e9conomie, la soci\u00e9t\u00e9 et les analyses politiques. Le site s\u2019adresse \u00e0 un large public francophone et couvre l\u2019information tunisienne en temps r\u00e9el.","email":"redac@webdo.tn","legalName":"YNJ SARL","foundingDate":"2010-09-06","numberOfEmployees":{"@type":"QuantitativeValue","minValue":"11","maxValue":"50"}},{"@type":"Person","@id":"https:\/\/www.webdo.tn\/fr\/#\/schema\/person\/2c4929cbf5a809e3bd38617c6ce150f6","name":"MC","image":{"@type":"ImageObject","inLanguage":"fr-FR","@id":"https:\/\/secure.gravatar.com\/avatar\/a545bbb6f84efdd5553dbbc2895e3ca8f1d12c5215e00a041c9670b54aa9b18a?s=96&d=mm&r=g","url":"https:\/\/secure.gravatar.com\/avatar\/a545bbb6f84efdd5553dbbc2895e3ca8f1d12c5215e00a041c9670b54aa9b18a?s=96&d=mm&r=g","contentUrl":"https:\/\/secure.gravatar.com\/avatar\/a545bbb6f84efdd5553dbbc2895e3ca8f1d12c5215e00a041c9670b54aa9b18a?s=96&d=mm&r=g","caption":"MC"},"url":"https:\/\/www.webdo.tn\/fr\/actualite\/author\/mc\/"}]}},"_links":{"self":[{"href":"https:\/\/www.webdo.tn\/fr\/wp-json\/wp\/v2\/posts\/203262","targetHints":{"allow":["GET"]}}],"collection":[{"href":"https:\/\/www.webdo.tn\/fr\/wp-json\/wp\/v2\/posts"}],"about":[{"href":"https:\/\/www.webdo.tn\/fr\/wp-json\/wp\/v2\/types\/post"}],"author":[{"embeddable":true,"href":"https:\/\/www.webdo.tn\/fr\/wp-json\/wp\/v2\/users\/3162"}],"replies":[{"embeddable":true,"href":"https:\/\/www.webdo.tn\/fr\/wp-json\/wp\/v2\/comments?post=203262"}],"version-history":[{"count":0,"href":"https:\/\/www.webdo.tn\/fr\/wp-json\/wp\/v2\/posts\/203262\/revisions"}],"wp:featuredmedia":[{"embeddable":true,"href":"https:\/\/www.webdo.tn\/fr\/wp-json\/wp\/v2\/media\/277788"}],"wp:attachment":[{"href":"https:\/\/www.webdo.tn\/fr\/wp-json\/wp\/v2\/media?parent=203262"}],"wp:term":[{"taxonomy":"category","embeddable":true,"href":"https:\/\/www.webdo.tn\/fr\/wp-json\/wp\/v2\/categories?post=203262"},{"taxonomy":"post_tag","embeddable":true,"href":"https:\/\/www.webdo.tn\/fr\/wp-json\/wp\/v2\/tags?post=203262"}],"curies":[{"name":"wp","href":"https:\/\/api.w.org\/{rel}","templated":true}]}}