{"id":203257,"date":"2023-02-23T12:52:00","date_gmt":"2023-02-23T12:52:00","guid":{"rendered":"https:\/\/www.webdo.tn\/fr\/blog\/attentat-du-bardo-maitre-philippe-de-veulle-demande-la-reouverture-du-proces\/203257\/"},"modified":"2025-05-20T22:59:14","modified_gmt":"2025-05-20T22:59:14","slug":"attentat-du-bardo-maitre-philippe-de-veulle-demande-la-reouverture-du-proces","status":"publish","type":"post","link":"https:\/\/www.webdo.tn\/fr\/actualite\/national\/attentat-du-bardo-maitre-philippe-de-veulle-demande-la-reouverture-du-proces\/203257\/","title":{"rendered":"Attentat du Bardo : Ma\u00eetre Philippe De Veulle demande la r\u00e9ouverture du proc\u00e8s !"},"content":{"rendered":"<p>Ma\u00eetre Philippe De Veulle, avocat de quatre victimes fran\u00e7aises de l\u2019attentat du Bardo en 2015, a d\u00e9clar\u00e9 au micro de TVL qu\u2019il allait demander la r\u00e9ouverture du proc\u00e8s apr\u00e8s l\u2019arrestation du juge Bechir Akremi\u2026<\/p>\n<p>\t\t\t\t\t\t\t\t\tL\u2019arrestation, le 12 f\u00e9vrier dernier, de B\u00e9chir Akremi puis son internement \u00e0 l\u2019asile psychiatrique de Razi a fait r\u00e9agir Ma\u00eetre Philippe De Veulle, l\u2019avocat de quatre victimes fran\u00e7aises de l\u2019attentat du Bardo.<\/p>\n<p>Avant-hier, au micro de TVL, il a soulign\u00e9 que \u00ab\u00a0suite \u00e0 ce nouveau rebondissement, nous demandons la r\u00e9ouverture du proc\u00e8s et des r\u00e9parations\u00a0\u00bb.<\/p>\n<p>Et de poursuivre : \u00ab\u00a0Le juge qui a instruit cette affaire du Bardo et que j\u2019avais mis en cause d\u00e8s le d\u00e9part, est accus\u00e9 d\u2019avoir \u00e9t\u00e9 complice avec les islamistes pour avoir rel\u00e2ch\u00e9 des pr\u00e9sum\u00e9s terroristes pour des motifs d\u2019actes de torture, jamais \u00e9tablis \u00e0 ce jour. D\u2019ailleurs, les familles des victimes avaient boycott\u00e9, \u00e0 l\u2019\u00e9poque, ce proc\u00e8s, et le verdict, rendu le 8 f\u00e9vrier 2019, pourrait bien avoir \u00e9t\u00e9 escamot\u00e9\u00a0\u00bb, s\u2019est plaint encore l\u2019avocat.<\/p>\n<p>\u00ab\u00a0Moi, je d\u00e9fends des victimes et je veux la manifestation de la v\u00e9rit\u00e9. Et Nous allons, par cons\u00e9quent, interagir aux nouveaux \u00e9l\u00e9ments de l\u2019enqu\u00eate\u00a0\u00bb.<\/p>\n<p>Ma\u00eetre De Veulle, qui a d\u00e9clar\u00e9 que cette action lui avait valu, \u00e0 l\u2019\u00e9poque, des menaces de mort, a salu\u00e9 l\u2019op\u00e9ration \u00ab\u00a0mains propres\u00a0\u00bb lanc\u00e9e par Kais Saied et l\u2019encourage \u00e0 aller jusqu\u2019au bout.<\/p>\n<p>L\u2019attaque du mus\u00e9e du Bardo qui a lieu le 18 mars 2015, vers 12h30, au Mus\u00e9e du Bardo, a caus\u00e9 la mort de 24 personnes (21 touristes, un agent des forces de l&rsquo;ordre et deux terroristes) et fait 45 bless\u00e9s. L&rsquo;attaque a \u00e9t\u00e9 revendiqu\u00e9e le lendemain par l&rsquo;\u00c9tat islamique.<\/p>\n","protected":false},"excerpt":{"rendered":"<p>Ma\u00eetre Philippe De Veulle veut rouvrir le proc\u00e8s des attentats du Bardo apr\u00e8s l\u2019arrestation du juge Bechir Akremi<\/p>\n","protected":false},"author":3188,"featured_media":277787,"comment_status":"open","ping_status":"closed","sticky":false,"template":"","format":"standard","meta":{"footnotes":""},"categories":[44],"tags":[9339,5457,3261],"class_list":["post-203257","post","type-post","status-publish","format-standard","has-post-thumbnail","hentry","category-national","tag-attentats-du-bardo","tag-bechir-akremi","tag-proces"],"yoast_head":"<!-- This site is optimized with the Yoast SEO Premium plugin v27.4 (Yoast SEO v27.5) - https:\/\/yoast.com\/product\/yoast-seo-premium-wordpress\/ -->\n<title>Attentat du Bardo : Ma\u00eetre Philippe De Veulle demande la r\u00e9ouverture du proc\u00e8s !<\/title>\n<meta name=\"description\" content=\"Ma\u00eetre Philippe De Veulle veut rouvrir le proc\u00e8s des attentats du Bardo apr\u00e8s l\u2019arrestation du juge Bechir Akremi\" \/>\n<link rel=\"canonical\" href=\"https:\/\/www.webdo.tn\/fr\/actualite\/national\/attentat-du-bardo-maitre-philippe-de-veulle-demande-la-reouverture-du-proces\/203257\/\" \/>\n<meta property=\"og:locale\" content=\"fr_FR\" \/>\n<meta property=\"og:type\" content=\"article\" \/>\n<meta property=\"og:title\" content=\"Attentat du Bardo : Ma\u00eetre Philippe De Veulle demande la r\u00e9ouverture du proc\u00e8s !\" \/>\n<meta property=\"og:description\" content=\"Ma\u00eetre Philippe De Veulle veut rouvrir le proc\u00e8s des attentats du Bardo apr\u00e8s l\u2019arrestation du juge Bechir Akremi\" \/>\n<meta property=\"og:url\" content=\"https:\/\/www.webdo.tn\/fr\/actualite\/national\/attentat-du-bardo-maitre-philippe-de-veulle-demande-la-reouverture-du-proces\/203257\/\" \/>\n<meta property=\"og:site_name\" content=\"webdo\" \/>\n<meta property=\"article:publisher\" content=\"https:\/\/www.facebook.com\/webdotn\" \/>\n<meta property=\"article:published_time\" content=\"2023-02-23T12:52:00+00:00\" \/>\n<meta property=\"article:modified_time\" content=\"2025-05-20T22:59:14+00:00\" \/>\n<meta property=\"og:image\" content=\"https:\/\/www.webdo.tn\/fr\/wp-content\/uploads\/2023\/02\/919cff156afda6e57bc852d05d796fe6.jpg\" \/>\n\t<meta property=\"og:image:width\" content=\"750\" \/>\n\t<meta property=\"og:image:height\" content=\"400\" \/>\n\t<meta property=\"og:image:type\" content=\"image\/jpeg\" \/>\n<meta name=\"author\" content=\"Ramzi\" \/>\n<meta name=\"twitter:card\" content=\"summary_large_image\" \/>\n<meta name=\"twitter:creator\" content=\"@webdo_tn\" \/>\n<meta name=\"twitter:site\" content=\"@webdo_tn\" \/>\n<meta name=\"twitter:label1\" content=\"\u00c9crit par\" \/>\n\t<meta name=\"twitter:data1\" content=\"Ramzi\" \/>\n\t<meta name=\"twitter:label2\" content=\"Dur\u00e9e de lecture estim\u00e9e\" \/>\n\t<meta name=\"twitter:data2\" content=\"2 minutes\" \/>\n<script type=\"application\/ld+json\" class=\"yoast-schema-graph\">{\"@context\":\"https:\\\/\\\/schema.org\",\"@graph\":[{\"@type\":\"NewsArticle\",\"@id\":\"https:\\\/\\\/www.webdo.tn\\\/fr\\\/actualite\\\/national\\\/attentat-du-bardo-maitre-philippe-de-veulle-demande-la-reouverture-du-proces\\\/203257\\\/#article\",\"isPartOf\":{\"@id\":\"https:\\\/\\\/www.webdo.tn\\\/fr\\\/actualite\\\/national\\\/attentat-du-bardo-maitre-philippe-de-veulle-demande-la-reouverture-du-proces\\\/203257\\\/\"},\"author\":{\"name\":\"Ramzi\",\"@id\":\"https:\\\/\\\/www.webdo.tn\\\/fr\\\/#\\\/schema\\\/person\\\/590cb5f81adcfde6385530fdbdf468e2\"},\"headline\":\"Attentat du Bardo : Ma\u00eetre Philippe De Veulle demande la r\u00e9ouverture du proc\u00e8s !\",\"datePublished\":\"2023-02-23T12:52:00+00:00\",\"dateModified\":\"2025-05-20T22:59:14+00:00\",\"mainEntityOfPage\":{\"@id\":\"https:\\\/\\\/www.webdo.tn\\\/fr\\\/actualite\\\/national\\\/attentat-du-bardo-maitre-philippe-de-veulle-demande-la-reouverture-du-proces\\\/203257\\\/\"},\"wordCount\":326,\"commentCount\":0,\"publisher\":{\"@id\":\"https:\\\/\\\/www.webdo.tn\\\/fr\\\/#organization\"},\"image\":{\"@id\":\"https:\\\/\\\/www.webdo.tn\\\/fr\\\/actualite\\\/national\\\/attentat-du-bardo-maitre-philippe-de-veulle-demande-la-reouverture-du-proces\\\/203257\\\/#primaryimage\"},\"thumbnailUrl\":\"https:\\\/\\\/www.webdo.tn\\\/fr\\\/wp-content\\\/uploads\\\/2023\\\/02\\\/919cff156afda6e57bc852d05d796fe6.jpg\",\"keywords\":[\"attentats du bardo\",\"bechir akremi\",\"proc\u00e8s\"],\"articleSection\":[\"National\"],\"inLanguage\":\"fr-FR\"},{\"@type\":\"WebPage\",\"@id\":\"https:\\\/\\\/www.webdo.tn\\\/fr\\\/actualite\\\/national\\\/attentat-du-bardo-maitre-philippe-de-veulle-demande-la-reouverture-du-proces\\\/203257\\\/\",\"url\":\"https:\\\/\\\/www.webdo.tn\\\/fr\\\/actualite\\\/national\\\/attentat-du-bardo-maitre-philippe-de-veulle-demande-la-reouverture-du-proces\\\/203257\\\/\",\"name\":\"Attentat du Bardo : Ma\u00eetre Philippe De Veulle demande la r\u00e9ouverture du proc\u00e8s !\",\"isPartOf\":{\"@id\":\"https:\\\/\\\/www.webdo.tn\\\/fr\\\/#website\"},\"primaryImageOfPage\":{\"@id\":\"https:\\\/\\\/www.webdo.tn\\\/fr\\\/actualite\\\/national\\\/attentat-du-bardo-maitre-philippe-de-veulle-demande-la-reouverture-du-proces\\\/203257\\\/#primaryimage\"},\"image\":{\"@id\":\"https:\\\/\\\/www.webdo.tn\\\/fr\\\/actualite\\\/national\\\/attentat-du-bardo-maitre-philippe-de-veulle-demande-la-reouverture-du-proces\\\/203257\\\/#primaryimage\"},\"thumbnailUrl\":\"https:\\\/\\\/www.webdo.tn\\\/fr\\\/wp-content\\\/uploads\\\/2023\\\/02\\\/919cff156afda6e57bc852d05d796fe6.jpg\",\"datePublished\":\"2023-02-23T12:52:00+00:00\",\"dateModified\":\"2025-05-20T22:59:14+00:00\",\"description\":\"Ma\u00eetre Philippe De Veulle veut rouvrir le proc\u00e8s des attentats du Bardo apr\u00e8s l\u2019arrestation du juge Bechir Akremi\",\"breadcrumb\":{\"@id\":\"https:\\\/\\\/www.webdo.tn\\\/fr\\\/actualite\\\/national\\\/attentat-du-bardo-maitre-philippe-de-veulle-demande-la-reouverture-du-proces\\\/203257\\\/#breadcrumb\"},\"inLanguage\":\"fr-FR\",\"potentialAction\":[{\"@type\":\"ReadAction\",\"target\":[\"https:\\\/\\\/www.webdo.tn\\\/fr\\\/actualite\\\/national\\\/attentat-du-bardo-maitre-philippe-de-veulle-demande-la-reouverture-du-proces\\\/203257\\\/\"]}]},{\"@type\":\"ImageObject\",\"inLanguage\":\"fr-FR\",\"@id\":\"https:\\\/\\\/www.webdo.tn\\\/fr\\\/actualite\\\/national\\\/attentat-du-bardo-maitre-philippe-de-veulle-demande-la-reouverture-du-proces\\\/203257\\\/#primaryimage\",\"url\":\"https:\\\/\\\/www.webdo.tn\\\/fr\\\/wp-content\\\/uploads\\\/2023\\\/02\\\/919cff156afda6e57bc852d05d796fe6.jpg\",\"contentUrl\":\"https:\\\/\\\/www.webdo.tn\\\/fr\\\/wp-content\\\/uploads\\\/2023\\\/02\\\/919cff156afda6e57bc852d05d796fe6.jpg\",\"width\":750,\"height\":400,\"caption\":\"bechir Akremi, Philippe De Veulle\"},{\"@type\":\"BreadcrumbList\",\"@id\":\"https:\\\/\\\/www.webdo.tn\\\/fr\\\/actualite\\\/national\\\/attentat-du-bardo-maitre-philippe-de-veulle-demande-la-reouverture-du-proces\\\/203257\\\/#breadcrumb\",\"itemListElement\":[{\"@type\":\"ListItem\",\"position\":1,\"name\":\"Accueil\",\"item\":\"https:\\\/\\\/www.webdo.tn\\\/fr\\\/\"},{\"@type\":\"ListItem\",\"position\":2,\"name\":\"Attentat du Bardo : Ma\u00eetre Philippe De Veulle demande la r\u00e9ouverture du proc\u00e8s !\"}]},{\"@type\":\"WebSite\",\"@id\":\"https:\\\/\\\/www.webdo.tn\\\/fr\\\/#website\",\"url\":\"https:\\\/\\\/www.webdo.tn\\\/fr\\\/\",\"name\":\"webdo\",\"description\":\"Tunisie - News en Tunisie et \u00e0 l&#039;international sur Webdo.tn\",\"publisher\":{\"@id\":\"https:\\\/\\\/www.webdo.tn\\\/fr\\\/#organization\"},\"potentialAction\":[{\"@type\":\"SearchAction\",\"target\":{\"@type\":\"EntryPoint\",\"urlTemplate\":\"https:\\\/\\\/www.webdo.tn\\\/fr\\\/?s={search_term_string}\"},\"query-input\":{\"@type\":\"PropertyValueSpecification\",\"valueRequired\":true,\"valueName\":\"search_term_string\"}}],\"inLanguage\":\"fr-FR\"},{\"@type\":\"Organization\",\"@id\":\"https:\\\/\\\/www.webdo.tn\\\/fr\\\/#organization\",\"name\":\"Webdo\",\"alternateName\":\"Webdo.tn\",\"url\":\"https:\\\/\\\/www.webdo.tn\\\/fr\\\/\",\"logo\":{\"@type\":\"ImageObject\",\"inLanguage\":\"fr-FR\",\"@id\":\"https:\\\/\\\/www.webdo.tn\\\/fr\\\/#\\\/schema\\\/logo\\\/image\\\/\",\"url\":\"https:\\\/\\\/www.webdo.tn\\\/fr\\\/wp-content\\\/uploads\\\/2025\\\/06\\\/Webdo-Tunisie_168377.jpg\",\"contentUrl\":\"https:\\\/\\\/www.webdo.tn\\\/fr\\\/wp-content\\\/uploads\\\/2025\\\/06\\\/Webdo-Tunisie_168377.jpg\",\"width\":301,\"height\":301,\"caption\":\"Webdo\"},\"image\":{\"@id\":\"https:\\\/\\\/www.webdo.tn\\\/fr\\\/#\\\/schema\\\/logo\\\/image\\\/\"},\"sameAs\":[\"https:\\\/\\\/www.facebook.com\\\/webdotn\",\"https:\\\/\\\/x.com\\\/webdo_tn\"],\"description\":\"Webdo est un m\u00e9dia num\u00e9rique tunisien fond\u00e9 en 2010, sp\u00e9cialis\u00e9 dans l\u2019actualit\u00e9 nationale et internationale, l\u2019\u00e9conomie, la soci\u00e9t\u00e9 et les analyses politiques. Le site s\u2019adresse \u00e0 un large public francophone et couvre l\u2019information tunisienne en temps r\u00e9el.\",\"email\":\"redac@webdo.tn\",\"legalName\":\"YNJ SARL\",\"foundingDate\":\"2010-09-06\",\"numberOfEmployees\":{\"@type\":\"QuantitativeValue\",\"minValue\":\"11\",\"maxValue\":\"50\"}},{\"@type\":\"Person\",\"@id\":\"https:\\\/\\\/www.webdo.tn\\\/fr\\\/#\\\/schema\\\/person\\\/590cb5f81adcfde6385530fdbdf468e2\",\"name\":\"Ramzi\",\"image\":{\"@type\":\"ImageObject\",\"inLanguage\":\"fr-FR\",\"@id\":\"https:\\\/\\\/secure.gravatar.com\\\/avatar\\\/48df7d18915e10cf866ba8e27604c81ff9243fd52704a1d210c3e387e1cb8d87?s=96&d=mm&r=g\",\"url\":\"https:\\\/\\\/secure.gravatar.com\\\/avatar\\\/48df7d18915e10cf866ba8e27604c81ff9243fd52704a1d210c3e387e1cb8d87?s=96&d=mm&r=g\",\"contentUrl\":\"https:\\\/\\\/secure.gravatar.com\\\/avatar\\\/48df7d18915e10cf866ba8e27604c81ff9243fd52704a1d210c3e387e1cb8d87?s=96&d=mm&r=g\",\"caption\":\"Ramzi\"},\"url\":\"https:\\\/\\\/www.webdo.tn\\\/fr\\\/actualite\\\/author\\\/ramzi\\\/\"}]}<\/script>\n<!-- \/ Yoast SEO Premium plugin. -->","yoast_head_json":{"title":"Attentat du Bardo : Ma\u00eetre Philippe De Veulle demande la r\u00e9ouverture du proc\u00e8s !","description":"Ma\u00eetre Philippe De Veulle veut rouvrir le proc\u00e8s des attentats du Bardo apr\u00e8s l\u2019arrestation du juge Bechir Akremi","canonical":"https:\/\/www.webdo.tn\/fr\/actualite\/national\/attentat-du-bardo-maitre-philippe-de-veulle-demande-la-reouverture-du-proces\/203257\/","og_locale":"fr_FR","og_type":"article","og_title":"Attentat du Bardo : Ma\u00eetre Philippe De Veulle demande la r\u00e9ouverture du proc\u00e8s !","og_description":"Ma\u00eetre Philippe De Veulle veut rouvrir le proc\u00e8s des attentats du Bardo apr\u00e8s l\u2019arrestation du juge Bechir Akremi","og_url":"https:\/\/www.webdo.tn\/fr\/actualite\/national\/attentat-du-bardo-maitre-philippe-de-veulle-demande-la-reouverture-du-proces\/203257\/","og_site_name":"webdo","article_publisher":"https:\/\/www.facebook.com\/webdotn","article_published_time":"2023-02-23T12:52:00+00:00","article_modified_time":"2025-05-20T22:59:14+00:00","og_image":[{"width":750,"height":400,"url":"https:\/\/www.webdo.tn\/fr\/wp-content\/uploads\/2023\/02\/919cff156afda6e57bc852d05d796fe6.jpg","type":"image\/jpeg"}],"author":"Ramzi","twitter_card":"summary_large_image","twitter_creator":"@webdo_tn","twitter_site":"@webdo_tn","twitter_misc":{"\u00c9crit par":"Ramzi","Dur\u00e9e de lecture estim\u00e9e":"2 minutes"},"schema":{"@context":"https:\/\/schema.org","@graph":[{"@type":"NewsArticle","@id":"https:\/\/www.webdo.tn\/fr\/actualite\/national\/attentat-du-bardo-maitre-philippe-de-veulle-demande-la-reouverture-du-proces\/203257\/#article","isPartOf":{"@id":"https:\/\/www.webdo.tn\/fr\/actualite\/national\/attentat-du-bardo-maitre-philippe-de-veulle-demande-la-reouverture-du-proces\/203257\/"},"author":{"name":"Ramzi","@id":"https:\/\/www.webdo.tn\/fr\/#\/schema\/person\/590cb5f81adcfde6385530fdbdf468e2"},"headline":"Attentat du Bardo : Ma\u00eetre Philippe De Veulle demande la r\u00e9ouverture du proc\u00e8s !","datePublished":"2023-02-23T12:52:00+00:00","dateModified":"2025-05-20T22:59:14+00:00","mainEntityOfPage":{"@id":"https:\/\/www.webdo.tn\/fr\/actualite\/national\/attentat-du-bardo-maitre-philippe-de-veulle-demande-la-reouverture-du-proces\/203257\/"},"wordCount":326,"commentCount":0,"publisher":{"@id":"https:\/\/www.webdo.tn\/fr\/#organization"},"image":{"@id":"https:\/\/www.webdo.tn\/fr\/actualite\/national\/attentat-du-bardo-maitre-philippe-de-veulle-demande-la-reouverture-du-proces\/203257\/#primaryimage"},"thumbnailUrl":"https:\/\/www.webdo.tn\/fr\/wp-content\/uploads\/2023\/02\/919cff156afda6e57bc852d05d796fe6.jpg","keywords":["attentats du bardo","bechir akremi","proc\u00e8s"],"articleSection":["National"],"inLanguage":"fr-FR"},{"@type":"WebPage","@id":"https:\/\/www.webdo.tn\/fr\/actualite\/national\/attentat-du-bardo-maitre-philippe-de-veulle-demande-la-reouverture-du-proces\/203257\/","url":"https:\/\/www.webdo.tn\/fr\/actualite\/national\/attentat-du-bardo-maitre-philippe-de-veulle-demande-la-reouverture-du-proces\/203257\/","name":"Attentat du Bardo : Ma\u00eetre Philippe De Veulle demande la r\u00e9ouverture du proc\u00e8s !","isPartOf":{"@id":"https:\/\/www.webdo.tn\/fr\/#website"},"primaryImageOfPage":{"@id":"https:\/\/www.webdo.tn\/fr\/actualite\/national\/attentat-du-bardo-maitre-philippe-de-veulle-demande-la-reouverture-du-proces\/203257\/#primaryimage"},"image":{"@id":"https:\/\/www.webdo.tn\/fr\/actualite\/national\/attentat-du-bardo-maitre-philippe-de-veulle-demande-la-reouverture-du-proces\/203257\/#primaryimage"},"thumbnailUrl":"https:\/\/www.webdo.tn\/fr\/wp-content\/uploads\/2023\/02\/919cff156afda6e57bc852d05d796fe6.jpg","datePublished":"2023-02-23T12:52:00+00:00","dateModified":"2025-05-20T22:59:14+00:00","description":"Ma\u00eetre Philippe De Veulle veut rouvrir le proc\u00e8s des attentats du Bardo apr\u00e8s l\u2019arrestation du juge Bechir Akremi","breadcrumb":{"@id":"https:\/\/www.webdo.tn\/fr\/actualite\/national\/attentat-du-bardo-maitre-philippe-de-veulle-demande-la-reouverture-du-proces\/203257\/#breadcrumb"},"inLanguage":"fr-FR","potentialAction":[{"@type":"ReadAction","target":["https:\/\/www.webdo.tn\/fr\/actualite\/national\/attentat-du-bardo-maitre-philippe-de-veulle-demande-la-reouverture-du-proces\/203257\/"]}]},{"@type":"ImageObject","inLanguage":"fr-FR","@id":"https:\/\/www.webdo.tn\/fr\/actualite\/national\/attentat-du-bardo-maitre-philippe-de-veulle-demande-la-reouverture-du-proces\/203257\/#primaryimage","url":"https:\/\/www.webdo.tn\/fr\/wp-content\/uploads\/2023\/02\/919cff156afda6e57bc852d05d796fe6.jpg","contentUrl":"https:\/\/www.webdo.tn\/fr\/wp-content\/uploads\/2023\/02\/919cff156afda6e57bc852d05d796fe6.jpg","width":750,"height":400,"caption":"bechir Akremi, Philippe De Veulle"},{"@type":"BreadcrumbList","@id":"https:\/\/www.webdo.tn\/fr\/actualite\/national\/attentat-du-bardo-maitre-philippe-de-veulle-demande-la-reouverture-du-proces\/203257\/#breadcrumb","itemListElement":[{"@type":"ListItem","position":1,"name":"Accueil","item":"https:\/\/www.webdo.tn\/fr\/"},{"@type":"ListItem","position":2,"name":"Attentat du Bardo : Ma\u00eetre Philippe De Veulle demande la r\u00e9ouverture du proc\u00e8s !"}]},{"@type":"WebSite","@id":"https:\/\/www.webdo.tn\/fr\/#website","url":"https:\/\/www.webdo.tn\/fr\/","name":"webdo","description":"Tunisie - News en Tunisie et \u00e0 l&#039;international sur Webdo.tn","publisher":{"@id":"https:\/\/www.webdo.tn\/fr\/#organization"},"potentialAction":[{"@type":"SearchAction","target":{"@type":"EntryPoint","urlTemplate":"https:\/\/www.webdo.tn\/fr\/?s={search_term_string}"},"query-input":{"@type":"PropertyValueSpecification","valueRequired":true,"valueName":"search_term_string"}}],"inLanguage":"fr-FR"},{"@type":"Organization","@id":"https:\/\/www.webdo.tn\/fr\/#organization","name":"Webdo","alternateName":"Webdo.tn","url":"https:\/\/www.webdo.tn\/fr\/","logo":{"@type":"ImageObject","inLanguage":"fr-FR","@id":"https:\/\/www.webdo.tn\/fr\/#\/schema\/logo\/image\/","url":"https:\/\/www.webdo.tn\/fr\/wp-content\/uploads\/2025\/06\/Webdo-Tunisie_168377.jpg","contentUrl":"https:\/\/www.webdo.tn\/fr\/wp-content\/uploads\/2025\/06\/Webdo-Tunisie_168377.jpg","width":301,"height":301,"caption":"Webdo"},"image":{"@id":"https:\/\/www.webdo.tn\/fr\/#\/schema\/logo\/image\/"},"sameAs":["https:\/\/www.facebook.com\/webdotn","https:\/\/x.com\/webdo_tn"],"description":"Webdo est un m\u00e9dia num\u00e9rique tunisien fond\u00e9 en 2010, sp\u00e9cialis\u00e9 dans l\u2019actualit\u00e9 nationale et internationale, l\u2019\u00e9conomie, la soci\u00e9t\u00e9 et les analyses politiques. Le site s\u2019adresse \u00e0 un large public francophone et couvre l\u2019information tunisienne en temps r\u00e9el.","email":"redac@webdo.tn","legalName":"YNJ SARL","foundingDate":"2010-09-06","numberOfEmployees":{"@type":"QuantitativeValue","minValue":"11","maxValue":"50"}},{"@type":"Person","@id":"https:\/\/www.webdo.tn\/fr\/#\/schema\/person\/590cb5f81adcfde6385530fdbdf468e2","name":"Ramzi","image":{"@type":"ImageObject","inLanguage":"fr-FR","@id":"https:\/\/secure.gravatar.com\/avatar\/48df7d18915e10cf866ba8e27604c81ff9243fd52704a1d210c3e387e1cb8d87?s=96&d=mm&r=g","url":"https:\/\/secure.gravatar.com\/avatar\/48df7d18915e10cf866ba8e27604c81ff9243fd52704a1d210c3e387e1cb8d87?s=96&d=mm&r=g","contentUrl":"https:\/\/secure.gravatar.com\/avatar\/48df7d18915e10cf866ba8e27604c81ff9243fd52704a1d210c3e387e1cb8d87?s=96&d=mm&r=g","caption":"Ramzi"},"url":"https:\/\/www.webdo.tn\/fr\/actualite\/author\/ramzi\/"}]}},"_links":{"self":[{"href":"https:\/\/www.webdo.tn\/fr\/wp-json\/wp\/v2\/posts\/203257","targetHints":{"allow":["GET"]}}],"collection":[{"href":"https:\/\/www.webdo.tn\/fr\/wp-json\/wp\/v2\/posts"}],"about":[{"href":"https:\/\/www.webdo.tn\/fr\/wp-json\/wp\/v2\/types\/post"}],"author":[{"embeddable":true,"href":"https:\/\/www.webdo.tn\/fr\/wp-json\/wp\/v2\/users\/3188"}],"replies":[{"embeddable":true,"href":"https:\/\/www.webdo.tn\/fr\/wp-json\/wp\/v2\/comments?post=203257"}],"version-history":[{"count":0,"href":"https:\/\/www.webdo.tn\/fr\/wp-json\/wp\/v2\/posts\/203257\/revisions"}],"wp:featuredmedia":[{"embeddable":true,"href":"https:\/\/www.webdo.tn\/fr\/wp-json\/wp\/v2\/media\/277787"}],"wp:attachment":[{"href":"https:\/\/www.webdo.tn\/fr\/wp-json\/wp\/v2\/media?parent=203257"}],"wp:term":[{"taxonomy":"category","embeddable":true,"href":"https:\/\/www.webdo.tn\/fr\/wp-json\/wp\/v2\/categories?post=203257"},{"taxonomy":"post_tag","embeddable":true,"href":"https:\/\/www.webdo.tn\/fr\/wp-json\/wp\/v2\/tags?post=203257"}],"curies":[{"name":"wp","href":"https:\/\/api.w.org\/{rel}","templated":true}]}}