{"id":203252,"date":"2023-02-23T10:19:00","date_gmt":"2023-02-23T10:19:00","guid":{"rendered":"https:\/\/www.webdo.tn\/fr\/blog\/al-joumhouri-denonce-l-enlevement-de-issam-chebbi\/203252\/"},"modified":"2025-05-20T22:07:41","modified_gmt":"2025-05-20T22:07:41","slug":"al-joumhouri-denonce-l-enlevement-de-issam-chebbi","status":"publish","type":"post","link":"https:\/\/www.webdo.tn\/fr\/actualite\/national\/al-joumhouri-denonce-l-enlevement-de-issam-chebbi\/203252\/","title":{"rendered":"Al-Joumhouri d\u00e9nonce \u00ab\u00a0l\u2019enl\u00e8vement\u00a0\u00bb de Issam Chebbi"},"content":{"rendered":"<p>En annon\u00e7ant, hier soir, l\u2019arrestation de son Secr\u00e9taire g\u00e9n\u00e9ral, Issam Chebbi, le parti Al-Joumhouri a d\u00e9nonc\u00e9 un \u00ab\u00a0enl\u00e8vement\u00a0\u00bb.<\/p>\n<p>\t\t\t\t\t\t\t\t\tEn marge de l\u2019arrestation de Issam Chebbi, Al-Joumhouri a r\u00e9agi en publiant un communiqu\u00e9, dans lequel le parti d\u00e9nonce \u00ab\u00a0l\u2019enl\u00e8vement\u00a0\u00bb de son Secr\u00e9taire g\u00e9n\u00e9ral et fait assumer sa s\u00e9curit\u00e9 au pouvoir tout en r\u00e9clamant sa lib\u00e9ration imm\u00e9diate.<\/p>\n<p>Al-Joumhouri a qualifi\u00e9 cette arrestation, comme \u00e9tant \u00ab\u00a0une escalade dans le cadre d\u2019une campagne d\u2019arrestations anarchiques ayant touch\u00e9 des personnalit\u00e9s politiques, syndicales, m\u00e9diatiques du fait de leurs positions nationales\u00a0\u00bb.<\/p>\n<p>Le parti rappelle que \u00ab\u00a0Issam Chebbi a \u00e9t\u00e9 arr\u00eat\u00e9 alors qu\u2019il \u00e9tait au volant de sa voiture accompagn\u00e9 de son \u00e9pouse. La brigade s\u00e9curitaire qui l\u2019a interpell\u00e9 a \u00e9galement perquisitionn\u00e9 son domicile, et l\u2019a mis \u00e0 la disposition de la brigade anti-terroriste sans pr\u00e9senter un ordre judiciaire\u00a0\u00bb, pr\u00e9cise le communiqu\u00e9, relay\u00e9 par l\u2019agence TAP.<\/p>\n","protected":false},"excerpt":{"rendered":"<p>En annon\u00e7ant, hier soir, l\u2019arrestation de son Secr\u00e9taire g\u00e9n\u00e9ral, Issam Chebbi, le parti Al-Joumhouri a d\u00e9nonc\u00e9 un  enl\u00e8vement .<\/p>\n","protected":false},"author":3162,"featured_media":277785,"comment_status":"open","ping_status":"closed","sticky":false,"template":"","format":"standard","meta":{"footnotes":""},"categories":[44],"tags":[9338,2966,8053],"class_list":["post-203252","post","type-post","status-publish","format-standard","has-post-thumbnail","hentry","category-national","tag-al-joumhouri","tag-arrestation","tag-issam-chebbi"],"yoast_head":"<!-- This site is optimized with the Yoast SEO Premium plugin v27.5 (Yoast SEO v27.5) - https:\/\/yoast.com\/product\/yoast-seo-premium-wordpress\/ -->\n<title>Al-Joumhouri d\u00e9nonce l\u2019enl\u00e8vement de Issam Chebbi<\/title>\n<meta name=\"description\" content=\"En annon\u00e7ant, hier soir, l\u2019arrestation de son Secr\u00e9taire g\u00e9n\u00e9ral, Issam Chebbi, le parti Al-Joumhouri a d\u00e9nonc\u00e9 un enl\u00e8vement .\" \/>\n<link rel=\"canonical\" href=\"https:\/\/www.webdo.tn\/fr\/actualite\/national\/al-joumhouri-denonce-l-enlevement-de-issam-chebbi\/203252\/\" \/>\n<meta property=\"og:locale\" content=\"fr_FR\" \/>\n<meta property=\"og:type\" content=\"article\" \/>\n<meta property=\"og:title\" content=\"Al-Joumhouri d\u00e9nonce &quot;l\u2019enl\u00e8vement&quot; de Issam Chebbi\" \/>\n<meta property=\"og:description\" content=\"En annon\u00e7ant, hier soir, l\u2019arrestation de son Secr\u00e9taire g\u00e9n\u00e9ral, Issam Chebbi, le parti Al-Joumhouri a d\u00e9nonc\u00e9 un enl\u00e8vement .\" \/>\n<meta property=\"og:url\" content=\"https:\/\/www.webdo.tn\/fr\/actualite\/national\/al-joumhouri-denonce-l-enlevement-de-issam-chebbi\/203252\/\" \/>\n<meta property=\"og:site_name\" content=\"webdo\" \/>\n<meta property=\"article:publisher\" content=\"https:\/\/www.facebook.com\/webdotn\" \/>\n<meta property=\"article:published_time\" content=\"2023-02-23T10:19:00+00:00\" \/>\n<meta property=\"article:modified_time\" content=\"2025-05-20T22:07:41+00:00\" \/>\n<meta property=\"og:image\" content=\"https:\/\/www.webdo.tn\/fr\/wp-content\/uploads\/2023\/02\/09daae872de905c8e5e131ed7de7944e.jpg\" \/>\n\t<meta property=\"og:image:width\" content=\"750\" \/>\n\t<meta property=\"og:image:height\" content=\"400\" \/>\n\t<meta property=\"og:image:type\" content=\"image\/jpeg\" \/>\n<meta name=\"author\" content=\"MC\" \/>\n<meta name=\"twitter:card\" content=\"summary_large_image\" \/>\n<meta name=\"twitter:creator\" content=\"@webdo_tn\" \/>\n<meta name=\"twitter:site\" content=\"@webdo_tn\" \/>\n<meta name=\"twitter:label1\" content=\"\u00c9crit par\" \/>\n\t<meta name=\"twitter:data1\" content=\"MC\" \/>\n\t<meta name=\"twitter:label2\" content=\"Dur\u00e9e de lecture estim\u00e9e\" \/>\n\t<meta name=\"twitter:data2\" content=\"1 minute\" \/>\n<script type=\"application\/ld+json\" class=\"yoast-schema-graph\">{\"@context\":\"https:\\\/\\\/schema.org\",\"@graph\":[{\"@type\":\"NewsArticle\",\"@id\":\"https:\\\/\\\/www.webdo.tn\\\/fr\\\/actualite\\\/national\\\/al-joumhouri-denonce-l-enlevement-de-issam-chebbi\\\/203252\\\/#article\",\"isPartOf\":{\"@id\":\"https:\\\/\\\/www.webdo.tn\\\/fr\\\/actualite\\\/national\\\/al-joumhouri-denonce-l-enlevement-de-issam-chebbi\\\/203252\\\/\"},\"author\":{\"name\":\"MC\",\"@id\":\"https:\\\/\\\/www.webdo.tn\\\/fr\\\/#\\\/schema\\\/person\\\/2c4929cbf5a809e3bd38617c6ce150f6\"},\"headline\":\"Al-Joumhouri d\u00e9nonce \u00ab\u00a0l\u2019enl\u00e8vement\u00a0\u00bb de Issam Chebbi\",\"datePublished\":\"2023-02-23T10:19:00+00:00\",\"dateModified\":\"2025-05-20T22:07:41+00:00\",\"mainEntityOfPage\":{\"@id\":\"https:\\\/\\\/www.webdo.tn\\\/fr\\\/actualite\\\/national\\\/al-joumhouri-denonce-l-enlevement-de-issam-chebbi\\\/203252\\\/\"},\"wordCount\":177,\"commentCount\":0,\"publisher\":{\"@id\":\"https:\\\/\\\/www.webdo.tn\\\/fr\\\/#organization\"},\"image\":{\"@id\":\"https:\\\/\\\/www.webdo.tn\\\/fr\\\/actualite\\\/national\\\/al-joumhouri-denonce-l-enlevement-de-issam-chebbi\\\/203252\\\/#primaryimage\"},\"thumbnailUrl\":\"https:\\\/\\\/www.webdo.tn\\\/fr\\\/wp-content\\\/uploads\\\/2023\\\/02\\\/09daae872de905c8e5e131ed7de7944e.jpg\",\"keywords\":[\"al-joumhouri\",\"arrestation\",\"issam chebbi\"],\"articleSection\":[\"National\"],\"inLanguage\":\"fr-FR\"},{\"@type\":\"WebPage\",\"@id\":\"https:\\\/\\\/www.webdo.tn\\\/fr\\\/actualite\\\/national\\\/al-joumhouri-denonce-l-enlevement-de-issam-chebbi\\\/203252\\\/\",\"url\":\"https:\\\/\\\/www.webdo.tn\\\/fr\\\/actualite\\\/national\\\/al-joumhouri-denonce-l-enlevement-de-issam-chebbi\\\/203252\\\/\",\"name\":\"Al-Joumhouri d\u00e9nonce l\u2019enl\u00e8vement de Issam Chebbi\",\"isPartOf\":{\"@id\":\"https:\\\/\\\/www.webdo.tn\\\/fr\\\/#website\"},\"primaryImageOfPage\":{\"@id\":\"https:\\\/\\\/www.webdo.tn\\\/fr\\\/actualite\\\/national\\\/al-joumhouri-denonce-l-enlevement-de-issam-chebbi\\\/203252\\\/#primaryimage\"},\"image\":{\"@id\":\"https:\\\/\\\/www.webdo.tn\\\/fr\\\/actualite\\\/national\\\/al-joumhouri-denonce-l-enlevement-de-issam-chebbi\\\/203252\\\/#primaryimage\"},\"thumbnailUrl\":\"https:\\\/\\\/www.webdo.tn\\\/fr\\\/wp-content\\\/uploads\\\/2023\\\/02\\\/09daae872de905c8e5e131ed7de7944e.jpg\",\"datePublished\":\"2023-02-23T10:19:00+00:00\",\"dateModified\":\"2025-05-20T22:07:41+00:00\",\"description\":\"En annon\u00e7ant, hier soir, l\u2019arrestation de son Secr\u00e9taire g\u00e9n\u00e9ral, Issam Chebbi, le parti Al-Joumhouri a d\u00e9nonc\u00e9 un enl\u00e8vement .\",\"breadcrumb\":{\"@id\":\"https:\\\/\\\/www.webdo.tn\\\/fr\\\/actualite\\\/national\\\/al-joumhouri-denonce-l-enlevement-de-issam-chebbi\\\/203252\\\/#breadcrumb\"},\"inLanguage\":\"fr-FR\",\"potentialAction\":[{\"@type\":\"ReadAction\",\"target\":[\"https:\\\/\\\/www.webdo.tn\\\/fr\\\/actualite\\\/national\\\/al-joumhouri-denonce-l-enlevement-de-issam-chebbi\\\/203252\\\/\"]}]},{\"@type\":\"ImageObject\",\"inLanguage\":\"fr-FR\",\"@id\":\"https:\\\/\\\/www.webdo.tn\\\/fr\\\/actualite\\\/national\\\/al-joumhouri-denonce-l-enlevement-de-issam-chebbi\\\/203252\\\/#primaryimage\",\"url\":\"https:\\\/\\\/www.webdo.tn\\\/fr\\\/wp-content\\\/uploads\\\/2023\\\/02\\\/09daae872de905c8e5e131ed7de7944e.jpg\",\"contentUrl\":\"https:\\\/\\\/www.webdo.tn\\\/fr\\\/wp-content\\\/uploads\\\/2023\\\/02\\\/09daae872de905c8e5e131ed7de7944e.jpg\",\"width\":750,\"height\":400,\"caption\":\"Al-Joumhouri d\u00e9nonce \\\"l\u2019enl\u00e8vement\\\" de Issam Chebbi\"},{\"@type\":\"BreadcrumbList\",\"@id\":\"https:\\\/\\\/www.webdo.tn\\\/fr\\\/actualite\\\/national\\\/al-joumhouri-denonce-l-enlevement-de-issam-chebbi\\\/203252\\\/#breadcrumb\",\"itemListElement\":[{\"@type\":\"ListItem\",\"position\":1,\"name\":\"Accueil\",\"item\":\"https:\\\/\\\/www.webdo.tn\\\/fr\\\/\"},{\"@type\":\"ListItem\",\"position\":2,\"name\":\"Al-Joumhouri d\u00e9nonce \u00ab\u00a0l\u2019enl\u00e8vement\u00a0\u00bb de Issam Chebbi\"}]},{\"@type\":\"WebSite\",\"@id\":\"https:\\\/\\\/www.webdo.tn\\\/fr\\\/#website\",\"url\":\"https:\\\/\\\/www.webdo.tn\\\/fr\\\/\",\"name\":\"webdo\",\"description\":\"Tunisie - News en Tunisie et \u00e0 l&#039;international sur Webdo.tn\",\"publisher\":{\"@id\":\"https:\\\/\\\/www.webdo.tn\\\/fr\\\/#organization\"},\"potentialAction\":[{\"@type\":\"SearchAction\",\"target\":{\"@type\":\"EntryPoint\",\"urlTemplate\":\"https:\\\/\\\/www.webdo.tn\\\/fr\\\/?s={search_term_string}\"},\"query-input\":{\"@type\":\"PropertyValueSpecification\",\"valueRequired\":true,\"valueName\":\"search_term_string\"}}],\"inLanguage\":\"fr-FR\"},{\"@type\":\"Organization\",\"@id\":\"https:\\\/\\\/www.webdo.tn\\\/fr\\\/#organization\",\"name\":\"Webdo\",\"alternateName\":\"Webdo.tn\",\"url\":\"https:\\\/\\\/www.webdo.tn\\\/fr\\\/\",\"logo\":{\"@type\":\"ImageObject\",\"inLanguage\":\"fr-FR\",\"@id\":\"https:\\\/\\\/www.webdo.tn\\\/fr\\\/#\\\/schema\\\/logo\\\/image\\\/\",\"url\":\"https:\\\/\\\/www.webdo.tn\\\/fr\\\/wp-content\\\/uploads\\\/2025\\\/06\\\/Webdo-Tunisie_168377.jpg\",\"contentUrl\":\"https:\\\/\\\/www.webdo.tn\\\/fr\\\/wp-content\\\/uploads\\\/2025\\\/06\\\/Webdo-Tunisie_168377.jpg\",\"width\":301,\"height\":301,\"caption\":\"Webdo\"},\"image\":{\"@id\":\"https:\\\/\\\/www.webdo.tn\\\/fr\\\/#\\\/schema\\\/logo\\\/image\\\/\"},\"sameAs\":[\"https:\\\/\\\/www.facebook.com\\\/webdotn\",\"https:\\\/\\\/x.com\\\/webdo_tn\"],\"description\":\"Webdo est un m\u00e9dia num\u00e9rique tunisien fond\u00e9 en 2010, sp\u00e9cialis\u00e9 dans l\u2019actualit\u00e9 nationale et internationale, l\u2019\u00e9conomie, la soci\u00e9t\u00e9 et les analyses politiques. Le site s\u2019adresse \u00e0 un large public francophone et couvre l\u2019information tunisienne en temps r\u00e9el.\",\"email\":\"redac@webdo.tn\",\"legalName\":\"YNJ SARL\",\"foundingDate\":\"2010-09-06\",\"numberOfEmployees\":{\"@type\":\"QuantitativeValue\",\"minValue\":\"11\",\"maxValue\":\"50\"}},{\"@type\":\"Person\",\"@id\":\"https:\\\/\\\/www.webdo.tn\\\/fr\\\/#\\\/schema\\\/person\\\/2c4929cbf5a809e3bd38617c6ce150f6\",\"name\":\"MC\",\"image\":{\"@type\":\"ImageObject\",\"inLanguage\":\"fr-FR\",\"@id\":\"https:\\\/\\\/secure.gravatar.com\\\/avatar\\\/a545bbb6f84efdd5553dbbc2895e3ca8f1d12c5215e00a041c9670b54aa9b18a?s=96&d=mm&r=g\",\"url\":\"https:\\\/\\\/secure.gravatar.com\\\/avatar\\\/a545bbb6f84efdd5553dbbc2895e3ca8f1d12c5215e00a041c9670b54aa9b18a?s=96&d=mm&r=g\",\"contentUrl\":\"https:\\\/\\\/secure.gravatar.com\\\/avatar\\\/a545bbb6f84efdd5553dbbc2895e3ca8f1d12c5215e00a041c9670b54aa9b18a?s=96&d=mm&r=g\",\"caption\":\"MC\"},\"url\":\"https:\\\/\\\/www.webdo.tn\\\/fr\\\/actualite\\\/author\\\/mc\\\/\"}]}<\/script>\n<!-- \/ Yoast SEO Premium plugin. -->","yoast_head_json":{"title":"Al-Joumhouri d\u00e9nonce l\u2019enl\u00e8vement de Issam Chebbi","description":"En annon\u00e7ant, hier soir, l\u2019arrestation de son Secr\u00e9taire g\u00e9n\u00e9ral, Issam Chebbi, le parti Al-Joumhouri a d\u00e9nonc\u00e9 un enl\u00e8vement .","canonical":"https:\/\/www.webdo.tn\/fr\/actualite\/national\/al-joumhouri-denonce-l-enlevement-de-issam-chebbi\/203252\/","og_locale":"fr_FR","og_type":"article","og_title":"Al-Joumhouri d\u00e9nonce \"l\u2019enl\u00e8vement\" de Issam Chebbi","og_description":"En annon\u00e7ant, hier soir, l\u2019arrestation de son Secr\u00e9taire g\u00e9n\u00e9ral, Issam Chebbi, le parti Al-Joumhouri a d\u00e9nonc\u00e9 un enl\u00e8vement .","og_url":"https:\/\/www.webdo.tn\/fr\/actualite\/national\/al-joumhouri-denonce-l-enlevement-de-issam-chebbi\/203252\/","og_site_name":"webdo","article_publisher":"https:\/\/www.facebook.com\/webdotn","article_published_time":"2023-02-23T10:19:00+00:00","article_modified_time":"2025-05-20T22:07:41+00:00","og_image":[{"width":750,"height":400,"url":"https:\/\/www.webdo.tn\/fr\/wp-content\/uploads\/2023\/02\/09daae872de905c8e5e131ed7de7944e.jpg","type":"image\/jpeg"}],"author":"MC","twitter_card":"summary_large_image","twitter_creator":"@webdo_tn","twitter_site":"@webdo_tn","twitter_misc":{"\u00c9crit par":"MC","Dur\u00e9e de lecture estim\u00e9e":"1 minute"},"schema":{"@context":"https:\/\/schema.org","@graph":[{"@type":"NewsArticle","@id":"https:\/\/www.webdo.tn\/fr\/actualite\/national\/al-joumhouri-denonce-l-enlevement-de-issam-chebbi\/203252\/#article","isPartOf":{"@id":"https:\/\/www.webdo.tn\/fr\/actualite\/national\/al-joumhouri-denonce-l-enlevement-de-issam-chebbi\/203252\/"},"author":{"name":"MC","@id":"https:\/\/www.webdo.tn\/fr\/#\/schema\/person\/2c4929cbf5a809e3bd38617c6ce150f6"},"headline":"Al-Joumhouri d\u00e9nonce \u00ab\u00a0l\u2019enl\u00e8vement\u00a0\u00bb de Issam Chebbi","datePublished":"2023-02-23T10:19:00+00:00","dateModified":"2025-05-20T22:07:41+00:00","mainEntityOfPage":{"@id":"https:\/\/www.webdo.tn\/fr\/actualite\/national\/al-joumhouri-denonce-l-enlevement-de-issam-chebbi\/203252\/"},"wordCount":177,"commentCount":0,"publisher":{"@id":"https:\/\/www.webdo.tn\/fr\/#organization"},"image":{"@id":"https:\/\/www.webdo.tn\/fr\/actualite\/national\/al-joumhouri-denonce-l-enlevement-de-issam-chebbi\/203252\/#primaryimage"},"thumbnailUrl":"https:\/\/www.webdo.tn\/fr\/wp-content\/uploads\/2023\/02\/09daae872de905c8e5e131ed7de7944e.jpg","keywords":["al-joumhouri","arrestation","issam chebbi"],"articleSection":["National"],"inLanguage":"fr-FR"},{"@type":"WebPage","@id":"https:\/\/www.webdo.tn\/fr\/actualite\/national\/al-joumhouri-denonce-l-enlevement-de-issam-chebbi\/203252\/","url":"https:\/\/www.webdo.tn\/fr\/actualite\/national\/al-joumhouri-denonce-l-enlevement-de-issam-chebbi\/203252\/","name":"Al-Joumhouri d\u00e9nonce l\u2019enl\u00e8vement de Issam Chebbi","isPartOf":{"@id":"https:\/\/www.webdo.tn\/fr\/#website"},"primaryImageOfPage":{"@id":"https:\/\/www.webdo.tn\/fr\/actualite\/national\/al-joumhouri-denonce-l-enlevement-de-issam-chebbi\/203252\/#primaryimage"},"image":{"@id":"https:\/\/www.webdo.tn\/fr\/actualite\/national\/al-joumhouri-denonce-l-enlevement-de-issam-chebbi\/203252\/#primaryimage"},"thumbnailUrl":"https:\/\/www.webdo.tn\/fr\/wp-content\/uploads\/2023\/02\/09daae872de905c8e5e131ed7de7944e.jpg","datePublished":"2023-02-23T10:19:00+00:00","dateModified":"2025-05-20T22:07:41+00:00","description":"En annon\u00e7ant, hier soir, l\u2019arrestation de son Secr\u00e9taire g\u00e9n\u00e9ral, Issam Chebbi, le parti Al-Joumhouri a d\u00e9nonc\u00e9 un enl\u00e8vement .","breadcrumb":{"@id":"https:\/\/www.webdo.tn\/fr\/actualite\/national\/al-joumhouri-denonce-l-enlevement-de-issam-chebbi\/203252\/#breadcrumb"},"inLanguage":"fr-FR","potentialAction":[{"@type":"ReadAction","target":["https:\/\/www.webdo.tn\/fr\/actualite\/national\/al-joumhouri-denonce-l-enlevement-de-issam-chebbi\/203252\/"]}]},{"@type":"ImageObject","inLanguage":"fr-FR","@id":"https:\/\/www.webdo.tn\/fr\/actualite\/national\/al-joumhouri-denonce-l-enlevement-de-issam-chebbi\/203252\/#primaryimage","url":"https:\/\/www.webdo.tn\/fr\/wp-content\/uploads\/2023\/02\/09daae872de905c8e5e131ed7de7944e.jpg","contentUrl":"https:\/\/www.webdo.tn\/fr\/wp-content\/uploads\/2023\/02\/09daae872de905c8e5e131ed7de7944e.jpg","width":750,"height":400,"caption":"Al-Joumhouri d\u00e9nonce \"l\u2019enl\u00e8vement\" de Issam Chebbi"},{"@type":"BreadcrumbList","@id":"https:\/\/www.webdo.tn\/fr\/actualite\/national\/al-joumhouri-denonce-l-enlevement-de-issam-chebbi\/203252\/#breadcrumb","itemListElement":[{"@type":"ListItem","position":1,"name":"Accueil","item":"https:\/\/www.webdo.tn\/fr\/"},{"@type":"ListItem","position":2,"name":"Al-Joumhouri d\u00e9nonce \u00ab\u00a0l\u2019enl\u00e8vement\u00a0\u00bb de Issam Chebbi"}]},{"@type":"WebSite","@id":"https:\/\/www.webdo.tn\/fr\/#website","url":"https:\/\/www.webdo.tn\/fr\/","name":"webdo","description":"Tunisie - News en Tunisie et \u00e0 l&#039;international sur Webdo.tn","publisher":{"@id":"https:\/\/www.webdo.tn\/fr\/#organization"},"potentialAction":[{"@type":"SearchAction","target":{"@type":"EntryPoint","urlTemplate":"https:\/\/www.webdo.tn\/fr\/?s={search_term_string}"},"query-input":{"@type":"PropertyValueSpecification","valueRequired":true,"valueName":"search_term_string"}}],"inLanguage":"fr-FR"},{"@type":"Organization","@id":"https:\/\/www.webdo.tn\/fr\/#organization","name":"Webdo","alternateName":"Webdo.tn","url":"https:\/\/www.webdo.tn\/fr\/","logo":{"@type":"ImageObject","inLanguage":"fr-FR","@id":"https:\/\/www.webdo.tn\/fr\/#\/schema\/logo\/image\/","url":"https:\/\/www.webdo.tn\/fr\/wp-content\/uploads\/2025\/06\/Webdo-Tunisie_168377.jpg","contentUrl":"https:\/\/www.webdo.tn\/fr\/wp-content\/uploads\/2025\/06\/Webdo-Tunisie_168377.jpg","width":301,"height":301,"caption":"Webdo"},"image":{"@id":"https:\/\/www.webdo.tn\/fr\/#\/schema\/logo\/image\/"},"sameAs":["https:\/\/www.facebook.com\/webdotn","https:\/\/x.com\/webdo_tn"],"description":"Webdo est un m\u00e9dia num\u00e9rique tunisien fond\u00e9 en 2010, sp\u00e9cialis\u00e9 dans l\u2019actualit\u00e9 nationale et internationale, l\u2019\u00e9conomie, la soci\u00e9t\u00e9 et les analyses politiques. Le site s\u2019adresse \u00e0 un large public francophone et couvre l\u2019information tunisienne en temps r\u00e9el.","email":"redac@webdo.tn","legalName":"YNJ SARL","foundingDate":"2010-09-06","numberOfEmployees":{"@type":"QuantitativeValue","minValue":"11","maxValue":"50"}},{"@type":"Person","@id":"https:\/\/www.webdo.tn\/fr\/#\/schema\/person\/2c4929cbf5a809e3bd38617c6ce150f6","name":"MC","image":{"@type":"ImageObject","inLanguage":"fr-FR","@id":"https:\/\/secure.gravatar.com\/avatar\/a545bbb6f84efdd5553dbbc2895e3ca8f1d12c5215e00a041c9670b54aa9b18a?s=96&d=mm&r=g","url":"https:\/\/secure.gravatar.com\/avatar\/a545bbb6f84efdd5553dbbc2895e3ca8f1d12c5215e00a041c9670b54aa9b18a?s=96&d=mm&r=g","contentUrl":"https:\/\/secure.gravatar.com\/avatar\/a545bbb6f84efdd5553dbbc2895e3ca8f1d12c5215e00a041c9670b54aa9b18a?s=96&d=mm&r=g","caption":"MC"},"url":"https:\/\/www.webdo.tn\/fr\/actualite\/author\/mc\/"}]}},"_links":{"self":[{"href":"https:\/\/www.webdo.tn\/fr\/wp-json\/wp\/v2\/posts\/203252","targetHints":{"allow":["GET"]}}],"collection":[{"href":"https:\/\/www.webdo.tn\/fr\/wp-json\/wp\/v2\/posts"}],"about":[{"href":"https:\/\/www.webdo.tn\/fr\/wp-json\/wp\/v2\/types\/post"}],"author":[{"embeddable":true,"href":"https:\/\/www.webdo.tn\/fr\/wp-json\/wp\/v2\/users\/3162"}],"replies":[{"embeddable":true,"href":"https:\/\/www.webdo.tn\/fr\/wp-json\/wp\/v2\/comments?post=203252"}],"version-history":[{"count":0,"href":"https:\/\/www.webdo.tn\/fr\/wp-json\/wp\/v2\/posts\/203252\/revisions"}],"wp:featuredmedia":[{"embeddable":true,"href":"https:\/\/www.webdo.tn\/fr\/wp-json\/wp\/v2\/media\/277785"}],"wp:attachment":[{"href":"https:\/\/www.webdo.tn\/fr\/wp-json\/wp\/v2\/media?parent=203252"}],"wp:term":[{"taxonomy":"category","embeddable":true,"href":"https:\/\/www.webdo.tn\/fr\/wp-json\/wp\/v2\/categories?post=203252"},{"taxonomy":"post_tag","embeddable":true,"href":"https:\/\/www.webdo.tn\/fr\/wp-json\/wp\/v2\/tags?post=203252"}],"curies":[{"name":"wp","href":"https:\/\/api.w.org\/{rel}","templated":true}]}}