{"id":203248,"date":"2023-02-23T09:26:00","date_gmt":"2023-02-23T09:26:00","guid":{"rendered":"https:\/\/www.webdo.tn\/fr\/blog\/qu-en-est-il-du-sort-de-jawher-ben-mbarek\/203248\/"},"modified":"2025-05-20T22:02:15","modified_gmt":"2025-05-20T22:02:15","slug":"qu-en-est-il-du-sort-de-jawher-ben-mbarek","status":"publish","type":"post","link":"https:\/\/www.webdo.tn\/fr\/actualite\/national\/qu-en-est-il-du-sort-de-jawher-ben-mbarek\/203248\/","title":{"rendered":"Qu\u2019en est-il du sort de Jawher Ben Mbarek ?"},"content":{"rendered":"<p>Le flou persiste sur le sort de Jawher Ben Mbarek, membre et porte-parole du Front de salut national.<\/p>\n<p>\t\t\t\t\t\t\t\t\tSelon l\u2019avocat Samir Dilou, le Parquet a ordonn\u00e9, hier, son arrestation. Les forces de l&rsquo;ordre auraient encercl\u00e9 dans la journ\u00e9e son domicile afin de proc\u00e9der \u00e0 son arrestation, mais celui-ci ne se trouvait pas sur les lieux, ont indiqu\u00e9 sa s\u0153ur et ses avocats.<\/p>\n<p>L\u2019avocat Amine Bouker a confirm\u00e9, aujourd\u2019hui sur les ondes de Shems fm l\u2019encerclement par les forces de l\u2019ordre du domicile de Jawher Ben Mbarek.<\/p>\n<p>Toutefois il a ni\u00e9, lors de son intervention que Jawher Ben Mbarek ait \u00e9t\u00e9 assign\u00e9 \u00e0 r\u00e9sidence, soulignant qu&rsquo;il ne disposait pas d&rsquo;informations pr\u00e9cises concernant le sort du porte-parole du Front de salut.<\/p>\n<p>De son c\u00f4t\u00e9, la s\u0153ur de Jawher Ben Mbarek, l\u2019avocate Dalila Msaddek a ni\u00e9, sur Shems fm que sa maison ait \u00e9t\u00e9 encercl\u00e9e par les forces de s\u00e9curit\u00e9. Concernant son fr\u00e8re, elle a expliqu\u00e9 que son t\u00e9l\u00e9phone \u00e9tait \u00e9teint et qu&rsquo;elle n&rsquo;avait aucune information confirm\u00e9e sur son sort.<\/p>\n","protected":false},"excerpt":{"rendered":"<p>Le flou persiste sur le sort de Jawher Ben Mbarek, membre et porte-parole du Front de salut national.<\/p>\n","protected":false},"author":3162,"featured_media":251912,"comment_status":"open","ping_status":"closed","sticky":false,"template":"","format":"standard","meta":{"footnotes":""},"categories":[44],"tags":[5999,7877],"class_list":["post-203248","post","type-post","status-publish","format-standard","has-post-thumbnail","hentry","category-national","tag-front-de-salut","tag-jawher-ben-mbarek"],"yoast_head":"<!-- This site is optimized with the Yoast SEO Premium plugin v27.5 (Yoast SEO v27.5) - https:\/\/yoast.com\/product\/yoast-seo-premium-wordpress\/ -->\n<title>Qu\u2019en est-il du sort de Jawher Ben Mbarek ?<\/title>\n<meta name=\"description\" content=\"Le flou persiste sur le sort de Jawher Ben Mbarek, membre et porte-parole du Front de salut national.\" \/>\n<link rel=\"canonical\" href=\"https:\/\/www.webdo.tn\/fr\/actualite\/national\/qu-en-est-il-du-sort-de-jawher-ben-mbarek\/203248\/\" \/>\n<meta property=\"og:locale\" content=\"fr_FR\" \/>\n<meta property=\"og:type\" content=\"article\" \/>\n<meta property=\"og:title\" content=\"Qu\u2019en est-il du sort de Jawher Ben Mbarek ?\" \/>\n<meta property=\"og:description\" content=\"Le flou persiste sur le sort de Jawher Ben Mbarek, membre et porte-parole du Front de salut national.\" \/>\n<meta property=\"og:url\" content=\"https:\/\/www.webdo.tn\/fr\/actualite\/national\/qu-en-est-il-du-sort-de-jawher-ben-mbarek\/203248\/\" \/>\n<meta property=\"og:site_name\" content=\"webdo\" \/>\n<meta property=\"article:publisher\" content=\"https:\/\/www.facebook.com\/webdotn\" \/>\n<meta property=\"article:published_time\" content=\"2023-02-23T09:26:00+00:00\" \/>\n<meta property=\"article:modified_time\" content=\"2025-05-20T22:02:15+00:00\" \/>\n<meta property=\"og:image\" content=\"https:\/\/www.webdo.tn\/fr\/wp-content\/uploads\/2023\/02\/879069fecc59fa1f999c195e89a11a6c.jpg\" \/>\n\t<meta property=\"og:image:width\" content=\"626\" \/>\n\t<meta property=\"og:image:height\" content=\"334\" \/>\n\t<meta property=\"og:image:type\" content=\"image\/jpeg\" \/>\n<meta name=\"author\" content=\"MC\" \/>\n<meta name=\"twitter:card\" content=\"summary_large_image\" \/>\n<meta name=\"twitter:creator\" content=\"@webdo_tn\" \/>\n<meta name=\"twitter:site\" content=\"@webdo_tn\" \/>\n<meta name=\"twitter:label1\" content=\"\u00c9crit par\" \/>\n\t<meta name=\"twitter:data1\" content=\"MC\" \/>\n\t<meta name=\"twitter:label2\" content=\"Dur\u00e9e de lecture estim\u00e9e\" \/>\n\t<meta name=\"twitter:data2\" content=\"1 minute\" \/>\n<script type=\"application\/ld+json\" class=\"yoast-schema-graph\">{\"@context\":\"https:\\\/\\\/schema.org\",\"@graph\":[{\"@type\":\"NewsArticle\",\"@id\":\"https:\\\/\\\/www.webdo.tn\\\/fr\\\/actualite\\\/national\\\/qu-en-est-il-du-sort-de-jawher-ben-mbarek\\\/203248\\\/#article\",\"isPartOf\":{\"@id\":\"https:\\\/\\\/www.webdo.tn\\\/fr\\\/actualite\\\/national\\\/qu-en-est-il-du-sort-de-jawher-ben-mbarek\\\/203248\\\/\"},\"author\":{\"name\":\"MC\",\"@id\":\"https:\\\/\\\/www.webdo.tn\\\/fr\\\/#\\\/schema\\\/person\\\/2c4929cbf5a809e3bd38617c6ce150f6\"},\"headline\":\"Qu\u2019en est-il du sort de Jawher Ben Mbarek ?\",\"datePublished\":\"2023-02-23T09:26:00+00:00\",\"dateModified\":\"2025-05-20T22:02:15+00:00\",\"mainEntityOfPage\":{\"@id\":\"https:\\\/\\\/www.webdo.tn\\\/fr\\\/actualite\\\/national\\\/qu-en-est-il-du-sort-de-jawher-ben-mbarek\\\/203248\\\/\"},\"wordCount\":198,\"commentCount\":0,\"publisher\":{\"@id\":\"https:\\\/\\\/www.webdo.tn\\\/fr\\\/#organization\"},\"image\":{\"@id\":\"https:\\\/\\\/www.webdo.tn\\\/fr\\\/actualite\\\/national\\\/qu-en-est-il-du-sort-de-jawher-ben-mbarek\\\/203248\\\/#primaryimage\"},\"thumbnailUrl\":\"https:\\\/\\\/www.webdo.tn\\\/fr\\\/wp-content\\\/uploads\\\/2023\\\/02\\\/879069fecc59fa1f999c195e89a11a6c.jpg\",\"keywords\":[\"Front de salut\",\"jawher ben m'barek\"],\"articleSection\":[\"National\"],\"inLanguage\":\"fr-FR\"},{\"@type\":\"WebPage\",\"@id\":\"https:\\\/\\\/www.webdo.tn\\\/fr\\\/actualite\\\/national\\\/qu-en-est-il-du-sort-de-jawher-ben-mbarek\\\/203248\\\/\",\"url\":\"https:\\\/\\\/www.webdo.tn\\\/fr\\\/actualite\\\/national\\\/qu-en-est-il-du-sort-de-jawher-ben-mbarek\\\/203248\\\/\",\"name\":\"Qu\u2019en est-il du sort de Jawher Ben Mbarek ?\",\"isPartOf\":{\"@id\":\"https:\\\/\\\/www.webdo.tn\\\/fr\\\/#website\"},\"primaryImageOfPage\":{\"@id\":\"https:\\\/\\\/www.webdo.tn\\\/fr\\\/actualite\\\/national\\\/qu-en-est-il-du-sort-de-jawher-ben-mbarek\\\/203248\\\/#primaryimage\"},\"image\":{\"@id\":\"https:\\\/\\\/www.webdo.tn\\\/fr\\\/actualite\\\/national\\\/qu-en-est-il-du-sort-de-jawher-ben-mbarek\\\/203248\\\/#primaryimage\"},\"thumbnailUrl\":\"https:\\\/\\\/www.webdo.tn\\\/fr\\\/wp-content\\\/uploads\\\/2023\\\/02\\\/879069fecc59fa1f999c195e89a11a6c.jpg\",\"datePublished\":\"2023-02-23T09:26:00+00:00\",\"dateModified\":\"2025-05-20T22:02:15+00:00\",\"description\":\"Le flou persiste sur le sort de Jawher Ben Mbarek, membre et porte-parole du Front de salut national.\",\"breadcrumb\":{\"@id\":\"https:\\\/\\\/www.webdo.tn\\\/fr\\\/actualite\\\/national\\\/qu-en-est-il-du-sort-de-jawher-ben-mbarek\\\/203248\\\/#breadcrumb\"},\"inLanguage\":\"fr-FR\",\"potentialAction\":[{\"@type\":\"ReadAction\",\"target\":[\"https:\\\/\\\/www.webdo.tn\\\/fr\\\/actualite\\\/national\\\/qu-en-est-il-du-sort-de-jawher-ben-mbarek\\\/203248\\\/\"]}]},{\"@type\":\"ImageObject\",\"inLanguage\":\"fr-FR\",\"@id\":\"https:\\\/\\\/www.webdo.tn\\\/fr\\\/actualite\\\/national\\\/qu-en-est-il-du-sort-de-jawher-ben-mbarek\\\/203248\\\/#primaryimage\",\"url\":\"https:\\\/\\\/www.webdo.tn\\\/fr\\\/wp-content\\\/uploads\\\/2023\\\/02\\\/879069fecc59fa1f999c195e89a11a6c.jpg\",\"contentUrl\":\"https:\\\/\\\/www.webdo.tn\\\/fr\\\/wp-content\\\/uploads\\\/2023\\\/02\\\/879069fecc59fa1f999c195e89a11a6c.jpg\",\"width\":626,\"height\":334,\"caption\":\"Qu\u2019en est-il du sort de Jawher Ben Mbarek ?\"},{\"@type\":\"BreadcrumbList\",\"@id\":\"https:\\\/\\\/www.webdo.tn\\\/fr\\\/actualite\\\/national\\\/qu-en-est-il-du-sort-de-jawher-ben-mbarek\\\/203248\\\/#breadcrumb\",\"itemListElement\":[{\"@type\":\"ListItem\",\"position\":1,\"name\":\"Accueil\",\"item\":\"https:\\\/\\\/www.webdo.tn\\\/fr\\\/\"},{\"@type\":\"ListItem\",\"position\":2,\"name\":\"Qu\u2019en est-il du sort de Jawher Ben Mbarek ?\"}]},{\"@type\":\"WebSite\",\"@id\":\"https:\\\/\\\/www.webdo.tn\\\/fr\\\/#website\",\"url\":\"https:\\\/\\\/www.webdo.tn\\\/fr\\\/\",\"name\":\"webdo\",\"description\":\"Tunisie - News en Tunisie et \u00e0 l&#039;international sur Webdo.tn\",\"publisher\":{\"@id\":\"https:\\\/\\\/www.webdo.tn\\\/fr\\\/#organization\"},\"potentialAction\":[{\"@type\":\"SearchAction\",\"target\":{\"@type\":\"EntryPoint\",\"urlTemplate\":\"https:\\\/\\\/www.webdo.tn\\\/fr\\\/?s={search_term_string}\"},\"query-input\":{\"@type\":\"PropertyValueSpecification\",\"valueRequired\":true,\"valueName\":\"search_term_string\"}}],\"inLanguage\":\"fr-FR\"},{\"@type\":\"Organization\",\"@id\":\"https:\\\/\\\/www.webdo.tn\\\/fr\\\/#organization\",\"name\":\"Webdo\",\"alternateName\":\"Webdo.tn\",\"url\":\"https:\\\/\\\/www.webdo.tn\\\/fr\\\/\",\"logo\":{\"@type\":\"ImageObject\",\"inLanguage\":\"fr-FR\",\"@id\":\"https:\\\/\\\/www.webdo.tn\\\/fr\\\/#\\\/schema\\\/logo\\\/image\\\/\",\"url\":\"https:\\\/\\\/www.webdo.tn\\\/fr\\\/wp-content\\\/uploads\\\/2025\\\/06\\\/Webdo-Tunisie_168377.jpg\",\"contentUrl\":\"https:\\\/\\\/www.webdo.tn\\\/fr\\\/wp-content\\\/uploads\\\/2025\\\/06\\\/Webdo-Tunisie_168377.jpg\",\"width\":301,\"height\":301,\"caption\":\"Webdo\"},\"image\":{\"@id\":\"https:\\\/\\\/www.webdo.tn\\\/fr\\\/#\\\/schema\\\/logo\\\/image\\\/\"},\"sameAs\":[\"https:\\\/\\\/www.facebook.com\\\/webdotn\",\"https:\\\/\\\/x.com\\\/webdo_tn\"],\"description\":\"Webdo est un m\u00e9dia num\u00e9rique tunisien fond\u00e9 en 2010, sp\u00e9cialis\u00e9 dans l\u2019actualit\u00e9 nationale et internationale, l\u2019\u00e9conomie, la soci\u00e9t\u00e9 et les analyses politiques. Le site s\u2019adresse \u00e0 un large public francophone et couvre l\u2019information tunisienne en temps r\u00e9el.\",\"email\":\"redac@webdo.tn\",\"legalName\":\"YNJ SARL\",\"foundingDate\":\"2010-09-06\",\"numberOfEmployees\":{\"@type\":\"QuantitativeValue\",\"minValue\":\"11\",\"maxValue\":\"50\"}},{\"@type\":\"Person\",\"@id\":\"https:\\\/\\\/www.webdo.tn\\\/fr\\\/#\\\/schema\\\/person\\\/2c4929cbf5a809e3bd38617c6ce150f6\",\"name\":\"MC\",\"image\":{\"@type\":\"ImageObject\",\"inLanguage\":\"fr-FR\",\"@id\":\"https:\\\/\\\/secure.gravatar.com\\\/avatar\\\/a545bbb6f84efdd5553dbbc2895e3ca8f1d12c5215e00a041c9670b54aa9b18a?s=96&d=mm&r=g\",\"url\":\"https:\\\/\\\/secure.gravatar.com\\\/avatar\\\/a545bbb6f84efdd5553dbbc2895e3ca8f1d12c5215e00a041c9670b54aa9b18a?s=96&d=mm&r=g\",\"contentUrl\":\"https:\\\/\\\/secure.gravatar.com\\\/avatar\\\/a545bbb6f84efdd5553dbbc2895e3ca8f1d12c5215e00a041c9670b54aa9b18a?s=96&d=mm&r=g\",\"caption\":\"MC\"},\"url\":\"https:\\\/\\\/www.webdo.tn\\\/fr\\\/actualite\\\/author\\\/mc\\\/\"}]}<\/script>\n<!-- \/ Yoast SEO Premium plugin. -->","yoast_head_json":{"title":"Qu\u2019en est-il du sort de Jawher Ben Mbarek ?","description":"Le flou persiste sur le sort de Jawher Ben Mbarek, membre et porte-parole du Front de salut national.","canonical":"https:\/\/www.webdo.tn\/fr\/actualite\/national\/qu-en-est-il-du-sort-de-jawher-ben-mbarek\/203248\/","og_locale":"fr_FR","og_type":"article","og_title":"Qu\u2019en est-il du sort de Jawher Ben Mbarek ?","og_description":"Le flou persiste sur le sort de Jawher Ben Mbarek, membre et porte-parole du Front de salut national.","og_url":"https:\/\/www.webdo.tn\/fr\/actualite\/national\/qu-en-est-il-du-sort-de-jawher-ben-mbarek\/203248\/","og_site_name":"webdo","article_publisher":"https:\/\/www.facebook.com\/webdotn","article_published_time":"2023-02-23T09:26:00+00:00","article_modified_time":"2025-05-20T22:02:15+00:00","og_image":[{"width":626,"height":334,"url":"https:\/\/www.webdo.tn\/fr\/wp-content\/uploads\/2023\/02\/879069fecc59fa1f999c195e89a11a6c.jpg","type":"image\/jpeg"}],"author":"MC","twitter_card":"summary_large_image","twitter_creator":"@webdo_tn","twitter_site":"@webdo_tn","twitter_misc":{"\u00c9crit par":"MC","Dur\u00e9e de lecture estim\u00e9e":"1 minute"},"schema":{"@context":"https:\/\/schema.org","@graph":[{"@type":"NewsArticle","@id":"https:\/\/www.webdo.tn\/fr\/actualite\/national\/qu-en-est-il-du-sort-de-jawher-ben-mbarek\/203248\/#article","isPartOf":{"@id":"https:\/\/www.webdo.tn\/fr\/actualite\/national\/qu-en-est-il-du-sort-de-jawher-ben-mbarek\/203248\/"},"author":{"name":"MC","@id":"https:\/\/www.webdo.tn\/fr\/#\/schema\/person\/2c4929cbf5a809e3bd38617c6ce150f6"},"headline":"Qu\u2019en est-il du sort de Jawher Ben Mbarek ?","datePublished":"2023-02-23T09:26:00+00:00","dateModified":"2025-05-20T22:02:15+00:00","mainEntityOfPage":{"@id":"https:\/\/www.webdo.tn\/fr\/actualite\/national\/qu-en-est-il-du-sort-de-jawher-ben-mbarek\/203248\/"},"wordCount":198,"commentCount":0,"publisher":{"@id":"https:\/\/www.webdo.tn\/fr\/#organization"},"image":{"@id":"https:\/\/www.webdo.tn\/fr\/actualite\/national\/qu-en-est-il-du-sort-de-jawher-ben-mbarek\/203248\/#primaryimage"},"thumbnailUrl":"https:\/\/www.webdo.tn\/fr\/wp-content\/uploads\/2023\/02\/879069fecc59fa1f999c195e89a11a6c.jpg","keywords":["Front de salut","jawher ben m'barek"],"articleSection":["National"],"inLanguage":"fr-FR"},{"@type":"WebPage","@id":"https:\/\/www.webdo.tn\/fr\/actualite\/national\/qu-en-est-il-du-sort-de-jawher-ben-mbarek\/203248\/","url":"https:\/\/www.webdo.tn\/fr\/actualite\/national\/qu-en-est-il-du-sort-de-jawher-ben-mbarek\/203248\/","name":"Qu\u2019en est-il du sort de Jawher Ben Mbarek ?","isPartOf":{"@id":"https:\/\/www.webdo.tn\/fr\/#website"},"primaryImageOfPage":{"@id":"https:\/\/www.webdo.tn\/fr\/actualite\/national\/qu-en-est-il-du-sort-de-jawher-ben-mbarek\/203248\/#primaryimage"},"image":{"@id":"https:\/\/www.webdo.tn\/fr\/actualite\/national\/qu-en-est-il-du-sort-de-jawher-ben-mbarek\/203248\/#primaryimage"},"thumbnailUrl":"https:\/\/www.webdo.tn\/fr\/wp-content\/uploads\/2023\/02\/879069fecc59fa1f999c195e89a11a6c.jpg","datePublished":"2023-02-23T09:26:00+00:00","dateModified":"2025-05-20T22:02:15+00:00","description":"Le flou persiste sur le sort de Jawher Ben Mbarek, membre et porte-parole du Front de salut national.","breadcrumb":{"@id":"https:\/\/www.webdo.tn\/fr\/actualite\/national\/qu-en-est-il-du-sort-de-jawher-ben-mbarek\/203248\/#breadcrumb"},"inLanguage":"fr-FR","potentialAction":[{"@type":"ReadAction","target":["https:\/\/www.webdo.tn\/fr\/actualite\/national\/qu-en-est-il-du-sort-de-jawher-ben-mbarek\/203248\/"]}]},{"@type":"ImageObject","inLanguage":"fr-FR","@id":"https:\/\/www.webdo.tn\/fr\/actualite\/national\/qu-en-est-il-du-sort-de-jawher-ben-mbarek\/203248\/#primaryimage","url":"https:\/\/www.webdo.tn\/fr\/wp-content\/uploads\/2023\/02\/879069fecc59fa1f999c195e89a11a6c.jpg","contentUrl":"https:\/\/www.webdo.tn\/fr\/wp-content\/uploads\/2023\/02\/879069fecc59fa1f999c195e89a11a6c.jpg","width":626,"height":334,"caption":"Qu\u2019en est-il du sort de Jawher Ben Mbarek ?"},{"@type":"BreadcrumbList","@id":"https:\/\/www.webdo.tn\/fr\/actualite\/national\/qu-en-est-il-du-sort-de-jawher-ben-mbarek\/203248\/#breadcrumb","itemListElement":[{"@type":"ListItem","position":1,"name":"Accueil","item":"https:\/\/www.webdo.tn\/fr\/"},{"@type":"ListItem","position":2,"name":"Qu\u2019en est-il du sort de Jawher Ben Mbarek ?"}]},{"@type":"WebSite","@id":"https:\/\/www.webdo.tn\/fr\/#website","url":"https:\/\/www.webdo.tn\/fr\/","name":"webdo","description":"Tunisie - News en Tunisie et \u00e0 l&#039;international sur Webdo.tn","publisher":{"@id":"https:\/\/www.webdo.tn\/fr\/#organization"},"potentialAction":[{"@type":"SearchAction","target":{"@type":"EntryPoint","urlTemplate":"https:\/\/www.webdo.tn\/fr\/?s={search_term_string}"},"query-input":{"@type":"PropertyValueSpecification","valueRequired":true,"valueName":"search_term_string"}}],"inLanguage":"fr-FR"},{"@type":"Organization","@id":"https:\/\/www.webdo.tn\/fr\/#organization","name":"Webdo","alternateName":"Webdo.tn","url":"https:\/\/www.webdo.tn\/fr\/","logo":{"@type":"ImageObject","inLanguage":"fr-FR","@id":"https:\/\/www.webdo.tn\/fr\/#\/schema\/logo\/image\/","url":"https:\/\/www.webdo.tn\/fr\/wp-content\/uploads\/2025\/06\/Webdo-Tunisie_168377.jpg","contentUrl":"https:\/\/www.webdo.tn\/fr\/wp-content\/uploads\/2025\/06\/Webdo-Tunisie_168377.jpg","width":301,"height":301,"caption":"Webdo"},"image":{"@id":"https:\/\/www.webdo.tn\/fr\/#\/schema\/logo\/image\/"},"sameAs":["https:\/\/www.facebook.com\/webdotn","https:\/\/x.com\/webdo_tn"],"description":"Webdo est un m\u00e9dia num\u00e9rique tunisien fond\u00e9 en 2010, sp\u00e9cialis\u00e9 dans l\u2019actualit\u00e9 nationale et internationale, l\u2019\u00e9conomie, la soci\u00e9t\u00e9 et les analyses politiques. Le site s\u2019adresse \u00e0 un large public francophone et couvre l\u2019information tunisienne en temps r\u00e9el.","email":"redac@webdo.tn","legalName":"YNJ SARL","foundingDate":"2010-09-06","numberOfEmployees":{"@type":"QuantitativeValue","minValue":"11","maxValue":"50"}},{"@type":"Person","@id":"https:\/\/www.webdo.tn\/fr\/#\/schema\/person\/2c4929cbf5a809e3bd38617c6ce150f6","name":"MC","image":{"@type":"ImageObject","inLanguage":"fr-FR","@id":"https:\/\/secure.gravatar.com\/avatar\/a545bbb6f84efdd5553dbbc2895e3ca8f1d12c5215e00a041c9670b54aa9b18a?s=96&d=mm&r=g","url":"https:\/\/secure.gravatar.com\/avatar\/a545bbb6f84efdd5553dbbc2895e3ca8f1d12c5215e00a041c9670b54aa9b18a?s=96&d=mm&r=g","contentUrl":"https:\/\/secure.gravatar.com\/avatar\/a545bbb6f84efdd5553dbbc2895e3ca8f1d12c5215e00a041c9670b54aa9b18a?s=96&d=mm&r=g","caption":"MC"},"url":"https:\/\/www.webdo.tn\/fr\/actualite\/author\/mc\/"}]}},"_links":{"self":[{"href":"https:\/\/www.webdo.tn\/fr\/wp-json\/wp\/v2\/posts\/203248","targetHints":{"allow":["GET"]}}],"collection":[{"href":"https:\/\/www.webdo.tn\/fr\/wp-json\/wp\/v2\/posts"}],"about":[{"href":"https:\/\/www.webdo.tn\/fr\/wp-json\/wp\/v2\/types\/post"}],"author":[{"embeddable":true,"href":"https:\/\/www.webdo.tn\/fr\/wp-json\/wp\/v2\/users\/3162"}],"replies":[{"embeddable":true,"href":"https:\/\/www.webdo.tn\/fr\/wp-json\/wp\/v2\/comments?post=203248"}],"version-history":[{"count":0,"href":"https:\/\/www.webdo.tn\/fr\/wp-json\/wp\/v2\/posts\/203248\/revisions"}],"wp:featuredmedia":[{"embeddable":true,"href":"https:\/\/www.webdo.tn\/fr\/wp-json\/wp\/v2\/media\/251912"}],"wp:attachment":[{"href":"https:\/\/www.webdo.tn\/fr\/wp-json\/wp\/v2\/media?parent=203248"}],"wp:term":[{"taxonomy":"category","embeddable":true,"href":"https:\/\/www.webdo.tn\/fr\/wp-json\/wp\/v2\/categories?post=203248"},{"taxonomy":"post_tag","embeddable":true,"href":"https:\/\/www.webdo.tn\/fr\/wp-json\/wp\/v2\/tags?post=203248"}],"curies":[{"name":"wp","href":"https:\/\/api.w.org\/{rel}","templated":true}]}}