{"id":203244,"date":"2023-02-23T08:35:00","date_gmt":"2023-02-23T08:35:00","guid":{"rendered":"https:\/\/www.webdo.tn\/fr\/blog\/arrestation-de-chaima-issa\/203244\/"},"modified":"2025-05-20T22:02:16","modified_gmt":"2025-05-20T22:02:16","slug":"arrestation-de-chaima-issa","status":"publish","type":"post","link":"https:\/\/www.webdo.tn\/fr\/actualite\/national\/arrestation-de-chaima-issa\/203244\/","title":{"rendered":"Arrestation de Chaima Issa"},"content":{"rendered":"<p>Chaima Issa, membre du Front de salut national, a \u00e9t\u00e9 arr\u00eat\u00e9e, hier soir, par les agents de l\u2019Unit\u00e9 nationale de recherche dans les crimes terroristes et des crimes touchant \u00e0 l&rsquo;int\u00e9grit\u00e9 du territoire national et ce, en ex\u00e9cution d\u2019un mandat \u00e9mis par le Parquet aupr\u00e8s du P\u00f4le judiciaire antiterroriste.<\/p>\n<p>\t\t\t\t\t\t\t\t\tSon interpellation serait en lien avec l\u2019arrestation du secr\u00e9taire g\u00e9n\u00e9ral d\u2019Al Joumhouri, Issam Chebbi, \u00e9galement arr\u00eat\u00e9 en d\u00e9but de soir\u00e9e de mercredi 22 f\u00e9vrier, pour des suspicions de son implication pr\u00e9sum\u00e9e dans \u00ab\u00a0un complot contre la s\u00e9curit\u00e9 de l&rsquo;Etat.<\/p>\n<p>Il est \u00e0 noter que le Parquet a, \u00e9galement, ordonn\u00e9 l\u2019arrestation du membre et porte-parole du Front du salut national, Jawhar Ben M\u2019barek.<\/p>\n<p>Rappelons que Issam Chebbi, a \u00e9t\u00e9 arr\u00eat\u00e9, hier suite aux instructions du minist\u00e8re public du P\u00f4le judiciaire de lutte contre le terrorisme. Selon Ridha Belhaj, Issam Chebbi a \u00e9t\u00e9 arr\u00eat\u00e9 chez lui apr\u00e8s une descente \u00e0 son domicile.<\/p>\n<p>Chaima Issa avait comparu, le 27 janvier dernier, devant le juge d&rsquo;instruction du troisi\u00e8me bureau du Tribunal militaire de Tunis. Suite \u00e0 son audition elle avait \u00e9t\u00e9 maintenue en \u00e9tat de libert\u00e9 alors qu\u2019elle est interdite de voyage.<\/p>\n<p>Chaima Issa avait \u00e9galement comparu, le 19 janvier dernier, devant la brigade criminelle de la garde nationale de Ben Arous o\u00f9 elle avait \u00e9t\u00e9 interrog\u00e9e pour suspicions de propagation de fausses informations.<\/p>\n","protected":false},"excerpt":{"rendered":"<p>Chaima Issa, membre du Front de salut national, a \u00e9t\u00e9 arr\u00eat\u00e9e, hier soir, par les agents de l\u2019Unit\u00e9 nationale de recherche dans les crimes terroristes et des cr&#8230;<\/p>\n","protected":false},"author":3162,"featured_media":251917,"comment_status":"open","ping_status":"closed","sticky":false,"template":"","format":"standard","meta":{"footnotes":""},"categories":[44],"tags":[2966,6357,5999],"class_list":["post-203244","post","type-post","status-publish","format-standard","has-post-thumbnail","hentry","category-national","tag-arrestation","tag-chaima-issa","tag-front-de-salut"],"yoast_head":"<!-- This site is optimized with the Yoast SEO Premium plugin v27.5 (Yoast SEO v27.5) - https:\/\/yoast.com\/product\/yoast-seo-premium-wordpress\/ -->\n<title>Arrestation de Chaima Issa<\/title>\n<meta name=\"description\" content=\"Chaima Issa, membre du Front de salut national, a \u00e9t\u00e9 arr\u00eat\u00e9e, hier soir, par les agents de l\u2019Unit\u00e9 nationale de recherche dans les crimes terroristes et des cr...\" \/>\n<link rel=\"canonical\" href=\"https:\/\/www.webdo.tn\/fr\/actualite\/national\/arrestation-de-chaima-issa\/203244\/\" \/>\n<meta property=\"og:locale\" content=\"fr_FR\" \/>\n<meta property=\"og:type\" content=\"article\" \/>\n<meta property=\"og:title\" content=\"Arrestation de Chaima Issa\" \/>\n<meta property=\"og:description\" content=\"Chaima Issa, membre du Front de salut national, a \u00e9t\u00e9 arr\u00eat\u00e9e, hier soir, par les agents de l\u2019Unit\u00e9 nationale de recherche dans les crimes terroristes et des cr...\" \/>\n<meta property=\"og:url\" content=\"https:\/\/www.webdo.tn\/fr\/actualite\/national\/arrestation-de-chaima-issa\/203244\/\" \/>\n<meta property=\"og:site_name\" content=\"webdo\" \/>\n<meta property=\"article:publisher\" content=\"https:\/\/www.facebook.com\/webdotn\" \/>\n<meta property=\"article:published_time\" content=\"2023-02-23T08:35:00+00:00\" \/>\n<meta property=\"article:modified_time\" content=\"2025-05-20T22:02:16+00:00\" \/>\n<meta property=\"og:image\" content=\"https:\/\/www.webdo.tn\/fr\/wp-content\/uploads\/2023\/02\/09ac1c214f36b34f0d2a1b510d92ee36.jpg\" \/>\n\t<meta property=\"og:image:width\" content=\"726\" \/>\n\t<meta property=\"og:image:height\" content=\"387\" \/>\n\t<meta property=\"og:image:type\" content=\"image\/jpeg\" \/>\n<meta name=\"author\" content=\"MC\" \/>\n<meta name=\"twitter:card\" content=\"summary_large_image\" \/>\n<meta name=\"twitter:creator\" content=\"@webdo_tn\" \/>\n<meta name=\"twitter:site\" content=\"@webdo_tn\" \/>\n<meta name=\"twitter:label1\" content=\"\u00c9crit par\" \/>\n\t<meta name=\"twitter:data1\" content=\"MC\" \/>\n\t<meta name=\"twitter:label2\" content=\"Dur\u00e9e de lecture estim\u00e9e\" \/>\n\t<meta name=\"twitter:data2\" content=\"1 minute\" \/>\n<script type=\"application\/ld+json\" class=\"yoast-schema-graph\">{\"@context\":\"https:\\\/\\\/schema.org\",\"@graph\":[{\"@type\":\"NewsArticle\",\"@id\":\"https:\\\/\\\/www.webdo.tn\\\/fr\\\/actualite\\\/national\\\/arrestation-de-chaima-issa\\\/203244\\\/#article\",\"isPartOf\":{\"@id\":\"https:\\\/\\\/www.webdo.tn\\\/fr\\\/actualite\\\/national\\\/arrestation-de-chaima-issa\\\/203244\\\/\"},\"author\":{\"name\":\"MC\",\"@id\":\"https:\\\/\\\/www.webdo.tn\\\/fr\\\/#\\\/schema\\\/person\\\/2c4929cbf5a809e3bd38617c6ce150f6\"},\"headline\":\"Arrestation de Chaima Issa\",\"datePublished\":\"2023-02-23T08:35:00+00:00\",\"dateModified\":\"2025-05-20T22:02:16+00:00\",\"mainEntityOfPage\":{\"@id\":\"https:\\\/\\\/www.webdo.tn\\\/fr\\\/actualite\\\/national\\\/arrestation-de-chaima-issa\\\/203244\\\/\"},\"wordCount\":249,\"commentCount\":0,\"publisher\":{\"@id\":\"https:\\\/\\\/www.webdo.tn\\\/fr\\\/#organization\"},\"image\":{\"@id\":\"https:\\\/\\\/www.webdo.tn\\\/fr\\\/actualite\\\/national\\\/arrestation-de-chaima-issa\\\/203244\\\/#primaryimage\"},\"thumbnailUrl\":\"https:\\\/\\\/www.webdo.tn\\\/fr\\\/wp-content\\\/uploads\\\/2023\\\/02\\\/09ac1c214f36b34f0d2a1b510d92ee36.jpg\",\"keywords\":[\"arrestation\",\"Chaima Issa\",\"Front de salut\"],\"articleSection\":[\"National\"],\"inLanguage\":\"fr-FR\"},{\"@type\":\"WebPage\",\"@id\":\"https:\\\/\\\/www.webdo.tn\\\/fr\\\/actualite\\\/national\\\/arrestation-de-chaima-issa\\\/203244\\\/\",\"url\":\"https:\\\/\\\/www.webdo.tn\\\/fr\\\/actualite\\\/national\\\/arrestation-de-chaima-issa\\\/203244\\\/\",\"name\":\"Arrestation de Chaima Issa\",\"isPartOf\":{\"@id\":\"https:\\\/\\\/www.webdo.tn\\\/fr\\\/#website\"},\"primaryImageOfPage\":{\"@id\":\"https:\\\/\\\/www.webdo.tn\\\/fr\\\/actualite\\\/national\\\/arrestation-de-chaima-issa\\\/203244\\\/#primaryimage\"},\"image\":{\"@id\":\"https:\\\/\\\/www.webdo.tn\\\/fr\\\/actualite\\\/national\\\/arrestation-de-chaima-issa\\\/203244\\\/#primaryimage\"},\"thumbnailUrl\":\"https:\\\/\\\/www.webdo.tn\\\/fr\\\/wp-content\\\/uploads\\\/2023\\\/02\\\/09ac1c214f36b34f0d2a1b510d92ee36.jpg\",\"datePublished\":\"2023-02-23T08:35:00+00:00\",\"dateModified\":\"2025-05-20T22:02:16+00:00\",\"description\":\"Chaima Issa, membre du Front de salut national, a \u00e9t\u00e9 arr\u00eat\u00e9e, hier soir, par les agents de l\u2019Unit\u00e9 nationale de recherche dans les crimes terroristes et des cr...\",\"breadcrumb\":{\"@id\":\"https:\\\/\\\/www.webdo.tn\\\/fr\\\/actualite\\\/national\\\/arrestation-de-chaima-issa\\\/203244\\\/#breadcrumb\"},\"inLanguage\":\"fr-FR\",\"potentialAction\":[{\"@type\":\"ReadAction\",\"target\":[\"https:\\\/\\\/www.webdo.tn\\\/fr\\\/actualite\\\/national\\\/arrestation-de-chaima-issa\\\/203244\\\/\"]}]},{\"@type\":\"ImageObject\",\"inLanguage\":\"fr-FR\",\"@id\":\"https:\\\/\\\/www.webdo.tn\\\/fr\\\/actualite\\\/national\\\/arrestation-de-chaima-issa\\\/203244\\\/#primaryimage\",\"url\":\"https:\\\/\\\/www.webdo.tn\\\/fr\\\/wp-content\\\/uploads\\\/2023\\\/02\\\/09ac1c214f36b34f0d2a1b510d92ee36.jpg\",\"contentUrl\":\"https:\\\/\\\/www.webdo.tn\\\/fr\\\/wp-content\\\/uploads\\\/2023\\\/02\\\/09ac1c214f36b34f0d2a1b510d92ee36.jpg\",\"width\":726,\"height\":387,\"caption\":\"Arrestation de Chaima Issa\"},{\"@type\":\"BreadcrumbList\",\"@id\":\"https:\\\/\\\/www.webdo.tn\\\/fr\\\/actualite\\\/national\\\/arrestation-de-chaima-issa\\\/203244\\\/#breadcrumb\",\"itemListElement\":[{\"@type\":\"ListItem\",\"position\":1,\"name\":\"Accueil\",\"item\":\"https:\\\/\\\/www.webdo.tn\\\/fr\\\/\"},{\"@type\":\"ListItem\",\"position\":2,\"name\":\"Arrestation de Chaima Issa\"}]},{\"@type\":\"WebSite\",\"@id\":\"https:\\\/\\\/www.webdo.tn\\\/fr\\\/#website\",\"url\":\"https:\\\/\\\/www.webdo.tn\\\/fr\\\/\",\"name\":\"webdo\",\"description\":\"Tunisie - News en Tunisie et \u00e0 l&#039;international sur Webdo.tn\",\"publisher\":{\"@id\":\"https:\\\/\\\/www.webdo.tn\\\/fr\\\/#organization\"},\"potentialAction\":[{\"@type\":\"SearchAction\",\"target\":{\"@type\":\"EntryPoint\",\"urlTemplate\":\"https:\\\/\\\/www.webdo.tn\\\/fr\\\/?s={search_term_string}\"},\"query-input\":{\"@type\":\"PropertyValueSpecification\",\"valueRequired\":true,\"valueName\":\"search_term_string\"}}],\"inLanguage\":\"fr-FR\"},{\"@type\":\"Organization\",\"@id\":\"https:\\\/\\\/www.webdo.tn\\\/fr\\\/#organization\",\"name\":\"Webdo\",\"alternateName\":\"Webdo.tn\",\"url\":\"https:\\\/\\\/www.webdo.tn\\\/fr\\\/\",\"logo\":{\"@type\":\"ImageObject\",\"inLanguage\":\"fr-FR\",\"@id\":\"https:\\\/\\\/www.webdo.tn\\\/fr\\\/#\\\/schema\\\/logo\\\/image\\\/\",\"url\":\"https:\\\/\\\/www.webdo.tn\\\/fr\\\/wp-content\\\/uploads\\\/2025\\\/06\\\/Webdo-Tunisie_168377.jpg\",\"contentUrl\":\"https:\\\/\\\/www.webdo.tn\\\/fr\\\/wp-content\\\/uploads\\\/2025\\\/06\\\/Webdo-Tunisie_168377.jpg\",\"width\":301,\"height\":301,\"caption\":\"Webdo\"},\"image\":{\"@id\":\"https:\\\/\\\/www.webdo.tn\\\/fr\\\/#\\\/schema\\\/logo\\\/image\\\/\"},\"sameAs\":[\"https:\\\/\\\/www.facebook.com\\\/webdotn\",\"https:\\\/\\\/x.com\\\/webdo_tn\"],\"description\":\"Webdo est un m\u00e9dia num\u00e9rique tunisien fond\u00e9 en 2010, sp\u00e9cialis\u00e9 dans l\u2019actualit\u00e9 nationale et internationale, l\u2019\u00e9conomie, la soci\u00e9t\u00e9 et les analyses politiques. Le site s\u2019adresse \u00e0 un large public francophone et couvre l\u2019information tunisienne en temps r\u00e9el.\",\"email\":\"redac@webdo.tn\",\"legalName\":\"YNJ SARL\",\"foundingDate\":\"2010-09-06\",\"numberOfEmployees\":{\"@type\":\"QuantitativeValue\",\"minValue\":\"11\",\"maxValue\":\"50\"}},{\"@type\":\"Person\",\"@id\":\"https:\\\/\\\/www.webdo.tn\\\/fr\\\/#\\\/schema\\\/person\\\/2c4929cbf5a809e3bd38617c6ce150f6\",\"name\":\"MC\",\"image\":{\"@type\":\"ImageObject\",\"inLanguage\":\"fr-FR\",\"@id\":\"https:\\\/\\\/secure.gravatar.com\\\/avatar\\\/a545bbb6f84efdd5553dbbc2895e3ca8f1d12c5215e00a041c9670b54aa9b18a?s=96&d=mm&r=g\",\"url\":\"https:\\\/\\\/secure.gravatar.com\\\/avatar\\\/a545bbb6f84efdd5553dbbc2895e3ca8f1d12c5215e00a041c9670b54aa9b18a?s=96&d=mm&r=g\",\"contentUrl\":\"https:\\\/\\\/secure.gravatar.com\\\/avatar\\\/a545bbb6f84efdd5553dbbc2895e3ca8f1d12c5215e00a041c9670b54aa9b18a?s=96&d=mm&r=g\",\"caption\":\"MC\"},\"url\":\"https:\\\/\\\/www.webdo.tn\\\/fr\\\/actualite\\\/author\\\/mc\\\/\"}]}<\/script>\n<!-- \/ Yoast SEO Premium plugin. -->","yoast_head_json":{"title":"Arrestation de Chaima Issa","description":"Chaima Issa, membre du Front de salut national, a \u00e9t\u00e9 arr\u00eat\u00e9e, hier soir, par les agents de l\u2019Unit\u00e9 nationale de recherche dans les crimes terroristes et des cr...","canonical":"https:\/\/www.webdo.tn\/fr\/actualite\/national\/arrestation-de-chaima-issa\/203244\/","og_locale":"fr_FR","og_type":"article","og_title":"Arrestation de Chaima Issa","og_description":"Chaima Issa, membre du Front de salut national, a \u00e9t\u00e9 arr\u00eat\u00e9e, hier soir, par les agents de l\u2019Unit\u00e9 nationale de recherche dans les crimes terroristes et des cr...","og_url":"https:\/\/www.webdo.tn\/fr\/actualite\/national\/arrestation-de-chaima-issa\/203244\/","og_site_name":"webdo","article_publisher":"https:\/\/www.facebook.com\/webdotn","article_published_time":"2023-02-23T08:35:00+00:00","article_modified_time":"2025-05-20T22:02:16+00:00","og_image":[{"width":726,"height":387,"url":"https:\/\/www.webdo.tn\/fr\/wp-content\/uploads\/2023\/02\/09ac1c214f36b34f0d2a1b510d92ee36.jpg","type":"image\/jpeg"}],"author":"MC","twitter_card":"summary_large_image","twitter_creator":"@webdo_tn","twitter_site":"@webdo_tn","twitter_misc":{"\u00c9crit par":"MC","Dur\u00e9e de lecture estim\u00e9e":"1 minute"},"schema":{"@context":"https:\/\/schema.org","@graph":[{"@type":"NewsArticle","@id":"https:\/\/www.webdo.tn\/fr\/actualite\/national\/arrestation-de-chaima-issa\/203244\/#article","isPartOf":{"@id":"https:\/\/www.webdo.tn\/fr\/actualite\/national\/arrestation-de-chaima-issa\/203244\/"},"author":{"name":"MC","@id":"https:\/\/www.webdo.tn\/fr\/#\/schema\/person\/2c4929cbf5a809e3bd38617c6ce150f6"},"headline":"Arrestation de Chaima Issa","datePublished":"2023-02-23T08:35:00+00:00","dateModified":"2025-05-20T22:02:16+00:00","mainEntityOfPage":{"@id":"https:\/\/www.webdo.tn\/fr\/actualite\/national\/arrestation-de-chaima-issa\/203244\/"},"wordCount":249,"commentCount":0,"publisher":{"@id":"https:\/\/www.webdo.tn\/fr\/#organization"},"image":{"@id":"https:\/\/www.webdo.tn\/fr\/actualite\/national\/arrestation-de-chaima-issa\/203244\/#primaryimage"},"thumbnailUrl":"https:\/\/www.webdo.tn\/fr\/wp-content\/uploads\/2023\/02\/09ac1c214f36b34f0d2a1b510d92ee36.jpg","keywords":["arrestation","Chaima Issa","Front de salut"],"articleSection":["National"],"inLanguage":"fr-FR"},{"@type":"WebPage","@id":"https:\/\/www.webdo.tn\/fr\/actualite\/national\/arrestation-de-chaima-issa\/203244\/","url":"https:\/\/www.webdo.tn\/fr\/actualite\/national\/arrestation-de-chaima-issa\/203244\/","name":"Arrestation de Chaima Issa","isPartOf":{"@id":"https:\/\/www.webdo.tn\/fr\/#website"},"primaryImageOfPage":{"@id":"https:\/\/www.webdo.tn\/fr\/actualite\/national\/arrestation-de-chaima-issa\/203244\/#primaryimage"},"image":{"@id":"https:\/\/www.webdo.tn\/fr\/actualite\/national\/arrestation-de-chaima-issa\/203244\/#primaryimage"},"thumbnailUrl":"https:\/\/www.webdo.tn\/fr\/wp-content\/uploads\/2023\/02\/09ac1c214f36b34f0d2a1b510d92ee36.jpg","datePublished":"2023-02-23T08:35:00+00:00","dateModified":"2025-05-20T22:02:16+00:00","description":"Chaima Issa, membre du Front de salut national, a \u00e9t\u00e9 arr\u00eat\u00e9e, hier soir, par les agents de l\u2019Unit\u00e9 nationale de recherche dans les crimes terroristes et des cr...","breadcrumb":{"@id":"https:\/\/www.webdo.tn\/fr\/actualite\/national\/arrestation-de-chaima-issa\/203244\/#breadcrumb"},"inLanguage":"fr-FR","potentialAction":[{"@type":"ReadAction","target":["https:\/\/www.webdo.tn\/fr\/actualite\/national\/arrestation-de-chaima-issa\/203244\/"]}]},{"@type":"ImageObject","inLanguage":"fr-FR","@id":"https:\/\/www.webdo.tn\/fr\/actualite\/national\/arrestation-de-chaima-issa\/203244\/#primaryimage","url":"https:\/\/www.webdo.tn\/fr\/wp-content\/uploads\/2023\/02\/09ac1c214f36b34f0d2a1b510d92ee36.jpg","contentUrl":"https:\/\/www.webdo.tn\/fr\/wp-content\/uploads\/2023\/02\/09ac1c214f36b34f0d2a1b510d92ee36.jpg","width":726,"height":387,"caption":"Arrestation de Chaima Issa"},{"@type":"BreadcrumbList","@id":"https:\/\/www.webdo.tn\/fr\/actualite\/national\/arrestation-de-chaima-issa\/203244\/#breadcrumb","itemListElement":[{"@type":"ListItem","position":1,"name":"Accueil","item":"https:\/\/www.webdo.tn\/fr\/"},{"@type":"ListItem","position":2,"name":"Arrestation de Chaima Issa"}]},{"@type":"WebSite","@id":"https:\/\/www.webdo.tn\/fr\/#website","url":"https:\/\/www.webdo.tn\/fr\/","name":"webdo","description":"Tunisie - News en Tunisie et \u00e0 l&#039;international sur Webdo.tn","publisher":{"@id":"https:\/\/www.webdo.tn\/fr\/#organization"},"potentialAction":[{"@type":"SearchAction","target":{"@type":"EntryPoint","urlTemplate":"https:\/\/www.webdo.tn\/fr\/?s={search_term_string}"},"query-input":{"@type":"PropertyValueSpecification","valueRequired":true,"valueName":"search_term_string"}}],"inLanguage":"fr-FR"},{"@type":"Organization","@id":"https:\/\/www.webdo.tn\/fr\/#organization","name":"Webdo","alternateName":"Webdo.tn","url":"https:\/\/www.webdo.tn\/fr\/","logo":{"@type":"ImageObject","inLanguage":"fr-FR","@id":"https:\/\/www.webdo.tn\/fr\/#\/schema\/logo\/image\/","url":"https:\/\/www.webdo.tn\/fr\/wp-content\/uploads\/2025\/06\/Webdo-Tunisie_168377.jpg","contentUrl":"https:\/\/www.webdo.tn\/fr\/wp-content\/uploads\/2025\/06\/Webdo-Tunisie_168377.jpg","width":301,"height":301,"caption":"Webdo"},"image":{"@id":"https:\/\/www.webdo.tn\/fr\/#\/schema\/logo\/image\/"},"sameAs":["https:\/\/www.facebook.com\/webdotn","https:\/\/x.com\/webdo_tn"],"description":"Webdo est un m\u00e9dia num\u00e9rique tunisien fond\u00e9 en 2010, sp\u00e9cialis\u00e9 dans l\u2019actualit\u00e9 nationale et internationale, l\u2019\u00e9conomie, la soci\u00e9t\u00e9 et les analyses politiques. Le site s\u2019adresse \u00e0 un large public francophone et couvre l\u2019information tunisienne en temps r\u00e9el.","email":"redac@webdo.tn","legalName":"YNJ SARL","foundingDate":"2010-09-06","numberOfEmployees":{"@type":"QuantitativeValue","minValue":"11","maxValue":"50"}},{"@type":"Person","@id":"https:\/\/www.webdo.tn\/fr\/#\/schema\/person\/2c4929cbf5a809e3bd38617c6ce150f6","name":"MC","image":{"@type":"ImageObject","inLanguage":"fr-FR","@id":"https:\/\/secure.gravatar.com\/avatar\/a545bbb6f84efdd5553dbbc2895e3ca8f1d12c5215e00a041c9670b54aa9b18a?s=96&d=mm&r=g","url":"https:\/\/secure.gravatar.com\/avatar\/a545bbb6f84efdd5553dbbc2895e3ca8f1d12c5215e00a041c9670b54aa9b18a?s=96&d=mm&r=g","contentUrl":"https:\/\/secure.gravatar.com\/avatar\/a545bbb6f84efdd5553dbbc2895e3ca8f1d12c5215e00a041c9670b54aa9b18a?s=96&d=mm&r=g","caption":"MC"},"url":"https:\/\/www.webdo.tn\/fr\/actualite\/author\/mc\/"}]}},"_links":{"self":[{"href":"https:\/\/www.webdo.tn\/fr\/wp-json\/wp\/v2\/posts\/203244","targetHints":{"allow":["GET"]}}],"collection":[{"href":"https:\/\/www.webdo.tn\/fr\/wp-json\/wp\/v2\/posts"}],"about":[{"href":"https:\/\/www.webdo.tn\/fr\/wp-json\/wp\/v2\/types\/post"}],"author":[{"embeddable":true,"href":"https:\/\/www.webdo.tn\/fr\/wp-json\/wp\/v2\/users\/3162"}],"replies":[{"embeddable":true,"href":"https:\/\/www.webdo.tn\/fr\/wp-json\/wp\/v2\/comments?post=203244"}],"version-history":[{"count":0,"href":"https:\/\/www.webdo.tn\/fr\/wp-json\/wp\/v2\/posts\/203244\/revisions"}],"wp:featuredmedia":[{"embeddable":true,"href":"https:\/\/www.webdo.tn\/fr\/wp-json\/wp\/v2\/media\/251917"}],"wp:attachment":[{"href":"https:\/\/www.webdo.tn\/fr\/wp-json\/wp\/v2\/media?parent=203244"}],"wp:term":[{"taxonomy":"category","embeddable":true,"href":"https:\/\/www.webdo.tn\/fr\/wp-json\/wp\/v2\/categories?post=203244"},{"taxonomy":"post_tag","embeddable":true,"href":"https:\/\/www.webdo.tn\/fr\/wp-json\/wp\/v2\/tags?post=203244"}],"curies":[{"name":"wp","href":"https:\/\/api.w.org\/{rel}","templated":true}]}}