{"id":203224,"date":"2023-02-22T14:44:00","date_gmt":"2023-02-22T14:44:00","guid":{"rendered":"https:\/\/www.webdo.tn\/fr\/blog\/massacre-israelien-en-cisjordanie-occupee\/203224\/"},"modified":"2025-05-20T22:02:14","modified_gmt":"2025-05-20T22:02:14","slug":"massacre-israelien-en-cisjordanie-occupee","status":"publish","type":"post","link":"https:\/\/www.webdo.tn\/fr\/actualite\/international\/massacre-israelien-en-cisjordanie-occupee\/203224\/","title":{"rendered":"Massacre isra\u00e9lien en Cisjordanie occup\u00e9e"},"content":{"rendered":"<p>Neuf Palestiniens ont \u00e9t\u00e9 tu\u00e9s et plus de 102 bless\u00e9s par balles, lors d&rsquo;une agression militaire isra\u00e9lienne \u00e0 Naplouse, ville du Nord de la Cisjordanie occup\u00e9e, th\u00e9\u00e2tre d&rsquo;affrontements r\u00e9currents et meurtriers, selon le minist\u00e8re palestinien de la Sant\u00e9.<\/p>\n<p>\t\t\t\t\t\t\t\t\tNeuf personnes ont \u00e9t\u00e9 tu\u00e9es dans l&rsquo;incursion isra\u00e9lienne alors que 102 autres ont \u00e9t\u00e9 bless\u00e9es par balles dont certaines sont dans un \u00e9tat grave, a indiqu\u00e9 le minist\u00e8re palestinien.<\/p>\n","protected":false},"excerpt":{"rendered":"<p>Neuf Palestiniens ont \u00e9t\u00e9 tu\u00e9s et plus de 102 bless\u00e9s par balles, lors d&rsquo;une agression militaire isra\u00e9lienne \u00e0 Naplouse, ville du Nord de la Cisjordanie occup\u00e9e&#8230;<\/p>\n","protected":false},"author":3162,"featured_media":251905,"comment_status":"open","ping_status":"closed","sticky":false,"template":"","format":"standard","meta":{"footnotes":""},"categories":[2598],"tags":[8762,2636,5948,2688],"class_list":["post-203224","post","type-post","status-publish","format-standard","has-post-thumbnail","hentry","category-international","tag-cisjordanie-occupee","tag-israel","tag-massacre","tag-palestine"],"yoast_head":"<!-- This site is optimized with the Yoast SEO Premium plugin v27.5 (Yoast SEO v27.5) - https:\/\/yoast.com\/product\/yoast-seo-premium-wordpress\/ -->\n<title>Massacre isra\u00e9lien en Cisjordanie occup\u00e9e<\/title>\n<meta name=\"description\" content=\"Neuf Palestiniens ont \u00e9t\u00e9 tu\u00e9s et plus de 102 bless\u00e9s par balles, lors d&#039;une agression militaire isra\u00e9lienne \u00e0 Naplouse, ville du Nord de la Cisjordanie occup\u00e9e...\" \/>\n<link rel=\"canonical\" href=\"https:\/\/www.webdo.tn\/fr\/actualite\/international\/massacre-israelien-en-cisjordanie-occupee\/203224\/\" \/>\n<meta property=\"og:locale\" content=\"fr_FR\" \/>\n<meta property=\"og:type\" content=\"article\" \/>\n<meta property=\"og:title\" content=\"Massacre isra\u00e9lien en Cisjordanie occup\u00e9e\" \/>\n<meta property=\"og:description\" content=\"Neuf Palestiniens ont \u00e9t\u00e9 tu\u00e9s et plus de 102 bless\u00e9s par balles, lors d&#039;une agression militaire isra\u00e9lienne \u00e0 Naplouse, ville du Nord de la Cisjordanie occup\u00e9e...\" \/>\n<meta property=\"og:url\" content=\"https:\/\/www.webdo.tn\/fr\/actualite\/international\/massacre-israelien-en-cisjordanie-occupee\/203224\/\" \/>\n<meta property=\"og:site_name\" content=\"webdo\" \/>\n<meta property=\"article:publisher\" content=\"https:\/\/www.facebook.com\/webdotn\" \/>\n<meta property=\"article:published_time\" content=\"2023-02-22T14:44:00+00:00\" \/>\n<meta property=\"article:modified_time\" content=\"2025-05-20T22:02:14+00:00\" \/>\n<meta property=\"og:image\" content=\"https:\/\/www.webdo.tn\/fr\/wp-content\/uploads\/2023\/02\/a7f1f3f619d90c49489542b153a1e77f.png\" \/>\n\t<meta property=\"og:image:width\" content=\"650\" \/>\n\t<meta property=\"og:image:height\" content=\"347\" \/>\n\t<meta property=\"og:image:type\" content=\"image\/png\" \/>\n<meta name=\"author\" content=\"MC\" \/>\n<meta name=\"twitter:card\" content=\"summary_large_image\" \/>\n<meta name=\"twitter:creator\" content=\"@webdo_tn\" \/>\n<meta name=\"twitter:site\" content=\"@webdo_tn\" \/>\n<meta name=\"twitter:label1\" content=\"\u00c9crit par\" \/>\n\t<meta name=\"twitter:data1\" content=\"MC\" \/>\n<script type=\"application\/ld+json\" class=\"yoast-schema-graph\">{\"@context\":\"https:\\\/\\\/schema.org\",\"@graph\":[{\"@type\":\"NewsArticle\",\"@id\":\"https:\\\/\\\/www.webdo.tn\\\/fr\\\/actualite\\\/international\\\/massacre-israelien-en-cisjordanie-occupee\\\/203224\\\/#article\",\"isPartOf\":{\"@id\":\"https:\\\/\\\/www.webdo.tn\\\/fr\\\/actualite\\\/international\\\/massacre-israelien-en-cisjordanie-occupee\\\/203224\\\/\"},\"author\":{\"name\":\"MC\",\"@id\":\"https:\\\/\\\/www.webdo.tn\\\/fr\\\/#\\\/schema\\\/person\\\/2c4929cbf5a809e3bd38617c6ce150f6\"},\"headline\":\"Massacre isra\u00e9lien en Cisjordanie occup\u00e9e\",\"datePublished\":\"2023-02-22T14:44:00+00:00\",\"dateModified\":\"2025-05-20T22:02:14+00:00\",\"mainEntityOfPage\":{\"@id\":\"https:\\\/\\\/www.webdo.tn\\\/fr\\\/actualite\\\/international\\\/massacre-israelien-en-cisjordanie-occupee\\\/203224\\\/\"},\"wordCount\":85,\"commentCount\":0,\"publisher\":{\"@id\":\"https:\\\/\\\/www.webdo.tn\\\/fr\\\/#organization\"},\"image\":{\"@id\":\"https:\\\/\\\/www.webdo.tn\\\/fr\\\/actualite\\\/international\\\/massacre-israelien-en-cisjordanie-occupee\\\/203224\\\/#primaryimage\"},\"thumbnailUrl\":\"https:\\\/\\\/www.webdo.tn\\\/fr\\\/wp-content\\\/uploads\\\/2023\\\/02\\\/a7f1f3f619d90c49489542b153a1e77f.png\",\"keywords\":[\"cisjordanie occup\u00e9e\",\"isra\u00ebl\",\"massacre\",\"Palestine\"],\"articleSection\":[\"International\"],\"inLanguage\":\"fr-FR\"},{\"@type\":\"WebPage\",\"@id\":\"https:\\\/\\\/www.webdo.tn\\\/fr\\\/actualite\\\/international\\\/massacre-israelien-en-cisjordanie-occupee\\\/203224\\\/\",\"url\":\"https:\\\/\\\/www.webdo.tn\\\/fr\\\/actualite\\\/international\\\/massacre-israelien-en-cisjordanie-occupee\\\/203224\\\/\",\"name\":\"Massacre isra\u00e9lien en Cisjordanie occup\u00e9e\",\"isPartOf\":{\"@id\":\"https:\\\/\\\/www.webdo.tn\\\/fr\\\/#website\"},\"primaryImageOfPage\":{\"@id\":\"https:\\\/\\\/www.webdo.tn\\\/fr\\\/actualite\\\/international\\\/massacre-israelien-en-cisjordanie-occupee\\\/203224\\\/#primaryimage\"},\"image\":{\"@id\":\"https:\\\/\\\/www.webdo.tn\\\/fr\\\/actualite\\\/international\\\/massacre-israelien-en-cisjordanie-occupee\\\/203224\\\/#primaryimage\"},\"thumbnailUrl\":\"https:\\\/\\\/www.webdo.tn\\\/fr\\\/wp-content\\\/uploads\\\/2023\\\/02\\\/a7f1f3f619d90c49489542b153a1e77f.png\",\"datePublished\":\"2023-02-22T14:44:00+00:00\",\"dateModified\":\"2025-05-20T22:02:14+00:00\",\"description\":\"Neuf Palestiniens ont \u00e9t\u00e9 tu\u00e9s et plus de 102 bless\u00e9s par balles, lors d'une agression militaire isra\u00e9lienne \u00e0 Naplouse, ville du Nord de la Cisjordanie occup\u00e9e...\",\"breadcrumb\":{\"@id\":\"https:\\\/\\\/www.webdo.tn\\\/fr\\\/actualite\\\/international\\\/massacre-israelien-en-cisjordanie-occupee\\\/203224\\\/#breadcrumb\"},\"inLanguage\":\"fr-FR\",\"potentialAction\":[{\"@type\":\"ReadAction\",\"target\":[\"https:\\\/\\\/www.webdo.tn\\\/fr\\\/actualite\\\/international\\\/massacre-israelien-en-cisjordanie-occupee\\\/203224\\\/\"]}]},{\"@type\":\"ImageObject\",\"inLanguage\":\"fr-FR\",\"@id\":\"https:\\\/\\\/www.webdo.tn\\\/fr\\\/actualite\\\/international\\\/massacre-israelien-en-cisjordanie-occupee\\\/203224\\\/#primaryimage\",\"url\":\"https:\\\/\\\/www.webdo.tn\\\/fr\\\/wp-content\\\/uploads\\\/2023\\\/02\\\/a7f1f3f619d90c49489542b153a1e77f.png\",\"contentUrl\":\"https:\\\/\\\/www.webdo.tn\\\/fr\\\/wp-content\\\/uploads\\\/2023\\\/02\\\/a7f1f3f619d90c49489542b153a1e77f.png\",\"width\":650,\"height\":347,\"caption\":\"Massacre isra\u00e9lien en Cisjordanie occup\u00e9e\"},{\"@type\":\"BreadcrumbList\",\"@id\":\"https:\\\/\\\/www.webdo.tn\\\/fr\\\/actualite\\\/international\\\/massacre-israelien-en-cisjordanie-occupee\\\/203224\\\/#breadcrumb\",\"itemListElement\":[{\"@type\":\"ListItem\",\"position\":1,\"name\":\"Accueil\",\"item\":\"https:\\\/\\\/www.webdo.tn\\\/fr\\\/\"},{\"@type\":\"ListItem\",\"position\":2,\"name\":\"Massacre isra\u00e9lien en Cisjordanie occup\u00e9e\"}]},{\"@type\":\"WebSite\",\"@id\":\"https:\\\/\\\/www.webdo.tn\\\/fr\\\/#website\",\"url\":\"https:\\\/\\\/www.webdo.tn\\\/fr\\\/\",\"name\":\"webdo\",\"description\":\"Tunisie - News en Tunisie et \u00e0 l&#039;international sur Webdo.tn\",\"publisher\":{\"@id\":\"https:\\\/\\\/www.webdo.tn\\\/fr\\\/#organization\"},\"potentialAction\":[{\"@type\":\"SearchAction\",\"target\":{\"@type\":\"EntryPoint\",\"urlTemplate\":\"https:\\\/\\\/www.webdo.tn\\\/fr\\\/?s={search_term_string}\"},\"query-input\":{\"@type\":\"PropertyValueSpecification\",\"valueRequired\":true,\"valueName\":\"search_term_string\"}}],\"inLanguage\":\"fr-FR\"},{\"@type\":\"Organization\",\"@id\":\"https:\\\/\\\/www.webdo.tn\\\/fr\\\/#organization\",\"name\":\"Webdo\",\"alternateName\":\"Webdo.tn\",\"url\":\"https:\\\/\\\/www.webdo.tn\\\/fr\\\/\",\"logo\":{\"@type\":\"ImageObject\",\"inLanguage\":\"fr-FR\",\"@id\":\"https:\\\/\\\/www.webdo.tn\\\/fr\\\/#\\\/schema\\\/logo\\\/image\\\/\",\"url\":\"https:\\\/\\\/www.webdo.tn\\\/fr\\\/wp-content\\\/uploads\\\/2025\\\/06\\\/Webdo-Tunisie_168377.jpg\",\"contentUrl\":\"https:\\\/\\\/www.webdo.tn\\\/fr\\\/wp-content\\\/uploads\\\/2025\\\/06\\\/Webdo-Tunisie_168377.jpg\",\"width\":301,\"height\":301,\"caption\":\"Webdo\"},\"image\":{\"@id\":\"https:\\\/\\\/www.webdo.tn\\\/fr\\\/#\\\/schema\\\/logo\\\/image\\\/\"},\"sameAs\":[\"https:\\\/\\\/www.facebook.com\\\/webdotn\",\"https:\\\/\\\/x.com\\\/webdo_tn\"],\"description\":\"Webdo est un m\u00e9dia num\u00e9rique tunisien fond\u00e9 en 2010, sp\u00e9cialis\u00e9 dans l\u2019actualit\u00e9 nationale et internationale, l\u2019\u00e9conomie, la soci\u00e9t\u00e9 et les analyses politiques. Le site s\u2019adresse \u00e0 un large public francophone et couvre l\u2019information tunisienne en temps r\u00e9el.\",\"email\":\"redac@webdo.tn\",\"legalName\":\"YNJ SARL\",\"foundingDate\":\"2010-09-06\",\"numberOfEmployees\":{\"@type\":\"QuantitativeValue\",\"minValue\":\"11\",\"maxValue\":\"50\"}},{\"@type\":\"Person\",\"@id\":\"https:\\\/\\\/www.webdo.tn\\\/fr\\\/#\\\/schema\\\/person\\\/2c4929cbf5a809e3bd38617c6ce150f6\",\"name\":\"MC\",\"image\":{\"@type\":\"ImageObject\",\"inLanguage\":\"fr-FR\",\"@id\":\"https:\\\/\\\/secure.gravatar.com\\\/avatar\\\/a545bbb6f84efdd5553dbbc2895e3ca8f1d12c5215e00a041c9670b54aa9b18a?s=96&d=mm&r=g\",\"url\":\"https:\\\/\\\/secure.gravatar.com\\\/avatar\\\/a545bbb6f84efdd5553dbbc2895e3ca8f1d12c5215e00a041c9670b54aa9b18a?s=96&d=mm&r=g\",\"contentUrl\":\"https:\\\/\\\/secure.gravatar.com\\\/avatar\\\/a545bbb6f84efdd5553dbbc2895e3ca8f1d12c5215e00a041c9670b54aa9b18a?s=96&d=mm&r=g\",\"caption\":\"MC\"},\"url\":\"https:\\\/\\\/www.webdo.tn\\\/fr\\\/actualite\\\/author\\\/mc\\\/\"}]}<\/script>\n<!-- \/ Yoast SEO Premium plugin. -->","yoast_head_json":{"title":"Massacre isra\u00e9lien en Cisjordanie occup\u00e9e","description":"Neuf Palestiniens ont \u00e9t\u00e9 tu\u00e9s et plus de 102 bless\u00e9s par balles, lors d'une agression militaire isra\u00e9lienne \u00e0 Naplouse, ville du Nord de la Cisjordanie occup\u00e9e...","canonical":"https:\/\/www.webdo.tn\/fr\/actualite\/international\/massacre-israelien-en-cisjordanie-occupee\/203224\/","og_locale":"fr_FR","og_type":"article","og_title":"Massacre isra\u00e9lien en Cisjordanie occup\u00e9e","og_description":"Neuf Palestiniens ont \u00e9t\u00e9 tu\u00e9s et plus de 102 bless\u00e9s par balles, lors d'une agression militaire isra\u00e9lienne \u00e0 Naplouse, ville du Nord de la Cisjordanie occup\u00e9e...","og_url":"https:\/\/www.webdo.tn\/fr\/actualite\/international\/massacre-israelien-en-cisjordanie-occupee\/203224\/","og_site_name":"webdo","article_publisher":"https:\/\/www.facebook.com\/webdotn","article_published_time":"2023-02-22T14:44:00+00:00","article_modified_time":"2025-05-20T22:02:14+00:00","og_image":[{"width":650,"height":347,"url":"https:\/\/www.webdo.tn\/fr\/wp-content\/uploads\/2023\/02\/a7f1f3f619d90c49489542b153a1e77f.png","type":"image\/png"}],"author":"MC","twitter_card":"summary_large_image","twitter_creator":"@webdo_tn","twitter_site":"@webdo_tn","twitter_misc":{"\u00c9crit par":"MC"},"schema":{"@context":"https:\/\/schema.org","@graph":[{"@type":"NewsArticle","@id":"https:\/\/www.webdo.tn\/fr\/actualite\/international\/massacre-israelien-en-cisjordanie-occupee\/203224\/#article","isPartOf":{"@id":"https:\/\/www.webdo.tn\/fr\/actualite\/international\/massacre-israelien-en-cisjordanie-occupee\/203224\/"},"author":{"name":"MC","@id":"https:\/\/www.webdo.tn\/fr\/#\/schema\/person\/2c4929cbf5a809e3bd38617c6ce150f6"},"headline":"Massacre isra\u00e9lien en Cisjordanie occup\u00e9e","datePublished":"2023-02-22T14:44:00+00:00","dateModified":"2025-05-20T22:02:14+00:00","mainEntityOfPage":{"@id":"https:\/\/www.webdo.tn\/fr\/actualite\/international\/massacre-israelien-en-cisjordanie-occupee\/203224\/"},"wordCount":85,"commentCount":0,"publisher":{"@id":"https:\/\/www.webdo.tn\/fr\/#organization"},"image":{"@id":"https:\/\/www.webdo.tn\/fr\/actualite\/international\/massacre-israelien-en-cisjordanie-occupee\/203224\/#primaryimage"},"thumbnailUrl":"https:\/\/www.webdo.tn\/fr\/wp-content\/uploads\/2023\/02\/a7f1f3f619d90c49489542b153a1e77f.png","keywords":["cisjordanie occup\u00e9e","isra\u00ebl","massacre","Palestine"],"articleSection":["International"],"inLanguage":"fr-FR"},{"@type":"WebPage","@id":"https:\/\/www.webdo.tn\/fr\/actualite\/international\/massacre-israelien-en-cisjordanie-occupee\/203224\/","url":"https:\/\/www.webdo.tn\/fr\/actualite\/international\/massacre-israelien-en-cisjordanie-occupee\/203224\/","name":"Massacre isra\u00e9lien en Cisjordanie occup\u00e9e","isPartOf":{"@id":"https:\/\/www.webdo.tn\/fr\/#website"},"primaryImageOfPage":{"@id":"https:\/\/www.webdo.tn\/fr\/actualite\/international\/massacre-israelien-en-cisjordanie-occupee\/203224\/#primaryimage"},"image":{"@id":"https:\/\/www.webdo.tn\/fr\/actualite\/international\/massacre-israelien-en-cisjordanie-occupee\/203224\/#primaryimage"},"thumbnailUrl":"https:\/\/www.webdo.tn\/fr\/wp-content\/uploads\/2023\/02\/a7f1f3f619d90c49489542b153a1e77f.png","datePublished":"2023-02-22T14:44:00+00:00","dateModified":"2025-05-20T22:02:14+00:00","description":"Neuf Palestiniens ont \u00e9t\u00e9 tu\u00e9s et plus de 102 bless\u00e9s par balles, lors d'une agression militaire isra\u00e9lienne \u00e0 Naplouse, ville du Nord de la Cisjordanie occup\u00e9e...","breadcrumb":{"@id":"https:\/\/www.webdo.tn\/fr\/actualite\/international\/massacre-israelien-en-cisjordanie-occupee\/203224\/#breadcrumb"},"inLanguage":"fr-FR","potentialAction":[{"@type":"ReadAction","target":["https:\/\/www.webdo.tn\/fr\/actualite\/international\/massacre-israelien-en-cisjordanie-occupee\/203224\/"]}]},{"@type":"ImageObject","inLanguage":"fr-FR","@id":"https:\/\/www.webdo.tn\/fr\/actualite\/international\/massacre-israelien-en-cisjordanie-occupee\/203224\/#primaryimage","url":"https:\/\/www.webdo.tn\/fr\/wp-content\/uploads\/2023\/02\/a7f1f3f619d90c49489542b153a1e77f.png","contentUrl":"https:\/\/www.webdo.tn\/fr\/wp-content\/uploads\/2023\/02\/a7f1f3f619d90c49489542b153a1e77f.png","width":650,"height":347,"caption":"Massacre isra\u00e9lien en Cisjordanie occup\u00e9e"},{"@type":"BreadcrumbList","@id":"https:\/\/www.webdo.tn\/fr\/actualite\/international\/massacre-israelien-en-cisjordanie-occupee\/203224\/#breadcrumb","itemListElement":[{"@type":"ListItem","position":1,"name":"Accueil","item":"https:\/\/www.webdo.tn\/fr\/"},{"@type":"ListItem","position":2,"name":"Massacre isra\u00e9lien en Cisjordanie occup\u00e9e"}]},{"@type":"WebSite","@id":"https:\/\/www.webdo.tn\/fr\/#website","url":"https:\/\/www.webdo.tn\/fr\/","name":"webdo","description":"Tunisie - News en Tunisie et \u00e0 l&#039;international sur Webdo.tn","publisher":{"@id":"https:\/\/www.webdo.tn\/fr\/#organization"},"potentialAction":[{"@type":"SearchAction","target":{"@type":"EntryPoint","urlTemplate":"https:\/\/www.webdo.tn\/fr\/?s={search_term_string}"},"query-input":{"@type":"PropertyValueSpecification","valueRequired":true,"valueName":"search_term_string"}}],"inLanguage":"fr-FR"},{"@type":"Organization","@id":"https:\/\/www.webdo.tn\/fr\/#organization","name":"Webdo","alternateName":"Webdo.tn","url":"https:\/\/www.webdo.tn\/fr\/","logo":{"@type":"ImageObject","inLanguage":"fr-FR","@id":"https:\/\/www.webdo.tn\/fr\/#\/schema\/logo\/image\/","url":"https:\/\/www.webdo.tn\/fr\/wp-content\/uploads\/2025\/06\/Webdo-Tunisie_168377.jpg","contentUrl":"https:\/\/www.webdo.tn\/fr\/wp-content\/uploads\/2025\/06\/Webdo-Tunisie_168377.jpg","width":301,"height":301,"caption":"Webdo"},"image":{"@id":"https:\/\/www.webdo.tn\/fr\/#\/schema\/logo\/image\/"},"sameAs":["https:\/\/www.facebook.com\/webdotn","https:\/\/x.com\/webdo_tn"],"description":"Webdo est un m\u00e9dia num\u00e9rique tunisien fond\u00e9 en 2010, sp\u00e9cialis\u00e9 dans l\u2019actualit\u00e9 nationale et internationale, l\u2019\u00e9conomie, la soci\u00e9t\u00e9 et les analyses politiques. Le site s\u2019adresse \u00e0 un large public francophone et couvre l\u2019information tunisienne en temps r\u00e9el.","email":"redac@webdo.tn","legalName":"YNJ SARL","foundingDate":"2010-09-06","numberOfEmployees":{"@type":"QuantitativeValue","minValue":"11","maxValue":"50"}},{"@type":"Person","@id":"https:\/\/www.webdo.tn\/fr\/#\/schema\/person\/2c4929cbf5a809e3bd38617c6ce150f6","name":"MC","image":{"@type":"ImageObject","inLanguage":"fr-FR","@id":"https:\/\/secure.gravatar.com\/avatar\/a545bbb6f84efdd5553dbbc2895e3ca8f1d12c5215e00a041c9670b54aa9b18a?s=96&d=mm&r=g","url":"https:\/\/secure.gravatar.com\/avatar\/a545bbb6f84efdd5553dbbc2895e3ca8f1d12c5215e00a041c9670b54aa9b18a?s=96&d=mm&r=g","contentUrl":"https:\/\/secure.gravatar.com\/avatar\/a545bbb6f84efdd5553dbbc2895e3ca8f1d12c5215e00a041c9670b54aa9b18a?s=96&d=mm&r=g","caption":"MC"},"url":"https:\/\/www.webdo.tn\/fr\/actualite\/author\/mc\/"}]}},"_links":{"self":[{"href":"https:\/\/www.webdo.tn\/fr\/wp-json\/wp\/v2\/posts\/203224","targetHints":{"allow":["GET"]}}],"collection":[{"href":"https:\/\/www.webdo.tn\/fr\/wp-json\/wp\/v2\/posts"}],"about":[{"href":"https:\/\/www.webdo.tn\/fr\/wp-json\/wp\/v2\/types\/post"}],"author":[{"embeddable":true,"href":"https:\/\/www.webdo.tn\/fr\/wp-json\/wp\/v2\/users\/3162"}],"replies":[{"embeddable":true,"href":"https:\/\/www.webdo.tn\/fr\/wp-json\/wp\/v2\/comments?post=203224"}],"version-history":[{"count":0,"href":"https:\/\/www.webdo.tn\/fr\/wp-json\/wp\/v2\/posts\/203224\/revisions"}],"wp:featuredmedia":[{"embeddable":true,"href":"https:\/\/www.webdo.tn\/fr\/wp-json\/wp\/v2\/media\/251905"}],"wp:attachment":[{"href":"https:\/\/www.webdo.tn\/fr\/wp-json\/wp\/v2\/media?parent=203224"}],"wp:term":[{"taxonomy":"category","embeddable":true,"href":"https:\/\/www.webdo.tn\/fr\/wp-json\/wp\/v2\/categories?post=203224"},{"taxonomy":"post_tag","embeddable":true,"href":"https:\/\/www.webdo.tn\/fr\/wp-json\/wp\/v2\/tags?post=203224"}],"curies":[{"name":"wp","href":"https:\/\/api.w.org\/{rel}","templated":true}]}}