{"id":203217,"date":"2023-02-22T12:35:00","date_gmt":"2023-02-22T12:35:00","guid":{"rendered":"https:\/\/www.webdo.tn\/fr\/blog\/le-liban-et-la-palestine-frappes-par-un-seisme-de-magnitude-4-2\/203217\/"},"modified":"2025-05-20T22:02:13","modified_gmt":"2025-05-20T22:02:13","slug":"le-liban-et-la-palestine-frappes-par-un-seisme-de-magnitude-4-2","status":"publish","type":"post","link":"https:\/\/www.webdo.tn\/fr\/actualite\/international\/le-liban-et-la-palestine-frappes-par-un-seisme-de-magnitude-4-2\/203217\/","title":{"rendered":"Le Liban et la Palestine frapp\u00e9s par un s\u00e9isme de magnitude 4,2"},"content":{"rendered":"<p>Un s\u00e9isme de magnitude 4,2 sur l&rsquo;\u00e9chelle de Richter a frapp\u00e9, ce mercredi 22 f\u00e9vrier 2023, le Liban et la Palestine, a indiqu\u00e9 le Centre sismologique euro-m\u00e9diterran\u00e9en (CSEM) au Liban.<\/p>\n<p>\t\t\t\t\t\t\t\t\tCertains habitants des zones c\u00f4ti\u00e8res libanaises ont ressenti la secousse pour la deuxi\u00e8me journ\u00e9e cons\u00e9cutive.<\/p>\n<p>De son c\u00f4t\u00e9, l&rsquo;agence de presse officielle palestinienne, Wafa, a rapport\u00e9 qu&rsquo;un tremblement de terre de dix secondes et de magnitude 4,2 a frapp\u00e9 le nord de la Palestine. Ce s\u00e9isme s&rsquo;est produit \u00e0 une profondeur de 18 km, dans l&rsquo;est de la M\u00e9diterran\u00e9e.<\/p>\n","protected":false},"excerpt":{"rendered":"<p>Un s\u00e9isme de magnitude 4,2 sur l&rsquo;\u00e9chelle de Richter a frapp\u00e9, ce mercredi 22 f\u00e9vrier 2023, le Liban et la Palestine, a indiqu\u00e9 le Centre sismologique euro-m\u00e9dit&#8230;<\/p>\n","protected":false},"author":3162,"featured_media":251903,"comment_status":"open","ping_status":"closed","sticky":false,"template":"","format":"standard","meta":{"footnotes":""},"categories":[2598],"tags":[3920,2688,7271],"class_list":["post-203217","post","type-post","status-publish","format-standard","has-post-thumbnail","hentry","category-international","tag-liban","tag-palestine","tag-seisme"],"yoast_head":"<!-- This site is optimized with the Yoast SEO Premium plugin v27.4 (Yoast SEO v27.5) - https:\/\/yoast.com\/product\/yoast-seo-premium-wordpress\/ -->\n<title>Le Liban et la Palestine frapp\u00e9s par un s\u00e9isme de magnitude 4,2<\/title>\n<meta name=\"description\" content=\"Un s\u00e9isme de magnitude 4,2 sur l&#039;\u00e9chelle de Richter a frapp\u00e9, ce mercredi 22 f\u00e9vrier 2023, le Liban et la Palestine, a indiqu\u00e9 le Centre sismologique euro-m\u00e9dit...\" \/>\n<link rel=\"canonical\" href=\"https:\/\/www.webdo.tn\/fr\/actualite\/international\/le-liban-et-la-palestine-frappes-par-un-seisme-de-magnitude-4-2\/203217\/\" \/>\n<meta property=\"og:locale\" content=\"fr_FR\" \/>\n<meta property=\"og:type\" content=\"article\" \/>\n<meta property=\"og:title\" content=\"Le Liban et la Palestine frapp\u00e9s par un s\u00e9isme de magnitude 4,2\" \/>\n<meta property=\"og:description\" content=\"Un s\u00e9isme de magnitude 4,2 sur l&#039;\u00e9chelle de Richter a frapp\u00e9, ce mercredi 22 f\u00e9vrier 2023, le Liban et la Palestine, a indiqu\u00e9 le Centre sismologique euro-m\u00e9dit...\" \/>\n<meta property=\"og:url\" content=\"https:\/\/www.webdo.tn\/fr\/actualite\/international\/le-liban-et-la-palestine-frappes-par-un-seisme-de-magnitude-4-2\/203217\/\" \/>\n<meta property=\"og:site_name\" content=\"webdo\" \/>\n<meta property=\"article:publisher\" content=\"https:\/\/www.facebook.com\/webdotn\" \/>\n<meta property=\"article:published_time\" content=\"2023-02-22T12:35:00+00:00\" \/>\n<meta property=\"article:modified_time\" content=\"2025-05-20T22:02:13+00:00\" \/>\n<meta property=\"og:image\" content=\"https:\/\/www.webdo.tn\/fr\/wp-content\/uploads\/2023\/02\/272bcdabed0b33304b53d8e55be1920a.jpg\" \/>\n\t<meta property=\"og:image:width\" content=\"750\" \/>\n\t<meta property=\"og:image:height\" content=\"400\" \/>\n\t<meta property=\"og:image:type\" content=\"image\/jpeg\" \/>\n<meta name=\"author\" content=\"MC\" \/>\n<meta name=\"twitter:card\" content=\"summary_large_image\" \/>\n<meta name=\"twitter:creator\" content=\"@webdo_tn\" \/>\n<meta name=\"twitter:site\" content=\"@webdo_tn\" \/>\n<meta name=\"twitter:label1\" content=\"\u00c9crit par\" \/>\n\t<meta name=\"twitter:data1\" content=\"MC\" \/>\n<script type=\"application\/ld+json\" class=\"yoast-schema-graph\">{\"@context\":\"https:\\\/\\\/schema.org\",\"@graph\":[{\"@type\":\"NewsArticle\",\"@id\":\"https:\\\/\\\/www.webdo.tn\\\/fr\\\/actualite\\\/international\\\/le-liban-et-la-palestine-frappes-par-un-seisme-de-magnitude-4-2\\\/203217\\\/#article\",\"isPartOf\":{\"@id\":\"https:\\\/\\\/www.webdo.tn\\\/fr\\\/actualite\\\/international\\\/le-liban-et-la-palestine-frappes-par-un-seisme-de-magnitude-4-2\\\/203217\\\/\"},\"author\":{\"name\":\"MC\",\"@id\":\"https:\\\/\\\/www.webdo.tn\\\/fr\\\/#\\\/schema\\\/person\\\/2c4929cbf5a809e3bd38617c6ce150f6\"},\"headline\":\"Le Liban et la Palestine frapp\u00e9s par un s\u00e9isme de magnitude 4,2\",\"datePublished\":\"2023-02-22T12:35:00+00:00\",\"dateModified\":\"2025-05-20T22:02:13+00:00\",\"mainEntityOfPage\":{\"@id\":\"https:\\\/\\\/www.webdo.tn\\\/fr\\\/actualite\\\/international\\\/le-liban-et-la-palestine-frappes-par-un-seisme-de-magnitude-4-2\\\/203217\\\/\"},\"wordCount\":114,\"commentCount\":0,\"publisher\":{\"@id\":\"https:\\\/\\\/www.webdo.tn\\\/fr\\\/#organization\"},\"image\":{\"@id\":\"https:\\\/\\\/www.webdo.tn\\\/fr\\\/actualite\\\/international\\\/le-liban-et-la-palestine-frappes-par-un-seisme-de-magnitude-4-2\\\/203217\\\/#primaryimage\"},\"thumbnailUrl\":\"https:\\\/\\\/www.webdo.tn\\\/fr\\\/wp-content\\\/uploads\\\/2023\\\/02\\\/272bcdabed0b33304b53d8e55be1920a.jpg\",\"keywords\":[\"liban\",\"Palestine\",\"s\u00e9isme\"],\"articleSection\":[\"International\"],\"inLanguage\":\"fr-FR\"},{\"@type\":\"WebPage\",\"@id\":\"https:\\\/\\\/www.webdo.tn\\\/fr\\\/actualite\\\/international\\\/le-liban-et-la-palestine-frappes-par-un-seisme-de-magnitude-4-2\\\/203217\\\/\",\"url\":\"https:\\\/\\\/www.webdo.tn\\\/fr\\\/actualite\\\/international\\\/le-liban-et-la-palestine-frappes-par-un-seisme-de-magnitude-4-2\\\/203217\\\/\",\"name\":\"Le Liban et la Palestine frapp\u00e9s par un s\u00e9isme de magnitude 4,2\",\"isPartOf\":{\"@id\":\"https:\\\/\\\/www.webdo.tn\\\/fr\\\/#website\"},\"primaryImageOfPage\":{\"@id\":\"https:\\\/\\\/www.webdo.tn\\\/fr\\\/actualite\\\/international\\\/le-liban-et-la-palestine-frappes-par-un-seisme-de-magnitude-4-2\\\/203217\\\/#primaryimage\"},\"image\":{\"@id\":\"https:\\\/\\\/www.webdo.tn\\\/fr\\\/actualite\\\/international\\\/le-liban-et-la-palestine-frappes-par-un-seisme-de-magnitude-4-2\\\/203217\\\/#primaryimage\"},\"thumbnailUrl\":\"https:\\\/\\\/www.webdo.tn\\\/fr\\\/wp-content\\\/uploads\\\/2023\\\/02\\\/272bcdabed0b33304b53d8e55be1920a.jpg\",\"datePublished\":\"2023-02-22T12:35:00+00:00\",\"dateModified\":\"2025-05-20T22:02:13+00:00\",\"description\":\"Un s\u00e9isme de magnitude 4,2 sur l'\u00e9chelle de Richter a frapp\u00e9, ce mercredi 22 f\u00e9vrier 2023, le Liban et la Palestine, a indiqu\u00e9 le Centre sismologique euro-m\u00e9dit...\",\"breadcrumb\":{\"@id\":\"https:\\\/\\\/www.webdo.tn\\\/fr\\\/actualite\\\/international\\\/le-liban-et-la-palestine-frappes-par-un-seisme-de-magnitude-4-2\\\/203217\\\/#breadcrumb\"},\"inLanguage\":\"fr-FR\",\"potentialAction\":[{\"@type\":\"ReadAction\",\"target\":[\"https:\\\/\\\/www.webdo.tn\\\/fr\\\/actualite\\\/international\\\/le-liban-et-la-palestine-frappes-par-un-seisme-de-magnitude-4-2\\\/203217\\\/\"]}]},{\"@type\":\"ImageObject\",\"inLanguage\":\"fr-FR\",\"@id\":\"https:\\\/\\\/www.webdo.tn\\\/fr\\\/actualite\\\/international\\\/le-liban-et-la-palestine-frappes-par-un-seisme-de-magnitude-4-2\\\/203217\\\/#primaryimage\",\"url\":\"https:\\\/\\\/www.webdo.tn\\\/fr\\\/wp-content\\\/uploads\\\/2023\\\/02\\\/272bcdabed0b33304b53d8e55be1920a.jpg\",\"contentUrl\":\"https:\\\/\\\/www.webdo.tn\\\/fr\\\/wp-content\\\/uploads\\\/2023\\\/02\\\/272bcdabed0b33304b53d8e55be1920a.jpg\",\"width\":750,\"height\":400,\"caption\":\"Le Liban et la Palestine frapp\u00e9s par un s\u00e9isme de magnitude 4,2\"},{\"@type\":\"BreadcrumbList\",\"@id\":\"https:\\\/\\\/www.webdo.tn\\\/fr\\\/actualite\\\/international\\\/le-liban-et-la-palestine-frappes-par-un-seisme-de-magnitude-4-2\\\/203217\\\/#breadcrumb\",\"itemListElement\":[{\"@type\":\"ListItem\",\"position\":1,\"name\":\"Accueil\",\"item\":\"https:\\\/\\\/www.webdo.tn\\\/fr\\\/\"},{\"@type\":\"ListItem\",\"position\":2,\"name\":\"Le Liban et la Palestine frapp\u00e9s par un s\u00e9isme de magnitude 4,2\"}]},{\"@type\":\"WebSite\",\"@id\":\"https:\\\/\\\/www.webdo.tn\\\/fr\\\/#website\",\"url\":\"https:\\\/\\\/www.webdo.tn\\\/fr\\\/\",\"name\":\"webdo\",\"description\":\"Tunisie - News en Tunisie et \u00e0 l&#039;international sur Webdo.tn\",\"publisher\":{\"@id\":\"https:\\\/\\\/www.webdo.tn\\\/fr\\\/#organization\"},\"potentialAction\":[{\"@type\":\"SearchAction\",\"target\":{\"@type\":\"EntryPoint\",\"urlTemplate\":\"https:\\\/\\\/www.webdo.tn\\\/fr\\\/?s={search_term_string}\"},\"query-input\":{\"@type\":\"PropertyValueSpecification\",\"valueRequired\":true,\"valueName\":\"search_term_string\"}}],\"inLanguage\":\"fr-FR\"},{\"@type\":\"Organization\",\"@id\":\"https:\\\/\\\/www.webdo.tn\\\/fr\\\/#organization\",\"name\":\"Webdo\",\"alternateName\":\"Webdo.tn\",\"url\":\"https:\\\/\\\/www.webdo.tn\\\/fr\\\/\",\"logo\":{\"@type\":\"ImageObject\",\"inLanguage\":\"fr-FR\",\"@id\":\"https:\\\/\\\/www.webdo.tn\\\/fr\\\/#\\\/schema\\\/logo\\\/image\\\/\",\"url\":\"https:\\\/\\\/www.webdo.tn\\\/fr\\\/wp-content\\\/uploads\\\/2025\\\/06\\\/Webdo-Tunisie_168377.jpg\",\"contentUrl\":\"https:\\\/\\\/www.webdo.tn\\\/fr\\\/wp-content\\\/uploads\\\/2025\\\/06\\\/Webdo-Tunisie_168377.jpg\",\"width\":301,\"height\":301,\"caption\":\"Webdo\"},\"image\":{\"@id\":\"https:\\\/\\\/www.webdo.tn\\\/fr\\\/#\\\/schema\\\/logo\\\/image\\\/\"},\"sameAs\":[\"https:\\\/\\\/www.facebook.com\\\/webdotn\",\"https:\\\/\\\/x.com\\\/webdo_tn\"],\"description\":\"Webdo est un m\u00e9dia num\u00e9rique tunisien fond\u00e9 en 2010, sp\u00e9cialis\u00e9 dans l\u2019actualit\u00e9 nationale et internationale, l\u2019\u00e9conomie, la soci\u00e9t\u00e9 et les analyses politiques. Le site s\u2019adresse \u00e0 un large public francophone et couvre l\u2019information tunisienne en temps r\u00e9el.\",\"email\":\"redac@webdo.tn\",\"legalName\":\"YNJ SARL\",\"foundingDate\":\"2010-09-06\",\"numberOfEmployees\":{\"@type\":\"QuantitativeValue\",\"minValue\":\"11\",\"maxValue\":\"50\"}},{\"@type\":\"Person\",\"@id\":\"https:\\\/\\\/www.webdo.tn\\\/fr\\\/#\\\/schema\\\/person\\\/2c4929cbf5a809e3bd38617c6ce150f6\",\"name\":\"MC\",\"image\":{\"@type\":\"ImageObject\",\"inLanguage\":\"fr-FR\",\"@id\":\"https:\\\/\\\/secure.gravatar.com\\\/avatar\\\/a545bbb6f84efdd5553dbbc2895e3ca8f1d12c5215e00a041c9670b54aa9b18a?s=96&d=mm&r=g\",\"url\":\"https:\\\/\\\/secure.gravatar.com\\\/avatar\\\/a545bbb6f84efdd5553dbbc2895e3ca8f1d12c5215e00a041c9670b54aa9b18a?s=96&d=mm&r=g\",\"contentUrl\":\"https:\\\/\\\/secure.gravatar.com\\\/avatar\\\/a545bbb6f84efdd5553dbbc2895e3ca8f1d12c5215e00a041c9670b54aa9b18a?s=96&d=mm&r=g\",\"caption\":\"MC\"},\"url\":\"https:\\\/\\\/www.webdo.tn\\\/fr\\\/actualite\\\/author\\\/mc\\\/\"}]}<\/script>\n<!-- \/ Yoast SEO Premium plugin. -->","yoast_head_json":{"title":"Le Liban et la Palestine frapp\u00e9s par un s\u00e9isme de magnitude 4,2","description":"Un s\u00e9isme de magnitude 4,2 sur l'\u00e9chelle de Richter a frapp\u00e9, ce mercredi 22 f\u00e9vrier 2023, le Liban et la Palestine, a indiqu\u00e9 le Centre sismologique euro-m\u00e9dit...","canonical":"https:\/\/www.webdo.tn\/fr\/actualite\/international\/le-liban-et-la-palestine-frappes-par-un-seisme-de-magnitude-4-2\/203217\/","og_locale":"fr_FR","og_type":"article","og_title":"Le Liban et la Palestine frapp\u00e9s par un s\u00e9isme de magnitude 4,2","og_description":"Un s\u00e9isme de magnitude 4,2 sur l'\u00e9chelle de Richter a frapp\u00e9, ce mercredi 22 f\u00e9vrier 2023, le Liban et la Palestine, a indiqu\u00e9 le Centre sismologique euro-m\u00e9dit...","og_url":"https:\/\/www.webdo.tn\/fr\/actualite\/international\/le-liban-et-la-palestine-frappes-par-un-seisme-de-magnitude-4-2\/203217\/","og_site_name":"webdo","article_publisher":"https:\/\/www.facebook.com\/webdotn","article_published_time":"2023-02-22T12:35:00+00:00","article_modified_time":"2025-05-20T22:02:13+00:00","og_image":[{"width":750,"height":400,"url":"https:\/\/www.webdo.tn\/fr\/wp-content\/uploads\/2023\/02\/272bcdabed0b33304b53d8e55be1920a.jpg","type":"image\/jpeg"}],"author":"MC","twitter_card":"summary_large_image","twitter_creator":"@webdo_tn","twitter_site":"@webdo_tn","twitter_misc":{"\u00c9crit par":"MC"},"schema":{"@context":"https:\/\/schema.org","@graph":[{"@type":"NewsArticle","@id":"https:\/\/www.webdo.tn\/fr\/actualite\/international\/le-liban-et-la-palestine-frappes-par-un-seisme-de-magnitude-4-2\/203217\/#article","isPartOf":{"@id":"https:\/\/www.webdo.tn\/fr\/actualite\/international\/le-liban-et-la-palestine-frappes-par-un-seisme-de-magnitude-4-2\/203217\/"},"author":{"name":"MC","@id":"https:\/\/www.webdo.tn\/fr\/#\/schema\/person\/2c4929cbf5a809e3bd38617c6ce150f6"},"headline":"Le Liban et la Palestine frapp\u00e9s par un s\u00e9isme de magnitude 4,2","datePublished":"2023-02-22T12:35:00+00:00","dateModified":"2025-05-20T22:02:13+00:00","mainEntityOfPage":{"@id":"https:\/\/www.webdo.tn\/fr\/actualite\/international\/le-liban-et-la-palestine-frappes-par-un-seisme-de-magnitude-4-2\/203217\/"},"wordCount":114,"commentCount":0,"publisher":{"@id":"https:\/\/www.webdo.tn\/fr\/#organization"},"image":{"@id":"https:\/\/www.webdo.tn\/fr\/actualite\/international\/le-liban-et-la-palestine-frappes-par-un-seisme-de-magnitude-4-2\/203217\/#primaryimage"},"thumbnailUrl":"https:\/\/www.webdo.tn\/fr\/wp-content\/uploads\/2023\/02\/272bcdabed0b33304b53d8e55be1920a.jpg","keywords":["liban","Palestine","s\u00e9isme"],"articleSection":["International"],"inLanguage":"fr-FR"},{"@type":"WebPage","@id":"https:\/\/www.webdo.tn\/fr\/actualite\/international\/le-liban-et-la-palestine-frappes-par-un-seisme-de-magnitude-4-2\/203217\/","url":"https:\/\/www.webdo.tn\/fr\/actualite\/international\/le-liban-et-la-palestine-frappes-par-un-seisme-de-magnitude-4-2\/203217\/","name":"Le Liban et la Palestine frapp\u00e9s par un s\u00e9isme de magnitude 4,2","isPartOf":{"@id":"https:\/\/www.webdo.tn\/fr\/#website"},"primaryImageOfPage":{"@id":"https:\/\/www.webdo.tn\/fr\/actualite\/international\/le-liban-et-la-palestine-frappes-par-un-seisme-de-magnitude-4-2\/203217\/#primaryimage"},"image":{"@id":"https:\/\/www.webdo.tn\/fr\/actualite\/international\/le-liban-et-la-palestine-frappes-par-un-seisme-de-magnitude-4-2\/203217\/#primaryimage"},"thumbnailUrl":"https:\/\/www.webdo.tn\/fr\/wp-content\/uploads\/2023\/02\/272bcdabed0b33304b53d8e55be1920a.jpg","datePublished":"2023-02-22T12:35:00+00:00","dateModified":"2025-05-20T22:02:13+00:00","description":"Un s\u00e9isme de magnitude 4,2 sur l'\u00e9chelle de Richter a frapp\u00e9, ce mercredi 22 f\u00e9vrier 2023, le Liban et la Palestine, a indiqu\u00e9 le Centre sismologique euro-m\u00e9dit...","breadcrumb":{"@id":"https:\/\/www.webdo.tn\/fr\/actualite\/international\/le-liban-et-la-palestine-frappes-par-un-seisme-de-magnitude-4-2\/203217\/#breadcrumb"},"inLanguage":"fr-FR","potentialAction":[{"@type":"ReadAction","target":["https:\/\/www.webdo.tn\/fr\/actualite\/international\/le-liban-et-la-palestine-frappes-par-un-seisme-de-magnitude-4-2\/203217\/"]}]},{"@type":"ImageObject","inLanguage":"fr-FR","@id":"https:\/\/www.webdo.tn\/fr\/actualite\/international\/le-liban-et-la-palestine-frappes-par-un-seisme-de-magnitude-4-2\/203217\/#primaryimage","url":"https:\/\/www.webdo.tn\/fr\/wp-content\/uploads\/2023\/02\/272bcdabed0b33304b53d8e55be1920a.jpg","contentUrl":"https:\/\/www.webdo.tn\/fr\/wp-content\/uploads\/2023\/02\/272bcdabed0b33304b53d8e55be1920a.jpg","width":750,"height":400,"caption":"Le Liban et la Palestine frapp\u00e9s par un s\u00e9isme de magnitude 4,2"},{"@type":"BreadcrumbList","@id":"https:\/\/www.webdo.tn\/fr\/actualite\/international\/le-liban-et-la-palestine-frappes-par-un-seisme-de-magnitude-4-2\/203217\/#breadcrumb","itemListElement":[{"@type":"ListItem","position":1,"name":"Accueil","item":"https:\/\/www.webdo.tn\/fr\/"},{"@type":"ListItem","position":2,"name":"Le Liban et la Palestine frapp\u00e9s par un s\u00e9isme de magnitude 4,2"}]},{"@type":"WebSite","@id":"https:\/\/www.webdo.tn\/fr\/#website","url":"https:\/\/www.webdo.tn\/fr\/","name":"webdo","description":"Tunisie - News en Tunisie et \u00e0 l&#039;international sur Webdo.tn","publisher":{"@id":"https:\/\/www.webdo.tn\/fr\/#organization"},"potentialAction":[{"@type":"SearchAction","target":{"@type":"EntryPoint","urlTemplate":"https:\/\/www.webdo.tn\/fr\/?s={search_term_string}"},"query-input":{"@type":"PropertyValueSpecification","valueRequired":true,"valueName":"search_term_string"}}],"inLanguage":"fr-FR"},{"@type":"Organization","@id":"https:\/\/www.webdo.tn\/fr\/#organization","name":"Webdo","alternateName":"Webdo.tn","url":"https:\/\/www.webdo.tn\/fr\/","logo":{"@type":"ImageObject","inLanguage":"fr-FR","@id":"https:\/\/www.webdo.tn\/fr\/#\/schema\/logo\/image\/","url":"https:\/\/www.webdo.tn\/fr\/wp-content\/uploads\/2025\/06\/Webdo-Tunisie_168377.jpg","contentUrl":"https:\/\/www.webdo.tn\/fr\/wp-content\/uploads\/2025\/06\/Webdo-Tunisie_168377.jpg","width":301,"height":301,"caption":"Webdo"},"image":{"@id":"https:\/\/www.webdo.tn\/fr\/#\/schema\/logo\/image\/"},"sameAs":["https:\/\/www.facebook.com\/webdotn","https:\/\/x.com\/webdo_tn"],"description":"Webdo est un m\u00e9dia num\u00e9rique tunisien fond\u00e9 en 2010, sp\u00e9cialis\u00e9 dans l\u2019actualit\u00e9 nationale et internationale, l\u2019\u00e9conomie, la soci\u00e9t\u00e9 et les analyses politiques. Le site s\u2019adresse \u00e0 un large public francophone et couvre l\u2019information tunisienne en temps r\u00e9el.","email":"redac@webdo.tn","legalName":"YNJ SARL","foundingDate":"2010-09-06","numberOfEmployees":{"@type":"QuantitativeValue","minValue":"11","maxValue":"50"}},{"@type":"Person","@id":"https:\/\/www.webdo.tn\/fr\/#\/schema\/person\/2c4929cbf5a809e3bd38617c6ce150f6","name":"MC","image":{"@type":"ImageObject","inLanguage":"fr-FR","@id":"https:\/\/secure.gravatar.com\/avatar\/a545bbb6f84efdd5553dbbc2895e3ca8f1d12c5215e00a041c9670b54aa9b18a?s=96&d=mm&r=g","url":"https:\/\/secure.gravatar.com\/avatar\/a545bbb6f84efdd5553dbbc2895e3ca8f1d12c5215e00a041c9670b54aa9b18a?s=96&d=mm&r=g","contentUrl":"https:\/\/secure.gravatar.com\/avatar\/a545bbb6f84efdd5553dbbc2895e3ca8f1d12c5215e00a041c9670b54aa9b18a?s=96&d=mm&r=g","caption":"MC"},"url":"https:\/\/www.webdo.tn\/fr\/actualite\/author\/mc\/"}]}},"_links":{"self":[{"href":"https:\/\/www.webdo.tn\/fr\/wp-json\/wp\/v2\/posts\/203217","targetHints":{"allow":["GET"]}}],"collection":[{"href":"https:\/\/www.webdo.tn\/fr\/wp-json\/wp\/v2\/posts"}],"about":[{"href":"https:\/\/www.webdo.tn\/fr\/wp-json\/wp\/v2\/types\/post"}],"author":[{"embeddable":true,"href":"https:\/\/www.webdo.tn\/fr\/wp-json\/wp\/v2\/users\/3162"}],"replies":[{"embeddable":true,"href":"https:\/\/www.webdo.tn\/fr\/wp-json\/wp\/v2\/comments?post=203217"}],"version-history":[{"count":0,"href":"https:\/\/www.webdo.tn\/fr\/wp-json\/wp\/v2\/posts\/203217\/revisions"}],"wp:featuredmedia":[{"embeddable":true,"href":"https:\/\/www.webdo.tn\/fr\/wp-json\/wp\/v2\/media\/251903"}],"wp:attachment":[{"href":"https:\/\/www.webdo.tn\/fr\/wp-json\/wp\/v2\/media?parent=203217"}],"wp:term":[{"taxonomy":"category","embeddable":true,"href":"https:\/\/www.webdo.tn\/fr\/wp-json\/wp\/v2\/categories?post=203217"},{"taxonomy":"post_tag","embeddable":true,"href":"https:\/\/www.webdo.tn\/fr\/wp-json\/wp\/v2\/tags?post=203217"}],"curies":[{"name":"wp","href":"https:\/\/api.w.org\/{rel}","templated":true}]}}