{"id":203215,"date":"2023-02-22T11:49:00","date_gmt":"2023-02-22T11:49:00","guid":{"rendered":"https:\/\/www.webdo.tn\/fr\/blog\/josep-borrell-l-ue-suit-de-pres-et-avec-preoccupation-les-developpements-recents-en-tunisie\/203215\/"},"modified":"2025-05-20T22:02:13","modified_gmt":"2025-05-20T22:02:13","slug":"josep-borrell-l-ue-suit-de-pres-et-avec-preoccupation-les-developpements-recents-en-tunisie","status":"publish","type":"post","link":"https:\/\/www.webdo.tn\/fr\/actualite\/national\/josep-borrell-l-ue-suit-de-pres-et-avec-preoccupation-les-developpements-recents-en-tunisie\/203215\/","title":{"rendered":"Josep Borrell : \u00ab\u00a0L\u2019UE suit de pr\u00e8s et avec pr\u00e9occupation les d\u00e9veloppements r\u00e9cents en Tunisie\u00a0\u00bb"},"content":{"rendered":"<p>\u00ab\u00a0L\u2019UE suit de pr\u00e8s et avec pr\u00e9occupation les d\u00e9veloppements r\u00e9cents en Tunisie\u00a0\u00bb, selon une d\u00e9claration du haut repr\u00e9sentant Josep Borrell !<\/p>\n<p>\t\t\t\t\t\t\t\t\t\u00ab\u00a0L\u2019Union europ\u00e9enne suit de pr\u00e8s avec pr\u00e9occupation les d\u00e9veloppements r\u00e9cents en Tunisie, un voisin tr\u00e8s proche auquel nous lie un partenariat profond et strat\u00e9gique\u00a0\u00bb, indique le texte de la d\u00e9claration.<\/p>\n<p>\u00ab\u00a0Le pays traverse un moment d\u00e9licat et l\u2019Union Europ\u00e9enne esp\u00e8re que les autorit\u00e9s tunisiennes sauront trouver les r\u00e9ponses ad\u00e9quates aux nombreux d\u00e9fis actuels et futurs du pays.<\/p>\n<p>En tant que partenaire de longue date, nous sommes \u00e9galement tr\u00e8s inquiets de la d\u00e9t\u00e9rioration de la situation \u00e9conomique, en particulier, et de l\u2019impact social que cela risque d\u2019entrainer.<\/p>\n<p>Il est crucial que les diff\u00e9rentes forces politiques et sociales en Tunisie travaillent ensemble sur un projet commun et inclusif pour le pays.<\/p>\n<p>L\u2019Union europ\u00e9enne est pr\u00eate \u00e0 soutenir les efforts tunisiens en vue des r\u00e9formes structurelles urgentes que le pays entreprendra.<\/p>\n<p>Dans ce cadre, le haut repr\u00e9sentant est en contact avec ses coll\u00e8gues europ\u00e9ens et a pr\u00e9vu de discuter avec eux de la Tunisie lors du prochain Conseil affaires \u00e9trang\u00e8res de mars\u00a0\u00bb.<\/p>\n","protected":false},"excerpt":{"rendered":"<p> L\u2019UE suit de pr\u00e8s et avec pr\u00e9occupation les d\u00e9veloppements r\u00e9cents en Tunisie , selon une d\u00e9claration du haut repr\u00e9sentant Josep Borrell !<\/p>\n","protected":false},"author":3162,"featured_media":251904,"comment_status":"open","ping_status":"closed","sticky":false,"template":"","format":"standard","meta":{"footnotes":""},"categories":[44],"tags":[8761,2608,2897,2896],"class_list":["post-203215","post","type-post","status-publish","format-standard","has-post-thumbnail","hentry","category-national","tag-josep-borrell","tag-tunisie","tag-ue","tag-union-europeenne"],"yoast_head":"<!-- This site is optimized with the Yoast SEO Premium plugin v27.5 (Yoast SEO v27.5) - https:\/\/yoast.com\/product\/yoast-seo-premium-wordpress\/ -->\n<title>Josep Borrell : L\u2019UE suit de pr\u00e8s et avec pr\u00e9occupation les d\u00e9veloppements r\u00e9cents en Tunisie<\/title>\n<meta name=\"description\" content=\"L\u2019UE suit de pr\u00e8s et avec pr\u00e9occupation les d\u00e9veloppements r\u00e9cents en Tunisie , selon une d\u00e9claration du haut repr\u00e9sentant Josep Borrell !\" \/>\n<link rel=\"canonical\" href=\"https:\/\/www.webdo.tn\/fr\/actualite\/national\/josep-borrell-l-ue-suit-de-pres-et-avec-preoccupation-les-developpements-recents-en-tunisie\/203215\/\" \/>\n<meta property=\"og:locale\" content=\"fr_FR\" \/>\n<meta property=\"og:type\" content=\"article\" \/>\n<meta property=\"og:title\" content=\"Josep Borrell : &quot;L\u2019UE suit de pr\u00e8s et avec pr\u00e9occupation les d\u00e9veloppements r\u00e9cents en Tunisie&quot;\" \/>\n<meta property=\"og:description\" content=\"L\u2019UE suit de pr\u00e8s et avec pr\u00e9occupation les d\u00e9veloppements r\u00e9cents en Tunisie , selon une d\u00e9claration du haut repr\u00e9sentant Josep Borrell !\" \/>\n<meta property=\"og:url\" content=\"https:\/\/www.webdo.tn\/fr\/actualite\/national\/josep-borrell-l-ue-suit-de-pres-et-avec-preoccupation-les-developpements-recents-en-tunisie\/203215\/\" \/>\n<meta property=\"og:site_name\" content=\"webdo\" \/>\n<meta property=\"article:publisher\" content=\"https:\/\/www.facebook.com\/webdotn\" \/>\n<meta property=\"article:published_time\" content=\"2023-02-22T11:49:00+00:00\" \/>\n<meta property=\"article:modified_time\" content=\"2025-05-20T22:02:13+00:00\" \/>\n<meta property=\"og:image\" content=\"https:\/\/www.webdo.tn\/fr\/wp-content\/uploads\/2023\/02\/654d3fb64273f9a4e176e4bd3e82b498.jpg\" \/>\n\t<meta property=\"og:image:width\" content=\"750\" \/>\n\t<meta property=\"og:image:height\" content=\"400\" \/>\n\t<meta property=\"og:image:type\" content=\"image\/jpeg\" \/>\n<meta name=\"author\" content=\"MC\" \/>\n<meta name=\"twitter:card\" content=\"summary_large_image\" \/>\n<meta name=\"twitter:creator\" content=\"@webdo_tn\" \/>\n<meta name=\"twitter:site\" content=\"@webdo_tn\" \/>\n<meta name=\"twitter:label1\" content=\"\u00c9crit par\" \/>\n\t<meta name=\"twitter:data1\" content=\"MC\" \/>\n\t<meta name=\"twitter:label2\" content=\"Dur\u00e9e de lecture estim\u00e9e\" \/>\n\t<meta name=\"twitter:data2\" content=\"1 minute\" \/>\n<script type=\"application\/ld+json\" class=\"yoast-schema-graph\">{\"@context\":\"https:\\\/\\\/schema.org\",\"@graph\":[{\"@type\":\"NewsArticle\",\"@id\":\"https:\\\/\\\/www.webdo.tn\\\/fr\\\/actualite\\\/national\\\/josep-borrell-l-ue-suit-de-pres-et-avec-preoccupation-les-developpements-recents-en-tunisie\\\/203215\\\/#article\",\"isPartOf\":{\"@id\":\"https:\\\/\\\/www.webdo.tn\\\/fr\\\/actualite\\\/national\\\/josep-borrell-l-ue-suit-de-pres-et-avec-preoccupation-les-developpements-recents-en-tunisie\\\/203215\\\/\"},\"author\":{\"name\":\"MC\",\"@id\":\"https:\\\/\\\/www.webdo.tn\\\/fr\\\/#\\\/schema\\\/person\\\/2c4929cbf5a809e3bd38617c6ce150f6\"},\"headline\":\"Josep Borrell : \u00ab\u00a0L\u2019UE suit de pr\u00e8s et avec pr\u00e9occupation les d\u00e9veloppements r\u00e9cents en Tunisie\u00a0\u00bb\",\"datePublished\":\"2023-02-22T11:49:00+00:00\",\"dateModified\":\"2025-05-20T22:02:13+00:00\",\"mainEntityOfPage\":{\"@id\":\"https:\\\/\\\/www.webdo.tn\\\/fr\\\/actualite\\\/national\\\/josep-borrell-l-ue-suit-de-pres-et-avec-preoccupation-les-developpements-recents-en-tunisie\\\/203215\\\/\"},\"wordCount\":236,\"commentCount\":0,\"publisher\":{\"@id\":\"https:\\\/\\\/www.webdo.tn\\\/fr\\\/#organization\"},\"image\":{\"@id\":\"https:\\\/\\\/www.webdo.tn\\\/fr\\\/actualite\\\/national\\\/josep-borrell-l-ue-suit-de-pres-et-avec-preoccupation-les-developpements-recents-en-tunisie\\\/203215\\\/#primaryimage\"},\"thumbnailUrl\":\"https:\\\/\\\/www.webdo.tn\\\/fr\\\/wp-content\\\/uploads\\\/2023\\\/02\\\/654d3fb64273f9a4e176e4bd3e82b498.jpg\",\"keywords\":[\"Josep Borrell\",\"Tunisie\",\"UE\",\"Union europ\u00e9enne\"],\"articleSection\":[\"National\"],\"inLanguage\":\"fr-FR\"},{\"@type\":\"WebPage\",\"@id\":\"https:\\\/\\\/www.webdo.tn\\\/fr\\\/actualite\\\/national\\\/josep-borrell-l-ue-suit-de-pres-et-avec-preoccupation-les-developpements-recents-en-tunisie\\\/203215\\\/\",\"url\":\"https:\\\/\\\/www.webdo.tn\\\/fr\\\/actualite\\\/national\\\/josep-borrell-l-ue-suit-de-pres-et-avec-preoccupation-les-developpements-recents-en-tunisie\\\/203215\\\/\",\"name\":\"Josep Borrell : L\u2019UE suit de pr\u00e8s et avec pr\u00e9occupation les d\u00e9veloppements r\u00e9cents en Tunisie\",\"isPartOf\":{\"@id\":\"https:\\\/\\\/www.webdo.tn\\\/fr\\\/#website\"},\"primaryImageOfPage\":{\"@id\":\"https:\\\/\\\/www.webdo.tn\\\/fr\\\/actualite\\\/national\\\/josep-borrell-l-ue-suit-de-pres-et-avec-preoccupation-les-developpements-recents-en-tunisie\\\/203215\\\/#primaryimage\"},\"image\":{\"@id\":\"https:\\\/\\\/www.webdo.tn\\\/fr\\\/actualite\\\/national\\\/josep-borrell-l-ue-suit-de-pres-et-avec-preoccupation-les-developpements-recents-en-tunisie\\\/203215\\\/#primaryimage\"},\"thumbnailUrl\":\"https:\\\/\\\/www.webdo.tn\\\/fr\\\/wp-content\\\/uploads\\\/2023\\\/02\\\/654d3fb64273f9a4e176e4bd3e82b498.jpg\",\"datePublished\":\"2023-02-22T11:49:00+00:00\",\"dateModified\":\"2025-05-20T22:02:13+00:00\",\"description\":\"L\u2019UE suit de pr\u00e8s et avec pr\u00e9occupation les d\u00e9veloppements r\u00e9cents en Tunisie , selon une d\u00e9claration du haut repr\u00e9sentant Josep Borrell !\",\"breadcrumb\":{\"@id\":\"https:\\\/\\\/www.webdo.tn\\\/fr\\\/actualite\\\/national\\\/josep-borrell-l-ue-suit-de-pres-et-avec-preoccupation-les-developpements-recents-en-tunisie\\\/203215\\\/#breadcrumb\"},\"inLanguage\":\"fr-FR\",\"potentialAction\":[{\"@type\":\"ReadAction\",\"target\":[\"https:\\\/\\\/www.webdo.tn\\\/fr\\\/actualite\\\/national\\\/josep-borrell-l-ue-suit-de-pres-et-avec-preoccupation-les-developpements-recents-en-tunisie\\\/203215\\\/\"]}]},{\"@type\":\"ImageObject\",\"inLanguage\":\"fr-FR\",\"@id\":\"https:\\\/\\\/www.webdo.tn\\\/fr\\\/actualite\\\/national\\\/josep-borrell-l-ue-suit-de-pres-et-avec-preoccupation-les-developpements-recents-en-tunisie\\\/203215\\\/#primaryimage\",\"url\":\"https:\\\/\\\/www.webdo.tn\\\/fr\\\/wp-content\\\/uploads\\\/2023\\\/02\\\/654d3fb64273f9a4e176e4bd3e82b498.jpg\",\"contentUrl\":\"https:\\\/\\\/www.webdo.tn\\\/fr\\\/wp-content\\\/uploads\\\/2023\\\/02\\\/654d3fb64273f9a4e176e4bd3e82b498.jpg\",\"width\":750,\"height\":400,\"caption\":\"Josep Borrell : \\\"L\u2019UE suit de pr\u00e8s et avec pr\u00e9occupation les d\u00e9veloppements r\u00e9cents en Tunisie\\\"\"},{\"@type\":\"BreadcrumbList\",\"@id\":\"https:\\\/\\\/www.webdo.tn\\\/fr\\\/actualite\\\/national\\\/josep-borrell-l-ue-suit-de-pres-et-avec-preoccupation-les-developpements-recents-en-tunisie\\\/203215\\\/#breadcrumb\",\"itemListElement\":[{\"@type\":\"ListItem\",\"position\":1,\"name\":\"Accueil\",\"item\":\"https:\\\/\\\/www.webdo.tn\\\/fr\\\/\"},{\"@type\":\"ListItem\",\"position\":2,\"name\":\"Josep Borrell : &#8220;L\u2019UE suit de pr\u00e8s et avec pr\u00e9occupation les d\u00e9veloppements r\u00e9cents en Tunisie&#8221;\"}]},{\"@type\":\"WebSite\",\"@id\":\"https:\\\/\\\/www.webdo.tn\\\/fr\\\/#website\",\"url\":\"https:\\\/\\\/www.webdo.tn\\\/fr\\\/\",\"name\":\"webdo\",\"description\":\"Tunisie - News en Tunisie et \u00e0 l&#039;international sur Webdo.tn\",\"publisher\":{\"@id\":\"https:\\\/\\\/www.webdo.tn\\\/fr\\\/#organization\"},\"potentialAction\":[{\"@type\":\"SearchAction\",\"target\":{\"@type\":\"EntryPoint\",\"urlTemplate\":\"https:\\\/\\\/www.webdo.tn\\\/fr\\\/?s={search_term_string}\"},\"query-input\":{\"@type\":\"PropertyValueSpecification\",\"valueRequired\":true,\"valueName\":\"search_term_string\"}}],\"inLanguage\":\"fr-FR\"},{\"@type\":\"Organization\",\"@id\":\"https:\\\/\\\/www.webdo.tn\\\/fr\\\/#organization\",\"name\":\"Webdo\",\"alternateName\":\"Webdo.tn\",\"url\":\"https:\\\/\\\/www.webdo.tn\\\/fr\\\/\",\"logo\":{\"@type\":\"ImageObject\",\"inLanguage\":\"fr-FR\",\"@id\":\"https:\\\/\\\/www.webdo.tn\\\/fr\\\/#\\\/schema\\\/logo\\\/image\\\/\",\"url\":\"https:\\\/\\\/www.webdo.tn\\\/fr\\\/wp-content\\\/uploads\\\/2025\\\/06\\\/Webdo-Tunisie_168377.jpg\",\"contentUrl\":\"https:\\\/\\\/www.webdo.tn\\\/fr\\\/wp-content\\\/uploads\\\/2025\\\/06\\\/Webdo-Tunisie_168377.jpg\",\"width\":301,\"height\":301,\"caption\":\"Webdo\"},\"image\":{\"@id\":\"https:\\\/\\\/www.webdo.tn\\\/fr\\\/#\\\/schema\\\/logo\\\/image\\\/\"},\"sameAs\":[\"https:\\\/\\\/www.facebook.com\\\/webdotn\",\"https:\\\/\\\/x.com\\\/webdo_tn\"],\"description\":\"Webdo est un m\u00e9dia num\u00e9rique tunisien fond\u00e9 en 2010, sp\u00e9cialis\u00e9 dans l\u2019actualit\u00e9 nationale et internationale, l\u2019\u00e9conomie, la soci\u00e9t\u00e9 et les analyses politiques. Le site s\u2019adresse \u00e0 un large public francophone et couvre l\u2019information tunisienne en temps r\u00e9el.\",\"email\":\"redac@webdo.tn\",\"legalName\":\"YNJ SARL\",\"foundingDate\":\"2010-09-06\",\"numberOfEmployees\":{\"@type\":\"QuantitativeValue\",\"minValue\":\"11\",\"maxValue\":\"50\"}},{\"@type\":\"Person\",\"@id\":\"https:\\\/\\\/www.webdo.tn\\\/fr\\\/#\\\/schema\\\/person\\\/2c4929cbf5a809e3bd38617c6ce150f6\",\"name\":\"MC\",\"image\":{\"@type\":\"ImageObject\",\"inLanguage\":\"fr-FR\",\"@id\":\"https:\\\/\\\/secure.gravatar.com\\\/avatar\\\/a545bbb6f84efdd5553dbbc2895e3ca8f1d12c5215e00a041c9670b54aa9b18a?s=96&d=mm&r=g\",\"url\":\"https:\\\/\\\/secure.gravatar.com\\\/avatar\\\/a545bbb6f84efdd5553dbbc2895e3ca8f1d12c5215e00a041c9670b54aa9b18a?s=96&d=mm&r=g\",\"contentUrl\":\"https:\\\/\\\/secure.gravatar.com\\\/avatar\\\/a545bbb6f84efdd5553dbbc2895e3ca8f1d12c5215e00a041c9670b54aa9b18a?s=96&d=mm&r=g\",\"caption\":\"MC\"},\"url\":\"https:\\\/\\\/www.webdo.tn\\\/fr\\\/actualite\\\/author\\\/mc\\\/\"}]}<\/script>\n<!-- \/ Yoast SEO Premium plugin. -->","yoast_head_json":{"title":"Josep Borrell : L\u2019UE suit de pr\u00e8s et avec pr\u00e9occupation les d\u00e9veloppements r\u00e9cents en Tunisie","description":"L\u2019UE suit de pr\u00e8s et avec pr\u00e9occupation les d\u00e9veloppements r\u00e9cents en Tunisie , selon une d\u00e9claration du haut repr\u00e9sentant Josep Borrell !","canonical":"https:\/\/www.webdo.tn\/fr\/actualite\/national\/josep-borrell-l-ue-suit-de-pres-et-avec-preoccupation-les-developpements-recents-en-tunisie\/203215\/","og_locale":"fr_FR","og_type":"article","og_title":"Josep Borrell : \"L\u2019UE suit de pr\u00e8s et avec pr\u00e9occupation les d\u00e9veloppements r\u00e9cents en Tunisie\"","og_description":"L\u2019UE suit de pr\u00e8s et avec pr\u00e9occupation les d\u00e9veloppements r\u00e9cents en Tunisie , selon une d\u00e9claration du haut repr\u00e9sentant Josep Borrell !","og_url":"https:\/\/www.webdo.tn\/fr\/actualite\/national\/josep-borrell-l-ue-suit-de-pres-et-avec-preoccupation-les-developpements-recents-en-tunisie\/203215\/","og_site_name":"webdo","article_publisher":"https:\/\/www.facebook.com\/webdotn","article_published_time":"2023-02-22T11:49:00+00:00","article_modified_time":"2025-05-20T22:02:13+00:00","og_image":[{"width":750,"height":400,"url":"https:\/\/www.webdo.tn\/fr\/wp-content\/uploads\/2023\/02\/654d3fb64273f9a4e176e4bd3e82b498.jpg","type":"image\/jpeg"}],"author":"MC","twitter_card":"summary_large_image","twitter_creator":"@webdo_tn","twitter_site":"@webdo_tn","twitter_misc":{"\u00c9crit par":"MC","Dur\u00e9e de lecture estim\u00e9e":"1 minute"},"schema":{"@context":"https:\/\/schema.org","@graph":[{"@type":"NewsArticle","@id":"https:\/\/www.webdo.tn\/fr\/actualite\/national\/josep-borrell-l-ue-suit-de-pres-et-avec-preoccupation-les-developpements-recents-en-tunisie\/203215\/#article","isPartOf":{"@id":"https:\/\/www.webdo.tn\/fr\/actualite\/national\/josep-borrell-l-ue-suit-de-pres-et-avec-preoccupation-les-developpements-recents-en-tunisie\/203215\/"},"author":{"name":"MC","@id":"https:\/\/www.webdo.tn\/fr\/#\/schema\/person\/2c4929cbf5a809e3bd38617c6ce150f6"},"headline":"Josep Borrell : \u00ab\u00a0L\u2019UE suit de pr\u00e8s et avec pr\u00e9occupation les d\u00e9veloppements r\u00e9cents en Tunisie\u00a0\u00bb","datePublished":"2023-02-22T11:49:00+00:00","dateModified":"2025-05-20T22:02:13+00:00","mainEntityOfPage":{"@id":"https:\/\/www.webdo.tn\/fr\/actualite\/national\/josep-borrell-l-ue-suit-de-pres-et-avec-preoccupation-les-developpements-recents-en-tunisie\/203215\/"},"wordCount":236,"commentCount":0,"publisher":{"@id":"https:\/\/www.webdo.tn\/fr\/#organization"},"image":{"@id":"https:\/\/www.webdo.tn\/fr\/actualite\/national\/josep-borrell-l-ue-suit-de-pres-et-avec-preoccupation-les-developpements-recents-en-tunisie\/203215\/#primaryimage"},"thumbnailUrl":"https:\/\/www.webdo.tn\/fr\/wp-content\/uploads\/2023\/02\/654d3fb64273f9a4e176e4bd3e82b498.jpg","keywords":["Josep Borrell","Tunisie","UE","Union europ\u00e9enne"],"articleSection":["National"],"inLanguage":"fr-FR"},{"@type":"WebPage","@id":"https:\/\/www.webdo.tn\/fr\/actualite\/national\/josep-borrell-l-ue-suit-de-pres-et-avec-preoccupation-les-developpements-recents-en-tunisie\/203215\/","url":"https:\/\/www.webdo.tn\/fr\/actualite\/national\/josep-borrell-l-ue-suit-de-pres-et-avec-preoccupation-les-developpements-recents-en-tunisie\/203215\/","name":"Josep Borrell : L\u2019UE suit de pr\u00e8s et avec pr\u00e9occupation les d\u00e9veloppements r\u00e9cents en Tunisie","isPartOf":{"@id":"https:\/\/www.webdo.tn\/fr\/#website"},"primaryImageOfPage":{"@id":"https:\/\/www.webdo.tn\/fr\/actualite\/national\/josep-borrell-l-ue-suit-de-pres-et-avec-preoccupation-les-developpements-recents-en-tunisie\/203215\/#primaryimage"},"image":{"@id":"https:\/\/www.webdo.tn\/fr\/actualite\/national\/josep-borrell-l-ue-suit-de-pres-et-avec-preoccupation-les-developpements-recents-en-tunisie\/203215\/#primaryimage"},"thumbnailUrl":"https:\/\/www.webdo.tn\/fr\/wp-content\/uploads\/2023\/02\/654d3fb64273f9a4e176e4bd3e82b498.jpg","datePublished":"2023-02-22T11:49:00+00:00","dateModified":"2025-05-20T22:02:13+00:00","description":"L\u2019UE suit de pr\u00e8s et avec pr\u00e9occupation les d\u00e9veloppements r\u00e9cents en Tunisie , selon une d\u00e9claration du haut repr\u00e9sentant Josep Borrell !","breadcrumb":{"@id":"https:\/\/www.webdo.tn\/fr\/actualite\/national\/josep-borrell-l-ue-suit-de-pres-et-avec-preoccupation-les-developpements-recents-en-tunisie\/203215\/#breadcrumb"},"inLanguage":"fr-FR","potentialAction":[{"@type":"ReadAction","target":["https:\/\/www.webdo.tn\/fr\/actualite\/national\/josep-borrell-l-ue-suit-de-pres-et-avec-preoccupation-les-developpements-recents-en-tunisie\/203215\/"]}]},{"@type":"ImageObject","inLanguage":"fr-FR","@id":"https:\/\/www.webdo.tn\/fr\/actualite\/national\/josep-borrell-l-ue-suit-de-pres-et-avec-preoccupation-les-developpements-recents-en-tunisie\/203215\/#primaryimage","url":"https:\/\/www.webdo.tn\/fr\/wp-content\/uploads\/2023\/02\/654d3fb64273f9a4e176e4bd3e82b498.jpg","contentUrl":"https:\/\/www.webdo.tn\/fr\/wp-content\/uploads\/2023\/02\/654d3fb64273f9a4e176e4bd3e82b498.jpg","width":750,"height":400,"caption":"Josep Borrell : \"L\u2019UE suit de pr\u00e8s et avec pr\u00e9occupation les d\u00e9veloppements r\u00e9cents en Tunisie\""},{"@type":"BreadcrumbList","@id":"https:\/\/www.webdo.tn\/fr\/actualite\/national\/josep-borrell-l-ue-suit-de-pres-et-avec-preoccupation-les-developpements-recents-en-tunisie\/203215\/#breadcrumb","itemListElement":[{"@type":"ListItem","position":1,"name":"Accueil","item":"https:\/\/www.webdo.tn\/fr\/"},{"@type":"ListItem","position":2,"name":"Josep Borrell : &#8220;L\u2019UE suit de pr\u00e8s et avec pr\u00e9occupation les d\u00e9veloppements r\u00e9cents en Tunisie&#8221;"}]},{"@type":"WebSite","@id":"https:\/\/www.webdo.tn\/fr\/#website","url":"https:\/\/www.webdo.tn\/fr\/","name":"webdo","description":"Tunisie - News en Tunisie et \u00e0 l&#039;international sur Webdo.tn","publisher":{"@id":"https:\/\/www.webdo.tn\/fr\/#organization"},"potentialAction":[{"@type":"SearchAction","target":{"@type":"EntryPoint","urlTemplate":"https:\/\/www.webdo.tn\/fr\/?s={search_term_string}"},"query-input":{"@type":"PropertyValueSpecification","valueRequired":true,"valueName":"search_term_string"}}],"inLanguage":"fr-FR"},{"@type":"Organization","@id":"https:\/\/www.webdo.tn\/fr\/#organization","name":"Webdo","alternateName":"Webdo.tn","url":"https:\/\/www.webdo.tn\/fr\/","logo":{"@type":"ImageObject","inLanguage":"fr-FR","@id":"https:\/\/www.webdo.tn\/fr\/#\/schema\/logo\/image\/","url":"https:\/\/www.webdo.tn\/fr\/wp-content\/uploads\/2025\/06\/Webdo-Tunisie_168377.jpg","contentUrl":"https:\/\/www.webdo.tn\/fr\/wp-content\/uploads\/2025\/06\/Webdo-Tunisie_168377.jpg","width":301,"height":301,"caption":"Webdo"},"image":{"@id":"https:\/\/www.webdo.tn\/fr\/#\/schema\/logo\/image\/"},"sameAs":["https:\/\/www.facebook.com\/webdotn","https:\/\/x.com\/webdo_tn"],"description":"Webdo est un m\u00e9dia num\u00e9rique tunisien fond\u00e9 en 2010, sp\u00e9cialis\u00e9 dans l\u2019actualit\u00e9 nationale et internationale, l\u2019\u00e9conomie, la soci\u00e9t\u00e9 et les analyses politiques. Le site s\u2019adresse \u00e0 un large public francophone et couvre l\u2019information tunisienne en temps r\u00e9el.","email":"redac@webdo.tn","legalName":"YNJ SARL","foundingDate":"2010-09-06","numberOfEmployees":{"@type":"QuantitativeValue","minValue":"11","maxValue":"50"}},{"@type":"Person","@id":"https:\/\/www.webdo.tn\/fr\/#\/schema\/person\/2c4929cbf5a809e3bd38617c6ce150f6","name":"MC","image":{"@type":"ImageObject","inLanguage":"fr-FR","@id":"https:\/\/secure.gravatar.com\/avatar\/a545bbb6f84efdd5553dbbc2895e3ca8f1d12c5215e00a041c9670b54aa9b18a?s=96&d=mm&r=g","url":"https:\/\/secure.gravatar.com\/avatar\/a545bbb6f84efdd5553dbbc2895e3ca8f1d12c5215e00a041c9670b54aa9b18a?s=96&d=mm&r=g","contentUrl":"https:\/\/secure.gravatar.com\/avatar\/a545bbb6f84efdd5553dbbc2895e3ca8f1d12c5215e00a041c9670b54aa9b18a?s=96&d=mm&r=g","caption":"MC"},"url":"https:\/\/www.webdo.tn\/fr\/actualite\/author\/mc\/"}]}},"_links":{"self":[{"href":"https:\/\/www.webdo.tn\/fr\/wp-json\/wp\/v2\/posts\/203215","targetHints":{"allow":["GET"]}}],"collection":[{"href":"https:\/\/www.webdo.tn\/fr\/wp-json\/wp\/v2\/posts"}],"about":[{"href":"https:\/\/www.webdo.tn\/fr\/wp-json\/wp\/v2\/types\/post"}],"author":[{"embeddable":true,"href":"https:\/\/www.webdo.tn\/fr\/wp-json\/wp\/v2\/users\/3162"}],"replies":[{"embeddable":true,"href":"https:\/\/www.webdo.tn\/fr\/wp-json\/wp\/v2\/comments?post=203215"}],"version-history":[{"count":0,"href":"https:\/\/www.webdo.tn\/fr\/wp-json\/wp\/v2\/posts\/203215\/revisions"}],"wp:featuredmedia":[{"embeddable":true,"href":"https:\/\/www.webdo.tn\/fr\/wp-json\/wp\/v2\/media\/251904"}],"wp:attachment":[{"href":"https:\/\/www.webdo.tn\/fr\/wp-json\/wp\/v2\/media?parent=203215"}],"wp:term":[{"taxonomy":"category","embeddable":true,"href":"https:\/\/www.webdo.tn\/fr\/wp-json\/wp\/v2\/categories?post=203215"},{"taxonomy":"post_tag","embeddable":true,"href":"https:\/\/www.webdo.tn\/fr\/wp-json\/wp\/v2\/tags?post=203215"}],"curies":[{"name":"wp","href":"https:\/\/api.w.org\/{rel}","templated":true}]}}