{"id":203213,"date":"2023-02-22T11:32:00","date_gmt":"2023-02-22T11:32:00","guid":{"rendered":"https:\/\/www.webdo.tn\/fr\/blog\/tunisie-une-cinquantaine-d-immigres-irreguliers-interpelles\/203213\/"},"modified":"2025-05-20T22:07:40","modified_gmt":"2025-05-20T22:07:40","slug":"tunisie-une-cinquantaine-d-immigres-irreguliers-interpelles","status":"publish","type":"post","link":"https:\/\/www.webdo.tn\/fr\/actualite\/national\/tunisie-une-cinquantaine-d-immigres-irreguliers-interpelles\/203213\/","title":{"rendered":"Tunisie : Une cinquantaine d\u2019immigr\u00e9s irr\u00e9guliers interpell\u00e9s"},"content":{"rendered":"<p>A l\u2019heure o\u00f9 a \u00e9t\u00e9 lanc\u00e9e une op\u00e9ration de contr\u00f4le s\u00e9curitaire intensif et d\u2019arrestations ciblant les immigr\u00e9s irr\u00e9guliers subsahariens, ces derniers continuent d\u2019affluer en Tunisie.<\/p>\n<p>\t\t\t\t\t\t\t\t\tLes forces de l&rsquo;ordre relevant du district de la s\u00fbret\u00e9 nationale de Kasserine ont arr\u00eat\u00e9 dans la nuit de mardi 21\u00a0 \u00e0 mercredi 22 f\u00e9vrier, 36 immigr\u00e9s irr\u00e9guliers originaires d&rsquo;Afrique subsaharienne.<\/p>\n<p>Parmi eux, 22 ont \u00e9t\u00e9 plac\u00e9s en garde \u00e0 vue, a indiqu\u00e9, aujourd\u2019hui sur les ondes de Mosaique fm, le procureur de la R\u00e9publique du tribunal de premi\u00e8re instance de Kasserine, Riadh Nouioui, pr\u00e9cisant que ces interpellations s&rsquo;inscrivent dans le cadre de la lutte contre l\u2019immigration irr\u00e9guli\u00e8re.<\/p>\n<p>Par ailleurs, les unit\u00e9s de la Garde nationale op\u00e9rant \u00e0 Agareb, Nabeul, Jendouba et Tunis, ont interpell\u00e9 17 immigr\u00e9s irr\u00e9guliers d\u2019origine subsaharienne entre lundi 20 et mardi 21 f\u00e9vrier apr\u00e8s avoir franchi illicitement la fronti\u00e8re alg\u00e9ro-tunisienne.<\/p>\n<p>Lundi 20 f\u00e9vrier, une campagne s\u00e9curitaire a \u00e9t\u00e9 lanc\u00e9e pour contr\u00f4ler les sans-papiers ou les personnes en situation irr\u00e9guli\u00e8re en Tunisie avec de nombreuses arrestations \u00e0 la cl\u00e9.<\/p>\n<p>Hier soir, le pr\u00e9sident de la R\u00e9publique, Kais Sa\u00efed, a pr\u00e9sid\u00e9 une r\u00e9union du Conseil sup\u00e9rieur de la s\u00e9curit\u00e9 nationale qui a \u00e9t\u00e9 ax\u00e9 sur l&rsquo;immigration irr\u00e9guli\u00e8re des Subsahariens en Tunisie et les moyens de lutter contre ce ph\u00e9nom\u00e8ne.<\/p>\n<p>\u00ab\u00a0Il y a un dessein criminel pr\u00e9par\u00e9 depuis le d\u00e9but de ce si\u00e8cle pour changer la composition d\u00e9mographique de la Tunisie\u00a0\u00bb, a-t-il dit lors de cette r\u00e9union, ajoutant que \u00ab\u00a0certaines parties ont re\u00e7u de grosses sommes d\u2019argent apr\u00e8s 2011, afin d&rsquo;installer en Tunisie les migrants irr\u00e9guliers subsahariens\u00a0\u00bb.<\/p>\n<p>L\u2019objectif, selon lui, c\u2019est \u00ab\u00a0qu&rsquo;\u00e0 travers ces vagues successives d\u2019immigration irr\u00e9guli\u00e8re, on cherche \u00e0 rendre la Tunisie un pays purement africain qui n&rsquo;appartient plus au monde arabo-musulman.<\/p>\n<p>Kais Saied a soulign\u00e9 la n\u00e9cessit\u00e9 de mettre fin rapidement \u00e0 ce ph\u00e9nom\u00e8ne ordonnant toutes les parties concern\u00e9es, \u00e0 savoir diplomates, militaires et s\u00e9curitaires, \u00e0 appliquer la loi relative \u00e0 l\u2019immigration irr\u00e9guli\u00e8re.<\/p>\n","protected":false},"excerpt":{"rendered":"<p>A l\u2019heure o\u00f9 a \u00e9t\u00e9 lanc\u00e9e une op\u00e9ration de contr\u00f4le s\u00e9curitaire intensif et d\u2019arrestations ciblant les immigr\u00e9s irr\u00e9guliers subsahariens, ces derniers continuen&#8230;<\/p>\n","protected":false},"author":3162,"featured_media":277781,"comment_status":"open","ping_status":"closed","sticky":false,"template":"","format":"standard","meta":{"footnotes":""},"categories":[44],"tags":[3673,8678,3377],"class_list":["post-203213","post","type-post","status-publish","format-standard","has-post-thumbnail","hentry","category-national","tag-arrestations","tag-immigration-irreguliere","tag-subsahariens"],"yoast_head":"<!-- This site is optimized with the Yoast SEO Premium plugin v27.5 (Yoast SEO v27.5) - https:\/\/yoast.com\/product\/yoast-seo-premium-wordpress\/ -->\n<title>Tunisie : Une cinquantaine d\u2019immigr\u00e9s irr\u00e9guliers interpell\u00e9s<\/title>\n<meta name=\"description\" content=\"A l\u2019heure o\u00f9 a \u00e9t\u00e9 lanc\u00e9e une op\u00e9ration de contr\u00f4le s\u00e9curitaire intensif et d\u2019arrestations ciblant les immigr\u00e9s irr\u00e9guliers subsahariens, ces derniers continuen...\" \/>\n<link rel=\"canonical\" href=\"https:\/\/www.webdo.tn\/fr\/actualite\/national\/tunisie-une-cinquantaine-d-immigres-irreguliers-interpelles\/203213\/\" \/>\n<meta property=\"og:locale\" content=\"fr_FR\" \/>\n<meta property=\"og:type\" content=\"article\" \/>\n<meta property=\"og:title\" content=\"Tunisie : Une cinquantaine d\u2019immigr\u00e9s irr\u00e9guliers interpell\u00e9s\" \/>\n<meta property=\"og:description\" content=\"A l\u2019heure o\u00f9 a \u00e9t\u00e9 lanc\u00e9e une op\u00e9ration de contr\u00f4le s\u00e9curitaire intensif et d\u2019arrestations ciblant les immigr\u00e9s irr\u00e9guliers subsahariens, ces derniers continuen...\" \/>\n<meta property=\"og:url\" content=\"https:\/\/www.webdo.tn\/fr\/actualite\/national\/tunisie-une-cinquantaine-d-immigres-irreguliers-interpelles\/203213\/\" \/>\n<meta property=\"og:site_name\" content=\"webdo\" \/>\n<meta property=\"article:publisher\" content=\"https:\/\/www.facebook.com\/webdotn\" \/>\n<meta property=\"article:published_time\" content=\"2023-02-22T11:32:00+00:00\" \/>\n<meta property=\"article:modified_time\" content=\"2025-05-20T22:07:40+00:00\" \/>\n<meta property=\"og:image\" content=\"https:\/\/www.webdo.tn\/fr\/wp-content\/uploads\/2023\/02\/1874f0c5bb5968199b197a8daf554a44.jpg\" \/>\n\t<meta property=\"og:image:width\" content=\"750\" \/>\n\t<meta property=\"og:image:height\" content=\"400\" \/>\n\t<meta property=\"og:image:type\" content=\"image\/jpeg\" \/>\n<meta name=\"author\" content=\"MC\" \/>\n<meta name=\"twitter:card\" content=\"summary_large_image\" \/>\n<meta name=\"twitter:creator\" content=\"@webdo_tn\" \/>\n<meta name=\"twitter:site\" content=\"@webdo_tn\" \/>\n<meta name=\"twitter:label1\" content=\"\u00c9crit par\" \/>\n\t<meta name=\"twitter:data1\" content=\"MC\" \/>\n\t<meta name=\"twitter:label2\" content=\"Dur\u00e9e de lecture estim\u00e9e\" \/>\n\t<meta name=\"twitter:data2\" content=\"2 minutes\" \/>\n<script type=\"application\/ld+json\" class=\"yoast-schema-graph\">{\"@context\":\"https:\\\/\\\/schema.org\",\"@graph\":[{\"@type\":\"NewsArticle\",\"@id\":\"https:\\\/\\\/www.webdo.tn\\\/fr\\\/actualite\\\/national\\\/tunisie-une-cinquantaine-d-immigres-irreguliers-interpelles\\\/203213\\\/#article\",\"isPartOf\":{\"@id\":\"https:\\\/\\\/www.webdo.tn\\\/fr\\\/actualite\\\/national\\\/tunisie-une-cinquantaine-d-immigres-irreguliers-interpelles\\\/203213\\\/\"},\"author\":{\"name\":\"MC\",\"@id\":\"https:\\\/\\\/www.webdo.tn\\\/fr\\\/#\\\/schema\\\/person\\\/2c4929cbf5a809e3bd38617c6ce150f6\"},\"headline\":\"Tunisie : Une cinquantaine d\u2019immigr\u00e9s irr\u00e9guliers interpell\u00e9s\",\"datePublished\":\"2023-02-22T11:32:00+00:00\",\"dateModified\":\"2025-05-20T22:07:40+00:00\",\"mainEntityOfPage\":{\"@id\":\"https:\\\/\\\/www.webdo.tn\\\/fr\\\/actualite\\\/national\\\/tunisie-une-cinquantaine-d-immigres-irreguliers-interpelles\\\/203213\\\/\"},\"wordCount\":380,\"commentCount\":0,\"publisher\":{\"@id\":\"https:\\\/\\\/www.webdo.tn\\\/fr\\\/#organization\"},\"image\":{\"@id\":\"https:\\\/\\\/www.webdo.tn\\\/fr\\\/actualite\\\/national\\\/tunisie-une-cinquantaine-d-immigres-irreguliers-interpelles\\\/203213\\\/#primaryimage\"},\"thumbnailUrl\":\"https:\\\/\\\/www.webdo.tn\\\/fr\\\/wp-content\\\/uploads\\\/2023\\\/02\\\/1874f0c5bb5968199b197a8daf554a44.jpg\",\"keywords\":[\"arrestations\",\"immigration irr\u00e9guli\u00e8re\",\"Subsahariens\"],\"articleSection\":[\"National\"],\"inLanguage\":\"fr-FR\"},{\"@type\":\"WebPage\",\"@id\":\"https:\\\/\\\/www.webdo.tn\\\/fr\\\/actualite\\\/national\\\/tunisie-une-cinquantaine-d-immigres-irreguliers-interpelles\\\/203213\\\/\",\"url\":\"https:\\\/\\\/www.webdo.tn\\\/fr\\\/actualite\\\/national\\\/tunisie-une-cinquantaine-d-immigres-irreguliers-interpelles\\\/203213\\\/\",\"name\":\"Tunisie : Une cinquantaine d\u2019immigr\u00e9s irr\u00e9guliers interpell\u00e9s\",\"isPartOf\":{\"@id\":\"https:\\\/\\\/www.webdo.tn\\\/fr\\\/#website\"},\"primaryImageOfPage\":{\"@id\":\"https:\\\/\\\/www.webdo.tn\\\/fr\\\/actualite\\\/national\\\/tunisie-une-cinquantaine-d-immigres-irreguliers-interpelles\\\/203213\\\/#primaryimage\"},\"image\":{\"@id\":\"https:\\\/\\\/www.webdo.tn\\\/fr\\\/actualite\\\/national\\\/tunisie-une-cinquantaine-d-immigres-irreguliers-interpelles\\\/203213\\\/#primaryimage\"},\"thumbnailUrl\":\"https:\\\/\\\/www.webdo.tn\\\/fr\\\/wp-content\\\/uploads\\\/2023\\\/02\\\/1874f0c5bb5968199b197a8daf554a44.jpg\",\"datePublished\":\"2023-02-22T11:32:00+00:00\",\"dateModified\":\"2025-05-20T22:07:40+00:00\",\"description\":\"A l\u2019heure o\u00f9 a \u00e9t\u00e9 lanc\u00e9e une op\u00e9ration de contr\u00f4le s\u00e9curitaire intensif et d\u2019arrestations ciblant les immigr\u00e9s irr\u00e9guliers subsahariens, ces derniers continuen...\",\"breadcrumb\":{\"@id\":\"https:\\\/\\\/www.webdo.tn\\\/fr\\\/actualite\\\/national\\\/tunisie-une-cinquantaine-d-immigres-irreguliers-interpelles\\\/203213\\\/#breadcrumb\"},\"inLanguage\":\"fr-FR\",\"potentialAction\":[{\"@type\":\"ReadAction\",\"target\":[\"https:\\\/\\\/www.webdo.tn\\\/fr\\\/actualite\\\/national\\\/tunisie-une-cinquantaine-d-immigres-irreguliers-interpelles\\\/203213\\\/\"]}]},{\"@type\":\"ImageObject\",\"inLanguage\":\"fr-FR\",\"@id\":\"https:\\\/\\\/www.webdo.tn\\\/fr\\\/actualite\\\/national\\\/tunisie-une-cinquantaine-d-immigres-irreguliers-interpelles\\\/203213\\\/#primaryimage\",\"url\":\"https:\\\/\\\/www.webdo.tn\\\/fr\\\/wp-content\\\/uploads\\\/2023\\\/02\\\/1874f0c5bb5968199b197a8daf554a44.jpg\",\"contentUrl\":\"https:\\\/\\\/www.webdo.tn\\\/fr\\\/wp-content\\\/uploads\\\/2023\\\/02\\\/1874f0c5bb5968199b197a8daf554a44.jpg\",\"width\":750,\"height\":400,\"caption\":\"Tunisie : Une cinquantaine d\u2019immigr\u00e9s irr\u00e9guliers interpell\u00e9s\"},{\"@type\":\"BreadcrumbList\",\"@id\":\"https:\\\/\\\/www.webdo.tn\\\/fr\\\/actualite\\\/national\\\/tunisie-une-cinquantaine-d-immigres-irreguliers-interpelles\\\/203213\\\/#breadcrumb\",\"itemListElement\":[{\"@type\":\"ListItem\",\"position\":1,\"name\":\"Accueil\",\"item\":\"https:\\\/\\\/www.webdo.tn\\\/fr\\\/\"},{\"@type\":\"ListItem\",\"position\":2,\"name\":\"Tunisie : Une cinquantaine d\u2019immigr\u00e9s irr\u00e9guliers interpell\u00e9s\"}]},{\"@type\":\"WebSite\",\"@id\":\"https:\\\/\\\/www.webdo.tn\\\/fr\\\/#website\",\"url\":\"https:\\\/\\\/www.webdo.tn\\\/fr\\\/\",\"name\":\"webdo\",\"description\":\"Tunisie - News en Tunisie et \u00e0 l&#039;international sur Webdo.tn\",\"publisher\":{\"@id\":\"https:\\\/\\\/www.webdo.tn\\\/fr\\\/#organization\"},\"potentialAction\":[{\"@type\":\"SearchAction\",\"target\":{\"@type\":\"EntryPoint\",\"urlTemplate\":\"https:\\\/\\\/www.webdo.tn\\\/fr\\\/?s={search_term_string}\"},\"query-input\":{\"@type\":\"PropertyValueSpecification\",\"valueRequired\":true,\"valueName\":\"search_term_string\"}}],\"inLanguage\":\"fr-FR\"},{\"@type\":\"Organization\",\"@id\":\"https:\\\/\\\/www.webdo.tn\\\/fr\\\/#organization\",\"name\":\"Webdo\",\"alternateName\":\"Webdo.tn\",\"url\":\"https:\\\/\\\/www.webdo.tn\\\/fr\\\/\",\"logo\":{\"@type\":\"ImageObject\",\"inLanguage\":\"fr-FR\",\"@id\":\"https:\\\/\\\/www.webdo.tn\\\/fr\\\/#\\\/schema\\\/logo\\\/image\\\/\",\"url\":\"https:\\\/\\\/www.webdo.tn\\\/fr\\\/wp-content\\\/uploads\\\/2025\\\/06\\\/Webdo-Tunisie_168377.jpg\",\"contentUrl\":\"https:\\\/\\\/www.webdo.tn\\\/fr\\\/wp-content\\\/uploads\\\/2025\\\/06\\\/Webdo-Tunisie_168377.jpg\",\"width\":301,\"height\":301,\"caption\":\"Webdo\"},\"image\":{\"@id\":\"https:\\\/\\\/www.webdo.tn\\\/fr\\\/#\\\/schema\\\/logo\\\/image\\\/\"},\"sameAs\":[\"https:\\\/\\\/www.facebook.com\\\/webdotn\",\"https:\\\/\\\/x.com\\\/webdo_tn\"],\"description\":\"Webdo est un m\u00e9dia num\u00e9rique tunisien fond\u00e9 en 2010, sp\u00e9cialis\u00e9 dans l\u2019actualit\u00e9 nationale et internationale, l\u2019\u00e9conomie, la soci\u00e9t\u00e9 et les analyses politiques. Le site s\u2019adresse \u00e0 un large public francophone et couvre l\u2019information tunisienne en temps r\u00e9el.\",\"email\":\"redac@webdo.tn\",\"legalName\":\"YNJ SARL\",\"foundingDate\":\"2010-09-06\",\"numberOfEmployees\":{\"@type\":\"QuantitativeValue\",\"minValue\":\"11\",\"maxValue\":\"50\"}},{\"@type\":\"Person\",\"@id\":\"https:\\\/\\\/www.webdo.tn\\\/fr\\\/#\\\/schema\\\/person\\\/2c4929cbf5a809e3bd38617c6ce150f6\",\"name\":\"MC\",\"image\":{\"@type\":\"ImageObject\",\"inLanguage\":\"fr-FR\",\"@id\":\"https:\\\/\\\/secure.gravatar.com\\\/avatar\\\/a545bbb6f84efdd5553dbbc2895e3ca8f1d12c5215e00a041c9670b54aa9b18a?s=96&d=mm&r=g\",\"url\":\"https:\\\/\\\/secure.gravatar.com\\\/avatar\\\/a545bbb6f84efdd5553dbbc2895e3ca8f1d12c5215e00a041c9670b54aa9b18a?s=96&d=mm&r=g\",\"contentUrl\":\"https:\\\/\\\/secure.gravatar.com\\\/avatar\\\/a545bbb6f84efdd5553dbbc2895e3ca8f1d12c5215e00a041c9670b54aa9b18a?s=96&d=mm&r=g\",\"caption\":\"MC\"},\"url\":\"https:\\\/\\\/www.webdo.tn\\\/fr\\\/actualite\\\/author\\\/mc\\\/\"}]}<\/script>\n<!-- \/ Yoast SEO Premium plugin. -->","yoast_head_json":{"title":"Tunisie : Une cinquantaine d\u2019immigr\u00e9s irr\u00e9guliers interpell\u00e9s","description":"A l\u2019heure o\u00f9 a \u00e9t\u00e9 lanc\u00e9e une op\u00e9ration de contr\u00f4le s\u00e9curitaire intensif et d\u2019arrestations ciblant les immigr\u00e9s irr\u00e9guliers subsahariens, ces derniers continuen...","canonical":"https:\/\/www.webdo.tn\/fr\/actualite\/national\/tunisie-une-cinquantaine-d-immigres-irreguliers-interpelles\/203213\/","og_locale":"fr_FR","og_type":"article","og_title":"Tunisie : Une cinquantaine d\u2019immigr\u00e9s irr\u00e9guliers interpell\u00e9s","og_description":"A l\u2019heure o\u00f9 a \u00e9t\u00e9 lanc\u00e9e une op\u00e9ration de contr\u00f4le s\u00e9curitaire intensif et d\u2019arrestations ciblant les immigr\u00e9s irr\u00e9guliers subsahariens, ces derniers continuen...","og_url":"https:\/\/www.webdo.tn\/fr\/actualite\/national\/tunisie-une-cinquantaine-d-immigres-irreguliers-interpelles\/203213\/","og_site_name":"webdo","article_publisher":"https:\/\/www.facebook.com\/webdotn","article_published_time":"2023-02-22T11:32:00+00:00","article_modified_time":"2025-05-20T22:07:40+00:00","og_image":[{"width":750,"height":400,"url":"https:\/\/www.webdo.tn\/fr\/wp-content\/uploads\/2023\/02\/1874f0c5bb5968199b197a8daf554a44.jpg","type":"image\/jpeg"}],"author":"MC","twitter_card":"summary_large_image","twitter_creator":"@webdo_tn","twitter_site":"@webdo_tn","twitter_misc":{"\u00c9crit par":"MC","Dur\u00e9e de lecture estim\u00e9e":"2 minutes"},"schema":{"@context":"https:\/\/schema.org","@graph":[{"@type":"NewsArticle","@id":"https:\/\/www.webdo.tn\/fr\/actualite\/national\/tunisie-une-cinquantaine-d-immigres-irreguliers-interpelles\/203213\/#article","isPartOf":{"@id":"https:\/\/www.webdo.tn\/fr\/actualite\/national\/tunisie-une-cinquantaine-d-immigres-irreguliers-interpelles\/203213\/"},"author":{"name":"MC","@id":"https:\/\/www.webdo.tn\/fr\/#\/schema\/person\/2c4929cbf5a809e3bd38617c6ce150f6"},"headline":"Tunisie : Une cinquantaine d\u2019immigr\u00e9s irr\u00e9guliers interpell\u00e9s","datePublished":"2023-02-22T11:32:00+00:00","dateModified":"2025-05-20T22:07:40+00:00","mainEntityOfPage":{"@id":"https:\/\/www.webdo.tn\/fr\/actualite\/national\/tunisie-une-cinquantaine-d-immigres-irreguliers-interpelles\/203213\/"},"wordCount":380,"commentCount":0,"publisher":{"@id":"https:\/\/www.webdo.tn\/fr\/#organization"},"image":{"@id":"https:\/\/www.webdo.tn\/fr\/actualite\/national\/tunisie-une-cinquantaine-d-immigres-irreguliers-interpelles\/203213\/#primaryimage"},"thumbnailUrl":"https:\/\/www.webdo.tn\/fr\/wp-content\/uploads\/2023\/02\/1874f0c5bb5968199b197a8daf554a44.jpg","keywords":["arrestations","immigration irr\u00e9guli\u00e8re","Subsahariens"],"articleSection":["National"],"inLanguage":"fr-FR"},{"@type":"WebPage","@id":"https:\/\/www.webdo.tn\/fr\/actualite\/national\/tunisie-une-cinquantaine-d-immigres-irreguliers-interpelles\/203213\/","url":"https:\/\/www.webdo.tn\/fr\/actualite\/national\/tunisie-une-cinquantaine-d-immigres-irreguliers-interpelles\/203213\/","name":"Tunisie : Une cinquantaine d\u2019immigr\u00e9s irr\u00e9guliers interpell\u00e9s","isPartOf":{"@id":"https:\/\/www.webdo.tn\/fr\/#website"},"primaryImageOfPage":{"@id":"https:\/\/www.webdo.tn\/fr\/actualite\/national\/tunisie-une-cinquantaine-d-immigres-irreguliers-interpelles\/203213\/#primaryimage"},"image":{"@id":"https:\/\/www.webdo.tn\/fr\/actualite\/national\/tunisie-une-cinquantaine-d-immigres-irreguliers-interpelles\/203213\/#primaryimage"},"thumbnailUrl":"https:\/\/www.webdo.tn\/fr\/wp-content\/uploads\/2023\/02\/1874f0c5bb5968199b197a8daf554a44.jpg","datePublished":"2023-02-22T11:32:00+00:00","dateModified":"2025-05-20T22:07:40+00:00","description":"A l\u2019heure o\u00f9 a \u00e9t\u00e9 lanc\u00e9e une op\u00e9ration de contr\u00f4le s\u00e9curitaire intensif et d\u2019arrestations ciblant les immigr\u00e9s irr\u00e9guliers subsahariens, ces derniers continuen...","breadcrumb":{"@id":"https:\/\/www.webdo.tn\/fr\/actualite\/national\/tunisie-une-cinquantaine-d-immigres-irreguliers-interpelles\/203213\/#breadcrumb"},"inLanguage":"fr-FR","potentialAction":[{"@type":"ReadAction","target":["https:\/\/www.webdo.tn\/fr\/actualite\/national\/tunisie-une-cinquantaine-d-immigres-irreguliers-interpelles\/203213\/"]}]},{"@type":"ImageObject","inLanguage":"fr-FR","@id":"https:\/\/www.webdo.tn\/fr\/actualite\/national\/tunisie-une-cinquantaine-d-immigres-irreguliers-interpelles\/203213\/#primaryimage","url":"https:\/\/www.webdo.tn\/fr\/wp-content\/uploads\/2023\/02\/1874f0c5bb5968199b197a8daf554a44.jpg","contentUrl":"https:\/\/www.webdo.tn\/fr\/wp-content\/uploads\/2023\/02\/1874f0c5bb5968199b197a8daf554a44.jpg","width":750,"height":400,"caption":"Tunisie : Une cinquantaine d\u2019immigr\u00e9s irr\u00e9guliers interpell\u00e9s"},{"@type":"BreadcrumbList","@id":"https:\/\/www.webdo.tn\/fr\/actualite\/national\/tunisie-une-cinquantaine-d-immigres-irreguliers-interpelles\/203213\/#breadcrumb","itemListElement":[{"@type":"ListItem","position":1,"name":"Accueil","item":"https:\/\/www.webdo.tn\/fr\/"},{"@type":"ListItem","position":2,"name":"Tunisie : Une cinquantaine d\u2019immigr\u00e9s irr\u00e9guliers interpell\u00e9s"}]},{"@type":"WebSite","@id":"https:\/\/www.webdo.tn\/fr\/#website","url":"https:\/\/www.webdo.tn\/fr\/","name":"webdo","description":"Tunisie - News en Tunisie et \u00e0 l&#039;international sur Webdo.tn","publisher":{"@id":"https:\/\/www.webdo.tn\/fr\/#organization"},"potentialAction":[{"@type":"SearchAction","target":{"@type":"EntryPoint","urlTemplate":"https:\/\/www.webdo.tn\/fr\/?s={search_term_string}"},"query-input":{"@type":"PropertyValueSpecification","valueRequired":true,"valueName":"search_term_string"}}],"inLanguage":"fr-FR"},{"@type":"Organization","@id":"https:\/\/www.webdo.tn\/fr\/#organization","name":"Webdo","alternateName":"Webdo.tn","url":"https:\/\/www.webdo.tn\/fr\/","logo":{"@type":"ImageObject","inLanguage":"fr-FR","@id":"https:\/\/www.webdo.tn\/fr\/#\/schema\/logo\/image\/","url":"https:\/\/www.webdo.tn\/fr\/wp-content\/uploads\/2025\/06\/Webdo-Tunisie_168377.jpg","contentUrl":"https:\/\/www.webdo.tn\/fr\/wp-content\/uploads\/2025\/06\/Webdo-Tunisie_168377.jpg","width":301,"height":301,"caption":"Webdo"},"image":{"@id":"https:\/\/www.webdo.tn\/fr\/#\/schema\/logo\/image\/"},"sameAs":["https:\/\/www.facebook.com\/webdotn","https:\/\/x.com\/webdo_tn"],"description":"Webdo est un m\u00e9dia num\u00e9rique tunisien fond\u00e9 en 2010, sp\u00e9cialis\u00e9 dans l\u2019actualit\u00e9 nationale et internationale, l\u2019\u00e9conomie, la soci\u00e9t\u00e9 et les analyses politiques. Le site s\u2019adresse \u00e0 un large public francophone et couvre l\u2019information tunisienne en temps r\u00e9el.","email":"redac@webdo.tn","legalName":"YNJ SARL","foundingDate":"2010-09-06","numberOfEmployees":{"@type":"QuantitativeValue","minValue":"11","maxValue":"50"}},{"@type":"Person","@id":"https:\/\/www.webdo.tn\/fr\/#\/schema\/person\/2c4929cbf5a809e3bd38617c6ce150f6","name":"MC","image":{"@type":"ImageObject","inLanguage":"fr-FR","@id":"https:\/\/secure.gravatar.com\/avatar\/a545bbb6f84efdd5553dbbc2895e3ca8f1d12c5215e00a041c9670b54aa9b18a?s=96&d=mm&r=g","url":"https:\/\/secure.gravatar.com\/avatar\/a545bbb6f84efdd5553dbbc2895e3ca8f1d12c5215e00a041c9670b54aa9b18a?s=96&d=mm&r=g","contentUrl":"https:\/\/secure.gravatar.com\/avatar\/a545bbb6f84efdd5553dbbc2895e3ca8f1d12c5215e00a041c9670b54aa9b18a?s=96&d=mm&r=g","caption":"MC"},"url":"https:\/\/www.webdo.tn\/fr\/actualite\/author\/mc\/"}]}},"_links":{"self":[{"href":"https:\/\/www.webdo.tn\/fr\/wp-json\/wp\/v2\/posts\/203213","targetHints":{"allow":["GET"]}}],"collection":[{"href":"https:\/\/www.webdo.tn\/fr\/wp-json\/wp\/v2\/posts"}],"about":[{"href":"https:\/\/www.webdo.tn\/fr\/wp-json\/wp\/v2\/types\/post"}],"author":[{"embeddable":true,"href":"https:\/\/www.webdo.tn\/fr\/wp-json\/wp\/v2\/users\/3162"}],"replies":[{"embeddable":true,"href":"https:\/\/www.webdo.tn\/fr\/wp-json\/wp\/v2\/comments?post=203213"}],"version-history":[{"count":0,"href":"https:\/\/www.webdo.tn\/fr\/wp-json\/wp\/v2\/posts\/203213\/revisions"}],"wp:featuredmedia":[{"embeddable":true,"href":"https:\/\/www.webdo.tn\/fr\/wp-json\/wp\/v2\/media\/277781"}],"wp:attachment":[{"href":"https:\/\/www.webdo.tn\/fr\/wp-json\/wp\/v2\/media?parent=203213"}],"wp:term":[{"taxonomy":"category","embeddable":true,"href":"https:\/\/www.webdo.tn\/fr\/wp-json\/wp\/v2\/categories?post=203213"},{"taxonomy":"post_tag","embeddable":true,"href":"https:\/\/www.webdo.tn\/fr\/wp-json\/wp\/v2\/tags?post=203213"}],"curies":[{"name":"wp","href":"https:\/\/api.w.org\/{rel}","templated":true}]}}