{"id":203203,"date":"2023-02-21T22:54:00","date_gmt":"2023-02-21T22:54:00","guid":{"rendered":"https:\/\/www.webdo.tn\/fr\/blog\/kais-saied-il-y-a-un-dessein-criminel-de-metamorphoser-la-composition-demographique-de-la-tunisie\/203203\/"},"modified":"2025-05-20T22:07:39","modified_gmt":"2025-05-20T22:07:39","slug":"kais-saied-il-y-a-un-dessein-criminel-de-metamorphoser-la-composition-demographique-de-la-tunisie","status":"publish","type":"post","link":"https:\/\/www.webdo.tn\/fr\/actualite\/national\/kais-saied-il-y-a-un-dessein-criminel-de-metamorphoser-la-composition-demographique-de-la-tunisie\/203203\/","title":{"rendered":"Kais Saied : \u00ab\u00a0Il y a un dessein criminel de m\u00e9tamorphoser la composition d\u00e9mographique de la Tunisie\u00a0\u00bb"},"content":{"rendered":"<p>Le pr\u00e9sident de la R\u00e9publique, Kais Sa\u00efed, a pr\u00e9sid\u00e9, ce mardi 21 f\u00e9vrier 2023, une r\u00e9union du Conseil sup\u00e9rieur de la s\u00e9curit\u00e9 nationale qui a \u00e9t\u00e9 ax\u00e9 sur  l&rsquo;immigration irr\u00e9guli\u00e8re des Subsahariens en Tunisie et les moyens de lutter contre ce ph\u00e9nom\u00e8ne.<\/p>\n<p>\t\t\t\t\t\t\t\t\tUn communiqu\u00e9, publi\u00e9 par la pr\u00e9sidence de la R\u00e9publique, dans la soir\u00e9e de ce mardi 21 f\u00e9vrier 2023, a rapport\u00e9 les propos du Chef de l\u2019Etat durant cette r\u00e9union.<\/p>\n<p>Kais Saied juge que cette situation n\u2019est pas normale : \u00ab\u00a0il y a un dessein criminel pr\u00e9par\u00e9 depuis le d\u00e9but de ce si\u00e8cle pour changer la composition d\u00e9mographique de la Tunisie\u00a0\u00bb, a-t-il dit.<\/p>\n<p>Et d&rsquo;ajouter que \u00ab\u00a0certaines parties ont re\u00e7u de grosses sommes d\u2019argent apr\u00e8s 2011, afin d&rsquo;installer en Tunisie les migrants irr\u00e9guliers subsahariens\u00a0\u00bb. L\u2019objectif, selon lui, c\u2019est \u00ab\u00a0qu&rsquo;\u00e0 travers ces vagues successives d\u2019immigration irr\u00e9guli\u00e8re, on cherche \u00e0 rendre la Tunisie un pays purement africain qui n&rsquo;appartient plus au monde arabo-musulman.<\/p>\n<p>Kais Saied a soulign\u00e9 la n\u00e9cessit\u00e9 de mettre fin rapidement \u00e0 ce ph\u00e9nom\u00e8ne qui peut avoir plusieurs r\u00e9percussions, comme des crimes et des pratiques inacceptables, indique le communiqu\u00e9.<\/p>\n<p>Le pr\u00e9sident de la R\u00e9publique a \u00e9galement soulign\u00e9 la n\u00e9cessit\u00e9 de mettre fin rapidement \u00e0 ce ph\u00e9nom\u00e8ne dans la mesure o\u00f9 les flux de migrants irr\u00e9guliers en provenance d&rsquo;Afrique subsaharienne continuent, avec leur lot de violence, de crimes et de pratiques inacceptables, en plus d&rsquo;\u00eatre ill\u00e9gaux.<\/p>\n<p>Le Chef de l\u2019Etat a ordonn\u00e9 \u00e0 toutes les parties concern\u00e9es, \u00e0 savoir diplomates, militaires et s\u00e9curitaires, \u00e0 appliquer la loi relative \u00e0 l\u2019immigration irr\u00e9guli\u00e8re, pr\u00e9cisant que \u00ab\u00a0les parties qui sont derri\u00e8re ce ph\u00e9nom\u00e8ne sont des trafiquants d&rsquo;\u00eatres humains qui pr\u00e9tendent d\u00e9fendre les droits de l&rsquo;homme.<\/p>\n<p>Kais Saied a toutefois tenu \u00e0 rappeler que \u00ab\u00a0la Tunisie est fi\u00e8re de son appartenance africaine, rappelant qu&rsquo;elle est l&rsquo;un des pays fondateurs de l&rsquo;Organisation de l&rsquo;unit\u00e9 africaine et qu&rsquo;elle a soutenu de nombreux peuples dans leur lutte pour la lib\u00e9ration et l&rsquo;ind\u00e9pendance\u00a0\u00bb.<\/p>\n","protected":false},"excerpt":{"rendered":"<p>Le pr\u00e9sident de la R\u00e9publique, Kais Sa\u00efed, a pr\u00e9sid\u00e9, ce mardi 21 f\u00e9vrier 2023, une r\u00e9union du Conseil sup\u00e9rieur de la s\u00e9curit\u00e9 nationale qui a \u00e9t\u00e9 ax\u00e9 sur  l&rsquo;i&#8230;<\/p>\n","protected":false},"author":3162,"featured_media":277824,"comment_status":"open","ping_status":"closed","sticky":false,"template":"","format":"standard","meta":{"footnotes":""},"categories":[44],"tags":[8678,3377],"class_list":["post-203203","post","type-post","status-publish","format-standard","has-post-thumbnail","hentry","category-national","tag-immigration-irreguliere","tag-subsahariens"],"yoast_head":"<!-- This site is optimized with the Yoast SEO Premium plugin v27.5 (Yoast SEO v27.5) - https:\/\/yoast.com\/product\/yoast-seo-premium-wordpress\/ -->\n<title>Kais Saied : Il y a un dessein criminel de m\u00e9tamorphoser la composition d\u00e9mographique de la Tunisie<\/title>\n<meta name=\"description\" content=\"Le pr\u00e9sident de la R\u00e9publique, Kais Sa\u00efed, a pr\u00e9sid\u00e9, ce mardi 21 f\u00e9vrier 2023, une r\u00e9union du Conseil sup\u00e9rieur de la s\u00e9curit\u00e9 nationale qui a \u00e9t\u00e9 ax\u00e9 sur l&#039;i...\" \/>\n<link rel=\"canonical\" href=\"https:\/\/www.webdo.tn\/fr\/actualite\/national\/kais-saied-il-y-a-un-dessein-criminel-de-metamorphoser-la-composition-demographique-de-la-tunisie\/203203\/\" \/>\n<meta property=\"og:locale\" content=\"fr_FR\" \/>\n<meta property=\"og:type\" content=\"article\" \/>\n<meta property=\"og:title\" content=\"Kais Saied : &quot;Il y a un dessein criminel de m\u00e9tamorphoser la composition d\u00e9mographique de la Tunisie&quot;\" \/>\n<meta property=\"og:description\" content=\"Le pr\u00e9sident de la R\u00e9publique, Kais Sa\u00efed, a pr\u00e9sid\u00e9, ce mardi 21 f\u00e9vrier 2023, une r\u00e9union du Conseil sup\u00e9rieur de la s\u00e9curit\u00e9 nationale qui a \u00e9t\u00e9 ax\u00e9 sur l&#039;i...\" \/>\n<meta property=\"og:url\" content=\"https:\/\/www.webdo.tn\/fr\/actualite\/national\/kais-saied-il-y-a-un-dessein-criminel-de-metamorphoser-la-composition-demographique-de-la-tunisie\/203203\/\" \/>\n<meta property=\"og:site_name\" content=\"webdo\" \/>\n<meta property=\"article:publisher\" content=\"https:\/\/www.facebook.com\/webdotn\" \/>\n<meta property=\"article:published_time\" content=\"2023-02-21T22:54:00+00:00\" \/>\n<meta property=\"article:modified_time\" content=\"2025-05-20T22:07:39+00:00\" \/>\n<meta property=\"og:image\" content=\"https:\/\/www.webdo.tn\/fr\/wp-content\/uploads\/2023\/02\/72a0c71792e9043e4b304168381b3365.jpg\" \/>\n\t<meta property=\"og:image:width\" content=\"750\" \/>\n\t<meta property=\"og:image:height\" content=\"400\" \/>\n\t<meta property=\"og:image:type\" content=\"image\/jpeg\" \/>\n<meta name=\"author\" content=\"MC\" \/>\n<meta name=\"twitter:card\" content=\"summary_large_image\" \/>\n<meta name=\"twitter:creator\" content=\"@webdo_tn\" \/>\n<meta name=\"twitter:site\" content=\"@webdo_tn\" \/>\n<meta name=\"twitter:label1\" content=\"\u00c9crit par\" \/>\n\t<meta name=\"twitter:data1\" content=\"MC\" \/>\n\t<meta name=\"twitter:label2\" content=\"Dur\u00e9e de lecture estim\u00e9e\" \/>\n\t<meta name=\"twitter:data2\" content=\"2 minutes\" \/>\n<script type=\"application\/ld+json\" class=\"yoast-schema-graph\">{\"@context\":\"https:\\\/\\\/schema.org\",\"@graph\":[{\"@type\":\"NewsArticle\",\"@id\":\"https:\\\/\\\/www.webdo.tn\\\/fr\\\/actualite\\\/national\\\/kais-saied-il-y-a-un-dessein-criminel-de-metamorphoser-la-composition-demographique-de-la-tunisie\\\/203203\\\/#article\",\"isPartOf\":{\"@id\":\"https:\\\/\\\/www.webdo.tn\\\/fr\\\/actualite\\\/national\\\/kais-saied-il-y-a-un-dessein-criminel-de-metamorphoser-la-composition-demographique-de-la-tunisie\\\/203203\\\/\"},\"author\":{\"name\":\"MC\",\"@id\":\"https:\\\/\\\/www.webdo.tn\\\/fr\\\/#\\\/schema\\\/person\\\/2c4929cbf5a809e3bd38617c6ce150f6\"},\"headline\":\"Kais Saied : \u00ab\u00a0Il y a un dessein criminel de m\u00e9tamorphoser la composition d\u00e9mographique de la Tunisie\u00a0\u00bb\",\"datePublished\":\"2023-02-21T22:54:00+00:00\",\"dateModified\":\"2025-05-20T22:07:39+00:00\",\"mainEntityOfPage\":{\"@id\":\"https:\\\/\\\/www.webdo.tn\\\/fr\\\/actualite\\\/national\\\/kais-saied-il-y-a-un-dessein-criminel-de-metamorphoser-la-composition-demographique-de-la-tunisie\\\/203203\\\/\"},\"wordCount\":391,\"commentCount\":0,\"publisher\":{\"@id\":\"https:\\\/\\\/www.webdo.tn\\\/fr\\\/#organization\"},\"image\":{\"@id\":\"https:\\\/\\\/www.webdo.tn\\\/fr\\\/actualite\\\/national\\\/kais-saied-il-y-a-un-dessein-criminel-de-metamorphoser-la-composition-demographique-de-la-tunisie\\\/203203\\\/#primaryimage\"},\"thumbnailUrl\":\"https:\\\/\\\/www.webdo.tn\\\/fr\\\/wp-content\\\/uploads\\\/2023\\\/02\\\/72a0c71792e9043e4b304168381b3365.jpg\",\"keywords\":[\"immigration irr\u00e9guli\u00e8re\",\"Subsahariens\"],\"articleSection\":[\"National\"],\"inLanguage\":\"fr-FR\"},{\"@type\":\"WebPage\",\"@id\":\"https:\\\/\\\/www.webdo.tn\\\/fr\\\/actualite\\\/national\\\/kais-saied-il-y-a-un-dessein-criminel-de-metamorphoser-la-composition-demographique-de-la-tunisie\\\/203203\\\/\",\"url\":\"https:\\\/\\\/www.webdo.tn\\\/fr\\\/actualite\\\/national\\\/kais-saied-il-y-a-un-dessein-criminel-de-metamorphoser-la-composition-demographique-de-la-tunisie\\\/203203\\\/\",\"name\":\"Kais Saied : Il y a un dessein criminel de m\u00e9tamorphoser la composition d\u00e9mographique de la Tunisie\",\"isPartOf\":{\"@id\":\"https:\\\/\\\/www.webdo.tn\\\/fr\\\/#website\"},\"primaryImageOfPage\":{\"@id\":\"https:\\\/\\\/www.webdo.tn\\\/fr\\\/actualite\\\/national\\\/kais-saied-il-y-a-un-dessein-criminel-de-metamorphoser-la-composition-demographique-de-la-tunisie\\\/203203\\\/#primaryimage\"},\"image\":{\"@id\":\"https:\\\/\\\/www.webdo.tn\\\/fr\\\/actualite\\\/national\\\/kais-saied-il-y-a-un-dessein-criminel-de-metamorphoser-la-composition-demographique-de-la-tunisie\\\/203203\\\/#primaryimage\"},\"thumbnailUrl\":\"https:\\\/\\\/www.webdo.tn\\\/fr\\\/wp-content\\\/uploads\\\/2023\\\/02\\\/72a0c71792e9043e4b304168381b3365.jpg\",\"datePublished\":\"2023-02-21T22:54:00+00:00\",\"dateModified\":\"2025-05-20T22:07:39+00:00\",\"description\":\"Le pr\u00e9sident de la R\u00e9publique, Kais Sa\u00efed, a pr\u00e9sid\u00e9, ce mardi 21 f\u00e9vrier 2023, une r\u00e9union du Conseil sup\u00e9rieur de la s\u00e9curit\u00e9 nationale qui a \u00e9t\u00e9 ax\u00e9 sur l'i...\",\"breadcrumb\":{\"@id\":\"https:\\\/\\\/www.webdo.tn\\\/fr\\\/actualite\\\/national\\\/kais-saied-il-y-a-un-dessein-criminel-de-metamorphoser-la-composition-demographique-de-la-tunisie\\\/203203\\\/#breadcrumb\"},\"inLanguage\":\"fr-FR\",\"potentialAction\":[{\"@type\":\"ReadAction\",\"target\":[\"https:\\\/\\\/www.webdo.tn\\\/fr\\\/actualite\\\/national\\\/kais-saied-il-y-a-un-dessein-criminel-de-metamorphoser-la-composition-demographique-de-la-tunisie\\\/203203\\\/\"]}]},{\"@type\":\"ImageObject\",\"inLanguage\":\"fr-FR\",\"@id\":\"https:\\\/\\\/www.webdo.tn\\\/fr\\\/actualite\\\/national\\\/kais-saied-il-y-a-un-dessein-criminel-de-metamorphoser-la-composition-demographique-de-la-tunisie\\\/203203\\\/#primaryimage\",\"url\":\"https:\\\/\\\/www.webdo.tn\\\/fr\\\/wp-content\\\/uploads\\\/2023\\\/02\\\/72a0c71792e9043e4b304168381b3365.jpg\",\"contentUrl\":\"https:\\\/\\\/www.webdo.tn\\\/fr\\\/wp-content\\\/uploads\\\/2023\\\/02\\\/72a0c71792e9043e4b304168381b3365.jpg\",\"width\":750,\"height\":400,\"caption\":\"Kais Saied : \\\"Il y a un dessein criminel de m\u00e9tamorphoser la composition d\u00e9mographique de la Tunisie\\\"\"},{\"@type\":\"BreadcrumbList\",\"@id\":\"https:\\\/\\\/www.webdo.tn\\\/fr\\\/actualite\\\/national\\\/kais-saied-il-y-a-un-dessein-criminel-de-metamorphoser-la-composition-demographique-de-la-tunisie\\\/203203\\\/#breadcrumb\",\"itemListElement\":[{\"@type\":\"ListItem\",\"position\":1,\"name\":\"Accueil\",\"item\":\"https:\\\/\\\/www.webdo.tn\\\/fr\\\/\"},{\"@type\":\"ListItem\",\"position\":2,\"name\":\"Kais Saied : \u00ab\u00a0Il y a un dessein criminel de m\u00e9tamorphoser la composition d\u00e9mographique de la Tunisie\u00a0\u00bb\"}]},{\"@type\":\"WebSite\",\"@id\":\"https:\\\/\\\/www.webdo.tn\\\/fr\\\/#website\",\"url\":\"https:\\\/\\\/www.webdo.tn\\\/fr\\\/\",\"name\":\"webdo\",\"description\":\"Tunisie - News en Tunisie et \u00e0 l&#039;international sur Webdo.tn\",\"publisher\":{\"@id\":\"https:\\\/\\\/www.webdo.tn\\\/fr\\\/#organization\"},\"potentialAction\":[{\"@type\":\"SearchAction\",\"target\":{\"@type\":\"EntryPoint\",\"urlTemplate\":\"https:\\\/\\\/www.webdo.tn\\\/fr\\\/?s={search_term_string}\"},\"query-input\":{\"@type\":\"PropertyValueSpecification\",\"valueRequired\":true,\"valueName\":\"search_term_string\"}}],\"inLanguage\":\"fr-FR\"},{\"@type\":\"Organization\",\"@id\":\"https:\\\/\\\/www.webdo.tn\\\/fr\\\/#organization\",\"name\":\"Webdo\",\"alternateName\":\"Webdo.tn\",\"url\":\"https:\\\/\\\/www.webdo.tn\\\/fr\\\/\",\"logo\":{\"@type\":\"ImageObject\",\"inLanguage\":\"fr-FR\",\"@id\":\"https:\\\/\\\/www.webdo.tn\\\/fr\\\/#\\\/schema\\\/logo\\\/image\\\/\",\"url\":\"https:\\\/\\\/www.webdo.tn\\\/fr\\\/wp-content\\\/uploads\\\/2025\\\/06\\\/Webdo-Tunisie_168377.jpg\",\"contentUrl\":\"https:\\\/\\\/www.webdo.tn\\\/fr\\\/wp-content\\\/uploads\\\/2025\\\/06\\\/Webdo-Tunisie_168377.jpg\",\"width\":301,\"height\":301,\"caption\":\"Webdo\"},\"image\":{\"@id\":\"https:\\\/\\\/www.webdo.tn\\\/fr\\\/#\\\/schema\\\/logo\\\/image\\\/\"},\"sameAs\":[\"https:\\\/\\\/www.facebook.com\\\/webdotn\",\"https:\\\/\\\/x.com\\\/webdo_tn\"],\"description\":\"Webdo est un m\u00e9dia num\u00e9rique tunisien fond\u00e9 en 2010, sp\u00e9cialis\u00e9 dans l\u2019actualit\u00e9 nationale et internationale, l\u2019\u00e9conomie, la soci\u00e9t\u00e9 et les analyses politiques. Le site s\u2019adresse \u00e0 un large public francophone et couvre l\u2019information tunisienne en temps r\u00e9el.\",\"email\":\"redac@webdo.tn\",\"legalName\":\"YNJ SARL\",\"foundingDate\":\"2010-09-06\",\"numberOfEmployees\":{\"@type\":\"QuantitativeValue\",\"minValue\":\"11\",\"maxValue\":\"50\"}},{\"@type\":\"Person\",\"@id\":\"https:\\\/\\\/www.webdo.tn\\\/fr\\\/#\\\/schema\\\/person\\\/2c4929cbf5a809e3bd38617c6ce150f6\",\"name\":\"MC\",\"image\":{\"@type\":\"ImageObject\",\"inLanguage\":\"fr-FR\",\"@id\":\"https:\\\/\\\/secure.gravatar.com\\\/avatar\\\/a545bbb6f84efdd5553dbbc2895e3ca8f1d12c5215e00a041c9670b54aa9b18a?s=96&d=mm&r=g\",\"url\":\"https:\\\/\\\/secure.gravatar.com\\\/avatar\\\/a545bbb6f84efdd5553dbbc2895e3ca8f1d12c5215e00a041c9670b54aa9b18a?s=96&d=mm&r=g\",\"contentUrl\":\"https:\\\/\\\/secure.gravatar.com\\\/avatar\\\/a545bbb6f84efdd5553dbbc2895e3ca8f1d12c5215e00a041c9670b54aa9b18a?s=96&d=mm&r=g\",\"caption\":\"MC\"},\"url\":\"https:\\\/\\\/www.webdo.tn\\\/fr\\\/actualite\\\/author\\\/mc\\\/\"}]}<\/script>\n<!-- \/ Yoast SEO Premium plugin. -->","yoast_head_json":{"title":"Kais Saied : Il y a un dessein criminel de m\u00e9tamorphoser la composition d\u00e9mographique de la Tunisie","description":"Le pr\u00e9sident de la R\u00e9publique, Kais Sa\u00efed, a pr\u00e9sid\u00e9, ce mardi 21 f\u00e9vrier 2023, une r\u00e9union du Conseil sup\u00e9rieur de la s\u00e9curit\u00e9 nationale qui a \u00e9t\u00e9 ax\u00e9 sur l'i...","canonical":"https:\/\/www.webdo.tn\/fr\/actualite\/national\/kais-saied-il-y-a-un-dessein-criminel-de-metamorphoser-la-composition-demographique-de-la-tunisie\/203203\/","og_locale":"fr_FR","og_type":"article","og_title":"Kais Saied : \"Il y a un dessein criminel de m\u00e9tamorphoser la composition d\u00e9mographique de la Tunisie\"","og_description":"Le pr\u00e9sident de la R\u00e9publique, Kais Sa\u00efed, a pr\u00e9sid\u00e9, ce mardi 21 f\u00e9vrier 2023, une r\u00e9union du Conseil sup\u00e9rieur de la s\u00e9curit\u00e9 nationale qui a \u00e9t\u00e9 ax\u00e9 sur l'i...","og_url":"https:\/\/www.webdo.tn\/fr\/actualite\/national\/kais-saied-il-y-a-un-dessein-criminel-de-metamorphoser-la-composition-demographique-de-la-tunisie\/203203\/","og_site_name":"webdo","article_publisher":"https:\/\/www.facebook.com\/webdotn","article_published_time":"2023-02-21T22:54:00+00:00","article_modified_time":"2025-05-20T22:07:39+00:00","og_image":[{"width":750,"height":400,"url":"https:\/\/www.webdo.tn\/fr\/wp-content\/uploads\/2023\/02\/72a0c71792e9043e4b304168381b3365.jpg","type":"image\/jpeg"}],"author":"MC","twitter_card":"summary_large_image","twitter_creator":"@webdo_tn","twitter_site":"@webdo_tn","twitter_misc":{"\u00c9crit par":"MC","Dur\u00e9e de lecture estim\u00e9e":"2 minutes"},"schema":{"@context":"https:\/\/schema.org","@graph":[{"@type":"NewsArticle","@id":"https:\/\/www.webdo.tn\/fr\/actualite\/national\/kais-saied-il-y-a-un-dessein-criminel-de-metamorphoser-la-composition-demographique-de-la-tunisie\/203203\/#article","isPartOf":{"@id":"https:\/\/www.webdo.tn\/fr\/actualite\/national\/kais-saied-il-y-a-un-dessein-criminel-de-metamorphoser-la-composition-demographique-de-la-tunisie\/203203\/"},"author":{"name":"MC","@id":"https:\/\/www.webdo.tn\/fr\/#\/schema\/person\/2c4929cbf5a809e3bd38617c6ce150f6"},"headline":"Kais Saied : \u00ab\u00a0Il y a un dessein criminel de m\u00e9tamorphoser la composition d\u00e9mographique de la Tunisie\u00a0\u00bb","datePublished":"2023-02-21T22:54:00+00:00","dateModified":"2025-05-20T22:07:39+00:00","mainEntityOfPage":{"@id":"https:\/\/www.webdo.tn\/fr\/actualite\/national\/kais-saied-il-y-a-un-dessein-criminel-de-metamorphoser-la-composition-demographique-de-la-tunisie\/203203\/"},"wordCount":391,"commentCount":0,"publisher":{"@id":"https:\/\/www.webdo.tn\/fr\/#organization"},"image":{"@id":"https:\/\/www.webdo.tn\/fr\/actualite\/national\/kais-saied-il-y-a-un-dessein-criminel-de-metamorphoser-la-composition-demographique-de-la-tunisie\/203203\/#primaryimage"},"thumbnailUrl":"https:\/\/www.webdo.tn\/fr\/wp-content\/uploads\/2023\/02\/72a0c71792e9043e4b304168381b3365.jpg","keywords":["immigration irr\u00e9guli\u00e8re","Subsahariens"],"articleSection":["National"],"inLanguage":"fr-FR"},{"@type":"WebPage","@id":"https:\/\/www.webdo.tn\/fr\/actualite\/national\/kais-saied-il-y-a-un-dessein-criminel-de-metamorphoser-la-composition-demographique-de-la-tunisie\/203203\/","url":"https:\/\/www.webdo.tn\/fr\/actualite\/national\/kais-saied-il-y-a-un-dessein-criminel-de-metamorphoser-la-composition-demographique-de-la-tunisie\/203203\/","name":"Kais Saied : Il y a un dessein criminel de m\u00e9tamorphoser la composition d\u00e9mographique de la Tunisie","isPartOf":{"@id":"https:\/\/www.webdo.tn\/fr\/#website"},"primaryImageOfPage":{"@id":"https:\/\/www.webdo.tn\/fr\/actualite\/national\/kais-saied-il-y-a-un-dessein-criminel-de-metamorphoser-la-composition-demographique-de-la-tunisie\/203203\/#primaryimage"},"image":{"@id":"https:\/\/www.webdo.tn\/fr\/actualite\/national\/kais-saied-il-y-a-un-dessein-criminel-de-metamorphoser-la-composition-demographique-de-la-tunisie\/203203\/#primaryimage"},"thumbnailUrl":"https:\/\/www.webdo.tn\/fr\/wp-content\/uploads\/2023\/02\/72a0c71792e9043e4b304168381b3365.jpg","datePublished":"2023-02-21T22:54:00+00:00","dateModified":"2025-05-20T22:07:39+00:00","description":"Le pr\u00e9sident de la R\u00e9publique, Kais Sa\u00efed, a pr\u00e9sid\u00e9, ce mardi 21 f\u00e9vrier 2023, une r\u00e9union du Conseil sup\u00e9rieur de la s\u00e9curit\u00e9 nationale qui a \u00e9t\u00e9 ax\u00e9 sur l'i...","breadcrumb":{"@id":"https:\/\/www.webdo.tn\/fr\/actualite\/national\/kais-saied-il-y-a-un-dessein-criminel-de-metamorphoser-la-composition-demographique-de-la-tunisie\/203203\/#breadcrumb"},"inLanguage":"fr-FR","potentialAction":[{"@type":"ReadAction","target":["https:\/\/www.webdo.tn\/fr\/actualite\/national\/kais-saied-il-y-a-un-dessein-criminel-de-metamorphoser-la-composition-demographique-de-la-tunisie\/203203\/"]}]},{"@type":"ImageObject","inLanguage":"fr-FR","@id":"https:\/\/www.webdo.tn\/fr\/actualite\/national\/kais-saied-il-y-a-un-dessein-criminel-de-metamorphoser-la-composition-demographique-de-la-tunisie\/203203\/#primaryimage","url":"https:\/\/www.webdo.tn\/fr\/wp-content\/uploads\/2023\/02\/72a0c71792e9043e4b304168381b3365.jpg","contentUrl":"https:\/\/www.webdo.tn\/fr\/wp-content\/uploads\/2023\/02\/72a0c71792e9043e4b304168381b3365.jpg","width":750,"height":400,"caption":"Kais Saied : \"Il y a un dessein criminel de m\u00e9tamorphoser la composition d\u00e9mographique de la Tunisie\""},{"@type":"BreadcrumbList","@id":"https:\/\/www.webdo.tn\/fr\/actualite\/national\/kais-saied-il-y-a-un-dessein-criminel-de-metamorphoser-la-composition-demographique-de-la-tunisie\/203203\/#breadcrumb","itemListElement":[{"@type":"ListItem","position":1,"name":"Accueil","item":"https:\/\/www.webdo.tn\/fr\/"},{"@type":"ListItem","position":2,"name":"Kais Saied : \u00ab\u00a0Il y a un dessein criminel de m\u00e9tamorphoser la composition d\u00e9mographique de la Tunisie\u00a0\u00bb"}]},{"@type":"WebSite","@id":"https:\/\/www.webdo.tn\/fr\/#website","url":"https:\/\/www.webdo.tn\/fr\/","name":"webdo","description":"Tunisie - News en Tunisie et \u00e0 l&#039;international sur Webdo.tn","publisher":{"@id":"https:\/\/www.webdo.tn\/fr\/#organization"},"potentialAction":[{"@type":"SearchAction","target":{"@type":"EntryPoint","urlTemplate":"https:\/\/www.webdo.tn\/fr\/?s={search_term_string}"},"query-input":{"@type":"PropertyValueSpecification","valueRequired":true,"valueName":"search_term_string"}}],"inLanguage":"fr-FR"},{"@type":"Organization","@id":"https:\/\/www.webdo.tn\/fr\/#organization","name":"Webdo","alternateName":"Webdo.tn","url":"https:\/\/www.webdo.tn\/fr\/","logo":{"@type":"ImageObject","inLanguage":"fr-FR","@id":"https:\/\/www.webdo.tn\/fr\/#\/schema\/logo\/image\/","url":"https:\/\/www.webdo.tn\/fr\/wp-content\/uploads\/2025\/06\/Webdo-Tunisie_168377.jpg","contentUrl":"https:\/\/www.webdo.tn\/fr\/wp-content\/uploads\/2025\/06\/Webdo-Tunisie_168377.jpg","width":301,"height":301,"caption":"Webdo"},"image":{"@id":"https:\/\/www.webdo.tn\/fr\/#\/schema\/logo\/image\/"},"sameAs":["https:\/\/www.facebook.com\/webdotn","https:\/\/x.com\/webdo_tn"],"description":"Webdo est un m\u00e9dia num\u00e9rique tunisien fond\u00e9 en 2010, sp\u00e9cialis\u00e9 dans l\u2019actualit\u00e9 nationale et internationale, l\u2019\u00e9conomie, la soci\u00e9t\u00e9 et les analyses politiques. Le site s\u2019adresse \u00e0 un large public francophone et couvre l\u2019information tunisienne en temps r\u00e9el.","email":"redac@webdo.tn","legalName":"YNJ SARL","foundingDate":"2010-09-06","numberOfEmployees":{"@type":"QuantitativeValue","minValue":"11","maxValue":"50"}},{"@type":"Person","@id":"https:\/\/www.webdo.tn\/fr\/#\/schema\/person\/2c4929cbf5a809e3bd38617c6ce150f6","name":"MC","image":{"@type":"ImageObject","inLanguage":"fr-FR","@id":"https:\/\/secure.gravatar.com\/avatar\/a545bbb6f84efdd5553dbbc2895e3ca8f1d12c5215e00a041c9670b54aa9b18a?s=96&d=mm&r=g","url":"https:\/\/secure.gravatar.com\/avatar\/a545bbb6f84efdd5553dbbc2895e3ca8f1d12c5215e00a041c9670b54aa9b18a?s=96&d=mm&r=g","contentUrl":"https:\/\/secure.gravatar.com\/avatar\/a545bbb6f84efdd5553dbbc2895e3ca8f1d12c5215e00a041c9670b54aa9b18a?s=96&d=mm&r=g","caption":"MC"},"url":"https:\/\/www.webdo.tn\/fr\/actualite\/author\/mc\/"}]}},"_links":{"self":[{"href":"https:\/\/www.webdo.tn\/fr\/wp-json\/wp\/v2\/posts\/203203","targetHints":{"allow":["GET"]}}],"collection":[{"href":"https:\/\/www.webdo.tn\/fr\/wp-json\/wp\/v2\/posts"}],"about":[{"href":"https:\/\/www.webdo.tn\/fr\/wp-json\/wp\/v2\/types\/post"}],"author":[{"embeddable":true,"href":"https:\/\/www.webdo.tn\/fr\/wp-json\/wp\/v2\/users\/3162"}],"replies":[{"embeddable":true,"href":"https:\/\/www.webdo.tn\/fr\/wp-json\/wp\/v2\/comments?post=203203"}],"version-history":[{"count":0,"href":"https:\/\/www.webdo.tn\/fr\/wp-json\/wp\/v2\/posts\/203203\/revisions"}],"wp:featuredmedia":[{"embeddable":true,"href":"https:\/\/www.webdo.tn\/fr\/wp-json\/wp\/v2\/media\/277824"}],"wp:attachment":[{"href":"https:\/\/www.webdo.tn\/fr\/wp-json\/wp\/v2\/media?parent=203203"}],"wp:term":[{"taxonomy":"category","embeddable":true,"href":"https:\/\/www.webdo.tn\/fr\/wp-json\/wp\/v2\/categories?post=203203"},{"taxonomy":"post_tag","embeddable":true,"href":"https:\/\/www.webdo.tn\/fr\/wp-json\/wp\/v2\/tags?post=203203"}],"curies":[{"name":"wp","href":"https:\/\/api.w.org\/{rel}","templated":true}]}}