{"id":203193,"date":"2023-02-21T19:18:00","date_gmt":"2023-02-21T19:18:00","guid":{"rendered":"https:\/\/www.webdo.tn\/fr\/blog\/le-personnel-de-la-steg-en-greve-de-deux-jours\/203193\/"},"modified":"2025-05-20T22:07:38","modified_gmt":"2025-05-20T22:07:38","slug":"le-personnel-de-la-steg-en-greve-de-deux-jours","status":"publish","type":"post","link":"https:\/\/www.webdo.tn\/fr\/actualite\/national\/le-personnel-de-la-steg-en-greve-de-deux-jours\/203193\/","title":{"rendered":"Le personnel de la STEG en gr\u00e8ve de deux jours"},"content":{"rendered":"<p>Les agents de la Soci\u00e9t\u00e9 tunisienne de l&rsquo;\u00e9lectricit\u00e9 et du gaz (STEG) observent, \u00e0 partir de demain, mercredi 22 f\u00e9vrier 2023, une gr\u00e8ve de deux jours pour revendiquer leurs droits aux promotions et \u00e0 l&rsquo;introduction de r\u00e9formes.<\/p>\n<p>\t\t\t\t\t\t\t\t\tLe secr\u00e9taire g\u00e9n\u00e9ral adjoint de la f\u00e9d\u00e9ration g\u00e9n\u00e9rale de l&rsquo;\u00e9lectricit\u00e9 et de gaz, Selim Bouzidi, a annonc\u00e9 \u00e0 l\u2019agence TAP, que la gr\u00e8ve a \u00e9t\u00e9 d\u00e9cid\u00e9e suite au non-respect de l&rsquo;autorit\u00e9 de tutelle concernant ses engagements.<\/p>\n<p>Il a ajout\u00e9 que cette gr\u00e8ve avait \u00e9t\u00e9 maintes fois report\u00e9e.<\/p>\n","protected":false},"excerpt":{"rendered":"<p>Les agents de la Soci\u00e9t\u00e9 tunisienne de l&rsquo;\u00e9lectricit\u00e9 et du gaz (STEG) observent, \u00e0 partir de demain, mercredi 22 f\u00e9vrier 2023, une gr\u00e8ve de deux jours pour reve&#8230;<\/p>\n","protected":false},"author":3162,"featured_media":277819,"comment_status":"open","ping_status":"closed","sticky":false,"template":"","format":"standard","meta":{"footnotes":""},"categories":[44],"tags":[2647,2742],"class_list":["post-203193","post","type-post","status-publish","format-standard","has-post-thumbnail","hentry","category-national","tag-greve","tag-steg"],"yoast_head":"<!-- This site is optimized with the Yoast SEO Premium plugin v27.4 (Yoast SEO v27.5) - https:\/\/yoast.com\/product\/yoast-seo-premium-wordpress\/ -->\n<title>Le personnel de la STEG en gr\u00e8ve de deux jours<\/title>\n<meta name=\"description\" content=\"Les agents de la Soci\u00e9t\u00e9 tunisienne de l&#039;\u00e9lectricit\u00e9 et du gaz (STEG) observent, \u00e0 partir de demain, mercredi 22 f\u00e9vrier 2023, une gr\u00e8ve de deux jours pour reve...\" \/>\n<link rel=\"canonical\" href=\"https:\/\/www.webdo.tn\/fr\/actualite\/national\/le-personnel-de-la-steg-en-greve-de-deux-jours\/203193\/\" \/>\n<meta property=\"og:locale\" content=\"fr_FR\" \/>\n<meta property=\"og:type\" content=\"article\" \/>\n<meta property=\"og:title\" content=\"Le personnel de la STEG en gr\u00e8ve de deux jours\" \/>\n<meta property=\"og:description\" content=\"Les agents de la Soci\u00e9t\u00e9 tunisienne de l&#039;\u00e9lectricit\u00e9 et du gaz (STEG) observent, \u00e0 partir de demain, mercredi 22 f\u00e9vrier 2023, une gr\u00e8ve de deux jours pour reve...\" \/>\n<meta property=\"og:url\" content=\"https:\/\/www.webdo.tn\/fr\/actualite\/national\/le-personnel-de-la-steg-en-greve-de-deux-jours\/203193\/\" \/>\n<meta property=\"og:site_name\" content=\"webdo\" \/>\n<meta property=\"article:publisher\" content=\"https:\/\/www.facebook.com\/webdotn\" \/>\n<meta property=\"article:published_time\" content=\"2023-02-21T19:18:00+00:00\" \/>\n<meta property=\"article:modified_time\" content=\"2025-05-20T22:07:38+00:00\" \/>\n<meta property=\"og:image\" content=\"https:\/\/www.webdo.tn\/fr\/wp-content\/uploads\/2023\/02\/a7a0b086d89e10f1e23b42cc1f78dc92.jpg\" \/>\n\t<meta property=\"og:image:width\" content=\"600\" \/>\n\t<meta property=\"og:image:height\" content=\"320\" \/>\n\t<meta property=\"og:image:type\" content=\"image\/jpeg\" \/>\n<meta name=\"author\" content=\"MC\" \/>\n<meta name=\"twitter:card\" content=\"summary_large_image\" \/>\n<meta name=\"twitter:creator\" content=\"@webdo_tn\" \/>\n<meta name=\"twitter:site\" content=\"@webdo_tn\" \/>\n<meta name=\"twitter:label1\" content=\"\u00c9crit par\" \/>\n\t<meta name=\"twitter:data1\" content=\"MC\" \/>\n<script type=\"application\/ld+json\" class=\"yoast-schema-graph\">{\"@context\":\"https:\\\/\\\/schema.org\",\"@graph\":[{\"@type\":\"NewsArticle\",\"@id\":\"https:\\\/\\\/www.webdo.tn\\\/fr\\\/actualite\\\/national\\\/le-personnel-de-la-steg-en-greve-de-deux-jours\\\/203193\\\/#article\",\"isPartOf\":{\"@id\":\"https:\\\/\\\/www.webdo.tn\\\/fr\\\/actualite\\\/national\\\/le-personnel-de-la-steg-en-greve-de-deux-jours\\\/203193\\\/\"},\"author\":{\"name\":\"MC\",\"@id\":\"https:\\\/\\\/www.webdo.tn\\\/fr\\\/#\\\/schema\\\/person\\\/2c4929cbf5a809e3bd38617c6ce150f6\"},\"headline\":\"Le personnel de la STEG en gr\u00e8ve de deux jours\",\"datePublished\":\"2023-02-21T19:18:00+00:00\",\"dateModified\":\"2025-05-20T22:07:38+00:00\",\"mainEntityOfPage\":{\"@id\":\"https:\\\/\\\/www.webdo.tn\\\/fr\\\/actualite\\\/national\\\/le-personnel-de-la-steg-en-greve-de-deux-jours\\\/203193\\\/\"},\"wordCount\":111,\"commentCount\":0,\"publisher\":{\"@id\":\"https:\\\/\\\/www.webdo.tn\\\/fr\\\/#organization\"},\"image\":{\"@id\":\"https:\\\/\\\/www.webdo.tn\\\/fr\\\/actualite\\\/national\\\/le-personnel-de-la-steg-en-greve-de-deux-jours\\\/203193\\\/#primaryimage\"},\"thumbnailUrl\":\"https:\\\/\\\/www.webdo.tn\\\/fr\\\/wp-content\\\/uploads\\\/2023\\\/02\\\/a7a0b086d89e10f1e23b42cc1f78dc92.jpg\",\"keywords\":[\"Gr\u00e8ve\",\"steg\"],\"articleSection\":[\"National\"],\"inLanguage\":\"fr-FR\"},{\"@type\":\"WebPage\",\"@id\":\"https:\\\/\\\/www.webdo.tn\\\/fr\\\/actualite\\\/national\\\/le-personnel-de-la-steg-en-greve-de-deux-jours\\\/203193\\\/\",\"url\":\"https:\\\/\\\/www.webdo.tn\\\/fr\\\/actualite\\\/national\\\/le-personnel-de-la-steg-en-greve-de-deux-jours\\\/203193\\\/\",\"name\":\"Le personnel de la STEG en gr\u00e8ve de deux jours\",\"isPartOf\":{\"@id\":\"https:\\\/\\\/www.webdo.tn\\\/fr\\\/#website\"},\"primaryImageOfPage\":{\"@id\":\"https:\\\/\\\/www.webdo.tn\\\/fr\\\/actualite\\\/national\\\/le-personnel-de-la-steg-en-greve-de-deux-jours\\\/203193\\\/#primaryimage\"},\"image\":{\"@id\":\"https:\\\/\\\/www.webdo.tn\\\/fr\\\/actualite\\\/national\\\/le-personnel-de-la-steg-en-greve-de-deux-jours\\\/203193\\\/#primaryimage\"},\"thumbnailUrl\":\"https:\\\/\\\/www.webdo.tn\\\/fr\\\/wp-content\\\/uploads\\\/2023\\\/02\\\/a7a0b086d89e10f1e23b42cc1f78dc92.jpg\",\"datePublished\":\"2023-02-21T19:18:00+00:00\",\"dateModified\":\"2025-05-20T22:07:38+00:00\",\"description\":\"Les agents de la Soci\u00e9t\u00e9 tunisienne de l'\u00e9lectricit\u00e9 et du gaz (STEG) observent, \u00e0 partir de demain, mercredi 22 f\u00e9vrier 2023, une gr\u00e8ve de deux jours pour reve...\",\"breadcrumb\":{\"@id\":\"https:\\\/\\\/www.webdo.tn\\\/fr\\\/actualite\\\/national\\\/le-personnel-de-la-steg-en-greve-de-deux-jours\\\/203193\\\/#breadcrumb\"},\"inLanguage\":\"fr-FR\",\"potentialAction\":[{\"@type\":\"ReadAction\",\"target\":[\"https:\\\/\\\/www.webdo.tn\\\/fr\\\/actualite\\\/national\\\/le-personnel-de-la-steg-en-greve-de-deux-jours\\\/203193\\\/\"]}]},{\"@type\":\"ImageObject\",\"inLanguage\":\"fr-FR\",\"@id\":\"https:\\\/\\\/www.webdo.tn\\\/fr\\\/actualite\\\/national\\\/le-personnel-de-la-steg-en-greve-de-deux-jours\\\/203193\\\/#primaryimage\",\"url\":\"https:\\\/\\\/www.webdo.tn\\\/fr\\\/wp-content\\\/uploads\\\/2023\\\/02\\\/a7a0b086d89e10f1e23b42cc1f78dc92.jpg\",\"contentUrl\":\"https:\\\/\\\/www.webdo.tn\\\/fr\\\/wp-content\\\/uploads\\\/2023\\\/02\\\/a7a0b086d89e10f1e23b42cc1f78dc92.jpg\",\"width\":600,\"height\":320,\"caption\":\"Le personnel de la STEG en gr\u00e8ve de deux jours\"},{\"@type\":\"BreadcrumbList\",\"@id\":\"https:\\\/\\\/www.webdo.tn\\\/fr\\\/actualite\\\/national\\\/le-personnel-de-la-steg-en-greve-de-deux-jours\\\/203193\\\/#breadcrumb\",\"itemListElement\":[{\"@type\":\"ListItem\",\"position\":1,\"name\":\"Accueil\",\"item\":\"https:\\\/\\\/www.webdo.tn\\\/fr\\\/\"},{\"@type\":\"ListItem\",\"position\":2,\"name\":\"Le personnel de la STEG en gr\u00e8ve de deux jours\"}]},{\"@type\":\"WebSite\",\"@id\":\"https:\\\/\\\/www.webdo.tn\\\/fr\\\/#website\",\"url\":\"https:\\\/\\\/www.webdo.tn\\\/fr\\\/\",\"name\":\"webdo\",\"description\":\"Tunisie - News en Tunisie et \u00e0 l&#039;international sur Webdo.tn\",\"publisher\":{\"@id\":\"https:\\\/\\\/www.webdo.tn\\\/fr\\\/#organization\"},\"potentialAction\":[{\"@type\":\"SearchAction\",\"target\":{\"@type\":\"EntryPoint\",\"urlTemplate\":\"https:\\\/\\\/www.webdo.tn\\\/fr\\\/?s={search_term_string}\"},\"query-input\":{\"@type\":\"PropertyValueSpecification\",\"valueRequired\":true,\"valueName\":\"search_term_string\"}}],\"inLanguage\":\"fr-FR\"},{\"@type\":\"Organization\",\"@id\":\"https:\\\/\\\/www.webdo.tn\\\/fr\\\/#organization\",\"name\":\"Webdo\",\"alternateName\":\"Webdo.tn\",\"url\":\"https:\\\/\\\/www.webdo.tn\\\/fr\\\/\",\"logo\":{\"@type\":\"ImageObject\",\"inLanguage\":\"fr-FR\",\"@id\":\"https:\\\/\\\/www.webdo.tn\\\/fr\\\/#\\\/schema\\\/logo\\\/image\\\/\",\"url\":\"https:\\\/\\\/www.webdo.tn\\\/fr\\\/wp-content\\\/uploads\\\/2025\\\/06\\\/Webdo-Tunisie_168377.jpg\",\"contentUrl\":\"https:\\\/\\\/www.webdo.tn\\\/fr\\\/wp-content\\\/uploads\\\/2025\\\/06\\\/Webdo-Tunisie_168377.jpg\",\"width\":301,\"height\":301,\"caption\":\"Webdo\"},\"image\":{\"@id\":\"https:\\\/\\\/www.webdo.tn\\\/fr\\\/#\\\/schema\\\/logo\\\/image\\\/\"},\"sameAs\":[\"https:\\\/\\\/www.facebook.com\\\/webdotn\",\"https:\\\/\\\/x.com\\\/webdo_tn\"],\"description\":\"Webdo est un m\u00e9dia num\u00e9rique tunisien fond\u00e9 en 2010, sp\u00e9cialis\u00e9 dans l\u2019actualit\u00e9 nationale et internationale, l\u2019\u00e9conomie, la soci\u00e9t\u00e9 et les analyses politiques. Le site s\u2019adresse \u00e0 un large public francophone et couvre l\u2019information tunisienne en temps r\u00e9el.\",\"email\":\"redac@webdo.tn\",\"legalName\":\"YNJ SARL\",\"foundingDate\":\"2010-09-06\",\"numberOfEmployees\":{\"@type\":\"QuantitativeValue\",\"minValue\":\"11\",\"maxValue\":\"50\"}},{\"@type\":\"Person\",\"@id\":\"https:\\\/\\\/www.webdo.tn\\\/fr\\\/#\\\/schema\\\/person\\\/2c4929cbf5a809e3bd38617c6ce150f6\",\"name\":\"MC\",\"image\":{\"@type\":\"ImageObject\",\"inLanguage\":\"fr-FR\",\"@id\":\"https:\\\/\\\/secure.gravatar.com\\\/avatar\\\/a545bbb6f84efdd5553dbbc2895e3ca8f1d12c5215e00a041c9670b54aa9b18a?s=96&d=mm&r=g\",\"url\":\"https:\\\/\\\/secure.gravatar.com\\\/avatar\\\/a545bbb6f84efdd5553dbbc2895e3ca8f1d12c5215e00a041c9670b54aa9b18a?s=96&d=mm&r=g\",\"contentUrl\":\"https:\\\/\\\/secure.gravatar.com\\\/avatar\\\/a545bbb6f84efdd5553dbbc2895e3ca8f1d12c5215e00a041c9670b54aa9b18a?s=96&d=mm&r=g\",\"caption\":\"MC\"},\"url\":\"https:\\\/\\\/www.webdo.tn\\\/fr\\\/actualite\\\/author\\\/mc\\\/\"}]}<\/script>\n<!-- \/ Yoast SEO Premium plugin. -->","yoast_head_json":{"title":"Le personnel de la STEG en gr\u00e8ve de deux jours","description":"Les agents de la Soci\u00e9t\u00e9 tunisienne de l'\u00e9lectricit\u00e9 et du gaz (STEG) observent, \u00e0 partir de demain, mercredi 22 f\u00e9vrier 2023, une gr\u00e8ve de deux jours pour reve...","canonical":"https:\/\/www.webdo.tn\/fr\/actualite\/national\/le-personnel-de-la-steg-en-greve-de-deux-jours\/203193\/","og_locale":"fr_FR","og_type":"article","og_title":"Le personnel de la STEG en gr\u00e8ve de deux jours","og_description":"Les agents de la Soci\u00e9t\u00e9 tunisienne de l'\u00e9lectricit\u00e9 et du gaz (STEG) observent, \u00e0 partir de demain, mercredi 22 f\u00e9vrier 2023, une gr\u00e8ve de deux jours pour reve...","og_url":"https:\/\/www.webdo.tn\/fr\/actualite\/national\/le-personnel-de-la-steg-en-greve-de-deux-jours\/203193\/","og_site_name":"webdo","article_publisher":"https:\/\/www.facebook.com\/webdotn","article_published_time":"2023-02-21T19:18:00+00:00","article_modified_time":"2025-05-20T22:07:38+00:00","og_image":[{"width":600,"height":320,"url":"https:\/\/www.webdo.tn\/fr\/wp-content\/uploads\/2023\/02\/a7a0b086d89e10f1e23b42cc1f78dc92.jpg","type":"image\/jpeg"}],"author":"MC","twitter_card":"summary_large_image","twitter_creator":"@webdo_tn","twitter_site":"@webdo_tn","twitter_misc":{"\u00c9crit par":"MC"},"schema":{"@context":"https:\/\/schema.org","@graph":[{"@type":"NewsArticle","@id":"https:\/\/www.webdo.tn\/fr\/actualite\/national\/le-personnel-de-la-steg-en-greve-de-deux-jours\/203193\/#article","isPartOf":{"@id":"https:\/\/www.webdo.tn\/fr\/actualite\/national\/le-personnel-de-la-steg-en-greve-de-deux-jours\/203193\/"},"author":{"name":"MC","@id":"https:\/\/www.webdo.tn\/fr\/#\/schema\/person\/2c4929cbf5a809e3bd38617c6ce150f6"},"headline":"Le personnel de la STEG en gr\u00e8ve de deux jours","datePublished":"2023-02-21T19:18:00+00:00","dateModified":"2025-05-20T22:07:38+00:00","mainEntityOfPage":{"@id":"https:\/\/www.webdo.tn\/fr\/actualite\/national\/le-personnel-de-la-steg-en-greve-de-deux-jours\/203193\/"},"wordCount":111,"commentCount":0,"publisher":{"@id":"https:\/\/www.webdo.tn\/fr\/#organization"},"image":{"@id":"https:\/\/www.webdo.tn\/fr\/actualite\/national\/le-personnel-de-la-steg-en-greve-de-deux-jours\/203193\/#primaryimage"},"thumbnailUrl":"https:\/\/www.webdo.tn\/fr\/wp-content\/uploads\/2023\/02\/a7a0b086d89e10f1e23b42cc1f78dc92.jpg","keywords":["Gr\u00e8ve","steg"],"articleSection":["National"],"inLanguage":"fr-FR"},{"@type":"WebPage","@id":"https:\/\/www.webdo.tn\/fr\/actualite\/national\/le-personnel-de-la-steg-en-greve-de-deux-jours\/203193\/","url":"https:\/\/www.webdo.tn\/fr\/actualite\/national\/le-personnel-de-la-steg-en-greve-de-deux-jours\/203193\/","name":"Le personnel de la STEG en gr\u00e8ve de deux jours","isPartOf":{"@id":"https:\/\/www.webdo.tn\/fr\/#website"},"primaryImageOfPage":{"@id":"https:\/\/www.webdo.tn\/fr\/actualite\/national\/le-personnel-de-la-steg-en-greve-de-deux-jours\/203193\/#primaryimage"},"image":{"@id":"https:\/\/www.webdo.tn\/fr\/actualite\/national\/le-personnel-de-la-steg-en-greve-de-deux-jours\/203193\/#primaryimage"},"thumbnailUrl":"https:\/\/www.webdo.tn\/fr\/wp-content\/uploads\/2023\/02\/a7a0b086d89e10f1e23b42cc1f78dc92.jpg","datePublished":"2023-02-21T19:18:00+00:00","dateModified":"2025-05-20T22:07:38+00:00","description":"Les agents de la Soci\u00e9t\u00e9 tunisienne de l'\u00e9lectricit\u00e9 et du gaz (STEG) observent, \u00e0 partir de demain, mercredi 22 f\u00e9vrier 2023, une gr\u00e8ve de deux jours pour reve...","breadcrumb":{"@id":"https:\/\/www.webdo.tn\/fr\/actualite\/national\/le-personnel-de-la-steg-en-greve-de-deux-jours\/203193\/#breadcrumb"},"inLanguage":"fr-FR","potentialAction":[{"@type":"ReadAction","target":["https:\/\/www.webdo.tn\/fr\/actualite\/national\/le-personnel-de-la-steg-en-greve-de-deux-jours\/203193\/"]}]},{"@type":"ImageObject","inLanguage":"fr-FR","@id":"https:\/\/www.webdo.tn\/fr\/actualite\/national\/le-personnel-de-la-steg-en-greve-de-deux-jours\/203193\/#primaryimage","url":"https:\/\/www.webdo.tn\/fr\/wp-content\/uploads\/2023\/02\/a7a0b086d89e10f1e23b42cc1f78dc92.jpg","contentUrl":"https:\/\/www.webdo.tn\/fr\/wp-content\/uploads\/2023\/02\/a7a0b086d89e10f1e23b42cc1f78dc92.jpg","width":600,"height":320,"caption":"Le personnel de la STEG en gr\u00e8ve de deux jours"},{"@type":"BreadcrumbList","@id":"https:\/\/www.webdo.tn\/fr\/actualite\/national\/le-personnel-de-la-steg-en-greve-de-deux-jours\/203193\/#breadcrumb","itemListElement":[{"@type":"ListItem","position":1,"name":"Accueil","item":"https:\/\/www.webdo.tn\/fr\/"},{"@type":"ListItem","position":2,"name":"Le personnel de la STEG en gr\u00e8ve de deux jours"}]},{"@type":"WebSite","@id":"https:\/\/www.webdo.tn\/fr\/#website","url":"https:\/\/www.webdo.tn\/fr\/","name":"webdo","description":"Tunisie - News en Tunisie et \u00e0 l&#039;international sur Webdo.tn","publisher":{"@id":"https:\/\/www.webdo.tn\/fr\/#organization"},"potentialAction":[{"@type":"SearchAction","target":{"@type":"EntryPoint","urlTemplate":"https:\/\/www.webdo.tn\/fr\/?s={search_term_string}"},"query-input":{"@type":"PropertyValueSpecification","valueRequired":true,"valueName":"search_term_string"}}],"inLanguage":"fr-FR"},{"@type":"Organization","@id":"https:\/\/www.webdo.tn\/fr\/#organization","name":"Webdo","alternateName":"Webdo.tn","url":"https:\/\/www.webdo.tn\/fr\/","logo":{"@type":"ImageObject","inLanguage":"fr-FR","@id":"https:\/\/www.webdo.tn\/fr\/#\/schema\/logo\/image\/","url":"https:\/\/www.webdo.tn\/fr\/wp-content\/uploads\/2025\/06\/Webdo-Tunisie_168377.jpg","contentUrl":"https:\/\/www.webdo.tn\/fr\/wp-content\/uploads\/2025\/06\/Webdo-Tunisie_168377.jpg","width":301,"height":301,"caption":"Webdo"},"image":{"@id":"https:\/\/www.webdo.tn\/fr\/#\/schema\/logo\/image\/"},"sameAs":["https:\/\/www.facebook.com\/webdotn","https:\/\/x.com\/webdo_tn"],"description":"Webdo est un m\u00e9dia num\u00e9rique tunisien fond\u00e9 en 2010, sp\u00e9cialis\u00e9 dans l\u2019actualit\u00e9 nationale et internationale, l\u2019\u00e9conomie, la soci\u00e9t\u00e9 et les analyses politiques. Le site s\u2019adresse \u00e0 un large public francophone et couvre l\u2019information tunisienne en temps r\u00e9el.","email":"redac@webdo.tn","legalName":"YNJ SARL","foundingDate":"2010-09-06","numberOfEmployees":{"@type":"QuantitativeValue","minValue":"11","maxValue":"50"}},{"@type":"Person","@id":"https:\/\/www.webdo.tn\/fr\/#\/schema\/person\/2c4929cbf5a809e3bd38617c6ce150f6","name":"MC","image":{"@type":"ImageObject","inLanguage":"fr-FR","@id":"https:\/\/secure.gravatar.com\/avatar\/a545bbb6f84efdd5553dbbc2895e3ca8f1d12c5215e00a041c9670b54aa9b18a?s=96&d=mm&r=g","url":"https:\/\/secure.gravatar.com\/avatar\/a545bbb6f84efdd5553dbbc2895e3ca8f1d12c5215e00a041c9670b54aa9b18a?s=96&d=mm&r=g","contentUrl":"https:\/\/secure.gravatar.com\/avatar\/a545bbb6f84efdd5553dbbc2895e3ca8f1d12c5215e00a041c9670b54aa9b18a?s=96&d=mm&r=g","caption":"MC"},"url":"https:\/\/www.webdo.tn\/fr\/actualite\/author\/mc\/"}]}},"_links":{"self":[{"href":"https:\/\/www.webdo.tn\/fr\/wp-json\/wp\/v2\/posts\/203193","targetHints":{"allow":["GET"]}}],"collection":[{"href":"https:\/\/www.webdo.tn\/fr\/wp-json\/wp\/v2\/posts"}],"about":[{"href":"https:\/\/www.webdo.tn\/fr\/wp-json\/wp\/v2\/types\/post"}],"author":[{"embeddable":true,"href":"https:\/\/www.webdo.tn\/fr\/wp-json\/wp\/v2\/users\/3162"}],"replies":[{"embeddable":true,"href":"https:\/\/www.webdo.tn\/fr\/wp-json\/wp\/v2\/comments?post=203193"}],"version-history":[{"count":0,"href":"https:\/\/www.webdo.tn\/fr\/wp-json\/wp\/v2\/posts\/203193\/revisions"}],"wp:featuredmedia":[{"embeddable":true,"href":"https:\/\/www.webdo.tn\/fr\/wp-json\/wp\/v2\/media\/277819"}],"wp:attachment":[{"href":"https:\/\/www.webdo.tn\/fr\/wp-json\/wp\/v2\/media?parent=203193"}],"wp:term":[{"taxonomy":"category","embeddable":true,"href":"https:\/\/www.webdo.tn\/fr\/wp-json\/wp\/v2\/categories?post=203193"},{"taxonomy":"post_tag","embeddable":true,"href":"https:\/\/www.webdo.tn\/fr\/wp-json\/wp\/v2\/tags?post=203193"}],"curies":[{"name":"wp","href":"https:\/\/api.w.org\/{rel}","templated":true}]}}