{"id":203180,"date":"2023-02-21T13:14:00","date_gmt":"2023-02-21T13:14:00","guid":{"rendered":"https:\/\/www.webdo.tn\/fr\/blog\/rached-ghannouchi-laisse-en-etat-de-liberte\/203180\/"},"modified":"2025-05-20T22:45:20","modified_gmt":"2025-05-20T22:45:20","slug":"rached-ghannouchi-laisse-en-etat-de-liberte","status":"publish","type":"post","link":"https:\/\/www.webdo.tn\/fr\/actualite\/national\/rached-ghannouchi-laisse-en-etat-de-liberte\/203180\/","title":{"rendered":"Rached Ghannouchi laiss\u00e9 en \u00e9tat de libert\u00e9"},"content":{"rendered":"<p>Apr\u00e8s son audition, ce mardi 21 f\u00e9vrier 2023, par le pole de lutte contre le terrorisme, le chef du parti Ennahdha Rached Ghannouchi a \u00e9t\u00e9 maintenu en \u00e9tat de libert\u00e9.<\/p>\n<p>\t\t\t\t\t\t\t\t\tSelon avocat Samir Dilou a confirm\u00e9 cette information, ajoutant que l\u2019affaire concerne une plainte contre Ghannouchi sur fond de certaines d\u00e9clarations.\u00a0<\/p>\n<p>Rached Ghannouchi a, en effet, comparu, ce mardi 21 f\u00e9vrier 2023, devant la Brigade des recherches et des investigations de l\u2019Aouina sans savoir de quoi il s\u2019agit exactement.<\/p>\n<p>Les sympathisants du chef du parti Ennahdha Rached Ghannouchi se sont rassembl\u00e9s ce mardi 21 f\u00e9vrier 2023 devant le p\u00f4le de lutte contre le terrorisme en signe de soutien.<\/p>\n<p>Le dirigeant au sein du front de salut Ahmed Nejib Chebbi \u00e9tait pr\u00e9sent sur place pour d\u00e9noncer ce qu\u2019il appelle des poursuites polici\u00e8res et des intimidations contre les opposants.<\/p>\n","protected":false},"excerpt":{"rendered":"<p>Apr\u00e8s son audition, ce mardi 21 f\u00e9vrier 2023, par le pole de lutte contre le terrorisme, le chef du parti Ennahdha Rached Ghannouchi a \u00e9t\u00e9 maintenu en \u00e9tat de l&#8230;<\/p>\n","protected":false},"author":3175,"featured_media":251925,"comment_status":"open","ping_status":"closed","sticky":false,"template":"","format":"standard","meta":{"footnotes":""},"categories":[44],"tags":[4127,2608],"class_list":["post-203180","post","type-post","status-publish","format-standard","has-post-thumbnail","hentry","category-national","tag-ghannouchi","tag-tunisie"],"yoast_head":"<!-- This site is optimized with the Yoast SEO Premium plugin v27.4 (Yoast SEO v27.5) - https:\/\/yoast.com\/product\/yoast-seo-premium-wordpress\/ -->\n<title>Rached Ghannouchi laiss\u00e9 en \u00e9tat de libert\u00e9<\/title>\n<meta name=\"description\" content=\"Apr\u00e8s son audition, ce mardi 21 f\u00e9vrier 2023, par le pole de lutte contre le terrorisme, le chef du parti Ennahdha Rached Ghannouchi a \u00e9t\u00e9 maintenu en \u00e9tat de l...\" \/>\n<link rel=\"canonical\" href=\"https:\/\/www.webdo.tn\/fr\/actualite\/national\/rached-ghannouchi-laisse-en-etat-de-liberte\/203180\/\" \/>\n<meta property=\"og:locale\" content=\"fr_FR\" \/>\n<meta property=\"og:type\" content=\"article\" \/>\n<meta property=\"og:title\" content=\"Rached Ghannouchi laiss\u00e9 en \u00e9tat de libert\u00e9\" \/>\n<meta property=\"og:description\" content=\"Apr\u00e8s son audition, ce mardi 21 f\u00e9vrier 2023, par le pole de lutte contre le terrorisme, le chef du parti Ennahdha Rached Ghannouchi a \u00e9t\u00e9 maintenu en \u00e9tat de l...\" \/>\n<meta property=\"og:url\" content=\"https:\/\/www.webdo.tn\/fr\/actualite\/national\/rached-ghannouchi-laisse-en-etat-de-liberte\/203180\/\" \/>\n<meta property=\"og:site_name\" content=\"webdo\" \/>\n<meta property=\"article:publisher\" content=\"https:\/\/www.facebook.com\/webdotn\" \/>\n<meta property=\"article:published_time\" content=\"2023-02-21T13:14:00+00:00\" \/>\n<meta property=\"article:modified_time\" content=\"2025-05-20T22:45:20+00:00\" \/>\n<meta property=\"og:image\" content=\"https:\/\/www.webdo.tn\/fr\/wp-content\/uploads\/2023\/02\/ee7dd86ba9fe7b8b6a2146e96e1599fb.jpg\" \/>\n\t<meta property=\"og:image:width\" content=\"750\" \/>\n\t<meta property=\"og:image:height\" content=\"400\" \/>\n\t<meta property=\"og:image:type\" content=\"image\/jpeg\" \/>\n<meta name=\"author\" content=\"CL\" \/>\n<meta name=\"twitter:card\" content=\"summary_large_image\" \/>\n<meta name=\"twitter:creator\" content=\"@webdo_tn\" \/>\n<meta name=\"twitter:site\" content=\"@webdo_tn\" \/>\n<meta name=\"twitter:label1\" content=\"\u00c9crit par\" \/>\n\t<meta name=\"twitter:data1\" content=\"CL\" \/>\n\t<meta name=\"twitter:label2\" content=\"Dur\u00e9e de lecture estim\u00e9e\" \/>\n\t<meta name=\"twitter:data2\" content=\"1 minute\" \/>\n<script type=\"application\/ld+json\" class=\"yoast-schema-graph\">{\"@context\":\"https:\\\/\\\/schema.org\",\"@graph\":[{\"@type\":\"NewsArticle\",\"@id\":\"https:\\\/\\\/www.webdo.tn\\\/fr\\\/actualite\\\/national\\\/rached-ghannouchi-laisse-en-etat-de-liberte\\\/203180\\\/#article\",\"isPartOf\":{\"@id\":\"https:\\\/\\\/www.webdo.tn\\\/fr\\\/actualite\\\/national\\\/rached-ghannouchi-laisse-en-etat-de-liberte\\\/203180\\\/\"},\"author\":{\"name\":\"CL\",\"@id\":\"https:\\\/\\\/www.webdo.tn\\\/fr\\\/#\\\/schema\\\/person\\\/f35b42a42c5e2511bbd282959d6385cc\"},\"headline\":\"Rached Ghannouchi laiss\u00e9 en \u00e9tat de libert\u00e9\",\"datePublished\":\"2023-02-21T13:14:00+00:00\",\"dateModified\":\"2025-05-20T22:45:20+00:00\",\"mainEntityOfPage\":{\"@id\":\"https:\\\/\\\/www.webdo.tn\\\/fr\\\/actualite\\\/national\\\/rached-ghannouchi-laisse-en-etat-de-liberte\\\/203180\\\/\"},\"wordCount\":152,\"commentCount\":0,\"publisher\":{\"@id\":\"https:\\\/\\\/www.webdo.tn\\\/fr\\\/#organization\"},\"image\":{\"@id\":\"https:\\\/\\\/www.webdo.tn\\\/fr\\\/actualite\\\/national\\\/rached-ghannouchi-laisse-en-etat-de-liberte\\\/203180\\\/#primaryimage\"},\"thumbnailUrl\":\"https:\\\/\\\/www.webdo.tn\\\/fr\\\/wp-content\\\/uploads\\\/2023\\\/02\\\/ee7dd86ba9fe7b8b6a2146e96e1599fb.jpg\",\"keywords\":[\"Ghannouchi\",\"Tunisie\"],\"articleSection\":[\"National\"],\"inLanguage\":\"fr-FR\"},{\"@type\":\"WebPage\",\"@id\":\"https:\\\/\\\/www.webdo.tn\\\/fr\\\/actualite\\\/national\\\/rached-ghannouchi-laisse-en-etat-de-liberte\\\/203180\\\/\",\"url\":\"https:\\\/\\\/www.webdo.tn\\\/fr\\\/actualite\\\/national\\\/rached-ghannouchi-laisse-en-etat-de-liberte\\\/203180\\\/\",\"name\":\"Rached Ghannouchi laiss\u00e9 en \u00e9tat de libert\u00e9\",\"isPartOf\":{\"@id\":\"https:\\\/\\\/www.webdo.tn\\\/fr\\\/#website\"},\"primaryImageOfPage\":{\"@id\":\"https:\\\/\\\/www.webdo.tn\\\/fr\\\/actualite\\\/national\\\/rached-ghannouchi-laisse-en-etat-de-liberte\\\/203180\\\/#primaryimage\"},\"image\":{\"@id\":\"https:\\\/\\\/www.webdo.tn\\\/fr\\\/actualite\\\/national\\\/rached-ghannouchi-laisse-en-etat-de-liberte\\\/203180\\\/#primaryimage\"},\"thumbnailUrl\":\"https:\\\/\\\/www.webdo.tn\\\/fr\\\/wp-content\\\/uploads\\\/2023\\\/02\\\/ee7dd86ba9fe7b8b6a2146e96e1599fb.jpg\",\"datePublished\":\"2023-02-21T13:14:00+00:00\",\"dateModified\":\"2025-05-20T22:45:20+00:00\",\"description\":\"Apr\u00e8s son audition, ce mardi 21 f\u00e9vrier 2023, par le pole de lutte contre le terrorisme, le chef du parti Ennahdha Rached Ghannouchi a \u00e9t\u00e9 maintenu en \u00e9tat de l...\",\"breadcrumb\":{\"@id\":\"https:\\\/\\\/www.webdo.tn\\\/fr\\\/actualite\\\/national\\\/rached-ghannouchi-laisse-en-etat-de-liberte\\\/203180\\\/#breadcrumb\"},\"inLanguage\":\"fr-FR\",\"potentialAction\":[{\"@type\":\"ReadAction\",\"target\":[\"https:\\\/\\\/www.webdo.tn\\\/fr\\\/actualite\\\/national\\\/rached-ghannouchi-laisse-en-etat-de-liberte\\\/203180\\\/\"]}]},{\"@type\":\"ImageObject\",\"inLanguage\":\"fr-FR\",\"@id\":\"https:\\\/\\\/www.webdo.tn\\\/fr\\\/actualite\\\/national\\\/rached-ghannouchi-laisse-en-etat-de-liberte\\\/203180\\\/#primaryimage\",\"url\":\"https:\\\/\\\/www.webdo.tn\\\/fr\\\/wp-content\\\/uploads\\\/2023\\\/02\\\/ee7dd86ba9fe7b8b6a2146e96e1599fb.jpg\",\"contentUrl\":\"https:\\\/\\\/www.webdo.tn\\\/fr\\\/wp-content\\\/uploads\\\/2023\\\/02\\\/ee7dd86ba9fe7b8b6a2146e96e1599fb.jpg\",\"width\":750,\"height\":400,\"caption\":\"Rached Ghannouchi laiss\u00e9 en \u00e9tat de libert\u00e9\"},{\"@type\":\"BreadcrumbList\",\"@id\":\"https:\\\/\\\/www.webdo.tn\\\/fr\\\/actualite\\\/national\\\/rached-ghannouchi-laisse-en-etat-de-liberte\\\/203180\\\/#breadcrumb\",\"itemListElement\":[{\"@type\":\"ListItem\",\"position\":1,\"name\":\"Accueil\",\"item\":\"https:\\\/\\\/www.webdo.tn\\\/fr\\\/\"},{\"@type\":\"ListItem\",\"position\":2,\"name\":\"Rached Ghannouchi laiss\u00e9 en \u00e9tat de libert\u00e9\"}]},{\"@type\":\"WebSite\",\"@id\":\"https:\\\/\\\/www.webdo.tn\\\/fr\\\/#website\",\"url\":\"https:\\\/\\\/www.webdo.tn\\\/fr\\\/\",\"name\":\"webdo\",\"description\":\"Tunisie - News en Tunisie et \u00e0 l&#039;international sur Webdo.tn\",\"publisher\":{\"@id\":\"https:\\\/\\\/www.webdo.tn\\\/fr\\\/#organization\"},\"potentialAction\":[{\"@type\":\"SearchAction\",\"target\":{\"@type\":\"EntryPoint\",\"urlTemplate\":\"https:\\\/\\\/www.webdo.tn\\\/fr\\\/?s={search_term_string}\"},\"query-input\":{\"@type\":\"PropertyValueSpecification\",\"valueRequired\":true,\"valueName\":\"search_term_string\"}}],\"inLanguage\":\"fr-FR\"},{\"@type\":\"Organization\",\"@id\":\"https:\\\/\\\/www.webdo.tn\\\/fr\\\/#organization\",\"name\":\"Webdo\",\"alternateName\":\"Webdo.tn\",\"url\":\"https:\\\/\\\/www.webdo.tn\\\/fr\\\/\",\"logo\":{\"@type\":\"ImageObject\",\"inLanguage\":\"fr-FR\",\"@id\":\"https:\\\/\\\/www.webdo.tn\\\/fr\\\/#\\\/schema\\\/logo\\\/image\\\/\",\"url\":\"https:\\\/\\\/www.webdo.tn\\\/fr\\\/wp-content\\\/uploads\\\/2025\\\/06\\\/Webdo-Tunisie_168377.jpg\",\"contentUrl\":\"https:\\\/\\\/www.webdo.tn\\\/fr\\\/wp-content\\\/uploads\\\/2025\\\/06\\\/Webdo-Tunisie_168377.jpg\",\"width\":301,\"height\":301,\"caption\":\"Webdo\"},\"image\":{\"@id\":\"https:\\\/\\\/www.webdo.tn\\\/fr\\\/#\\\/schema\\\/logo\\\/image\\\/\"},\"sameAs\":[\"https:\\\/\\\/www.facebook.com\\\/webdotn\",\"https:\\\/\\\/x.com\\\/webdo_tn\"],\"description\":\"Webdo est un m\u00e9dia num\u00e9rique tunisien fond\u00e9 en 2010, sp\u00e9cialis\u00e9 dans l\u2019actualit\u00e9 nationale et internationale, l\u2019\u00e9conomie, la soci\u00e9t\u00e9 et les analyses politiques. Le site s\u2019adresse \u00e0 un large public francophone et couvre l\u2019information tunisienne en temps r\u00e9el.\",\"email\":\"redac@webdo.tn\",\"legalName\":\"YNJ SARL\",\"foundingDate\":\"2010-09-06\",\"numberOfEmployees\":{\"@type\":\"QuantitativeValue\",\"minValue\":\"11\",\"maxValue\":\"50\"}},{\"@type\":\"Person\",\"@id\":\"https:\\\/\\\/www.webdo.tn\\\/fr\\\/#\\\/schema\\\/person\\\/f35b42a42c5e2511bbd282959d6385cc\",\"name\":\"CL\",\"image\":{\"@type\":\"ImageObject\",\"inLanguage\":\"fr-FR\",\"@id\":\"https:\\\/\\\/secure.gravatar.com\\\/avatar\\\/1447a49909b67aa657c488aec6512e1dd6143a480c1ecfee9b5b5cd74eb3b59e?s=96&d=mm&r=g\",\"url\":\"https:\\\/\\\/secure.gravatar.com\\\/avatar\\\/1447a49909b67aa657c488aec6512e1dd6143a480c1ecfee9b5b5cd74eb3b59e?s=96&d=mm&r=g\",\"contentUrl\":\"https:\\\/\\\/secure.gravatar.com\\\/avatar\\\/1447a49909b67aa657c488aec6512e1dd6143a480c1ecfee9b5b5cd74eb3b59e?s=96&d=mm&r=g\",\"caption\":\"CL\"},\"url\":\"https:\\\/\\\/www.webdo.tn\\\/fr\\\/actualite\\\/author\\\/cl\\\/\"}]}<\/script>\n<!-- \/ Yoast SEO Premium plugin. -->","yoast_head_json":{"title":"Rached Ghannouchi laiss\u00e9 en \u00e9tat de libert\u00e9","description":"Apr\u00e8s son audition, ce mardi 21 f\u00e9vrier 2023, par le pole de lutte contre le terrorisme, le chef du parti Ennahdha Rached Ghannouchi a \u00e9t\u00e9 maintenu en \u00e9tat de l...","canonical":"https:\/\/www.webdo.tn\/fr\/actualite\/national\/rached-ghannouchi-laisse-en-etat-de-liberte\/203180\/","og_locale":"fr_FR","og_type":"article","og_title":"Rached Ghannouchi laiss\u00e9 en \u00e9tat de libert\u00e9","og_description":"Apr\u00e8s son audition, ce mardi 21 f\u00e9vrier 2023, par le pole de lutte contre le terrorisme, le chef du parti Ennahdha Rached Ghannouchi a \u00e9t\u00e9 maintenu en \u00e9tat de l...","og_url":"https:\/\/www.webdo.tn\/fr\/actualite\/national\/rached-ghannouchi-laisse-en-etat-de-liberte\/203180\/","og_site_name":"webdo","article_publisher":"https:\/\/www.facebook.com\/webdotn","article_published_time":"2023-02-21T13:14:00+00:00","article_modified_time":"2025-05-20T22:45:20+00:00","og_image":[{"width":750,"height":400,"url":"https:\/\/www.webdo.tn\/fr\/wp-content\/uploads\/2023\/02\/ee7dd86ba9fe7b8b6a2146e96e1599fb.jpg","type":"image\/jpeg"}],"author":"CL","twitter_card":"summary_large_image","twitter_creator":"@webdo_tn","twitter_site":"@webdo_tn","twitter_misc":{"\u00c9crit par":"CL","Dur\u00e9e de lecture estim\u00e9e":"1 minute"},"schema":{"@context":"https:\/\/schema.org","@graph":[{"@type":"NewsArticle","@id":"https:\/\/www.webdo.tn\/fr\/actualite\/national\/rached-ghannouchi-laisse-en-etat-de-liberte\/203180\/#article","isPartOf":{"@id":"https:\/\/www.webdo.tn\/fr\/actualite\/national\/rached-ghannouchi-laisse-en-etat-de-liberte\/203180\/"},"author":{"name":"CL","@id":"https:\/\/www.webdo.tn\/fr\/#\/schema\/person\/f35b42a42c5e2511bbd282959d6385cc"},"headline":"Rached Ghannouchi laiss\u00e9 en \u00e9tat de libert\u00e9","datePublished":"2023-02-21T13:14:00+00:00","dateModified":"2025-05-20T22:45:20+00:00","mainEntityOfPage":{"@id":"https:\/\/www.webdo.tn\/fr\/actualite\/national\/rached-ghannouchi-laisse-en-etat-de-liberte\/203180\/"},"wordCount":152,"commentCount":0,"publisher":{"@id":"https:\/\/www.webdo.tn\/fr\/#organization"},"image":{"@id":"https:\/\/www.webdo.tn\/fr\/actualite\/national\/rached-ghannouchi-laisse-en-etat-de-liberte\/203180\/#primaryimage"},"thumbnailUrl":"https:\/\/www.webdo.tn\/fr\/wp-content\/uploads\/2023\/02\/ee7dd86ba9fe7b8b6a2146e96e1599fb.jpg","keywords":["Ghannouchi","Tunisie"],"articleSection":["National"],"inLanguage":"fr-FR"},{"@type":"WebPage","@id":"https:\/\/www.webdo.tn\/fr\/actualite\/national\/rached-ghannouchi-laisse-en-etat-de-liberte\/203180\/","url":"https:\/\/www.webdo.tn\/fr\/actualite\/national\/rached-ghannouchi-laisse-en-etat-de-liberte\/203180\/","name":"Rached Ghannouchi laiss\u00e9 en \u00e9tat de libert\u00e9","isPartOf":{"@id":"https:\/\/www.webdo.tn\/fr\/#website"},"primaryImageOfPage":{"@id":"https:\/\/www.webdo.tn\/fr\/actualite\/national\/rached-ghannouchi-laisse-en-etat-de-liberte\/203180\/#primaryimage"},"image":{"@id":"https:\/\/www.webdo.tn\/fr\/actualite\/national\/rached-ghannouchi-laisse-en-etat-de-liberte\/203180\/#primaryimage"},"thumbnailUrl":"https:\/\/www.webdo.tn\/fr\/wp-content\/uploads\/2023\/02\/ee7dd86ba9fe7b8b6a2146e96e1599fb.jpg","datePublished":"2023-02-21T13:14:00+00:00","dateModified":"2025-05-20T22:45:20+00:00","description":"Apr\u00e8s son audition, ce mardi 21 f\u00e9vrier 2023, par le pole de lutte contre le terrorisme, le chef du parti Ennahdha Rached Ghannouchi a \u00e9t\u00e9 maintenu en \u00e9tat de l...","breadcrumb":{"@id":"https:\/\/www.webdo.tn\/fr\/actualite\/national\/rached-ghannouchi-laisse-en-etat-de-liberte\/203180\/#breadcrumb"},"inLanguage":"fr-FR","potentialAction":[{"@type":"ReadAction","target":["https:\/\/www.webdo.tn\/fr\/actualite\/national\/rached-ghannouchi-laisse-en-etat-de-liberte\/203180\/"]}]},{"@type":"ImageObject","inLanguage":"fr-FR","@id":"https:\/\/www.webdo.tn\/fr\/actualite\/national\/rached-ghannouchi-laisse-en-etat-de-liberte\/203180\/#primaryimage","url":"https:\/\/www.webdo.tn\/fr\/wp-content\/uploads\/2023\/02\/ee7dd86ba9fe7b8b6a2146e96e1599fb.jpg","contentUrl":"https:\/\/www.webdo.tn\/fr\/wp-content\/uploads\/2023\/02\/ee7dd86ba9fe7b8b6a2146e96e1599fb.jpg","width":750,"height":400,"caption":"Rached Ghannouchi laiss\u00e9 en \u00e9tat de libert\u00e9"},{"@type":"BreadcrumbList","@id":"https:\/\/www.webdo.tn\/fr\/actualite\/national\/rached-ghannouchi-laisse-en-etat-de-liberte\/203180\/#breadcrumb","itemListElement":[{"@type":"ListItem","position":1,"name":"Accueil","item":"https:\/\/www.webdo.tn\/fr\/"},{"@type":"ListItem","position":2,"name":"Rached Ghannouchi laiss\u00e9 en \u00e9tat de libert\u00e9"}]},{"@type":"WebSite","@id":"https:\/\/www.webdo.tn\/fr\/#website","url":"https:\/\/www.webdo.tn\/fr\/","name":"webdo","description":"Tunisie - News en Tunisie et \u00e0 l&#039;international sur Webdo.tn","publisher":{"@id":"https:\/\/www.webdo.tn\/fr\/#organization"},"potentialAction":[{"@type":"SearchAction","target":{"@type":"EntryPoint","urlTemplate":"https:\/\/www.webdo.tn\/fr\/?s={search_term_string}"},"query-input":{"@type":"PropertyValueSpecification","valueRequired":true,"valueName":"search_term_string"}}],"inLanguage":"fr-FR"},{"@type":"Organization","@id":"https:\/\/www.webdo.tn\/fr\/#organization","name":"Webdo","alternateName":"Webdo.tn","url":"https:\/\/www.webdo.tn\/fr\/","logo":{"@type":"ImageObject","inLanguage":"fr-FR","@id":"https:\/\/www.webdo.tn\/fr\/#\/schema\/logo\/image\/","url":"https:\/\/www.webdo.tn\/fr\/wp-content\/uploads\/2025\/06\/Webdo-Tunisie_168377.jpg","contentUrl":"https:\/\/www.webdo.tn\/fr\/wp-content\/uploads\/2025\/06\/Webdo-Tunisie_168377.jpg","width":301,"height":301,"caption":"Webdo"},"image":{"@id":"https:\/\/www.webdo.tn\/fr\/#\/schema\/logo\/image\/"},"sameAs":["https:\/\/www.facebook.com\/webdotn","https:\/\/x.com\/webdo_tn"],"description":"Webdo est un m\u00e9dia num\u00e9rique tunisien fond\u00e9 en 2010, sp\u00e9cialis\u00e9 dans l\u2019actualit\u00e9 nationale et internationale, l\u2019\u00e9conomie, la soci\u00e9t\u00e9 et les analyses politiques. Le site s\u2019adresse \u00e0 un large public francophone et couvre l\u2019information tunisienne en temps r\u00e9el.","email":"redac@webdo.tn","legalName":"YNJ SARL","foundingDate":"2010-09-06","numberOfEmployees":{"@type":"QuantitativeValue","minValue":"11","maxValue":"50"}},{"@type":"Person","@id":"https:\/\/www.webdo.tn\/fr\/#\/schema\/person\/f35b42a42c5e2511bbd282959d6385cc","name":"CL","image":{"@type":"ImageObject","inLanguage":"fr-FR","@id":"https:\/\/secure.gravatar.com\/avatar\/1447a49909b67aa657c488aec6512e1dd6143a480c1ecfee9b5b5cd74eb3b59e?s=96&d=mm&r=g","url":"https:\/\/secure.gravatar.com\/avatar\/1447a49909b67aa657c488aec6512e1dd6143a480c1ecfee9b5b5cd74eb3b59e?s=96&d=mm&r=g","contentUrl":"https:\/\/secure.gravatar.com\/avatar\/1447a49909b67aa657c488aec6512e1dd6143a480c1ecfee9b5b5cd74eb3b59e?s=96&d=mm&r=g","caption":"CL"},"url":"https:\/\/www.webdo.tn\/fr\/actualite\/author\/cl\/"}]}},"_links":{"self":[{"href":"https:\/\/www.webdo.tn\/fr\/wp-json\/wp\/v2\/posts\/203180","targetHints":{"allow":["GET"]}}],"collection":[{"href":"https:\/\/www.webdo.tn\/fr\/wp-json\/wp\/v2\/posts"}],"about":[{"href":"https:\/\/www.webdo.tn\/fr\/wp-json\/wp\/v2\/types\/post"}],"author":[{"embeddable":true,"href":"https:\/\/www.webdo.tn\/fr\/wp-json\/wp\/v2\/users\/3175"}],"replies":[{"embeddable":true,"href":"https:\/\/www.webdo.tn\/fr\/wp-json\/wp\/v2\/comments?post=203180"}],"version-history":[{"count":0,"href":"https:\/\/www.webdo.tn\/fr\/wp-json\/wp\/v2\/posts\/203180\/revisions"}],"wp:featuredmedia":[{"embeddable":true,"href":"https:\/\/www.webdo.tn\/fr\/wp-json\/wp\/v2\/media\/251925"}],"wp:attachment":[{"href":"https:\/\/www.webdo.tn\/fr\/wp-json\/wp\/v2\/media?parent=203180"}],"wp:term":[{"taxonomy":"category","embeddable":true,"href":"https:\/\/www.webdo.tn\/fr\/wp-json\/wp\/v2\/categories?post=203180"},{"taxonomy":"post_tag","embeddable":true,"href":"https:\/\/www.webdo.tn\/fr\/wp-json\/wp\/v2\/tags?post=203180"}],"curies":[{"name":"wp","href":"https:\/\/api.w.org\/{rel}","templated":true}]}}