{"id":203172,"date":"2023-02-21T11:31:00","date_gmt":"2023-02-21T11:31:00","guid":{"rendered":"https:\/\/www.webdo.tn\/fr\/blog\/quand-nos-chats-prennent-le-large\/203172\/"},"modified":"2025-05-20T22:58:45","modified_gmt":"2025-05-20T22:58:45","slug":"quand-nos-chats-prennent-le-large","status":"publish","type":"post","link":"https:\/\/www.webdo.tn\/fr\/actualite\/chroniques\/quand-nos-chats-prennent-le-large\/203172\/","title":{"rendered":"Quand nos chats prennent le large !"},"content":{"rendered":"<p>Cet instantan\u00e9 a \u00e9t\u00e9 pris, le 22 f\u00e9vrier, au vieux port de Bizerte, 24 heures seulement apr\u00e8s l\u2019op\u00e9ration d\u2019\u00e9migration clandestine organis\u00e9e au large de la localit\u00e9 d\u2019El Houichette par un groupe de jeunes.<\/p>\n<p>\t\t\t\t\t\t\t\t\tQu\u2019est-ce qui pourrait motiver des chats \u00e0 l\u2019id\u00e9e de laisser leur territoire et leur ville natale et rejoindre les c\u00f4tes italiennes ? Le manque de nourriture, la chert\u00e9 de la vie ou encore le manque d\u2019attention de la part d\u2019Associations de protection de l\u2019animal ?<\/p>\n<p>Et puis, pourquoi ont-ils choisi d\u2019\u00e9migrer sur une embarcation de fortune au lieu d\u2019emprunter l\u2019avion ? Les deux chats s\u2019expliquent, au micro de Rai Uno, non sans un petit pincement au c\u0153ur :<\/p>\n<p>\u00ab\u00a0Nous aurions bien aim\u00e9 voyager l\u00e9galement depuis la Tunisie, malheureusement notre demande d\u2019octroi de visa a \u00e9t\u00e9 rejet\u00e9e par les services de TLScontact pour absence de vaccination\u00a0\u00bb.<\/p>\n<p>Pour la petite histoire, les deux chats ont r\u00e9ussi dans leur tentative de joindre les c\u00f4tes italiennes \u00e0 la nage apr\u00e8s que leur felouque a coul\u00e9 au niveau de la Galite. Ils sont aujourd\u2019hui adopt\u00e9s par une famille en Sardaigne.<\/p>\n<p>N\u2019oubliez surtout pas que \u00ab\u00a0le chat est domestique seulement pour parvenir \u00e0 ses fins\u00a0\u00bb.<\/p>\n","protected":false},"excerpt":{"rendered":"<p>Cet instantan\u00e9 a \u00e9t\u00e9 pris, le 22 f\u00e9vrier, au vieux port de Bizerte, 24 heures seulement apr\u00e8s l\u2019op\u00e9ration d\u2019\u00e9migration clandestine organis\u00e9e au large de la loca&#8230;<\/p>\n","protected":false},"author":3188,"featured_media":251920,"comment_status":"open","ping_status":"closed","sticky":false,"template":"","format":"standard","meta":{"footnotes":""},"categories":[2596],"tags":[7055,2660,2608],"class_list":["post-203172","post","type-post","status-publish","format-standard","has-post-thumbnail","hentry","category-chroniques","tag-emigration-irreguliere","tag-italie","tag-tunisie"],"yoast_head":"<!-- This site is optimized with the Yoast SEO Premium plugin v27.5 (Yoast SEO v27.5) - https:\/\/yoast.com\/product\/yoast-seo-premium-wordpress\/ -->\n<title>Quand nos chats prennent le large !<\/title>\n<meta name=\"description\" content=\"Cet instantan\u00e9 a \u00e9t\u00e9 pris, le 22 f\u00e9vrier, au vieux port de Bizerte, 24 heures seulement apr\u00e8s l\u2019op\u00e9ration d\u2019\u00e9migration clandestine organis\u00e9e au large de la loca...\" \/>\n<link rel=\"canonical\" href=\"https:\/\/www.webdo.tn\/fr\/actualite\/chroniques\/quand-nos-chats-prennent-le-large\/203172\/\" \/>\n<meta property=\"og:locale\" content=\"fr_FR\" \/>\n<meta property=\"og:type\" content=\"article\" \/>\n<meta property=\"og:title\" content=\"Quand nos chats prennent le large !\" \/>\n<meta property=\"og:description\" content=\"Cet instantan\u00e9 a \u00e9t\u00e9 pris, le 22 f\u00e9vrier, au vieux port de Bizerte, 24 heures seulement apr\u00e8s l\u2019op\u00e9ration d\u2019\u00e9migration clandestine organis\u00e9e au large de la loca...\" \/>\n<meta property=\"og:url\" content=\"https:\/\/www.webdo.tn\/fr\/actualite\/chroniques\/quand-nos-chats-prennent-le-large\/203172\/\" \/>\n<meta property=\"og:site_name\" content=\"webdo\" \/>\n<meta property=\"article:publisher\" content=\"https:\/\/www.facebook.com\/webdotn\" \/>\n<meta property=\"article:published_time\" content=\"2023-02-21T11:31:00+00:00\" \/>\n<meta property=\"article:modified_time\" content=\"2025-05-20T22:58:45+00:00\" \/>\n<meta property=\"og:image\" content=\"https:\/\/www.webdo.tn\/fr\/wp-content\/uploads\/2023\/02\/a44bc953e7175200db47498519c01bdc.jpg\" \/>\n\t<meta property=\"og:image:width\" content=\"750\" \/>\n\t<meta property=\"og:image:height\" content=\"400\" \/>\n\t<meta property=\"og:image:type\" content=\"image\/jpeg\" \/>\n<meta name=\"author\" content=\"Ramzi\" \/>\n<meta name=\"twitter:card\" content=\"summary_large_image\" \/>\n<meta name=\"twitter:creator\" content=\"@webdo_tn\" \/>\n<meta name=\"twitter:site\" content=\"@webdo_tn\" \/>\n<meta name=\"twitter:label1\" content=\"\u00c9crit par\" \/>\n\t<meta name=\"twitter:data1\" content=\"Ramzi\" \/>\n\t<meta name=\"twitter:label2\" content=\"Dur\u00e9e de lecture estim\u00e9e\" \/>\n\t<meta name=\"twitter:data2\" content=\"1 minute\" \/>\n<script type=\"application\/ld+json\" class=\"yoast-schema-graph\">{\"@context\":\"https:\\\/\\\/schema.org\",\"@graph\":[{\"@type\":\"NewsArticle\",\"@id\":\"https:\\\/\\\/www.webdo.tn\\\/fr\\\/actualite\\\/chroniques\\\/quand-nos-chats-prennent-le-large\\\/203172\\\/#article\",\"isPartOf\":{\"@id\":\"https:\\\/\\\/www.webdo.tn\\\/fr\\\/actualite\\\/chroniques\\\/quand-nos-chats-prennent-le-large\\\/203172\\\/\"},\"author\":{\"name\":\"Ramzi\",\"@id\":\"https:\\\/\\\/www.webdo.tn\\\/fr\\\/#\\\/schema\\\/person\\\/590cb5f81adcfde6385530fdbdf468e2\"},\"headline\":\"Quand nos chats prennent le large !\",\"datePublished\":\"2023-02-21T11:31:00+00:00\",\"dateModified\":\"2025-05-20T22:58:45+00:00\",\"mainEntityOfPage\":{\"@id\":\"https:\\\/\\\/www.webdo.tn\\\/fr\\\/actualite\\\/chroniques\\\/quand-nos-chats-prennent-le-large\\\/203172\\\/\"},\"wordCount\":217,\"commentCount\":0,\"publisher\":{\"@id\":\"https:\\\/\\\/www.webdo.tn\\\/fr\\\/#organization\"},\"image\":{\"@id\":\"https:\\\/\\\/www.webdo.tn\\\/fr\\\/actualite\\\/chroniques\\\/quand-nos-chats-prennent-le-large\\\/203172\\\/#primaryimage\"},\"thumbnailUrl\":\"https:\\\/\\\/www.webdo.tn\\\/fr\\\/wp-content\\\/uploads\\\/2023\\\/02\\\/a44bc953e7175200db47498519c01bdc.jpg\",\"keywords\":[\"\u00e9migration irr\u00e9guli\u00e8re\",\"Italie\",\"Tunisie\"],\"articleSection\":[\"Chroniques\"],\"inLanguage\":\"fr-FR\"},{\"@type\":\"WebPage\",\"@id\":\"https:\\\/\\\/www.webdo.tn\\\/fr\\\/actualite\\\/chroniques\\\/quand-nos-chats-prennent-le-large\\\/203172\\\/\",\"url\":\"https:\\\/\\\/www.webdo.tn\\\/fr\\\/actualite\\\/chroniques\\\/quand-nos-chats-prennent-le-large\\\/203172\\\/\",\"name\":\"Quand nos chats prennent le large !\",\"isPartOf\":{\"@id\":\"https:\\\/\\\/www.webdo.tn\\\/fr\\\/#website\"},\"primaryImageOfPage\":{\"@id\":\"https:\\\/\\\/www.webdo.tn\\\/fr\\\/actualite\\\/chroniques\\\/quand-nos-chats-prennent-le-large\\\/203172\\\/#primaryimage\"},\"image\":{\"@id\":\"https:\\\/\\\/www.webdo.tn\\\/fr\\\/actualite\\\/chroniques\\\/quand-nos-chats-prennent-le-large\\\/203172\\\/#primaryimage\"},\"thumbnailUrl\":\"https:\\\/\\\/www.webdo.tn\\\/fr\\\/wp-content\\\/uploads\\\/2023\\\/02\\\/a44bc953e7175200db47498519c01bdc.jpg\",\"datePublished\":\"2023-02-21T11:31:00+00:00\",\"dateModified\":\"2025-05-20T22:58:45+00:00\",\"description\":\"Cet instantan\u00e9 a \u00e9t\u00e9 pris, le 22 f\u00e9vrier, au vieux port de Bizerte, 24 heures seulement apr\u00e8s l\u2019op\u00e9ration d\u2019\u00e9migration clandestine organis\u00e9e au large de la loca...\",\"breadcrumb\":{\"@id\":\"https:\\\/\\\/www.webdo.tn\\\/fr\\\/actualite\\\/chroniques\\\/quand-nos-chats-prennent-le-large\\\/203172\\\/#breadcrumb\"},\"inLanguage\":\"fr-FR\",\"potentialAction\":[{\"@type\":\"ReadAction\",\"target\":[\"https:\\\/\\\/www.webdo.tn\\\/fr\\\/actualite\\\/chroniques\\\/quand-nos-chats-prennent-le-large\\\/203172\\\/\"]}]},{\"@type\":\"ImageObject\",\"inLanguage\":\"fr-FR\",\"@id\":\"https:\\\/\\\/www.webdo.tn\\\/fr\\\/actualite\\\/chroniques\\\/quand-nos-chats-prennent-le-large\\\/203172\\\/#primaryimage\",\"url\":\"https:\\\/\\\/www.webdo.tn\\\/fr\\\/wp-content\\\/uploads\\\/2023\\\/02\\\/a44bc953e7175200db47498519c01bdc.jpg\",\"contentUrl\":\"https:\\\/\\\/www.webdo.tn\\\/fr\\\/wp-content\\\/uploads\\\/2023\\\/02\\\/a44bc953e7175200db47498519c01bdc.jpg\",\"width\":750,\"height\":400,\"caption\":\"Quand nos chats prennent le large !\"},{\"@type\":\"BreadcrumbList\",\"@id\":\"https:\\\/\\\/www.webdo.tn\\\/fr\\\/actualite\\\/chroniques\\\/quand-nos-chats-prennent-le-large\\\/203172\\\/#breadcrumb\",\"itemListElement\":[{\"@type\":\"ListItem\",\"position\":1,\"name\":\"Accueil\",\"item\":\"https:\\\/\\\/www.webdo.tn\\\/fr\\\/\"},{\"@type\":\"ListItem\",\"position\":2,\"name\":\"Quand nos chats prennent le large !\"}]},{\"@type\":\"WebSite\",\"@id\":\"https:\\\/\\\/www.webdo.tn\\\/fr\\\/#website\",\"url\":\"https:\\\/\\\/www.webdo.tn\\\/fr\\\/\",\"name\":\"webdo\",\"description\":\"Tunisie - News en Tunisie et \u00e0 l&#039;international sur Webdo.tn\",\"publisher\":{\"@id\":\"https:\\\/\\\/www.webdo.tn\\\/fr\\\/#organization\"},\"potentialAction\":[{\"@type\":\"SearchAction\",\"target\":{\"@type\":\"EntryPoint\",\"urlTemplate\":\"https:\\\/\\\/www.webdo.tn\\\/fr\\\/?s={search_term_string}\"},\"query-input\":{\"@type\":\"PropertyValueSpecification\",\"valueRequired\":true,\"valueName\":\"search_term_string\"}}],\"inLanguage\":\"fr-FR\"},{\"@type\":\"Organization\",\"@id\":\"https:\\\/\\\/www.webdo.tn\\\/fr\\\/#organization\",\"name\":\"Webdo\",\"alternateName\":\"Webdo.tn\",\"url\":\"https:\\\/\\\/www.webdo.tn\\\/fr\\\/\",\"logo\":{\"@type\":\"ImageObject\",\"inLanguage\":\"fr-FR\",\"@id\":\"https:\\\/\\\/www.webdo.tn\\\/fr\\\/#\\\/schema\\\/logo\\\/image\\\/\",\"url\":\"https:\\\/\\\/www.webdo.tn\\\/fr\\\/wp-content\\\/uploads\\\/2025\\\/06\\\/Webdo-Tunisie_168377.jpg\",\"contentUrl\":\"https:\\\/\\\/www.webdo.tn\\\/fr\\\/wp-content\\\/uploads\\\/2025\\\/06\\\/Webdo-Tunisie_168377.jpg\",\"width\":301,\"height\":301,\"caption\":\"Webdo\"},\"image\":{\"@id\":\"https:\\\/\\\/www.webdo.tn\\\/fr\\\/#\\\/schema\\\/logo\\\/image\\\/\"},\"sameAs\":[\"https:\\\/\\\/www.facebook.com\\\/webdotn\",\"https:\\\/\\\/x.com\\\/webdo_tn\"],\"description\":\"Webdo est un m\u00e9dia num\u00e9rique tunisien fond\u00e9 en 2010, sp\u00e9cialis\u00e9 dans l\u2019actualit\u00e9 nationale et internationale, l\u2019\u00e9conomie, la soci\u00e9t\u00e9 et les analyses politiques. Le site s\u2019adresse \u00e0 un large public francophone et couvre l\u2019information tunisienne en temps r\u00e9el.\",\"email\":\"redac@webdo.tn\",\"legalName\":\"YNJ SARL\",\"foundingDate\":\"2010-09-06\",\"numberOfEmployees\":{\"@type\":\"QuantitativeValue\",\"minValue\":\"11\",\"maxValue\":\"50\"}},{\"@type\":\"Person\",\"@id\":\"https:\\\/\\\/www.webdo.tn\\\/fr\\\/#\\\/schema\\\/person\\\/590cb5f81adcfde6385530fdbdf468e2\",\"name\":\"Ramzi\",\"image\":{\"@type\":\"ImageObject\",\"inLanguage\":\"fr-FR\",\"@id\":\"https:\\\/\\\/secure.gravatar.com\\\/avatar\\\/48df7d18915e10cf866ba8e27604c81ff9243fd52704a1d210c3e387e1cb8d87?s=96&d=mm&r=g\",\"url\":\"https:\\\/\\\/secure.gravatar.com\\\/avatar\\\/48df7d18915e10cf866ba8e27604c81ff9243fd52704a1d210c3e387e1cb8d87?s=96&d=mm&r=g\",\"contentUrl\":\"https:\\\/\\\/secure.gravatar.com\\\/avatar\\\/48df7d18915e10cf866ba8e27604c81ff9243fd52704a1d210c3e387e1cb8d87?s=96&d=mm&r=g\",\"caption\":\"Ramzi\"},\"url\":\"https:\\\/\\\/www.webdo.tn\\\/fr\\\/actualite\\\/author\\\/ramzi\\\/\"}]}<\/script>\n<!-- \/ Yoast SEO Premium plugin. -->","yoast_head_json":{"title":"Quand nos chats prennent le large !","description":"Cet instantan\u00e9 a \u00e9t\u00e9 pris, le 22 f\u00e9vrier, au vieux port de Bizerte, 24 heures seulement apr\u00e8s l\u2019op\u00e9ration d\u2019\u00e9migration clandestine organis\u00e9e au large de la loca...","canonical":"https:\/\/www.webdo.tn\/fr\/actualite\/chroniques\/quand-nos-chats-prennent-le-large\/203172\/","og_locale":"fr_FR","og_type":"article","og_title":"Quand nos chats prennent le large !","og_description":"Cet instantan\u00e9 a \u00e9t\u00e9 pris, le 22 f\u00e9vrier, au vieux port de Bizerte, 24 heures seulement apr\u00e8s l\u2019op\u00e9ration d\u2019\u00e9migration clandestine organis\u00e9e au large de la loca...","og_url":"https:\/\/www.webdo.tn\/fr\/actualite\/chroniques\/quand-nos-chats-prennent-le-large\/203172\/","og_site_name":"webdo","article_publisher":"https:\/\/www.facebook.com\/webdotn","article_published_time":"2023-02-21T11:31:00+00:00","article_modified_time":"2025-05-20T22:58:45+00:00","og_image":[{"width":750,"height":400,"url":"https:\/\/www.webdo.tn\/fr\/wp-content\/uploads\/2023\/02\/a44bc953e7175200db47498519c01bdc.jpg","type":"image\/jpeg"}],"author":"Ramzi","twitter_card":"summary_large_image","twitter_creator":"@webdo_tn","twitter_site":"@webdo_tn","twitter_misc":{"\u00c9crit par":"Ramzi","Dur\u00e9e de lecture estim\u00e9e":"1 minute"},"schema":{"@context":"https:\/\/schema.org","@graph":[{"@type":"NewsArticle","@id":"https:\/\/www.webdo.tn\/fr\/actualite\/chroniques\/quand-nos-chats-prennent-le-large\/203172\/#article","isPartOf":{"@id":"https:\/\/www.webdo.tn\/fr\/actualite\/chroniques\/quand-nos-chats-prennent-le-large\/203172\/"},"author":{"name":"Ramzi","@id":"https:\/\/www.webdo.tn\/fr\/#\/schema\/person\/590cb5f81adcfde6385530fdbdf468e2"},"headline":"Quand nos chats prennent le large !","datePublished":"2023-02-21T11:31:00+00:00","dateModified":"2025-05-20T22:58:45+00:00","mainEntityOfPage":{"@id":"https:\/\/www.webdo.tn\/fr\/actualite\/chroniques\/quand-nos-chats-prennent-le-large\/203172\/"},"wordCount":217,"commentCount":0,"publisher":{"@id":"https:\/\/www.webdo.tn\/fr\/#organization"},"image":{"@id":"https:\/\/www.webdo.tn\/fr\/actualite\/chroniques\/quand-nos-chats-prennent-le-large\/203172\/#primaryimage"},"thumbnailUrl":"https:\/\/www.webdo.tn\/fr\/wp-content\/uploads\/2023\/02\/a44bc953e7175200db47498519c01bdc.jpg","keywords":["\u00e9migration irr\u00e9guli\u00e8re","Italie","Tunisie"],"articleSection":["Chroniques"],"inLanguage":"fr-FR"},{"@type":"WebPage","@id":"https:\/\/www.webdo.tn\/fr\/actualite\/chroniques\/quand-nos-chats-prennent-le-large\/203172\/","url":"https:\/\/www.webdo.tn\/fr\/actualite\/chroniques\/quand-nos-chats-prennent-le-large\/203172\/","name":"Quand nos chats prennent le large !","isPartOf":{"@id":"https:\/\/www.webdo.tn\/fr\/#website"},"primaryImageOfPage":{"@id":"https:\/\/www.webdo.tn\/fr\/actualite\/chroniques\/quand-nos-chats-prennent-le-large\/203172\/#primaryimage"},"image":{"@id":"https:\/\/www.webdo.tn\/fr\/actualite\/chroniques\/quand-nos-chats-prennent-le-large\/203172\/#primaryimage"},"thumbnailUrl":"https:\/\/www.webdo.tn\/fr\/wp-content\/uploads\/2023\/02\/a44bc953e7175200db47498519c01bdc.jpg","datePublished":"2023-02-21T11:31:00+00:00","dateModified":"2025-05-20T22:58:45+00:00","description":"Cet instantan\u00e9 a \u00e9t\u00e9 pris, le 22 f\u00e9vrier, au vieux port de Bizerte, 24 heures seulement apr\u00e8s l\u2019op\u00e9ration d\u2019\u00e9migration clandestine organis\u00e9e au large de la loca...","breadcrumb":{"@id":"https:\/\/www.webdo.tn\/fr\/actualite\/chroniques\/quand-nos-chats-prennent-le-large\/203172\/#breadcrumb"},"inLanguage":"fr-FR","potentialAction":[{"@type":"ReadAction","target":["https:\/\/www.webdo.tn\/fr\/actualite\/chroniques\/quand-nos-chats-prennent-le-large\/203172\/"]}]},{"@type":"ImageObject","inLanguage":"fr-FR","@id":"https:\/\/www.webdo.tn\/fr\/actualite\/chroniques\/quand-nos-chats-prennent-le-large\/203172\/#primaryimage","url":"https:\/\/www.webdo.tn\/fr\/wp-content\/uploads\/2023\/02\/a44bc953e7175200db47498519c01bdc.jpg","contentUrl":"https:\/\/www.webdo.tn\/fr\/wp-content\/uploads\/2023\/02\/a44bc953e7175200db47498519c01bdc.jpg","width":750,"height":400,"caption":"Quand nos chats prennent le large !"},{"@type":"BreadcrumbList","@id":"https:\/\/www.webdo.tn\/fr\/actualite\/chroniques\/quand-nos-chats-prennent-le-large\/203172\/#breadcrumb","itemListElement":[{"@type":"ListItem","position":1,"name":"Accueil","item":"https:\/\/www.webdo.tn\/fr\/"},{"@type":"ListItem","position":2,"name":"Quand nos chats prennent le large !"}]},{"@type":"WebSite","@id":"https:\/\/www.webdo.tn\/fr\/#website","url":"https:\/\/www.webdo.tn\/fr\/","name":"webdo","description":"Tunisie - News en Tunisie et \u00e0 l&#039;international sur Webdo.tn","publisher":{"@id":"https:\/\/www.webdo.tn\/fr\/#organization"},"potentialAction":[{"@type":"SearchAction","target":{"@type":"EntryPoint","urlTemplate":"https:\/\/www.webdo.tn\/fr\/?s={search_term_string}"},"query-input":{"@type":"PropertyValueSpecification","valueRequired":true,"valueName":"search_term_string"}}],"inLanguage":"fr-FR"},{"@type":"Organization","@id":"https:\/\/www.webdo.tn\/fr\/#organization","name":"Webdo","alternateName":"Webdo.tn","url":"https:\/\/www.webdo.tn\/fr\/","logo":{"@type":"ImageObject","inLanguage":"fr-FR","@id":"https:\/\/www.webdo.tn\/fr\/#\/schema\/logo\/image\/","url":"https:\/\/www.webdo.tn\/fr\/wp-content\/uploads\/2025\/06\/Webdo-Tunisie_168377.jpg","contentUrl":"https:\/\/www.webdo.tn\/fr\/wp-content\/uploads\/2025\/06\/Webdo-Tunisie_168377.jpg","width":301,"height":301,"caption":"Webdo"},"image":{"@id":"https:\/\/www.webdo.tn\/fr\/#\/schema\/logo\/image\/"},"sameAs":["https:\/\/www.facebook.com\/webdotn","https:\/\/x.com\/webdo_tn"],"description":"Webdo est un m\u00e9dia num\u00e9rique tunisien fond\u00e9 en 2010, sp\u00e9cialis\u00e9 dans l\u2019actualit\u00e9 nationale et internationale, l\u2019\u00e9conomie, la soci\u00e9t\u00e9 et les analyses politiques. Le site s\u2019adresse \u00e0 un large public francophone et couvre l\u2019information tunisienne en temps r\u00e9el.","email":"redac@webdo.tn","legalName":"YNJ SARL","foundingDate":"2010-09-06","numberOfEmployees":{"@type":"QuantitativeValue","minValue":"11","maxValue":"50"}},{"@type":"Person","@id":"https:\/\/www.webdo.tn\/fr\/#\/schema\/person\/590cb5f81adcfde6385530fdbdf468e2","name":"Ramzi","image":{"@type":"ImageObject","inLanguage":"fr-FR","@id":"https:\/\/secure.gravatar.com\/avatar\/48df7d18915e10cf866ba8e27604c81ff9243fd52704a1d210c3e387e1cb8d87?s=96&d=mm&r=g","url":"https:\/\/secure.gravatar.com\/avatar\/48df7d18915e10cf866ba8e27604c81ff9243fd52704a1d210c3e387e1cb8d87?s=96&d=mm&r=g","contentUrl":"https:\/\/secure.gravatar.com\/avatar\/48df7d18915e10cf866ba8e27604c81ff9243fd52704a1d210c3e387e1cb8d87?s=96&d=mm&r=g","caption":"Ramzi"},"url":"https:\/\/www.webdo.tn\/fr\/actualite\/author\/ramzi\/"}]}},"_links":{"self":[{"href":"https:\/\/www.webdo.tn\/fr\/wp-json\/wp\/v2\/posts\/203172","targetHints":{"allow":["GET"]}}],"collection":[{"href":"https:\/\/www.webdo.tn\/fr\/wp-json\/wp\/v2\/posts"}],"about":[{"href":"https:\/\/www.webdo.tn\/fr\/wp-json\/wp\/v2\/types\/post"}],"author":[{"embeddable":true,"href":"https:\/\/www.webdo.tn\/fr\/wp-json\/wp\/v2\/users\/3188"}],"replies":[{"embeddable":true,"href":"https:\/\/www.webdo.tn\/fr\/wp-json\/wp\/v2\/comments?post=203172"}],"version-history":[{"count":0,"href":"https:\/\/www.webdo.tn\/fr\/wp-json\/wp\/v2\/posts\/203172\/revisions"}],"wp:featuredmedia":[{"embeddable":true,"href":"https:\/\/www.webdo.tn\/fr\/wp-json\/wp\/v2\/media\/251920"}],"wp:attachment":[{"href":"https:\/\/www.webdo.tn\/fr\/wp-json\/wp\/v2\/media?parent=203172"}],"wp:term":[{"taxonomy":"category","embeddable":true,"href":"https:\/\/www.webdo.tn\/fr\/wp-json\/wp\/v2\/categories?post=203172"},{"taxonomy":"post_tag","embeddable":true,"href":"https:\/\/www.webdo.tn\/fr\/wp-json\/wp\/v2\/tags?post=203172"}],"curies":[{"name":"wp","href":"https:\/\/api.w.org\/{rel}","templated":true}]}}