{"id":203169,"date":"2023-02-21T11:04:00","date_gmt":"2023-02-21T11:04:00","guid":{"rendered":"https:\/\/www.webdo.tn\/fr\/blog\/des-mots-que-chacun-aurait-pu-ecrire\/203169\/"},"modified":"2025-05-17T21:03:59","modified_gmt":"2025-05-17T21:03:59","slug":"des-mots-que-chacun-aurait-pu-ecrire","status":"publish","type":"post","link":"https:\/\/www.webdo.tn\/fr\/actualite\/chroniques\/des-mots-que-chacun-aurait-pu-ecrire\/203169\/","title":{"rendered":"Des mots que chacun aurait pu \u00e9crire"},"content":{"rendered":"<p>C&rsquo;est sous le signe de Victor Hugo que je voudrais placer la chronique de cette semaine. Ce sont quelques phrases, retrouv\u00e9es au fil d&rsquo;une lecture puis relues avec beaucoup d&rsquo;attention. Car certaines paroles mettent nos sens en \u00e9veil et nous invitent \u00e0 les savourer dans la profondeur. Voici les mots de Hugo que je voudrais partager :<\/p>\n<p>\t\t\t\t\t\t\t\t\t\u00ab\u00a0Tenter, braver, persister, pers\u00e9v\u00e9rer, s&rsquo;\u00eatre fid\u00e8le \u00e0 soi-m\u00eame, prendre corps \u00e0 corps le destin, \u00e9tonner la catastrophe par le peu de peur qu&rsquo;elle nous fait, tant\u00f4t affronter la puissance injuste, tant\u00f4t insulter la victoire ivre, tenir bon, tenir t\u00eate ; voil\u00e0 l&rsquo;exemple dont les peuples ont besoin, et la lumi\u00e8re qui les \u00e9lectrise.\u00a0\u00bb<\/p>\n<p>Tous ces mots tiennent en une seule phrase. Beaut\u00e9 de la langue fran\u00e7aise quand elle se d\u00e9ploie et se d\u00e9lie dans un seul souffle. \u00c0 d\u00e9faut de les avoir \u00e9crits, certains mots nous semblent couler de notre propre source. Comme si nous en \u00e9tions les auteurs. C&rsquo;est peut-\u00eatre pour cela que certaines citations nous parlent et que nous les adoptons.<\/p>\n<p>Il en est ainsi du floril\u00e8ge que je vous propose de d\u00e9couvrir. Des mots que chacun de nous aurait pu \u00e9crire et dans lesquels, immanquablement, nous nous retrouvons comme face \u00e0 un miroir. Il sera question d&rsquo;enfances, de rouge et de gris, de premi\u00e8res fois, de c\u0153urs ardents et de r\u00e9veils matinaux. Savourons donc ces p\u00e9pites d&rsquo;une infinie v\u00e9rit\u00e9 et d&rsquo;une tendresse si d\u00e9licate.<\/p>\n<p>**********<\/p>\n<p>Commen\u00e7ons par cet \u00e9loge destin\u00e9 \u00e0 une m\u00e8re qui sait faire la part des choses. \u00ab\u00a0Ma m\u00e8re \u00e9tait enseignante. Je me souviens d&rsquo;elle le soir, apr\u00e8s le d\u00eener, pench\u00e9e sur la m\u00eame table o\u00f9 se trouvaient nos assiettes juste avant, corrigeant les devoirs de ses \u00e9l\u00e8ves.<\/p>\n<p>Elle n&rsquo;utilisait pas le stylo rouge pour souligner les erreurs, mais avec un pastel vert clair, comme les premi\u00e8res feuilles timides du printemps.<\/p>\n<p>Un de ces soirs o\u00f9 je n&rsquo;avais pas sommeil et que j&rsquo;aimais \u00eatre \u00e0 c\u00f4t\u00e9 d&rsquo;elle en train de lire Mickey Mouse, je lui ai demand\u00e9 pourquoi cette couleur au lieu du rouge que tous les autres professeurs utilisaient.<br \/>\nElle r\u00e9pondit sans lever les yeux de ses feuilles :<\/p>\n<p>C&rsquo;est que dans les affaires des autres tu dois entrer sur la pointe des pieds. Surtout lorsque tu as la t\u00e2che de corriger leurs erreurs.<\/p>\n<p>Le rouge est un cri, une accusation \u00e0 laquelle on ne peut pas r\u00e9pondre qui dit \u00ab\u00a0tu t&rsquo;es tromp\u00e9\u00a0\u00bb avec le doigt point\u00e9 sur toi.<\/p>\n<p>Le vert est doux, comme un semis en croissance et qui a besoin d&rsquo;aide pour ce faire.<\/p>\n<p>Le vert ne d\u00e9molit pas, il soutient.<\/p>\n<p>C&rsquo;est vrai, c&rsquo;est sur la pointe des pieds que nous devrions corriger les erreurs, y compris les n\u00f4tres\u00a0\u00bb.<\/p>\n<p>Poursuivons avec ces mots d&rsquo;\u00c9ric Emmanuel Schmitt. \u00a0\u00bb J\u2019ai d\u00e9j\u00e0 eu plusieurs enfances. Et j\u2019en aurais encore d\u2019autres. Tout d\u00e9pend de l\u2019\u00e2ge auquel j\u2019en parlerai. On dit souvent que le pr\u00e9sent n\u2019existe qu\u2019en fonction du pass\u00e9.<\/p>\n<p>Certes, mais le pass\u00e9 n\u2019existe qu\u2019en fonction du pr\u00e9sent ! On fouille \u00e0 partir d\u2019un point de vue. Le regard qu\u2019on lance sur le r\u00e9volu reste le regard du moment, fait de soucis, de d\u00e9sirs, d\u2019obsessions imm\u00e9diates. Toute histoire est contemporaine. M\u00eame l\u2019histoire de notre pass\u00e9. Si l\u2019enfant est le p\u00e8re de l\u2019homme, l\u2019homme demeure le p\u00e8re de l\u2019enfant qu\u2019il cherche dans ses souvenirs.\u00a0\u00bb<\/p>\n<p>Passons \u00e0 Colette Fellous : \u00ab\u00a0Revisiter nos premi\u00e8res fois, nos premiers \u00e9tonnements, nos premi\u00e8res d\u00e9couvertes, nos premi\u00e8res peurs. Faire le tour de notre m\u00e9moire, comme on ferait le tour des plages, marcher pendant des heures infinies sur le m\u00eame sable, laisser son pied se creuser au bord de l&rsquo;eau, ne jamais oublier cette terre, laisser son empreinte avec celle de tous ceux qui ont \u00e9t\u00e9 embarqu\u00e9s dans le m\u00eame voyage, pour \u00eatre en paix avec notre histoire\u00a0\u00bb<\/p>\n<p>**********<\/p>\n<p>Nous serons nombreux \u00e0 avoir l&rsquo;impression d&rsquo;avoir \u00e9crit ce texte de Gilles Legardinier. Lisons plut\u00f4t. \u00ab\u00a0Je ne sais pas pour vous mais, au d\u00e9but de ma vie, il n&rsquo;y avait que deux sortes de personnes dans mon univers : celle que j&rsquo;adorais et celles que je d\u00e9testais.<\/p>\n<p>Mes meilleurs amis et mes pires ennemis. Ceux pour qui je suis pr\u00eate \u00e0 tout donner et ceux qui peuvent aller crever. Ensuite on grandit. Entre le noir et le blanc, on d\u00e9couvre le gris. On rencontre ceux qui ne sont pas vraiment des amis mais que l&rsquo;on aime quand m\u00eame un peu et ceux que l&rsquo;on prend pour des proches et qui n&rsquo;arr\u00eatent pas de vous planter des couteaux dans le dos\u00a0\u00bb.<\/p>\n<p>Monique Damel nous parle d&rsquo;un r\u00e9cipient int\u00e9rieur dans un texte qui ne peut que nous parler. \u00ab\u00a0Beaucoup de personnes reprochent aux autres le manque d\u2019amour dont ils sont victimes par rapport \u00e0 la dose qu&rsquo;ils souhaiteraient recevoir. Cette disparit\u00e9 est le reflet de ce que vous pensez.<\/p>\n<p>Notre c\u0153ur est un r\u00e9cipient, il est l\u2019unique source d\u2019amour de nos pens\u00e9es. Il ne suffit pas de choisir des pens\u00e9es positives et aimantes pour que l\u2019\u00e9quilibre revienne.<\/p>\n<p>Le vrai probl\u00e8me, c&rsquo;est le contenu de ce r\u00e9cipient, \u00e0 savoir les r\u00e9serves de c\u0153ur que nous poss\u00e9dons \u00e0 donner aux autres, r\u00e9ellement et inconditionnellement.<\/p>\n<p>Le r\u00e9cipient c\u0153ur est reli\u00e9 \u00e0 une provision infinie d\u2019amour, il nous suffit de tourner nos pens\u00e9es vers cette source pour \u00eatre rempli d\u2019amour. Amour de nous-m\u00eames, amour du monde, amour de la vie, de notre existence, ainsi, nous pouvons distribuer aux autres, sans attente de retour, qui malgr\u00e9 tout, par la loi de cause \u00e0 effet, reviendra vers nous.<\/p>\n<p>Laissons ce vaisseau divin int\u00e9rieur remplir notre r\u00e9cipient c\u0153ur d\u2019amour et laissons-le se d\u00e9verser librement sur toute forme de pens\u00e9e n\u00e9gative, pour les transformer et retrouver notre \u00e9quilibre\u00a0\u00bb.<\/p>\n<p>Terminons ce chemin de mots avec ces phrases d&rsquo;\u00c9douard Baer. \u00ab\u00a0Tous les matins, on a une mission. Trouver la gaiet\u00e9 au milieu des raisons de d\u00e9sesp\u00e9rer. La beaut\u00e9 au milieu des laideurs. La gentillesse au milieu des visages ferm\u00e9s. Les caresses au milieu des griffes.<\/p>\n<p>La tendresse au milieu des gifles. L&rsquo;ouverture au milieu des fermetures. Si vous acceptez cette mission, la journ\u00e9e sera magnifique. Si vous la refusez, allez vous recoucher tout de suite !\u00a0\u00bb<\/p>\n<p>Pas question de ne pas cueillir le jour qui se pr\u00e9sente. Dans la joie, le contentement et un inusable espoir.<\/p>\n","protected":false},"excerpt":{"rendered":"<p>C&rsquo;est sous le signe de Victor Hugo que je voudrais placer la chronique de cette semaine. Ce sont quelques phrases, retrouv\u00e9es au fil d&rsquo;une lecture puis relues a&#8230;<\/p>\n","protected":false},"author":3229,"featured_media":277814,"comment_status":"open","ping_status":"closed","sticky":false,"template":"","format":"standard","meta":{"footnotes":""},"categories":[2596],"tags":[9350],"class_list":["post-203169","post","type-post","status-publish","format-standard","has-post-thumbnail","hentry","category-chroniques","tag-victor-hugo"],"yoast_head":"<!-- This site is optimized with the Yoast SEO Premium plugin v27.5 (Yoast SEO v27.5) - https:\/\/yoast.com\/product\/yoast-seo-premium-wordpress\/ -->\n<title>Des mots que chacun aurait pu \u00e9crire<\/title>\n<meta name=\"description\" content=\"C&#039;est sous le signe de Victor Hugo que je voudrais placer la chronique de cette semaine. Ce sont quelques phrases, retrouv\u00e9es au fil d&#039;une lecture puis relues a...\" \/>\n<link rel=\"canonical\" href=\"https:\/\/www.webdo.tn\/fr\/actualite\/chroniques\/des-mots-que-chacun-aurait-pu-ecrire\/203169\/\" \/>\n<meta property=\"og:locale\" content=\"fr_FR\" \/>\n<meta property=\"og:type\" content=\"article\" \/>\n<meta property=\"og:title\" content=\"Des mots que chacun aurait pu \u00e9crire\" \/>\n<meta property=\"og:description\" content=\"C&#039;est sous le signe de Victor Hugo que je voudrais placer la chronique de cette semaine. Ce sont quelques phrases, retrouv\u00e9es au fil d&#039;une lecture puis relues a...\" \/>\n<meta property=\"og:url\" content=\"https:\/\/www.webdo.tn\/fr\/actualite\/chroniques\/des-mots-que-chacun-aurait-pu-ecrire\/203169\/\" \/>\n<meta property=\"og:site_name\" content=\"webdo\" \/>\n<meta property=\"article:publisher\" content=\"https:\/\/www.facebook.com\/webdotn\" \/>\n<meta property=\"article:author\" content=\"https:\/\/www.facebook.com\/hatem.bourial.2025\" \/>\n<meta property=\"article:published_time\" content=\"2023-02-21T11:04:00+00:00\" \/>\n<meta property=\"article:modified_time\" content=\"2025-05-17T21:03:59+00:00\" \/>\n<meta property=\"og:image\" content=\"https:\/\/www.webdo.tn\/fr\/wp-content\/uploads\/2023\/02\/d28475d2afc55fd7a99efe244958b906.jpg\" \/>\n\t<meta property=\"og:image:width\" content=\"750\" \/>\n\t<meta property=\"og:image:height\" content=\"400\" \/>\n\t<meta property=\"og:image:type\" content=\"image\/jpeg\" \/>\n<meta name=\"author\" content=\"Hatem Bourial\" \/>\n<meta name=\"twitter:card\" content=\"summary_large_image\" \/>\n<meta name=\"twitter:creator\" content=\"@webdo_tn\" \/>\n<meta name=\"twitter:site\" content=\"@webdo_tn\" \/>\n<meta name=\"twitter:label1\" content=\"\u00c9crit par\" \/>\n\t<meta name=\"twitter:data1\" content=\"Hatem Bourial\" \/>\n\t<meta name=\"twitter:label2\" content=\"Dur\u00e9e de lecture estim\u00e9e\" \/>\n\t<meta name=\"twitter:data2\" content=\"6 minutes\" \/>\n<script type=\"application\/ld+json\" class=\"yoast-schema-graph\">{\"@context\":\"https:\\\/\\\/schema.org\",\"@graph\":[{\"@type\":\"NewsArticle\",\"@id\":\"https:\\\/\\\/www.webdo.tn\\\/fr\\\/actualite\\\/chroniques\\\/des-mots-que-chacun-aurait-pu-ecrire\\\/203169\\\/#article\",\"isPartOf\":{\"@id\":\"https:\\\/\\\/www.webdo.tn\\\/fr\\\/actualite\\\/chroniques\\\/des-mots-que-chacun-aurait-pu-ecrire\\\/203169\\\/\"},\"author\":{\"name\":\"Hatem Bourial\",\"@id\":\"https:\\\/\\\/www.webdo.tn\\\/fr\\\/#\\\/schema\\\/person\\\/6bc0beba2cd23aec27cb5df85ca2554f\"},\"headline\":\"Des mots que chacun aurait pu \u00e9crire\",\"datePublished\":\"2023-02-21T11:04:00+00:00\",\"dateModified\":\"2025-05-17T21:03:59+00:00\",\"mainEntityOfPage\":{\"@id\":\"https:\\\/\\\/www.webdo.tn\\\/fr\\\/actualite\\\/chroniques\\\/des-mots-que-chacun-aurait-pu-ecrire\\\/203169\\\/\"},\"wordCount\":1155,\"commentCount\":0,\"publisher\":{\"@id\":\"https:\\\/\\\/www.webdo.tn\\\/fr\\\/#organization\"},\"image\":{\"@id\":\"https:\\\/\\\/www.webdo.tn\\\/fr\\\/actualite\\\/chroniques\\\/des-mots-que-chacun-aurait-pu-ecrire\\\/203169\\\/#primaryimage\"},\"thumbnailUrl\":\"https:\\\/\\\/www.webdo.tn\\\/fr\\\/wp-content\\\/uploads\\\/2023\\\/02\\\/d28475d2afc55fd7a99efe244958b906.jpg\",\"keywords\":[\"victor hugo\"],\"articleSection\":[\"Chroniques\"],\"inLanguage\":\"fr-FR\"},{\"@type\":\"WebPage\",\"@id\":\"https:\\\/\\\/www.webdo.tn\\\/fr\\\/actualite\\\/chroniques\\\/des-mots-que-chacun-aurait-pu-ecrire\\\/203169\\\/\",\"url\":\"https:\\\/\\\/www.webdo.tn\\\/fr\\\/actualite\\\/chroniques\\\/des-mots-que-chacun-aurait-pu-ecrire\\\/203169\\\/\",\"name\":\"Des mots que chacun aurait pu \u00e9crire\",\"isPartOf\":{\"@id\":\"https:\\\/\\\/www.webdo.tn\\\/fr\\\/#website\"},\"primaryImageOfPage\":{\"@id\":\"https:\\\/\\\/www.webdo.tn\\\/fr\\\/actualite\\\/chroniques\\\/des-mots-que-chacun-aurait-pu-ecrire\\\/203169\\\/#primaryimage\"},\"image\":{\"@id\":\"https:\\\/\\\/www.webdo.tn\\\/fr\\\/actualite\\\/chroniques\\\/des-mots-que-chacun-aurait-pu-ecrire\\\/203169\\\/#primaryimage\"},\"thumbnailUrl\":\"https:\\\/\\\/www.webdo.tn\\\/fr\\\/wp-content\\\/uploads\\\/2023\\\/02\\\/d28475d2afc55fd7a99efe244958b906.jpg\",\"datePublished\":\"2023-02-21T11:04:00+00:00\",\"dateModified\":\"2025-05-17T21:03:59+00:00\",\"description\":\"C'est sous le signe de Victor Hugo que je voudrais placer la chronique de cette semaine. Ce sont quelques phrases, retrouv\u00e9es au fil d'une lecture puis relues a...\",\"breadcrumb\":{\"@id\":\"https:\\\/\\\/www.webdo.tn\\\/fr\\\/actualite\\\/chroniques\\\/des-mots-que-chacun-aurait-pu-ecrire\\\/203169\\\/#breadcrumb\"},\"inLanguage\":\"fr-FR\",\"potentialAction\":[{\"@type\":\"ReadAction\",\"target\":[\"https:\\\/\\\/www.webdo.tn\\\/fr\\\/actualite\\\/chroniques\\\/des-mots-que-chacun-aurait-pu-ecrire\\\/203169\\\/\"]}]},{\"@type\":\"ImageObject\",\"inLanguage\":\"fr-FR\",\"@id\":\"https:\\\/\\\/www.webdo.tn\\\/fr\\\/actualite\\\/chroniques\\\/des-mots-que-chacun-aurait-pu-ecrire\\\/203169\\\/#primaryimage\",\"url\":\"https:\\\/\\\/www.webdo.tn\\\/fr\\\/wp-content\\\/uploads\\\/2023\\\/02\\\/d28475d2afc55fd7a99efe244958b906.jpg\",\"contentUrl\":\"https:\\\/\\\/www.webdo.tn\\\/fr\\\/wp-content\\\/uploads\\\/2023\\\/02\\\/d28475d2afc55fd7a99efe244958b906.jpg\",\"width\":750,\"height\":400,\"caption\":\"Victor Hugo, Colette Fellous et \u00c9ric-Emmanuel Schmitt\"},{\"@type\":\"BreadcrumbList\",\"@id\":\"https:\\\/\\\/www.webdo.tn\\\/fr\\\/actualite\\\/chroniques\\\/des-mots-que-chacun-aurait-pu-ecrire\\\/203169\\\/#breadcrumb\",\"itemListElement\":[{\"@type\":\"ListItem\",\"position\":1,\"name\":\"Accueil\",\"item\":\"https:\\\/\\\/www.webdo.tn\\\/fr\\\/\"},{\"@type\":\"ListItem\",\"position\":2,\"name\":\"Des mots que chacun aurait pu \u00e9crire\"}]},{\"@type\":\"WebSite\",\"@id\":\"https:\\\/\\\/www.webdo.tn\\\/fr\\\/#website\",\"url\":\"https:\\\/\\\/www.webdo.tn\\\/fr\\\/\",\"name\":\"webdo\",\"description\":\"Tunisie - News en Tunisie et \u00e0 l&#039;international sur Webdo.tn\",\"publisher\":{\"@id\":\"https:\\\/\\\/www.webdo.tn\\\/fr\\\/#organization\"},\"potentialAction\":[{\"@type\":\"SearchAction\",\"target\":{\"@type\":\"EntryPoint\",\"urlTemplate\":\"https:\\\/\\\/www.webdo.tn\\\/fr\\\/?s={search_term_string}\"},\"query-input\":{\"@type\":\"PropertyValueSpecification\",\"valueRequired\":true,\"valueName\":\"search_term_string\"}}],\"inLanguage\":\"fr-FR\"},{\"@type\":\"Organization\",\"@id\":\"https:\\\/\\\/www.webdo.tn\\\/fr\\\/#organization\",\"name\":\"Webdo\",\"alternateName\":\"Webdo.tn\",\"url\":\"https:\\\/\\\/www.webdo.tn\\\/fr\\\/\",\"logo\":{\"@type\":\"ImageObject\",\"inLanguage\":\"fr-FR\",\"@id\":\"https:\\\/\\\/www.webdo.tn\\\/fr\\\/#\\\/schema\\\/logo\\\/image\\\/\",\"url\":\"https:\\\/\\\/www.webdo.tn\\\/fr\\\/wp-content\\\/uploads\\\/2025\\\/06\\\/Webdo-Tunisie_168377.jpg\",\"contentUrl\":\"https:\\\/\\\/www.webdo.tn\\\/fr\\\/wp-content\\\/uploads\\\/2025\\\/06\\\/Webdo-Tunisie_168377.jpg\",\"width\":301,\"height\":301,\"caption\":\"Webdo\"},\"image\":{\"@id\":\"https:\\\/\\\/www.webdo.tn\\\/fr\\\/#\\\/schema\\\/logo\\\/image\\\/\"},\"sameAs\":[\"https:\\\/\\\/www.facebook.com\\\/webdotn\",\"https:\\\/\\\/x.com\\\/webdo_tn\"],\"description\":\"Webdo est un m\u00e9dia num\u00e9rique tunisien fond\u00e9 en 2010, sp\u00e9cialis\u00e9 dans l\u2019actualit\u00e9 nationale et internationale, l\u2019\u00e9conomie, la soci\u00e9t\u00e9 et les analyses politiques. Le site s\u2019adresse \u00e0 un large public francophone et couvre l\u2019information tunisienne en temps r\u00e9el.\",\"email\":\"redac@webdo.tn\",\"legalName\":\"YNJ SARL\",\"foundingDate\":\"2010-09-06\",\"numberOfEmployees\":{\"@type\":\"QuantitativeValue\",\"minValue\":\"11\",\"maxValue\":\"50\"}},{\"@type\":\"Person\",\"@id\":\"https:\\\/\\\/www.webdo.tn\\\/fr\\\/#\\\/schema\\\/person\\\/6bc0beba2cd23aec27cb5df85ca2554f\",\"name\":\"Hatem Bourial\",\"image\":{\"@type\":\"ImageObject\",\"inLanguage\":\"fr-FR\",\"@id\":\"https:\\\/\\\/www.webdo.tn\\\/fr\\\/wp-content\\\/uploads\\\/2026\\\/04\\\/hatem-bourial_avatar-96x96.jpg\",\"url\":\"https:\\\/\\\/www.webdo.tn\\\/fr\\\/wp-content\\\/uploads\\\/2026\\\/04\\\/hatem-bourial_avatar-96x96.jpg\",\"contentUrl\":\"https:\\\/\\\/www.webdo.tn\\\/fr\\\/wp-content\\\/uploads\\\/2026\\\/04\\\/hatem-bourial_avatar-96x96.jpg\",\"caption\":\"Hatem Bourial\"},\"description\":\"Hatem Bourial est journaliste, \u00e9crivain et chroniqueur tunisien. Actif depuis plusieurs d\u00e9cennies, il s\u2019est impos\u00e9 comme un observateur attentif de la soci\u00e9t\u00e9 tunisienne, m\u00ealant dans ses \u00e9crits m\u00e9moire, culture et analyse du quotidien. Auteur de nombreux ouvrages, il d\u00e9veloppe une \u0153uvre \u00e0 la crois\u00e9e du r\u00e9cit, de la po\u00e9sie et de l\u2019observation sociologique. Parall\u00e8lement \u00e0 ses contributions dans la presse, il intervient r\u00e9guli\u00e8rement \u00e0 la radio et dans des espaces culturels, o\u00f9 il explore les enjeux li\u00e9s au patrimoine, \u00e0 l\u2019identit\u00e9 et aux transformations du monde contemporain. \u00c0 travers ses chroniques, Hatem Bourial propose une lecture sensible et approfondie de l\u2019actualit\u00e9, nourrie par une exp\u00e9rience journalistique et litt\u00e9raire reconnue. \ud83d\udd17 Facebook : https:\\\/\\\/www.facebook.com\\\/hatem.bourial.2025\",\"sameAs\":[\"https:\\\/\\\/www.facebook.com\\\/hatem.bourial.2025\",\"https:\\\/\\\/fr.wikipedia.org\\\/wiki\\\/Fichier:Hatem_Bourial.jpg\"],\"knowsAbout\":[\"Culture & patrimoine tunisien\",\"Chronique soci\u00e9tale\",\"Litt\u00e9rature & m\u00e9moire\",\"Cin\u00e9ma & critique culturelle\",\"Identit\u00e9 & mutations sociales\"],\"knowsLanguage\":[\"Arabe\",\"Fran\u00e7ais\",\"Anglais\",\"Italien\",\"Polonais\"],\"jobTitle\":\"Journaliste, \u00e9crivain et chroniqueur culturel\",\"worksFor\":\"Webdo\",\"url\":\"https:\\\/\\\/www.webdo.tn\\\/fr\\\/actualite\\\/author\\\/hatem-bourial-2\\\/\"}]}<\/script>\n<!-- \/ Yoast SEO Premium plugin. -->","yoast_head_json":{"title":"Des mots que chacun aurait pu \u00e9crire","description":"C'est sous le signe de Victor Hugo que je voudrais placer la chronique de cette semaine. Ce sont quelques phrases, retrouv\u00e9es au fil d'une lecture puis relues a...","canonical":"https:\/\/www.webdo.tn\/fr\/actualite\/chroniques\/des-mots-que-chacun-aurait-pu-ecrire\/203169\/","og_locale":"fr_FR","og_type":"article","og_title":"Des mots que chacun aurait pu \u00e9crire","og_description":"C'est sous le signe de Victor Hugo que je voudrais placer la chronique de cette semaine. Ce sont quelques phrases, retrouv\u00e9es au fil d'une lecture puis relues a...","og_url":"https:\/\/www.webdo.tn\/fr\/actualite\/chroniques\/des-mots-que-chacun-aurait-pu-ecrire\/203169\/","og_site_name":"webdo","article_publisher":"https:\/\/www.facebook.com\/webdotn","article_author":"https:\/\/www.facebook.com\/hatem.bourial.2025","article_published_time":"2023-02-21T11:04:00+00:00","article_modified_time":"2025-05-17T21:03:59+00:00","og_image":[{"width":750,"height":400,"url":"https:\/\/www.webdo.tn\/fr\/wp-content\/uploads\/2023\/02\/d28475d2afc55fd7a99efe244958b906.jpg","type":"image\/jpeg"}],"author":"Hatem Bourial","twitter_card":"summary_large_image","twitter_creator":"@webdo_tn","twitter_site":"@webdo_tn","twitter_misc":{"\u00c9crit par":"Hatem Bourial","Dur\u00e9e de lecture estim\u00e9e":"6 minutes"},"schema":{"@context":"https:\/\/schema.org","@graph":[{"@type":"NewsArticle","@id":"https:\/\/www.webdo.tn\/fr\/actualite\/chroniques\/des-mots-que-chacun-aurait-pu-ecrire\/203169\/#article","isPartOf":{"@id":"https:\/\/www.webdo.tn\/fr\/actualite\/chroniques\/des-mots-que-chacun-aurait-pu-ecrire\/203169\/"},"author":{"name":"Hatem Bourial","@id":"https:\/\/www.webdo.tn\/fr\/#\/schema\/person\/6bc0beba2cd23aec27cb5df85ca2554f"},"headline":"Des mots que chacun aurait pu \u00e9crire","datePublished":"2023-02-21T11:04:00+00:00","dateModified":"2025-05-17T21:03:59+00:00","mainEntityOfPage":{"@id":"https:\/\/www.webdo.tn\/fr\/actualite\/chroniques\/des-mots-que-chacun-aurait-pu-ecrire\/203169\/"},"wordCount":1155,"commentCount":0,"publisher":{"@id":"https:\/\/www.webdo.tn\/fr\/#organization"},"image":{"@id":"https:\/\/www.webdo.tn\/fr\/actualite\/chroniques\/des-mots-que-chacun-aurait-pu-ecrire\/203169\/#primaryimage"},"thumbnailUrl":"https:\/\/www.webdo.tn\/fr\/wp-content\/uploads\/2023\/02\/d28475d2afc55fd7a99efe244958b906.jpg","keywords":["victor hugo"],"articleSection":["Chroniques"],"inLanguage":"fr-FR"},{"@type":"WebPage","@id":"https:\/\/www.webdo.tn\/fr\/actualite\/chroniques\/des-mots-que-chacun-aurait-pu-ecrire\/203169\/","url":"https:\/\/www.webdo.tn\/fr\/actualite\/chroniques\/des-mots-que-chacun-aurait-pu-ecrire\/203169\/","name":"Des mots que chacun aurait pu \u00e9crire","isPartOf":{"@id":"https:\/\/www.webdo.tn\/fr\/#website"},"primaryImageOfPage":{"@id":"https:\/\/www.webdo.tn\/fr\/actualite\/chroniques\/des-mots-que-chacun-aurait-pu-ecrire\/203169\/#primaryimage"},"image":{"@id":"https:\/\/www.webdo.tn\/fr\/actualite\/chroniques\/des-mots-que-chacun-aurait-pu-ecrire\/203169\/#primaryimage"},"thumbnailUrl":"https:\/\/www.webdo.tn\/fr\/wp-content\/uploads\/2023\/02\/d28475d2afc55fd7a99efe244958b906.jpg","datePublished":"2023-02-21T11:04:00+00:00","dateModified":"2025-05-17T21:03:59+00:00","description":"C'est sous le signe de Victor Hugo que je voudrais placer la chronique de cette semaine. Ce sont quelques phrases, retrouv\u00e9es au fil d'une lecture puis relues a...","breadcrumb":{"@id":"https:\/\/www.webdo.tn\/fr\/actualite\/chroniques\/des-mots-que-chacun-aurait-pu-ecrire\/203169\/#breadcrumb"},"inLanguage":"fr-FR","potentialAction":[{"@type":"ReadAction","target":["https:\/\/www.webdo.tn\/fr\/actualite\/chroniques\/des-mots-que-chacun-aurait-pu-ecrire\/203169\/"]}]},{"@type":"ImageObject","inLanguage":"fr-FR","@id":"https:\/\/www.webdo.tn\/fr\/actualite\/chroniques\/des-mots-que-chacun-aurait-pu-ecrire\/203169\/#primaryimage","url":"https:\/\/www.webdo.tn\/fr\/wp-content\/uploads\/2023\/02\/d28475d2afc55fd7a99efe244958b906.jpg","contentUrl":"https:\/\/www.webdo.tn\/fr\/wp-content\/uploads\/2023\/02\/d28475d2afc55fd7a99efe244958b906.jpg","width":750,"height":400,"caption":"Victor Hugo, Colette Fellous et \u00c9ric-Emmanuel Schmitt"},{"@type":"BreadcrumbList","@id":"https:\/\/www.webdo.tn\/fr\/actualite\/chroniques\/des-mots-que-chacun-aurait-pu-ecrire\/203169\/#breadcrumb","itemListElement":[{"@type":"ListItem","position":1,"name":"Accueil","item":"https:\/\/www.webdo.tn\/fr\/"},{"@type":"ListItem","position":2,"name":"Des mots que chacun aurait pu \u00e9crire"}]},{"@type":"WebSite","@id":"https:\/\/www.webdo.tn\/fr\/#website","url":"https:\/\/www.webdo.tn\/fr\/","name":"webdo","description":"Tunisie - News en Tunisie et \u00e0 l&#039;international sur Webdo.tn","publisher":{"@id":"https:\/\/www.webdo.tn\/fr\/#organization"},"potentialAction":[{"@type":"SearchAction","target":{"@type":"EntryPoint","urlTemplate":"https:\/\/www.webdo.tn\/fr\/?s={search_term_string}"},"query-input":{"@type":"PropertyValueSpecification","valueRequired":true,"valueName":"search_term_string"}}],"inLanguage":"fr-FR"},{"@type":"Organization","@id":"https:\/\/www.webdo.tn\/fr\/#organization","name":"Webdo","alternateName":"Webdo.tn","url":"https:\/\/www.webdo.tn\/fr\/","logo":{"@type":"ImageObject","inLanguage":"fr-FR","@id":"https:\/\/www.webdo.tn\/fr\/#\/schema\/logo\/image\/","url":"https:\/\/www.webdo.tn\/fr\/wp-content\/uploads\/2025\/06\/Webdo-Tunisie_168377.jpg","contentUrl":"https:\/\/www.webdo.tn\/fr\/wp-content\/uploads\/2025\/06\/Webdo-Tunisie_168377.jpg","width":301,"height":301,"caption":"Webdo"},"image":{"@id":"https:\/\/www.webdo.tn\/fr\/#\/schema\/logo\/image\/"},"sameAs":["https:\/\/www.facebook.com\/webdotn","https:\/\/x.com\/webdo_tn"],"description":"Webdo est un m\u00e9dia num\u00e9rique tunisien fond\u00e9 en 2010, sp\u00e9cialis\u00e9 dans l\u2019actualit\u00e9 nationale et internationale, l\u2019\u00e9conomie, la soci\u00e9t\u00e9 et les analyses politiques. Le site s\u2019adresse \u00e0 un large public francophone et couvre l\u2019information tunisienne en temps r\u00e9el.","email":"redac@webdo.tn","legalName":"YNJ SARL","foundingDate":"2010-09-06","numberOfEmployees":{"@type":"QuantitativeValue","minValue":"11","maxValue":"50"}},{"@type":"Person","@id":"https:\/\/www.webdo.tn\/fr\/#\/schema\/person\/6bc0beba2cd23aec27cb5df85ca2554f","name":"Hatem Bourial","image":{"@type":"ImageObject","inLanguage":"fr-FR","@id":"https:\/\/www.webdo.tn\/fr\/wp-content\/uploads\/2026\/04\/hatem-bourial_avatar-96x96.jpg","url":"https:\/\/www.webdo.tn\/fr\/wp-content\/uploads\/2026\/04\/hatem-bourial_avatar-96x96.jpg","contentUrl":"https:\/\/www.webdo.tn\/fr\/wp-content\/uploads\/2026\/04\/hatem-bourial_avatar-96x96.jpg","caption":"Hatem Bourial"},"description":"Hatem Bourial est journaliste, \u00e9crivain et chroniqueur tunisien. Actif depuis plusieurs d\u00e9cennies, il s\u2019est impos\u00e9 comme un observateur attentif de la soci\u00e9t\u00e9 tunisienne, m\u00ealant dans ses \u00e9crits m\u00e9moire, culture et analyse du quotidien. Auteur de nombreux ouvrages, il d\u00e9veloppe une \u0153uvre \u00e0 la crois\u00e9e du r\u00e9cit, de la po\u00e9sie et de l\u2019observation sociologique. Parall\u00e8lement \u00e0 ses contributions dans la presse, il intervient r\u00e9guli\u00e8rement \u00e0 la radio et dans des espaces culturels, o\u00f9 il explore les enjeux li\u00e9s au patrimoine, \u00e0 l\u2019identit\u00e9 et aux transformations du monde contemporain. \u00c0 travers ses chroniques, Hatem Bourial propose une lecture sensible et approfondie de l\u2019actualit\u00e9, nourrie par une exp\u00e9rience journalistique et litt\u00e9raire reconnue. \ud83d\udd17 Facebook : https:\/\/www.facebook.com\/hatem.bourial.2025","sameAs":["https:\/\/www.facebook.com\/hatem.bourial.2025","https:\/\/fr.wikipedia.org\/wiki\/Fichier:Hatem_Bourial.jpg"],"knowsAbout":["Culture & patrimoine tunisien","Chronique soci\u00e9tale","Litt\u00e9rature & m\u00e9moire","Cin\u00e9ma & critique culturelle","Identit\u00e9 & mutations sociales"],"knowsLanguage":["Arabe","Fran\u00e7ais","Anglais","Italien","Polonais"],"jobTitle":"Journaliste, \u00e9crivain et chroniqueur culturel","worksFor":"Webdo","url":"https:\/\/www.webdo.tn\/fr\/actualite\/author\/hatem-bourial-2\/"}]}},"_links":{"self":[{"href":"https:\/\/www.webdo.tn\/fr\/wp-json\/wp\/v2\/posts\/203169","targetHints":{"allow":["GET"]}}],"collection":[{"href":"https:\/\/www.webdo.tn\/fr\/wp-json\/wp\/v2\/posts"}],"about":[{"href":"https:\/\/www.webdo.tn\/fr\/wp-json\/wp\/v2\/types\/post"}],"author":[{"embeddable":true,"href":"https:\/\/www.webdo.tn\/fr\/wp-json\/wp\/v2\/users\/3229"}],"replies":[{"embeddable":true,"href":"https:\/\/www.webdo.tn\/fr\/wp-json\/wp\/v2\/comments?post=203169"}],"version-history":[{"count":0,"href":"https:\/\/www.webdo.tn\/fr\/wp-json\/wp\/v2\/posts\/203169\/revisions"}],"wp:featuredmedia":[{"embeddable":true,"href":"https:\/\/www.webdo.tn\/fr\/wp-json\/wp\/v2\/media\/277814"}],"wp:attachment":[{"href":"https:\/\/www.webdo.tn\/fr\/wp-json\/wp\/v2\/media?parent=203169"}],"wp:term":[{"taxonomy":"category","embeddable":true,"href":"https:\/\/www.webdo.tn\/fr\/wp-json\/wp\/v2\/categories?post=203169"},{"taxonomy":"post_tag","embeddable":true,"href":"https:\/\/www.webdo.tn\/fr\/wp-json\/wp\/v2\/tags?post=203169"}],"curies":[{"name":"wp","href":"https:\/\/api.w.org\/{rel}","templated":true}]}}