{"id":203162,"date":"2023-02-21T08:47:00","date_gmt":"2023-02-21T08:47:00","guid":{"rendered":"https:\/\/www.webdo.tn\/fr\/blog\/rfr-derniere-etape-dans-la-phase-des-tests\/203162\/"},"modified":"2025-05-20T22:49:15","modified_gmt":"2025-05-20T22:49:15","slug":"rfr-derniere-etape-dans-la-phase-des-tests","status":"publish","type":"post","link":"https:\/\/www.webdo.tn\/fr\/actualite\/national\/rfr-derniere-etape-dans-la-phase-des-tests\/203162\/","title":{"rendered":"RFR : Derni\u00e8re \u00e9tape dans la phase des tests"},"content":{"rendered":"<p>L\u2019entr\u00e9e en exploitation de la premi\u00e8re ligne du R\u00e9seau ferroviaire rapide de Tunis serait imminente \u00e0 en croire le dernier communiqu\u00e9 du minist\u00e8re des Transports.<\/p>\n<p>\t\t\t\t\t\t\t\t\tHier lundi 20 f\u00e9vrier, le ministre des Transports et de la logistique Rabi Mjidi s\u2019est rendu \u00e0 la station Bougatfa o\u00f9 il a emprunt\u00e9 le train qui ach\u00e8ve la phase des tests pour la ligne E.\u00a0<\/p>\n<p>Toujours selon le communiqu\u00e9 du d\u00e9partement, le ministre a appel\u00e9 les Tunisiens \u00e0 pr\u00e9server ce qu\u2019il a appel\u00e9 un acquis en mati\u00e8re de transport.\u00a0<\/p>\n<p>En d\u00e9cembre dernier, la Soci\u00e9t\u00e9 du R\u00e9seau Ferroviaire Rapide de Tunis a fait savoir que le r\u00e9seau RFR est pr\u00eat \u00e0 \u00eatre exploit\u00e9 au niveau de la ligne E (Tunis- Ezzouhour- Zahrouni- S\u00e9joumi)\u00a0\u00bb.<\/p>\n<p>Toutefois, elle a not\u00e9 qu\u2019afin de pouvoir entamer l&rsquo;exploitation de la nouvelle ligne du RFR, la Soci\u00e9t\u00e9 Nationale des Chemins de Fer Tunisiens a \u00e9t\u00e9 charg\u00e9e de la finalisation des proc\u00e9dures r\u00e9glementaires et de la formation des agents charg\u00e9s de l&rsquo;exploitation, afin d\u2019assurer la s\u00e9curit\u00e9 des utilisateurs potentiels de ces trains.<\/p>\n","protected":false},"excerpt":{"rendered":"<p>L\u2019entr\u00e9e en exploitation de la premi\u00e8re ligne du R\u00e9seau ferroviaire rapide de Tunis serait imminente \u00e0 en croire le dernier communiqu\u00e9 du minist\u00e8re des Transpor&#8230;<\/p>\n","protected":false},"author":3175,"featured_media":277807,"comment_status":"open","ping_status":"closed","sticky":false,"template":"","format":"standard","meta":{"footnotes":""},"categories":[44],"tags":[3285,2818,2608],"class_list":["post-203162","post","type-post","status-publish","format-standard","has-post-thumbnail","hentry","category-national","tag-rfr","tag-transport","tag-tunisie"],"yoast_head":"<!-- This site is optimized with the Yoast SEO Premium plugin v27.4 (Yoast SEO v27.5) - https:\/\/yoast.com\/product\/yoast-seo-premium-wordpress\/ -->\n<title>RFR : Derni\u00e8re \u00e9tape dans la phase des tests<\/title>\n<meta name=\"description\" content=\"L\u2019entr\u00e9e en exploitation de la premi\u00e8re ligne du R\u00e9seau ferroviaire rapide de Tunis serait imminente \u00e0 en croire le dernier communiqu\u00e9 du minist\u00e8re des Transpor...\" \/>\n<link rel=\"canonical\" href=\"https:\/\/www.webdo.tn\/fr\/actualite\/national\/rfr-derniere-etape-dans-la-phase-des-tests\/203162\/\" \/>\n<meta property=\"og:locale\" content=\"fr_FR\" \/>\n<meta property=\"og:type\" content=\"article\" \/>\n<meta property=\"og:title\" content=\"RFR : Derni\u00e8re \u00e9tape dans la phase des tests\" \/>\n<meta property=\"og:description\" content=\"L\u2019entr\u00e9e en exploitation de la premi\u00e8re ligne du R\u00e9seau ferroviaire rapide de Tunis serait imminente \u00e0 en croire le dernier communiqu\u00e9 du minist\u00e8re des Transpor...\" \/>\n<meta property=\"og:url\" content=\"https:\/\/www.webdo.tn\/fr\/actualite\/national\/rfr-derniere-etape-dans-la-phase-des-tests\/203162\/\" \/>\n<meta property=\"og:site_name\" content=\"webdo\" \/>\n<meta property=\"article:publisher\" content=\"https:\/\/www.facebook.com\/webdotn\" \/>\n<meta property=\"article:published_time\" content=\"2023-02-21T08:47:00+00:00\" \/>\n<meta property=\"article:modified_time\" content=\"2025-05-20T22:49:15+00:00\" \/>\n<meta property=\"og:image\" content=\"https:\/\/www.webdo.tn\/fr\/wp-content\/uploads\/2023\/02\/cc794c6a9747cc58d5620875c0a54855.jpg\" \/>\n\t<meta property=\"og:image:width\" content=\"750\" \/>\n\t<meta property=\"og:image:height\" content=\"400\" \/>\n\t<meta property=\"og:image:type\" content=\"image\/jpeg\" \/>\n<meta name=\"author\" content=\"CL\" \/>\n<meta name=\"twitter:card\" content=\"summary_large_image\" \/>\n<meta name=\"twitter:creator\" content=\"@webdo_tn\" \/>\n<meta name=\"twitter:site\" content=\"@webdo_tn\" \/>\n<meta name=\"twitter:label1\" content=\"\u00c9crit par\" \/>\n\t<meta name=\"twitter:data1\" content=\"CL\" \/>\n\t<meta name=\"twitter:label2\" content=\"Dur\u00e9e de lecture estim\u00e9e\" \/>\n\t<meta name=\"twitter:data2\" content=\"1 minute\" \/>\n<script type=\"application\/ld+json\" class=\"yoast-schema-graph\">{\"@context\":\"https:\\\/\\\/schema.org\",\"@graph\":[{\"@type\":\"NewsArticle\",\"@id\":\"https:\\\/\\\/www.webdo.tn\\\/fr\\\/actualite\\\/national\\\/rfr-derniere-etape-dans-la-phase-des-tests\\\/203162\\\/#article\",\"isPartOf\":{\"@id\":\"https:\\\/\\\/www.webdo.tn\\\/fr\\\/actualite\\\/national\\\/rfr-derniere-etape-dans-la-phase-des-tests\\\/203162\\\/\"},\"author\":{\"name\":\"CL\",\"@id\":\"https:\\\/\\\/www.webdo.tn\\\/fr\\\/#\\\/schema\\\/person\\\/f35b42a42c5e2511bbd282959d6385cc\"},\"headline\":\"RFR : Derni\u00e8re \u00e9tape dans la phase des tests\",\"datePublished\":\"2023-02-21T08:47:00+00:00\",\"dateModified\":\"2025-05-20T22:49:15+00:00\",\"mainEntityOfPage\":{\"@id\":\"https:\\\/\\\/www.webdo.tn\\\/fr\\\/actualite\\\/national\\\/rfr-derniere-etape-dans-la-phase-des-tests\\\/203162\\\/\"},\"wordCount\":201,\"commentCount\":0,\"publisher\":{\"@id\":\"https:\\\/\\\/www.webdo.tn\\\/fr\\\/#organization\"},\"image\":{\"@id\":\"https:\\\/\\\/www.webdo.tn\\\/fr\\\/actualite\\\/national\\\/rfr-derniere-etape-dans-la-phase-des-tests\\\/203162\\\/#primaryimage\"},\"thumbnailUrl\":\"https:\\\/\\\/www.webdo.tn\\\/fr\\\/wp-content\\\/uploads\\\/2023\\\/02\\\/cc794c6a9747cc58d5620875c0a54855.jpg\",\"keywords\":[\"RFR\",\"Transport\",\"Tunisie\"],\"articleSection\":[\"National\"],\"inLanguage\":\"fr-FR\"},{\"@type\":\"WebPage\",\"@id\":\"https:\\\/\\\/www.webdo.tn\\\/fr\\\/actualite\\\/national\\\/rfr-derniere-etape-dans-la-phase-des-tests\\\/203162\\\/\",\"url\":\"https:\\\/\\\/www.webdo.tn\\\/fr\\\/actualite\\\/national\\\/rfr-derniere-etape-dans-la-phase-des-tests\\\/203162\\\/\",\"name\":\"RFR : Derni\u00e8re \u00e9tape dans la phase des tests\",\"isPartOf\":{\"@id\":\"https:\\\/\\\/www.webdo.tn\\\/fr\\\/#website\"},\"primaryImageOfPage\":{\"@id\":\"https:\\\/\\\/www.webdo.tn\\\/fr\\\/actualite\\\/national\\\/rfr-derniere-etape-dans-la-phase-des-tests\\\/203162\\\/#primaryimage\"},\"image\":{\"@id\":\"https:\\\/\\\/www.webdo.tn\\\/fr\\\/actualite\\\/national\\\/rfr-derniere-etape-dans-la-phase-des-tests\\\/203162\\\/#primaryimage\"},\"thumbnailUrl\":\"https:\\\/\\\/www.webdo.tn\\\/fr\\\/wp-content\\\/uploads\\\/2023\\\/02\\\/cc794c6a9747cc58d5620875c0a54855.jpg\",\"datePublished\":\"2023-02-21T08:47:00+00:00\",\"dateModified\":\"2025-05-20T22:49:15+00:00\",\"description\":\"L\u2019entr\u00e9e en exploitation de la premi\u00e8re ligne du R\u00e9seau ferroviaire rapide de Tunis serait imminente \u00e0 en croire le dernier communiqu\u00e9 du minist\u00e8re des Transpor...\",\"breadcrumb\":{\"@id\":\"https:\\\/\\\/www.webdo.tn\\\/fr\\\/actualite\\\/national\\\/rfr-derniere-etape-dans-la-phase-des-tests\\\/203162\\\/#breadcrumb\"},\"inLanguage\":\"fr-FR\",\"potentialAction\":[{\"@type\":\"ReadAction\",\"target\":[\"https:\\\/\\\/www.webdo.tn\\\/fr\\\/actualite\\\/national\\\/rfr-derniere-etape-dans-la-phase-des-tests\\\/203162\\\/\"]}]},{\"@type\":\"ImageObject\",\"inLanguage\":\"fr-FR\",\"@id\":\"https:\\\/\\\/www.webdo.tn\\\/fr\\\/actualite\\\/national\\\/rfr-derniere-etape-dans-la-phase-des-tests\\\/203162\\\/#primaryimage\",\"url\":\"https:\\\/\\\/www.webdo.tn\\\/fr\\\/wp-content\\\/uploads\\\/2023\\\/02\\\/cc794c6a9747cc58d5620875c0a54855.jpg\",\"contentUrl\":\"https:\\\/\\\/www.webdo.tn\\\/fr\\\/wp-content\\\/uploads\\\/2023\\\/02\\\/cc794c6a9747cc58d5620875c0a54855.jpg\",\"width\":750,\"height\":400,\"caption\":\"Train\"},{\"@type\":\"BreadcrumbList\",\"@id\":\"https:\\\/\\\/www.webdo.tn\\\/fr\\\/actualite\\\/national\\\/rfr-derniere-etape-dans-la-phase-des-tests\\\/203162\\\/#breadcrumb\",\"itemListElement\":[{\"@type\":\"ListItem\",\"position\":1,\"name\":\"Accueil\",\"item\":\"https:\\\/\\\/www.webdo.tn\\\/fr\\\/\"},{\"@type\":\"ListItem\",\"position\":2,\"name\":\"RFR : Derni\u00e8re \u00e9tape dans la phase des tests\"}]},{\"@type\":\"WebSite\",\"@id\":\"https:\\\/\\\/www.webdo.tn\\\/fr\\\/#website\",\"url\":\"https:\\\/\\\/www.webdo.tn\\\/fr\\\/\",\"name\":\"webdo\",\"description\":\"Tunisie - News en Tunisie et \u00e0 l&#039;international sur Webdo.tn\",\"publisher\":{\"@id\":\"https:\\\/\\\/www.webdo.tn\\\/fr\\\/#organization\"},\"potentialAction\":[{\"@type\":\"SearchAction\",\"target\":{\"@type\":\"EntryPoint\",\"urlTemplate\":\"https:\\\/\\\/www.webdo.tn\\\/fr\\\/?s={search_term_string}\"},\"query-input\":{\"@type\":\"PropertyValueSpecification\",\"valueRequired\":true,\"valueName\":\"search_term_string\"}}],\"inLanguage\":\"fr-FR\"},{\"@type\":\"Organization\",\"@id\":\"https:\\\/\\\/www.webdo.tn\\\/fr\\\/#organization\",\"name\":\"Webdo\",\"alternateName\":\"Webdo.tn\",\"url\":\"https:\\\/\\\/www.webdo.tn\\\/fr\\\/\",\"logo\":{\"@type\":\"ImageObject\",\"inLanguage\":\"fr-FR\",\"@id\":\"https:\\\/\\\/www.webdo.tn\\\/fr\\\/#\\\/schema\\\/logo\\\/image\\\/\",\"url\":\"https:\\\/\\\/www.webdo.tn\\\/fr\\\/wp-content\\\/uploads\\\/2025\\\/06\\\/Webdo-Tunisie_168377.jpg\",\"contentUrl\":\"https:\\\/\\\/www.webdo.tn\\\/fr\\\/wp-content\\\/uploads\\\/2025\\\/06\\\/Webdo-Tunisie_168377.jpg\",\"width\":301,\"height\":301,\"caption\":\"Webdo\"},\"image\":{\"@id\":\"https:\\\/\\\/www.webdo.tn\\\/fr\\\/#\\\/schema\\\/logo\\\/image\\\/\"},\"sameAs\":[\"https:\\\/\\\/www.facebook.com\\\/webdotn\",\"https:\\\/\\\/x.com\\\/webdo_tn\"],\"description\":\"Webdo est un m\u00e9dia num\u00e9rique tunisien fond\u00e9 en 2010, sp\u00e9cialis\u00e9 dans l\u2019actualit\u00e9 nationale et internationale, l\u2019\u00e9conomie, la soci\u00e9t\u00e9 et les analyses politiques. Le site s\u2019adresse \u00e0 un large public francophone et couvre l\u2019information tunisienne en temps r\u00e9el.\",\"email\":\"redac@webdo.tn\",\"legalName\":\"YNJ SARL\",\"foundingDate\":\"2010-09-06\",\"numberOfEmployees\":{\"@type\":\"QuantitativeValue\",\"minValue\":\"11\",\"maxValue\":\"50\"}},{\"@type\":\"Person\",\"@id\":\"https:\\\/\\\/www.webdo.tn\\\/fr\\\/#\\\/schema\\\/person\\\/f35b42a42c5e2511bbd282959d6385cc\",\"name\":\"CL\",\"image\":{\"@type\":\"ImageObject\",\"inLanguage\":\"fr-FR\",\"@id\":\"https:\\\/\\\/secure.gravatar.com\\\/avatar\\\/1447a49909b67aa657c488aec6512e1dd6143a480c1ecfee9b5b5cd74eb3b59e?s=96&d=mm&r=g\",\"url\":\"https:\\\/\\\/secure.gravatar.com\\\/avatar\\\/1447a49909b67aa657c488aec6512e1dd6143a480c1ecfee9b5b5cd74eb3b59e?s=96&d=mm&r=g\",\"contentUrl\":\"https:\\\/\\\/secure.gravatar.com\\\/avatar\\\/1447a49909b67aa657c488aec6512e1dd6143a480c1ecfee9b5b5cd74eb3b59e?s=96&d=mm&r=g\",\"caption\":\"CL\"},\"url\":\"https:\\\/\\\/www.webdo.tn\\\/fr\\\/actualite\\\/author\\\/cl\\\/\"}]}<\/script>\n<!-- \/ Yoast SEO Premium plugin. -->","yoast_head_json":{"title":"RFR : Derni\u00e8re \u00e9tape dans la phase des tests","description":"L\u2019entr\u00e9e en exploitation de la premi\u00e8re ligne du R\u00e9seau ferroviaire rapide de Tunis serait imminente \u00e0 en croire le dernier communiqu\u00e9 du minist\u00e8re des Transpor...","canonical":"https:\/\/www.webdo.tn\/fr\/actualite\/national\/rfr-derniere-etape-dans-la-phase-des-tests\/203162\/","og_locale":"fr_FR","og_type":"article","og_title":"RFR : Derni\u00e8re \u00e9tape dans la phase des tests","og_description":"L\u2019entr\u00e9e en exploitation de la premi\u00e8re ligne du R\u00e9seau ferroviaire rapide de Tunis serait imminente \u00e0 en croire le dernier communiqu\u00e9 du minist\u00e8re des Transpor...","og_url":"https:\/\/www.webdo.tn\/fr\/actualite\/national\/rfr-derniere-etape-dans-la-phase-des-tests\/203162\/","og_site_name":"webdo","article_publisher":"https:\/\/www.facebook.com\/webdotn","article_published_time":"2023-02-21T08:47:00+00:00","article_modified_time":"2025-05-20T22:49:15+00:00","og_image":[{"width":750,"height":400,"url":"https:\/\/www.webdo.tn\/fr\/wp-content\/uploads\/2023\/02\/cc794c6a9747cc58d5620875c0a54855.jpg","type":"image\/jpeg"}],"author":"CL","twitter_card":"summary_large_image","twitter_creator":"@webdo_tn","twitter_site":"@webdo_tn","twitter_misc":{"\u00c9crit par":"CL","Dur\u00e9e de lecture estim\u00e9e":"1 minute"},"schema":{"@context":"https:\/\/schema.org","@graph":[{"@type":"NewsArticle","@id":"https:\/\/www.webdo.tn\/fr\/actualite\/national\/rfr-derniere-etape-dans-la-phase-des-tests\/203162\/#article","isPartOf":{"@id":"https:\/\/www.webdo.tn\/fr\/actualite\/national\/rfr-derniere-etape-dans-la-phase-des-tests\/203162\/"},"author":{"name":"CL","@id":"https:\/\/www.webdo.tn\/fr\/#\/schema\/person\/f35b42a42c5e2511bbd282959d6385cc"},"headline":"RFR : Derni\u00e8re \u00e9tape dans la phase des tests","datePublished":"2023-02-21T08:47:00+00:00","dateModified":"2025-05-20T22:49:15+00:00","mainEntityOfPage":{"@id":"https:\/\/www.webdo.tn\/fr\/actualite\/national\/rfr-derniere-etape-dans-la-phase-des-tests\/203162\/"},"wordCount":201,"commentCount":0,"publisher":{"@id":"https:\/\/www.webdo.tn\/fr\/#organization"},"image":{"@id":"https:\/\/www.webdo.tn\/fr\/actualite\/national\/rfr-derniere-etape-dans-la-phase-des-tests\/203162\/#primaryimage"},"thumbnailUrl":"https:\/\/www.webdo.tn\/fr\/wp-content\/uploads\/2023\/02\/cc794c6a9747cc58d5620875c0a54855.jpg","keywords":["RFR","Transport","Tunisie"],"articleSection":["National"],"inLanguage":"fr-FR"},{"@type":"WebPage","@id":"https:\/\/www.webdo.tn\/fr\/actualite\/national\/rfr-derniere-etape-dans-la-phase-des-tests\/203162\/","url":"https:\/\/www.webdo.tn\/fr\/actualite\/national\/rfr-derniere-etape-dans-la-phase-des-tests\/203162\/","name":"RFR : Derni\u00e8re \u00e9tape dans la phase des tests","isPartOf":{"@id":"https:\/\/www.webdo.tn\/fr\/#website"},"primaryImageOfPage":{"@id":"https:\/\/www.webdo.tn\/fr\/actualite\/national\/rfr-derniere-etape-dans-la-phase-des-tests\/203162\/#primaryimage"},"image":{"@id":"https:\/\/www.webdo.tn\/fr\/actualite\/national\/rfr-derniere-etape-dans-la-phase-des-tests\/203162\/#primaryimage"},"thumbnailUrl":"https:\/\/www.webdo.tn\/fr\/wp-content\/uploads\/2023\/02\/cc794c6a9747cc58d5620875c0a54855.jpg","datePublished":"2023-02-21T08:47:00+00:00","dateModified":"2025-05-20T22:49:15+00:00","description":"L\u2019entr\u00e9e en exploitation de la premi\u00e8re ligne du R\u00e9seau ferroviaire rapide de Tunis serait imminente \u00e0 en croire le dernier communiqu\u00e9 du minist\u00e8re des Transpor...","breadcrumb":{"@id":"https:\/\/www.webdo.tn\/fr\/actualite\/national\/rfr-derniere-etape-dans-la-phase-des-tests\/203162\/#breadcrumb"},"inLanguage":"fr-FR","potentialAction":[{"@type":"ReadAction","target":["https:\/\/www.webdo.tn\/fr\/actualite\/national\/rfr-derniere-etape-dans-la-phase-des-tests\/203162\/"]}]},{"@type":"ImageObject","inLanguage":"fr-FR","@id":"https:\/\/www.webdo.tn\/fr\/actualite\/national\/rfr-derniere-etape-dans-la-phase-des-tests\/203162\/#primaryimage","url":"https:\/\/www.webdo.tn\/fr\/wp-content\/uploads\/2023\/02\/cc794c6a9747cc58d5620875c0a54855.jpg","contentUrl":"https:\/\/www.webdo.tn\/fr\/wp-content\/uploads\/2023\/02\/cc794c6a9747cc58d5620875c0a54855.jpg","width":750,"height":400,"caption":"Train"},{"@type":"BreadcrumbList","@id":"https:\/\/www.webdo.tn\/fr\/actualite\/national\/rfr-derniere-etape-dans-la-phase-des-tests\/203162\/#breadcrumb","itemListElement":[{"@type":"ListItem","position":1,"name":"Accueil","item":"https:\/\/www.webdo.tn\/fr\/"},{"@type":"ListItem","position":2,"name":"RFR : Derni\u00e8re \u00e9tape dans la phase des tests"}]},{"@type":"WebSite","@id":"https:\/\/www.webdo.tn\/fr\/#website","url":"https:\/\/www.webdo.tn\/fr\/","name":"webdo","description":"Tunisie - News en Tunisie et \u00e0 l&#039;international sur Webdo.tn","publisher":{"@id":"https:\/\/www.webdo.tn\/fr\/#organization"},"potentialAction":[{"@type":"SearchAction","target":{"@type":"EntryPoint","urlTemplate":"https:\/\/www.webdo.tn\/fr\/?s={search_term_string}"},"query-input":{"@type":"PropertyValueSpecification","valueRequired":true,"valueName":"search_term_string"}}],"inLanguage":"fr-FR"},{"@type":"Organization","@id":"https:\/\/www.webdo.tn\/fr\/#organization","name":"Webdo","alternateName":"Webdo.tn","url":"https:\/\/www.webdo.tn\/fr\/","logo":{"@type":"ImageObject","inLanguage":"fr-FR","@id":"https:\/\/www.webdo.tn\/fr\/#\/schema\/logo\/image\/","url":"https:\/\/www.webdo.tn\/fr\/wp-content\/uploads\/2025\/06\/Webdo-Tunisie_168377.jpg","contentUrl":"https:\/\/www.webdo.tn\/fr\/wp-content\/uploads\/2025\/06\/Webdo-Tunisie_168377.jpg","width":301,"height":301,"caption":"Webdo"},"image":{"@id":"https:\/\/www.webdo.tn\/fr\/#\/schema\/logo\/image\/"},"sameAs":["https:\/\/www.facebook.com\/webdotn","https:\/\/x.com\/webdo_tn"],"description":"Webdo est un m\u00e9dia num\u00e9rique tunisien fond\u00e9 en 2010, sp\u00e9cialis\u00e9 dans l\u2019actualit\u00e9 nationale et internationale, l\u2019\u00e9conomie, la soci\u00e9t\u00e9 et les analyses politiques. Le site s\u2019adresse \u00e0 un large public francophone et couvre l\u2019information tunisienne en temps r\u00e9el.","email":"redac@webdo.tn","legalName":"YNJ SARL","foundingDate":"2010-09-06","numberOfEmployees":{"@type":"QuantitativeValue","minValue":"11","maxValue":"50"}},{"@type":"Person","@id":"https:\/\/www.webdo.tn\/fr\/#\/schema\/person\/f35b42a42c5e2511bbd282959d6385cc","name":"CL","image":{"@type":"ImageObject","inLanguage":"fr-FR","@id":"https:\/\/secure.gravatar.com\/avatar\/1447a49909b67aa657c488aec6512e1dd6143a480c1ecfee9b5b5cd74eb3b59e?s=96&d=mm&r=g","url":"https:\/\/secure.gravatar.com\/avatar\/1447a49909b67aa657c488aec6512e1dd6143a480c1ecfee9b5b5cd74eb3b59e?s=96&d=mm&r=g","contentUrl":"https:\/\/secure.gravatar.com\/avatar\/1447a49909b67aa657c488aec6512e1dd6143a480c1ecfee9b5b5cd74eb3b59e?s=96&d=mm&r=g","caption":"CL"},"url":"https:\/\/www.webdo.tn\/fr\/actualite\/author\/cl\/"}]}},"_links":{"self":[{"href":"https:\/\/www.webdo.tn\/fr\/wp-json\/wp\/v2\/posts\/203162","targetHints":{"allow":["GET"]}}],"collection":[{"href":"https:\/\/www.webdo.tn\/fr\/wp-json\/wp\/v2\/posts"}],"about":[{"href":"https:\/\/www.webdo.tn\/fr\/wp-json\/wp\/v2\/types\/post"}],"author":[{"embeddable":true,"href":"https:\/\/www.webdo.tn\/fr\/wp-json\/wp\/v2\/users\/3175"}],"replies":[{"embeddable":true,"href":"https:\/\/www.webdo.tn\/fr\/wp-json\/wp\/v2\/comments?post=203162"}],"version-history":[{"count":0,"href":"https:\/\/www.webdo.tn\/fr\/wp-json\/wp\/v2\/posts\/203162\/revisions"}],"wp:featuredmedia":[{"embeddable":true,"href":"https:\/\/www.webdo.tn\/fr\/wp-json\/wp\/v2\/media\/277807"}],"wp:attachment":[{"href":"https:\/\/www.webdo.tn\/fr\/wp-json\/wp\/v2\/media?parent=203162"}],"wp:term":[{"taxonomy":"category","embeddable":true,"href":"https:\/\/www.webdo.tn\/fr\/wp-json\/wp\/v2\/categories?post=203162"},{"taxonomy":"post_tag","embeddable":true,"href":"https:\/\/www.webdo.tn\/fr\/wp-json\/wp\/v2\/tags?post=203162"}],"curies":[{"name":"wp","href":"https:\/\/api.w.org\/{rel}","templated":true}]}}