{"id":203160,"date":"2023-02-21T07:41:00","date_gmt":"2023-02-21T07:41:00","guid":{"rendered":"https:\/\/www.webdo.tn\/fr\/blog\/hopital-razi-l-inpt-rend-visite-au-magistrat-bechir-akremi\/203160\/"},"modified":"2025-05-20T22:49:15","modified_gmt":"2025-05-20T22:49:15","slug":"hopital-razi-l-inpt-rend-visite-au-magistrat-bechir-akremi","status":"publish","type":"post","link":"https:\/\/www.webdo.tn\/fr\/actualite\/national\/hopital-razi-l-inpt-rend-visite-au-magistrat-bechir-akremi\/203160\/","title":{"rendered":"H\u00f4pital Razi : L\u2019INPT rend visite au magistrat B\u00e9chir Akremi"},"content":{"rendered":"<p>Une mission de l&rsquo;Instance nationale pour la pr\u00e9vention de la torture (INPT) a rendu visite, lundi soir, au service de psychiatrie l\u00e9gale de l&rsquo;h\u00f4pital pyschiatrique Errazi, et s&rsquo;est enquise des conditions de d\u00e9tention et de traitement des personnes soumises \u00e0 l&rsquo;admission obligatoire dans ce d\u00e9partement.<\/p>\n<p>\t\t\t\t\t\t\t\t\tDans un communiqu\u00e9 publi\u00e9, lundi, l&rsquo;instance a pr\u00e9cis\u00e9 que le probl\u00e8me survenu dimanche a \u00e9t\u00e9 r\u00e9solu et que le travail de son \u00e9quipe de visite a \u00e9t\u00e9 facilit\u00e9, apr\u00e8s avoir eu contact ce matin avec la directrice g\u00e9n\u00e9rale de l&rsquo;h\u00f4pital Errazi et la cheffe de cabinet du ministre de la Sant\u00e9.<br \/>\nSe f\u00e9licitant de ce d\u00e9veloppement, l&rsquo;INPT r\u00e9affirme \u00e0 ce titre sa volont\u00e9 de poursuivre sa mission conform\u00e9ment \u00e0 la l\u00e9gislation nationale et aux normes internationales en la mati\u00e8re.<\/p>\n<p>Dans un communiqu\u00e9 publi\u00e9, hier dimanche, l&rsquo;instance a indiqu\u00e9 que ses repr\u00e9sentants ont \u00e9t\u00e9 emp\u00each\u00e9s d&rsquo;effectuer une mission aux fins de visiter, de suivre et d&rsquo;enqu\u00eater sur l&rsquo;\u00e9tat d&rsquo;un citoyen plac\u00e9 en hospitalisation obligatoire \u00e0 l&rsquo;h\u00f4pital (en r\u00e9f\u00e9rence \u00e0 B\u00e9chir Akremi, ancien procureur de la R\u00e9publique pr\u00e8s du Tribunal de premi\u00e8re instance de Tunis et magistrat r\u00e9voqu\u00e9) \u00ab\u00a0.<\/p>\n<p>Pour sa part, le minist\u00e8re de la sant\u00e9 a pr\u00e9cis\u00e9, lundi, dans un communiqu\u00e9 publi\u00e9 \u00e0 cet effet, que la d\u00e9cision d&rsquo;interdire la d\u00e9l\u00e9gation de l&rsquo;INPT de rendre visite au magistrat r\u00e9voqu\u00e9, B\u00e9chir Akremi, actuellement sous admission obligatoire au service de m\u00e9decine l\u00e9gale de l&rsquo;h\u00f4pital psychiatrique Errazi est une \u00ab\u00a0proc\u00e9dure m\u00e9dicale habituelle qui s&rsquo;applique \u00e0 tous les d\u00e9partements similaires dans le monde entier.\u00a0\u00bb<\/p>\n","protected":false},"excerpt":{"rendered":"<p>Une mission de l&rsquo;Instance nationale pour la pr\u00e9vention de la torture (INPT) a rendu visite, lundi soir, au service de psychiatrie l\u00e9gale de l&rsquo;h\u00f4pital psychiatri&#8230;<\/p>\n","protected":false},"author":3175,"featured_media":277805,"comment_status":"open","ping_status":"closed","sticky":false,"template":"","format":"standard","meta":{"footnotes":""},"categories":[44],"tags":[6639,2608],"class_list":["post-203160","post","type-post","status-publish","format-standard","has-post-thumbnail","hentry","category-national","tag-akermi","tag-tunisie"],"yoast_head":"<!-- This site is optimized with the Yoast SEO Premium plugin v27.4 (Yoast SEO v27.5) - https:\/\/yoast.com\/product\/yoast-seo-premium-wordpress\/ -->\n<title>H\u00f4pital Razi : L\u2019INPT rend visite au magistrat B\u00e9chir Akremi<\/title>\n<meta name=\"description\" content=\"Une mission de l&#039;Instance nationale pour la pr\u00e9vention de la torture (INPT) a rendu visite, lundi soir, au service de psychiatrie l\u00e9gale de l&#039;h\u00f4pital psychiatri...\" \/>\n<link rel=\"canonical\" href=\"https:\/\/www.webdo.tn\/fr\/actualite\/national\/hopital-razi-l-inpt-rend-visite-au-magistrat-bechir-akremi\/203160\/\" \/>\n<meta property=\"og:locale\" content=\"fr_FR\" \/>\n<meta property=\"og:type\" content=\"article\" \/>\n<meta property=\"og:title\" content=\"H\u00f4pital Razi : L\u2019INPT rend visite au magistrat B\u00e9chir Akremi\" \/>\n<meta property=\"og:description\" content=\"Une mission de l&#039;Instance nationale pour la pr\u00e9vention de la torture (INPT) a rendu visite, lundi soir, au service de psychiatrie l\u00e9gale de l&#039;h\u00f4pital psychiatri...\" \/>\n<meta property=\"og:url\" content=\"https:\/\/www.webdo.tn\/fr\/actualite\/national\/hopital-razi-l-inpt-rend-visite-au-magistrat-bechir-akremi\/203160\/\" \/>\n<meta property=\"og:site_name\" content=\"webdo\" \/>\n<meta property=\"article:publisher\" content=\"https:\/\/www.facebook.com\/webdotn\" \/>\n<meta property=\"article:published_time\" content=\"2023-02-21T07:41:00+00:00\" \/>\n<meta property=\"article:modified_time\" content=\"2025-05-20T22:49:15+00:00\" \/>\n<meta property=\"og:image\" content=\"https:\/\/www.webdo.tn\/fr\/wp-content\/uploads\/2023\/02\/68d615319cd4ed750dd0efa0fae612e0.png\" \/>\n\t<meta property=\"og:image:width\" content=\"750\" \/>\n\t<meta property=\"og:image:height\" content=\"400\" \/>\n\t<meta property=\"og:image:type\" content=\"image\/png\" \/>\n<meta name=\"author\" content=\"CL\" \/>\n<meta name=\"twitter:card\" content=\"summary_large_image\" \/>\n<meta name=\"twitter:creator\" content=\"@webdo_tn\" \/>\n<meta name=\"twitter:site\" content=\"@webdo_tn\" \/>\n<meta name=\"twitter:label1\" content=\"\u00c9crit par\" \/>\n\t<meta name=\"twitter:data1\" content=\"CL\" \/>\n\t<meta name=\"twitter:label2\" content=\"Dur\u00e9e de lecture estim\u00e9e\" \/>\n\t<meta name=\"twitter:data2\" content=\"1 minute\" \/>\n<script type=\"application\/ld+json\" class=\"yoast-schema-graph\">{\"@context\":\"https:\\\/\\\/schema.org\",\"@graph\":[{\"@type\":\"NewsArticle\",\"@id\":\"https:\\\/\\\/www.webdo.tn\\\/fr\\\/actualite\\\/national\\\/hopital-razi-l-inpt-rend-visite-au-magistrat-bechir-akremi\\\/203160\\\/#article\",\"isPartOf\":{\"@id\":\"https:\\\/\\\/www.webdo.tn\\\/fr\\\/actualite\\\/national\\\/hopital-razi-l-inpt-rend-visite-au-magistrat-bechir-akremi\\\/203160\\\/\"},\"author\":{\"name\":\"CL\",\"@id\":\"https:\\\/\\\/www.webdo.tn\\\/fr\\\/#\\\/schema\\\/person\\\/f35b42a42c5e2511bbd282959d6385cc\"},\"headline\":\"H\u00f4pital Razi : L\u2019INPT rend visite au magistrat B\u00e9chir Akremi\",\"datePublished\":\"2023-02-21T07:41:00+00:00\",\"dateModified\":\"2025-05-20T22:49:15+00:00\",\"mainEntityOfPage\":{\"@id\":\"https:\\\/\\\/www.webdo.tn\\\/fr\\\/actualite\\\/national\\\/hopital-razi-l-inpt-rend-visite-au-magistrat-bechir-akremi\\\/203160\\\/\"},\"wordCount\":309,\"commentCount\":0,\"publisher\":{\"@id\":\"https:\\\/\\\/www.webdo.tn\\\/fr\\\/#organization\"},\"image\":{\"@id\":\"https:\\\/\\\/www.webdo.tn\\\/fr\\\/actualite\\\/national\\\/hopital-razi-l-inpt-rend-visite-au-magistrat-bechir-akremi\\\/203160\\\/#primaryimage\"},\"thumbnailUrl\":\"https:\\\/\\\/www.webdo.tn\\\/fr\\\/wp-content\\\/uploads\\\/2023\\\/02\\\/68d615319cd4ed750dd0efa0fae612e0.png\",\"keywords\":[\"Akermi\",\"Tunisie\"],\"articleSection\":[\"National\"],\"inLanguage\":\"fr-FR\"},{\"@type\":\"WebPage\",\"@id\":\"https:\\\/\\\/www.webdo.tn\\\/fr\\\/actualite\\\/national\\\/hopital-razi-l-inpt-rend-visite-au-magistrat-bechir-akremi\\\/203160\\\/\",\"url\":\"https:\\\/\\\/www.webdo.tn\\\/fr\\\/actualite\\\/national\\\/hopital-razi-l-inpt-rend-visite-au-magistrat-bechir-akremi\\\/203160\\\/\",\"name\":\"H\u00f4pital Razi : L\u2019INPT rend visite au magistrat B\u00e9chir Akremi\",\"isPartOf\":{\"@id\":\"https:\\\/\\\/www.webdo.tn\\\/fr\\\/#website\"},\"primaryImageOfPage\":{\"@id\":\"https:\\\/\\\/www.webdo.tn\\\/fr\\\/actualite\\\/national\\\/hopital-razi-l-inpt-rend-visite-au-magistrat-bechir-akremi\\\/203160\\\/#primaryimage\"},\"image\":{\"@id\":\"https:\\\/\\\/www.webdo.tn\\\/fr\\\/actualite\\\/national\\\/hopital-razi-l-inpt-rend-visite-au-magistrat-bechir-akremi\\\/203160\\\/#primaryimage\"},\"thumbnailUrl\":\"https:\\\/\\\/www.webdo.tn\\\/fr\\\/wp-content\\\/uploads\\\/2023\\\/02\\\/68d615319cd4ed750dd0efa0fae612e0.png\",\"datePublished\":\"2023-02-21T07:41:00+00:00\",\"dateModified\":\"2025-05-20T22:49:15+00:00\",\"description\":\"Une mission de l'Instance nationale pour la pr\u00e9vention de la torture (INPT) a rendu visite, lundi soir, au service de psychiatrie l\u00e9gale de l'h\u00f4pital psychiatri...\",\"breadcrumb\":{\"@id\":\"https:\\\/\\\/www.webdo.tn\\\/fr\\\/actualite\\\/national\\\/hopital-razi-l-inpt-rend-visite-au-magistrat-bechir-akremi\\\/203160\\\/#breadcrumb\"},\"inLanguage\":\"fr-FR\",\"potentialAction\":[{\"@type\":\"ReadAction\",\"target\":[\"https:\\\/\\\/www.webdo.tn\\\/fr\\\/actualite\\\/national\\\/hopital-razi-l-inpt-rend-visite-au-magistrat-bechir-akremi\\\/203160\\\/\"]}]},{\"@type\":\"ImageObject\",\"inLanguage\":\"fr-FR\",\"@id\":\"https:\\\/\\\/www.webdo.tn\\\/fr\\\/actualite\\\/national\\\/hopital-razi-l-inpt-rend-visite-au-magistrat-bechir-akremi\\\/203160\\\/#primaryimage\",\"url\":\"https:\\\/\\\/www.webdo.tn\\\/fr\\\/wp-content\\\/uploads\\\/2023\\\/02\\\/68d615319cd4ed750dd0efa0fae612e0.png\",\"contentUrl\":\"https:\\\/\\\/www.webdo.tn\\\/fr\\\/wp-content\\\/uploads\\\/2023\\\/02\\\/68d615319cd4ed750dd0efa0fae612e0.png\",\"width\":750,\"height\":400,\"caption\":\"Bechir Akermi\"},{\"@type\":\"BreadcrumbList\",\"@id\":\"https:\\\/\\\/www.webdo.tn\\\/fr\\\/actualite\\\/national\\\/hopital-razi-l-inpt-rend-visite-au-magistrat-bechir-akremi\\\/203160\\\/#breadcrumb\",\"itemListElement\":[{\"@type\":\"ListItem\",\"position\":1,\"name\":\"Accueil\",\"item\":\"https:\\\/\\\/www.webdo.tn\\\/fr\\\/\"},{\"@type\":\"ListItem\",\"position\":2,\"name\":\"H\u00f4pital Razi : L\u2019INPT rend visite au magistrat B\u00e9chir Akremi\"}]},{\"@type\":\"WebSite\",\"@id\":\"https:\\\/\\\/www.webdo.tn\\\/fr\\\/#website\",\"url\":\"https:\\\/\\\/www.webdo.tn\\\/fr\\\/\",\"name\":\"webdo\",\"description\":\"Tunisie - News en Tunisie et \u00e0 l&#039;international sur Webdo.tn\",\"publisher\":{\"@id\":\"https:\\\/\\\/www.webdo.tn\\\/fr\\\/#organization\"},\"potentialAction\":[{\"@type\":\"SearchAction\",\"target\":{\"@type\":\"EntryPoint\",\"urlTemplate\":\"https:\\\/\\\/www.webdo.tn\\\/fr\\\/?s={search_term_string}\"},\"query-input\":{\"@type\":\"PropertyValueSpecification\",\"valueRequired\":true,\"valueName\":\"search_term_string\"}}],\"inLanguage\":\"fr-FR\"},{\"@type\":\"Organization\",\"@id\":\"https:\\\/\\\/www.webdo.tn\\\/fr\\\/#organization\",\"name\":\"Webdo\",\"alternateName\":\"Webdo.tn\",\"url\":\"https:\\\/\\\/www.webdo.tn\\\/fr\\\/\",\"logo\":{\"@type\":\"ImageObject\",\"inLanguage\":\"fr-FR\",\"@id\":\"https:\\\/\\\/www.webdo.tn\\\/fr\\\/#\\\/schema\\\/logo\\\/image\\\/\",\"url\":\"https:\\\/\\\/www.webdo.tn\\\/fr\\\/wp-content\\\/uploads\\\/2025\\\/06\\\/Webdo-Tunisie_168377.jpg\",\"contentUrl\":\"https:\\\/\\\/www.webdo.tn\\\/fr\\\/wp-content\\\/uploads\\\/2025\\\/06\\\/Webdo-Tunisie_168377.jpg\",\"width\":301,\"height\":301,\"caption\":\"Webdo\"},\"image\":{\"@id\":\"https:\\\/\\\/www.webdo.tn\\\/fr\\\/#\\\/schema\\\/logo\\\/image\\\/\"},\"sameAs\":[\"https:\\\/\\\/www.facebook.com\\\/webdotn\",\"https:\\\/\\\/x.com\\\/webdo_tn\"],\"description\":\"Webdo est un m\u00e9dia num\u00e9rique tunisien fond\u00e9 en 2010, sp\u00e9cialis\u00e9 dans l\u2019actualit\u00e9 nationale et internationale, l\u2019\u00e9conomie, la soci\u00e9t\u00e9 et les analyses politiques. Le site s\u2019adresse \u00e0 un large public francophone et couvre l\u2019information tunisienne en temps r\u00e9el.\",\"email\":\"redac@webdo.tn\",\"legalName\":\"YNJ SARL\",\"foundingDate\":\"2010-09-06\",\"numberOfEmployees\":{\"@type\":\"QuantitativeValue\",\"minValue\":\"11\",\"maxValue\":\"50\"}},{\"@type\":\"Person\",\"@id\":\"https:\\\/\\\/www.webdo.tn\\\/fr\\\/#\\\/schema\\\/person\\\/f35b42a42c5e2511bbd282959d6385cc\",\"name\":\"CL\",\"image\":{\"@type\":\"ImageObject\",\"inLanguage\":\"fr-FR\",\"@id\":\"https:\\\/\\\/secure.gravatar.com\\\/avatar\\\/1447a49909b67aa657c488aec6512e1dd6143a480c1ecfee9b5b5cd74eb3b59e?s=96&d=mm&r=g\",\"url\":\"https:\\\/\\\/secure.gravatar.com\\\/avatar\\\/1447a49909b67aa657c488aec6512e1dd6143a480c1ecfee9b5b5cd74eb3b59e?s=96&d=mm&r=g\",\"contentUrl\":\"https:\\\/\\\/secure.gravatar.com\\\/avatar\\\/1447a49909b67aa657c488aec6512e1dd6143a480c1ecfee9b5b5cd74eb3b59e?s=96&d=mm&r=g\",\"caption\":\"CL\"},\"url\":\"https:\\\/\\\/www.webdo.tn\\\/fr\\\/actualite\\\/author\\\/cl\\\/\"}]}<\/script>\n<!-- \/ Yoast SEO Premium plugin. -->","yoast_head_json":{"title":"H\u00f4pital Razi : L\u2019INPT rend visite au magistrat B\u00e9chir Akremi","description":"Une mission de l'Instance nationale pour la pr\u00e9vention de la torture (INPT) a rendu visite, lundi soir, au service de psychiatrie l\u00e9gale de l'h\u00f4pital psychiatri...","canonical":"https:\/\/www.webdo.tn\/fr\/actualite\/national\/hopital-razi-l-inpt-rend-visite-au-magistrat-bechir-akremi\/203160\/","og_locale":"fr_FR","og_type":"article","og_title":"H\u00f4pital Razi : L\u2019INPT rend visite au magistrat B\u00e9chir Akremi","og_description":"Une mission de l'Instance nationale pour la pr\u00e9vention de la torture (INPT) a rendu visite, lundi soir, au service de psychiatrie l\u00e9gale de l'h\u00f4pital psychiatri...","og_url":"https:\/\/www.webdo.tn\/fr\/actualite\/national\/hopital-razi-l-inpt-rend-visite-au-magistrat-bechir-akremi\/203160\/","og_site_name":"webdo","article_publisher":"https:\/\/www.facebook.com\/webdotn","article_published_time":"2023-02-21T07:41:00+00:00","article_modified_time":"2025-05-20T22:49:15+00:00","og_image":[{"width":750,"height":400,"url":"https:\/\/www.webdo.tn\/fr\/wp-content\/uploads\/2023\/02\/68d615319cd4ed750dd0efa0fae612e0.png","type":"image\/png"}],"author":"CL","twitter_card":"summary_large_image","twitter_creator":"@webdo_tn","twitter_site":"@webdo_tn","twitter_misc":{"\u00c9crit par":"CL","Dur\u00e9e de lecture estim\u00e9e":"1 minute"},"schema":{"@context":"https:\/\/schema.org","@graph":[{"@type":"NewsArticle","@id":"https:\/\/www.webdo.tn\/fr\/actualite\/national\/hopital-razi-l-inpt-rend-visite-au-magistrat-bechir-akremi\/203160\/#article","isPartOf":{"@id":"https:\/\/www.webdo.tn\/fr\/actualite\/national\/hopital-razi-l-inpt-rend-visite-au-magistrat-bechir-akremi\/203160\/"},"author":{"name":"CL","@id":"https:\/\/www.webdo.tn\/fr\/#\/schema\/person\/f35b42a42c5e2511bbd282959d6385cc"},"headline":"H\u00f4pital Razi : L\u2019INPT rend visite au magistrat B\u00e9chir Akremi","datePublished":"2023-02-21T07:41:00+00:00","dateModified":"2025-05-20T22:49:15+00:00","mainEntityOfPage":{"@id":"https:\/\/www.webdo.tn\/fr\/actualite\/national\/hopital-razi-l-inpt-rend-visite-au-magistrat-bechir-akremi\/203160\/"},"wordCount":309,"commentCount":0,"publisher":{"@id":"https:\/\/www.webdo.tn\/fr\/#organization"},"image":{"@id":"https:\/\/www.webdo.tn\/fr\/actualite\/national\/hopital-razi-l-inpt-rend-visite-au-magistrat-bechir-akremi\/203160\/#primaryimage"},"thumbnailUrl":"https:\/\/www.webdo.tn\/fr\/wp-content\/uploads\/2023\/02\/68d615319cd4ed750dd0efa0fae612e0.png","keywords":["Akermi","Tunisie"],"articleSection":["National"],"inLanguage":"fr-FR"},{"@type":"WebPage","@id":"https:\/\/www.webdo.tn\/fr\/actualite\/national\/hopital-razi-l-inpt-rend-visite-au-magistrat-bechir-akremi\/203160\/","url":"https:\/\/www.webdo.tn\/fr\/actualite\/national\/hopital-razi-l-inpt-rend-visite-au-magistrat-bechir-akremi\/203160\/","name":"H\u00f4pital Razi : L\u2019INPT rend visite au magistrat B\u00e9chir Akremi","isPartOf":{"@id":"https:\/\/www.webdo.tn\/fr\/#website"},"primaryImageOfPage":{"@id":"https:\/\/www.webdo.tn\/fr\/actualite\/national\/hopital-razi-l-inpt-rend-visite-au-magistrat-bechir-akremi\/203160\/#primaryimage"},"image":{"@id":"https:\/\/www.webdo.tn\/fr\/actualite\/national\/hopital-razi-l-inpt-rend-visite-au-magistrat-bechir-akremi\/203160\/#primaryimage"},"thumbnailUrl":"https:\/\/www.webdo.tn\/fr\/wp-content\/uploads\/2023\/02\/68d615319cd4ed750dd0efa0fae612e0.png","datePublished":"2023-02-21T07:41:00+00:00","dateModified":"2025-05-20T22:49:15+00:00","description":"Une mission de l'Instance nationale pour la pr\u00e9vention de la torture (INPT) a rendu visite, lundi soir, au service de psychiatrie l\u00e9gale de l'h\u00f4pital psychiatri...","breadcrumb":{"@id":"https:\/\/www.webdo.tn\/fr\/actualite\/national\/hopital-razi-l-inpt-rend-visite-au-magistrat-bechir-akremi\/203160\/#breadcrumb"},"inLanguage":"fr-FR","potentialAction":[{"@type":"ReadAction","target":["https:\/\/www.webdo.tn\/fr\/actualite\/national\/hopital-razi-l-inpt-rend-visite-au-magistrat-bechir-akremi\/203160\/"]}]},{"@type":"ImageObject","inLanguage":"fr-FR","@id":"https:\/\/www.webdo.tn\/fr\/actualite\/national\/hopital-razi-l-inpt-rend-visite-au-magistrat-bechir-akremi\/203160\/#primaryimage","url":"https:\/\/www.webdo.tn\/fr\/wp-content\/uploads\/2023\/02\/68d615319cd4ed750dd0efa0fae612e0.png","contentUrl":"https:\/\/www.webdo.tn\/fr\/wp-content\/uploads\/2023\/02\/68d615319cd4ed750dd0efa0fae612e0.png","width":750,"height":400,"caption":"Bechir Akermi"},{"@type":"BreadcrumbList","@id":"https:\/\/www.webdo.tn\/fr\/actualite\/national\/hopital-razi-l-inpt-rend-visite-au-magistrat-bechir-akremi\/203160\/#breadcrumb","itemListElement":[{"@type":"ListItem","position":1,"name":"Accueil","item":"https:\/\/www.webdo.tn\/fr\/"},{"@type":"ListItem","position":2,"name":"H\u00f4pital Razi : L\u2019INPT rend visite au magistrat B\u00e9chir Akremi"}]},{"@type":"WebSite","@id":"https:\/\/www.webdo.tn\/fr\/#website","url":"https:\/\/www.webdo.tn\/fr\/","name":"webdo","description":"Tunisie - News en Tunisie et \u00e0 l&#039;international sur Webdo.tn","publisher":{"@id":"https:\/\/www.webdo.tn\/fr\/#organization"},"potentialAction":[{"@type":"SearchAction","target":{"@type":"EntryPoint","urlTemplate":"https:\/\/www.webdo.tn\/fr\/?s={search_term_string}"},"query-input":{"@type":"PropertyValueSpecification","valueRequired":true,"valueName":"search_term_string"}}],"inLanguage":"fr-FR"},{"@type":"Organization","@id":"https:\/\/www.webdo.tn\/fr\/#organization","name":"Webdo","alternateName":"Webdo.tn","url":"https:\/\/www.webdo.tn\/fr\/","logo":{"@type":"ImageObject","inLanguage":"fr-FR","@id":"https:\/\/www.webdo.tn\/fr\/#\/schema\/logo\/image\/","url":"https:\/\/www.webdo.tn\/fr\/wp-content\/uploads\/2025\/06\/Webdo-Tunisie_168377.jpg","contentUrl":"https:\/\/www.webdo.tn\/fr\/wp-content\/uploads\/2025\/06\/Webdo-Tunisie_168377.jpg","width":301,"height":301,"caption":"Webdo"},"image":{"@id":"https:\/\/www.webdo.tn\/fr\/#\/schema\/logo\/image\/"},"sameAs":["https:\/\/www.facebook.com\/webdotn","https:\/\/x.com\/webdo_tn"],"description":"Webdo est un m\u00e9dia num\u00e9rique tunisien fond\u00e9 en 2010, sp\u00e9cialis\u00e9 dans l\u2019actualit\u00e9 nationale et internationale, l\u2019\u00e9conomie, la soci\u00e9t\u00e9 et les analyses politiques. Le site s\u2019adresse \u00e0 un large public francophone et couvre l\u2019information tunisienne en temps r\u00e9el.","email":"redac@webdo.tn","legalName":"YNJ SARL","foundingDate":"2010-09-06","numberOfEmployees":{"@type":"QuantitativeValue","minValue":"11","maxValue":"50"}},{"@type":"Person","@id":"https:\/\/www.webdo.tn\/fr\/#\/schema\/person\/f35b42a42c5e2511bbd282959d6385cc","name":"CL","image":{"@type":"ImageObject","inLanguage":"fr-FR","@id":"https:\/\/secure.gravatar.com\/avatar\/1447a49909b67aa657c488aec6512e1dd6143a480c1ecfee9b5b5cd74eb3b59e?s=96&d=mm&r=g","url":"https:\/\/secure.gravatar.com\/avatar\/1447a49909b67aa657c488aec6512e1dd6143a480c1ecfee9b5b5cd74eb3b59e?s=96&d=mm&r=g","contentUrl":"https:\/\/secure.gravatar.com\/avatar\/1447a49909b67aa657c488aec6512e1dd6143a480c1ecfee9b5b5cd74eb3b59e?s=96&d=mm&r=g","caption":"CL"},"url":"https:\/\/www.webdo.tn\/fr\/actualite\/author\/cl\/"}]}},"_links":{"self":[{"href":"https:\/\/www.webdo.tn\/fr\/wp-json\/wp\/v2\/posts\/203160","targetHints":{"allow":["GET"]}}],"collection":[{"href":"https:\/\/www.webdo.tn\/fr\/wp-json\/wp\/v2\/posts"}],"about":[{"href":"https:\/\/www.webdo.tn\/fr\/wp-json\/wp\/v2\/types\/post"}],"author":[{"embeddable":true,"href":"https:\/\/www.webdo.tn\/fr\/wp-json\/wp\/v2\/users\/3175"}],"replies":[{"embeddable":true,"href":"https:\/\/www.webdo.tn\/fr\/wp-json\/wp\/v2\/comments?post=203160"}],"version-history":[{"count":0,"href":"https:\/\/www.webdo.tn\/fr\/wp-json\/wp\/v2\/posts\/203160\/revisions"}],"wp:featuredmedia":[{"embeddable":true,"href":"https:\/\/www.webdo.tn\/fr\/wp-json\/wp\/v2\/media\/277805"}],"wp:attachment":[{"href":"https:\/\/www.webdo.tn\/fr\/wp-json\/wp\/v2\/media?parent=203160"}],"wp:term":[{"taxonomy":"category","embeddable":true,"href":"https:\/\/www.webdo.tn\/fr\/wp-json\/wp\/v2\/categories?post=203160"},{"taxonomy":"post_tag","embeddable":true,"href":"https:\/\/www.webdo.tn\/fr\/wp-json\/wp\/v2\/tags?post=203160"}],"curies":[{"name":"wp","href":"https:\/\/api.w.org\/{rel}","templated":true}]}}