{"id":203159,"date":"2023-02-21T07:34:00","date_gmt":"2023-02-21T07:34:00","guid":{"rendered":"https:\/\/www.webdo.tn\/fr\/blog\/mandat-de-depot-contre-noureddine-boutar\/203159\/"},"modified":"2025-05-20T22:45:24","modified_gmt":"2025-05-20T22:45:24","slug":"mandat-de-depot-contre-noureddine-boutar","status":"publish","type":"post","link":"https:\/\/www.webdo.tn\/fr\/actualite\/national\/mandat-de-depot-contre-noureddine-boutar\/203159\/","title":{"rendered":"Mandat de d\u00e9p\u00f4t contre Noureddine Boutar"},"content":{"rendered":"<p>Le juge d\u2019instruction au P\u00f4le judiciaire financier a \u00e9mis, hier lundi 20 f\u00e9vrier 2023, un mandat de d\u00e9p\u00f4t contre le directeur g\u00e9n\u00e9ral de la radio Mosa\u00efque FM, Noureddine Boutar.<\/p>\n<p>\t\t\t\t\t\t\t\t\tSelon son avocat Ayoub Ghedamsi Boutar est accus\u00e9 de \u00ab\u00a0l&rsquo;utilisation de la ligne \u00e9ditoriale de la Radio pour s\u2019attaquer au plus haut symbole de l\u2019\u00c9tat et exacerber les tensions dans le pays\u00a0\u00bb, rapporte la radio elle-m\u00eame.\u00a0<\/p>\n<p>\u00ab\u00a0Le dossier se base sur des rapports s\u00e9curitaires d\u00e9nu\u00e9s de preuves pour justifier une telle d\u00e9cision. Ceci ne se base que sur les d\u00e9clarations et les activit\u00e9s des journalistes dans cette radio.<\/p>\n<p>La d\u00e9fense a pr\u00e9sent\u00e9 tous les documents qui prouvent l\u2019innocence de notre client. Nous sommes d\u00e9sormais convaincus que c\u2019est la ligne \u00e9ditoriale de Mosa\u00efque FM qui d\u00e9range celui qui est derri\u00e8re cette affaire\u00a0\u00bb, a-t-il \u00e9galement expliqu\u00e9.<\/p>\n","protected":false},"excerpt":{"rendered":"<p>Le juge d\u2019instruction au P\u00f4le judiciaire financier a \u00e9mis, hier lundi 20 f\u00e9vrier 2023, un mandat de d\u00e9p\u00f4t contre le directeur g\u00e9n\u00e9ral de la radio Mosa\u00efque FM, N&#8230;<\/p>\n","protected":false},"author":3175,"featured_media":251941,"comment_status":"open","ping_status":"closed","sticky":false,"template":"","format":"standard","meta":{"footnotes":""},"categories":[44],"tags":[2886,5808,2608],"class_list":["post-203159","post","type-post","status-publish","format-standard","has-post-thumbnail","hentry","category-national","tag-mandat-de-depot","tag-mosaique-fm","tag-tunisie"],"yoast_head":"<!-- This site is optimized with the Yoast SEO Premium plugin v27.5 (Yoast SEO v27.5) - https:\/\/yoast.com\/product\/yoast-seo-premium-wordpress\/ -->\n<title>Mandat de d\u00e9p\u00f4t contre Noureddine Boutar<\/title>\n<meta name=\"description\" content=\"Le juge d\u2019instruction au P\u00f4le judiciaire financier a \u00e9mis, hier lundi 20 f\u00e9vrier 2023, un mandat de d\u00e9p\u00f4t contre le directeur g\u00e9n\u00e9ral de la radio Mosa\u00efque FM, N...\" \/>\n<link rel=\"canonical\" href=\"https:\/\/www.webdo.tn\/fr\/actualite\/national\/mandat-de-depot-contre-noureddine-boutar\/203159\/\" \/>\n<meta property=\"og:locale\" content=\"fr_FR\" \/>\n<meta property=\"og:type\" content=\"article\" \/>\n<meta property=\"og:title\" content=\"Mandat de d\u00e9p\u00f4t contre Noureddine Boutar\" \/>\n<meta property=\"og:description\" content=\"Le juge d\u2019instruction au P\u00f4le judiciaire financier a \u00e9mis, hier lundi 20 f\u00e9vrier 2023, un mandat de d\u00e9p\u00f4t contre le directeur g\u00e9n\u00e9ral de la radio Mosa\u00efque FM, N...\" \/>\n<meta property=\"og:url\" content=\"https:\/\/www.webdo.tn\/fr\/actualite\/national\/mandat-de-depot-contre-noureddine-boutar\/203159\/\" \/>\n<meta property=\"og:site_name\" content=\"webdo\" \/>\n<meta property=\"article:publisher\" content=\"https:\/\/www.facebook.com\/webdotn\" \/>\n<meta property=\"article:published_time\" content=\"2023-02-21T07:34:00+00:00\" \/>\n<meta property=\"article:modified_time\" content=\"2025-05-20T22:45:24+00:00\" \/>\n<meta property=\"og:image\" content=\"https:\/\/www.webdo.tn\/fr\/wp-content\/uploads\/2023\/02\/3962f944c72c1f5029657d1fb4f5d115.jpg\" \/>\n\t<meta property=\"og:image:width\" content=\"750\" \/>\n\t<meta property=\"og:image:height\" content=\"400\" \/>\n\t<meta property=\"og:image:type\" content=\"image\/jpeg\" \/>\n<meta name=\"author\" content=\"CL\" \/>\n<meta name=\"twitter:card\" content=\"summary_large_image\" \/>\n<meta name=\"twitter:creator\" content=\"@webdo_tn\" \/>\n<meta name=\"twitter:site\" content=\"@webdo_tn\" \/>\n<meta name=\"twitter:label1\" content=\"\u00c9crit par\" \/>\n\t<meta name=\"twitter:data1\" content=\"CL\" \/>\n\t<meta name=\"twitter:label2\" content=\"Dur\u00e9e de lecture estim\u00e9e\" \/>\n\t<meta name=\"twitter:data2\" content=\"1 minute\" \/>\n<script type=\"application\/ld+json\" class=\"yoast-schema-graph\">{\"@context\":\"https:\\\/\\\/schema.org\",\"@graph\":[{\"@type\":\"NewsArticle\",\"@id\":\"https:\\\/\\\/www.webdo.tn\\\/fr\\\/actualite\\\/national\\\/mandat-de-depot-contre-noureddine-boutar\\\/203159\\\/#article\",\"isPartOf\":{\"@id\":\"https:\\\/\\\/www.webdo.tn\\\/fr\\\/actualite\\\/national\\\/mandat-de-depot-contre-noureddine-boutar\\\/203159\\\/\"},\"author\":{\"name\":\"CL\",\"@id\":\"https:\\\/\\\/www.webdo.tn\\\/fr\\\/#\\\/schema\\\/person\\\/f35b42a42c5e2511bbd282959d6385cc\"},\"headline\":\"Mandat de d\u00e9p\u00f4t contre Noureddine Boutar\",\"datePublished\":\"2023-02-21T07:34:00+00:00\",\"dateModified\":\"2025-05-20T22:45:24+00:00\",\"mainEntityOfPage\":{\"@id\":\"https:\\\/\\\/www.webdo.tn\\\/fr\\\/actualite\\\/national\\\/mandat-de-depot-contre-noureddine-boutar\\\/203159\\\/\"},\"wordCount\":165,\"commentCount\":0,\"publisher\":{\"@id\":\"https:\\\/\\\/www.webdo.tn\\\/fr\\\/#organization\"},\"image\":{\"@id\":\"https:\\\/\\\/www.webdo.tn\\\/fr\\\/actualite\\\/national\\\/mandat-de-depot-contre-noureddine-boutar\\\/203159\\\/#primaryimage\"},\"thumbnailUrl\":\"https:\\\/\\\/www.webdo.tn\\\/fr\\\/wp-content\\\/uploads\\\/2023\\\/02\\\/3962f944c72c1f5029657d1fb4f5d115.jpg\",\"keywords\":[\"mandat de d\u00e9p\u00f4t\",\"mosaique fm\",\"Tunisie\"],\"articleSection\":[\"National\"],\"inLanguage\":\"fr-FR\"},{\"@type\":\"WebPage\",\"@id\":\"https:\\\/\\\/www.webdo.tn\\\/fr\\\/actualite\\\/national\\\/mandat-de-depot-contre-noureddine-boutar\\\/203159\\\/\",\"url\":\"https:\\\/\\\/www.webdo.tn\\\/fr\\\/actualite\\\/national\\\/mandat-de-depot-contre-noureddine-boutar\\\/203159\\\/\",\"name\":\"Mandat de d\u00e9p\u00f4t contre Noureddine Boutar\",\"isPartOf\":{\"@id\":\"https:\\\/\\\/www.webdo.tn\\\/fr\\\/#website\"},\"primaryImageOfPage\":{\"@id\":\"https:\\\/\\\/www.webdo.tn\\\/fr\\\/actualite\\\/national\\\/mandat-de-depot-contre-noureddine-boutar\\\/203159\\\/#primaryimage\"},\"image\":{\"@id\":\"https:\\\/\\\/www.webdo.tn\\\/fr\\\/actualite\\\/national\\\/mandat-de-depot-contre-noureddine-boutar\\\/203159\\\/#primaryimage\"},\"thumbnailUrl\":\"https:\\\/\\\/www.webdo.tn\\\/fr\\\/wp-content\\\/uploads\\\/2023\\\/02\\\/3962f944c72c1f5029657d1fb4f5d115.jpg\",\"datePublished\":\"2023-02-21T07:34:00+00:00\",\"dateModified\":\"2025-05-20T22:45:24+00:00\",\"description\":\"Le juge d\u2019instruction au P\u00f4le judiciaire financier a \u00e9mis, hier lundi 20 f\u00e9vrier 2023, un mandat de d\u00e9p\u00f4t contre le directeur g\u00e9n\u00e9ral de la radio Mosa\u00efque FM, N...\",\"breadcrumb\":{\"@id\":\"https:\\\/\\\/www.webdo.tn\\\/fr\\\/actualite\\\/national\\\/mandat-de-depot-contre-noureddine-boutar\\\/203159\\\/#breadcrumb\"},\"inLanguage\":\"fr-FR\",\"potentialAction\":[{\"@type\":\"ReadAction\",\"target\":[\"https:\\\/\\\/www.webdo.tn\\\/fr\\\/actualite\\\/national\\\/mandat-de-depot-contre-noureddine-boutar\\\/203159\\\/\"]}]},{\"@type\":\"ImageObject\",\"inLanguage\":\"fr-FR\",\"@id\":\"https:\\\/\\\/www.webdo.tn\\\/fr\\\/actualite\\\/national\\\/mandat-de-depot-contre-noureddine-boutar\\\/203159\\\/#primaryimage\",\"url\":\"https:\\\/\\\/www.webdo.tn\\\/fr\\\/wp-content\\\/uploads\\\/2023\\\/02\\\/3962f944c72c1f5029657d1fb4f5d115.jpg\",\"contentUrl\":\"https:\\\/\\\/www.webdo.tn\\\/fr\\\/wp-content\\\/uploads\\\/2023\\\/02\\\/3962f944c72c1f5029657d1fb4f5d115.jpg\",\"width\":750,\"height\":400,\"caption\":\"Noureddine Boutar\"},{\"@type\":\"BreadcrumbList\",\"@id\":\"https:\\\/\\\/www.webdo.tn\\\/fr\\\/actualite\\\/national\\\/mandat-de-depot-contre-noureddine-boutar\\\/203159\\\/#breadcrumb\",\"itemListElement\":[{\"@type\":\"ListItem\",\"position\":1,\"name\":\"Accueil\",\"item\":\"https:\\\/\\\/www.webdo.tn\\\/fr\\\/\"},{\"@type\":\"ListItem\",\"position\":2,\"name\":\"Mandat de d\u00e9p\u00f4t contre Noureddine Boutar\"}]},{\"@type\":\"WebSite\",\"@id\":\"https:\\\/\\\/www.webdo.tn\\\/fr\\\/#website\",\"url\":\"https:\\\/\\\/www.webdo.tn\\\/fr\\\/\",\"name\":\"webdo\",\"description\":\"Tunisie - News en Tunisie et \u00e0 l&#039;international sur Webdo.tn\",\"publisher\":{\"@id\":\"https:\\\/\\\/www.webdo.tn\\\/fr\\\/#organization\"},\"potentialAction\":[{\"@type\":\"SearchAction\",\"target\":{\"@type\":\"EntryPoint\",\"urlTemplate\":\"https:\\\/\\\/www.webdo.tn\\\/fr\\\/?s={search_term_string}\"},\"query-input\":{\"@type\":\"PropertyValueSpecification\",\"valueRequired\":true,\"valueName\":\"search_term_string\"}}],\"inLanguage\":\"fr-FR\"},{\"@type\":\"Organization\",\"@id\":\"https:\\\/\\\/www.webdo.tn\\\/fr\\\/#organization\",\"name\":\"Webdo\",\"alternateName\":\"Webdo.tn\",\"url\":\"https:\\\/\\\/www.webdo.tn\\\/fr\\\/\",\"logo\":{\"@type\":\"ImageObject\",\"inLanguage\":\"fr-FR\",\"@id\":\"https:\\\/\\\/www.webdo.tn\\\/fr\\\/#\\\/schema\\\/logo\\\/image\\\/\",\"url\":\"https:\\\/\\\/www.webdo.tn\\\/fr\\\/wp-content\\\/uploads\\\/2025\\\/06\\\/Webdo-Tunisie_168377.jpg\",\"contentUrl\":\"https:\\\/\\\/www.webdo.tn\\\/fr\\\/wp-content\\\/uploads\\\/2025\\\/06\\\/Webdo-Tunisie_168377.jpg\",\"width\":301,\"height\":301,\"caption\":\"Webdo\"},\"image\":{\"@id\":\"https:\\\/\\\/www.webdo.tn\\\/fr\\\/#\\\/schema\\\/logo\\\/image\\\/\"},\"sameAs\":[\"https:\\\/\\\/www.facebook.com\\\/webdotn\",\"https:\\\/\\\/x.com\\\/webdo_tn\"],\"description\":\"Webdo est un m\u00e9dia num\u00e9rique tunisien fond\u00e9 en 2010, sp\u00e9cialis\u00e9 dans l\u2019actualit\u00e9 nationale et internationale, l\u2019\u00e9conomie, la soci\u00e9t\u00e9 et les analyses politiques. Le site s\u2019adresse \u00e0 un large public francophone et couvre l\u2019information tunisienne en temps r\u00e9el.\",\"email\":\"redac@webdo.tn\",\"legalName\":\"YNJ SARL\",\"foundingDate\":\"2010-09-06\",\"numberOfEmployees\":{\"@type\":\"QuantitativeValue\",\"minValue\":\"11\",\"maxValue\":\"50\"}},{\"@type\":\"Person\",\"@id\":\"https:\\\/\\\/www.webdo.tn\\\/fr\\\/#\\\/schema\\\/person\\\/f35b42a42c5e2511bbd282959d6385cc\",\"name\":\"CL\",\"image\":{\"@type\":\"ImageObject\",\"inLanguage\":\"fr-FR\",\"@id\":\"https:\\\/\\\/secure.gravatar.com\\\/avatar\\\/1447a49909b67aa657c488aec6512e1dd6143a480c1ecfee9b5b5cd74eb3b59e?s=96&d=mm&r=g\",\"url\":\"https:\\\/\\\/secure.gravatar.com\\\/avatar\\\/1447a49909b67aa657c488aec6512e1dd6143a480c1ecfee9b5b5cd74eb3b59e?s=96&d=mm&r=g\",\"contentUrl\":\"https:\\\/\\\/secure.gravatar.com\\\/avatar\\\/1447a49909b67aa657c488aec6512e1dd6143a480c1ecfee9b5b5cd74eb3b59e?s=96&d=mm&r=g\",\"caption\":\"CL\"},\"url\":\"https:\\\/\\\/www.webdo.tn\\\/fr\\\/actualite\\\/author\\\/cl\\\/\"}]}<\/script>\n<!-- \/ Yoast SEO Premium plugin. -->","yoast_head_json":{"title":"Mandat de d\u00e9p\u00f4t contre Noureddine Boutar","description":"Le juge d\u2019instruction au P\u00f4le judiciaire financier a \u00e9mis, hier lundi 20 f\u00e9vrier 2023, un mandat de d\u00e9p\u00f4t contre le directeur g\u00e9n\u00e9ral de la radio Mosa\u00efque FM, N...","canonical":"https:\/\/www.webdo.tn\/fr\/actualite\/national\/mandat-de-depot-contre-noureddine-boutar\/203159\/","og_locale":"fr_FR","og_type":"article","og_title":"Mandat de d\u00e9p\u00f4t contre Noureddine Boutar","og_description":"Le juge d\u2019instruction au P\u00f4le judiciaire financier a \u00e9mis, hier lundi 20 f\u00e9vrier 2023, un mandat de d\u00e9p\u00f4t contre le directeur g\u00e9n\u00e9ral de la radio Mosa\u00efque FM, N...","og_url":"https:\/\/www.webdo.tn\/fr\/actualite\/national\/mandat-de-depot-contre-noureddine-boutar\/203159\/","og_site_name":"webdo","article_publisher":"https:\/\/www.facebook.com\/webdotn","article_published_time":"2023-02-21T07:34:00+00:00","article_modified_time":"2025-05-20T22:45:24+00:00","og_image":[{"width":750,"height":400,"url":"https:\/\/www.webdo.tn\/fr\/wp-content\/uploads\/2023\/02\/3962f944c72c1f5029657d1fb4f5d115.jpg","type":"image\/jpeg"}],"author":"CL","twitter_card":"summary_large_image","twitter_creator":"@webdo_tn","twitter_site":"@webdo_tn","twitter_misc":{"\u00c9crit par":"CL","Dur\u00e9e de lecture estim\u00e9e":"1 minute"},"schema":{"@context":"https:\/\/schema.org","@graph":[{"@type":"NewsArticle","@id":"https:\/\/www.webdo.tn\/fr\/actualite\/national\/mandat-de-depot-contre-noureddine-boutar\/203159\/#article","isPartOf":{"@id":"https:\/\/www.webdo.tn\/fr\/actualite\/national\/mandat-de-depot-contre-noureddine-boutar\/203159\/"},"author":{"name":"CL","@id":"https:\/\/www.webdo.tn\/fr\/#\/schema\/person\/f35b42a42c5e2511bbd282959d6385cc"},"headline":"Mandat de d\u00e9p\u00f4t contre Noureddine Boutar","datePublished":"2023-02-21T07:34:00+00:00","dateModified":"2025-05-20T22:45:24+00:00","mainEntityOfPage":{"@id":"https:\/\/www.webdo.tn\/fr\/actualite\/national\/mandat-de-depot-contre-noureddine-boutar\/203159\/"},"wordCount":165,"commentCount":0,"publisher":{"@id":"https:\/\/www.webdo.tn\/fr\/#organization"},"image":{"@id":"https:\/\/www.webdo.tn\/fr\/actualite\/national\/mandat-de-depot-contre-noureddine-boutar\/203159\/#primaryimage"},"thumbnailUrl":"https:\/\/www.webdo.tn\/fr\/wp-content\/uploads\/2023\/02\/3962f944c72c1f5029657d1fb4f5d115.jpg","keywords":["mandat de d\u00e9p\u00f4t","mosaique fm","Tunisie"],"articleSection":["National"],"inLanguage":"fr-FR"},{"@type":"WebPage","@id":"https:\/\/www.webdo.tn\/fr\/actualite\/national\/mandat-de-depot-contre-noureddine-boutar\/203159\/","url":"https:\/\/www.webdo.tn\/fr\/actualite\/national\/mandat-de-depot-contre-noureddine-boutar\/203159\/","name":"Mandat de d\u00e9p\u00f4t contre Noureddine Boutar","isPartOf":{"@id":"https:\/\/www.webdo.tn\/fr\/#website"},"primaryImageOfPage":{"@id":"https:\/\/www.webdo.tn\/fr\/actualite\/national\/mandat-de-depot-contre-noureddine-boutar\/203159\/#primaryimage"},"image":{"@id":"https:\/\/www.webdo.tn\/fr\/actualite\/national\/mandat-de-depot-contre-noureddine-boutar\/203159\/#primaryimage"},"thumbnailUrl":"https:\/\/www.webdo.tn\/fr\/wp-content\/uploads\/2023\/02\/3962f944c72c1f5029657d1fb4f5d115.jpg","datePublished":"2023-02-21T07:34:00+00:00","dateModified":"2025-05-20T22:45:24+00:00","description":"Le juge d\u2019instruction au P\u00f4le judiciaire financier a \u00e9mis, hier lundi 20 f\u00e9vrier 2023, un mandat de d\u00e9p\u00f4t contre le directeur g\u00e9n\u00e9ral de la radio Mosa\u00efque FM, N...","breadcrumb":{"@id":"https:\/\/www.webdo.tn\/fr\/actualite\/national\/mandat-de-depot-contre-noureddine-boutar\/203159\/#breadcrumb"},"inLanguage":"fr-FR","potentialAction":[{"@type":"ReadAction","target":["https:\/\/www.webdo.tn\/fr\/actualite\/national\/mandat-de-depot-contre-noureddine-boutar\/203159\/"]}]},{"@type":"ImageObject","inLanguage":"fr-FR","@id":"https:\/\/www.webdo.tn\/fr\/actualite\/national\/mandat-de-depot-contre-noureddine-boutar\/203159\/#primaryimage","url":"https:\/\/www.webdo.tn\/fr\/wp-content\/uploads\/2023\/02\/3962f944c72c1f5029657d1fb4f5d115.jpg","contentUrl":"https:\/\/www.webdo.tn\/fr\/wp-content\/uploads\/2023\/02\/3962f944c72c1f5029657d1fb4f5d115.jpg","width":750,"height":400,"caption":"Noureddine Boutar"},{"@type":"BreadcrumbList","@id":"https:\/\/www.webdo.tn\/fr\/actualite\/national\/mandat-de-depot-contre-noureddine-boutar\/203159\/#breadcrumb","itemListElement":[{"@type":"ListItem","position":1,"name":"Accueil","item":"https:\/\/www.webdo.tn\/fr\/"},{"@type":"ListItem","position":2,"name":"Mandat de d\u00e9p\u00f4t contre Noureddine Boutar"}]},{"@type":"WebSite","@id":"https:\/\/www.webdo.tn\/fr\/#website","url":"https:\/\/www.webdo.tn\/fr\/","name":"webdo","description":"Tunisie - News en Tunisie et \u00e0 l&#039;international sur Webdo.tn","publisher":{"@id":"https:\/\/www.webdo.tn\/fr\/#organization"},"potentialAction":[{"@type":"SearchAction","target":{"@type":"EntryPoint","urlTemplate":"https:\/\/www.webdo.tn\/fr\/?s={search_term_string}"},"query-input":{"@type":"PropertyValueSpecification","valueRequired":true,"valueName":"search_term_string"}}],"inLanguage":"fr-FR"},{"@type":"Organization","@id":"https:\/\/www.webdo.tn\/fr\/#organization","name":"Webdo","alternateName":"Webdo.tn","url":"https:\/\/www.webdo.tn\/fr\/","logo":{"@type":"ImageObject","inLanguage":"fr-FR","@id":"https:\/\/www.webdo.tn\/fr\/#\/schema\/logo\/image\/","url":"https:\/\/www.webdo.tn\/fr\/wp-content\/uploads\/2025\/06\/Webdo-Tunisie_168377.jpg","contentUrl":"https:\/\/www.webdo.tn\/fr\/wp-content\/uploads\/2025\/06\/Webdo-Tunisie_168377.jpg","width":301,"height":301,"caption":"Webdo"},"image":{"@id":"https:\/\/www.webdo.tn\/fr\/#\/schema\/logo\/image\/"},"sameAs":["https:\/\/www.facebook.com\/webdotn","https:\/\/x.com\/webdo_tn"],"description":"Webdo est un m\u00e9dia num\u00e9rique tunisien fond\u00e9 en 2010, sp\u00e9cialis\u00e9 dans l\u2019actualit\u00e9 nationale et internationale, l\u2019\u00e9conomie, la soci\u00e9t\u00e9 et les analyses politiques. Le site s\u2019adresse \u00e0 un large public francophone et couvre l\u2019information tunisienne en temps r\u00e9el.","email":"redac@webdo.tn","legalName":"YNJ SARL","foundingDate":"2010-09-06","numberOfEmployees":{"@type":"QuantitativeValue","minValue":"11","maxValue":"50"}},{"@type":"Person","@id":"https:\/\/www.webdo.tn\/fr\/#\/schema\/person\/f35b42a42c5e2511bbd282959d6385cc","name":"CL","image":{"@type":"ImageObject","inLanguage":"fr-FR","@id":"https:\/\/secure.gravatar.com\/avatar\/1447a49909b67aa657c488aec6512e1dd6143a480c1ecfee9b5b5cd74eb3b59e?s=96&d=mm&r=g","url":"https:\/\/secure.gravatar.com\/avatar\/1447a49909b67aa657c488aec6512e1dd6143a480c1ecfee9b5b5cd74eb3b59e?s=96&d=mm&r=g","contentUrl":"https:\/\/secure.gravatar.com\/avatar\/1447a49909b67aa657c488aec6512e1dd6143a480c1ecfee9b5b5cd74eb3b59e?s=96&d=mm&r=g","caption":"CL"},"url":"https:\/\/www.webdo.tn\/fr\/actualite\/author\/cl\/"}]}},"_links":{"self":[{"href":"https:\/\/www.webdo.tn\/fr\/wp-json\/wp\/v2\/posts\/203159","targetHints":{"allow":["GET"]}}],"collection":[{"href":"https:\/\/www.webdo.tn\/fr\/wp-json\/wp\/v2\/posts"}],"about":[{"href":"https:\/\/www.webdo.tn\/fr\/wp-json\/wp\/v2\/types\/post"}],"author":[{"embeddable":true,"href":"https:\/\/www.webdo.tn\/fr\/wp-json\/wp\/v2\/users\/3175"}],"replies":[{"embeddable":true,"href":"https:\/\/www.webdo.tn\/fr\/wp-json\/wp\/v2\/comments?post=203159"}],"version-history":[{"count":0,"href":"https:\/\/www.webdo.tn\/fr\/wp-json\/wp\/v2\/posts\/203159\/revisions"}],"wp:featuredmedia":[{"embeddable":true,"href":"https:\/\/www.webdo.tn\/fr\/wp-json\/wp\/v2\/media\/251941"}],"wp:attachment":[{"href":"https:\/\/www.webdo.tn\/fr\/wp-json\/wp\/v2\/media?parent=203159"}],"wp:term":[{"taxonomy":"category","embeddable":true,"href":"https:\/\/www.webdo.tn\/fr\/wp-json\/wp\/v2\/categories?post=203159"},{"taxonomy":"post_tag","embeddable":true,"href":"https:\/\/www.webdo.tn\/fr\/wp-json\/wp\/v2\/tags?post=203159"}],"curies":[{"name":"wp","href":"https:\/\/api.w.org\/{rel}","templated":true}]}}