{"id":203153,"date":"2023-02-20T19:49:00","date_gmt":"2023-02-20T19:49:00","guid":{"rendered":"https:\/\/www.webdo.tn\/fr\/blog\/fort-risque-de-tsuanmi-sur-les-cotes-turques\/203153\/"},"modified":"2025-05-20T22:59:58","modified_gmt":"2025-05-20T22:59:58","slug":"fort-risque-de-tsuanmi-sur-les-cotes-turques","status":"publish","type":"post","link":"https:\/\/www.webdo.tn\/fr\/actualite\/international\/fort-risque-de-tsuanmi-sur-les-cotes-turques\/203153\/","title":{"rendered":"Fort risque de Tsunami sur les c\u00f4tes turques"},"content":{"rendered":"<p>Le Centre sismologique europ\u00e9en-m\u00e9diterran\u00e9en a mis en garde contre la possibilit\u00e9 d&rsquo;un tsunami apr\u00e8s le nouveau terrible tremblement de terre de ce lundi 20 f\u00e9vrier, en Turquie.<\/p>\n<p>\t\t\t\t\t\t\t\t\tLe Centre sismologique europ\u00e9en-m\u00e9diterran\u00e9en a mis en garde contre la possibilit\u00e9 d&rsquo;un tsunami apr\u00e8s de forts tremblements de terre \u00e0 T\u00fcrkiye, rapporte Trend citant les m\u00e9dias turcs.<\/p>\n<p>Dans le m\u00eame temps, l&rsquo;AFAD (Disaster and Emergency Management Authority) a vivement d\u00e9conseill\u00e9 aux citoyens de rester \u00e0 l&rsquo;\u00e9cart des zones c\u00f4ti\u00e8res et du\u00a0littoral. Le\u00a0niveau de la mer pourrait s&rsquo;\u00e9lever jusqu&rsquo;\u00e0 50 cm.<\/p>\n","protected":false},"excerpt":{"rendered":"<p>Le Centre sismologique europ\u00e9en-m\u00e9diterran\u00e9en a mis en garde contre la possibilit\u00e9 d&rsquo;un tsunami apr\u00e8s le nouveau terrible tremblement de terre de ce lundi 20 f\u00e9&#8230;<\/p>\n","protected":false},"author":3195,"featured_media":251937,"comment_status":"open","ping_status":"closed","sticky":false,"template":"","format":"standard","meta":{"footnotes":""},"categories":[2598],"tags":[7271,5953,3550],"class_list":["post-203153","post","type-post","status-publish","format-standard","has-post-thumbnail","hentry","category-international","tag-seisme","tag-tsunami","tag-turquie"],"yoast_head":"<!-- This site is optimized with the Yoast SEO Premium plugin v27.4 (Yoast SEO v27.5) - https:\/\/yoast.com\/product\/yoast-seo-premium-wordpress\/ -->\n<title>Fort risque de Tsunami sur les c\u00f4tes turques<\/title>\n<meta name=\"description\" content=\"Le Centre sismologique europ\u00e9en-m\u00e9diterran\u00e9en a mis en garde contre la possibilit\u00e9 d&#039;un tsunami apr\u00e8s le nouveau terrible tremblement de terre de ce lundi 20 f\u00e9...\" \/>\n<link rel=\"canonical\" href=\"https:\/\/www.webdo.tn\/fr\/actualite\/international\/fort-risque-de-tsuanmi-sur-les-cotes-turques\/203153\/\" \/>\n<meta property=\"og:locale\" content=\"fr_FR\" \/>\n<meta property=\"og:type\" content=\"article\" \/>\n<meta property=\"og:title\" content=\"Fort risque de Tsunami sur les c\u00f4tes turques\" \/>\n<meta property=\"og:description\" content=\"Le Centre sismologique europ\u00e9en-m\u00e9diterran\u00e9en a mis en garde contre la possibilit\u00e9 d&#039;un tsunami apr\u00e8s le nouveau terrible tremblement de terre de ce lundi 20 f\u00e9...\" \/>\n<meta property=\"og:url\" content=\"https:\/\/www.webdo.tn\/fr\/actualite\/international\/fort-risque-de-tsuanmi-sur-les-cotes-turques\/203153\/\" \/>\n<meta property=\"og:site_name\" content=\"webdo\" \/>\n<meta property=\"article:publisher\" content=\"https:\/\/www.facebook.com\/webdotn\" \/>\n<meta property=\"article:published_time\" content=\"2023-02-20T19:49:00+00:00\" \/>\n<meta property=\"article:modified_time\" content=\"2025-05-20T22:59:58+00:00\" \/>\n<meta property=\"og:image\" content=\"https:\/\/www.webdo.tn\/fr\/wp-content\/uploads\/2023\/02\/f57a0f2cb061a614b0bd4006a8b73f6c.jpg\" \/>\n\t<meta property=\"og:image:width\" content=\"750\" \/>\n\t<meta property=\"og:image:height\" content=\"400\" \/>\n\t<meta property=\"og:image:type\" content=\"image\/jpeg\" \/>\n<meta name=\"author\" content=\"NJ\" \/>\n<meta name=\"twitter:card\" content=\"summary_large_image\" \/>\n<meta name=\"twitter:creator\" content=\"@webdo_tn\" \/>\n<meta name=\"twitter:site\" content=\"@webdo_tn\" \/>\n<meta name=\"twitter:label1\" content=\"\u00c9crit par\" \/>\n\t<meta name=\"twitter:data1\" content=\"NJ\" \/>\n\t<meta name=\"twitter:label2\" content=\"Dur\u00e9e de lecture estim\u00e9e\" \/>\n\t<meta name=\"twitter:data2\" content=\"1 minute\" \/>\n<script type=\"application\/ld+json\" class=\"yoast-schema-graph\">{\"@context\":\"https:\\\/\\\/schema.org\",\"@graph\":[{\"@type\":\"NewsArticle\",\"@id\":\"https:\\\/\\\/www.webdo.tn\\\/fr\\\/actualite\\\/international\\\/fort-risque-de-tsuanmi-sur-les-cotes-turques\\\/203153\\\/#article\",\"isPartOf\":{\"@id\":\"https:\\\/\\\/www.webdo.tn\\\/fr\\\/actualite\\\/international\\\/fort-risque-de-tsuanmi-sur-les-cotes-turques\\\/203153\\\/\"},\"author\":{\"name\":\"NJ\",\"@id\":\"https:\\\/\\\/www.webdo.tn\\\/fr\\\/#\\\/schema\\\/person\\\/646f7c4406ab78299805d9d39b2636d8\"},\"headline\":\"Fort risque de Tsunami sur les c\u00f4tes turques\",\"datePublished\":\"2023-02-20T19:49:00+00:00\",\"dateModified\":\"2025-05-20T22:59:58+00:00\",\"mainEntityOfPage\":{\"@id\":\"https:\\\/\\\/www.webdo.tn\\\/fr\\\/actualite\\\/international\\\/fort-risque-de-tsuanmi-sur-les-cotes-turques\\\/203153\\\/\"},\"wordCount\":114,\"commentCount\":0,\"publisher\":{\"@id\":\"https:\\\/\\\/www.webdo.tn\\\/fr\\\/#organization\"},\"image\":{\"@id\":\"https:\\\/\\\/www.webdo.tn\\\/fr\\\/actualite\\\/international\\\/fort-risque-de-tsuanmi-sur-les-cotes-turques\\\/203153\\\/#primaryimage\"},\"thumbnailUrl\":\"https:\\\/\\\/www.webdo.tn\\\/fr\\\/wp-content\\\/uploads\\\/2023\\\/02\\\/f57a0f2cb061a614b0bd4006a8b73f6c.jpg\",\"keywords\":[\"s\u00e9isme\",\"tsunami\",\"Turquie\"],\"articleSection\":[\"International\"],\"inLanguage\":\"fr-FR\"},{\"@type\":\"WebPage\",\"@id\":\"https:\\\/\\\/www.webdo.tn\\\/fr\\\/actualite\\\/international\\\/fort-risque-de-tsuanmi-sur-les-cotes-turques\\\/203153\\\/\",\"url\":\"https:\\\/\\\/www.webdo.tn\\\/fr\\\/actualite\\\/international\\\/fort-risque-de-tsuanmi-sur-les-cotes-turques\\\/203153\\\/\",\"name\":\"Fort risque de Tsunami sur les c\u00f4tes turques\",\"isPartOf\":{\"@id\":\"https:\\\/\\\/www.webdo.tn\\\/fr\\\/#website\"},\"primaryImageOfPage\":{\"@id\":\"https:\\\/\\\/www.webdo.tn\\\/fr\\\/actualite\\\/international\\\/fort-risque-de-tsuanmi-sur-les-cotes-turques\\\/203153\\\/#primaryimage\"},\"image\":{\"@id\":\"https:\\\/\\\/www.webdo.tn\\\/fr\\\/actualite\\\/international\\\/fort-risque-de-tsuanmi-sur-les-cotes-turques\\\/203153\\\/#primaryimage\"},\"thumbnailUrl\":\"https:\\\/\\\/www.webdo.tn\\\/fr\\\/wp-content\\\/uploads\\\/2023\\\/02\\\/f57a0f2cb061a614b0bd4006a8b73f6c.jpg\",\"datePublished\":\"2023-02-20T19:49:00+00:00\",\"dateModified\":\"2025-05-20T22:59:58+00:00\",\"description\":\"Le Centre sismologique europ\u00e9en-m\u00e9diterran\u00e9en a mis en garde contre la possibilit\u00e9 d'un tsunami apr\u00e8s le nouveau terrible tremblement de terre de ce lundi 20 f\u00e9...\",\"breadcrumb\":{\"@id\":\"https:\\\/\\\/www.webdo.tn\\\/fr\\\/actualite\\\/international\\\/fort-risque-de-tsuanmi-sur-les-cotes-turques\\\/203153\\\/#breadcrumb\"},\"inLanguage\":\"fr-FR\",\"potentialAction\":[{\"@type\":\"ReadAction\",\"target\":[\"https:\\\/\\\/www.webdo.tn\\\/fr\\\/actualite\\\/international\\\/fort-risque-de-tsuanmi-sur-les-cotes-turques\\\/203153\\\/\"]}]},{\"@type\":\"ImageObject\",\"inLanguage\":\"fr-FR\",\"@id\":\"https:\\\/\\\/www.webdo.tn\\\/fr\\\/actualite\\\/international\\\/fort-risque-de-tsuanmi-sur-les-cotes-turques\\\/203153\\\/#primaryimage\",\"url\":\"https:\\\/\\\/www.webdo.tn\\\/fr\\\/wp-content\\\/uploads\\\/2023\\\/02\\\/f57a0f2cb061a614b0bd4006a8b73f6c.jpg\",\"contentUrl\":\"https:\\\/\\\/www.webdo.tn\\\/fr\\\/wp-content\\\/uploads\\\/2023\\\/02\\\/f57a0f2cb061a614b0bd4006a8b73f6c.jpg\",\"width\":750,\"height\":400,\"caption\":\"Fort risque de Tsunami sur les c\u00f4tes turques\"},{\"@type\":\"BreadcrumbList\",\"@id\":\"https:\\\/\\\/www.webdo.tn\\\/fr\\\/actualite\\\/international\\\/fort-risque-de-tsuanmi-sur-les-cotes-turques\\\/203153\\\/#breadcrumb\",\"itemListElement\":[{\"@type\":\"ListItem\",\"position\":1,\"name\":\"Accueil\",\"item\":\"https:\\\/\\\/www.webdo.tn\\\/fr\\\/\"},{\"@type\":\"ListItem\",\"position\":2,\"name\":\"Fort risque de Tsunami sur les c\u00f4tes turques\"}]},{\"@type\":\"WebSite\",\"@id\":\"https:\\\/\\\/www.webdo.tn\\\/fr\\\/#website\",\"url\":\"https:\\\/\\\/www.webdo.tn\\\/fr\\\/\",\"name\":\"webdo\",\"description\":\"Tunisie - News en Tunisie et \u00e0 l&#039;international sur Webdo.tn\",\"publisher\":{\"@id\":\"https:\\\/\\\/www.webdo.tn\\\/fr\\\/#organization\"},\"potentialAction\":[{\"@type\":\"SearchAction\",\"target\":{\"@type\":\"EntryPoint\",\"urlTemplate\":\"https:\\\/\\\/www.webdo.tn\\\/fr\\\/?s={search_term_string}\"},\"query-input\":{\"@type\":\"PropertyValueSpecification\",\"valueRequired\":true,\"valueName\":\"search_term_string\"}}],\"inLanguage\":\"fr-FR\"},{\"@type\":\"Organization\",\"@id\":\"https:\\\/\\\/www.webdo.tn\\\/fr\\\/#organization\",\"name\":\"Webdo\",\"alternateName\":\"Webdo.tn\",\"url\":\"https:\\\/\\\/www.webdo.tn\\\/fr\\\/\",\"logo\":{\"@type\":\"ImageObject\",\"inLanguage\":\"fr-FR\",\"@id\":\"https:\\\/\\\/www.webdo.tn\\\/fr\\\/#\\\/schema\\\/logo\\\/image\\\/\",\"url\":\"https:\\\/\\\/www.webdo.tn\\\/fr\\\/wp-content\\\/uploads\\\/2025\\\/06\\\/Webdo-Tunisie_168377.jpg\",\"contentUrl\":\"https:\\\/\\\/www.webdo.tn\\\/fr\\\/wp-content\\\/uploads\\\/2025\\\/06\\\/Webdo-Tunisie_168377.jpg\",\"width\":301,\"height\":301,\"caption\":\"Webdo\"},\"image\":{\"@id\":\"https:\\\/\\\/www.webdo.tn\\\/fr\\\/#\\\/schema\\\/logo\\\/image\\\/\"},\"sameAs\":[\"https:\\\/\\\/www.facebook.com\\\/webdotn\",\"https:\\\/\\\/x.com\\\/webdo_tn\"],\"description\":\"Webdo est un m\u00e9dia num\u00e9rique tunisien fond\u00e9 en 2010, sp\u00e9cialis\u00e9 dans l\u2019actualit\u00e9 nationale et internationale, l\u2019\u00e9conomie, la soci\u00e9t\u00e9 et les analyses politiques. Le site s\u2019adresse \u00e0 un large public francophone et couvre l\u2019information tunisienne en temps r\u00e9el.\",\"email\":\"redac@webdo.tn\",\"legalName\":\"YNJ SARL\",\"foundingDate\":\"2010-09-06\",\"numberOfEmployees\":{\"@type\":\"QuantitativeValue\",\"minValue\":\"11\",\"maxValue\":\"50\"}},{\"@type\":\"Person\",\"@id\":\"https:\\\/\\\/www.webdo.tn\\\/fr\\\/#\\\/schema\\\/person\\\/646f7c4406ab78299805d9d39b2636d8\",\"name\":\"NJ\",\"image\":{\"@type\":\"ImageObject\",\"inLanguage\":\"fr-FR\",\"@id\":\"https:\\\/\\\/secure.gravatar.com\\\/avatar\\\/57ee8a7cee8271948beede1dd4413f641d3b749a42dfabf45a3352af812389e1?s=96&d=mm&r=g\",\"url\":\"https:\\\/\\\/secure.gravatar.com\\\/avatar\\\/57ee8a7cee8271948beede1dd4413f641d3b749a42dfabf45a3352af812389e1?s=96&d=mm&r=g\",\"contentUrl\":\"https:\\\/\\\/secure.gravatar.com\\\/avatar\\\/57ee8a7cee8271948beede1dd4413f641d3b749a42dfabf45a3352af812389e1?s=96&d=mm&r=g\",\"caption\":\"NJ\"},\"url\":\"https:\\\/\\\/www.webdo.tn\\\/fr\\\/actualite\\\/author\\\/nj\\\/\"}]}<\/script>\n<!-- \/ Yoast SEO Premium plugin. -->","yoast_head_json":{"title":"Fort risque de Tsunami sur les c\u00f4tes turques","description":"Le Centre sismologique europ\u00e9en-m\u00e9diterran\u00e9en a mis en garde contre la possibilit\u00e9 d'un tsunami apr\u00e8s le nouveau terrible tremblement de terre de ce lundi 20 f\u00e9...","canonical":"https:\/\/www.webdo.tn\/fr\/actualite\/international\/fort-risque-de-tsuanmi-sur-les-cotes-turques\/203153\/","og_locale":"fr_FR","og_type":"article","og_title":"Fort risque de Tsunami sur les c\u00f4tes turques","og_description":"Le Centre sismologique europ\u00e9en-m\u00e9diterran\u00e9en a mis en garde contre la possibilit\u00e9 d'un tsunami apr\u00e8s le nouveau terrible tremblement de terre de ce lundi 20 f\u00e9...","og_url":"https:\/\/www.webdo.tn\/fr\/actualite\/international\/fort-risque-de-tsuanmi-sur-les-cotes-turques\/203153\/","og_site_name":"webdo","article_publisher":"https:\/\/www.facebook.com\/webdotn","article_published_time":"2023-02-20T19:49:00+00:00","article_modified_time":"2025-05-20T22:59:58+00:00","og_image":[{"width":750,"height":400,"url":"https:\/\/www.webdo.tn\/fr\/wp-content\/uploads\/2023\/02\/f57a0f2cb061a614b0bd4006a8b73f6c.jpg","type":"image\/jpeg"}],"author":"NJ","twitter_card":"summary_large_image","twitter_creator":"@webdo_tn","twitter_site":"@webdo_tn","twitter_misc":{"\u00c9crit par":"NJ","Dur\u00e9e de lecture estim\u00e9e":"1 minute"},"schema":{"@context":"https:\/\/schema.org","@graph":[{"@type":"NewsArticle","@id":"https:\/\/www.webdo.tn\/fr\/actualite\/international\/fort-risque-de-tsuanmi-sur-les-cotes-turques\/203153\/#article","isPartOf":{"@id":"https:\/\/www.webdo.tn\/fr\/actualite\/international\/fort-risque-de-tsuanmi-sur-les-cotes-turques\/203153\/"},"author":{"name":"NJ","@id":"https:\/\/www.webdo.tn\/fr\/#\/schema\/person\/646f7c4406ab78299805d9d39b2636d8"},"headline":"Fort risque de Tsunami sur les c\u00f4tes turques","datePublished":"2023-02-20T19:49:00+00:00","dateModified":"2025-05-20T22:59:58+00:00","mainEntityOfPage":{"@id":"https:\/\/www.webdo.tn\/fr\/actualite\/international\/fort-risque-de-tsuanmi-sur-les-cotes-turques\/203153\/"},"wordCount":114,"commentCount":0,"publisher":{"@id":"https:\/\/www.webdo.tn\/fr\/#organization"},"image":{"@id":"https:\/\/www.webdo.tn\/fr\/actualite\/international\/fort-risque-de-tsuanmi-sur-les-cotes-turques\/203153\/#primaryimage"},"thumbnailUrl":"https:\/\/www.webdo.tn\/fr\/wp-content\/uploads\/2023\/02\/f57a0f2cb061a614b0bd4006a8b73f6c.jpg","keywords":["s\u00e9isme","tsunami","Turquie"],"articleSection":["International"],"inLanguage":"fr-FR"},{"@type":"WebPage","@id":"https:\/\/www.webdo.tn\/fr\/actualite\/international\/fort-risque-de-tsuanmi-sur-les-cotes-turques\/203153\/","url":"https:\/\/www.webdo.tn\/fr\/actualite\/international\/fort-risque-de-tsuanmi-sur-les-cotes-turques\/203153\/","name":"Fort risque de Tsunami sur les c\u00f4tes turques","isPartOf":{"@id":"https:\/\/www.webdo.tn\/fr\/#website"},"primaryImageOfPage":{"@id":"https:\/\/www.webdo.tn\/fr\/actualite\/international\/fort-risque-de-tsuanmi-sur-les-cotes-turques\/203153\/#primaryimage"},"image":{"@id":"https:\/\/www.webdo.tn\/fr\/actualite\/international\/fort-risque-de-tsuanmi-sur-les-cotes-turques\/203153\/#primaryimage"},"thumbnailUrl":"https:\/\/www.webdo.tn\/fr\/wp-content\/uploads\/2023\/02\/f57a0f2cb061a614b0bd4006a8b73f6c.jpg","datePublished":"2023-02-20T19:49:00+00:00","dateModified":"2025-05-20T22:59:58+00:00","description":"Le Centre sismologique europ\u00e9en-m\u00e9diterran\u00e9en a mis en garde contre la possibilit\u00e9 d'un tsunami apr\u00e8s le nouveau terrible tremblement de terre de ce lundi 20 f\u00e9...","breadcrumb":{"@id":"https:\/\/www.webdo.tn\/fr\/actualite\/international\/fort-risque-de-tsuanmi-sur-les-cotes-turques\/203153\/#breadcrumb"},"inLanguage":"fr-FR","potentialAction":[{"@type":"ReadAction","target":["https:\/\/www.webdo.tn\/fr\/actualite\/international\/fort-risque-de-tsuanmi-sur-les-cotes-turques\/203153\/"]}]},{"@type":"ImageObject","inLanguage":"fr-FR","@id":"https:\/\/www.webdo.tn\/fr\/actualite\/international\/fort-risque-de-tsuanmi-sur-les-cotes-turques\/203153\/#primaryimage","url":"https:\/\/www.webdo.tn\/fr\/wp-content\/uploads\/2023\/02\/f57a0f2cb061a614b0bd4006a8b73f6c.jpg","contentUrl":"https:\/\/www.webdo.tn\/fr\/wp-content\/uploads\/2023\/02\/f57a0f2cb061a614b0bd4006a8b73f6c.jpg","width":750,"height":400,"caption":"Fort risque de Tsunami sur les c\u00f4tes turques"},{"@type":"BreadcrumbList","@id":"https:\/\/www.webdo.tn\/fr\/actualite\/international\/fort-risque-de-tsuanmi-sur-les-cotes-turques\/203153\/#breadcrumb","itemListElement":[{"@type":"ListItem","position":1,"name":"Accueil","item":"https:\/\/www.webdo.tn\/fr\/"},{"@type":"ListItem","position":2,"name":"Fort risque de Tsunami sur les c\u00f4tes turques"}]},{"@type":"WebSite","@id":"https:\/\/www.webdo.tn\/fr\/#website","url":"https:\/\/www.webdo.tn\/fr\/","name":"webdo","description":"Tunisie - News en Tunisie et \u00e0 l&#039;international sur Webdo.tn","publisher":{"@id":"https:\/\/www.webdo.tn\/fr\/#organization"},"potentialAction":[{"@type":"SearchAction","target":{"@type":"EntryPoint","urlTemplate":"https:\/\/www.webdo.tn\/fr\/?s={search_term_string}"},"query-input":{"@type":"PropertyValueSpecification","valueRequired":true,"valueName":"search_term_string"}}],"inLanguage":"fr-FR"},{"@type":"Organization","@id":"https:\/\/www.webdo.tn\/fr\/#organization","name":"Webdo","alternateName":"Webdo.tn","url":"https:\/\/www.webdo.tn\/fr\/","logo":{"@type":"ImageObject","inLanguage":"fr-FR","@id":"https:\/\/www.webdo.tn\/fr\/#\/schema\/logo\/image\/","url":"https:\/\/www.webdo.tn\/fr\/wp-content\/uploads\/2025\/06\/Webdo-Tunisie_168377.jpg","contentUrl":"https:\/\/www.webdo.tn\/fr\/wp-content\/uploads\/2025\/06\/Webdo-Tunisie_168377.jpg","width":301,"height":301,"caption":"Webdo"},"image":{"@id":"https:\/\/www.webdo.tn\/fr\/#\/schema\/logo\/image\/"},"sameAs":["https:\/\/www.facebook.com\/webdotn","https:\/\/x.com\/webdo_tn"],"description":"Webdo est un m\u00e9dia num\u00e9rique tunisien fond\u00e9 en 2010, sp\u00e9cialis\u00e9 dans l\u2019actualit\u00e9 nationale et internationale, l\u2019\u00e9conomie, la soci\u00e9t\u00e9 et les analyses politiques. Le site s\u2019adresse \u00e0 un large public francophone et couvre l\u2019information tunisienne en temps r\u00e9el.","email":"redac@webdo.tn","legalName":"YNJ SARL","foundingDate":"2010-09-06","numberOfEmployees":{"@type":"QuantitativeValue","minValue":"11","maxValue":"50"}},{"@type":"Person","@id":"https:\/\/www.webdo.tn\/fr\/#\/schema\/person\/646f7c4406ab78299805d9d39b2636d8","name":"NJ","image":{"@type":"ImageObject","inLanguage":"fr-FR","@id":"https:\/\/secure.gravatar.com\/avatar\/57ee8a7cee8271948beede1dd4413f641d3b749a42dfabf45a3352af812389e1?s=96&d=mm&r=g","url":"https:\/\/secure.gravatar.com\/avatar\/57ee8a7cee8271948beede1dd4413f641d3b749a42dfabf45a3352af812389e1?s=96&d=mm&r=g","contentUrl":"https:\/\/secure.gravatar.com\/avatar\/57ee8a7cee8271948beede1dd4413f641d3b749a42dfabf45a3352af812389e1?s=96&d=mm&r=g","caption":"NJ"},"url":"https:\/\/www.webdo.tn\/fr\/actualite\/author\/nj\/"}]}},"_links":{"self":[{"href":"https:\/\/www.webdo.tn\/fr\/wp-json\/wp\/v2\/posts\/203153","targetHints":{"allow":["GET"]}}],"collection":[{"href":"https:\/\/www.webdo.tn\/fr\/wp-json\/wp\/v2\/posts"}],"about":[{"href":"https:\/\/www.webdo.tn\/fr\/wp-json\/wp\/v2\/types\/post"}],"author":[{"embeddable":true,"href":"https:\/\/www.webdo.tn\/fr\/wp-json\/wp\/v2\/users\/3195"}],"replies":[{"embeddable":true,"href":"https:\/\/www.webdo.tn\/fr\/wp-json\/wp\/v2\/comments?post=203153"}],"version-history":[{"count":0,"href":"https:\/\/www.webdo.tn\/fr\/wp-json\/wp\/v2\/posts\/203153\/revisions"}],"wp:featuredmedia":[{"embeddable":true,"href":"https:\/\/www.webdo.tn\/fr\/wp-json\/wp\/v2\/media\/251937"}],"wp:attachment":[{"href":"https:\/\/www.webdo.tn\/fr\/wp-json\/wp\/v2\/media?parent=203153"}],"wp:term":[{"taxonomy":"category","embeddable":true,"href":"https:\/\/www.webdo.tn\/fr\/wp-json\/wp\/v2\/categories?post=203153"},{"taxonomy":"post_tag","embeddable":true,"href":"https:\/\/www.webdo.tn\/fr\/wp-json\/wp\/v2\/tags?post=203153"}],"curies":[{"name":"wp","href":"https:\/\/api.w.org\/{rel}","templated":true}]}}