{"id":203151,"date":"2023-02-20T19:30:00","date_gmt":"2023-02-20T19:30:00","guid":{"rendered":"https:\/\/www.webdo.tn\/fr\/blog\/la-turquie-touchee-par-un-nouveau-terrible-seisme\/203151\/"},"modified":"2025-05-20T22:59:59","modified_gmt":"2025-05-20T22:59:59","slug":"la-turquie-touchee-par-un-nouveau-terrible-seisme","status":"publish","type":"post","link":"https:\/\/www.webdo.tn\/fr\/actualite\/international\/la-turquie-touchee-par-un-nouveau-terrible-seisme\/203151\/","title":{"rendered":"La Turquie de nouveau touch\u00e9e par un terrible s\u00e9isme"},"content":{"rendered":"<p>Un nouveau s\u00e9isme de 6,4 sur l\u2019\u00e9chelle de Richter a touch\u00e9 la Turquie, ce lundi 20 f\u00e9vrier 2023. Une nouvelle activit\u00e9 sismique seize jours apr\u00e8s le\u00a0s\u00e9isme d\u2019une magnitude de 7.8\u00a0qui a frapp\u00e9 le 6 f\u00e9vrier la Turquie et la Syrie, faisant \u00e0 ce jour plus de 40 000 morts.<\/p>\n<p>\t\t\t\t\t\t\t\t\tCe s\u00e9isme a \u00e9t\u00e9 enregistr\u00e9 lundi soir dans la province turque de Hatay (sud), la plus \u00e9prouv\u00e9e par le tremblement de terre du 6 f\u00e9vrier. La secousse dont l\u2019\u00e9picentre \u00e9tait situ\u00e9 dans la localit\u00e9 de Defne, selon l\u2019Afad, a \u00e9t\u00e9 tr\u00e8s violemment ressentie \u00e0 Antakya et \u00e0 Adana , 200 km plus au nord.<\/p>\n<p>La secousse a suscit\u00e9 un mouvement de panique parmi la population d\u00e9j\u00e0 durement \u00e9prouv\u00e9e, et a soulev\u00e9 d\u2019importants nuages de poussi\u00e8re dans la ville en ruines.<\/p>\n","protected":false},"excerpt":{"rendered":"<p>Un nouveau s\u00e9isme de 6,4 sur l\u2019\u00e9chelle de Richter a touch\u00e9 la Turquie, ce lundi 20 f\u00e9vrier 2023. Une nouvelle activit\u00e9 sismique seize jours apr\u00e8s le\u00a0s\u00e9isme d\u2019un&#8230;<\/p>\n","protected":false},"author":3195,"featured_media":251939,"comment_status":"open","ping_status":"closed","sticky":false,"template":"","format":"standard","meta":{"footnotes":""},"categories":[2598],"tags":[7271,3504,3550],"class_list":["post-203151","post","type-post","status-publish","format-standard","has-post-thumbnail","hentry","category-international","tag-seisme","tag-syrie","tag-turquie"],"yoast_head":"<!-- This site is optimized with the Yoast SEO Premium plugin v27.4 (Yoast SEO v27.5) - https:\/\/yoast.com\/product\/yoast-seo-premium-wordpress\/ -->\n<title>La Turquie de nouveau touch\u00e9e par un terrible s\u00e9isme<\/title>\n<meta name=\"description\" content=\"Un nouveau s\u00e9isme de 6,4 sur l\u2019\u00e9chelle de Richter a touch\u00e9 la Turquie, ce lundi 20 f\u00e9vrier 2023. Une nouvelle activit\u00e9 sismique seize jours apr\u00e8s le\u00a0s\u00e9isme d\u2019un...\" \/>\n<link rel=\"canonical\" href=\"https:\/\/www.webdo.tn\/fr\/actualite\/international\/la-turquie-touchee-par-un-nouveau-terrible-seisme\/203151\/\" \/>\n<meta property=\"og:locale\" content=\"fr_FR\" \/>\n<meta property=\"og:type\" content=\"article\" \/>\n<meta property=\"og:title\" content=\"La Turquie de nouveau touch\u00e9e par un terrible s\u00e9isme\" \/>\n<meta property=\"og:description\" content=\"Un nouveau s\u00e9isme de 6,4 sur l\u2019\u00e9chelle de Richter a touch\u00e9 la Turquie, ce lundi 20 f\u00e9vrier 2023. Une nouvelle activit\u00e9 sismique seize jours apr\u00e8s le\u00a0s\u00e9isme d\u2019un...\" \/>\n<meta property=\"og:url\" content=\"https:\/\/www.webdo.tn\/fr\/actualite\/international\/la-turquie-touchee-par-un-nouveau-terrible-seisme\/203151\/\" \/>\n<meta property=\"og:site_name\" content=\"webdo\" \/>\n<meta property=\"article:publisher\" content=\"https:\/\/www.facebook.com\/webdotn\" \/>\n<meta property=\"article:published_time\" content=\"2023-02-20T19:30:00+00:00\" \/>\n<meta property=\"article:modified_time\" content=\"2025-05-20T22:59:59+00:00\" \/>\n<meta property=\"og:image\" content=\"https:\/\/www.webdo.tn\/fr\/wp-content\/uploads\/2023\/02\/e9a46a100f42138a1e53f678fec8eab1.jpg\" \/>\n\t<meta property=\"og:image:width\" content=\"750\" \/>\n\t<meta property=\"og:image:height\" content=\"400\" \/>\n\t<meta property=\"og:image:type\" content=\"image\/jpeg\" \/>\n<meta name=\"author\" content=\"NJ\" \/>\n<meta name=\"twitter:card\" content=\"summary_large_image\" \/>\n<meta name=\"twitter:creator\" content=\"@webdo_tn\" \/>\n<meta name=\"twitter:site\" content=\"@webdo_tn\" \/>\n<meta name=\"twitter:label1\" content=\"\u00c9crit par\" \/>\n\t<meta name=\"twitter:data1\" content=\"NJ\" \/>\n\t<meta name=\"twitter:label2\" content=\"Dur\u00e9e de lecture estim\u00e9e\" \/>\n\t<meta name=\"twitter:data2\" content=\"1 minute\" \/>\n<script type=\"application\/ld+json\" class=\"yoast-schema-graph\">{\"@context\":\"https:\\\/\\\/schema.org\",\"@graph\":[{\"@type\":\"NewsArticle\",\"@id\":\"https:\\\/\\\/www.webdo.tn\\\/fr\\\/actualite\\\/international\\\/la-turquie-touchee-par-un-nouveau-terrible-seisme\\\/203151\\\/#article\",\"isPartOf\":{\"@id\":\"https:\\\/\\\/www.webdo.tn\\\/fr\\\/actualite\\\/international\\\/la-turquie-touchee-par-un-nouveau-terrible-seisme\\\/203151\\\/\"},\"author\":{\"name\":\"NJ\",\"@id\":\"https:\\\/\\\/www.webdo.tn\\\/fr\\\/#\\\/schema\\\/person\\\/646f7c4406ab78299805d9d39b2636d8\"},\"headline\":\"La Turquie de nouveau touch\u00e9e par un terrible s\u00e9isme\",\"datePublished\":\"2023-02-20T19:30:00+00:00\",\"dateModified\":\"2025-05-20T22:59:59+00:00\",\"mainEntityOfPage\":{\"@id\":\"https:\\\/\\\/www.webdo.tn\\\/fr\\\/actualite\\\/international\\\/la-turquie-touchee-par-un-nouveau-terrible-seisme\\\/203151\\\/\"},\"wordCount\":146,\"commentCount\":0,\"publisher\":{\"@id\":\"https:\\\/\\\/www.webdo.tn\\\/fr\\\/#organization\"},\"image\":{\"@id\":\"https:\\\/\\\/www.webdo.tn\\\/fr\\\/actualite\\\/international\\\/la-turquie-touchee-par-un-nouveau-terrible-seisme\\\/203151\\\/#primaryimage\"},\"thumbnailUrl\":\"https:\\\/\\\/www.webdo.tn\\\/fr\\\/wp-content\\\/uploads\\\/2023\\\/02\\\/e9a46a100f42138a1e53f678fec8eab1.jpg\",\"keywords\":[\"s\u00e9isme\",\"syrie\",\"Turquie\"],\"articleSection\":[\"International\"],\"inLanguage\":\"fr-FR\"},{\"@type\":\"WebPage\",\"@id\":\"https:\\\/\\\/www.webdo.tn\\\/fr\\\/actualite\\\/international\\\/la-turquie-touchee-par-un-nouveau-terrible-seisme\\\/203151\\\/\",\"url\":\"https:\\\/\\\/www.webdo.tn\\\/fr\\\/actualite\\\/international\\\/la-turquie-touchee-par-un-nouveau-terrible-seisme\\\/203151\\\/\",\"name\":\"La Turquie de nouveau touch\u00e9e par un terrible s\u00e9isme\",\"isPartOf\":{\"@id\":\"https:\\\/\\\/www.webdo.tn\\\/fr\\\/#website\"},\"primaryImageOfPage\":{\"@id\":\"https:\\\/\\\/www.webdo.tn\\\/fr\\\/actualite\\\/international\\\/la-turquie-touchee-par-un-nouveau-terrible-seisme\\\/203151\\\/#primaryimage\"},\"image\":{\"@id\":\"https:\\\/\\\/www.webdo.tn\\\/fr\\\/actualite\\\/international\\\/la-turquie-touchee-par-un-nouveau-terrible-seisme\\\/203151\\\/#primaryimage\"},\"thumbnailUrl\":\"https:\\\/\\\/www.webdo.tn\\\/fr\\\/wp-content\\\/uploads\\\/2023\\\/02\\\/e9a46a100f42138a1e53f678fec8eab1.jpg\",\"datePublished\":\"2023-02-20T19:30:00+00:00\",\"dateModified\":\"2025-05-20T22:59:59+00:00\",\"description\":\"Un nouveau s\u00e9isme de 6,4 sur l\u2019\u00e9chelle de Richter a touch\u00e9 la Turquie, ce lundi 20 f\u00e9vrier 2023. Une nouvelle activit\u00e9 sismique seize jours apr\u00e8s le\u00a0s\u00e9isme d\u2019un...\",\"breadcrumb\":{\"@id\":\"https:\\\/\\\/www.webdo.tn\\\/fr\\\/actualite\\\/international\\\/la-turquie-touchee-par-un-nouveau-terrible-seisme\\\/203151\\\/#breadcrumb\"},\"inLanguage\":\"fr-FR\",\"potentialAction\":[{\"@type\":\"ReadAction\",\"target\":[\"https:\\\/\\\/www.webdo.tn\\\/fr\\\/actualite\\\/international\\\/la-turquie-touchee-par-un-nouveau-terrible-seisme\\\/203151\\\/\"]}]},{\"@type\":\"ImageObject\",\"inLanguage\":\"fr-FR\",\"@id\":\"https:\\\/\\\/www.webdo.tn\\\/fr\\\/actualite\\\/international\\\/la-turquie-touchee-par-un-nouveau-terrible-seisme\\\/203151\\\/#primaryimage\",\"url\":\"https:\\\/\\\/www.webdo.tn\\\/fr\\\/wp-content\\\/uploads\\\/2023\\\/02\\\/e9a46a100f42138a1e53f678fec8eab1.jpg\",\"contentUrl\":\"https:\\\/\\\/www.webdo.tn\\\/fr\\\/wp-content\\\/uploads\\\/2023\\\/02\\\/e9a46a100f42138a1e53f678fec8eab1.jpg\",\"width\":750,\"height\":400,\"caption\":\"La Turquie de nouveau touch\u00e9e par un terrible s\u00e9isme\"},{\"@type\":\"BreadcrumbList\",\"@id\":\"https:\\\/\\\/www.webdo.tn\\\/fr\\\/actualite\\\/international\\\/la-turquie-touchee-par-un-nouveau-terrible-seisme\\\/203151\\\/#breadcrumb\",\"itemListElement\":[{\"@type\":\"ListItem\",\"position\":1,\"name\":\"Accueil\",\"item\":\"https:\\\/\\\/www.webdo.tn\\\/fr\\\/\"},{\"@type\":\"ListItem\",\"position\":2,\"name\":\"La Turquie de nouveau touch\u00e9e par un terrible s\u00e9isme\"}]},{\"@type\":\"WebSite\",\"@id\":\"https:\\\/\\\/www.webdo.tn\\\/fr\\\/#website\",\"url\":\"https:\\\/\\\/www.webdo.tn\\\/fr\\\/\",\"name\":\"webdo\",\"description\":\"Tunisie - News en Tunisie et \u00e0 l&#039;international sur Webdo.tn\",\"publisher\":{\"@id\":\"https:\\\/\\\/www.webdo.tn\\\/fr\\\/#organization\"},\"potentialAction\":[{\"@type\":\"SearchAction\",\"target\":{\"@type\":\"EntryPoint\",\"urlTemplate\":\"https:\\\/\\\/www.webdo.tn\\\/fr\\\/?s={search_term_string}\"},\"query-input\":{\"@type\":\"PropertyValueSpecification\",\"valueRequired\":true,\"valueName\":\"search_term_string\"}}],\"inLanguage\":\"fr-FR\"},{\"@type\":\"Organization\",\"@id\":\"https:\\\/\\\/www.webdo.tn\\\/fr\\\/#organization\",\"name\":\"Webdo\",\"alternateName\":\"Webdo.tn\",\"url\":\"https:\\\/\\\/www.webdo.tn\\\/fr\\\/\",\"logo\":{\"@type\":\"ImageObject\",\"inLanguage\":\"fr-FR\",\"@id\":\"https:\\\/\\\/www.webdo.tn\\\/fr\\\/#\\\/schema\\\/logo\\\/image\\\/\",\"url\":\"https:\\\/\\\/www.webdo.tn\\\/fr\\\/wp-content\\\/uploads\\\/2025\\\/06\\\/Webdo-Tunisie_168377.jpg\",\"contentUrl\":\"https:\\\/\\\/www.webdo.tn\\\/fr\\\/wp-content\\\/uploads\\\/2025\\\/06\\\/Webdo-Tunisie_168377.jpg\",\"width\":301,\"height\":301,\"caption\":\"Webdo\"},\"image\":{\"@id\":\"https:\\\/\\\/www.webdo.tn\\\/fr\\\/#\\\/schema\\\/logo\\\/image\\\/\"},\"sameAs\":[\"https:\\\/\\\/www.facebook.com\\\/webdotn\",\"https:\\\/\\\/x.com\\\/webdo_tn\"],\"description\":\"Webdo est un m\u00e9dia num\u00e9rique tunisien fond\u00e9 en 2010, sp\u00e9cialis\u00e9 dans l\u2019actualit\u00e9 nationale et internationale, l\u2019\u00e9conomie, la soci\u00e9t\u00e9 et les analyses politiques. Le site s\u2019adresse \u00e0 un large public francophone et couvre l\u2019information tunisienne en temps r\u00e9el.\",\"email\":\"redac@webdo.tn\",\"legalName\":\"YNJ SARL\",\"foundingDate\":\"2010-09-06\",\"numberOfEmployees\":{\"@type\":\"QuantitativeValue\",\"minValue\":\"11\",\"maxValue\":\"50\"}},{\"@type\":\"Person\",\"@id\":\"https:\\\/\\\/www.webdo.tn\\\/fr\\\/#\\\/schema\\\/person\\\/646f7c4406ab78299805d9d39b2636d8\",\"name\":\"NJ\",\"image\":{\"@type\":\"ImageObject\",\"inLanguage\":\"fr-FR\",\"@id\":\"https:\\\/\\\/secure.gravatar.com\\\/avatar\\\/57ee8a7cee8271948beede1dd4413f641d3b749a42dfabf45a3352af812389e1?s=96&d=mm&r=g\",\"url\":\"https:\\\/\\\/secure.gravatar.com\\\/avatar\\\/57ee8a7cee8271948beede1dd4413f641d3b749a42dfabf45a3352af812389e1?s=96&d=mm&r=g\",\"contentUrl\":\"https:\\\/\\\/secure.gravatar.com\\\/avatar\\\/57ee8a7cee8271948beede1dd4413f641d3b749a42dfabf45a3352af812389e1?s=96&d=mm&r=g\",\"caption\":\"NJ\"},\"url\":\"https:\\\/\\\/www.webdo.tn\\\/fr\\\/actualite\\\/author\\\/nj\\\/\"}]}<\/script>\n<!-- \/ Yoast SEO Premium plugin. -->","yoast_head_json":{"title":"La Turquie de nouveau touch\u00e9e par un terrible s\u00e9isme","description":"Un nouveau s\u00e9isme de 6,4 sur l\u2019\u00e9chelle de Richter a touch\u00e9 la Turquie, ce lundi 20 f\u00e9vrier 2023. Une nouvelle activit\u00e9 sismique seize jours apr\u00e8s le\u00a0s\u00e9isme d\u2019un...","canonical":"https:\/\/www.webdo.tn\/fr\/actualite\/international\/la-turquie-touchee-par-un-nouveau-terrible-seisme\/203151\/","og_locale":"fr_FR","og_type":"article","og_title":"La Turquie de nouveau touch\u00e9e par un terrible s\u00e9isme","og_description":"Un nouveau s\u00e9isme de 6,4 sur l\u2019\u00e9chelle de Richter a touch\u00e9 la Turquie, ce lundi 20 f\u00e9vrier 2023. Une nouvelle activit\u00e9 sismique seize jours apr\u00e8s le\u00a0s\u00e9isme d\u2019un...","og_url":"https:\/\/www.webdo.tn\/fr\/actualite\/international\/la-turquie-touchee-par-un-nouveau-terrible-seisme\/203151\/","og_site_name":"webdo","article_publisher":"https:\/\/www.facebook.com\/webdotn","article_published_time":"2023-02-20T19:30:00+00:00","article_modified_time":"2025-05-20T22:59:59+00:00","og_image":[{"width":750,"height":400,"url":"https:\/\/www.webdo.tn\/fr\/wp-content\/uploads\/2023\/02\/e9a46a100f42138a1e53f678fec8eab1.jpg","type":"image\/jpeg"}],"author":"NJ","twitter_card":"summary_large_image","twitter_creator":"@webdo_tn","twitter_site":"@webdo_tn","twitter_misc":{"\u00c9crit par":"NJ","Dur\u00e9e de lecture estim\u00e9e":"1 minute"},"schema":{"@context":"https:\/\/schema.org","@graph":[{"@type":"NewsArticle","@id":"https:\/\/www.webdo.tn\/fr\/actualite\/international\/la-turquie-touchee-par-un-nouveau-terrible-seisme\/203151\/#article","isPartOf":{"@id":"https:\/\/www.webdo.tn\/fr\/actualite\/international\/la-turquie-touchee-par-un-nouveau-terrible-seisme\/203151\/"},"author":{"name":"NJ","@id":"https:\/\/www.webdo.tn\/fr\/#\/schema\/person\/646f7c4406ab78299805d9d39b2636d8"},"headline":"La Turquie de nouveau touch\u00e9e par un terrible s\u00e9isme","datePublished":"2023-02-20T19:30:00+00:00","dateModified":"2025-05-20T22:59:59+00:00","mainEntityOfPage":{"@id":"https:\/\/www.webdo.tn\/fr\/actualite\/international\/la-turquie-touchee-par-un-nouveau-terrible-seisme\/203151\/"},"wordCount":146,"commentCount":0,"publisher":{"@id":"https:\/\/www.webdo.tn\/fr\/#organization"},"image":{"@id":"https:\/\/www.webdo.tn\/fr\/actualite\/international\/la-turquie-touchee-par-un-nouveau-terrible-seisme\/203151\/#primaryimage"},"thumbnailUrl":"https:\/\/www.webdo.tn\/fr\/wp-content\/uploads\/2023\/02\/e9a46a100f42138a1e53f678fec8eab1.jpg","keywords":["s\u00e9isme","syrie","Turquie"],"articleSection":["International"],"inLanguage":"fr-FR"},{"@type":"WebPage","@id":"https:\/\/www.webdo.tn\/fr\/actualite\/international\/la-turquie-touchee-par-un-nouveau-terrible-seisme\/203151\/","url":"https:\/\/www.webdo.tn\/fr\/actualite\/international\/la-turquie-touchee-par-un-nouveau-terrible-seisme\/203151\/","name":"La Turquie de nouveau touch\u00e9e par un terrible s\u00e9isme","isPartOf":{"@id":"https:\/\/www.webdo.tn\/fr\/#website"},"primaryImageOfPage":{"@id":"https:\/\/www.webdo.tn\/fr\/actualite\/international\/la-turquie-touchee-par-un-nouveau-terrible-seisme\/203151\/#primaryimage"},"image":{"@id":"https:\/\/www.webdo.tn\/fr\/actualite\/international\/la-turquie-touchee-par-un-nouveau-terrible-seisme\/203151\/#primaryimage"},"thumbnailUrl":"https:\/\/www.webdo.tn\/fr\/wp-content\/uploads\/2023\/02\/e9a46a100f42138a1e53f678fec8eab1.jpg","datePublished":"2023-02-20T19:30:00+00:00","dateModified":"2025-05-20T22:59:59+00:00","description":"Un nouveau s\u00e9isme de 6,4 sur l\u2019\u00e9chelle de Richter a touch\u00e9 la Turquie, ce lundi 20 f\u00e9vrier 2023. Une nouvelle activit\u00e9 sismique seize jours apr\u00e8s le\u00a0s\u00e9isme d\u2019un...","breadcrumb":{"@id":"https:\/\/www.webdo.tn\/fr\/actualite\/international\/la-turquie-touchee-par-un-nouveau-terrible-seisme\/203151\/#breadcrumb"},"inLanguage":"fr-FR","potentialAction":[{"@type":"ReadAction","target":["https:\/\/www.webdo.tn\/fr\/actualite\/international\/la-turquie-touchee-par-un-nouveau-terrible-seisme\/203151\/"]}]},{"@type":"ImageObject","inLanguage":"fr-FR","@id":"https:\/\/www.webdo.tn\/fr\/actualite\/international\/la-turquie-touchee-par-un-nouveau-terrible-seisme\/203151\/#primaryimage","url":"https:\/\/www.webdo.tn\/fr\/wp-content\/uploads\/2023\/02\/e9a46a100f42138a1e53f678fec8eab1.jpg","contentUrl":"https:\/\/www.webdo.tn\/fr\/wp-content\/uploads\/2023\/02\/e9a46a100f42138a1e53f678fec8eab1.jpg","width":750,"height":400,"caption":"La Turquie de nouveau touch\u00e9e par un terrible s\u00e9isme"},{"@type":"BreadcrumbList","@id":"https:\/\/www.webdo.tn\/fr\/actualite\/international\/la-turquie-touchee-par-un-nouveau-terrible-seisme\/203151\/#breadcrumb","itemListElement":[{"@type":"ListItem","position":1,"name":"Accueil","item":"https:\/\/www.webdo.tn\/fr\/"},{"@type":"ListItem","position":2,"name":"La Turquie de nouveau touch\u00e9e par un terrible s\u00e9isme"}]},{"@type":"WebSite","@id":"https:\/\/www.webdo.tn\/fr\/#website","url":"https:\/\/www.webdo.tn\/fr\/","name":"webdo","description":"Tunisie - News en Tunisie et \u00e0 l&#039;international sur Webdo.tn","publisher":{"@id":"https:\/\/www.webdo.tn\/fr\/#organization"},"potentialAction":[{"@type":"SearchAction","target":{"@type":"EntryPoint","urlTemplate":"https:\/\/www.webdo.tn\/fr\/?s={search_term_string}"},"query-input":{"@type":"PropertyValueSpecification","valueRequired":true,"valueName":"search_term_string"}}],"inLanguage":"fr-FR"},{"@type":"Organization","@id":"https:\/\/www.webdo.tn\/fr\/#organization","name":"Webdo","alternateName":"Webdo.tn","url":"https:\/\/www.webdo.tn\/fr\/","logo":{"@type":"ImageObject","inLanguage":"fr-FR","@id":"https:\/\/www.webdo.tn\/fr\/#\/schema\/logo\/image\/","url":"https:\/\/www.webdo.tn\/fr\/wp-content\/uploads\/2025\/06\/Webdo-Tunisie_168377.jpg","contentUrl":"https:\/\/www.webdo.tn\/fr\/wp-content\/uploads\/2025\/06\/Webdo-Tunisie_168377.jpg","width":301,"height":301,"caption":"Webdo"},"image":{"@id":"https:\/\/www.webdo.tn\/fr\/#\/schema\/logo\/image\/"},"sameAs":["https:\/\/www.facebook.com\/webdotn","https:\/\/x.com\/webdo_tn"],"description":"Webdo est un m\u00e9dia num\u00e9rique tunisien fond\u00e9 en 2010, sp\u00e9cialis\u00e9 dans l\u2019actualit\u00e9 nationale et internationale, l\u2019\u00e9conomie, la soci\u00e9t\u00e9 et les analyses politiques. Le site s\u2019adresse \u00e0 un large public francophone et couvre l\u2019information tunisienne en temps r\u00e9el.","email":"redac@webdo.tn","legalName":"YNJ SARL","foundingDate":"2010-09-06","numberOfEmployees":{"@type":"QuantitativeValue","minValue":"11","maxValue":"50"}},{"@type":"Person","@id":"https:\/\/www.webdo.tn\/fr\/#\/schema\/person\/646f7c4406ab78299805d9d39b2636d8","name":"NJ","image":{"@type":"ImageObject","inLanguage":"fr-FR","@id":"https:\/\/secure.gravatar.com\/avatar\/57ee8a7cee8271948beede1dd4413f641d3b749a42dfabf45a3352af812389e1?s=96&d=mm&r=g","url":"https:\/\/secure.gravatar.com\/avatar\/57ee8a7cee8271948beede1dd4413f641d3b749a42dfabf45a3352af812389e1?s=96&d=mm&r=g","contentUrl":"https:\/\/secure.gravatar.com\/avatar\/57ee8a7cee8271948beede1dd4413f641d3b749a42dfabf45a3352af812389e1?s=96&d=mm&r=g","caption":"NJ"},"url":"https:\/\/www.webdo.tn\/fr\/actualite\/author\/nj\/"}]}},"_links":{"self":[{"href":"https:\/\/www.webdo.tn\/fr\/wp-json\/wp\/v2\/posts\/203151","targetHints":{"allow":["GET"]}}],"collection":[{"href":"https:\/\/www.webdo.tn\/fr\/wp-json\/wp\/v2\/posts"}],"about":[{"href":"https:\/\/www.webdo.tn\/fr\/wp-json\/wp\/v2\/types\/post"}],"author":[{"embeddable":true,"href":"https:\/\/www.webdo.tn\/fr\/wp-json\/wp\/v2\/users\/3195"}],"replies":[{"embeddable":true,"href":"https:\/\/www.webdo.tn\/fr\/wp-json\/wp\/v2\/comments?post=203151"}],"version-history":[{"count":0,"href":"https:\/\/www.webdo.tn\/fr\/wp-json\/wp\/v2\/posts\/203151\/revisions"}],"wp:featuredmedia":[{"embeddable":true,"href":"https:\/\/www.webdo.tn\/fr\/wp-json\/wp\/v2\/media\/251939"}],"wp:attachment":[{"href":"https:\/\/www.webdo.tn\/fr\/wp-json\/wp\/v2\/media?parent=203151"}],"wp:term":[{"taxonomy":"category","embeddable":true,"href":"https:\/\/www.webdo.tn\/fr\/wp-json\/wp\/v2\/categories?post=203151"},{"taxonomy":"post_tag","embeddable":true,"href":"https:\/\/www.webdo.tn\/fr\/wp-json\/wp\/v2\/tags?post=203151"}],"curies":[{"name":"wp","href":"https:\/\/api.w.org\/{rel}","templated":true}]}}